{"id":856,"date":"2020-05-20T10:47:04","date_gmt":"2020-05-20T08:47:04","guid":{"rendered":"https:\/\/www.la-maison-naturelle.com\/blog\/?p=856"},"modified":"2023-08-03T20:45:51","modified_gmt":"2023-08-03T18:45:51","slug":"mie-ecorce-steicokeim","status":"publish","type":"post","link":"https:\/\/www.la-maison-naturelle.com\/blog\/mie-ecorce-steicokeim\/","title":{"rendered":"Ecorce : Steico+Keim"},"content":{"rendered":"<h2>ECORCE : STEICO + KEIM<\/h2>\n<h3><em>Pour isoler prot\u00e9ger d\u00e9corer<\/em><\/h3>\n<p>Comment faire coexister le bois et le min\u00e9ral pour une Isolation Thermique fiable et garantie en d\u00e9cennale. Allier le bois et le min\u00e9ral un d\u00e9fit que vient de relever avec succ\u00e8s la firme <a href=\"https:\/\/www.la-maison-naturelle.com\/brand\/1-steico\" data-internallinksmanager029f6b8e52c=\"71\" title=\"STEICO\">Steico<\/a> en collaboration avec les enduits ext\u00e9rieurs Keim pour cr\u00e9er le syst\u00e8me ECORCE.<\/p>\n<h3>ECORCE STEICO-KEIM-FIBRE DE BOIS ISOLANTE-RIGIDE<\/h3>\n<p>ECORCE est un proc\u00e9d\u00e9 d\u2019isolation thermique par l&rsquo;ext\u00e9rieur exclusif constitu\u00e9 des panneaux en fibre de bois STEICO lnt\u00e9gral, STEICO Protect H et STEICO Protect L Dry et d&rsquo;enduits de tr\u00e8s haute qualit\u00e9 appliqu\u00e9s\u00a0: KEIM Mortier-colle 90, KEIM Enduit R2 ou F et des peintures KEIM Soldalit en tant que parements ext\u00e9rieurs pour r\u00e9pondre id\u00e9alement aux 3 crit\u00e8res de l&rsquo;ITE : isoler &#8211; prot\u00e9ger \u2013 d\u00e9corer et proposer une isolation thermique naturelle, durable et qualitative. (Les couleurs des peintures Keim sont garanties 20 ans par le fabricant).<\/p>\n<h3>Le syst\u00e8me \u00c9corce est perspirant.<\/h3>\n<p>Les panneaux en fibre de bois STEICO sont ouverts \u00e0 la diffusion de vapeur d\u2019eau et les enduits KEIM disposent d\u2019excellents coefficients de diffusion de vapeur d&rsquo;eau&#8230; Le Syst\u00e8me \u00c9corce Steico-Keim garantit ainsi une atmosph\u00e8re plus saine de l&rsquo;habitation. Le Syst\u00e8me \u00c9corce-Steico+Keim respecte les biomat\u00e9riaux d&rsquo;origine en cas de r\u00e9novation. Le Syst\u00e8me \u00c9corce Steico-Keim assure la ma\u00eetrise des mat\u00e9riaux naturels . Il est en phase avec les exigences de la r\u00e9glementation thermique et la construction durable pour une r\u00e9novation \u00e9nerg\u00e9tique \u00e9conomique.<\/p>\n<p>&nbsp;<\/p>\n<h2>ECORCE STEICO\/KEIM POUR L&rsquo; ISOLATION DE FACADES<\/h2>\n<ul>\n<li>\n<h3>ECORCE STEICO-KEIM-LAINE DE BOIS RESPECTE L&rsquo;ENVIRONNEMENT<\/h3>\n<\/li>\n<\/ul>\n<p>Les panneaux STEICO lnt\u00e9gral, STEICO Protect H et STEICO Protect L Dry sont compos\u00e9s de bois de r\u00e9sineux\u00a0certifi\u00e9s,\u00a0\u00a0issus de for\u00eats g\u00e9r\u00e9es durablement. Les enduits KEIM sont non polluants.<\/p>\n<ul>\n<li>\n<h3>ECORCE STEICO\/KEIM ASSURE UNE EXCELLENTE ISOLATION THERMIQUE PAR L&rsquo;EXTERIEUR DES FACADES.<\/h3>\n<\/li>\n<\/ul>\n<p>STEICO lnt\u00e9gral, STEICO Protect H et STEICO Protect L Dry disposent d&rsquo;une faible conductivit\u00e9 thermique et une capacit\u00e9 thermique massique \u00e9lev\u00e9e : ils prot\u00e8gent l&rsquo;habitation efficacement tant du froid que de la chaleur.<\/p>\n<ul>\n<li>\n<h3>ECORCE STEICO\/KEIM PROTEGE DE L&rsquo;HUMIDITE EXTERIEURE<\/h3>\n<\/li>\n<\/ul>\n<p>STEICO lnt\u00e9gral, STEICO Protect H et STEICO Protect L Dry et les enduits KEIM prot\u00e8gent les fa\u00e7ades ext\u00e9rieures contre les moisissures. La chaleur conserv\u00e9e dans les panneaux isolants en fibre de bois STEICO permet aux fa\u00e7ades de se refroidir moins vite et l&rsquo;humidit\u00e9 de l&rsquo;air n&rsquo;engendre pas de points de ros\u00e9e dans la structure. Les mortiers, enduits et peintures KEIM prot\u00e8gent la fa\u00e7ade et emp\u00eachent les moisissures.<\/p>\n<ul>\n<li>\n<h3>ECORCE STEICO\/KEIM ASSURE UN CONFORT THERMIQUE INTERIEUR EXCEPTIONNEL<\/h3>\n<\/li>\n<\/ul>\n<p>Les panneaux STEICO lnt\u00e9gral, STEICO Protect H et STEICO Protect L Dry peuvent absorber une grande quantit\u00e9 de chaleur au cours de la journ\u00e9e et la restitue la nuit quand la temp\u00e9rature ext\u00e9rieure baisse. L&rsquo;amplitude thermique est r\u00e9duite au maximum.<\/p>\n<ul>\n<li>\n<h3>ECORCE STEICO\/KEIM \u00c9CONOMISE L&rsquo;\u00c9NERGIE<\/h3>\n<\/li>\n<\/ul>\n<p>Le syst\u00e8me ECORCE permet de maintenir int\u00e9gralement la surface initiale des pi\u00e8ces \u00e0 vivre, sans d\u00e9ranger les habitants pendant les travaux et les performances thermiques des panneaux en fibre de bois STEICO lnt\u00e9gral, STEICO Protect H et STEICO Protect L Dry diminuent consid\u00e9rablement la facture de chauffage. La grande r\u00e9sistance des enduits KEIM garantit la stabilit\u00e9 des couleurs pendant de longues ann\u00e9es.<\/p>\n","protected":false},"excerpt":{"rendered":"<p>ECORCE : STEICO + KEIM Pour isoler prot\u00e9ger d\u00e9corer Comment faire coexister le bois et le min\u00e9ral pour une Isolation Thermique fiable et garantie en d\u00e9cennale. Allier le bois et le min\u00e9ral un d\u00e9fit que vient de relever avec succ\u00e8s la firme Steico en collaboration avec les enduits ext\u00e9rieurs Keim pour cr\u00e9er le syst\u00e8me ECORCE. [&hellip;]<\/p>\n","protected":false},"author":5,"featured_media":0,"comment_status":"open","ping_status":"open","sticky":false,"template":"","format":"standard","meta":{"footnotes":""},"categories":[1],"tags":[],"class_list":["post-856","post","type-post","status-publish","format-standard","hentry","category-interieur-decoration"],"_wp_attached_file":null,"_wp_attachment_metadata":null,"_wp_attachment_context":null,"_wp_attachment_image_alt":null,"_hf_settings":null,"hf_message_success":null,"hf_message_invalid_email":null,"hf_message_required_field_missing":null,"hf_message_error":null,"_menu_item_type":null,"_menu_item_menu_item_parent":null,"_menu_item_object_id":null,"_menu_item_object":null,"_menu_item_target":null,"_menu_item_classes":null,"_menu_item_xfn":null,"_menu_item_url":null,"_yoast_wpseo_primary_category":null,"_thumbnail_id":null,"_oembed_26d84b2c06432105b0a19987ae029a71":null,"_oembed_43e9e2dfde1b9b4ed91c9711026b7ef9":null,"_oembed_1fe1564764edbddc3b61e81acf52be88":null,"_oembed_df60f474cd845141e7ce6596d101e4a0":null,"_oembed_825e674795e2435c0bc66eb08e5d2c8b":null,"_oembed_time_825e674795e2435c0bc66eb08e5d2c8b":null,"_oembed_e917352ff4cc21ea91383201eeaa08cf":null,"_oembed_2363c16c972791c33e283320dc564fce":null,"_oembed_cc9ad5b5073a84776f6a62e33e6c7498":null,"_oembed_time_cc9ad5b5073a84776f6a62e33e6c7498":null,"_oembed_305147fcf4b856de518466e695c209cd":null,"_oembed_8517a877084ae01a5296813ee1d16a2b":null,"_oembed_2741f1556b243e68379198f98ba7f864":null,"_oembed_c3ffa24981451396c950ece2129da0f6":null,"_oembed_6f9091ebe2f3f5fcb5698ba6f4b41477":null,"_wp_old_slug":null,"_oembed_e4fb0f68ba12b85e9e231afe151ba12a":null,"_oembed_3c60e98bd703e617e67f5bbb3b97424d":null,"_oembed_bb060374498dcf40cb6068efe4be87e1":null,"_oembed_d0403e1e71c3a29020bd546b159480f1":null,"_oembed_b030ff17fbbbf8661c59c2ab8ff289eb":null,"_oembed_5cec699ba0631c6c0e4ba4f6af5f228e":null,"_oembed_b06a67f278b90cf4e8dd17cb12fe67b0":null,"_oembed_8e190e4fea2256f17420434651556236":null,"_oembed_b5ded119f1337916a0fc64d2ad85c95f":null,"_oembed_d9364a7a81be31c01415da2c50a48932":null,"_oembed_738cafa36d51a58e5ae3e458aa8f7584":null,"_oembed_ebcab5184b6b321b28efbcbec079859b":null,"_oembed_3dd9e35c2b7b268070e74da5b89cf937":null,"_oembed_e14b167b493e311a1c4e2aab38a463e8":null,"_oembed_dc8f7d108b38f3f0c2e0785b8bc46cae":null,"_oembed_55cf1c5142884afed312c2666bf27520":null,"_oembed_2292333bf03a956b4b61afafeff6bca0":null,"_oembed_82a986a6b900856fec23169de03a0038":null,"_oembed_4048ded025352b83569104210074165a":null,"_oembed_033b42b1af757abc39e4487233cee7f5":null,"_oembed_aec1d50f2b159366be8e37e94b201be1":null,"_oembed_0adc8480b2fcadf9a1733f572ce3d3f8":null,"_yoast_wpseo_title":null,"_yoast_wpseo_focuskw":null,"_yoast_wpseo_linkdex":null,"_yoast_wpseo_metadesc":null,"_yoast_wpseo_wordproof_timestamp":null,"_tpl_archive_meta_key":null,"_form":null,"_mail":null,"_mail_2":null,"_messages":null,"_additional_settings":null,"_locale":null,"_wp_old_date":null,"_edit_last":"5","_wpb_vc_js_status":"false","_yoast_wpseo_estimated-reading-time-minutes":"3","_edit_lock":"1691088352:5","_yoast_wpseo_content_score":"30","yoast_head":"<!-- This site is optimized with the Yoast SEO plugin v24.3 - https:\/\/yoast.com\/wordpress\/plugins\/seo\/ -->\n<title>Ecorce : Steico+Keim - La Maison naturelle | Blog<\/title>\n<meta name=\"robots\" content=\"index, follow, max-snippet:-1, max-image-preview:large, max-video-preview:-1\" \/>\n<link rel=\"canonical\" href=\"https:\/\/www.la-maison-naturelle.com\/blog\/mie-ecorce-steicokeim\/\" \/>\n<meta property=\"og:locale\" content=\"fr_FR\" \/>\n<meta property=\"og:type\" content=\"article\" \/>\n<meta property=\"og:title\" content=\"Ecorce : Steico+Keim - La Maison naturelle | Blog\" \/>\n<meta property=\"og:description\" content=\"ECORCE : STEICO + KEIM Pour isoler prot\u00e9ger d\u00e9corer Comment faire coexister le bois et le min\u00e9ral pour une Isolation Thermique fiable et garantie en d\u00e9cennale. Allier le bois et le min\u00e9ral un d\u00e9fit que vient de relever avec succ\u00e8s la firme Steico en collaboration avec les enduits ext\u00e9rieurs Keim pour cr\u00e9er le syst\u00e8me ECORCE. [&hellip;]\" \/>\n<meta property=\"og:url\" content=\"https:\/\/www.la-maison-naturelle.com\/blog\/mie-ecorce-steicokeim\/\" \/>\n<meta property=\"og:site_name\" content=\"La Maison naturelle | Blog\" \/>\n<meta property=\"article:published_time\" content=\"2020-05-20T08:47:04+00:00\" \/>\n<meta property=\"article:modified_time\" content=\"2023-08-03T18:45:51+00:00\" \/>\n<meta name=\"author\" content=\"Eloise\" \/>\n<meta name=\"twitter:card\" content=\"summary_large_image\" \/>\n<meta name=\"twitter:label1\" content=\"\u00c9crit par\" \/>\n\t<meta name=\"twitter:data1\" content=\"Eloise\" \/>\n\t<meta name=\"twitter:label2\" content=\"Dur\u00e9e de lecture estim\u00e9e\" \/>\n\t<meta name=\"twitter:data2\" content=\"3 minutes\" \/>\n<script type=\"application\/ld+json\" class=\"yoast-schema-graph\">{\"@context\":\"https:\/\/schema.org\",\"@graph\":[{\"@type\":\"Article\",\"@id\":\"https:\/\/www.la-maison-naturelle.com\/blog\/mie-ecorce-steicokeim\/#article\",\"isPartOf\":{\"@id\":\"https:\/\/www.la-maison-naturelle.com\/blog\/mie-ecorce-steicokeim\/\"},\"author\":{\"name\":\"Eloise\",\"@id\":\"https:\/\/www.la-maison-naturelle.com\/blog\/#\/schema\/person\/cad2a9ed80410189f0688441d546d43f\"},\"headline\":\"Ecorce : Steico+Keim\",\"datePublished\":\"2020-05-20T08:47:04+00:00\",\"dateModified\":\"2023-08-03T18:45:51+00:00\",\"mainEntityOfPage\":{\"@id\":\"https:\/\/www.la-maison-naturelle.com\/blog\/mie-ecorce-steicokeim\/\"},\"wordCount\":575,\"commentCount\":0,\"publisher\":{\"@id\":\"https:\/\/www.la-maison-naturelle.com\/blog\/#organization\"},\"articleSection\":[\"Int\u00e9rieur &amp; d\u00e9coration\"],\"inLanguage\":\"fr-FR\",\"potentialAction\":[{\"@type\":\"CommentAction\",\"name\":\"Comment\",\"target\":[\"https:\/\/www.la-maison-naturelle.com\/blog\/mie-ecorce-steicokeim\/#respond\"]}]},{\"@type\":\"WebPage\",\"@id\":\"https:\/\/www.la-maison-naturelle.com\/blog\/mie-ecorce-steicokeim\/\",\"url\":\"https:\/\/www.la-maison-naturelle.com\/blog\/mie-ecorce-steicokeim\/\",\"name\":\"Ecorce : Steico+Keim - La Maison naturelle | Blog\",\"isPartOf\":{\"@id\":\"https:\/\/www.la-maison-naturelle.com\/blog\/#website\"},\"datePublished\":\"2020-05-20T08:47:04+00:00\",\"dateModified\":\"2023-08-03T18:45:51+00:00\",\"breadcrumb\":{\"@id\":\"https:\/\/www.la-maison-naturelle.com\/blog\/mie-ecorce-steicokeim\/#breadcrumb\"},\"inLanguage\":\"fr-FR\",\"potentialAction\":[{\"@type\":\"ReadAction\",\"target\":[\"https:\/\/www.la-maison-naturelle.com\/blog\/mie-ecorce-steicokeim\/\"]}]},{\"@type\":\"BreadcrumbList\",\"@id\":\"https:\/\/www.la-maison-naturelle.com\/blog\/mie-ecorce-steicokeim\/#breadcrumb\",\"itemListElement\":[{\"@type\":\"ListItem\",\"position\":1,\"name\":\"Accueil\",\"item\":\"https:\/\/www.la-maison-naturelle.com\/blog\/\"},{\"@type\":\"ListItem\",\"position\":2,\"name\":\"Ecorce : Steico+Keim\"}]},{\"@type\":\"WebSite\",\"@id\":\"https:\/\/www.la-maison-naturelle.com\/blog\/#website\",\"url\":\"https:\/\/www.la-maison-naturelle.com\/blog\/\",\"name\":\"La Maison naturelle | Blog\",\"description\":\"Blog de la Maison naturelle\",\"publisher\":{\"@id\":\"https:\/\/www.la-maison-naturelle.com\/blog\/#organization\"},\"potentialAction\":[{\"@type\":\"SearchAction\",\"target\":{\"@type\":\"EntryPoint\",\"urlTemplate\":\"https:\/\/www.la-maison-naturelle.com\/blog\/?s={search_term_string}\"},\"query-input\":{\"@type\":\"PropertyValueSpecification\",\"valueRequired\":true,\"valueName\":\"search_term_string\"}}],\"inLanguage\":\"fr-FR\"},{\"@type\":\"Organization\",\"@id\":\"https:\/\/www.la-maison-naturelle.com\/blog\/#organization\",\"name\":\"La Maison naturelle | Blog\",\"url\":\"https:\/\/www.la-maison-naturelle.com\/blog\/\",\"logo\":{\"@type\":\"ImageObject\",\"inLanguage\":\"fr-FR\",\"@id\":\"https:\/\/www.la-maison-naturelle.com\/blog\/#\/schema\/logo\/image\/\",\"url\":\"https:\/\/www.la-maison-naturelle.com\/blog\/wp-content\/uploads\/2021\/07\/maison-naturelle-logo.svg\",\"contentUrl\":\"https:\/\/www.la-maison-naturelle.com\/blog\/wp-content\/uploads\/2021\/07\/maison-naturelle-logo.svg\",\"width\":156,\"height\":64,\"caption\":\"La Maison naturelle | Blog\"},\"image\":{\"@id\":\"https:\/\/www.la-maison-naturelle.com\/blog\/#\/schema\/logo\/image\/\"}},{\"@type\":\"Person\",\"@id\":\"https:\/\/www.la-maison-naturelle.com\/blog\/#\/schema\/person\/cad2a9ed80410189f0688441d546d43f\",\"name\":\"Eloise\",\"image\":{\"@type\":\"ImageObject\",\"inLanguage\":\"fr-FR\",\"@id\":\"https:\/\/www.la-maison-naturelle.com\/blog\/#\/schema\/person\/image\/\",\"url\":\"https:\/\/secure.gravatar.com\/avatar\/344186806f5e8613d4a2109f3b0228a847a7c0858a8023778c44bdcfc1111df9?s=96&d=mm&r=g\",\"contentUrl\":\"https:\/\/secure.gravatar.com\/avatar\/344186806f5e8613d4a2109f3b0228a847a7c0858a8023778c44bdcfc1111df9?s=96&d=mm&r=g\",\"caption\":\"Eloise\"},\"sameAs\":[\"https:\/\/www.la-maison-naturelle.com\/\"],\"url\":\"https:\/\/www.la-maison-naturelle.com\/blog\/author\/idries\/\"}]}<\/script>\n<!-- \/ Yoast SEO plugin. -->","yoast_head_json":{"title":"Ecorce : Steico+Keim - La Maison naturelle | Blog","robots":{"index":"index","follow":"follow","max-snippet":"max-snippet:-1","max-image-preview":"max-image-preview:large","max-video-preview":"max-video-preview:-1"},"canonical":"https:\/\/www.la-maison-naturelle.com\/blog\/mie-ecorce-steicokeim\/","og_locale":"fr_FR","og_type":"article","og_title":"Ecorce : Steico+Keim - La Maison naturelle | Blog","og_description":"ECORCE : STEICO + KEIM Pour isoler prot\u00e9ger d\u00e9corer Comment faire coexister le bois et le min\u00e9ral pour une Isolation Thermique fiable et garantie en d\u00e9cennale. Allier le bois et le min\u00e9ral un d\u00e9fit que vient de relever avec succ\u00e8s la firme Steico en collaboration avec les enduits ext\u00e9rieurs Keim pour cr\u00e9er le syst\u00e8me ECORCE. [&hellip;]","og_url":"https:\/\/www.la-maison-naturelle.com\/blog\/mie-ecorce-steicokeim\/","og_site_name":"La Maison naturelle | Blog","article_published_time":"2020-05-20T08:47:04+00:00","article_modified_time":"2023-08-03T18:45:51+00:00","author":"Eloise","twitter_card":"summary_large_image","twitter_misc":{"\u00c9crit par":"Eloise","Dur\u00e9e de lecture estim\u00e9e":"3 minutes"},"schema":{"@context":"https:\/\/schema.org","@graph":[{"@type":"Article","@id":"https:\/\/www.la-maison-naturelle.com\/blog\/mie-ecorce-steicokeim\/#article","isPartOf":{"@id":"https:\/\/www.la-maison-naturelle.com\/blog\/mie-ecorce-steicokeim\/"},"author":{"name":"Eloise","@id":"https:\/\/www.la-maison-naturelle.com\/blog\/#\/schema\/person\/cad2a9ed80410189f0688441d546d43f"},"headline":"Ecorce : Steico+Keim","datePublished":"2020-05-20T08:47:04+00:00","dateModified":"2023-08-03T18:45:51+00:00","mainEntityOfPage":{"@id":"https:\/\/www.la-maison-naturelle.com\/blog\/mie-ecorce-steicokeim\/"},"wordCount":575,"commentCount":0,"publisher":{"@id":"https:\/\/www.la-maison-naturelle.com\/blog\/#organization"},"articleSection":["Int\u00e9rieur &amp; d\u00e9coration"],"inLanguage":"fr-FR","potentialAction":[{"@type":"CommentAction","name":"Comment","target":["https:\/\/www.la-maison-naturelle.com\/blog\/mie-ecorce-steicokeim\/#respond"]}]},{"@type":"WebPage","@id":"https:\/\/www.la-maison-naturelle.com\/blog\/mie-ecorce-steicokeim\/","url":"https:\/\/www.la-maison-naturelle.com\/blog\/mie-ecorce-steicokeim\/","name":"Ecorce : Steico+Keim - La Maison naturelle | Blog","isPartOf":{"@id":"https:\/\/www.la-maison-naturelle.com\/blog\/#website"},"datePublished":"2020-05-20T08:47:04+00:00","dateModified":"2023-08-03T18:45:51+00:00","breadcrumb":{"@id":"https:\/\/www.la-maison-naturelle.com\/blog\/mie-ecorce-steicokeim\/#breadcrumb"},"inLanguage":"fr-FR","potentialAction":[{"@type":"ReadAction","target":["https:\/\/www.la-maison-naturelle.com\/blog\/mie-ecorce-steicokeim\/"]}]},{"@type":"BreadcrumbList","@id":"https:\/\/www.la-maison-naturelle.com\/blog\/mie-ecorce-steicokeim\/#breadcrumb","itemListElement":[{"@type":"ListItem","position":1,"name":"Accueil","item":"https:\/\/www.la-maison-naturelle.com\/blog\/"},{"@type":"ListItem","position":2,"name":"Ecorce : Steico+Keim"}]},{"@type":"WebSite","@id":"https:\/\/www.la-maison-naturelle.com\/blog\/#website","url":"https:\/\/www.la-maison-naturelle.com\/blog\/","name":"La Maison naturelle | Blog","description":"Blog de la Maison naturelle","publisher":{"@id":"https:\/\/www.la-maison-naturelle.com\/blog\/#organization"},"potentialAction":[{"@type":"SearchAction","target":{"@type":"EntryPoint","urlTemplate":"https:\/\/www.la-maison-naturelle.com\/blog\/?s={search_term_string}"},"query-input":{"@type":"PropertyValueSpecification","valueRequired":true,"valueName":"search_term_string"}}],"inLanguage":"fr-FR"},{"@type":"Organization","@id":"https:\/\/www.la-maison-naturelle.com\/blog\/#organization","name":"La Maison naturelle | Blog","url":"https:\/\/www.la-maison-naturelle.com\/blog\/","logo":{"@type":"ImageObject","inLanguage":"fr-FR","@id":"https:\/\/www.la-maison-naturelle.com\/blog\/#\/schema\/logo\/image\/","url":"https:\/\/www.la-maison-naturelle.com\/blog\/wp-content\/uploads\/2021\/07\/maison-naturelle-logo.svg","contentUrl":"https:\/\/www.la-maison-naturelle.com\/blog\/wp-content\/uploads\/2021\/07\/maison-naturelle-logo.svg","width":156,"height":64,"caption":"La Maison naturelle | Blog"},"image":{"@id":"https:\/\/www.la-maison-naturelle.com\/blog\/#\/schema\/logo\/image\/"}},{"@type":"Person","@id":"https:\/\/www.la-maison-naturelle.com\/blog\/#\/schema\/person\/cad2a9ed80410189f0688441d546d43f","name":"Eloise","image":{"@type":"ImageObject","inLanguage":"fr-FR","@id":"https:\/\/www.la-maison-naturelle.com\/blog\/#\/schema\/person\/image\/","url":"https:\/\/secure.gravatar.com\/avatar\/344186806f5e8613d4a2109f3b0228a847a7c0858a8023778c44bdcfc1111df9?s=96&d=mm&r=g","contentUrl":"https:\/\/secure.gravatar.com\/avatar\/344186806f5e8613d4a2109f3b0228a847a7c0858a8023778c44bdcfc1111df9?s=96&d=mm&r=g","caption":"Eloise"},"sameAs":["https:\/\/www.la-maison-naturelle.com\/"],"url":"https:\/\/www.la-maison-naturelle.com\/blog\/author\/idries\/"}]}},"_links":{"self":[{"href":"https:\/\/www.la-maison-naturelle.com\/blog\/wp-json\/wp\/v2\/posts\/856","targetHints":{"allow":["GET"]}}],"collection":[{"href":"https:\/\/www.la-maison-naturelle.com\/blog\/wp-json\/wp\/v2\/posts"}],"about":[{"href":"https:\/\/www.la-maison-naturelle.com\/blog\/wp-json\/wp\/v2\/types\/post"}],"author":[{"embeddable":true,"href":"https:\/\/www.la-maison-naturelle.com\/blog\/wp-json\/wp\/v2\/users\/5"}],"replies":[{"embeddable":true,"href":"https:\/\/www.la-maison-naturelle.com\/blog\/wp-json\/wp\/v2\/comments?post=856"}],"version-history":[{"count":2,"href":"https:\/\/www.la-maison-naturelle.com\/blog\/wp-json\/wp\/v2\/posts\/856\/revisions"}],"predecessor-version":[{"id":5215,"href":"https:\/\/www.la-maison-naturelle.com\/blog\/wp-json\/wp\/v2\/posts\/856\/revisions\/5215"}],"wp:attachment":[{"href":"https:\/\/www.la-maison-naturelle.com\/blog\/wp-json\/wp\/v2\/media?parent=856"}],"wp:term":[{"taxonomy":"category","embeddable":true,"href":"https:\/\/www.la-maison-naturelle.com\/blog\/wp-json\/wp\/v2\/categories?post=856"},{"taxonomy":"post_tag","embeddable":true,"href":"https:\/\/www.la-maison-naturelle.com\/blog\/wp-json\/wp\/v2\/tags?post=856"}],"curies":[{"name":"wp","href":"https:\/\/api.w.org\/{rel}","templated":true}]}}