{"id":848,"date":"2020-05-20T10:42:17","date_gmt":"2020-05-20T08:42:17","guid":{"rendered":"https:\/\/www.la-maison-naturelle.com\/blog\/?p=848"},"modified":"2023-07-29T09:28:58","modified_gmt":"2023-07-29T07:28:58","slug":"isoler-efficacement-combles","status":"publish","type":"post","link":"https:\/\/www.la-maison-naturelle.com\/blog\/isoler-efficacement-combles\/","title":{"rendered":"Isoler efficacement les combles"},"content":{"rendered":"<h2>Isoler efficacement les combles<\/h2>\n<p>Dans la maison, il est imp\u00e9ratif d\u2019isoler les combles.\u00a0Quelles sont les meilleures techniques adapt\u00e9es pour l\u2019isolation des combles\u00a0? Et combien co\u00fbtent -elles\u00a0?<\/p>\n<h2>Pourquoi isoler les combles\u00a0?<\/h2>\n<p>Les combles mal isol\u00e9s engendrent des d\u00e9perditions de chaleur importantes. En effet, les fuites\u00a0caus\u00e9es par les combles repr\u00e9sentent jusqu\u2019\u00e0 25\u00a0% de l\u2019\u00e9nergie consomm\u00e9e par une maison chaque\u00a0ann\u00e9e. Il est donc primordial d\u2019assurer <a href=\"https:\/\/www.la-maison-naturelle.com\/3013-isolation-des-combles\">une bonne isolation des combles<\/a> avant celle des murs et du\u00a0sol.<\/p>\n<p>Plusieurs solutions sont propos\u00e9es pour isoler les combles. S\u2019il s\u2019agit de combles perdus, donc\u00a0inhabitables, il est conseill\u00e9 d\u2019utiliser des panneaux d\u2019isolant. Ces derniers sont faciles \u00e0 installer,\u00a0car il suffit de d\u00e9rouler les panneaux <a href=\"https:\/\/www.la-maison-naturelle.com\/blog\/choisir-un-plancher-de-combles\/\" data-internallinksmanager029f6b8e52c=\"59\" title=\"plancher comble\">sur le plancher<\/a> pour emp\u00eacher le froid d\u2019atteindre les surfaces\u00a0habitables situ\u00e9es en dessous. Il est \u00e9galement possible de proc\u00e9der par soufflage pour d\u00e9poser\u00a0l\u2019isolant de fa\u00e7on homog\u00e8ne sur le plancher. Ces deux m\u00e9thodes sont \u00e0 la port\u00e9e d\u2019un bricoleur\u00a0averti.<\/p>\n<p>S\u2019il s\u2019agit de combles habitables transform\u00e9s en chambre, en bureau ou en salle de bains, il vaut\u00a0mieux faire appel \u00e0 un professionnel pour r\u00e9aliser tous les travaux d\u2019isolation. Dans ce cas, le\u00a0professionnel installera l\u2019isolation directement sur la <a href=\"https:\/\/www.la-maison-naturelle.com\/blog\/la-difference-entre-une-charpente-fermette-et-une-charpente-traditionnelle\/\" data-internallinksmanager029f6b8e52c=\"85\" title=\"Quelle est la diff\u00e9rence entre une charpente fermette et une charpente traditionnelle ?\">charpente<\/a>. Il faudra appliquer les mat\u00e9riaux\u00a0sous la charpente ou de l\u2019ext\u00e9rieur selon l\u2019\u00e9tat de la couverture. Il est \u00e0 noter que l\u2019isolation des\u00a0combles par l\u2019ext\u00e9rieur s\u2019av\u00e8re plus efficace, mais son co\u00fbt est plus \u00e9lev\u00e9.<\/p>\n<h2>Le co\u00fbt de l\u2019isolation<\/h2>\n<p>Le <a href=\"https:\/\/www.la-maison-naturelle.com\/blog\/un-montant-48\/\" data-internallinksmanager029f6b8e52c=\"95\" title=\"Qu'est-ce qu'un montant 48 ?\">montant<\/a> des travaux d\u2019isolation d\u00e9pend de plusieurs param\u00e8tres. Dans le cas d&rsquo;une maison en\u00a0r\u00e9gion parisienne s\u2019\u00e9talant sur 100m2 et comprenant 8 \u00e0 9 ouvertures qui utilise un syst\u00e8me de\u00a0chauffage de plus de 15 ans, voici un aper\u00e7u des prix des travaux indiqu\u00e9s par l\u2019ANAH.\u00a0S\u2019il s\u2019agit de combles perdus, le montant des travaux s\u2019\u00e9l\u00e8ve de 2500 \u00e0 5000 euros.\u00a0Ces travaux\u00a0permettent d&rsquo;\u00e9conomiser environ 474 euros si on utilise un syst\u00e8me de chauffage \u00e0 gaz, de 636\u00a0euros si la maison fonctionne avec un chauffage \u00e9lectrique et 700 euros si on utilise un chauffage \u00e0\u00a0fioul.\u00a0Dans le cas des combles am\u00e9nag\u00e9s, le prix varie entre 4000 \u00e0 6000 euros. Ces travaux entrainent\u00a0une r\u00e9duction importante du montant de la facture d&rsquo;\u00e9nergie. Il est possible de faire une \u00e9conomie \u00e0\u00a0hauteur de 480 euros par an si on utilise un chauffage \u00e0 gaz, 562 euros pour le chauffage \u00e9lectrique\u00a0et 688 euros dans le cas d\u2019un chauffage \u00e0 fioul.<\/p>\n<p>Concernant les isolants, le prix varie entre 5 \u00e0 10 euros\/m2 pour la laine de verre et la laine de\u00a0roche, 30 euros\/m2 pour le verre cellulaire et 35 \u00e0 40 euros pour le roseau.<\/p>\n<p>Pour financer les travaux de r\u00e9novation de l\u2019isolation, il est possible d\u2019obtenir un cr\u00e9dit d\u2019imp\u00f4t \u00e0\u00a0hauteur de 15\u00a0%.<\/p>\n","protected":false},"excerpt":{"rendered":"<p>Isoler efficacement les combles Dans la maison, il est imp\u00e9ratif d\u2019isoler les combles.\u00a0Quelles sont les meilleures techniques adapt\u00e9es pour l\u2019isolation des combles\u00a0? Et combien co\u00fbtent -elles\u00a0? Pourquoi isoler les combles\u00a0? Les combles mal isol\u00e9s engendrent des d\u00e9perditions de chaleur importantes. En effet, les fuites\u00a0caus\u00e9es par les combles repr\u00e9sentent jusqu\u2019\u00e0 25\u00a0% de l\u2019\u00e9nergie consomm\u00e9e par une [&hellip;]<\/p>\n","protected":false},"author":5,"featured_media":3527,"comment_status":"open","ping_status":"open","sticky":false,"template":"","format":"standard","meta":{"footnotes":""},"categories":[1],"tags":[],"class_list":["post-848","post","type-post","status-publish","format-standard","has-post-thumbnail","hentry","category-interieur-decoration"],"_wp_attached_file":null,"_wp_attachment_metadata":null,"_wp_attachment_context":null,"_wp_attachment_image_alt":null,"_hf_settings":null,"hf_message_success":null,"hf_message_invalid_email":null,"hf_message_required_field_missing":null,"hf_message_error":null,"_menu_item_type":null,"_menu_item_menu_item_parent":null,"_menu_item_object_id":null,"_menu_item_object":null,"_menu_item_target":null,"_menu_item_classes":null,"_menu_item_xfn":null,"_menu_item_url":null,"_yoast_wpseo_primary_category":"","_thumbnail_id":"3527","_oembed_26d84b2c06432105b0a19987ae029a71":null,"_oembed_43e9e2dfde1b9b4ed91c9711026b7ef9":null,"_oembed_1fe1564764edbddc3b61e81acf52be88":null,"_oembed_df60f474cd845141e7ce6596d101e4a0":null,"_oembed_825e674795e2435c0bc66eb08e5d2c8b":null,"_oembed_time_825e674795e2435c0bc66eb08e5d2c8b":null,"_oembed_e917352ff4cc21ea91383201eeaa08cf":null,"_oembed_2363c16c972791c33e283320dc564fce":null,"_oembed_cc9ad5b5073a84776f6a62e33e6c7498":null,"_oembed_time_cc9ad5b5073a84776f6a62e33e6c7498":null,"_oembed_305147fcf4b856de518466e695c209cd":null,"_oembed_8517a877084ae01a5296813ee1d16a2b":null,"_oembed_2741f1556b243e68379198f98ba7f864":null,"_oembed_c3ffa24981451396c950ece2129da0f6":null,"_oembed_6f9091ebe2f3f5fcb5698ba6f4b41477":null,"_wp_old_slug":null,"_oembed_e4fb0f68ba12b85e9e231afe151ba12a":null,"_oembed_3c60e98bd703e617e67f5bbb3b97424d":null,"_oembed_bb060374498dcf40cb6068efe4be87e1":null,"_oembed_d0403e1e71c3a29020bd546b159480f1":null,"_oembed_b030ff17fbbbf8661c59c2ab8ff289eb":null,"_oembed_5cec699ba0631c6c0e4ba4f6af5f228e":null,"_oembed_b06a67f278b90cf4e8dd17cb12fe67b0":null,"_oembed_8e190e4fea2256f17420434651556236":null,"_oembed_b5ded119f1337916a0fc64d2ad85c95f":null,"_oembed_d9364a7a81be31c01415da2c50a48932":null,"_oembed_738cafa36d51a58e5ae3e458aa8f7584":null,"_oembed_ebcab5184b6b321b28efbcbec079859b":null,"_oembed_3dd9e35c2b7b268070e74da5b89cf937":null,"_oembed_e14b167b493e311a1c4e2aab38a463e8":null,"_oembed_dc8f7d108b38f3f0c2e0785b8bc46cae":null,"_oembed_55cf1c5142884afed312c2666bf27520":null,"_oembed_2292333bf03a956b4b61afafeff6bca0":null,"_oembed_82a986a6b900856fec23169de03a0038":null,"_oembed_4048ded025352b83569104210074165a":null,"_oembed_033b42b1af757abc39e4487233cee7f5":null,"_oembed_aec1d50f2b159366be8e37e94b201be1":null,"_oembed_0adc8480b2fcadf9a1733f572ce3d3f8":null,"_yoast_wpseo_title":null,"_yoast_wpseo_focuskw":null,"_yoast_wpseo_linkdex":null,"_yoast_wpseo_metadesc":null,"_yoast_wpseo_wordproof_timestamp":"","_tpl_archive_meta_key":null,"_form":null,"_mail":null,"_mail_2":null,"_messages":null,"_additional_settings":null,"_locale":null,"_wp_old_date":null,"_edit_last":"5","_wpb_vc_js_status":"false","_yoast_wpseo_estimated-reading-time-minutes":"3","_edit_lock":"1690615597:5","_yoast_wpseo_content_score":"60","yoast_head":"<!-- This site is optimized with the Yoast SEO plugin v24.3 - https:\/\/yoast.com\/wordpress\/plugins\/seo\/ -->\n<title>Isoler efficacement les combles - La Maison naturelle | Blog<\/title>\n<meta name=\"robots\" content=\"index, follow, max-snippet:-1, max-image-preview:large, max-video-preview:-1\" \/>\n<link rel=\"canonical\" href=\"https:\/\/www.la-maison-naturelle.com\/blog\/isoler-efficacement-combles\/\" \/>\n<meta property=\"og:locale\" content=\"fr_FR\" \/>\n<meta property=\"og:type\" content=\"article\" \/>\n<meta property=\"og:title\" content=\"Isoler efficacement les combles - La Maison naturelle | Blog\" \/>\n<meta property=\"og:description\" content=\"Isoler efficacement les combles Dans la maison, il est imp\u00e9ratif d\u2019isoler les combles.\u00a0Quelles sont les meilleures techniques adapt\u00e9es pour l\u2019isolation des combles\u00a0? Et combien co\u00fbtent -elles\u00a0? Pourquoi isoler les combles\u00a0? Les combles mal isol\u00e9s engendrent des d\u00e9perditions de chaleur importantes. En effet, les fuites\u00a0caus\u00e9es par les combles repr\u00e9sentent jusqu\u2019\u00e0 25\u00a0% de l\u2019\u00e9nergie consomm\u00e9e par une [&hellip;]\" \/>\n<meta property=\"og:url\" content=\"https:\/\/www.la-maison-naturelle.com\/blog\/isoler-efficacement-combles\/\" \/>\n<meta property=\"og:site_name\" content=\"La Maison naturelle | Blog\" \/>\n<meta property=\"article:published_time\" content=\"2020-05-20T08:42:17+00:00\" \/>\n<meta property=\"article:modified_time\" content=\"2023-07-29T07:28:58+00:00\" \/>\n<meta property=\"og:image\" content=\"https:\/\/www.la-maison-naturelle.com\/blog\/wp-content\/uploads\/2012\/06\/Ootravaux_Ouate_cellulose_isolant_1000x667.jpg\" \/>\n\t<meta property=\"og:image:width\" content=\"550\" \/>\n\t<meta property=\"og:image:height\" content=\"400\" \/>\n\t<meta property=\"og:image:type\" content=\"image\/jpeg\" \/>\n<meta name=\"author\" content=\"Eloise\" \/>\n<meta name=\"twitter:card\" content=\"summary_large_image\" \/>\n<meta name=\"twitter:label1\" content=\"\u00c9crit par\" \/>\n\t<meta name=\"twitter:data1\" content=\"Eloise\" \/>\n\t<meta name=\"twitter:label2\" content=\"Dur\u00e9e de lecture estim\u00e9e\" \/>\n\t<meta name=\"twitter:data2\" content=\"3 minutes\" \/>\n<script type=\"application\/ld+json\" class=\"yoast-schema-graph\">{\"@context\":\"https:\/\/schema.org\",\"@graph\":[{\"@type\":\"Article\",\"@id\":\"https:\/\/www.la-maison-naturelle.com\/blog\/isoler-efficacement-combles\/#article\",\"isPartOf\":{\"@id\":\"https:\/\/www.la-maison-naturelle.com\/blog\/isoler-efficacement-combles\/\"},\"author\":{\"name\":\"Eloise\",\"@id\":\"https:\/\/www.la-maison-naturelle.com\/blog\/#\/schema\/person\/cad2a9ed80410189f0688441d546d43f\"},\"headline\":\"Isoler efficacement les combles\",\"datePublished\":\"2020-05-20T08:42:17+00:00\",\"dateModified\":\"2023-07-29T07:28:58+00:00\",\"mainEntityOfPage\":{\"@id\":\"https:\/\/www.la-maison-naturelle.com\/blog\/isoler-efficacement-combles\/\"},\"wordCount\":493,\"commentCount\":0,\"publisher\":{\"@id\":\"https:\/\/www.la-maison-naturelle.com\/blog\/#organization\"},\"image\":{\"@id\":\"https:\/\/www.la-maison-naturelle.com\/blog\/isoler-efficacement-combles\/#primaryimage\"},\"thumbnailUrl\":\"https:\/\/www.la-maison-naturelle.com\/blog\/wp-content\/uploads\/2012\/06\/Ootravaux_Ouate_cellulose_isolant_1000x667.jpg\",\"articleSection\":[\"Int\u00e9rieur &amp; d\u00e9coration\"],\"inLanguage\":\"fr-FR\",\"potentialAction\":[{\"@type\":\"CommentAction\",\"name\":\"Comment\",\"target\":[\"https:\/\/www.la-maison-naturelle.com\/blog\/isoler-efficacement-combles\/#respond\"]}]},{\"@type\":\"WebPage\",\"@id\":\"https:\/\/www.la-maison-naturelle.com\/blog\/isoler-efficacement-combles\/\",\"url\":\"https:\/\/www.la-maison-naturelle.com\/blog\/isoler-efficacement-combles\/\",\"name\":\"Isoler efficacement les combles - La Maison naturelle | Blog\",\"isPartOf\":{\"@id\":\"https:\/\/www.la-maison-naturelle.com\/blog\/#website\"},\"primaryImageOfPage\":{\"@id\":\"https:\/\/www.la-maison-naturelle.com\/blog\/isoler-efficacement-combles\/#primaryimage\"},\"image\":{\"@id\":\"https:\/\/www.la-maison-naturelle.com\/blog\/isoler-efficacement-combles\/#primaryimage\"},\"thumbnailUrl\":\"https:\/\/www.la-maison-naturelle.com\/blog\/wp-content\/uploads\/2012\/06\/Ootravaux_Ouate_cellulose_isolant_1000x667.jpg\",\"datePublished\":\"2020-05-20T08:42:17+00:00\",\"dateModified\":\"2023-07-29T07:28:58+00:00\",\"breadcrumb\":{\"@id\":\"https:\/\/www.la-maison-naturelle.com\/blog\/isoler-efficacement-combles\/#breadcrumb\"},\"inLanguage\":\"fr-FR\",\"potentialAction\":[{\"@type\":\"ReadAction\",\"target\":[\"https:\/\/www.la-maison-naturelle.com\/blog\/isoler-efficacement-combles\/\"]}]},{\"@type\":\"ImageObject\",\"inLanguage\":\"fr-FR\",\"@id\":\"https:\/\/www.la-maison-naturelle.com\/blog\/isoler-efficacement-combles\/#primaryimage\",\"url\":\"https:\/\/www.la-maison-naturelle.com\/blog\/wp-content\/uploads\/2012\/06\/Ootravaux_Ouate_cellulose_isolant_1000x667.jpg\",\"contentUrl\":\"https:\/\/www.la-maison-naturelle.com\/blog\/wp-content\/uploads\/2012\/06\/Ootravaux_Ouate_cellulose_isolant_1000x667.jpg\",\"width\":550,\"height\":400},{\"@type\":\"BreadcrumbList\",\"@id\":\"https:\/\/www.la-maison-naturelle.com\/blog\/isoler-efficacement-combles\/#breadcrumb\",\"itemListElement\":[{\"@type\":\"ListItem\",\"position\":1,\"name\":\"Accueil\",\"item\":\"https:\/\/www.la-maison-naturelle.com\/blog\/\"},{\"@type\":\"ListItem\",\"position\":2,\"name\":\"Isoler efficacement les combles\"}]},{\"@type\":\"WebSite\",\"@id\":\"https:\/\/www.la-maison-naturelle.com\/blog\/#website\",\"url\":\"https:\/\/www.la-maison-naturelle.com\/blog\/\",\"name\":\"La Maison naturelle | Blog\",\"description\":\"Blog de la Maison naturelle\",\"publisher\":{\"@id\":\"https:\/\/www.la-maison-naturelle.com\/blog\/#organization\"},\"potentialAction\":[{\"@type\":\"SearchAction\",\"target\":{\"@type\":\"EntryPoint\",\"urlTemplate\":\"https:\/\/www.la-maison-naturelle.com\/blog\/?s={search_term_string}\"},\"query-input\":{\"@type\":\"PropertyValueSpecification\",\"valueRequired\":true,\"valueName\":\"search_term_string\"}}],\"inLanguage\":\"fr-FR\"},{\"@type\":\"Organization\",\"@id\":\"https:\/\/www.la-maison-naturelle.com\/blog\/#organization\",\"name\":\"La Maison naturelle | Blog\",\"url\":\"https:\/\/www.la-maison-naturelle.com\/blog\/\",\"logo\":{\"@type\":\"ImageObject\",\"inLanguage\":\"fr-FR\",\"@id\":\"https:\/\/www.la-maison-naturelle.com\/blog\/#\/schema\/logo\/image\/\",\"url\":\"https:\/\/www.la-maison-naturelle.com\/blog\/wp-content\/uploads\/2021\/07\/maison-naturelle-logo.svg\",\"contentUrl\":\"https:\/\/www.la-maison-naturelle.com\/blog\/wp-content\/uploads\/2021\/07\/maison-naturelle-logo.svg\",\"width\":156,\"height\":64,\"caption\":\"La Maison naturelle | Blog\"},\"image\":{\"@id\":\"https:\/\/www.la-maison-naturelle.com\/blog\/#\/schema\/logo\/image\/\"}},{\"@type\":\"Person\",\"@id\":\"https:\/\/www.la-maison-naturelle.com\/blog\/#\/schema\/person\/cad2a9ed80410189f0688441d546d43f\",\"name\":\"Eloise\",\"image\":{\"@type\":\"ImageObject\",\"inLanguage\":\"fr-FR\",\"@id\":\"https:\/\/www.la-maison-naturelle.com\/blog\/#\/schema\/person\/image\/\",\"url\":\"https:\/\/secure.gravatar.com\/avatar\/344186806f5e8613d4a2109f3b0228a847a7c0858a8023778c44bdcfc1111df9?s=96&d=mm&r=g\",\"contentUrl\":\"https:\/\/secure.gravatar.com\/avatar\/344186806f5e8613d4a2109f3b0228a847a7c0858a8023778c44bdcfc1111df9?s=96&d=mm&r=g\",\"caption\":\"Eloise\"},\"sameAs\":[\"https:\/\/www.la-maison-naturelle.com\/\"],\"url\":\"https:\/\/www.la-maison-naturelle.com\/blog\/author\/idries\/\"}]}<\/script>\n<!-- \/ Yoast SEO plugin. -->","yoast_head_json":{"title":"Isoler efficacement les combles - La Maison naturelle | Blog","robots":{"index":"index","follow":"follow","max-snippet":"max-snippet:-1","max-image-preview":"max-image-preview:large","max-video-preview":"max-video-preview:-1"},"canonical":"https:\/\/www.la-maison-naturelle.com\/blog\/isoler-efficacement-combles\/","og_locale":"fr_FR","og_type":"article","og_title":"Isoler efficacement les combles - La Maison naturelle | Blog","og_description":"Isoler efficacement les combles Dans la maison, il est imp\u00e9ratif d\u2019isoler les combles.\u00a0Quelles sont les meilleures techniques adapt\u00e9es pour l\u2019isolation des combles\u00a0? Et combien co\u00fbtent -elles\u00a0? Pourquoi isoler les combles\u00a0? Les combles mal isol\u00e9s engendrent des d\u00e9perditions de chaleur importantes. En effet, les fuites\u00a0caus\u00e9es par les combles repr\u00e9sentent jusqu\u2019\u00e0 25\u00a0% de l\u2019\u00e9nergie consomm\u00e9e par une [&hellip;]","og_url":"https:\/\/www.la-maison-naturelle.com\/blog\/isoler-efficacement-combles\/","og_site_name":"La Maison naturelle | Blog","article_published_time":"2020-05-20T08:42:17+00:00","article_modified_time":"2023-07-29T07:28:58+00:00","og_image":[{"width":550,"height":400,"url":"https:\/\/www.la-maison-naturelle.com\/blog\/wp-content\/uploads\/2012\/06\/Ootravaux_Ouate_cellulose_isolant_1000x667.jpg","type":"image\/jpeg"}],"author":"Eloise","twitter_card":"summary_large_image","twitter_misc":{"\u00c9crit par":"Eloise","Dur\u00e9e de lecture estim\u00e9e":"3 minutes"},"schema":{"@context":"https:\/\/schema.org","@graph":[{"@type":"Article","@id":"https:\/\/www.la-maison-naturelle.com\/blog\/isoler-efficacement-combles\/#article","isPartOf":{"@id":"https:\/\/www.la-maison-naturelle.com\/blog\/isoler-efficacement-combles\/"},"author":{"name":"Eloise","@id":"https:\/\/www.la-maison-naturelle.com\/blog\/#\/schema\/person\/cad2a9ed80410189f0688441d546d43f"},"headline":"Isoler efficacement les combles","datePublished":"2020-05-20T08:42:17+00:00","dateModified":"2023-07-29T07:28:58+00:00","mainEntityOfPage":{"@id":"https:\/\/www.la-maison-naturelle.com\/blog\/isoler-efficacement-combles\/"},"wordCount":493,"commentCount":0,"publisher":{"@id":"https:\/\/www.la-maison-naturelle.com\/blog\/#organization"},"image":{"@id":"https:\/\/www.la-maison-naturelle.com\/blog\/isoler-efficacement-combles\/#primaryimage"},"thumbnailUrl":"https:\/\/www.la-maison-naturelle.com\/blog\/wp-content\/uploads\/2012\/06\/Ootravaux_Ouate_cellulose_isolant_1000x667.jpg","articleSection":["Int\u00e9rieur &amp; d\u00e9coration"],"inLanguage":"fr-FR","potentialAction":[{"@type":"CommentAction","name":"Comment","target":["https:\/\/www.la-maison-naturelle.com\/blog\/isoler-efficacement-combles\/#respond"]}]},{"@type":"WebPage","@id":"https:\/\/www.la-maison-naturelle.com\/blog\/isoler-efficacement-combles\/","url":"https:\/\/www.la-maison-naturelle.com\/blog\/isoler-efficacement-combles\/","name":"Isoler efficacement les combles - La Maison naturelle | Blog","isPartOf":{"@id":"https:\/\/www.la-maison-naturelle.com\/blog\/#website"},"primaryImageOfPage":{"@id":"https:\/\/www.la-maison-naturelle.com\/blog\/isoler-efficacement-combles\/#primaryimage"},"image":{"@id":"https:\/\/www.la-maison-naturelle.com\/blog\/isoler-efficacement-combles\/#primaryimage"},"thumbnailUrl":"https:\/\/www.la-maison-naturelle.com\/blog\/wp-content\/uploads\/2012\/06\/Ootravaux_Ouate_cellulose_isolant_1000x667.jpg","datePublished":"2020-05-20T08:42:17+00:00","dateModified":"2023-07-29T07:28:58+00:00","breadcrumb":{"@id":"https:\/\/www.la-maison-naturelle.com\/blog\/isoler-efficacement-combles\/#breadcrumb"},"inLanguage":"fr-FR","potentialAction":[{"@type":"ReadAction","target":["https:\/\/www.la-maison-naturelle.com\/blog\/isoler-efficacement-combles\/"]}]},{"@type":"ImageObject","inLanguage":"fr-FR","@id":"https:\/\/www.la-maison-naturelle.com\/blog\/isoler-efficacement-combles\/#primaryimage","url":"https:\/\/www.la-maison-naturelle.com\/blog\/wp-content\/uploads\/2012\/06\/Ootravaux_Ouate_cellulose_isolant_1000x667.jpg","contentUrl":"https:\/\/www.la-maison-naturelle.com\/blog\/wp-content\/uploads\/2012\/06\/Ootravaux_Ouate_cellulose_isolant_1000x667.jpg","width":550,"height":400},{"@type":"BreadcrumbList","@id":"https:\/\/www.la-maison-naturelle.com\/blog\/isoler-efficacement-combles\/#breadcrumb","itemListElement":[{"@type":"ListItem","position":1,"name":"Accueil","item":"https:\/\/www.la-maison-naturelle.com\/blog\/"},{"@type":"ListItem","position":2,"name":"Isoler efficacement les combles"}]},{"@type":"WebSite","@id":"https:\/\/www.la-maison-naturelle.com\/blog\/#website","url":"https:\/\/www.la-maison-naturelle.com\/blog\/","name":"La Maison naturelle | Blog","description":"Blog de la Maison naturelle","publisher":{"@id":"https:\/\/www.la-maison-naturelle.com\/blog\/#organization"},"potentialAction":[{"@type":"SearchAction","target":{"@type":"EntryPoint","urlTemplate":"https:\/\/www.la-maison-naturelle.com\/blog\/?s={search_term_string}"},"query-input":{"@type":"PropertyValueSpecification","valueRequired":true,"valueName":"search_term_string"}}],"inLanguage":"fr-FR"},{"@type":"Organization","@id":"https:\/\/www.la-maison-naturelle.com\/blog\/#organization","name":"La Maison naturelle | Blog","url":"https:\/\/www.la-maison-naturelle.com\/blog\/","logo":{"@type":"ImageObject","inLanguage":"fr-FR","@id":"https:\/\/www.la-maison-naturelle.com\/blog\/#\/schema\/logo\/image\/","url":"https:\/\/www.la-maison-naturelle.com\/blog\/wp-content\/uploads\/2021\/07\/maison-naturelle-logo.svg","contentUrl":"https:\/\/www.la-maison-naturelle.com\/blog\/wp-content\/uploads\/2021\/07\/maison-naturelle-logo.svg","width":156,"height":64,"caption":"La Maison naturelle | Blog"},"image":{"@id":"https:\/\/www.la-maison-naturelle.com\/blog\/#\/schema\/logo\/image\/"}},{"@type":"Person","@id":"https:\/\/www.la-maison-naturelle.com\/blog\/#\/schema\/person\/cad2a9ed80410189f0688441d546d43f","name":"Eloise","image":{"@type":"ImageObject","inLanguage":"fr-FR","@id":"https:\/\/www.la-maison-naturelle.com\/blog\/#\/schema\/person\/image\/","url":"https:\/\/secure.gravatar.com\/avatar\/344186806f5e8613d4a2109f3b0228a847a7c0858a8023778c44bdcfc1111df9?s=96&d=mm&r=g","contentUrl":"https:\/\/secure.gravatar.com\/avatar\/344186806f5e8613d4a2109f3b0228a847a7c0858a8023778c44bdcfc1111df9?s=96&d=mm&r=g","caption":"Eloise"},"sameAs":["https:\/\/www.la-maison-naturelle.com\/"],"url":"https:\/\/www.la-maison-naturelle.com\/blog\/author\/idries\/"}]}},"_links":{"self":[{"href":"https:\/\/www.la-maison-naturelle.com\/blog\/wp-json\/wp\/v2\/posts\/848","targetHints":{"allow":["GET"]}}],"collection":[{"href":"https:\/\/www.la-maison-naturelle.com\/blog\/wp-json\/wp\/v2\/posts"}],"about":[{"href":"https:\/\/www.la-maison-naturelle.com\/blog\/wp-json\/wp\/v2\/types\/post"}],"author":[{"embeddable":true,"href":"https:\/\/www.la-maison-naturelle.com\/blog\/wp-json\/wp\/v2\/users\/5"}],"replies":[{"embeddable":true,"href":"https:\/\/www.la-maison-naturelle.com\/blog\/wp-json\/wp\/v2\/comments?post=848"}],"version-history":[{"count":3,"href":"https:\/\/www.la-maison-naturelle.com\/blog\/wp-json\/wp\/v2\/posts\/848\/revisions"}],"predecessor-version":[{"id":4891,"href":"https:\/\/www.la-maison-naturelle.com\/blog\/wp-json\/wp\/v2\/posts\/848\/revisions\/4891"}],"wp:featuredmedia":[{"embeddable":true,"href":"https:\/\/www.la-maison-naturelle.com\/blog\/wp-json\/wp\/v2\/media\/3527"}],"wp:attachment":[{"href":"https:\/\/www.la-maison-naturelle.com\/blog\/wp-json\/wp\/v2\/media?parent=848"}],"wp:term":[{"taxonomy":"category","embeddable":true,"href":"https:\/\/www.la-maison-naturelle.com\/blog\/wp-json\/wp\/v2\/categories?post=848"},{"taxonomy":"post_tag","embeddable":true,"href":"https:\/\/www.la-maison-naturelle.com\/blog\/wp-json\/wp\/v2\/tags?post=848"}],"curies":[{"name":"wp","href":"https:\/\/api.w.org\/{rel}","templated":true}]}}