{"id":811,"date":"2010-05-20T10:21:18","date_gmt":"2010-05-20T08:21:18","guid":{"rendered":"https:\/\/www.la-maison-naturelle.com\/blog\/?p=811"},"modified":"2023-07-15T17:49:16","modified_gmt":"2023-07-15T15:49:16","slug":"isolation-acoustique-obligatoire","status":"publish","type":"post","link":"https:\/\/www.la-maison-naturelle.com\/blog\/isolation-acoustique-obligatoire\/","title":{"rendered":"Isolation acoustique obligatoire en cas de travaux importants de r\u00e9novation"},"content":{"rendered":"<p><span style=\"font-size: 16px;\">Depuis le 1er juillet 2017, tous les travaux de de ravalement de fa\u00e7ade et de toiture et tous travaux de r\u00e9novation \u00e9nerg\u00e9tique devront comporter un volet isolation acoustique dans le cas de travaux importants dans les endroits expos\u00e9es aux bruits tels que la proximit\u00e9 des r\u00e9seaux routiers tr\u00e8s fr\u00e9quent\u00e9s, le long des lignes et des gares ferroviaires, tout comme la pr\u00e9sence de couloir a\u00e9riens et la proximit\u00e9 avec les a\u00e9roports.<\/span><\/p>\n<p>Ces dispositions ne s&rsquo;appliquent pas aux travaux pour lesquels le devis d&rsquo;engagement de la prestation de ma\u00eetrise d&rsquo;\u0153uvre ou, \u00e0 d\u00e9faut, le devis d&rsquo;engagement de la prestation de travaux a \u00e9t\u00e9 sign\u00e9 avant la date du 1er juillet.<\/p>\n<p>Les b\u00e2timents concern\u00e9s par cette obligation sont vis\u00e9s selon les types de b\u00e2timents, la zone d&rsquo;exposition au bruit ext\u00e9rieur et selon le type de travaux de r\u00e9novation.<\/p>\n<p>Dans des zones particuli\u00e8rement expos\u00e9es au bruit, la r\u00e9alisation de travaux importants de r\u00e9novation, ravalement, travaux de toiture ou d\u2019am\u00e9nagement de b\u00e2timents annexes doit s\u2019accompagner de travaux d\u2019isolation acoustique.<\/p>\n<p>Ces zones correspondent aux zones de d\u00e9passement des valeurs limites sur les cartes de bruit routier et ferroviaire dite la carte \u00ab c \u00bb du <a href=\"https:\/\/www.legifrance.gouv.fr\/affichCode.do?cidTexte=LEGITEXT000006074220&amp;dateTexte=20091231\">code de l&rsquo;environnement<\/a> ou qui sont situ\u00e9s dans une zone de bruit du plan de g\u00eane sonore d&rsquo;un a\u00e9roport. Cette obligation vise aussi les b\u00e2timents d\u2019habitation, les \u00e9tablissements d\u2019enseignement, les locaux d\u2019h\u00e9bergement et de soins et les h\u00f4tels.<\/p>\n<p>Les travaux <a href=\"https:\/\/www.la-maison-naturelle.com\/3044-isolation-phonique-acoustique\">d\u2019isolation acoustique<\/a> doivent \u00eatre r\u00e9alis\u00e9s si les travaux de r\u00e9novation comprennent le remplacement ou la cr\u00e9ation de parois vitr\u00e9es ou portes donnant sur l&rsquo;ext\u00e9rieur de pi\u00e8ces principales de b\u00e2timents d&rsquo;habitation, de pi\u00e8ces de vie d&rsquo;\u00e9tablissements d&rsquo;enseignement, de locaux d&rsquo;h\u00e9bergement et de soins d&rsquo;\u00e9tablissements de sant\u00e9, ou de chambres d&rsquo;h\u00f4tels.<\/p>\n<p>Lorsque ces travaux comprennent la r\u00e9fection d&rsquo;une toiture donnant directement sur des pi\u00e8ces principales de b\u00e2timents d&rsquo;habitation, des pi\u00e8ces de vie d&rsquo;\u00e9tablissements d&rsquo;enseignement, des locaux d&rsquo;h\u00e9bergement et de soins d&rsquo;\u00e9tablissements de sant\u00e9, ou des chambres d&rsquo;h\u00f4tels. Les obligations varient selon l\u2019intensit\u00e9 des nuisances.<\/p>\n<p>Une \u00e9tude acoustique est r\u00e9alis\u00e9e par un professionnel en acoustique du b\u00e2timent. Les exigences d&rsquo;isolement acoustique aux bruits ext\u00e9rieurs en vigueur \u00e0 la date de construction du b\u00e2timent consid\u00e9r\u00e9 sont prises en compte dans l&rsquo;\u00e9tude acoustique.<\/p>\n","protected":false},"excerpt":{"rendered":"<p>Depuis le 1er juillet 2017, tous les travaux de de ravalement de fa\u00e7ade et de toiture et tous travaux de r\u00e9novation \u00e9nerg\u00e9tique devront comporter un volet isolation acoustique dans le cas de travaux importants dans les endroits expos\u00e9es aux bruits tels que la proximit\u00e9 des r\u00e9seaux routiers tr\u00e8s fr\u00e9quent\u00e9s, le long des lignes et des [&hellip;]<\/p>\n","protected":false},"author":5,"featured_media":4005,"comment_status":"open","ping_status":"open","sticky":false,"template":"","format":"standard","meta":{"footnotes":""},"categories":[1],"tags":[],"class_list":["post-811","post","type-post","status-publish","format-standard","has-post-thumbnail","hentry","category-interieur-decoration"],"_wp_attached_file":null,"_wp_attachment_metadata":null,"_wp_attachment_context":null,"_wp_attachment_image_alt":null,"_hf_settings":null,"hf_message_success":null,"hf_message_invalid_email":null,"hf_message_required_field_missing":null,"hf_message_error":null,"_menu_item_type":null,"_menu_item_menu_item_parent":null,"_menu_item_object_id":null,"_menu_item_object":null,"_menu_item_target":null,"_menu_item_classes":null,"_menu_item_xfn":null,"_menu_item_url":null,"_yoast_wpseo_primary_category":null,"_thumbnail_id":"4005","_oembed_26d84b2c06432105b0a19987ae029a71":null,"_oembed_43e9e2dfde1b9b4ed91c9711026b7ef9":null,"_oembed_1fe1564764edbddc3b61e81acf52be88":null,"_oembed_df60f474cd845141e7ce6596d101e4a0":null,"_oembed_825e674795e2435c0bc66eb08e5d2c8b":null,"_oembed_time_825e674795e2435c0bc66eb08e5d2c8b":null,"_oembed_e917352ff4cc21ea91383201eeaa08cf":null,"_oembed_2363c16c972791c33e283320dc564fce":null,"_oembed_cc9ad5b5073a84776f6a62e33e6c7498":null,"_oembed_time_cc9ad5b5073a84776f6a62e33e6c7498":null,"_oembed_305147fcf4b856de518466e695c209cd":null,"_oembed_8517a877084ae01a5296813ee1d16a2b":null,"_oembed_2741f1556b243e68379198f98ba7f864":null,"_oembed_c3ffa24981451396c950ece2129da0f6":null,"_oembed_6f9091ebe2f3f5fcb5698ba6f4b41477":null,"_wp_old_slug":null,"_oembed_e4fb0f68ba12b85e9e231afe151ba12a":null,"_oembed_3c60e98bd703e617e67f5bbb3b97424d":null,"_oembed_bb060374498dcf40cb6068efe4be87e1":null,"_oembed_d0403e1e71c3a29020bd546b159480f1":null,"_oembed_b030ff17fbbbf8661c59c2ab8ff289eb":null,"_oembed_5cec699ba0631c6c0e4ba4f6af5f228e":null,"_oembed_b06a67f278b90cf4e8dd17cb12fe67b0":null,"_oembed_8e190e4fea2256f17420434651556236":null,"_oembed_b5ded119f1337916a0fc64d2ad85c95f":null,"_oembed_d9364a7a81be31c01415da2c50a48932":null,"_oembed_738cafa36d51a58e5ae3e458aa8f7584":null,"_oembed_ebcab5184b6b321b28efbcbec079859b":null,"_oembed_3dd9e35c2b7b268070e74da5b89cf937":null,"_oembed_e14b167b493e311a1c4e2aab38a463e8":null,"_oembed_dc8f7d108b38f3f0c2e0785b8bc46cae":null,"_oembed_55cf1c5142884afed312c2666bf27520":null,"_oembed_2292333bf03a956b4b61afafeff6bca0":null,"_oembed_82a986a6b900856fec23169de03a0038":null,"_oembed_4048ded025352b83569104210074165a":null,"_oembed_033b42b1af757abc39e4487233cee7f5":null,"_oembed_aec1d50f2b159366be8e37e94b201be1":null,"_oembed_0adc8480b2fcadf9a1733f572ce3d3f8":null,"_yoast_wpseo_title":null,"_yoast_wpseo_focuskw":null,"_yoast_wpseo_linkdex":null,"_yoast_wpseo_metadesc":null,"_yoast_wpseo_wordproof_timestamp":null,"_tpl_archive_meta_key":null,"_form":null,"_mail":null,"_mail_2":null,"_messages":null,"_additional_settings":null,"_locale":null,"_wp_old_date":null,"_edit_last":"5","_wpb_vc_js_status":"false","_yoast_wpseo_estimated-reading-time-minutes":"2","_edit_lock":"1689436013:5","_yoast_wpseo_content_score":"30","yoast_head":"<!-- This site is optimized with the Yoast SEO plugin v24.3 - https:\/\/yoast.com\/wordpress\/plugins\/seo\/ -->\n<title>Isolation acoustique obligatoire en cas de travaux importants de r\u00e9novation - La Maison naturelle | Blog<\/title>\n<meta name=\"robots\" content=\"index, follow, max-snippet:-1, max-image-preview:large, max-video-preview:-1\" \/>\n<link rel=\"canonical\" href=\"https:\/\/www.la-maison-naturelle.com\/blog\/isolation-acoustique-obligatoire\/\" \/>\n<meta property=\"og:locale\" content=\"fr_FR\" \/>\n<meta property=\"og:type\" content=\"article\" \/>\n<meta property=\"og:title\" content=\"Isolation acoustique obligatoire en cas de travaux importants de r\u00e9novation - La Maison naturelle | Blog\" \/>\n<meta property=\"og:description\" content=\"Depuis le 1er juillet 2017, tous les travaux de de ravalement de fa\u00e7ade et de toiture et tous travaux de r\u00e9novation \u00e9nerg\u00e9tique devront comporter un volet isolation acoustique dans le cas de travaux importants dans les endroits expos\u00e9es aux bruits tels que la proximit\u00e9 des r\u00e9seaux routiers tr\u00e8s fr\u00e9quent\u00e9s, le long des lignes et des [&hellip;]\" \/>\n<meta property=\"og:url\" content=\"https:\/\/www.la-maison-naturelle.com\/blog\/isolation-acoustique-obligatoire\/\" \/>\n<meta property=\"og:site_name\" content=\"La Maison naturelle | Blog\" \/>\n<meta property=\"article:published_time\" content=\"2010-05-20T08:21:18+00:00\" \/>\n<meta property=\"article:modified_time\" content=\"2023-07-15T15:49:16+00:00\" \/>\n<meta property=\"og:image\" content=\"https:\/\/www.la-maison-naturelle.com\/blog\/wp-content\/uploads\/2018\/05\/989b8c553dd9d24695ebbc1379430911.jpg\" \/>\n\t<meta property=\"og:image:width\" content=\"424\" \/>\n\t<meta property=\"og:image:height\" content=\"283\" \/>\n\t<meta property=\"og:image:type\" content=\"image\/jpeg\" \/>\n<meta name=\"author\" content=\"Eloise\" \/>\n<meta name=\"twitter:card\" content=\"summary_large_image\" \/>\n<meta name=\"twitter:label1\" content=\"\u00c9crit par\" \/>\n\t<meta name=\"twitter:data1\" content=\"Eloise\" \/>\n\t<meta name=\"twitter:label2\" content=\"Dur\u00e9e de lecture estim\u00e9e\" \/>\n\t<meta name=\"twitter:data2\" content=\"2 minutes\" \/>\n<script type=\"application\/ld+json\" class=\"yoast-schema-graph\">{\"@context\":\"https:\/\/schema.org\",\"@graph\":[{\"@type\":\"Article\",\"@id\":\"https:\/\/www.la-maison-naturelle.com\/blog\/isolation-acoustique-obligatoire\/#article\",\"isPartOf\":{\"@id\":\"https:\/\/www.la-maison-naturelle.com\/blog\/isolation-acoustique-obligatoire\/\"},\"author\":{\"name\":\"Eloise\",\"@id\":\"https:\/\/www.la-maison-naturelle.com\/blog\/#\/schema\/person\/cad2a9ed80410189f0688441d546d43f\"},\"headline\":\"Isolation acoustique obligatoire en cas de travaux importants de r\u00e9novation\",\"datePublished\":\"2010-05-20T08:21:18+00:00\",\"dateModified\":\"2023-07-15T15:49:16+00:00\",\"mainEntityOfPage\":{\"@id\":\"https:\/\/www.la-maison-naturelle.com\/blog\/isolation-acoustique-obligatoire\/\"},\"wordCount\":432,\"commentCount\":0,\"publisher\":{\"@id\":\"https:\/\/www.la-maison-naturelle.com\/blog\/#organization\"},\"image\":{\"@id\":\"https:\/\/www.la-maison-naturelle.com\/blog\/isolation-acoustique-obligatoire\/#primaryimage\"},\"thumbnailUrl\":\"https:\/\/www.la-maison-naturelle.com\/blog\/wp-content\/uploads\/2018\/05\/989b8c553dd9d24695ebbc1379430911.jpg\",\"articleSection\":[\"Int\u00e9rieur &amp; d\u00e9coration\"],\"inLanguage\":\"fr-FR\",\"potentialAction\":[{\"@type\":\"CommentAction\",\"name\":\"Comment\",\"target\":[\"https:\/\/www.la-maison-naturelle.com\/blog\/isolation-acoustique-obligatoire\/#respond\"]}]},{\"@type\":\"WebPage\",\"@id\":\"https:\/\/www.la-maison-naturelle.com\/blog\/isolation-acoustique-obligatoire\/\",\"url\":\"https:\/\/www.la-maison-naturelle.com\/blog\/isolation-acoustique-obligatoire\/\",\"name\":\"Isolation acoustique obligatoire en cas de travaux importants de r\u00e9novation - La Maison naturelle | Blog\",\"isPartOf\":{\"@id\":\"https:\/\/www.la-maison-naturelle.com\/blog\/#website\"},\"primaryImageOfPage\":{\"@id\":\"https:\/\/www.la-maison-naturelle.com\/blog\/isolation-acoustique-obligatoire\/#primaryimage\"},\"image\":{\"@id\":\"https:\/\/www.la-maison-naturelle.com\/blog\/isolation-acoustique-obligatoire\/#primaryimage\"},\"thumbnailUrl\":\"https:\/\/www.la-maison-naturelle.com\/blog\/wp-content\/uploads\/2018\/05\/989b8c553dd9d24695ebbc1379430911.jpg\",\"datePublished\":\"2010-05-20T08:21:18+00:00\",\"dateModified\":\"2023-07-15T15:49:16+00:00\",\"breadcrumb\":{\"@id\":\"https:\/\/www.la-maison-naturelle.com\/blog\/isolation-acoustique-obligatoire\/#breadcrumb\"},\"inLanguage\":\"fr-FR\",\"potentialAction\":[{\"@type\":\"ReadAction\",\"target\":[\"https:\/\/www.la-maison-naturelle.com\/blog\/isolation-acoustique-obligatoire\/\"]}]},{\"@type\":\"ImageObject\",\"inLanguage\":\"fr-FR\",\"@id\":\"https:\/\/www.la-maison-naturelle.com\/blog\/isolation-acoustique-obligatoire\/#primaryimage\",\"url\":\"https:\/\/www.la-maison-naturelle.com\/blog\/wp-content\/uploads\/2018\/05\/989b8c553dd9d24695ebbc1379430911.jpg\",\"contentUrl\":\"https:\/\/www.la-maison-naturelle.com\/blog\/wp-content\/uploads\/2018\/05\/989b8c553dd9d24695ebbc1379430911.jpg\",\"width\":424,\"height\":283,\"caption\":\"Close up on hand and ear listening for a quiet sound or paying attention\"},{\"@type\":\"BreadcrumbList\",\"@id\":\"https:\/\/www.la-maison-naturelle.com\/blog\/isolation-acoustique-obligatoire\/#breadcrumb\",\"itemListElement\":[{\"@type\":\"ListItem\",\"position\":1,\"name\":\"Accueil\",\"item\":\"https:\/\/www.la-maison-naturelle.com\/blog\/\"},{\"@type\":\"ListItem\",\"position\":2,\"name\":\"Isolation acoustique obligatoire en cas de travaux importants de r\u00e9novation\"}]},{\"@type\":\"WebSite\",\"@id\":\"https:\/\/www.la-maison-naturelle.com\/blog\/#website\",\"url\":\"https:\/\/www.la-maison-naturelle.com\/blog\/\",\"name\":\"La Maison naturelle | Blog\",\"description\":\"Blog de la Maison naturelle\",\"publisher\":{\"@id\":\"https:\/\/www.la-maison-naturelle.com\/blog\/#organization\"},\"potentialAction\":[{\"@type\":\"SearchAction\",\"target\":{\"@type\":\"EntryPoint\",\"urlTemplate\":\"https:\/\/www.la-maison-naturelle.com\/blog\/?s={search_term_string}\"},\"query-input\":{\"@type\":\"PropertyValueSpecification\",\"valueRequired\":true,\"valueName\":\"search_term_string\"}}],\"inLanguage\":\"fr-FR\"},{\"@type\":\"Organization\",\"@id\":\"https:\/\/www.la-maison-naturelle.com\/blog\/#organization\",\"name\":\"La Maison naturelle | Blog\",\"url\":\"https:\/\/www.la-maison-naturelle.com\/blog\/\",\"logo\":{\"@type\":\"ImageObject\",\"inLanguage\":\"fr-FR\",\"@id\":\"https:\/\/www.la-maison-naturelle.com\/blog\/#\/schema\/logo\/image\/\",\"url\":\"https:\/\/www.la-maison-naturelle.com\/blog\/wp-content\/uploads\/2021\/07\/maison-naturelle-logo.svg\",\"contentUrl\":\"https:\/\/www.la-maison-naturelle.com\/blog\/wp-content\/uploads\/2021\/07\/maison-naturelle-logo.svg\",\"width\":156,\"height\":64,\"caption\":\"La Maison naturelle | Blog\"},\"image\":{\"@id\":\"https:\/\/www.la-maison-naturelle.com\/blog\/#\/schema\/logo\/image\/\"}},{\"@type\":\"Person\",\"@id\":\"https:\/\/www.la-maison-naturelle.com\/blog\/#\/schema\/person\/cad2a9ed80410189f0688441d546d43f\",\"name\":\"Eloise\",\"image\":{\"@type\":\"ImageObject\",\"inLanguage\":\"fr-FR\",\"@id\":\"https:\/\/www.la-maison-naturelle.com\/blog\/#\/schema\/person\/image\/\",\"url\":\"https:\/\/secure.gravatar.com\/avatar\/344186806f5e8613d4a2109f3b0228a847a7c0858a8023778c44bdcfc1111df9?s=96&d=mm&r=g\",\"contentUrl\":\"https:\/\/secure.gravatar.com\/avatar\/344186806f5e8613d4a2109f3b0228a847a7c0858a8023778c44bdcfc1111df9?s=96&d=mm&r=g\",\"caption\":\"Eloise\"},\"sameAs\":[\"https:\/\/www.la-maison-naturelle.com\/\"],\"url\":\"https:\/\/www.la-maison-naturelle.com\/blog\/author\/idries\/\"}]}<\/script>\n<!-- \/ Yoast SEO plugin. -->","yoast_head_json":{"title":"Isolation acoustique obligatoire en cas de travaux importants de r\u00e9novation - La Maison naturelle | Blog","robots":{"index":"index","follow":"follow","max-snippet":"max-snippet:-1","max-image-preview":"max-image-preview:large","max-video-preview":"max-video-preview:-1"},"canonical":"https:\/\/www.la-maison-naturelle.com\/blog\/isolation-acoustique-obligatoire\/","og_locale":"fr_FR","og_type":"article","og_title":"Isolation acoustique obligatoire en cas de travaux importants de r\u00e9novation - La Maison naturelle | Blog","og_description":"Depuis le 1er juillet 2017, tous les travaux de de ravalement de fa\u00e7ade et de toiture et tous travaux de r\u00e9novation \u00e9nerg\u00e9tique devront comporter un volet isolation acoustique dans le cas de travaux importants dans les endroits expos\u00e9es aux bruits tels que la proximit\u00e9 des r\u00e9seaux routiers tr\u00e8s fr\u00e9quent\u00e9s, le long des lignes et des [&hellip;]","og_url":"https:\/\/www.la-maison-naturelle.com\/blog\/isolation-acoustique-obligatoire\/","og_site_name":"La Maison naturelle | Blog","article_published_time":"2010-05-20T08:21:18+00:00","article_modified_time":"2023-07-15T15:49:16+00:00","og_image":[{"width":424,"height":283,"url":"https:\/\/www.la-maison-naturelle.com\/blog\/wp-content\/uploads\/2018\/05\/989b8c553dd9d24695ebbc1379430911.jpg","type":"image\/jpeg"}],"author":"Eloise","twitter_card":"summary_large_image","twitter_misc":{"\u00c9crit par":"Eloise","Dur\u00e9e de lecture estim\u00e9e":"2 minutes"},"schema":{"@context":"https:\/\/schema.org","@graph":[{"@type":"Article","@id":"https:\/\/www.la-maison-naturelle.com\/blog\/isolation-acoustique-obligatoire\/#article","isPartOf":{"@id":"https:\/\/www.la-maison-naturelle.com\/blog\/isolation-acoustique-obligatoire\/"},"author":{"name":"Eloise","@id":"https:\/\/www.la-maison-naturelle.com\/blog\/#\/schema\/person\/cad2a9ed80410189f0688441d546d43f"},"headline":"Isolation acoustique obligatoire en cas de travaux importants de r\u00e9novation","datePublished":"2010-05-20T08:21:18+00:00","dateModified":"2023-07-15T15:49:16+00:00","mainEntityOfPage":{"@id":"https:\/\/www.la-maison-naturelle.com\/blog\/isolation-acoustique-obligatoire\/"},"wordCount":432,"commentCount":0,"publisher":{"@id":"https:\/\/www.la-maison-naturelle.com\/blog\/#organization"},"image":{"@id":"https:\/\/www.la-maison-naturelle.com\/blog\/isolation-acoustique-obligatoire\/#primaryimage"},"thumbnailUrl":"https:\/\/www.la-maison-naturelle.com\/blog\/wp-content\/uploads\/2018\/05\/989b8c553dd9d24695ebbc1379430911.jpg","articleSection":["Int\u00e9rieur &amp; d\u00e9coration"],"inLanguage":"fr-FR","potentialAction":[{"@type":"CommentAction","name":"Comment","target":["https:\/\/www.la-maison-naturelle.com\/blog\/isolation-acoustique-obligatoire\/#respond"]}]},{"@type":"WebPage","@id":"https:\/\/www.la-maison-naturelle.com\/blog\/isolation-acoustique-obligatoire\/","url":"https:\/\/www.la-maison-naturelle.com\/blog\/isolation-acoustique-obligatoire\/","name":"Isolation acoustique obligatoire en cas de travaux importants de r\u00e9novation - La Maison naturelle | Blog","isPartOf":{"@id":"https:\/\/www.la-maison-naturelle.com\/blog\/#website"},"primaryImageOfPage":{"@id":"https:\/\/www.la-maison-naturelle.com\/blog\/isolation-acoustique-obligatoire\/#primaryimage"},"image":{"@id":"https:\/\/www.la-maison-naturelle.com\/blog\/isolation-acoustique-obligatoire\/#primaryimage"},"thumbnailUrl":"https:\/\/www.la-maison-naturelle.com\/blog\/wp-content\/uploads\/2018\/05\/989b8c553dd9d24695ebbc1379430911.jpg","datePublished":"2010-05-20T08:21:18+00:00","dateModified":"2023-07-15T15:49:16+00:00","breadcrumb":{"@id":"https:\/\/www.la-maison-naturelle.com\/blog\/isolation-acoustique-obligatoire\/#breadcrumb"},"inLanguage":"fr-FR","potentialAction":[{"@type":"ReadAction","target":["https:\/\/www.la-maison-naturelle.com\/blog\/isolation-acoustique-obligatoire\/"]}]},{"@type":"ImageObject","inLanguage":"fr-FR","@id":"https:\/\/www.la-maison-naturelle.com\/blog\/isolation-acoustique-obligatoire\/#primaryimage","url":"https:\/\/www.la-maison-naturelle.com\/blog\/wp-content\/uploads\/2018\/05\/989b8c553dd9d24695ebbc1379430911.jpg","contentUrl":"https:\/\/www.la-maison-naturelle.com\/blog\/wp-content\/uploads\/2018\/05\/989b8c553dd9d24695ebbc1379430911.jpg","width":424,"height":283,"caption":"Close up on hand and ear listening for a quiet sound or paying attention"},{"@type":"BreadcrumbList","@id":"https:\/\/www.la-maison-naturelle.com\/blog\/isolation-acoustique-obligatoire\/#breadcrumb","itemListElement":[{"@type":"ListItem","position":1,"name":"Accueil","item":"https:\/\/www.la-maison-naturelle.com\/blog\/"},{"@type":"ListItem","position":2,"name":"Isolation acoustique obligatoire en cas de travaux importants de r\u00e9novation"}]},{"@type":"WebSite","@id":"https:\/\/www.la-maison-naturelle.com\/blog\/#website","url":"https:\/\/www.la-maison-naturelle.com\/blog\/","name":"La Maison naturelle | Blog","description":"Blog de la Maison naturelle","publisher":{"@id":"https:\/\/www.la-maison-naturelle.com\/blog\/#organization"},"potentialAction":[{"@type":"SearchAction","target":{"@type":"EntryPoint","urlTemplate":"https:\/\/www.la-maison-naturelle.com\/blog\/?s={search_term_string}"},"query-input":{"@type":"PropertyValueSpecification","valueRequired":true,"valueName":"search_term_string"}}],"inLanguage":"fr-FR"},{"@type":"Organization","@id":"https:\/\/www.la-maison-naturelle.com\/blog\/#organization","name":"La Maison naturelle | Blog","url":"https:\/\/www.la-maison-naturelle.com\/blog\/","logo":{"@type":"ImageObject","inLanguage":"fr-FR","@id":"https:\/\/www.la-maison-naturelle.com\/blog\/#\/schema\/logo\/image\/","url":"https:\/\/www.la-maison-naturelle.com\/blog\/wp-content\/uploads\/2021\/07\/maison-naturelle-logo.svg","contentUrl":"https:\/\/www.la-maison-naturelle.com\/blog\/wp-content\/uploads\/2021\/07\/maison-naturelle-logo.svg","width":156,"height":64,"caption":"La Maison naturelle | Blog"},"image":{"@id":"https:\/\/www.la-maison-naturelle.com\/blog\/#\/schema\/logo\/image\/"}},{"@type":"Person","@id":"https:\/\/www.la-maison-naturelle.com\/blog\/#\/schema\/person\/cad2a9ed80410189f0688441d546d43f","name":"Eloise","image":{"@type":"ImageObject","inLanguage":"fr-FR","@id":"https:\/\/www.la-maison-naturelle.com\/blog\/#\/schema\/person\/image\/","url":"https:\/\/secure.gravatar.com\/avatar\/344186806f5e8613d4a2109f3b0228a847a7c0858a8023778c44bdcfc1111df9?s=96&d=mm&r=g","contentUrl":"https:\/\/secure.gravatar.com\/avatar\/344186806f5e8613d4a2109f3b0228a847a7c0858a8023778c44bdcfc1111df9?s=96&d=mm&r=g","caption":"Eloise"},"sameAs":["https:\/\/www.la-maison-naturelle.com\/"],"url":"https:\/\/www.la-maison-naturelle.com\/blog\/author\/idries\/"}]}},"_links":{"self":[{"href":"https:\/\/www.la-maison-naturelle.com\/blog\/wp-json\/wp\/v2\/posts\/811","targetHints":{"allow":["GET"]}}],"collection":[{"href":"https:\/\/www.la-maison-naturelle.com\/blog\/wp-json\/wp\/v2\/posts"}],"about":[{"href":"https:\/\/www.la-maison-naturelle.com\/blog\/wp-json\/wp\/v2\/types\/post"}],"author":[{"embeddable":true,"href":"https:\/\/www.la-maison-naturelle.com\/blog\/wp-json\/wp\/v2\/users\/5"}],"replies":[{"embeddable":true,"href":"https:\/\/www.la-maison-naturelle.com\/blog\/wp-json\/wp\/v2\/comments?post=811"}],"version-history":[{"count":5,"href":"https:\/\/www.la-maison-naturelle.com\/blog\/wp-json\/wp\/v2\/posts\/811\/revisions"}],"predecessor-version":[{"id":3798,"href":"https:\/\/www.la-maison-naturelle.com\/blog\/wp-json\/wp\/v2\/posts\/811\/revisions\/3798"}],"wp:featuredmedia":[{"embeddable":true,"href":"https:\/\/www.la-maison-naturelle.com\/blog\/wp-json\/wp\/v2\/media\/4005"}],"wp:attachment":[{"href":"https:\/\/www.la-maison-naturelle.com\/blog\/wp-json\/wp\/v2\/media?parent=811"}],"wp:term":[{"taxonomy":"category","embeddable":true,"href":"https:\/\/www.la-maison-naturelle.com\/blog\/wp-json\/wp\/v2\/categories?post=811"},{"taxonomy":"post_tag","embeddable":true,"href":"https:\/\/www.la-maison-naturelle.com\/blog\/wp-json\/wp\/v2\/tags?post=811"}],"curies":[{"name":"wp","href":"https:\/\/api.w.org\/{rel}","templated":true}]}}