{"id":770,"date":"2022-09-15T10:01:36","date_gmt":"2022-09-15T08:01:36","guid":{"rendered":"https:\/\/www.la-maison-naturelle.com\/blog\/?p=770"},"modified":"2023-08-04T19:08:11","modified_gmt":"2023-08-04T17:08:11","slug":"conserver-les-pommes-de-terre","status":"publish","type":"post","link":"https:\/\/www.la-maison-naturelle.com\/blog\/conserver-les-pommes-de-terre\/","title":{"rendered":"Conserver les pommes de terre"},"content":{"rendered":"<table style=\" width=\"100%\",max-width=\"839\">\n<tbody>\n<tr>\n<td colspan=\"3\"><a href=\"https:\/\/www.la-maison-naturelle.com\/\"><img decoding=\"async\" class=\"wp-image-5568 aligncenter\" src=\"https:\/\/www.la-maison-naturelle.com\/blog\/wp-content\/uploads\/2012\/05\/Dark-Green-and-Gray-Professional-and-Clean-E-Commerce-Email-Header-300x35.png\" alt=\"\" width=\"839\" srcset=\"https:\/\/www.la-maison-naturelle.com\/blog\/wp-content\/uploads\/2012\/05\/Dark-Green-and-Gray-Professional-and-Clean-E-Commerce-Email-Header-300x35.png 300w, https:\/\/www.la-maison-naturelle.com\/blog\/wp-content\/uploads\/2012\/05\/Dark-Green-and-Gray-Professional-and-Clean-E-Commerce-Email-Header-1024x119.png 1024w, https:\/\/www.la-maison-naturelle.com\/blog\/wp-content\/uploads\/2012\/05\/Dark-Green-and-Gray-Professional-and-Clean-E-Commerce-Email-Header-768x89.png 768w, https:\/\/www.la-maison-naturelle.com\/blog\/wp-content\/uploads\/2012\/05\/Dark-Green-and-Gray-Professional-and-Clean-E-Commerce-Email-Header-1536x178.png 1536w, https:\/\/www.la-maison-naturelle.com\/blog\/wp-content\/uploads\/2012\/05\/Dark-Green-and-Gray-Professional-and-Clean-E-Commerce-Email-Header.png 1578w\" sizes=\"(max-width: 300px) 100vw, 300px\" \/><\/a><\/td>\n<\/tr>\n<tr>\n<td><a href=\"https:\/\/www.la-maison-naturelle.com\/5260-materiaux-et-bricolage\"><img loading=\"lazy\" decoding=\"async\" class=\"alignright size-medium wp-image-5565\" src=\"https:\/\/www.la-maison-naturelle.com\/blog\/wp-content\/uploads\/2012\/05\/73a5f09c-2ef6-46dd-90d1-9cf73599e16b-1-249x300.png\" alt=\"Mat\u00e9riaux et bricolage\" width=\"249\" height=\"300\" srcset=\"https:\/\/www.la-maison-naturelle.com\/blog\/wp-content\/uploads\/2012\/05\/73a5f09c-2ef6-46dd-90d1-9cf73599e16b-1-249x300.png 249w, https:\/\/www.la-maison-naturelle.com\/blog\/wp-content\/uploads\/2012\/05\/73a5f09c-2ef6-46dd-90d1-9cf73599e16b-1.png 397w\" sizes=\"auto, (max-width: 249px) 100vw, 249px\" \/><\/a><\/td>\n<td><a href=\"https:\/\/www.la-maison-naturelle.com\/5266-amenagement-du-jardin\"><img loading=\"lazy\" decoding=\"async\" class=\"alignright size-medium wp-image-5564\" src=\"https:\/\/www.la-maison-naturelle.com\/blog\/wp-content\/uploads\/2012\/05\/9224811f-6da5-4d4d-8634-e9a2517a9565-1-249x300.png\" alt=\"Jardin et ext\u00e9rieur\" width=\"249\" height=\"300\" srcset=\"https:\/\/www.la-maison-naturelle.com\/blog\/wp-content\/uploads\/2012\/05\/9224811f-6da5-4d4d-8634-e9a2517a9565-1-249x300.png 249w, https:\/\/www.la-maison-naturelle.com\/blog\/wp-content\/uploads\/2012\/05\/9224811f-6da5-4d4d-8634-e9a2517a9565-1.png 397w\" sizes=\"auto, (max-width: 249px) 100vw, 249px\" \/><\/a><\/td>\n<td><a href=\"https:\/\/www.la-maison-naturelle.com\/5267-interieur-et-decoration\"><img loading=\"lazy\" decoding=\"async\" class=\"alignright size-medium wp-image-5563\" src=\"https:\/\/www.la-maison-naturelle.com\/blog\/wp-content\/uploads\/2012\/05\/b9400ea8-440a-4a4a-8db6-682fde3f9652-1-249x300.png\" alt=\"Int\u00e9rieur et d\u00e9coration\" width=\"249\" height=\"300\" srcset=\"https:\/\/www.la-maison-naturelle.com\/blog\/wp-content\/uploads\/2012\/05\/b9400ea8-440a-4a4a-8db6-682fde3f9652-1-249x300.png 249w, https:\/\/www.la-maison-naturelle.com\/blog\/wp-content\/uploads\/2012\/05\/b9400ea8-440a-4a4a-8db6-682fde3f9652-1.png 397w\" sizes=\"auto, (max-width: 249px) 100vw, 249px\" \/><\/a><\/td>\n<\/tr>\n<\/tbody>\n<\/table>\n<p>Aujourd\u2019hui, on estime \u00e0 un peu plus de 60kg de pommes de terre consomm\u00e9es par an et par personne en France.<\/p>\n<p>Nutritive et peu calorique, la pomme de terre est l\u2019alli\u00e9e des repas l\u00e9gers, \u00e0 condition de ne pas \u00eatre frite ! \ud83d\ude09 Savez vous qu\u2019elle contient de la vitamine C ? Associez la avec des lentilles et des tomates pour r\u00e9aliser une salade compl\u00e8te de saison !<\/p>\n<p style=\"text-align: center;\"><span style=\"text-align: center;\"><a href=\"https:\/\/www.la-maison-naturelle.com\/\"><button>Achetez nos produits sur :<br \/>\n<img loading=\"lazy\" decoding=\"async\" class=\"aligncenter wp-image-376 size-thumbnail\" role=\"img\" src=\"https:\/\/www.la-maison-naturelle.com\/blog\/wp-content\/uploads\/2021\/07\/maison-naturelle-logo.svg\" alt=\"\" width=\"150\" height=\"150\" srcset=\"https:\/\/www.la-maison-naturelle.com\/blog\/wp-content\/uploads\/\/2021\/07\/maison-naturelle-logo.svg 150w, https:\/\/www.la-maison-naturelle.com\/blog\/wp-content\/uploads\/\/2021\/07\/maison-naturelle-logo.svg 300w, https:\/\/www.la-maison-naturelle.com\/blog\/wp-content\/uploads\/\/2021\/07\/maison-naturelle-logo.svg 1024w, https:\/\/www.la-maison-naturelle.com\/blog\/wp-content\/uploads\/\/2021\/07\/maison-naturelle-logo.svg 1536w, https:\/\/www.la-maison-naturelle.com\/blog\/wp-content\/uploads\/\/2021\/07\/maison-naturelle-logo.svg 2048w\" sizes=\"auto, (max-width: 150px) 100vw, 150px\" \/><\/button><\/a><\/span><\/p>\n<div id=\"attachment_461\" class=\"wp-caption aligncenter\">\n<p><a href=\"http:\/\/blog.outils-et-nature.fr\/wp-content\/uploads\/2014\/08\/Pommes-de-terre.jpg\"><img loading=\"lazy\" decoding=\"async\" class=\"alignright size-medium wp-image-771\" src=\"https:\/\/www.la-maison-naturelle.com\/blog\/wp-content\/uploads\/2022\/05\/Pommes-de-terre-300x201.jpg\" alt=\"\" width=\"300\" height=\"201\" srcset=\"https:\/\/www.la-maison-naturelle.com\/blog\/wp-content\/uploads\/2022\/05\/Pommes-de-terre-300x201.jpg 300w, https:\/\/www.la-maison-naturelle.com\/blog\/wp-content\/uploads\/2022\/05\/Pommes-de-terre-768x513.jpg 768w, https:\/\/www.la-maison-naturelle.com\/blog\/wp-content\/uploads\/2022\/05\/Pommes-de-terre.jpg 893w\" sizes=\"auto, (max-width: 300px) 100vw, 300px\" \/><\/a><\/p>\n<p id=\"caption-attachment-461\" class=\"wp-caption-text\">Patates douces<\/p>\n<\/div>\n<p>De nombreux jardiniers la cultive dans leur potager, et certains font parfois des r\u00e9coltes de plusieurs dizaines, voir centaines de kilos !<\/p>\n<p>La pomme de terre se plante apr\u00e8s les derni\u00e8res gel\u00e9es et se r\u00e9colte en plusieurs fois suivant, les vari\u00e9t\u00e9s. Les primeurs sont ramass\u00e9es apr\u00e8s la floraison, tandis que les pommes de terre dites \u00ab\u00a0de conservation\u00a0\u00bb sont sorties de terre \u00e0 l\u2019automne, une fois leur feuillage sec.<\/p>\n<p>Ces derni\u00e8res vari\u00e9t\u00e9s devront \u00eatre stock\u00e9 de pr\u00e9f\u00e9rence au frais et dans l\u2019obscurit\u00e9 : une cave fait parfaitement l\u2019affaire. Veillez \u00e0 ce que ce local soit bien a\u00e9r\u00e9.<\/p>\n<p>C\u2019est pourquoi la\u00a0resserre \u00e0 pommes de terre\u00a0est id\u00e9ale pour la conservation des pomme de terre. Petit meuble en bois, elle se compose de deux parties. Le haut de la resserre est constitu\u00e9 de planchettes espac\u00e9es pour laisser passer l\u2019air. Le haut du meuble est ouvert afin d\u2019y d\u00e9poser les patates. Cette partie sert de r\u00e9serve.<br \/>\nLa deuxi\u00e8me partie, basse, est une sorte de cagette dans laquelle les pommes de terre descendent au fur et \u00e0 mesure : premi\u00e8re entr\u00e9e, premi\u00e8re sortie ! Ce distributeur bien pratique vous \u00e9vite d\u2019avoir \u00e0 plonger le bras tout au fond de la r\u00e9serve \u00e0 chaque fois que vous d\u00e9sirez vous servir.<br \/>\nVous pouvez installer la resserre dans votre cave ou dans le cellier.<\/p>\n<div id=\"attachment_460\" class=\"wp-caption aligncenter\">\n<figure id=\"attachment_772\" aria-describedby=\"caption-attachment-772\" style=\"width: 300px\" class=\"wp-caption alignnone\"><img loading=\"lazy\" decoding=\"async\" class=\"size-medium wp-image-772\" src=\"https:\/\/www.la-maison-naturelle.com\/blog\/wp-content\/uploads\/2022\/05\/Resserre-300x300.jpg\" alt=\"\" width=\"300\" height=\"300\" srcset=\"https:\/\/www.la-maison-naturelle.com\/blog\/wp-content\/uploads\/2022\/05\/Resserre-300x300.jpg 300w, https:\/\/www.la-maison-naturelle.com\/blog\/wp-content\/uploads\/2022\/05\/Resserre-1024x1024.jpg 1024w, https:\/\/www.la-maison-naturelle.com\/blog\/wp-content\/uploads\/2022\/05\/Resserre-150x150.jpg 150w, https:\/\/www.la-maison-naturelle.com\/blog\/wp-content\/uploads\/2022\/05\/Resserre-768x768.jpg 768w, https:\/\/www.la-maison-naturelle.com\/blog\/wp-content\/uploads\/2022\/05\/Resserre-1536x1536.jpg 1536w, https:\/\/www.la-maison-naturelle.com\/blog\/wp-content\/uploads\/2022\/05\/Resserre.jpg 1568w\" sizes=\"auto, (max-width: 300px) 100vw, 300px\" \/><figcaption id=\"caption-attachment-772\" class=\"wp-caption-text\">Resserre \u00e0 pommes de terre<\/figcaption><\/figure>\n<p id=\"caption-attachment-460\" class=\"wp-caption-text\">Resserre \u00e0 pommes de terre<\/p>\n<\/div>\n<p>Id\u00e9ale pour les familles nombreuses, la resserre permet de stocker de grandes quantit\u00e9s de pomme de terre. Si vous cultivez vous m\u00eame vos tubercules, brossez les grossi\u00e8rement mais d\u00e9licatement pour enlever la terre humide de leur peau avant de les ranger dans la r\u00e9serve.<\/p>\n<div id=\"attachment_462\" class=\"wp-caption aligncenter\"><\/div>\n<p><img loading=\"lazy\" decoding=\"async\" class=\"size-medium wp-image-773 aligncenter\" src=\"https:\/\/www.la-maison-naturelle.com\/blog\/wp-content\/uploads\/2022\/05\/post_14_08_01-300x300.jpg\" alt=\"\" width=\"300\" height=\"300\" srcset=\"https:\/\/www.la-maison-naturelle.com\/blog\/wp-content\/uploads\/2022\/05\/post_14_08_01-300x300.jpg 300w, https:\/\/www.la-maison-naturelle.com\/blog\/wp-content\/uploads\/2022\/05\/post_14_08_01-1024x1024.jpg 1024w, https:\/\/www.la-maison-naturelle.com\/blog\/wp-content\/uploads\/2022\/05\/post_14_08_01-150x150.jpg 150w, https:\/\/www.la-maison-naturelle.com\/blog\/wp-content\/uploads\/2022\/05\/post_14_08_01-768x768.jpg 768w, https:\/\/www.la-maison-naturelle.com\/blog\/wp-content\/uploads\/2022\/05\/post_14_08_01-1536x1536.jpg 1536w, https:\/\/www.la-maison-naturelle.com\/blog\/wp-content\/uploads\/2022\/05\/post_14_08_01-2048x2048.jpg 2048w\" sizes=\"auto, (max-width: 300px) 100vw, 300px\" \/><\/p>\n<p>Fini les tas de patates qui s\u2019\u00e9croulent par terre !<\/p>\n","protected":false},"excerpt":{"rendered":"","protected":false},"author":5,"featured_media":773,"comment_status":"open","ping_status":"open","sticky":false,"template":"","format":"standard","meta":{"footnotes":""},"categories":[1],"tags":[],"class_list":["post-770","post","type-post","status-publish","format-standard","has-post-thumbnail","hentry","category-interieur-decoration"],"_wp_attached_file":null,"_wp_attachment_metadata":null,"_wp_attachment_context":null,"_wp_attachment_image_alt":null,"_hf_settings":null,"hf_message_success":null,"hf_message_invalid_email":null,"hf_message_required_field_missing":null,"hf_message_error":null,"_menu_item_type":null,"_menu_item_menu_item_parent":null,"_menu_item_object_id":null,"_menu_item_object":null,"_menu_item_target":null,"_menu_item_classes":null,"_menu_item_xfn":null,"_menu_item_url":null,"_yoast_wpseo_primary_category":"","_thumbnail_id":"773","_oembed_26d84b2c06432105b0a19987ae029a71":null,"_oembed_43e9e2dfde1b9b4ed91c9711026b7ef9":null,"_oembed_1fe1564764edbddc3b61e81acf52be88":null,"_oembed_df60f474cd845141e7ce6596d101e4a0":null,"_oembed_825e674795e2435c0bc66eb08e5d2c8b":null,"_oembed_time_825e674795e2435c0bc66eb08e5d2c8b":null,"_oembed_e917352ff4cc21ea91383201eeaa08cf":null,"_oembed_2363c16c972791c33e283320dc564fce":null,"_oembed_cc9ad5b5073a84776f6a62e33e6c7498":null,"_oembed_time_cc9ad5b5073a84776f6a62e33e6c7498":null,"_oembed_305147fcf4b856de518466e695c209cd":null,"_oembed_8517a877084ae01a5296813ee1d16a2b":null,"_oembed_2741f1556b243e68379198f98ba7f864":null,"_oembed_c3ffa24981451396c950ece2129da0f6":null,"_oembed_6f9091ebe2f3f5fcb5698ba6f4b41477":null,"_wp_old_slug":null,"_oembed_e4fb0f68ba12b85e9e231afe151ba12a":null,"_oembed_3c60e98bd703e617e67f5bbb3b97424d":null,"_oembed_bb060374498dcf40cb6068efe4be87e1":null,"_oembed_d0403e1e71c3a29020bd546b159480f1":null,"_oembed_b030ff17fbbbf8661c59c2ab8ff289eb":null,"_oembed_5cec699ba0631c6c0e4ba4f6af5f228e":null,"_oembed_b06a67f278b90cf4e8dd17cb12fe67b0":null,"_oembed_8e190e4fea2256f17420434651556236":null,"_oembed_b5ded119f1337916a0fc64d2ad85c95f":null,"_oembed_d9364a7a81be31c01415da2c50a48932":null,"_oembed_738cafa36d51a58e5ae3e458aa8f7584":null,"_oembed_ebcab5184b6b321b28efbcbec079859b":null,"_oembed_3dd9e35c2b7b268070e74da5b89cf937":null,"_oembed_e14b167b493e311a1c4e2aab38a463e8":null,"_oembed_dc8f7d108b38f3f0c2e0785b8bc46cae":null,"_oembed_55cf1c5142884afed312c2666bf27520":null,"_oembed_2292333bf03a956b4b61afafeff6bca0":null,"_oembed_82a986a6b900856fec23169de03a0038":null,"_oembed_4048ded025352b83569104210074165a":null,"_oembed_033b42b1af757abc39e4487233cee7f5":null,"_oembed_aec1d50f2b159366be8e37e94b201be1":null,"_oembed_0adc8480b2fcadf9a1733f572ce3d3f8":null,"_yoast_wpseo_title":null,"_yoast_wpseo_focuskw":null,"_yoast_wpseo_linkdex":null,"_yoast_wpseo_metadesc":null,"_yoast_wpseo_wordproof_timestamp":"","_tpl_archive_meta_key":null,"_form":null,"_mail":null,"_mail_2":null,"_messages":null,"_additional_settings":null,"_locale":null,"_wp_old_date":"2022-05-16","_edit_last":"5","_wpb_vc_js_status":"false","_yoast_wpseo_estimated-reading-time-minutes":"4","_edit_lock":"1691168812:5","_yoast_wpseo_content_score":"30","yoast_head":"<!-- This site is optimized with the Yoast SEO plugin v24.3 - https:\/\/yoast.com\/wordpress\/plugins\/seo\/ -->\n<title>Conserver les pommes de terre - La Maison naturelle | Blog<\/title>\n<meta name=\"robots\" content=\"index, follow, max-snippet:-1, max-image-preview:large, max-video-preview:-1\" \/>\n<link rel=\"canonical\" href=\"https:\/\/www.la-maison-naturelle.com\/blog\/conserver-les-pommes-de-terre\/\" \/>\n<meta property=\"og:locale\" content=\"fr_FR\" \/>\n<meta property=\"og:type\" content=\"article\" \/>\n<meta property=\"og:title\" content=\"Conserver les pommes de terre - La Maison naturelle | Blog\" \/>\n<meta property=\"og:url\" content=\"https:\/\/www.la-maison-naturelle.com\/blog\/conserver-les-pommes-de-terre\/\" \/>\n<meta property=\"og:site_name\" content=\"La Maison naturelle | Blog\" \/>\n<meta property=\"article:published_time\" content=\"2022-09-15T08:01:36+00:00\" \/>\n<meta property=\"article:modified_time\" content=\"2023-08-04T17:08:11+00:00\" \/>\n<meta property=\"og:image\" content=\"https:\/\/www.la-maison-naturelle.com\/blog\/wp-content\/uploads\/2022\/05\/post_14_08_01.jpg\" \/>\n\t<meta property=\"og:image:width\" content=\"2124\" \/>\n\t<meta property=\"og:image:height\" content=\"2124\" \/>\n\t<meta property=\"og:image:type\" content=\"image\/jpeg\" \/>\n<meta name=\"author\" content=\"Eloise\" \/>\n<meta name=\"twitter:card\" content=\"summary_large_image\" \/>\n<meta name=\"twitter:label1\" content=\"\u00c9crit par\" \/>\n\t<meta name=\"twitter:data1\" content=\"Eloise\" \/>\n\t<meta name=\"twitter:label2\" content=\"Dur\u00e9e de lecture estim\u00e9e\" \/>\n\t<meta name=\"twitter:data2\" content=\"4 minutes\" \/>\n<script type=\"application\/ld+json\" class=\"yoast-schema-graph\">{\"@context\":\"https:\/\/schema.org\",\"@graph\":[{\"@type\":\"Article\",\"@id\":\"https:\/\/www.la-maison-naturelle.com\/blog\/conserver-les-pommes-de-terre\/#article\",\"isPartOf\":{\"@id\":\"https:\/\/www.la-maison-naturelle.com\/blog\/conserver-les-pommes-de-terre\/\"},\"author\":{\"name\":\"Eloise\",\"@id\":\"https:\/\/www.la-maison-naturelle.com\/blog\/#\/schema\/person\/cad2a9ed80410189f0688441d546d43f\"},\"headline\":\"Conserver les pommes de terre\",\"datePublished\":\"2022-09-15T08:01:36+00:00\",\"dateModified\":\"2023-08-04T17:08:11+00:00\",\"mainEntityOfPage\":{\"@id\":\"https:\/\/www.la-maison-naturelle.com\/blog\/conserver-les-pommes-de-terre\/\"},\"wordCount\":5,\"commentCount\":0,\"publisher\":{\"@id\":\"https:\/\/www.la-maison-naturelle.com\/blog\/#organization\"},\"image\":{\"@id\":\"https:\/\/www.la-maison-naturelle.com\/blog\/conserver-les-pommes-de-terre\/#primaryimage\"},\"thumbnailUrl\":\"https:\/\/www.la-maison-naturelle.com\/blog\/wp-content\/uploads\/2022\/05\/post_14_08_01.jpg\",\"articleSection\":[\"Int\u00e9rieur &amp; d\u00e9coration\"],\"inLanguage\":\"fr-FR\",\"potentialAction\":[{\"@type\":\"CommentAction\",\"name\":\"Comment\",\"target\":[\"https:\/\/www.la-maison-naturelle.com\/blog\/conserver-les-pommes-de-terre\/#respond\"]}]},{\"@type\":\"WebPage\",\"@id\":\"https:\/\/www.la-maison-naturelle.com\/blog\/conserver-les-pommes-de-terre\/\",\"url\":\"https:\/\/www.la-maison-naturelle.com\/blog\/conserver-les-pommes-de-terre\/\",\"name\":\"Conserver les pommes de terre - La Maison naturelle | Blog\",\"isPartOf\":{\"@id\":\"https:\/\/www.la-maison-naturelle.com\/blog\/#website\"},\"primaryImageOfPage\":{\"@id\":\"https:\/\/www.la-maison-naturelle.com\/blog\/conserver-les-pommes-de-terre\/#primaryimage\"},\"image\":{\"@id\":\"https:\/\/www.la-maison-naturelle.com\/blog\/conserver-les-pommes-de-terre\/#primaryimage\"},\"thumbnailUrl\":\"https:\/\/www.la-maison-naturelle.com\/blog\/wp-content\/uploads\/2022\/05\/post_14_08_01.jpg\",\"datePublished\":\"2022-09-15T08:01:36+00:00\",\"dateModified\":\"2023-08-04T17:08:11+00:00\",\"breadcrumb\":{\"@id\":\"https:\/\/www.la-maison-naturelle.com\/blog\/conserver-les-pommes-de-terre\/#breadcrumb\"},\"inLanguage\":\"fr-FR\",\"potentialAction\":[{\"@type\":\"ReadAction\",\"target\":[\"https:\/\/www.la-maison-naturelle.com\/blog\/conserver-les-pommes-de-terre\/\"]}]},{\"@type\":\"ImageObject\",\"inLanguage\":\"fr-FR\",\"@id\":\"https:\/\/www.la-maison-naturelle.com\/blog\/conserver-les-pommes-de-terre\/#primaryimage\",\"url\":\"https:\/\/www.la-maison-naturelle.com\/blog\/wp-content\/uploads\/2022\/05\/post_14_08_01.jpg\",\"contentUrl\":\"https:\/\/www.la-maison-naturelle.com\/blog\/wp-content\/uploads\/2022\/05\/post_14_08_01.jpg\",\"width\":2124,\"height\":2124},{\"@type\":\"BreadcrumbList\",\"@id\":\"https:\/\/www.la-maison-naturelle.com\/blog\/conserver-les-pommes-de-terre\/#breadcrumb\",\"itemListElement\":[{\"@type\":\"ListItem\",\"position\":1,\"name\":\"Accueil\",\"item\":\"https:\/\/www.la-maison-naturelle.com\/blog\/\"},{\"@type\":\"ListItem\",\"position\":2,\"name\":\"Conserver les pommes de terre\"}]},{\"@type\":\"WebSite\",\"@id\":\"https:\/\/www.la-maison-naturelle.com\/blog\/#website\",\"url\":\"https:\/\/www.la-maison-naturelle.com\/blog\/\",\"name\":\"La Maison naturelle | Blog\",\"description\":\"Blog de la Maison naturelle\",\"publisher\":{\"@id\":\"https:\/\/www.la-maison-naturelle.com\/blog\/#organization\"},\"potentialAction\":[{\"@type\":\"SearchAction\",\"target\":{\"@type\":\"EntryPoint\",\"urlTemplate\":\"https:\/\/www.la-maison-naturelle.com\/blog\/?s={search_term_string}\"},\"query-input\":{\"@type\":\"PropertyValueSpecification\",\"valueRequired\":true,\"valueName\":\"search_term_string\"}}],\"inLanguage\":\"fr-FR\"},{\"@type\":\"Organization\",\"@id\":\"https:\/\/www.la-maison-naturelle.com\/blog\/#organization\",\"name\":\"La Maison naturelle | Blog\",\"url\":\"https:\/\/www.la-maison-naturelle.com\/blog\/\",\"logo\":{\"@type\":\"ImageObject\",\"inLanguage\":\"fr-FR\",\"@id\":\"https:\/\/www.la-maison-naturelle.com\/blog\/#\/schema\/logo\/image\/\",\"url\":\"https:\/\/www.la-maison-naturelle.com\/blog\/wp-content\/uploads\/2021\/07\/maison-naturelle-logo.svg\",\"contentUrl\":\"https:\/\/www.la-maison-naturelle.com\/blog\/wp-content\/uploads\/2021\/07\/maison-naturelle-logo.svg\",\"width\":156,\"height\":64,\"caption\":\"La Maison naturelle | Blog\"},\"image\":{\"@id\":\"https:\/\/www.la-maison-naturelle.com\/blog\/#\/schema\/logo\/image\/\"}},{\"@type\":\"Person\",\"@id\":\"https:\/\/www.la-maison-naturelle.com\/blog\/#\/schema\/person\/cad2a9ed80410189f0688441d546d43f\",\"name\":\"Eloise\",\"image\":{\"@type\":\"ImageObject\",\"inLanguage\":\"fr-FR\",\"@id\":\"https:\/\/www.la-maison-naturelle.com\/blog\/#\/schema\/person\/image\/\",\"url\":\"https:\/\/secure.gravatar.com\/avatar\/344186806f5e8613d4a2109f3b0228a847a7c0858a8023778c44bdcfc1111df9?s=96&d=mm&r=g\",\"contentUrl\":\"https:\/\/secure.gravatar.com\/avatar\/344186806f5e8613d4a2109f3b0228a847a7c0858a8023778c44bdcfc1111df9?s=96&d=mm&r=g\",\"caption\":\"Eloise\"},\"sameAs\":[\"https:\/\/www.la-maison-naturelle.com\/\"],\"url\":\"https:\/\/www.la-maison-naturelle.com\/blog\/author\/idries\/\"}]}<\/script>\n<!-- \/ Yoast SEO plugin. -->","yoast_head_json":{"title":"Conserver les pommes de terre - La Maison naturelle | Blog","robots":{"index":"index","follow":"follow","max-snippet":"max-snippet:-1","max-image-preview":"max-image-preview:large","max-video-preview":"max-video-preview:-1"},"canonical":"https:\/\/www.la-maison-naturelle.com\/blog\/conserver-les-pommes-de-terre\/","og_locale":"fr_FR","og_type":"article","og_title":"Conserver les pommes de terre - La Maison naturelle | Blog","og_url":"https:\/\/www.la-maison-naturelle.com\/blog\/conserver-les-pommes-de-terre\/","og_site_name":"La Maison naturelle | Blog","article_published_time":"2022-09-15T08:01:36+00:00","article_modified_time":"2023-08-04T17:08:11+00:00","og_image":[{"width":2124,"height":2124,"url":"https:\/\/www.la-maison-naturelle.com\/blog\/wp-content\/uploads\/2022\/05\/post_14_08_01.jpg","type":"image\/jpeg"}],"author":"Eloise","twitter_card":"summary_large_image","twitter_misc":{"\u00c9crit par":"Eloise","Dur\u00e9e de lecture estim\u00e9e":"4 minutes"},"schema":{"@context":"https:\/\/schema.org","@graph":[{"@type":"Article","@id":"https:\/\/www.la-maison-naturelle.com\/blog\/conserver-les-pommes-de-terre\/#article","isPartOf":{"@id":"https:\/\/www.la-maison-naturelle.com\/blog\/conserver-les-pommes-de-terre\/"},"author":{"name":"Eloise","@id":"https:\/\/www.la-maison-naturelle.com\/blog\/#\/schema\/person\/cad2a9ed80410189f0688441d546d43f"},"headline":"Conserver les pommes de terre","datePublished":"2022-09-15T08:01:36+00:00","dateModified":"2023-08-04T17:08:11+00:00","mainEntityOfPage":{"@id":"https:\/\/www.la-maison-naturelle.com\/blog\/conserver-les-pommes-de-terre\/"},"wordCount":5,"commentCount":0,"publisher":{"@id":"https:\/\/www.la-maison-naturelle.com\/blog\/#organization"},"image":{"@id":"https:\/\/www.la-maison-naturelle.com\/blog\/conserver-les-pommes-de-terre\/#primaryimage"},"thumbnailUrl":"https:\/\/www.la-maison-naturelle.com\/blog\/wp-content\/uploads\/2022\/05\/post_14_08_01.jpg","articleSection":["Int\u00e9rieur &amp; d\u00e9coration"],"inLanguage":"fr-FR","potentialAction":[{"@type":"CommentAction","name":"Comment","target":["https:\/\/www.la-maison-naturelle.com\/blog\/conserver-les-pommes-de-terre\/#respond"]}]},{"@type":"WebPage","@id":"https:\/\/www.la-maison-naturelle.com\/blog\/conserver-les-pommes-de-terre\/","url":"https:\/\/www.la-maison-naturelle.com\/blog\/conserver-les-pommes-de-terre\/","name":"Conserver les pommes de terre - La Maison naturelle | Blog","isPartOf":{"@id":"https:\/\/www.la-maison-naturelle.com\/blog\/#website"},"primaryImageOfPage":{"@id":"https:\/\/www.la-maison-naturelle.com\/blog\/conserver-les-pommes-de-terre\/#primaryimage"},"image":{"@id":"https:\/\/www.la-maison-naturelle.com\/blog\/conserver-les-pommes-de-terre\/#primaryimage"},"thumbnailUrl":"https:\/\/www.la-maison-naturelle.com\/blog\/wp-content\/uploads\/2022\/05\/post_14_08_01.jpg","datePublished":"2022-09-15T08:01:36+00:00","dateModified":"2023-08-04T17:08:11+00:00","breadcrumb":{"@id":"https:\/\/www.la-maison-naturelle.com\/blog\/conserver-les-pommes-de-terre\/#breadcrumb"},"inLanguage":"fr-FR","potentialAction":[{"@type":"ReadAction","target":["https:\/\/www.la-maison-naturelle.com\/blog\/conserver-les-pommes-de-terre\/"]}]},{"@type":"ImageObject","inLanguage":"fr-FR","@id":"https:\/\/www.la-maison-naturelle.com\/blog\/conserver-les-pommes-de-terre\/#primaryimage","url":"https:\/\/www.la-maison-naturelle.com\/blog\/wp-content\/uploads\/2022\/05\/post_14_08_01.jpg","contentUrl":"https:\/\/www.la-maison-naturelle.com\/blog\/wp-content\/uploads\/2022\/05\/post_14_08_01.jpg","width":2124,"height":2124},{"@type":"BreadcrumbList","@id":"https:\/\/www.la-maison-naturelle.com\/blog\/conserver-les-pommes-de-terre\/#breadcrumb","itemListElement":[{"@type":"ListItem","position":1,"name":"Accueil","item":"https:\/\/www.la-maison-naturelle.com\/blog\/"},{"@type":"ListItem","position":2,"name":"Conserver les pommes de terre"}]},{"@type":"WebSite","@id":"https:\/\/www.la-maison-naturelle.com\/blog\/#website","url":"https:\/\/www.la-maison-naturelle.com\/blog\/","name":"La Maison naturelle | Blog","description":"Blog de la Maison naturelle","publisher":{"@id":"https:\/\/www.la-maison-naturelle.com\/blog\/#organization"},"potentialAction":[{"@type":"SearchAction","target":{"@type":"EntryPoint","urlTemplate":"https:\/\/www.la-maison-naturelle.com\/blog\/?s={search_term_string}"},"query-input":{"@type":"PropertyValueSpecification","valueRequired":true,"valueName":"search_term_string"}}],"inLanguage":"fr-FR"},{"@type":"Organization","@id":"https:\/\/www.la-maison-naturelle.com\/blog\/#organization","name":"La Maison naturelle | Blog","url":"https:\/\/www.la-maison-naturelle.com\/blog\/","logo":{"@type":"ImageObject","inLanguage":"fr-FR","@id":"https:\/\/www.la-maison-naturelle.com\/blog\/#\/schema\/logo\/image\/","url":"https:\/\/www.la-maison-naturelle.com\/blog\/wp-content\/uploads\/2021\/07\/maison-naturelle-logo.svg","contentUrl":"https:\/\/www.la-maison-naturelle.com\/blog\/wp-content\/uploads\/2021\/07\/maison-naturelle-logo.svg","width":156,"height":64,"caption":"La Maison naturelle | Blog"},"image":{"@id":"https:\/\/www.la-maison-naturelle.com\/blog\/#\/schema\/logo\/image\/"}},{"@type":"Person","@id":"https:\/\/www.la-maison-naturelle.com\/blog\/#\/schema\/person\/cad2a9ed80410189f0688441d546d43f","name":"Eloise","image":{"@type":"ImageObject","inLanguage":"fr-FR","@id":"https:\/\/www.la-maison-naturelle.com\/blog\/#\/schema\/person\/image\/","url":"https:\/\/secure.gravatar.com\/avatar\/344186806f5e8613d4a2109f3b0228a847a7c0858a8023778c44bdcfc1111df9?s=96&d=mm&r=g","contentUrl":"https:\/\/secure.gravatar.com\/avatar\/344186806f5e8613d4a2109f3b0228a847a7c0858a8023778c44bdcfc1111df9?s=96&d=mm&r=g","caption":"Eloise"},"sameAs":["https:\/\/www.la-maison-naturelle.com\/"],"url":"https:\/\/www.la-maison-naturelle.com\/blog\/author\/idries\/"}]}},"_links":{"self":[{"href":"https:\/\/www.la-maison-naturelle.com\/blog\/wp-json\/wp\/v2\/posts\/770","targetHints":{"allow":["GET"]}}],"collection":[{"href":"https:\/\/www.la-maison-naturelle.com\/blog\/wp-json\/wp\/v2\/posts"}],"about":[{"href":"https:\/\/www.la-maison-naturelle.com\/blog\/wp-json\/wp\/v2\/types\/post"}],"author":[{"embeddable":true,"href":"https:\/\/www.la-maison-naturelle.com\/blog\/wp-json\/wp\/v2\/users\/5"}],"replies":[{"embeddable":true,"href":"https:\/\/www.la-maison-naturelle.com\/blog\/wp-json\/wp\/v2\/comments?post=770"}],"version-history":[{"count":7,"href":"https:\/\/www.la-maison-naturelle.com\/blog\/wp-json\/wp\/v2\/posts\/770\/revisions"}],"predecessor-version":[{"id":5791,"href":"https:\/\/www.la-maison-naturelle.com\/blog\/wp-json\/wp\/v2\/posts\/770\/revisions\/5791"}],"wp:featuredmedia":[{"embeddable":true,"href":"https:\/\/www.la-maison-naturelle.com\/blog\/wp-json\/wp\/v2\/media\/773"}],"wp:attachment":[{"href":"https:\/\/www.la-maison-naturelle.com\/blog\/wp-json\/wp\/v2\/media?parent=770"}],"wp:term":[{"taxonomy":"category","embeddable":true,"href":"https:\/\/www.la-maison-naturelle.com\/blog\/wp-json\/wp\/v2\/categories?post=770"},{"taxonomy":"post_tag","embeddable":true,"href":"https:\/\/www.la-maison-naturelle.com\/blog\/wp-json\/wp\/v2\/tags?post=770"}],"curies":[{"name":"wp","href":"https:\/\/api.w.org\/{rel}","templated":true}]}}