{"id":6536,"date":"2023-11-11T00:06:14","date_gmt":"2023-11-10T23:06:14","guid":{"rendered":"https:\/\/www.la-maison-naturelle.com\/blog\/?p=6536"},"modified":"2023-11-11T00:09:02","modified_gmt":"2023-11-10T23:09:02","slug":"le-nouveau-systeme-detancheite-a-lair-avec-la-membrane-optair","status":"publish","type":"post","link":"https:\/\/www.la-maison-naturelle.com\/blog\/le-nouveau-systeme-detancheite-a-lair-avec-la-membrane-optair\/","title":{"rendered":"Le nouveau syst\u00e8me d&rsquo;\u00e9tanch\u00e9it\u00e9 \u00e0 l&rsquo;air avec la membrane Optair"},"content":{"rendered":"<p>&nbsp;<\/p>\n<p><span style=\"display: flex; justify-content: center;\"><iframe style=\"width: 100%; max-width: 550px; aspect-ratio: 16\/9;\" title=\"YouTube video player\" src=\"https:\/\/www.youtube.com\/embed\/y5Nb5JdW_TQ\" frameborder=\"0\" allowfullscreen=\"allowfullscreen\"><\/iframe><\/span><\/p>\n<p>Isover vous pr\u00e9sente la nouvelle membrane Optair, la premi\u00e8re membrane d&rsquo;<a href=\"https:\/\/www.la-maison-naturelle.com\/3042-etancheite-a-l-air\" data-internallinksmanager029f6b8e52c=\"138\" title=\"\u00e9tanch\u00e9it\u00e9 \u00e0 l\u2019air\">\u00e9tanch\u00e9it\u00e9 \u00e0 l&rsquo;air<\/a> \u00e0 poser directement sur la face int\u00e9rieure de la ma\u00e7onnerie. La membrane Optair est perm\u00e9able \u00e0 la vapeur d&rsquo;eau et se pose c\u00f4t\u00e9 int\u00e9rieur de la ma\u00e7onnerie, \u00e9liminant ainsi le risque de condensation ult\u00e9rieure.<\/p>\n<h2>Simplicit\u00e9 d&rsquo;installation<\/h2>\n<p>La membrane Optair se pose tr\u00e8s simplement par marouflage et adh\u00e8re spontan\u00e9ment \u00e0 la ma\u00e7onnerie. Elle convient \u00e0 la plupart des surfaces et est compatible avec les accessoires d&rsquo;\u00e9tanch\u00e9it\u00e9 \u00e0 l&rsquo;air existants. Sa transparence facilite \u00e9galement la mise en \u0153uvre du syst\u00e8me optimal.<\/p>\n<h2>\u00c9tapes d&rsquo;installation<\/h2>\n<p>Avant de commencer l&rsquo;installation de la membrane Optair, assurez-vous d&rsquo;avoir tous les outils n\u00e9cessaires. Vous aurez besoin de l&rsquo;adh\u00e9sif vari\u00e9s KB 1, du ruban Vario DS, du mastic Vario PRO, ainsi que d&rsquo;autres produits et accessoires recommand\u00e9s pour le syst\u00e8me optimal.<\/p>\n<p>Voici les grandes \u00e9tapes de l&rsquo;installation :<\/p>\n<ol>\n<li>Tracer les lignes de pose au cordeau.<\/li>\n<li>Poser la membrane Optair par marouflage.<\/li>\n<li>Finaliser l&rsquo;\u00e9tanch\u00e9it\u00e9 \u00e0 l&rsquo;air avec les accessoires d\u00e9di\u00e9s.<\/li>\n<li>Poser le syst\u00e8me optimal rep\u00e9r\u00e9 au sol et au plafond de chaque c\u00f4t\u00e9 du mur \u00e0 isoler.<\/li>\n<\/ol>\n<h2>Installation de la membrane Optair<\/h2>\n<p>Avant de commencer la pose de la membrane Optair, mesurez la hauteur du sol au plafond et d\u00e9terminez l&#8217;emplacement des fixations optimales. Marquez la ligne de pose des fixations optima \u00e0 l&rsquo;aide d&rsquo;un cordeau.<\/p>\n<p>D\u00e9roulez la membrane Optair horizontalement et maintenez-la provisoirement sur le mur par marouflage avec une brosse ou un balai. La membrane peut \u00e9galement \u00eatre pos\u00e9e verticalement. Apr\u00e8s marouflage, la membrane peut \u00eatre repositionn\u00e9e facilement par glissement le long du mur.<\/p>\n<p>La pose de la deuxi\u00e8me membrane s&rsquo;effectue de la m\u00eame mani\u00e8re en respectant un recouvrement de 10 cm minimum. Assurez-vous de pr\u00e9voir un retour de la membrane en pied de mur, au moins \u00e9gal \u00e0 l&rsquo;\u00e9paisseur du <a href=\"https:\/\/www.la-maison-naturelle.com\/blog\/un-doublage-isolation\/\" data-internallinksmanager029f6b8e52c=\"79\" title=\"Qu'est-ce qu'un doublage ?\">doublage<\/a> fini. Les deux membranes Optair seront jointoy\u00e9es avec l&rsquo;adh\u00e9sif vari\u00e9s Okabe 1.<\/p>\n<p>Pour finaliser l&rsquo;\u00e9tanch\u00e9it\u00e9 \u00e0 l&rsquo;air, appliquez un cordon de mastic Vario DS sur toute la p\u00e9riph\u00e9rie des parois verticales, y compris la jonction au plancher. Le mastic est pos\u00e9 en soulevant la membrane horizontale ou en l&rsquo;abaissant imm\u00e9diatement dessus pour assurer le collage.<\/p>\n<p>Fixez les rails hauts et bas au niveau des lignes de pose. La fourrure interm\u00e9diaire sera fix\u00e9e m\u00e9caniquement sur le mur \u00e0 mi-hauteur en utilisant la transparence de la membrane Optair Clip. Ensuite, les appuis optimaux seront fix\u00e9s tous les 60 cm maximum.<\/p>\n<p>Enfin, il est temps de poser l&rsquo;isolant G\u00e9or\u00e9 32. Roulez le rev\u00eatement du kraft et d\u00e9coupez-le \u00e0 la hauteur sol-plafond major\u00e9e d&rsquo;un centim\u00e8tre. Ensuite, embo\u00eetez-le sur la fourrure optima et fixez-le en introduisant les clips sur les appuis optima.<\/p>\n<p>Assurez-vous que les membranes Optair sont jointoy\u00e9es \u00e0 l&rsquo;adh\u00e9sif Vario DS pour assurer l&rsquo;\u00e9tanch\u00e9it\u00e9 \u00e0 l&rsquo;air autour de chaque menuiserie. Pour les supports en briques, par exemple, utilisez une bande de Vario Protect d\u00e9coup\u00e9e \u00e0 la forme des paquets m\u00e9talliques coup\u00e9s.<\/p>\n<p>En cas de d\u00e9chirure de la membrane Optair, utilisez un morceau d&rsquo;adh\u00e9sif Vario KB pour r\u00e9parer. En cas d&rsquo;accroc plus important, utilisez un morceau de membrane fix\u00e9e avec l&rsquo;adh\u00e9sif Vario Cas B1 ou Vario Multitape sur les quatre faces pour assurer l&rsquo;\u00e9tanch\u00e9it\u00e9 \u00e0 l&rsquo;air.<\/p>\n<h2>Solution compl\u00e8te pour l&rsquo;\u00e9tanch\u00e9it\u00e9 \u00e0 l&rsquo;air<\/h2>\n<p>La membrane Optair associ\u00e9e au syst\u00e8me optimal est la solution la plus compl\u00e8te pour r\u00e9pondre aux nouvelles exigences de la RT 2012 et assurer la durabilit\u00e9 et la p\u00e9rennit\u00e9 de l&rsquo;\u00e9tanch\u00e9it\u00e9 \u00e0 l&rsquo;air du b\u00e2timent.<\/p>\n<p>&nbsp;<\/p>\n","protected":false},"excerpt":{"rendered":"<p>&nbsp; Isover vous pr\u00e9sente la nouvelle membrane Optair, la premi\u00e8re membrane d&rsquo;\u00e9tanch\u00e9it\u00e9 \u00e0 l&rsquo;air \u00e0 poser directement sur la face int\u00e9rieure de la ma\u00e7onnerie. La membrane Optair est perm\u00e9able \u00e0 la vapeur d&rsquo;eau et se pose c\u00f4t\u00e9 int\u00e9rieur de la ma\u00e7onnerie, \u00e9liminant ainsi le risque de condensation ult\u00e9rieure. Simplicit\u00e9 d&rsquo;installation La membrane Optair se pose [&hellip;]<\/p>\n","protected":false},"author":5,"featured_media":6538,"comment_status":"open","ping_status":"open","sticky":false,"template":"","format":"standard","meta":{"footnotes":""},"categories":[4],"tags":[],"class_list":["post-6536","post","type-post","status-publish","format-standard","has-post-thumbnail","hentry","category-actualites-produits"],"_wp_attached_file":null,"_wp_attachment_metadata":null,"_wp_attachment_context":null,"_wp_attachment_image_alt":null,"_hf_settings":null,"hf_message_success":null,"hf_message_invalid_email":null,"hf_message_required_field_missing":null,"hf_message_error":null,"_menu_item_type":null,"_menu_item_menu_item_parent":null,"_menu_item_object_id":null,"_menu_item_object":null,"_menu_item_target":null,"_menu_item_classes":null,"_menu_item_xfn":null,"_menu_item_url":null,"_yoast_wpseo_primary_category":"4","_thumbnail_id":"6538","_oembed_26d84b2c06432105b0a19987ae029a71":null,"_oembed_43e9e2dfde1b9b4ed91c9711026b7ef9":null,"_oembed_1fe1564764edbddc3b61e81acf52be88":null,"_oembed_df60f474cd845141e7ce6596d101e4a0":null,"_oembed_825e674795e2435c0bc66eb08e5d2c8b":null,"_oembed_time_825e674795e2435c0bc66eb08e5d2c8b":null,"_oembed_e917352ff4cc21ea91383201eeaa08cf":null,"_oembed_2363c16c972791c33e283320dc564fce":null,"_oembed_cc9ad5b5073a84776f6a62e33e6c7498":null,"_oembed_time_cc9ad5b5073a84776f6a62e33e6c7498":null,"_oembed_305147fcf4b856de518466e695c209cd":null,"_oembed_8517a877084ae01a5296813ee1d16a2b":null,"_oembed_2741f1556b243e68379198f98ba7f864":null,"_oembed_c3ffa24981451396c950ece2129da0f6":null,"_oembed_6f9091ebe2f3f5fcb5698ba6f4b41477":null,"_wp_old_slug":null,"_oembed_e4fb0f68ba12b85e9e231afe151ba12a":null,"_oembed_3c60e98bd703e617e67f5bbb3b97424d":null,"_oembed_bb060374498dcf40cb6068efe4be87e1":null,"_oembed_d0403e1e71c3a29020bd546b159480f1":null,"_oembed_b030ff17fbbbf8661c59c2ab8ff289eb":null,"_oembed_5cec699ba0631c6c0e4ba4f6af5f228e":null,"_oembed_b06a67f278b90cf4e8dd17cb12fe67b0":null,"_oembed_8e190e4fea2256f17420434651556236":null,"_oembed_b5ded119f1337916a0fc64d2ad85c95f":null,"_oembed_d9364a7a81be31c01415da2c50a48932":null,"_oembed_738cafa36d51a58e5ae3e458aa8f7584":null,"_oembed_ebcab5184b6b321b28efbcbec079859b":null,"_oembed_3dd9e35c2b7b268070e74da5b89cf937":null,"_oembed_e14b167b493e311a1c4e2aab38a463e8":null,"_oembed_dc8f7d108b38f3f0c2e0785b8bc46cae":null,"_oembed_55cf1c5142884afed312c2666bf27520":null,"_oembed_2292333bf03a956b4b61afafeff6bca0":null,"_oembed_82a986a6b900856fec23169de03a0038":null,"_oembed_4048ded025352b83569104210074165a":null,"_oembed_033b42b1af757abc39e4487233cee7f5":null,"_oembed_aec1d50f2b159366be8e37e94b201be1":null,"_oembed_0adc8480b2fcadf9a1733f572ce3d3f8":null,"_yoast_wpseo_title":null,"_yoast_wpseo_focuskw":null,"_yoast_wpseo_linkdex":null,"_yoast_wpseo_metadesc":null,"_yoast_wpseo_wordproof_timestamp":"","_tpl_archive_meta_key":null,"_form":null,"_mail":null,"_mail_2":null,"_messages":null,"_additional_settings":null,"_locale":null,"_wp_old_date":null,"_edit_last":"5","_wpb_vc_js_status":"false","_yoast_wpseo_estimated-reading-time-minutes":"3","_edit_lock":"1699662023:5","_yoast_wpseo_content_score":"30","yoast_head":"<!-- This site is optimized with the Yoast SEO plugin v24.3 - https:\/\/yoast.com\/wordpress\/plugins\/seo\/ -->\n<title>Le nouveau syst\u00e8me d&#039;\u00e9tanch\u00e9it\u00e9 \u00e0 l&#039;air avec la membrane Optair - La Maison naturelle | Blog<\/title>\n<meta name=\"robots\" content=\"index, follow, max-snippet:-1, max-image-preview:large, max-video-preview:-1\" \/>\n<link rel=\"canonical\" href=\"https:\/\/www.la-maison-naturelle.com\/blog\/le-nouveau-systeme-detancheite-a-lair-avec-la-membrane-optair\/\" \/>\n<meta property=\"og:locale\" content=\"fr_FR\" \/>\n<meta property=\"og:type\" content=\"article\" \/>\n<meta property=\"og:title\" content=\"Le nouveau syst\u00e8me d&#039;\u00e9tanch\u00e9it\u00e9 \u00e0 l&#039;air avec la membrane Optair - La Maison naturelle | Blog\" \/>\n<meta property=\"og:description\" content=\"&nbsp; Isover vous pr\u00e9sente la nouvelle membrane Optair, la premi\u00e8re membrane d&rsquo;\u00e9tanch\u00e9it\u00e9 \u00e0 l&rsquo;air \u00e0 poser directement sur la face int\u00e9rieure de la ma\u00e7onnerie. La membrane Optair est perm\u00e9able \u00e0 la vapeur d&rsquo;eau et se pose c\u00f4t\u00e9 int\u00e9rieur de la ma\u00e7onnerie, \u00e9liminant ainsi le risque de condensation ult\u00e9rieure. Simplicit\u00e9 d&rsquo;installation La membrane Optair se pose [&hellip;]\" \/>\n<meta property=\"og:url\" content=\"https:\/\/www.la-maison-naturelle.com\/blog\/le-nouveau-systeme-detancheite-a-lair-avec-la-membrane-optair\/\" \/>\n<meta property=\"og:site_name\" content=\"La Maison naturelle | Blog\" \/>\n<meta property=\"article:published_time\" content=\"2023-11-10T23:06:14+00:00\" \/>\n<meta property=\"article:modified_time\" content=\"2023-11-10T23:09:02+00:00\" \/>\n<meta property=\"og:image\" content=\"https:\/\/www.la-maison-naturelle.com\/blog\/wp-content\/uploads\/2023\/11\/IMG_5200.png\" \/>\n\t<meta property=\"og:image:width\" content=\"265\" \/>\n\t<meta property=\"og:image:height\" content=\"190\" \/>\n\t<meta property=\"og:image:type\" content=\"image\/png\" \/>\n<meta name=\"author\" content=\"Eloise\" \/>\n<meta name=\"twitter:card\" content=\"summary_large_image\" \/>\n<meta name=\"twitter:label1\" content=\"\u00c9crit par\" \/>\n\t<meta name=\"twitter:data1\" content=\"Eloise\" \/>\n\t<meta name=\"twitter:label2\" content=\"Dur\u00e9e de lecture estim\u00e9e\" \/>\n\t<meta name=\"twitter:data2\" content=\"3 minutes\" \/>\n<script type=\"application\/ld+json\" class=\"yoast-schema-graph\">{\"@context\":\"https:\/\/schema.org\",\"@graph\":[{\"@type\":\"Article\",\"@id\":\"https:\/\/www.la-maison-naturelle.com\/blog\/le-nouveau-systeme-detancheite-a-lair-avec-la-membrane-optair\/#article\",\"isPartOf\":{\"@id\":\"https:\/\/www.la-maison-naturelle.com\/blog\/le-nouveau-systeme-detancheite-a-lair-avec-la-membrane-optair\/\"},\"author\":{\"name\":\"Eloise\",\"@id\":\"https:\/\/www.la-maison-naturelle.com\/blog\/#\/schema\/person\/cad2a9ed80410189f0688441d546d43f\"},\"headline\":\"Le nouveau syst\u00e8me d&rsquo;\u00e9tanch\u00e9it\u00e9 \u00e0 l&rsquo;air avec la membrane Optair\",\"datePublished\":\"2023-11-10T23:06:14+00:00\",\"dateModified\":\"2023-11-10T23:09:02+00:00\",\"mainEntityOfPage\":{\"@id\":\"https:\/\/www.la-maison-naturelle.com\/blog\/le-nouveau-systeme-detancheite-a-lair-avec-la-membrane-optair\/\"},\"wordCount\":632,\"commentCount\":0,\"publisher\":{\"@id\":\"https:\/\/www.la-maison-naturelle.com\/blog\/#organization\"},\"image\":{\"@id\":\"https:\/\/www.la-maison-naturelle.com\/blog\/le-nouveau-systeme-detancheite-a-lair-avec-la-membrane-optair\/#primaryimage\"},\"thumbnailUrl\":\"https:\/\/www.la-maison-naturelle.com\/blog\/wp-content\/uploads\/2023\/11\/IMG_5200.png\",\"articleSection\":[\"Actualit\u00e9s produits\"],\"inLanguage\":\"fr-FR\",\"potentialAction\":[{\"@type\":\"CommentAction\",\"name\":\"Comment\",\"target\":[\"https:\/\/www.la-maison-naturelle.com\/blog\/le-nouveau-systeme-detancheite-a-lair-avec-la-membrane-optair\/#respond\"]}]},{\"@type\":\"WebPage\",\"@id\":\"https:\/\/www.la-maison-naturelle.com\/blog\/le-nouveau-systeme-detancheite-a-lair-avec-la-membrane-optair\/\",\"url\":\"https:\/\/www.la-maison-naturelle.com\/blog\/le-nouveau-systeme-detancheite-a-lair-avec-la-membrane-optair\/\",\"name\":\"Le nouveau syst\u00e8me d'\u00e9tanch\u00e9it\u00e9 \u00e0 l'air avec la membrane Optair - La Maison naturelle | Blog\",\"isPartOf\":{\"@id\":\"https:\/\/www.la-maison-naturelle.com\/blog\/#website\"},\"primaryImageOfPage\":{\"@id\":\"https:\/\/www.la-maison-naturelle.com\/blog\/le-nouveau-systeme-detancheite-a-lair-avec-la-membrane-optair\/#primaryimage\"},\"image\":{\"@id\":\"https:\/\/www.la-maison-naturelle.com\/blog\/le-nouveau-systeme-detancheite-a-lair-avec-la-membrane-optair\/#primaryimage\"},\"thumbnailUrl\":\"https:\/\/www.la-maison-naturelle.com\/blog\/wp-content\/uploads\/2023\/11\/IMG_5200.png\",\"datePublished\":\"2023-11-10T23:06:14+00:00\",\"dateModified\":\"2023-11-10T23:09:02+00:00\",\"breadcrumb\":{\"@id\":\"https:\/\/www.la-maison-naturelle.com\/blog\/le-nouveau-systeme-detancheite-a-lair-avec-la-membrane-optair\/#breadcrumb\"},\"inLanguage\":\"fr-FR\",\"potentialAction\":[{\"@type\":\"ReadAction\",\"target\":[\"https:\/\/www.la-maison-naturelle.com\/blog\/le-nouveau-systeme-detancheite-a-lair-avec-la-membrane-optair\/\"]}]},{\"@type\":\"ImageObject\",\"inLanguage\":\"fr-FR\",\"@id\":\"https:\/\/www.la-maison-naturelle.com\/blog\/le-nouveau-systeme-detancheite-a-lair-avec-la-membrane-optair\/#primaryimage\",\"url\":\"https:\/\/www.la-maison-naturelle.com\/blog\/wp-content\/uploads\/2023\/11\/IMG_5200.png\",\"contentUrl\":\"https:\/\/www.la-maison-naturelle.com\/blog\/wp-content\/uploads\/2023\/11\/IMG_5200.png\",\"width\":265,\"height\":190},{\"@type\":\"BreadcrumbList\",\"@id\":\"https:\/\/www.la-maison-naturelle.com\/blog\/le-nouveau-systeme-detancheite-a-lair-avec-la-membrane-optair\/#breadcrumb\",\"itemListElement\":[{\"@type\":\"ListItem\",\"position\":1,\"name\":\"Accueil\",\"item\":\"https:\/\/www.la-maison-naturelle.com\/blog\/\"},{\"@type\":\"ListItem\",\"position\":2,\"name\":\"Le nouveau syst\u00e8me d&rsquo;\u00e9tanch\u00e9it\u00e9 \u00e0 l&rsquo;air avec la membrane Optair\"}]},{\"@type\":\"WebSite\",\"@id\":\"https:\/\/www.la-maison-naturelle.com\/blog\/#website\",\"url\":\"https:\/\/www.la-maison-naturelle.com\/blog\/\",\"name\":\"La Maison naturelle | Blog\",\"description\":\"Blog de la Maison naturelle\",\"publisher\":{\"@id\":\"https:\/\/www.la-maison-naturelle.com\/blog\/#organization\"},\"potentialAction\":[{\"@type\":\"SearchAction\",\"target\":{\"@type\":\"EntryPoint\",\"urlTemplate\":\"https:\/\/www.la-maison-naturelle.com\/blog\/?s={search_term_string}\"},\"query-input\":{\"@type\":\"PropertyValueSpecification\",\"valueRequired\":true,\"valueName\":\"search_term_string\"}}],\"inLanguage\":\"fr-FR\"},{\"@type\":\"Organization\",\"@id\":\"https:\/\/www.la-maison-naturelle.com\/blog\/#organization\",\"name\":\"La Maison naturelle | Blog\",\"url\":\"https:\/\/www.la-maison-naturelle.com\/blog\/\",\"logo\":{\"@type\":\"ImageObject\",\"inLanguage\":\"fr-FR\",\"@id\":\"https:\/\/www.la-maison-naturelle.com\/blog\/#\/schema\/logo\/image\/\",\"url\":\"https:\/\/www.la-maison-naturelle.com\/blog\/wp-content\/uploads\/2021\/07\/maison-naturelle-logo.svg\",\"contentUrl\":\"https:\/\/www.la-maison-naturelle.com\/blog\/wp-content\/uploads\/2021\/07\/maison-naturelle-logo.svg\",\"width\":156,\"height\":64,\"caption\":\"La Maison naturelle | Blog\"},\"image\":{\"@id\":\"https:\/\/www.la-maison-naturelle.com\/blog\/#\/schema\/logo\/image\/\"}},{\"@type\":\"Person\",\"@id\":\"https:\/\/www.la-maison-naturelle.com\/blog\/#\/schema\/person\/cad2a9ed80410189f0688441d546d43f\",\"name\":\"Eloise\",\"image\":{\"@type\":\"ImageObject\",\"inLanguage\":\"fr-FR\",\"@id\":\"https:\/\/www.la-maison-naturelle.com\/blog\/#\/schema\/person\/image\/\",\"url\":\"https:\/\/secure.gravatar.com\/avatar\/344186806f5e8613d4a2109f3b0228a847a7c0858a8023778c44bdcfc1111df9?s=96&d=mm&r=g\",\"contentUrl\":\"https:\/\/secure.gravatar.com\/avatar\/344186806f5e8613d4a2109f3b0228a847a7c0858a8023778c44bdcfc1111df9?s=96&d=mm&r=g\",\"caption\":\"Eloise\"},\"sameAs\":[\"https:\/\/www.la-maison-naturelle.com\/\"],\"url\":\"https:\/\/www.la-maison-naturelle.com\/blog\/author\/idries\/\"}]}<\/script>\n<!-- \/ Yoast SEO plugin. -->","yoast_head_json":{"title":"Le nouveau syst\u00e8me d'\u00e9tanch\u00e9it\u00e9 \u00e0 l'air avec la membrane Optair - La Maison naturelle | Blog","robots":{"index":"index","follow":"follow","max-snippet":"max-snippet:-1","max-image-preview":"max-image-preview:large","max-video-preview":"max-video-preview:-1"},"canonical":"https:\/\/www.la-maison-naturelle.com\/blog\/le-nouveau-systeme-detancheite-a-lair-avec-la-membrane-optair\/","og_locale":"fr_FR","og_type":"article","og_title":"Le nouveau syst\u00e8me d'\u00e9tanch\u00e9it\u00e9 \u00e0 l'air avec la membrane Optair - La Maison naturelle | Blog","og_description":"&nbsp; Isover vous pr\u00e9sente la nouvelle membrane Optair, la premi\u00e8re membrane d&rsquo;\u00e9tanch\u00e9it\u00e9 \u00e0 l&rsquo;air \u00e0 poser directement sur la face int\u00e9rieure de la ma\u00e7onnerie. La membrane Optair est perm\u00e9able \u00e0 la vapeur d&rsquo;eau et se pose c\u00f4t\u00e9 int\u00e9rieur de la ma\u00e7onnerie, \u00e9liminant ainsi le risque de condensation ult\u00e9rieure. Simplicit\u00e9 d&rsquo;installation La membrane Optair se pose [&hellip;]","og_url":"https:\/\/www.la-maison-naturelle.com\/blog\/le-nouveau-systeme-detancheite-a-lair-avec-la-membrane-optair\/","og_site_name":"La Maison naturelle | Blog","article_published_time":"2023-11-10T23:06:14+00:00","article_modified_time":"2023-11-10T23:09:02+00:00","og_image":[{"width":265,"height":190,"url":"https:\/\/www.la-maison-naturelle.com\/blog\/wp-content\/uploads\/2023\/11\/IMG_5200.png","type":"image\/png"}],"author":"Eloise","twitter_card":"summary_large_image","twitter_misc":{"\u00c9crit par":"Eloise","Dur\u00e9e de lecture estim\u00e9e":"3 minutes"},"schema":{"@context":"https:\/\/schema.org","@graph":[{"@type":"Article","@id":"https:\/\/www.la-maison-naturelle.com\/blog\/le-nouveau-systeme-detancheite-a-lair-avec-la-membrane-optair\/#article","isPartOf":{"@id":"https:\/\/www.la-maison-naturelle.com\/blog\/le-nouveau-systeme-detancheite-a-lair-avec-la-membrane-optair\/"},"author":{"name":"Eloise","@id":"https:\/\/www.la-maison-naturelle.com\/blog\/#\/schema\/person\/cad2a9ed80410189f0688441d546d43f"},"headline":"Le nouveau syst\u00e8me d&rsquo;\u00e9tanch\u00e9it\u00e9 \u00e0 l&rsquo;air avec la membrane Optair","datePublished":"2023-11-10T23:06:14+00:00","dateModified":"2023-11-10T23:09:02+00:00","mainEntityOfPage":{"@id":"https:\/\/www.la-maison-naturelle.com\/blog\/le-nouveau-systeme-detancheite-a-lair-avec-la-membrane-optair\/"},"wordCount":632,"commentCount":0,"publisher":{"@id":"https:\/\/www.la-maison-naturelle.com\/blog\/#organization"},"image":{"@id":"https:\/\/www.la-maison-naturelle.com\/blog\/le-nouveau-systeme-detancheite-a-lair-avec-la-membrane-optair\/#primaryimage"},"thumbnailUrl":"https:\/\/www.la-maison-naturelle.com\/blog\/wp-content\/uploads\/2023\/11\/IMG_5200.png","articleSection":["Actualit\u00e9s produits"],"inLanguage":"fr-FR","potentialAction":[{"@type":"CommentAction","name":"Comment","target":["https:\/\/www.la-maison-naturelle.com\/blog\/le-nouveau-systeme-detancheite-a-lair-avec-la-membrane-optair\/#respond"]}]},{"@type":"WebPage","@id":"https:\/\/www.la-maison-naturelle.com\/blog\/le-nouveau-systeme-detancheite-a-lair-avec-la-membrane-optair\/","url":"https:\/\/www.la-maison-naturelle.com\/blog\/le-nouveau-systeme-detancheite-a-lair-avec-la-membrane-optair\/","name":"Le nouveau syst\u00e8me d'\u00e9tanch\u00e9it\u00e9 \u00e0 l'air avec la membrane Optair - La Maison naturelle | Blog","isPartOf":{"@id":"https:\/\/www.la-maison-naturelle.com\/blog\/#website"},"primaryImageOfPage":{"@id":"https:\/\/www.la-maison-naturelle.com\/blog\/le-nouveau-systeme-detancheite-a-lair-avec-la-membrane-optair\/#primaryimage"},"image":{"@id":"https:\/\/www.la-maison-naturelle.com\/blog\/le-nouveau-systeme-detancheite-a-lair-avec-la-membrane-optair\/#primaryimage"},"thumbnailUrl":"https:\/\/www.la-maison-naturelle.com\/blog\/wp-content\/uploads\/2023\/11\/IMG_5200.png","datePublished":"2023-11-10T23:06:14+00:00","dateModified":"2023-11-10T23:09:02+00:00","breadcrumb":{"@id":"https:\/\/www.la-maison-naturelle.com\/blog\/le-nouveau-systeme-detancheite-a-lair-avec-la-membrane-optair\/#breadcrumb"},"inLanguage":"fr-FR","potentialAction":[{"@type":"ReadAction","target":["https:\/\/www.la-maison-naturelle.com\/blog\/le-nouveau-systeme-detancheite-a-lair-avec-la-membrane-optair\/"]}]},{"@type":"ImageObject","inLanguage":"fr-FR","@id":"https:\/\/www.la-maison-naturelle.com\/blog\/le-nouveau-systeme-detancheite-a-lair-avec-la-membrane-optair\/#primaryimage","url":"https:\/\/www.la-maison-naturelle.com\/blog\/wp-content\/uploads\/2023\/11\/IMG_5200.png","contentUrl":"https:\/\/www.la-maison-naturelle.com\/blog\/wp-content\/uploads\/2023\/11\/IMG_5200.png","width":265,"height":190},{"@type":"BreadcrumbList","@id":"https:\/\/www.la-maison-naturelle.com\/blog\/le-nouveau-systeme-detancheite-a-lair-avec-la-membrane-optair\/#breadcrumb","itemListElement":[{"@type":"ListItem","position":1,"name":"Accueil","item":"https:\/\/www.la-maison-naturelle.com\/blog\/"},{"@type":"ListItem","position":2,"name":"Le nouveau syst\u00e8me d&rsquo;\u00e9tanch\u00e9it\u00e9 \u00e0 l&rsquo;air avec la membrane Optair"}]},{"@type":"WebSite","@id":"https:\/\/www.la-maison-naturelle.com\/blog\/#website","url":"https:\/\/www.la-maison-naturelle.com\/blog\/","name":"La Maison naturelle | Blog","description":"Blog de la Maison naturelle","publisher":{"@id":"https:\/\/www.la-maison-naturelle.com\/blog\/#organization"},"potentialAction":[{"@type":"SearchAction","target":{"@type":"EntryPoint","urlTemplate":"https:\/\/www.la-maison-naturelle.com\/blog\/?s={search_term_string}"},"query-input":{"@type":"PropertyValueSpecification","valueRequired":true,"valueName":"search_term_string"}}],"inLanguage":"fr-FR"},{"@type":"Organization","@id":"https:\/\/www.la-maison-naturelle.com\/blog\/#organization","name":"La Maison naturelle | Blog","url":"https:\/\/www.la-maison-naturelle.com\/blog\/","logo":{"@type":"ImageObject","inLanguage":"fr-FR","@id":"https:\/\/www.la-maison-naturelle.com\/blog\/#\/schema\/logo\/image\/","url":"https:\/\/www.la-maison-naturelle.com\/blog\/wp-content\/uploads\/2021\/07\/maison-naturelle-logo.svg","contentUrl":"https:\/\/www.la-maison-naturelle.com\/blog\/wp-content\/uploads\/2021\/07\/maison-naturelle-logo.svg","width":156,"height":64,"caption":"La Maison naturelle | Blog"},"image":{"@id":"https:\/\/www.la-maison-naturelle.com\/blog\/#\/schema\/logo\/image\/"}},{"@type":"Person","@id":"https:\/\/www.la-maison-naturelle.com\/blog\/#\/schema\/person\/cad2a9ed80410189f0688441d546d43f","name":"Eloise","image":{"@type":"ImageObject","inLanguage":"fr-FR","@id":"https:\/\/www.la-maison-naturelle.com\/blog\/#\/schema\/person\/image\/","url":"https:\/\/secure.gravatar.com\/avatar\/344186806f5e8613d4a2109f3b0228a847a7c0858a8023778c44bdcfc1111df9?s=96&d=mm&r=g","contentUrl":"https:\/\/secure.gravatar.com\/avatar\/344186806f5e8613d4a2109f3b0228a847a7c0858a8023778c44bdcfc1111df9?s=96&d=mm&r=g","caption":"Eloise"},"sameAs":["https:\/\/www.la-maison-naturelle.com\/"],"url":"https:\/\/www.la-maison-naturelle.com\/blog\/author\/idries\/"}]}},"_links":{"self":[{"href":"https:\/\/www.la-maison-naturelle.com\/blog\/wp-json\/wp\/v2\/posts\/6536","targetHints":{"allow":["GET"]}}],"collection":[{"href":"https:\/\/www.la-maison-naturelle.com\/blog\/wp-json\/wp\/v2\/posts"}],"about":[{"href":"https:\/\/www.la-maison-naturelle.com\/blog\/wp-json\/wp\/v2\/types\/post"}],"author":[{"embeddable":true,"href":"https:\/\/www.la-maison-naturelle.com\/blog\/wp-json\/wp\/v2\/users\/5"}],"replies":[{"embeddable":true,"href":"https:\/\/www.la-maison-naturelle.com\/blog\/wp-json\/wp\/v2\/comments?post=6536"}],"version-history":[{"count":2,"href":"https:\/\/www.la-maison-naturelle.com\/blog\/wp-json\/wp\/v2\/posts\/6536\/revisions"}],"predecessor-version":[{"id":6539,"href":"https:\/\/www.la-maison-naturelle.com\/blog\/wp-json\/wp\/v2\/posts\/6536\/revisions\/6539"}],"wp:featuredmedia":[{"embeddable":true,"href":"https:\/\/www.la-maison-naturelle.com\/blog\/wp-json\/wp\/v2\/media\/6538"}],"wp:attachment":[{"href":"https:\/\/www.la-maison-naturelle.com\/blog\/wp-json\/wp\/v2\/media?parent=6536"}],"wp:term":[{"taxonomy":"category","embeddable":true,"href":"https:\/\/www.la-maison-naturelle.com\/blog\/wp-json\/wp\/v2\/categories?post=6536"},{"taxonomy":"post_tag","embeddable":true,"href":"https:\/\/www.la-maison-naturelle.com\/blog\/wp-json\/wp\/v2\/tags?post=6536"}],"curies":[{"name":"wp","href":"https:\/\/api.w.org\/{rel}","templated":true}]}}