{"id":6520,"date":"2023-09-22T09:05:28","date_gmt":"2023-09-22T07:05:28","guid":{"rendered":"https:\/\/www.la-maison-naturelle.com\/blog\/?p=6520"},"modified":"2023-09-22T09:05:28","modified_gmt":"2023-09-22T07:05:28","slug":"la-laine-de-verre-avec-kraft-nest-pas-un-pare-vapeur-demystification-dune-idee-recue","status":"publish","type":"post","link":"https:\/\/www.la-maison-naturelle.com\/blog\/la-laine-de-verre-avec-kraft-nest-pas-un-pare-vapeur-demystification-dune-idee-recue\/","title":{"rendered":"La Laine de Verre avec Kraft n&rsquo;est pas un Pare-Vapeur: D\u00e9mystification d&rsquo;une Id\u00e9e Re\u00e7ue"},"content":{"rendered":"<p>L&rsquo;isolation est un sujet incontournable dans la construction et la r\u00e9novation de b\u00e2timents. Parmi les divers mat\u00e9riaux isolants disponibles sur le march\u00e9, la laine de verre est l&rsquo;une des plus populaires. Souvent, on peut rencontrer des produits de laine de verre dot\u00e9s d&rsquo;un \u00ab\u00a0<a href=\"https:\/\/www.la-maison-naturelle.com\/3132-pare-vapeur\" data-internallinksmanager029f6b8e52c=\"1\" title=\"Pare Vapeur\">pare-vapeur<\/a> int\u00e9gr\u00e9\u00a0\u00bb en kraft. Cependant, il est crucial de comprendre que le voile de kraft ne constitue pas un pare-vapeur ou un frein-vapeur en lui-m\u00eame. L&rsquo;id\u00e9e que la laine de verre avec kraft puisse servir de pare-vapeur est un mythe qu&rsquo;il faut d\u00e9mystifier.<\/p>\n<h2>Qu&rsquo;est-ce que le Kraft?<\/h2>\n<p>Le kraft est un type de papier qui est souvent lamin\u00e9 sur l&rsquo;une des faces de la laine de verre. Ce papier kraft est utilis\u00e9 principalement pour des raisons de confort de pose et pour prot\u00e9ger la laine de verre contre certains facteurs environnementaux. Il peut donner l&rsquo;impression d&rsquo;\u00eatre un pare-vapeur en raison de son apparence et de sa texture, mais il ne poss\u00e8de pas les propri\u00e9t\u00e9s n\u00e9cessaires pour jouer ce r\u00f4le de mani\u00e8re efficace.<\/p>\n<h2>Pare-Vapeur vs Frein-Vapeur<\/h2>\n<p>Un pare-vapeur est une membrane qui a pour fonction d&#8217;emp\u00eacher le passage de la vapeur d&rsquo;eau, alors qu&rsquo;un frein-vapeur limite ce passage sans le bloquer compl\u00e8tement. Ces deux \u00e9l\u00e9ments sont essentiels dans une construction pour g\u00e9rer l&rsquo;humidit\u00e9 et \u00e9viter les probl\u00e8mes comme la moisissure ou la d\u00e9gradation de l&rsquo;isolation.<\/p>\n<h2>N\u00e9cessit\u00e9 d&rsquo;un Pare-Vapeur ou d&rsquo;un Frein-Vapeur<\/h2>\n<p>Lors de la pose de laine de verre, il est imp\u00e9ratif d&rsquo;ajouter un pare-vapeur ou un frein-vapeur pour garantir une isolation efficace. Le simple fait d&rsquo;avoir un voile de kraft sur votre laine de verre n&rsquo;est pas suffisant pour emp\u00eacher le passage de la vapeur d&rsquo;eau \u00e0 travers l&rsquo;isolation. Sans cette protection suppl\u00e9mentaire, votre isolation risque d&rsquo;\u00eatre moins performante et plus susceptible aux probl\u00e8mes li\u00e9s \u00e0 l&rsquo;humidit\u00e9.<\/p>\n<h2>Comment Installer le Pare-Vapeur ou le Frein-Vapeur?<\/h2>\n<p>Il est important de poser le pare-vapeur ou le frein-vapeur du c\u00f4t\u00e9 chaud de l&rsquo;isolation (c\u00f4t\u00e9 int\u00e9rieur du b\u00e2timent) pour \u00e9viter la condensation dans la structure. Assurez-vous \u00e9galement que toutes les jonctions et les passages pour les c\u00e2bles ou les tuyaux soient parfaitement \u00e9tanch\u00e9s.<\/p>\n<h2>Conclusion<\/h2>\n<p>Ne vous laissez pas tromper par l&rsquo;id\u00e9e que la laine de verre avec kraft est un produit \u00ab\u00a0deux en un\u00a0\u00bb qui vous \u00e9pargne la pose d&rsquo;un pare-vapeur ou d&rsquo;un frein-vapeur. Le kraft est un \u00e9l\u00e9ment de confort et de protection pour la laine de verre, mais il n&rsquo;a pas les propri\u00e9t\u00e9s n\u00e9cessaires pour servir de barri\u00e8re contre la vapeur d&rsquo;eau. Pour une isolation efficace et durable, la pose d&rsquo;un pare-vapeur ou d&rsquo;un frein-vapeur en plus de votre laine de verre est indispensable.<\/p>\n","protected":false},"excerpt":{"rendered":"<p>L&rsquo;isolation est un sujet incontournable dans la construction et la r\u00e9novation de b\u00e2timents. Parmi les divers mat\u00e9riaux isolants disponibles sur le march\u00e9, la laine de verre est l&rsquo;une des plus populaires. Souvent, on peut rencontrer des produits de laine de verre dot\u00e9s d&rsquo;un \u00ab\u00a0pare-vapeur int\u00e9gr\u00e9\u00a0\u00bb en kraft. Cependant, il est crucial de comprendre que le [&hellip;]<\/p>\n","protected":false},"author":5,"featured_media":6521,"comment_status":"open","ping_status":"open","sticky":false,"template":"","format":"standard","meta":{"footnotes":""},"categories":[1],"tags":[],"class_list":["post-6520","post","type-post","status-publish","format-standard","has-post-thumbnail","hentry","category-interieur-decoration"],"_wp_attached_file":null,"_wp_attachment_metadata":null,"_wp_attachment_context":null,"_wp_attachment_image_alt":null,"_hf_settings":null,"hf_message_success":null,"hf_message_invalid_email":null,"hf_message_required_field_missing":null,"hf_message_error":null,"_menu_item_type":null,"_menu_item_menu_item_parent":null,"_menu_item_object_id":null,"_menu_item_object":null,"_menu_item_target":null,"_menu_item_classes":null,"_menu_item_xfn":null,"_menu_item_url":null,"_yoast_wpseo_primary_category":"","_thumbnail_id":"6521","_oembed_26d84b2c06432105b0a19987ae029a71":null,"_oembed_43e9e2dfde1b9b4ed91c9711026b7ef9":null,"_oembed_1fe1564764edbddc3b61e81acf52be88":null,"_oembed_df60f474cd845141e7ce6596d101e4a0":null,"_oembed_825e674795e2435c0bc66eb08e5d2c8b":null,"_oembed_time_825e674795e2435c0bc66eb08e5d2c8b":null,"_oembed_e917352ff4cc21ea91383201eeaa08cf":null,"_oembed_2363c16c972791c33e283320dc564fce":null,"_oembed_cc9ad5b5073a84776f6a62e33e6c7498":null,"_oembed_time_cc9ad5b5073a84776f6a62e33e6c7498":null,"_oembed_305147fcf4b856de518466e695c209cd":null,"_oembed_8517a877084ae01a5296813ee1d16a2b":null,"_oembed_2741f1556b243e68379198f98ba7f864":null,"_oembed_c3ffa24981451396c950ece2129da0f6":null,"_oembed_6f9091ebe2f3f5fcb5698ba6f4b41477":null,"_wp_old_slug":null,"_oembed_e4fb0f68ba12b85e9e231afe151ba12a":null,"_oembed_3c60e98bd703e617e67f5bbb3b97424d":null,"_oembed_bb060374498dcf40cb6068efe4be87e1":null,"_oembed_d0403e1e71c3a29020bd546b159480f1":null,"_oembed_b030ff17fbbbf8661c59c2ab8ff289eb":null,"_oembed_5cec699ba0631c6c0e4ba4f6af5f228e":null,"_oembed_b06a67f278b90cf4e8dd17cb12fe67b0":null,"_oembed_8e190e4fea2256f17420434651556236":null,"_oembed_b5ded119f1337916a0fc64d2ad85c95f":null,"_oembed_d9364a7a81be31c01415da2c50a48932":null,"_oembed_738cafa36d51a58e5ae3e458aa8f7584":null,"_oembed_ebcab5184b6b321b28efbcbec079859b":null,"_oembed_3dd9e35c2b7b268070e74da5b89cf937":null,"_oembed_e14b167b493e311a1c4e2aab38a463e8":null,"_oembed_dc8f7d108b38f3f0c2e0785b8bc46cae":null,"_oembed_55cf1c5142884afed312c2666bf27520":null,"_oembed_2292333bf03a956b4b61afafeff6bca0":null,"_oembed_82a986a6b900856fec23169de03a0038":null,"_oembed_4048ded025352b83569104210074165a":null,"_oembed_033b42b1af757abc39e4487233cee7f5":null,"_oembed_aec1d50f2b159366be8e37e94b201be1":null,"_oembed_0adc8480b2fcadf9a1733f572ce3d3f8":null,"_yoast_wpseo_title":null,"_yoast_wpseo_focuskw":null,"_yoast_wpseo_linkdex":null,"_yoast_wpseo_metadesc":null,"_yoast_wpseo_wordproof_timestamp":"","_tpl_archive_meta_key":null,"_form":null,"_mail":null,"_mail_2":null,"_messages":null,"_additional_settings":null,"_locale":null,"_wp_old_date":null,"_edit_last":"5","_wpb_vc_js_status":"false","_yoast_wpseo_estimated-reading-time-minutes":"3","_edit_lock":"1695366351:5","_yoast_wpseo_content_score":"30","yoast_head":"<!-- This site is optimized with the Yoast SEO plugin v24.3 - https:\/\/yoast.com\/wordpress\/plugins\/seo\/ -->\n<title>La Laine de Verre avec Kraft n&#039;est pas un Pare-Vapeur: D\u00e9mystification d&#039;une Id\u00e9e Re\u00e7ue - La Maison naturelle | Blog<\/title>\n<meta name=\"robots\" content=\"index, follow, max-snippet:-1, max-image-preview:large, max-video-preview:-1\" \/>\n<link rel=\"canonical\" href=\"https:\/\/www.la-maison-naturelle.com\/blog\/la-laine-de-verre-avec-kraft-nest-pas-un-pare-vapeur-demystification-dune-idee-recue\/\" \/>\n<meta property=\"og:locale\" content=\"fr_FR\" \/>\n<meta property=\"og:type\" content=\"article\" \/>\n<meta property=\"og:title\" content=\"La Laine de Verre avec Kraft n&#039;est pas un Pare-Vapeur: D\u00e9mystification d&#039;une Id\u00e9e Re\u00e7ue - La Maison naturelle | Blog\" \/>\n<meta property=\"og:description\" content=\"L&rsquo;isolation est un sujet incontournable dans la construction et la r\u00e9novation de b\u00e2timents. Parmi les divers mat\u00e9riaux isolants disponibles sur le march\u00e9, la laine de verre est l&rsquo;une des plus populaires. Souvent, on peut rencontrer des produits de laine de verre dot\u00e9s d&rsquo;un \u00ab\u00a0pare-vapeur int\u00e9gr\u00e9\u00a0\u00bb en kraft. Cependant, il est crucial de comprendre que le [&hellip;]\" \/>\n<meta property=\"og:url\" content=\"https:\/\/www.la-maison-naturelle.com\/blog\/la-laine-de-verre-avec-kraft-nest-pas-un-pare-vapeur-demystification-dune-idee-recue\/\" \/>\n<meta property=\"og:site_name\" content=\"La Maison naturelle | Blog\" \/>\n<meta property=\"article:published_time\" content=\"2023-09-22T07:05:28+00:00\" \/>\n<meta property=\"og:image\" content=\"https:\/\/www.la-maison-naturelle.com\/blog\/wp-content\/uploads\/2023\/09\/AST5763735-XL.jpg\" \/>\n\t<meta property=\"og:image:width\" content=\"1200\" \/>\n\t<meta property=\"og:image:height\" content=\"801\" \/>\n\t<meta property=\"og:image:type\" content=\"image\/jpeg\" \/>\n<meta name=\"author\" content=\"Eloise\" \/>\n<meta name=\"twitter:card\" content=\"summary_large_image\" \/>\n<meta name=\"twitter:label1\" content=\"\u00c9crit par\" \/>\n\t<meta name=\"twitter:data1\" content=\"Eloise\" \/>\n\t<meta name=\"twitter:label2\" content=\"Dur\u00e9e de lecture estim\u00e9e\" \/>\n\t<meta name=\"twitter:data2\" content=\"3 minutes\" \/>\n<script type=\"application\/ld+json\" class=\"yoast-schema-graph\">{\"@context\":\"https:\/\/schema.org\",\"@graph\":[{\"@type\":\"Article\",\"@id\":\"https:\/\/www.la-maison-naturelle.com\/blog\/la-laine-de-verre-avec-kraft-nest-pas-un-pare-vapeur-demystification-dune-idee-recue\/#article\",\"isPartOf\":{\"@id\":\"https:\/\/www.la-maison-naturelle.com\/blog\/la-laine-de-verre-avec-kraft-nest-pas-un-pare-vapeur-demystification-dune-idee-recue\/\"},\"author\":{\"name\":\"Eloise\",\"@id\":\"https:\/\/www.la-maison-naturelle.com\/blog\/#\/schema\/person\/cad2a9ed80410189f0688441d546d43f\"},\"headline\":\"La Laine de Verre avec Kraft n&rsquo;est pas un Pare-Vapeur: D\u00e9mystification d&rsquo;une Id\u00e9e Re\u00e7ue\",\"datePublished\":\"2023-09-22T07:05:28+00:00\",\"dateModified\":\"2023-09-22T07:05:28+00:00\",\"mainEntityOfPage\":{\"@id\":\"https:\/\/www.la-maison-naturelle.com\/blog\/la-laine-de-verre-avec-kraft-nest-pas-un-pare-vapeur-demystification-dune-idee-recue\/\"},\"wordCount\":480,\"commentCount\":0,\"publisher\":{\"@id\":\"https:\/\/www.la-maison-naturelle.com\/blog\/#organization\"},\"image\":{\"@id\":\"https:\/\/www.la-maison-naturelle.com\/blog\/la-laine-de-verre-avec-kraft-nest-pas-un-pare-vapeur-demystification-dune-idee-recue\/#primaryimage\"},\"thumbnailUrl\":\"https:\/\/www.la-maison-naturelle.com\/blog\/wp-content\/uploads\/2023\/09\/AST5763735-XL.jpg\",\"articleSection\":[\"Int\u00e9rieur &amp; d\u00e9coration\"],\"inLanguage\":\"fr-FR\",\"potentialAction\":[{\"@type\":\"CommentAction\",\"name\":\"Comment\",\"target\":[\"https:\/\/www.la-maison-naturelle.com\/blog\/la-laine-de-verre-avec-kraft-nest-pas-un-pare-vapeur-demystification-dune-idee-recue\/#respond\"]}]},{\"@type\":\"WebPage\",\"@id\":\"https:\/\/www.la-maison-naturelle.com\/blog\/la-laine-de-verre-avec-kraft-nest-pas-un-pare-vapeur-demystification-dune-idee-recue\/\",\"url\":\"https:\/\/www.la-maison-naturelle.com\/blog\/la-laine-de-verre-avec-kraft-nest-pas-un-pare-vapeur-demystification-dune-idee-recue\/\",\"name\":\"La Laine de Verre avec Kraft n'est pas un Pare-Vapeur: D\u00e9mystification d'une Id\u00e9e Re\u00e7ue - La Maison naturelle | Blog\",\"isPartOf\":{\"@id\":\"https:\/\/www.la-maison-naturelle.com\/blog\/#website\"},\"primaryImageOfPage\":{\"@id\":\"https:\/\/www.la-maison-naturelle.com\/blog\/la-laine-de-verre-avec-kraft-nest-pas-un-pare-vapeur-demystification-dune-idee-recue\/#primaryimage\"},\"image\":{\"@id\":\"https:\/\/www.la-maison-naturelle.com\/blog\/la-laine-de-verre-avec-kraft-nest-pas-un-pare-vapeur-demystification-dune-idee-recue\/#primaryimage\"},\"thumbnailUrl\":\"https:\/\/www.la-maison-naturelle.com\/blog\/wp-content\/uploads\/2023\/09\/AST5763735-XL.jpg\",\"datePublished\":\"2023-09-22T07:05:28+00:00\",\"dateModified\":\"2023-09-22T07:05:28+00:00\",\"breadcrumb\":{\"@id\":\"https:\/\/www.la-maison-naturelle.com\/blog\/la-laine-de-verre-avec-kraft-nest-pas-un-pare-vapeur-demystification-dune-idee-recue\/#breadcrumb\"},\"inLanguage\":\"fr-FR\",\"potentialAction\":[{\"@type\":\"ReadAction\",\"target\":[\"https:\/\/www.la-maison-naturelle.com\/blog\/la-laine-de-verre-avec-kraft-nest-pas-un-pare-vapeur-demystification-dune-idee-recue\/\"]}]},{\"@type\":\"ImageObject\",\"inLanguage\":\"fr-FR\",\"@id\":\"https:\/\/www.la-maison-naturelle.com\/blog\/la-laine-de-verre-avec-kraft-nest-pas-un-pare-vapeur-demystification-dune-idee-recue\/#primaryimage\",\"url\":\"https:\/\/www.la-maison-naturelle.com\/blog\/wp-content\/uploads\/2023\/09\/AST5763735-XL.jpg\",\"contentUrl\":\"https:\/\/www.la-maison-naturelle.com\/blog\/wp-content\/uploads\/2023\/09\/AST5763735-XL.jpg\",\"width\":1200,\"height\":801},{\"@type\":\"BreadcrumbList\",\"@id\":\"https:\/\/www.la-maison-naturelle.com\/blog\/la-laine-de-verre-avec-kraft-nest-pas-un-pare-vapeur-demystification-dune-idee-recue\/#breadcrumb\",\"itemListElement\":[{\"@type\":\"ListItem\",\"position\":1,\"name\":\"Accueil\",\"item\":\"https:\/\/www.la-maison-naturelle.com\/blog\/\"},{\"@type\":\"ListItem\",\"position\":2,\"name\":\"La Laine de Verre avec Kraft n&rsquo;est pas un Pare-Vapeur: D\u00e9mystification d&rsquo;une Id\u00e9e Re\u00e7ue\"}]},{\"@type\":\"WebSite\",\"@id\":\"https:\/\/www.la-maison-naturelle.com\/blog\/#website\",\"url\":\"https:\/\/www.la-maison-naturelle.com\/blog\/\",\"name\":\"La Maison naturelle | Blog\",\"description\":\"Blog de la Maison naturelle\",\"publisher\":{\"@id\":\"https:\/\/www.la-maison-naturelle.com\/blog\/#organization\"},\"potentialAction\":[{\"@type\":\"SearchAction\",\"target\":{\"@type\":\"EntryPoint\",\"urlTemplate\":\"https:\/\/www.la-maison-naturelle.com\/blog\/?s={search_term_string}\"},\"query-input\":{\"@type\":\"PropertyValueSpecification\",\"valueRequired\":true,\"valueName\":\"search_term_string\"}}],\"inLanguage\":\"fr-FR\"},{\"@type\":\"Organization\",\"@id\":\"https:\/\/www.la-maison-naturelle.com\/blog\/#organization\",\"name\":\"La Maison naturelle | Blog\",\"url\":\"https:\/\/www.la-maison-naturelle.com\/blog\/\",\"logo\":{\"@type\":\"ImageObject\",\"inLanguage\":\"fr-FR\",\"@id\":\"https:\/\/www.la-maison-naturelle.com\/blog\/#\/schema\/logo\/image\/\",\"url\":\"https:\/\/www.la-maison-naturelle.com\/blog\/wp-content\/uploads\/2021\/07\/maison-naturelle-logo.svg\",\"contentUrl\":\"https:\/\/www.la-maison-naturelle.com\/blog\/wp-content\/uploads\/2021\/07\/maison-naturelle-logo.svg\",\"width\":156,\"height\":64,\"caption\":\"La Maison naturelle | Blog\"},\"image\":{\"@id\":\"https:\/\/www.la-maison-naturelle.com\/blog\/#\/schema\/logo\/image\/\"}},{\"@type\":\"Person\",\"@id\":\"https:\/\/www.la-maison-naturelle.com\/blog\/#\/schema\/person\/cad2a9ed80410189f0688441d546d43f\",\"name\":\"Eloise\",\"image\":{\"@type\":\"ImageObject\",\"inLanguage\":\"fr-FR\",\"@id\":\"https:\/\/www.la-maison-naturelle.com\/blog\/#\/schema\/person\/image\/\",\"url\":\"https:\/\/secure.gravatar.com\/avatar\/344186806f5e8613d4a2109f3b0228a847a7c0858a8023778c44bdcfc1111df9?s=96&d=mm&r=g\",\"contentUrl\":\"https:\/\/secure.gravatar.com\/avatar\/344186806f5e8613d4a2109f3b0228a847a7c0858a8023778c44bdcfc1111df9?s=96&d=mm&r=g\",\"caption\":\"Eloise\"},\"sameAs\":[\"https:\/\/www.la-maison-naturelle.com\/\"],\"url\":\"https:\/\/www.la-maison-naturelle.com\/blog\/author\/idries\/\"}]}<\/script>\n<!-- \/ Yoast SEO plugin. -->","yoast_head_json":{"title":"La Laine de Verre avec Kraft n'est pas un Pare-Vapeur: D\u00e9mystification d'une Id\u00e9e Re\u00e7ue - La Maison naturelle | Blog","robots":{"index":"index","follow":"follow","max-snippet":"max-snippet:-1","max-image-preview":"max-image-preview:large","max-video-preview":"max-video-preview:-1"},"canonical":"https:\/\/www.la-maison-naturelle.com\/blog\/la-laine-de-verre-avec-kraft-nest-pas-un-pare-vapeur-demystification-dune-idee-recue\/","og_locale":"fr_FR","og_type":"article","og_title":"La Laine de Verre avec Kraft n'est pas un Pare-Vapeur: D\u00e9mystification d'une Id\u00e9e Re\u00e7ue - La Maison naturelle | Blog","og_description":"L&rsquo;isolation est un sujet incontournable dans la construction et la r\u00e9novation de b\u00e2timents. Parmi les divers mat\u00e9riaux isolants disponibles sur le march\u00e9, la laine de verre est l&rsquo;une des plus populaires. Souvent, on peut rencontrer des produits de laine de verre dot\u00e9s d&rsquo;un \u00ab\u00a0pare-vapeur int\u00e9gr\u00e9\u00a0\u00bb en kraft. Cependant, il est crucial de comprendre que le [&hellip;]","og_url":"https:\/\/www.la-maison-naturelle.com\/blog\/la-laine-de-verre-avec-kraft-nest-pas-un-pare-vapeur-demystification-dune-idee-recue\/","og_site_name":"La Maison naturelle | Blog","article_published_time":"2023-09-22T07:05:28+00:00","og_image":[{"width":1200,"height":801,"url":"https:\/\/www.la-maison-naturelle.com\/blog\/wp-content\/uploads\/2023\/09\/AST5763735-XL.jpg","type":"image\/jpeg"}],"author":"Eloise","twitter_card":"summary_large_image","twitter_misc":{"\u00c9crit par":"Eloise","Dur\u00e9e de lecture estim\u00e9e":"3 minutes"},"schema":{"@context":"https:\/\/schema.org","@graph":[{"@type":"Article","@id":"https:\/\/www.la-maison-naturelle.com\/blog\/la-laine-de-verre-avec-kraft-nest-pas-un-pare-vapeur-demystification-dune-idee-recue\/#article","isPartOf":{"@id":"https:\/\/www.la-maison-naturelle.com\/blog\/la-laine-de-verre-avec-kraft-nest-pas-un-pare-vapeur-demystification-dune-idee-recue\/"},"author":{"name":"Eloise","@id":"https:\/\/www.la-maison-naturelle.com\/blog\/#\/schema\/person\/cad2a9ed80410189f0688441d546d43f"},"headline":"La Laine de Verre avec Kraft n&rsquo;est pas un Pare-Vapeur: D\u00e9mystification d&rsquo;une Id\u00e9e Re\u00e7ue","datePublished":"2023-09-22T07:05:28+00:00","dateModified":"2023-09-22T07:05:28+00:00","mainEntityOfPage":{"@id":"https:\/\/www.la-maison-naturelle.com\/blog\/la-laine-de-verre-avec-kraft-nest-pas-un-pare-vapeur-demystification-dune-idee-recue\/"},"wordCount":480,"commentCount":0,"publisher":{"@id":"https:\/\/www.la-maison-naturelle.com\/blog\/#organization"},"image":{"@id":"https:\/\/www.la-maison-naturelle.com\/blog\/la-laine-de-verre-avec-kraft-nest-pas-un-pare-vapeur-demystification-dune-idee-recue\/#primaryimage"},"thumbnailUrl":"https:\/\/www.la-maison-naturelle.com\/blog\/wp-content\/uploads\/2023\/09\/AST5763735-XL.jpg","articleSection":["Int\u00e9rieur &amp; d\u00e9coration"],"inLanguage":"fr-FR","potentialAction":[{"@type":"CommentAction","name":"Comment","target":["https:\/\/www.la-maison-naturelle.com\/blog\/la-laine-de-verre-avec-kraft-nest-pas-un-pare-vapeur-demystification-dune-idee-recue\/#respond"]}]},{"@type":"WebPage","@id":"https:\/\/www.la-maison-naturelle.com\/blog\/la-laine-de-verre-avec-kraft-nest-pas-un-pare-vapeur-demystification-dune-idee-recue\/","url":"https:\/\/www.la-maison-naturelle.com\/blog\/la-laine-de-verre-avec-kraft-nest-pas-un-pare-vapeur-demystification-dune-idee-recue\/","name":"La Laine de Verre avec Kraft n'est pas un Pare-Vapeur: D\u00e9mystification d'une Id\u00e9e Re\u00e7ue - La Maison naturelle | Blog","isPartOf":{"@id":"https:\/\/www.la-maison-naturelle.com\/blog\/#website"},"primaryImageOfPage":{"@id":"https:\/\/www.la-maison-naturelle.com\/blog\/la-laine-de-verre-avec-kraft-nest-pas-un-pare-vapeur-demystification-dune-idee-recue\/#primaryimage"},"image":{"@id":"https:\/\/www.la-maison-naturelle.com\/blog\/la-laine-de-verre-avec-kraft-nest-pas-un-pare-vapeur-demystification-dune-idee-recue\/#primaryimage"},"thumbnailUrl":"https:\/\/www.la-maison-naturelle.com\/blog\/wp-content\/uploads\/2023\/09\/AST5763735-XL.jpg","datePublished":"2023-09-22T07:05:28+00:00","dateModified":"2023-09-22T07:05:28+00:00","breadcrumb":{"@id":"https:\/\/www.la-maison-naturelle.com\/blog\/la-laine-de-verre-avec-kraft-nest-pas-un-pare-vapeur-demystification-dune-idee-recue\/#breadcrumb"},"inLanguage":"fr-FR","potentialAction":[{"@type":"ReadAction","target":["https:\/\/www.la-maison-naturelle.com\/blog\/la-laine-de-verre-avec-kraft-nest-pas-un-pare-vapeur-demystification-dune-idee-recue\/"]}]},{"@type":"ImageObject","inLanguage":"fr-FR","@id":"https:\/\/www.la-maison-naturelle.com\/blog\/la-laine-de-verre-avec-kraft-nest-pas-un-pare-vapeur-demystification-dune-idee-recue\/#primaryimage","url":"https:\/\/www.la-maison-naturelle.com\/blog\/wp-content\/uploads\/2023\/09\/AST5763735-XL.jpg","contentUrl":"https:\/\/www.la-maison-naturelle.com\/blog\/wp-content\/uploads\/2023\/09\/AST5763735-XL.jpg","width":1200,"height":801},{"@type":"BreadcrumbList","@id":"https:\/\/www.la-maison-naturelle.com\/blog\/la-laine-de-verre-avec-kraft-nest-pas-un-pare-vapeur-demystification-dune-idee-recue\/#breadcrumb","itemListElement":[{"@type":"ListItem","position":1,"name":"Accueil","item":"https:\/\/www.la-maison-naturelle.com\/blog\/"},{"@type":"ListItem","position":2,"name":"La Laine de Verre avec Kraft n&rsquo;est pas un Pare-Vapeur: D\u00e9mystification d&rsquo;une Id\u00e9e Re\u00e7ue"}]},{"@type":"WebSite","@id":"https:\/\/www.la-maison-naturelle.com\/blog\/#website","url":"https:\/\/www.la-maison-naturelle.com\/blog\/","name":"La Maison naturelle | Blog","description":"Blog de la Maison naturelle","publisher":{"@id":"https:\/\/www.la-maison-naturelle.com\/blog\/#organization"},"potentialAction":[{"@type":"SearchAction","target":{"@type":"EntryPoint","urlTemplate":"https:\/\/www.la-maison-naturelle.com\/blog\/?s={search_term_string}"},"query-input":{"@type":"PropertyValueSpecification","valueRequired":true,"valueName":"search_term_string"}}],"inLanguage":"fr-FR"},{"@type":"Organization","@id":"https:\/\/www.la-maison-naturelle.com\/blog\/#organization","name":"La Maison naturelle | Blog","url":"https:\/\/www.la-maison-naturelle.com\/blog\/","logo":{"@type":"ImageObject","inLanguage":"fr-FR","@id":"https:\/\/www.la-maison-naturelle.com\/blog\/#\/schema\/logo\/image\/","url":"https:\/\/www.la-maison-naturelle.com\/blog\/wp-content\/uploads\/2021\/07\/maison-naturelle-logo.svg","contentUrl":"https:\/\/www.la-maison-naturelle.com\/blog\/wp-content\/uploads\/2021\/07\/maison-naturelle-logo.svg","width":156,"height":64,"caption":"La Maison naturelle | Blog"},"image":{"@id":"https:\/\/www.la-maison-naturelle.com\/blog\/#\/schema\/logo\/image\/"}},{"@type":"Person","@id":"https:\/\/www.la-maison-naturelle.com\/blog\/#\/schema\/person\/cad2a9ed80410189f0688441d546d43f","name":"Eloise","image":{"@type":"ImageObject","inLanguage":"fr-FR","@id":"https:\/\/www.la-maison-naturelle.com\/blog\/#\/schema\/person\/image\/","url":"https:\/\/secure.gravatar.com\/avatar\/344186806f5e8613d4a2109f3b0228a847a7c0858a8023778c44bdcfc1111df9?s=96&d=mm&r=g","contentUrl":"https:\/\/secure.gravatar.com\/avatar\/344186806f5e8613d4a2109f3b0228a847a7c0858a8023778c44bdcfc1111df9?s=96&d=mm&r=g","caption":"Eloise"},"sameAs":["https:\/\/www.la-maison-naturelle.com\/"],"url":"https:\/\/www.la-maison-naturelle.com\/blog\/author\/idries\/"}]}},"_links":{"self":[{"href":"https:\/\/www.la-maison-naturelle.com\/blog\/wp-json\/wp\/v2\/posts\/6520","targetHints":{"allow":["GET"]}}],"collection":[{"href":"https:\/\/www.la-maison-naturelle.com\/blog\/wp-json\/wp\/v2\/posts"}],"about":[{"href":"https:\/\/www.la-maison-naturelle.com\/blog\/wp-json\/wp\/v2\/types\/post"}],"author":[{"embeddable":true,"href":"https:\/\/www.la-maison-naturelle.com\/blog\/wp-json\/wp\/v2\/users\/5"}],"replies":[{"embeddable":true,"href":"https:\/\/www.la-maison-naturelle.com\/blog\/wp-json\/wp\/v2\/comments?post=6520"}],"version-history":[{"count":1,"href":"https:\/\/www.la-maison-naturelle.com\/blog\/wp-json\/wp\/v2\/posts\/6520\/revisions"}],"predecessor-version":[{"id":6522,"href":"https:\/\/www.la-maison-naturelle.com\/blog\/wp-json\/wp\/v2\/posts\/6520\/revisions\/6522"}],"wp:featuredmedia":[{"embeddable":true,"href":"https:\/\/www.la-maison-naturelle.com\/blog\/wp-json\/wp\/v2\/media\/6521"}],"wp:attachment":[{"href":"https:\/\/www.la-maison-naturelle.com\/blog\/wp-json\/wp\/v2\/media?parent=6520"}],"wp:term":[{"taxonomy":"category","embeddable":true,"href":"https:\/\/www.la-maison-naturelle.com\/blog\/wp-json\/wp\/v2\/categories?post=6520"},{"taxonomy":"post_tag","embeddable":true,"href":"https:\/\/www.la-maison-naturelle.com\/blog\/wp-json\/wp\/v2\/tags?post=6520"}],"curies":[{"name":"wp","href":"https:\/\/api.w.org\/{rel}","templated":true}]}}