{"id":4460,"date":"2022-12-31T14:10:37","date_gmt":"2022-12-31T13:10:37","guid":{"rendered":"https:\/\/www.la-maison-naturelle.com\/blog\/?p=4460"},"modified":"2023-08-04T19:21:28","modified_gmt":"2023-08-04T17:21:28","slug":"surelevation-de-toiture-pour-agrandir-une-maison-et-renovation-de-facade-avec-les-produits-steico","status":"publish","type":"post","link":"https:\/\/www.la-maison-naturelle.com\/blog\/surelevation-de-toiture-pour-agrandir-une-maison-et-renovation-de-facade-avec-les-produits-steico\/","title":{"rendered":"Surelevation de toiture pour agrandir une maison et renovation de facade avec les produits steico"},"content":{"rendered":"<table style=\" width=\"100%\",max-width=\"839\">\n<tbody>\n<tr>\n<td colspan=\"3\"><a href=\"https:\/\/www.la-maison-naturelle.com\/\"><img decoding=\"async\" class=\"wp-image-5568 aligncenter\" src=\"https:\/\/www.la-maison-naturelle.com\/blog\/wp-content\/uploads\/2012\/05\/Dark-Green-and-Gray-Professional-and-Clean-E-Commerce-Email-Header-300x35.png\" alt=\"\" width=\"839\" srcset=\"https:\/\/www.la-maison-naturelle.com\/blog\/wp-content\/uploads\/2012\/05\/Dark-Green-and-Gray-Professional-and-Clean-E-Commerce-Email-Header-300x35.png 300w, https:\/\/www.la-maison-naturelle.com\/blog\/wp-content\/uploads\/2012\/05\/Dark-Green-and-Gray-Professional-and-Clean-E-Commerce-Email-Header-1024x119.png 1024w, https:\/\/www.la-maison-naturelle.com\/blog\/wp-content\/uploads\/2012\/05\/Dark-Green-and-Gray-Professional-and-Clean-E-Commerce-Email-Header-768x89.png 768w, https:\/\/www.la-maison-naturelle.com\/blog\/wp-content\/uploads\/2012\/05\/Dark-Green-and-Gray-Professional-and-Clean-E-Commerce-Email-Header-1536x178.png 1536w, https:\/\/www.la-maison-naturelle.com\/blog\/wp-content\/uploads\/2012\/05\/Dark-Green-and-Gray-Professional-and-Clean-E-Commerce-Email-Header.png 1578w\" sizes=\"(max-width: 300px) 100vw, 300px\" \/><\/a><\/td>\n<\/tr>\n<tr>\n<td><a href=\"https:\/\/www.la-maison-naturelle.com\/5260-materiaux-et-bricolage\"><img loading=\"lazy\" decoding=\"async\" class=\"alignright size-medium wp-image-5565\" src=\"https:\/\/www.la-maison-naturelle.com\/blog\/wp-content\/uploads\/2012\/05\/73a5f09c-2ef6-46dd-90d1-9cf73599e16b-1-249x300.png\" alt=\"Mat\u00e9riaux et bricolage\" width=\"249\" height=\"300\" srcset=\"https:\/\/www.la-maison-naturelle.com\/blog\/wp-content\/uploads\/2012\/05\/73a5f09c-2ef6-46dd-90d1-9cf73599e16b-1-249x300.png 249w, https:\/\/www.la-maison-naturelle.com\/blog\/wp-content\/uploads\/2012\/05\/73a5f09c-2ef6-46dd-90d1-9cf73599e16b-1.png 397w\" sizes=\"auto, (max-width: 249px) 100vw, 249px\" \/><\/a><\/td>\n<td><a href=\"https:\/\/www.la-maison-naturelle.com\/5266-amenagement-du-jardin\"><img loading=\"lazy\" decoding=\"async\" class=\"alignright size-medium wp-image-5564\" src=\"https:\/\/www.la-maison-naturelle.com\/blog\/wp-content\/uploads\/2012\/05\/9224811f-6da5-4d4d-8634-e9a2517a9565-1-249x300.png\" alt=\"Jardin et ext\u00e9rieur\" width=\"249\" height=\"300\" srcset=\"https:\/\/www.la-maison-naturelle.com\/blog\/wp-content\/uploads\/2012\/05\/9224811f-6da5-4d4d-8634-e9a2517a9565-1-249x300.png 249w, https:\/\/www.la-maison-naturelle.com\/blog\/wp-content\/uploads\/2012\/05\/9224811f-6da5-4d4d-8634-e9a2517a9565-1.png 397w\" sizes=\"auto, (max-width: 249px) 100vw, 249px\" \/><\/a><\/td>\n<td><a href=\"https:\/\/www.la-maison-naturelle.com\/5267-interieur-et-decoration\"><img loading=\"lazy\" decoding=\"async\" class=\"alignright size-medium wp-image-5563\" src=\"https:\/\/www.la-maison-naturelle.com\/blog\/wp-content\/uploads\/2012\/05\/b9400ea8-440a-4a4a-8db6-682fde3f9652-1-249x300.png\" alt=\"Int\u00e9rieur et d\u00e9coration\" width=\"249\" height=\"300\" srcset=\"https:\/\/www.la-maison-naturelle.com\/blog\/wp-content\/uploads\/2012\/05\/b9400ea8-440a-4a4a-8db6-682fde3f9652-1-249x300.png 249w, https:\/\/www.la-maison-naturelle.com\/blog\/wp-content\/uploads\/2012\/05\/b9400ea8-440a-4a4a-8db6-682fde3f9652-1.png 397w\" sizes=\"auto, (max-width: 249px) 100vw, 249px\" \/><\/a><\/td>\n<\/tr>\n<\/tbody>\n<\/table>\n<p>Vous \u00eates propri\u00e9taire d&rsquo;une maison et vous souhaitez agrandir votre espace de vie sans pour autant d\u00e9m\u00e9nager ? La solution pourrait \u00eatre la sur\u00e9l\u00e9vation de votre toiture. Cette technique permet d&rsquo;ajouter une ou plusieurs nouvelles chambres, un grenier ou tout autre espace de vie suppl\u00e9mentaire en profitant de l&rsquo;espace disponible sous votre toit.<\/p>\n<h2>Qu&rsquo;est-ce que la sur\u00e9l\u00e9vation de toiture ?<\/h2>\n<p>La sur\u00e9l\u00e9vation de toiture consiste \u00e0 ajouter une extension sur le toit existant de votre maison. Cette extension peut \u00eatre r\u00e9alis\u00e9e soit en utilisant les m\u00eames mat\u00e9riaux que votre toit actuel, soit en optant pour des mat\u00e9riaux diff\u00e9rents.<\/p>\n<p>Il existe plusieurs types de sur\u00e9l\u00e9vations de toiture, notamment :<\/p>\n<ul>\n<li>La sur\u00e9l\u00e9vation en fa\u00eetage : cette technique consiste \u00e0 ajouter une extension sur le fa\u00eetage de votre toit, c&rsquo;est-\u00e0-dire sur la partie la plus haute de votre toit. Cette option est souvent choisie lorsque l&rsquo;on souhaite cr\u00e9er un nouvel \u00e9tage ou un grenier.<\/li>\n<li>La sur\u00e9l\u00e9vation en pignon : cette technique consiste \u00e0 ajouter une extension sur un des pignons de votre maison, c&rsquo;est-\u00e0-dire sur les c\u00f4t\u00e9s de votre toit. Cette option est souvent choisie lorsque l&rsquo;on souhaite agrandir une pi\u00e8ce en particulier, comme une chambre ou un salon.<\/li>\n<li>La sur\u00e9l\u00e9vation en toit plat : cette technique consiste \u00e0 ajouter une extension sur un toit plat existant. Cette option est souvent choisie lorsque l&rsquo;on souhaite cr\u00e9er un espace de vie suppl\u00e9mentaire, comme une terrasse ou un jardin d&rsquo;hiver.<\/li>\n<\/ul>\n<h2>Pourquoi opter pour la sur\u00e9l\u00e9vation de toiture ?<\/h2>\n<p>Il y a plusieurs raisons pour lesquelles la sur\u00e9l\u00e9vation de toiture peut \u00eatre une solution int\u00e9ressante pour agrandir votre maison :<\/p>\n<ul>\n<li>C&rsquo;est une solution moins co\u00fbteuse que de d\u00e9m\u00e9nager ou de construire une extension en dur.<\/li>\n<li>Cela permet de profiter de l&rsquo;espace disponible sous votre toit, sans avoir \u00e0 perdre de jardin ou de terrain.<\/li>\n<li>Cela peut \u00eatre une solution esth\u00e9tiquement agr\u00e9able, en particulier si vous optez pour des mat\u00e9riaux de qualit\u00e9 et qui s&rsquo;int\u00e8grent bien avec l&rsquo;existant.<\/li>\n<li>Cela peut \u00eatre une solution rapide \u00e0 mettre en place, notamment si vous optez pour des mat\u00e9riaux l\u00e9gers et faciles \u00e0 manipuler, comme les panneaux en bois ou en <a href=\"https:\/\/www.la-maison-naturelle.com\/blog\/une-ossature-metallique\/\" data-internallinksmanager029f6b8e52c=\"116\" title=\"Qu'est-ce qu'une ossature m\u00e9tallique?\">ossature m\u00e9tallique<\/a>.<\/li>\n<\/ul>\n<h2>Comment r\u00e9aliser une sur\u00e9l\u00e9vation de toiture ?<\/h2>\n<p>Voici les \u00e9tapes \u00e0 suivre pour r\u00e9aliser une sur\u00e9l\u00e9vation de toiture :<\/p>\n<h3>\u00c9tape 1 : faire un plan et choisir les mat\u00e9riaux<\/h3>\n<p>Tout d&rsquo;abord, il est important de faire un plan de votre sur\u00e9l\u00e9vation de toiture. Cela vous permettra de visualiser l&rsquo;espace que vous allez cr\u00e9er et de d\u00e9terminer les mat\u00e9riaux n\u00e9cessaires.<\/p>\n<p>Il est \u00e9galement important de choisir des mat\u00e9riaux de qualit\u00e9 qui s&rsquo;int\u00e8grent bien avec l&rsquo;existant et qui r\u00e9pondent \u00e0 vos crit\u00e8res esth\u00e9tiques et de budget.<\/p>\n<h3>\u00c9tape 2 : obtenir les autorisations n\u00e9cessaires<\/h3>\n<p>Avant de d\u00e9buter les travaux, vous devrez obtenir les autorisations n\u00e9cessaires aupr\u00e8s de votre mairie. Cela peut inclure une d\u00e9claration de travaux ou un permis de construire, selon la taille et la nature de votre projet.<\/p>\n<h3>\u00c9tape 3 : pr\u00e9parer le chantier<\/h3>\n<p>Une fois que vous avez obtenu les autorisations n\u00e9cessaires, vous pouvez pr\u00e9parer votre chantier. Cela peut inclure le d\u00e9montage de la toiture existante, la mise en place de structures de support pour la sur\u00e9l\u00e9vation, et tous les autres travaux pr\u00e9paratoires n\u00e9cessaires.<\/p>\n<h3>\u00c9tape 4 : r\u00e9aliser la sur\u00e9l\u00e9vation<\/h3>\n<p>Une fois que le chantier est pr\u00eat, vous pouvez commencer \u00e0 r\u00e9aliser la sur\u00e9l\u00e9vation de votre toiture. Cela peut inclure la pose de l&rsquo;ossature, la mise en place de l&rsquo;isolant, et la finition avec les mat\u00e9riaux choisis (tuiles, ardoises, etc.).<\/p>\n<h3>\u00c9tape 5 : finir les travaux d&rsquo;int\u00e9rieur<\/h3>\n<p>Une fois que la sur\u00e9l\u00e9vation de votre toiture est termin\u00e9e, vous pouvez passer aux travaux d&rsquo;int\u00e9rieur. Cela peut inclure la pose de cloisons, la mise en place de l&rsquo;\u00e9lectricit\u00e9 et de la plomberie, et la finition des sols et des murs.<\/p>\n<h2>R\u00e9novation de fa\u00e7ade avec les produits Steico<\/h2>\n<p>La r\u00e9novation de fa\u00e7ade est une autre solution pour am\u00e9liorer l&rsquo;apparence de votre maison et en augmenter la valeur. Si vous souhaitez utiliser des produits \u00e9cologiques pour votre r\u00e9novation de fa\u00e7ade, les produits <a href=\"https:\/\/www.la-maison-naturelle.com\/brand\/1-steico\" data-internallinksmanager029f6b8e52c=\"71\" title=\"STEICO\">Steico<\/a> pourraient \u00eatre une option int\u00e9ressante \u00e0 consid\u00e9rer.<\/p>\n<p>Steico est une entreprise sp\u00e9cialis\u00e9e dans la production de mat\u00e9riaux d&rsquo;isolation \u00e9cologiques et durables pour l&rsquo;am\u00e9nagement int\u00e9rieur et ext\u00e9rieur. Parmi leurs produits phares pour la r\u00e9novation de fa\u00e7ade, on retrouve notamment :<\/p>\n<ul>\n<li>Les panneaux de fa\u00e7ade en bois : ces panneaux sont fabriqu\u00e9s \u00e0 partir de bois massif et offrent une excellente isolation thermique et acoustique. Ils sont \u00e9galement r\u00e9sistants aux intemp\u00e9ries et faciles \u00e0 entretenir.<\/li>\n<li>Les enduits de fa\u00e7ade en fibres de bois : ces enduits sont fabriqu\u00e9s \u00e0 partir de fibres de bois 100% naturelles et offrent une excellente isolation thermique. Ils sont \u00e9galement respirants, ce qui permet \u00e0 votre maison de respirer et d&rsquo;\u00e9viter les probl\u00e8mes d&rsquo;humidit\u00e9.<\/li>\n<li>Les panneaux de fa\u00e7ade en laine de bois : ces panneaux sont fabriqu\u00e9s \u00e0 partir de laine de bois compress\u00e9e et offrent une excellente isolation thermique et acoustique. Ils sont \u00e9galement r\u00e9sistants aux intemp\u00e9ries et faciles \u00e0 entretenir.<\/li>\n<\/ul>\n<p>En utilisant des produits Steico pour votre r\u00e9novation de fa\u00e7ade, vous pouvez \u00eatre s\u00fbr de choisir des mat\u00e9riaux de qualit\u00e9, respectueux de l&rsquo;environnement et durables dans le temps.<\/p>\n<p>En conclusion, la sur\u00e9l\u00e9vation de toiture et la r\u00e9novation de fa\u00e7ade sont deux solutions int\u00e9ressantes pour agrandir votre maison et am\u00e9liorer son apparence. Si vous souhaitez utiliser des mat\u00e9riaux \u00e9cologiques et durables pour ces travaux, les produits Steico pourraient \u00eatre une option \u00e0 consid\u00e9rer. N&rsquo;h\u00e9sitez pas \u00e0 vous renseigner davantage sur ces produits et \u00e0 faire appel \u00e0 un professionnel pour vous accompagner dans votre projet.<\/p>\n","protected":false},"excerpt":{"rendered":"","protected":false},"author":5,"featured_media":4461,"comment_status":"open","ping_status":"open","sticky":false,"template":"","format":"standard","meta":{"footnotes":""},"categories":[1],"tags":[],"class_list":["post-4460","post","type-post","status-publish","format-standard","has-post-thumbnail","hentry","category-interieur-decoration"],"_wp_attached_file":null,"_wp_attachment_metadata":null,"_wp_attachment_context":null,"_wp_attachment_image_alt":null,"_hf_settings":null,"hf_message_success":null,"hf_message_invalid_email":null,"hf_message_required_field_missing":null,"hf_message_error":null,"_menu_item_type":null,"_menu_item_menu_item_parent":null,"_menu_item_object_id":null,"_menu_item_object":null,"_menu_item_target":null,"_menu_item_classes":null,"_menu_item_xfn":null,"_menu_item_url":null,"_yoast_wpseo_primary_category":"","_thumbnail_id":"4461","_oembed_26d84b2c06432105b0a19987ae029a71":null,"_oembed_43e9e2dfde1b9b4ed91c9711026b7ef9":null,"_oembed_1fe1564764edbddc3b61e81acf52be88":null,"_oembed_df60f474cd845141e7ce6596d101e4a0":null,"_oembed_825e674795e2435c0bc66eb08e5d2c8b":null,"_oembed_time_825e674795e2435c0bc66eb08e5d2c8b":null,"_oembed_e917352ff4cc21ea91383201eeaa08cf":null,"_oembed_2363c16c972791c33e283320dc564fce":null,"_oembed_cc9ad5b5073a84776f6a62e33e6c7498":null,"_oembed_time_cc9ad5b5073a84776f6a62e33e6c7498":null,"_oembed_305147fcf4b856de518466e695c209cd":null,"_oembed_8517a877084ae01a5296813ee1d16a2b":null,"_oembed_2741f1556b243e68379198f98ba7f864":null,"_oembed_c3ffa24981451396c950ece2129da0f6":null,"_oembed_6f9091ebe2f3f5fcb5698ba6f4b41477":null,"_wp_old_slug":null,"_oembed_e4fb0f68ba12b85e9e231afe151ba12a":null,"_oembed_3c60e98bd703e617e67f5bbb3b97424d":null,"_oembed_bb060374498dcf40cb6068efe4be87e1":null,"_oembed_d0403e1e71c3a29020bd546b159480f1":null,"_oembed_b030ff17fbbbf8661c59c2ab8ff289eb":null,"_oembed_5cec699ba0631c6c0e4ba4f6af5f228e":null,"_oembed_b06a67f278b90cf4e8dd17cb12fe67b0":null,"_oembed_8e190e4fea2256f17420434651556236":null,"_oembed_b5ded119f1337916a0fc64d2ad85c95f":null,"_oembed_d9364a7a81be31c01415da2c50a48932":null,"_oembed_738cafa36d51a58e5ae3e458aa8f7584":null,"_oembed_ebcab5184b6b321b28efbcbec079859b":null,"_oembed_3dd9e35c2b7b268070e74da5b89cf937":null,"_oembed_e14b167b493e311a1c4e2aab38a463e8":null,"_oembed_dc8f7d108b38f3f0c2e0785b8bc46cae":null,"_oembed_55cf1c5142884afed312c2666bf27520":null,"_oembed_2292333bf03a956b4b61afafeff6bca0":null,"_oembed_82a986a6b900856fec23169de03a0038":null,"_oembed_4048ded025352b83569104210074165a":null,"_oembed_033b42b1af757abc39e4487233cee7f5":null,"_oembed_aec1d50f2b159366be8e37e94b201be1":null,"_oembed_0adc8480b2fcadf9a1733f572ce3d3f8":null,"_yoast_wpseo_title":null,"_yoast_wpseo_focuskw":null,"_yoast_wpseo_linkdex":null,"_yoast_wpseo_metadesc":null,"_yoast_wpseo_wordproof_timestamp":"","_tpl_archive_meta_key":null,"_form":null,"_mail":null,"_mail_2":null,"_messages":null,"_additional_settings":null,"_locale":null,"_wp_old_date":null,"_edit_last":"5","_wpb_vc_js_status":"false","_yoast_wpseo_estimated-reading-time-minutes":"4","_edit_lock":"1691169578:5","_yoast_wpseo_content_score":"30","yoast_head":"<!-- This site is optimized with the Yoast SEO plugin v24.3 - https:\/\/yoast.com\/wordpress\/plugins\/seo\/ -->\n<title>Surelevation de toiture pour agrandir une maison et renovation de facade avec les produits steico - La Maison naturelle | Blog<\/title>\n<meta name=\"robots\" content=\"index, follow, max-snippet:-1, max-image-preview:large, max-video-preview:-1\" \/>\n<link rel=\"canonical\" href=\"https:\/\/www.la-maison-naturelle.com\/blog\/surelevation-de-toiture-pour-agrandir-une-maison-et-renovation-de-facade-avec-les-produits-steico\/\" \/>\n<meta property=\"og:locale\" content=\"fr_FR\" \/>\n<meta property=\"og:type\" content=\"article\" \/>\n<meta property=\"og:title\" content=\"Surelevation de toiture pour agrandir une maison et renovation de facade avec les produits steico - La Maison naturelle | Blog\" \/>\n<meta property=\"og:url\" content=\"https:\/\/www.la-maison-naturelle.com\/blog\/surelevation-de-toiture-pour-agrandir-une-maison-et-renovation-de-facade-avec-les-produits-steico\/\" \/>\n<meta property=\"og:site_name\" content=\"La Maison naturelle | Blog\" \/>\n<meta property=\"article:published_time\" content=\"2022-12-31T13:10:37+00:00\" \/>\n<meta property=\"article:modified_time\" content=\"2023-08-04T17:21:28+00:00\" \/>\n<meta property=\"og:image\" content=\"https:\/\/www.la-maison-naturelle.com\/blog\/wp-content\/uploads\/2022\/12\/telechargement-9.jpeg\" \/>\n\t<meta property=\"og:image:width\" content=\"300\" \/>\n\t<meta property=\"og:image:height\" content=\"168\" \/>\n\t<meta property=\"og:image:type\" content=\"image\/jpeg\" \/>\n<meta name=\"author\" content=\"Eloise\" \/>\n<meta name=\"twitter:card\" content=\"summary_large_image\" \/>\n<meta name=\"twitter:label1\" content=\"\u00c9crit par\" \/>\n\t<meta name=\"twitter:data1\" content=\"Eloise\" \/>\n\t<meta name=\"twitter:label2\" content=\"Dur\u00e9e de lecture estim\u00e9e\" \/>\n\t<meta name=\"twitter:data2\" content=\"4 minutes\" \/>\n<script type=\"application\/ld+json\" class=\"yoast-schema-graph\">{\"@context\":\"https:\/\/schema.org\",\"@graph\":[{\"@type\":\"Article\",\"@id\":\"https:\/\/www.la-maison-naturelle.com\/blog\/surelevation-de-toiture-pour-agrandir-une-maison-et-renovation-de-facade-avec-les-produits-steico\/#article\",\"isPartOf\":{\"@id\":\"https:\/\/www.la-maison-naturelle.com\/blog\/surelevation-de-toiture-pour-agrandir-une-maison-et-renovation-de-facade-avec-les-produits-steico\/\"},\"author\":{\"name\":\"Eloise\",\"@id\":\"https:\/\/www.la-maison-naturelle.com\/blog\/#\/schema\/person\/cad2a9ed80410189f0688441d546d43f\"},\"headline\":\"Surelevation de toiture pour agrandir une maison et renovation de facade avec les produits steico\",\"datePublished\":\"2022-12-31T13:10:37+00:00\",\"dateModified\":\"2023-08-04T17:21:28+00:00\",\"mainEntityOfPage\":{\"@id\":\"https:\/\/www.la-maison-naturelle.com\/blog\/surelevation-de-toiture-pour-agrandir-une-maison-et-renovation-de-facade-avec-les-produits-steico\/\"},\"wordCount\":15,\"commentCount\":0,\"publisher\":{\"@id\":\"https:\/\/www.la-maison-naturelle.com\/blog\/#organization\"},\"image\":{\"@id\":\"https:\/\/www.la-maison-naturelle.com\/blog\/surelevation-de-toiture-pour-agrandir-une-maison-et-renovation-de-facade-avec-les-produits-steico\/#primaryimage\"},\"thumbnailUrl\":\"https:\/\/www.la-maison-naturelle.com\/blog\/wp-content\/uploads\/2022\/12\/telechargement-9.jpeg\",\"articleSection\":[\"Int\u00e9rieur &amp; d\u00e9coration\"],\"inLanguage\":\"fr-FR\",\"potentialAction\":[{\"@type\":\"CommentAction\",\"name\":\"Comment\",\"target\":[\"https:\/\/www.la-maison-naturelle.com\/blog\/surelevation-de-toiture-pour-agrandir-une-maison-et-renovation-de-facade-avec-les-produits-steico\/#respond\"]}]},{\"@type\":\"WebPage\",\"@id\":\"https:\/\/www.la-maison-naturelle.com\/blog\/surelevation-de-toiture-pour-agrandir-une-maison-et-renovation-de-facade-avec-les-produits-steico\/\",\"url\":\"https:\/\/www.la-maison-naturelle.com\/blog\/surelevation-de-toiture-pour-agrandir-une-maison-et-renovation-de-facade-avec-les-produits-steico\/\",\"name\":\"Surelevation de toiture pour agrandir une maison et renovation de facade avec les produits steico - La Maison naturelle | Blog\",\"isPartOf\":{\"@id\":\"https:\/\/www.la-maison-naturelle.com\/blog\/#website\"},\"primaryImageOfPage\":{\"@id\":\"https:\/\/www.la-maison-naturelle.com\/blog\/surelevation-de-toiture-pour-agrandir-une-maison-et-renovation-de-facade-avec-les-produits-steico\/#primaryimage\"},\"image\":{\"@id\":\"https:\/\/www.la-maison-naturelle.com\/blog\/surelevation-de-toiture-pour-agrandir-une-maison-et-renovation-de-facade-avec-les-produits-steico\/#primaryimage\"},\"thumbnailUrl\":\"https:\/\/www.la-maison-naturelle.com\/blog\/wp-content\/uploads\/2022\/12\/telechargement-9.jpeg\",\"datePublished\":\"2022-12-31T13:10:37+00:00\",\"dateModified\":\"2023-08-04T17:21:28+00:00\",\"breadcrumb\":{\"@id\":\"https:\/\/www.la-maison-naturelle.com\/blog\/surelevation-de-toiture-pour-agrandir-une-maison-et-renovation-de-facade-avec-les-produits-steico\/#breadcrumb\"},\"inLanguage\":\"fr-FR\",\"potentialAction\":[{\"@type\":\"ReadAction\",\"target\":[\"https:\/\/www.la-maison-naturelle.com\/blog\/surelevation-de-toiture-pour-agrandir-une-maison-et-renovation-de-facade-avec-les-produits-steico\/\"]}]},{\"@type\":\"ImageObject\",\"inLanguage\":\"fr-FR\",\"@id\":\"https:\/\/www.la-maison-naturelle.com\/blog\/surelevation-de-toiture-pour-agrandir-une-maison-et-renovation-de-facade-avec-les-produits-steico\/#primaryimage\",\"url\":\"https:\/\/www.la-maison-naturelle.com\/blog\/wp-content\/uploads\/2022\/12\/telechargement-9.jpeg\",\"contentUrl\":\"https:\/\/www.la-maison-naturelle.com\/blog\/wp-content\/uploads\/2022\/12\/telechargement-9.jpeg\",\"width\":300,\"height\":168},{\"@type\":\"BreadcrumbList\",\"@id\":\"https:\/\/www.la-maison-naturelle.com\/blog\/surelevation-de-toiture-pour-agrandir-une-maison-et-renovation-de-facade-avec-les-produits-steico\/#breadcrumb\",\"itemListElement\":[{\"@type\":\"ListItem\",\"position\":1,\"name\":\"Accueil\",\"item\":\"https:\/\/www.la-maison-naturelle.com\/blog\/\"},{\"@type\":\"ListItem\",\"position\":2,\"name\":\"Surelevation de toiture pour agrandir une maison et renovation de facade avec les produits steico\"}]},{\"@type\":\"WebSite\",\"@id\":\"https:\/\/www.la-maison-naturelle.com\/blog\/#website\",\"url\":\"https:\/\/www.la-maison-naturelle.com\/blog\/\",\"name\":\"La Maison naturelle | Blog\",\"description\":\"Blog de la Maison naturelle\",\"publisher\":{\"@id\":\"https:\/\/www.la-maison-naturelle.com\/blog\/#organization\"},\"potentialAction\":[{\"@type\":\"SearchAction\",\"target\":{\"@type\":\"EntryPoint\",\"urlTemplate\":\"https:\/\/www.la-maison-naturelle.com\/blog\/?s={search_term_string}\"},\"query-input\":{\"@type\":\"PropertyValueSpecification\",\"valueRequired\":true,\"valueName\":\"search_term_string\"}}],\"inLanguage\":\"fr-FR\"},{\"@type\":\"Organization\",\"@id\":\"https:\/\/www.la-maison-naturelle.com\/blog\/#organization\",\"name\":\"La Maison naturelle | Blog\",\"url\":\"https:\/\/www.la-maison-naturelle.com\/blog\/\",\"logo\":{\"@type\":\"ImageObject\",\"inLanguage\":\"fr-FR\",\"@id\":\"https:\/\/www.la-maison-naturelle.com\/blog\/#\/schema\/logo\/image\/\",\"url\":\"https:\/\/www.la-maison-naturelle.com\/blog\/wp-content\/uploads\/2021\/07\/maison-naturelle-logo.svg\",\"contentUrl\":\"https:\/\/www.la-maison-naturelle.com\/blog\/wp-content\/uploads\/2021\/07\/maison-naturelle-logo.svg\",\"width\":156,\"height\":64,\"caption\":\"La Maison naturelle | Blog\"},\"image\":{\"@id\":\"https:\/\/www.la-maison-naturelle.com\/blog\/#\/schema\/logo\/image\/\"}},{\"@type\":\"Person\",\"@id\":\"https:\/\/www.la-maison-naturelle.com\/blog\/#\/schema\/person\/cad2a9ed80410189f0688441d546d43f\",\"name\":\"Eloise\",\"image\":{\"@type\":\"ImageObject\",\"inLanguage\":\"fr-FR\",\"@id\":\"https:\/\/www.la-maison-naturelle.com\/blog\/#\/schema\/person\/image\/\",\"url\":\"https:\/\/secure.gravatar.com\/avatar\/344186806f5e8613d4a2109f3b0228a847a7c0858a8023778c44bdcfc1111df9?s=96&d=mm&r=g\",\"contentUrl\":\"https:\/\/secure.gravatar.com\/avatar\/344186806f5e8613d4a2109f3b0228a847a7c0858a8023778c44bdcfc1111df9?s=96&d=mm&r=g\",\"caption\":\"Eloise\"},\"sameAs\":[\"https:\/\/www.la-maison-naturelle.com\/\"],\"url\":\"https:\/\/www.la-maison-naturelle.com\/blog\/author\/idries\/\"}]}<\/script>\n<!-- \/ Yoast SEO plugin. -->","yoast_head_json":{"title":"Surelevation de toiture pour agrandir une maison et renovation de facade avec les produits steico - La Maison naturelle | Blog","robots":{"index":"index","follow":"follow","max-snippet":"max-snippet:-1","max-image-preview":"max-image-preview:large","max-video-preview":"max-video-preview:-1"},"canonical":"https:\/\/www.la-maison-naturelle.com\/blog\/surelevation-de-toiture-pour-agrandir-une-maison-et-renovation-de-facade-avec-les-produits-steico\/","og_locale":"fr_FR","og_type":"article","og_title":"Surelevation de toiture pour agrandir une maison et renovation de facade avec les produits steico - La Maison naturelle | Blog","og_url":"https:\/\/www.la-maison-naturelle.com\/blog\/surelevation-de-toiture-pour-agrandir-une-maison-et-renovation-de-facade-avec-les-produits-steico\/","og_site_name":"La Maison naturelle | Blog","article_published_time":"2022-12-31T13:10:37+00:00","article_modified_time":"2023-08-04T17:21:28+00:00","og_image":[{"width":300,"height":168,"url":"https:\/\/www.la-maison-naturelle.com\/blog\/wp-content\/uploads\/2022\/12\/telechargement-9.jpeg","type":"image\/jpeg"}],"author":"Eloise","twitter_card":"summary_large_image","twitter_misc":{"\u00c9crit par":"Eloise","Dur\u00e9e de lecture estim\u00e9e":"4 minutes"},"schema":{"@context":"https:\/\/schema.org","@graph":[{"@type":"Article","@id":"https:\/\/www.la-maison-naturelle.com\/blog\/surelevation-de-toiture-pour-agrandir-une-maison-et-renovation-de-facade-avec-les-produits-steico\/#article","isPartOf":{"@id":"https:\/\/www.la-maison-naturelle.com\/blog\/surelevation-de-toiture-pour-agrandir-une-maison-et-renovation-de-facade-avec-les-produits-steico\/"},"author":{"name":"Eloise","@id":"https:\/\/www.la-maison-naturelle.com\/blog\/#\/schema\/person\/cad2a9ed80410189f0688441d546d43f"},"headline":"Surelevation de toiture pour agrandir une maison et renovation de facade avec les produits steico","datePublished":"2022-12-31T13:10:37+00:00","dateModified":"2023-08-04T17:21:28+00:00","mainEntityOfPage":{"@id":"https:\/\/www.la-maison-naturelle.com\/blog\/surelevation-de-toiture-pour-agrandir-une-maison-et-renovation-de-facade-avec-les-produits-steico\/"},"wordCount":15,"commentCount":0,"publisher":{"@id":"https:\/\/www.la-maison-naturelle.com\/blog\/#organization"},"image":{"@id":"https:\/\/www.la-maison-naturelle.com\/blog\/surelevation-de-toiture-pour-agrandir-une-maison-et-renovation-de-facade-avec-les-produits-steico\/#primaryimage"},"thumbnailUrl":"https:\/\/www.la-maison-naturelle.com\/blog\/wp-content\/uploads\/2022\/12\/telechargement-9.jpeg","articleSection":["Int\u00e9rieur &amp; d\u00e9coration"],"inLanguage":"fr-FR","potentialAction":[{"@type":"CommentAction","name":"Comment","target":["https:\/\/www.la-maison-naturelle.com\/blog\/surelevation-de-toiture-pour-agrandir-une-maison-et-renovation-de-facade-avec-les-produits-steico\/#respond"]}]},{"@type":"WebPage","@id":"https:\/\/www.la-maison-naturelle.com\/blog\/surelevation-de-toiture-pour-agrandir-une-maison-et-renovation-de-facade-avec-les-produits-steico\/","url":"https:\/\/www.la-maison-naturelle.com\/blog\/surelevation-de-toiture-pour-agrandir-une-maison-et-renovation-de-facade-avec-les-produits-steico\/","name":"Surelevation de toiture pour agrandir une maison et renovation de facade avec les produits steico - La Maison naturelle | Blog","isPartOf":{"@id":"https:\/\/www.la-maison-naturelle.com\/blog\/#website"},"primaryImageOfPage":{"@id":"https:\/\/www.la-maison-naturelle.com\/blog\/surelevation-de-toiture-pour-agrandir-une-maison-et-renovation-de-facade-avec-les-produits-steico\/#primaryimage"},"image":{"@id":"https:\/\/www.la-maison-naturelle.com\/blog\/surelevation-de-toiture-pour-agrandir-une-maison-et-renovation-de-facade-avec-les-produits-steico\/#primaryimage"},"thumbnailUrl":"https:\/\/www.la-maison-naturelle.com\/blog\/wp-content\/uploads\/2022\/12\/telechargement-9.jpeg","datePublished":"2022-12-31T13:10:37+00:00","dateModified":"2023-08-04T17:21:28+00:00","breadcrumb":{"@id":"https:\/\/www.la-maison-naturelle.com\/blog\/surelevation-de-toiture-pour-agrandir-une-maison-et-renovation-de-facade-avec-les-produits-steico\/#breadcrumb"},"inLanguage":"fr-FR","potentialAction":[{"@type":"ReadAction","target":["https:\/\/www.la-maison-naturelle.com\/blog\/surelevation-de-toiture-pour-agrandir-une-maison-et-renovation-de-facade-avec-les-produits-steico\/"]}]},{"@type":"ImageObject","inLanguage":"fr-FR","@id":"https:\/\/www.la-maison-naturelle.com\/blog\/surelevation-de-toiture-pour-agrandir-une-maison-et-renovation-de-facade-avec-les-produits-steico\/#primaryimage","url":"https:\/\/www.la-maison-naturelle.com\/blog\/wp-content\/uploads\/2022\/12\/telechargement-9.jpeg","contentUrl":"https:\/\/www.la-maison-naturelle.com\/blog\/wp-content\/uploads\/2022\/12\/telechargement-9.jpeg","width":300,"height":168},{"@type":"BreadcrumbList","@id":"https:\/\/www.la-maison-naturelle.com\/blog\/surelevation-de-toiture-pour-agrandir-une-maison-et-renovation-de-facade-avec-les-produits-steico\/#breadcrumb","itemListElement":[{"@type":"ListItem","position":1,"name":"Accueil","item":"https:\/\/www.la-maison-naturelle.com\/blog\/"},{"@type":"ListItem","position":2,"name":"Surelevation de toiture pour agrandir une maison et renovation de facade avec les produits steico"}]},{"@type":"WebSite","@id":"https:\/\/www.la-maison-naturelle.com\/blog\/#website","url":"https:\/\/www.la-maison-naturelle.com\/blog\/","name":"La Maison naturelle | Blog","description":"Blog de la Maison naturelle","publisher":{"@id":"https:\/\/www.la-maison-naturelle.com\/blog\/#organization"},"potentialAction":[{"@type":"SearchAction","target":{"@type":"EntryPoint","urlTemplate":"https:\/\/www.la-maison-naturelle.com\/blog\/?s={search_term_string}"},"query-input":{"@type":"PropertyValueSpecification","valueRequired":true,"valueName":"search_term_string"}}],"inLanguage":"fr-FR"},{"@type":"Organization","@id":"https:\/\/www.la-maison-naturelle.com\/blog\/#organization","name":"La Maison naturelle | Blog","url":"https:\/\/www.la-maison-naturelle.com\/blog\/","logo":{"@type":"ImageObject","inLanguage":"fr-FR","@id":"https:\/\/www.la-maison-naturelle.com\/blog\/#\/schema\/logo\/image\/","url":"https:\/\/www.la-maison-naturelle.com\/blog\/wp-content\/uploads\/2021\/07\/maison-naturelle-logo.svg","contentUrl":"https:\/\/www.la-maison-naturelle.com\/blog\/wp-content\/uploads\/2021\/07\/maison-naturelle-logo.svg","width":156,"height":64,"caption":"La Maison naturelle | Blog"},"image":{"@id":"https:\/\/www.la-maison-naturelle.com\/blog\/#\/schema\/logo\/image\/"}},{"@type":"Person","@id":"https:\/\/www.la-maison-naturelle.com\/blog\/#\/schema\/person\/cad2a9ed80410189f0688441d546d43f","name":"Eloise","image":{"@type":"ImageObject","inLanguage":"fr-FR","@id":"https:\/\/www.la-maison-naturelle.com\/blog\/#\/schema\/person\/image\/","url":"https:\/\/secure.gravatar.com\/avatar\/344186806f5e8613d4a2109f3b0228a847a7c0858a8023778c44bdcfc1111df9?s=96&d=mm&r=g","contentUrl":"https:\/\/secure.gravatar.com\/avatar\/344186806f5e8613d4a2109f3b0228a847a7c0858a8023778c44bdcfc1111df9?s=96&d=mm&r=g","caption":"Eloise"},"sameAs":["https:\/\/www.la-maison-naturelle.com\/"],"url":"https:\/\/www.la-maison-naturelle.com\/blog\/author\/idries\/"}]}},"_links":{"self":[{"href":"https:\/\/www.la-maison-naturelle.com\/blog\/wp-json\/wp\/v2\/posts\/4460","targetHints":{"allow":["GET"]}}],"collection":[{"href":"https:\/\/www.la-maison-naturelle.com\/blog\/wp-json\/wp\/v2\/posts"}],"about":[{"href":"https:\/\/www.la-maison-naturelle.com\/blog\/wp-json\/wp\/v2\/types\/post"}],"author":[{"embeddable":true,"href":"https:\/\/www.la-maison-naturelle.com\/blog\/wp-json\/wp\/v2\/users\/5"}],"replies":[{"embeddable":true,"href":"https:\/\/www.la-maison-naturelle.com\/blog\/wp-json\/wp\/v2\/comments?post=4460"}],"version-history":[{"count":2,"href":"https:\/\/www.la-maison-naturelle.com\/blog\/wp-json\/wp\/v2\/posts\/4460\/revisions"}],"predecessor-version":[{"id":5829,"href":"https:\/\/www.la-maison-naturelle.com\/blog\/wp-json\/wp\/v2\/posts\/4460\/revisions\/5829"}],"wp:featuredmedia":[{"embeddable":true,"href":"https:\/\/www.la-maison-naturelle.com\/blog\/wp-json\/wp\/v2\/media\/4461"}],"wp:attachment":[{"href":"https:\/\/www.la-maison-naturelle.com\/blog\/wp-json\/wp\/v2\/media?parent=4460"}],"wp:term":[{"taxonomy":"category","embeddable":true,"href":"https:\/\/www.la-maison-naturelle.com\/blog\/wp-json\/wp\/v2\/categories?post=4460"},{"taxonomy":"post_tag","embeddable":true,"href":"https:\/\/www.la-maison-naturelle.com\/blog\/wp-json\/wp\/v2\/tags?post=4460"}],"curies":[{"name":"wp","href":"https:\/\/api.w.org\/{rel}","templated":true}]}}