{"id":4208,"date":"2010-09-26T12:41:51","date_gmt":"2010-09-26T10:41:51","guid":{"rendered":"https:\/\/www.la-maison-naturelle.com\/blog\/?p=4208"},"modified":"2022-09-26T12:42:05","modified_gmt":"2022-09-26T10:42:05","slug":"les-panneaux-dfp","status":"publish","type":"post","link":"https:\/\/www.la-maison-naturelle.com\/blog\/les-panneaux-dfp\/","title":{"rendered":"Les panneaux DFP"},"content":{"rendered":"<p>Les\u00a0panneaux bois <a href=\"https:\/\/www.la-maison-naturelle.com\/blog\/comparatif-des-panneaux-bois-osb-mdf-hdf-dfp\/\" data-internallinksmanager029f6b8e52c=\"58\" title=\"osb vs mdf\">DFP<\/a>\u00a0sont des panneaux de\u00a0fibres de bois\u00a0de <a href=\"https:\/\/www.la-maison-naturelle.com\/blog\/la-densite-dun-isolant\/\" data-internallinksmanager029f6b8e52c=\"124\" title=\"Qu'est-ce que la densit\u00e9 d'un isolant ?\">densit\u00e9<\/a> moyenne (555kg\/m3) pour la construction que ce soit en panneaux porteurs,\u00a0<a href=\"https:\/\/www.la-maison-naturelle.com\/blog\/une-dalle-plancher\/\" data-internallinksmanager029f6b8e52c=\"123\" title=\"Qu'est-ce qu'une dalle plancher ?\">dalle plancher<\/a>, parement de sous-toiture&#8230;<\/p>\n<p>Les Panneaux DFP pour la construction \u00e9cologique<\/p>\n<p>Kronolux dfp est un panneau de fibres l\u00e9ger, li\u00e9 par r\u00e9sine synth\u00e9tique et r\u00e9sistant \u00e0 l\u2019humidit\u00e9 pour la construction.<\/p>\n<p>Le panneau de\u00a0fibres\u00a0ouvert \u00e0 la diffusion avec homologation techniques analogue \u00e0 BAZ-9.1-513 peut \u00eatre utilis\u00e9 comme parement\u00a0ext\u00e9rieur\u00a0renforc\u00e9, \u00e9tanche au vent et isolant thermiquement.<\/p>\n<p>Les panneaux\u00a0Kronolux dfp\u00a0peuvent \u00eatre utilis\u00e9s pour les panneaux muraux et panneaux de toit pour le renforcement contre le pliage et le basculement des nervures et pour la r\u00e9ception et la transmission de charges de vent.<\/p>\n<p>Les panneaux de fibres ouverts \u00e0 la diffusion Kronolux dfp doivent \u00eatre utilis\u00e9s l\u00e0 o\u00f9 l\u2019utilisation de panneaux des classes de mat\u00e9riaux d\u00e9riv\u00e9s du bois 20 et 100 est permise selon DIN 68800-2.<\/p>\n<p>Le panneau\u00a0Kronolux\u00a0DFP est un panneau de\u00a0fibre de bois\u00a0haute densit\u00e9 r\u00e9sistant \u00e0 l&rsquo;humidit\u00e9 et permettant de contreventer la construction.\u00a0Il est ouvert \u00e0 la diffusion de\u00a0vapeur, \u00e9tanche aux courants d&rsquo;air et isolants thermiques. c&rsquo;est un panneau de\u00a0fibre de bois\u00a0compress\u00e9, utilisable en\u00a0int\u00e9rieur\u00a0pour son aspect lisse proche du m\u00e9dium,\u00a0 mais aussi et surtout pour l&rsquo;isolation par l&rsquo;ext\u00e9rieur et en toiture. Il b\u00e9n\u00e9ficie pour cela d&rsquo;un syst\u00e8me de rainures et languettes sp\u00e9cifique et ultra-r\u00e9sistant.<\/p>\n","protected":false},"excerpt":{"rendered":"<p>Les\u00a0panneaux bois DFP\u00a0sont des panneaux de\u00a0fibres de bois\u00a0de densit\u00e9 moyenne (555kg\/m3) pour la construction que ce soit en panneaux porteurs,\u00a0dalle plancher, parement de sous-toiture&#8230; Les Panneaux DFP pour la construction \u00e9cologique Kronolux dfp est un panneau de fibres l\u00e9ger, li\u00e9 par r\u00e9sine synth\u00e9tique et r\u00e9sistant \u00e0 l\u2019humidit\u00e9 pour la construction. Le panneau de\u00a0fibres\u00a0ouvert \u00e0 la [&hellip;]<\/p>\n","protected":false},"author":5,"featured_media":0,"comment_status":"open","ping_status":"open","sticky":false,"template":"","format":"standard","meta":{"footnotes":""},"categories":[1],"tags":[],"class_list":["post-4208","post","type-post","status-publish","format-standard","hentry","category-interieur-decoration"],"_wp_attached_file":null,"_wp_attachment_metadata":null,"_wp_attachment_context":null,"_wp_attachment_image_alt":null,"_hf_settings":null,"hf_message_success":null,"hf_message_invalid_email":null,"hf_message_required_field_missing":null,"hf_message_error":null,"_menu_item_type":null,"_menu_item_menu_item_parent":null,"_menu_item_object_id":null,"_menu_item_object":null,"_menu_item_target":null,"_menu_item_classes":null,"_menu_item_xfn":null,"_menu_item_url":null,"_yoast_wpseo_primary_category":null,"_thumbnail_id":null,"_oembed_26d84b2c06432105b0a19987ae029a71":null,"_oembed_43e9e2dfde1b9b4ed91c9711026b7ef9":null,"_oembed_1fe1564764edbddc3b61e81acf52be88":null,"_oembed_df60f474cd845141e7ce6596d101e4a0":null,"_oembed_825e674795e2435c0bc66eb08e5d2c8b":null,"_oembed_time_825e674795e2435c0bc66eb08e5d2c8b":null,"_oembed_e917352ff4cc21ea91383201eeaa08cf":null,"_oembed_2363c16c972791c33e283320dc564fce":null,"_oembed_cc9ad5b5073a84776f6a62e33e6c7498":null,"_oembed_time_cc9ad5b5073a84776f6a62e33e6c7498":null,"_oembed_305147fcf4b856de518466e695c209cd":null,"_oembed_8517a877084ae01a5296813ee1d16a2b":null,"_oembed_2741f1556b243e68379198f98ba7f864":null,"_oembed_c3ffa24981451396c950ece2129da0f6":null,"_oembed_6f9091ebe2f3f5fcb5698ba6f4b41477":null,"_wp_old_slug":null,"_oembed_e4fb0f68ba12b85e9e231afe151ba12a":null,"_oembed_3c60e98bd703e617e67f5bbb3b97424d":null,"_oembed_bb060374498dcf40cb6068efe4be87e1":null,"_oembed_d0403e1e71c3a29020bd546b159480f1":null,"_oembed_b030ff17fbbbf8661c59c2ab8ff289eb":null,"_oembed_5cec699ba0631c6c0e4ba4f6af5f228e":null,"_oembed_b06a67f278b90cf4e8dd17cb12fe67b0":null,"_oembed_8e190e4fea2256f17420434651556236":null,"_oembed_b5ded119f1337916a0fc64d2ad85c95f":null,"_oembed_d9364a7a81be31c01415da2c50a48932":null,"_oembed_738cafa36d51a58e5ae3e458aa8f7584":null,"_oembed_ebcab5184b6b321b28efbcbec079859b":null,"_oembed_3dd9e35c2b7b268070e74da5b89cf937":null,"_oembed_e14b167b493e311a1c4e2aab38a463e8":null,"_oembed_dc8f7d108b38f3f0c2e0785b8bc46cae":null,"_oembed_55cf1c5142884afed312c2666bf27520":null,"_oembed_2292333bf03a956b4b61afafeff6bca0":null,"_oembed_82a986a6b900856fec23169de03a0038":null,"_oembed_4048ded025352b83569104210074165a":null,"_oembed_033b42b1af757abc39e4487233cee7f5":null,"_oembed_aec1d50f2b159366be8e37e94b201be1":null,"_oembed_0adc8480b2fcadf9a1733f572ce3d3f8":null,"_yoast_wpseo_title":null,"_yoast_wpseo_focuskw":null,"_yoast_wpseo_linkdex":null,"_yoast_wpseo_metadesc":null,"_yoast_wpseo_wordproof_timestamp":null,"_tpl_archive_meta_key":null,"_form":null,"_mail":null,"_mail_2":null,"_messages":null,"_additional_settings":null,"_locale":null,"_wp_old_date":"2022-09-26","_edit_last":"5","_wpb_vc_js_status":"false","_yoast_wpseo_estimated-reading-time-minutes":"2","_edit_lock":"1664189006:5","_yoast_wpseo_content_score":"30","yoast_head":"<!-- This site is optimized with the Yoast SEO plugin v24.3 - https:\/\/yoast.com\/wordpress\/plugins\/seo\/ -->\n<title>Les panneaux DFP - La Maison naturelle | Blog<\/title>\n<meta name=\"robots\" content=\"index, follow, max-snippet:-1, max-image-preview:large, max-video-preview:-1\" \/>\n<link rel=\"canonical\" href=\"https:\/\/www.la-maison-naturelle.com\/blog\/les-panneaux-dfp\/\" \/>\n<meta property=\"og:locale\" content=\"fr_FR\" \/>\n<meta property=\"og:type\" content=\"article\" \/>\n<meta property=\"og:title\" content=\"Les panneaux DFP - La Maison naturelle | Blog\" \/>\n<meta property=\"og:description\" content=\"Les\u00a0panneaux bois DFP\u00a0sont des panneaux de\u00a0fibres de bois\u00a0de densit\u00e9 moyenne (555kg\/m3) pour la construction que ce soit en panneaux porteurs,\u00a0dalle plancher, parement de sous-toiture&#8230; Les Panneaux DFP pour la construction \u00e9cologique Kronolux dfp est un panneau de fibres l\u00e9ger, li\u00e9 par r\u00e9sine synth\u00e9tique et r\u00e9sistant \u00e0 l\u2019humidit\u00e9 pour la construction. Le panneau de\u00a0fibres\u00a0ouvert \u00e0 la [&hellip;]\" \/>\n<meta property=\"og:url\" content=\"https:\/\/www.la-maison-naturelle.com\/blog\/les-panneaux-dfp\/\" \/>\n<meta property=\"og:site_name\" content=\"La Maison naturelle | Blog\" \/>\n<meta property=\"article:published_time\" content=\"2010-09-26T10:41:51+00:00\" \/>\n<meta property=\"article:modified_time\" content=\"2022-09-26T10:42:05+00:00\" \/>\n<meta name=\"author\" content=\"Eloise\" \/>\n<meta name=\"twitter:card\" content=\"summary_large_image\" \/>\n<meta name=\"twitter:label1\" content=\"\u00c9crit par\" \/>\n\t<meta name=\"twitter:data1\" content=\"Eloise\" \/>\n\t<meta name=\"twitter:label2\" content=\"Dur\u00e9e de lecture estim\u00e9e\" \/>\n\t<meta name=\"twitter:data2\" content=\"2 minutes\" \/>\n<script type=\"application\/ld+json\" class=\"yoast-schema-graph\">{\"@context\":\"https:\/\/schema.org\",\"@graph\":[{\"@type\":\"Article\",\"@id\":\"https:\/\/www.la-maison-naturelle.com\/blog\/les-panneaux-dfp\/#article\",\"isPartOf\":{\"@id\":\"https:\/\/www.la-maison-naturelle.com\/blog\/les-panneaux-dfp\/\"},\"author\":{\"name\":\"Eloise\",\"@id\":\"https:\/\/www.la-maison-naturelle.com\/blog\/#\/schema\/person\/cad2a9ed80410189f0688441d546d43f\"},\"headline\":\"Les panneaux DFP\",\"datePublished\":\"2010-09-26T10:41:51+00:00\",\"dateModified\":\"2022-09-26T10:42:05+00:00\",\"mainEntityOfPage\":{\"@id\":\"https:\/\/www.la-maison-naturelle.com\/blog\/les-panneaux-dfp\/\"},\"wordCount\":250,\"commentCount\":0,\"publisher\":{\"@id\":\"https:\/\/www.la-maison-naturelle.com\/blog\/#organization\"},\"articleSection\":[\"Int\u00e9rieur &amp; d\u00e9coration\"],\"inLanguage\":\"fr-FR\",\"potentialAction\":[{\"@type\":\"CommentAction\",\"name\":\"Comment\",\"target\":[\"https:\/\/www.la-maison-naturelle.com\/blog\/les-panneaux-dfp\/#respond\"]}]},{\"@type\":\"WebPage\",\"@id\":\"https:\/\/www.la-maison-naturelle.com\/blog\/les-panneaux-dfp\/\",\"url\":\"https:\/\/www.la-maison-naturelle.com\/blog\/les-panneaux-dfp\/\",\"name\":\"Les panneaux DFP - La Maison naturelle | Blog\",\"isPartOf\":{\"@id\":\"https:\/\/www.la-maison-naturelle.com\/blog\/#website\"},\"datePublished\":\"2010-09-26T10:41:51+00:00\",\"dateModified\":\"2022-09-26T10:42:05+00:00\",\"breadcrumb\":{\"@id\":\"https:\/\/www.la-maison-naturelle.com\/blog\/les-panneaux-dfp\/#breadcrumb\"},\"inLanguage\":\"fr-FR\",\"potentialAction\":[{\"@type\":\"ReadAction\",\"target\":[\"https:\/\/www.la-maison-naturelle.com\/blog\/les-panneaux-dfp\/\"]}]},{\"@type\":\"BreadcrumbList\",\"@id\":\"https:\/\/www.la-maison-naturelle.com\/blog\/les-panneaux-dfp\/#breadcrumb\",\"itemListElement\":[{\"@type\":\"ListItem\",\"position\":1,\"name\":\"Accueil\",\"item\":\"https:\/\/www.la-maison-naturelle.com\/blog\/\"},{\"@type\":\"ListItem\",\"position\":2,\"name\":\"Les panneaux DFP\"}]},{\"@type\":\"WebSite\",\"@id\":\"https:\/\/www.la-maison-naturelle.com\/blog\/#website\",\"url\":\"https:\/\/www.la-maison-naturelle.com\/blog\/\",\"name\":\"La Maison naturelle | Blog\",\"description\":\"Blog de la Maison naturelle\",\"publisher\":{\"@id\":\"https:\/\/www.la-maison-naturelle.com\/blog\/#organization\"},\"potentialAction\":[{\"@type\":\"SearchAction\",\"target\":{\"@type\":\"EntryPoint\",\"urlTemplate\":\"https:\/\/www.la-maison-naturelle.com\/blog\/?s={search_term_string}\"},\"query-input\":{\"@type\":\"PropertyValueSpecification\",\"valueRequired\":true,\"valueName\":\"search_term_string\"}}],\"inLanguage\":\"fr-FR\"},{\"@type\":\"Organization\",\"@id\":\"https:\/\/www.la-maison-naturelle.com\/blog\/#organization\",\"name\":\"La Maison naturelle | Blog\",\"url\":\"https:\/\/www.la-maison-naturelle.com\/blog\/\",\"logo\":{\"@type\":\"ImageObject\",\"inLanguage\":\"fr-FR\",\"@id\":\"https:\/\/www.la-maison-naturelle.com\/blog\/#\/schema\/logo\/image\/\",\"url\":\"https:\/\/www.la-maison-naturelle.com\/blog\/wp-content\/uploads\/2021\/07\/maison-naturelle-logo.svg\",\"contentUrl\":\"https:\/\/www.la-maison-naturelle.com\/blog\/wp-content\/uploads\/2021\/07\/maison-naturelle-logo.svg\",\"width\":156,\"height\":64,\"caption\":\"La Maison naturelle | Blog\"},\"image\":{\"@id\":\"https:\/\/www.la-maison-naturelle.com\/blog\/#\/schema\/logo\/image\/\"}},{\"@type\":\"Person\",\"@id\":\"https:\/\/www.la-maison-naturelle.com\/blog\/#\/schema\/person\/cad2a9ed80410189f0688441d546d43f\",\"name\":\"Eloise\",\"image\":{\"@type\":\"ImageObject\",\"inLanguage\":\"fr-FR\",\"@id\":\"https:\/\/www.la-maison-naturelle.com\/blog\/#\/schema\/person\/image\/\",\"url\":\"https:\/\/secure.gravatar.com\/avatar\/344186806f5e8613d4a2109f3b0228a847a7c0858a8023778c44bdcfc1111df9?s=96&d=mm&r=g\",\"contentUrl\":\"https:\/\/secure.gravatar.com\/avatar\/344186806f5e8613d4a2109f3b0228a847a7c0858a8023778c44bdcfc1111df9?s=96&d=mm&r=g\",\"caption\":\"Eloise\"},\"sameAs\":[\"https:\/\/www.la-maison-naturelle.com\/\"],\"url\":\"https:\/\/www.la-maison-naturelle.com\/blog\/author\/idries\/\"}]}<\/script>\n<!-- \/ Yoast SEO plugin. -->","yoast_head_json":{"title":"Les panneaux DFP - La Maison naturelle | Blog","robots":{"index":"index","follow":"follow","max-snippet":"max-snippet:-1","max-image-preview":"max-image-preview:large","max-video-preview":"max-video-preview:-1"},"canonical":"https:\/\/www.la-maison-naturelle.com\/blog\/les-panneaux-dfp\/","og_locale":"fr_FR","og_type":"article","og_title":"Les panneaux DFP - La Maison naturelle | Blog","og_description":"Les\u00a0panneaux bois DFP\u00a0sont des panneaux de\u00a0fibres de bois\u00a0de densit\u00e9 moyenne (555kg\/m3) pour la construction que ce soit en panneaux porteurs,\u00a0dalle plancher, parement de sous-toiture&#8230; Les Panneaux DFP pour la construction \u00e9cologique Kronolux dfp est un panneau de fibres l\u00e9ger, li\u00e9 par r\u00e9sine synth\u00e9tique et r\u00e9sistant \u00e0 l\u2019humidit\u00e9 pour la construction. Le panneau de\u00a0fibres\u00a0ouvert \u00e0 la [&hellip;]","og_url":"https:\/\/www.la-maison-naturelle.com\/blog\/les-panneaux-dfp\/","og_site_name":"La Maison naturelle | Blog","article_published_time":"2010-09-26T10:41:51+00:00","article_modified_time":"2022-09-26T10:42:05+00:00","author":"Eloise","twitter_card":"summary_large_image","twitter_misc":{"\u00c9crit par":"Eloise","Dur\u00e9e de lecture estim\u00e9e":"2 minutes"},"schema":{"@context":"https:\/\/schema.org","@graph":[{"@type":"Article","@id":"https:\/\/www.la-maison-naturelle.com\/blog\/les-panneaux-dfp\/#article","isPartOf":{"@id":"https:\/\/www.la-maison-naturelle.com\/blog\/les-panneaux-dfp\/"},"author":{"name":"Eloise","@id":"https:\/\/www.la-maison-naturelle.com\/blog\/#\/schema\/person\/cad2a9ed80410189f0688441d546d43f"},"headline":"Les panneaux DFP","datePublished":"2010-09-26T10:41:51+00:00","dateModified":"2022-09-26T10:42:05+00:00","mainEntityOfPage":{"@id":"https:\/\/www.la-maison-naturelle.com\/blog\/les-panneaux-dfp\/"},"wordCount":250,"commentCount":0,"publisher":{"@id":"https:\/\/www.la-maison-naturelle.com\/blog\/#organization"},"articleSection":["Int\u00e9rieur &amp; d\u00e9coration"],"inLanguage":"fr-FR","potentialAction":[{"@type":"CommentAction","name":"Comment","target":["https:\/\/www.la-maison-naturelle.com\/blog\/les-panneaux-dfp\/#respond"]}]},{"@type":"WebPage","@id":"https:\/\/www.la-maison-naturelle.com\/blog\/les-panneaux-dfp\/","url":"https:\/\/www.la-maison-naturelle.com\/blog\/les-panneaux-dfp\/","name":"Les panneaux DFP - La Maison naturelle | Blog","isPartOf":{"@id":"https:\/\/www.la-maison-naturelle.com\/blog\/#website"},"datePublished":"2010-09-26T10:41:51+00:00","dateModified":"2022-09-26T10:42:05+00:00","breadcrumb":{"@id":"https:\/\/www.la-maison-naturelle.com\/blog\/les-panneaux-dfp\/#breadcrumb"},"inLanguage":"fr-FR","potentialAction":[{"@type":"ReadAction","target":["https:\/\/www.la-maison-naturelle.com\/blog\/les-panneaux-dfp\/"]}]},{"@type":"BreadcrumbList","@id":"https:\/\/www.la-maison-naturelle.com\/blog\/les-panneaux-dfp\/#breadcrumb","itemListElement":[{"@type":"ListItem","position":1,"name":"Accueil","item":"https:\/\/www.la-maison-naturelle.com\/blog\/"},{"@type":"ListItem","position":2,"name":"Les panneaux DFP"}]},{"@type":"WebSite","@id":"https:\/\/www.la-maison-naturelle.com\/blog\/#website","url":"https:\/\/www.la-maison-naturelle.com\/blog\/","name":"La Maison naturelle | Blog","description":"Blog de la Maison naturelle","publisher":{"@id":"https:\/\/www.la-maison-naturelle.com\/blog\/#organization"},"potentialAction":[{"@type":"SearchAction","target":{"@type":"EntryPoint","urlTemplate":"https:\/\/www.la-maison-naturelle.com\/blog\/?s={search_term_string}"},"query-input":{"@type":"PropertyValueSpecification","valueRequired":true,"valueName":"search_term_string"}}],"inLanguage":"fr-FR"},{"@type":"Organization","@id":"https:\/\/www.la-maison-naturelle.com\/blog\/#organization","name":"La Maison naturelle | Blog","url":"https:\/\/www.la-maison-naturelle.com\/blog\/","logo":{"@type":"ImageObject","inLanguage":"fr-FR","@id":"https:\/\/www.la-maison-naturelle.com\/blog\/#\/schema\/logo\/image\/","url":"https:\/\/www.la-maison-naturelle.com\/blog\/wp-content\/uploads\/2021\/07\/maison-naturelle-logo.svg","contentUrl":"https:\/\/www.la-maison-naturelle.com\/blog\/wp-content\/uploads\/2021\/07\/maison-naturelle-logo.svg","width":156,"height":64,"caption":"La Maison naturelle | Blog"},"image":{"@id":"https:\/\/www.la-maison-naturelle.com\/blog\/#\/schema\/logo\/image\/"}},{"@type":"Person","@id":"https:\/\/www.la-maison-naturelle.com\/blog\/#\/schema\/person\/cad2a9ed80410189f0688441d546d43f","name":"Eloise","image":{"@type":"ImageObject","inLanguage":"fr-FR","@id":"https:\/\/www.la-maison-naturelle.com\/blog\/#\/schema\/person\/image\/","url":"https:\/\/secure.gravatar.com\/avatar\/344186806f5e8613d4a2109f3b0228a847a7c0858a8023778c44bdcfc1111df9?s=96&d=mm&r=g","contentUrl":"https:\/\/secure.gravatar.com\/avatar\/344186806f5e8613d4a2109f3b0228a847a7c0858a8023778c44bdcfc1111df9?s=96&d=mm&r=g","caption":"Eloise"},"sameAs":["https:\/\/www.la-maison-naturelle.com\/"],"url":"https:\/\/www.la-maison-naturelle.com\/blog\/author\/idries\/"}]}},"_links":{"self":[{"href":"https:\/\/www.la-maison-naturelle.com\/blog\/wp-json\/wp\/v2\/posts\/4208","targetHints":{"allow":["GET"]}}],"collection":[{"href":"https:\/\/www.la-maison-naturelle.com\/blog\/wp-json\/wp\/v2\/posts"}],"about":[{"href":"https:\/\/www.la-maison-naturelle.com\/blog\/wp-json\/wp\/v2\/types\/post"}],"author":[{"embeddable":true,"href":"https:\/\/www.la-maison-naturelle.com\/blog\/wp-json\/wp\/v2\/users\/5"}],"replies":[{"embeddable":true,"href":"https:\/\/www.la-maison-naturelle.com\/blog\/wp-json\/wp\/v2\/comments?post=4208"}],"version-history":[{"count":1,"href":"https:\/\/www.la-maison-naturelle.com\/blog\/wp-json\/wp\/v2\/posts\/4208\/revisions"}],"predecessor-version":[{"id":4209,"href":"https:\/\/www.la-maison-naturelle.com\/blog\/wp-json\/wp\/v2\/posts\/4208\/revisions\/4209"}],"wp:attachment":[{"href":"https:\/\/www.la-maison-naturelle.com\/blog\/wp-json\/wp\/v2\/media?parent=4208"}],"wp:term":[{"taxonomy":"category","embeddable":true,"href":"https:\/\/www.la-maison-naturelle.com\/blog\/wp-json\/wp\/v2\/categories?post=4208"},{"taxonomy":"post_tag","embeddable":true,"href":"https:\/\/www.la-maison-naturelle.com\/blog\/wp-json\/wp\/v2\/tags?post=4208"}],"curies":[{"name":"wp","href":"https:\/\/api.w.org\/{rel}","templated":true}]}}