{"id":3416,"date":"2022-08-24T09:25:44","date_gmt":"2022-08-24T07:25:44","guid":{"rendered":"https:\/\/www.la-maison-naturelle.com\/blog\/?p=3416"},"modified":"2022-08-25T10:49:13","modified_gmt":"2022-08-25T08:49:13","slug":"62-concept-du-site-mon-garde-mangerfr","status":"publish","type":"post","link":"https:\/\/www.la-maison-naturelle.com\/blog\/62-concept-du-site-mon-garde-mangerfr\/","title":{"rendered":"Mon-garde-manger.fr devient La-Maison-Naturelle.com"},"content":{"rendered":"<p>A partir du 15 aout 2022, Mon-<a href=\"https:\/\/www.la-maison-naturelle.com\/893-garde-manger-legumiers-et-fruitiers\" data-internallinksmanager029f6b8e52c=\"7\" title=\"Garde manger\">Garde-Manger<\/a>.fr Devient <a href=\"https:\/\/www.la-maison-naturelle.com\/\" data-internallinksmanager029f6b8e52c=\"38\" title=\"la maison naturelle\">La Maison Naturelle<\/a>.com<\/p>\n<p><img loading=\"lazy\" decoding=\"async\" class=\"alignnone size-full wp-image-3417\" src=\"https:\/\/www.la-maison-naturelle.com\/blog\/wp-content\/uploads\/2022\/08\/MMG.png\" alt=\"\" width=\"275\" height=\"105\" \/>~~~devient~~~<img loading=\"lazy\" decoding=\"async\" class=\"alignnone size-medium wp-image-3418\" style=\"font-size: 16px;\" src=\"https:\/\/www.la-maison-naturelle.com\/blog\/wp-content\/uploads\/2022\/08\/LMN-300x122.png\" alt=\"\" width=\"300\" height=\"122\" srcset=\"https:\/\/www.la-maison-naturelle.com\/blog\/wp-content\/uploads\/2022\/08\/LMN-300x122.png 300w, https:\/\/www.la-maison-naturelle.com\/blog\/wp-content\/uploads\/2022\/08\/LMN.png 329w\" sizes=\"auto, (max-width: 300px) 100vw, 300px\" \/><\/p>\n<p>Sp\u00e9cialiste de la vente de garde-mangers sur internet, Retrouvez toute l&rsquo;offre du site Mon-Garde-Manger.fr sur La Maison Naturelle.com dans <a href=\"https:\/\/www.la-maison-naturelle.com\/893-garde-manger-legumiers-et-fruitiers\">cette cat\u00e9gorie<\/a>.<\/p>\n<p>Vous avez \u00e9t\u00e9 nombreux \u00e0 nous faire confiance sur le site Mon Garde Manger.fr, pour vous remercier de votre fid\u00e9lit\u00e9, inscrivez vous sur La Maison Naturelle.com et b\u00e9n\u00e9ficiez d&rsquo;un avantage client exclusif d\u00e8s 60\u20ac HT d&rsquo;achat de produit.<\/p>\n<p>Si vous avez une commande en cours, celle ci sera trait\u00e9e normalement par nos \u00e9quipes. D\u00e8s exp\u00e9ditions, vous recevrez le lien de suivi du transporteur. En cas de probl\u00e8me n&rsquo;h\u00e9sitez pas \u00e0 contacter le SAV en indiquant le num\u00e9ro de commande.<\/p>\n<pre><\/pre>\n","protected":false},"excerpt":{"rendered":"<p>A partir du 15 aout 2022, Mon-Garde-Manger.fr Devient La Maison Naturelle.com ~~~devient~~~ Sp\u00e9cialiste de la vente de garde-mangers sur internet, Retrouvez toute l&rsquo;offre du site Mon-Garde-Manger.fr sur La Maison Naturelle.com dans cette cat\u00e9gorie. Vous avez \u00e9t\u00e9 nombreux \u00e0 nous faire confiance sur le site Mon Garde Manger.fr, pour vous remercier de votre fid\u00e9lit\u00e9, inscrivez vous [&hellip;]<\/p>\n","protected":false},"author":5,"featured_media":3417,"comment_status":"open","ping_status":"open","sticky":false,"template":"","format":"standard","meta":{"footnotes":""},"categories":[1],"tags":[],"class_list":["post-3416","post","type-post","status-publish","format-standard","has-post-thumbnail","hentry","category-interieur-decoration"],"_wp_attached_file":null,"_wp_attachment_metadata":null,"_wp_attachment_context":null,"_wp_attachment_image_alt":null,"_hf_settings":null,"hf_message_success":null,"hf_message_invalid_email":null,"hf_message_required_field_missing":null,"hf_message_error":null,"_menu_item_type":null,"_menu_item_menu_item_parent":null,"_menu_item_object_id":null,"_menu_item_object":null,"_menu_item_target":null,"_menu_item_classes":null,"_menu_item_xfn":null,"_menu_item_url":null,"_yoast_wpseo_primary_category":null,"_thumbnail_id":"3417","_oembed_26d84b2c06432105b0a19987ae029a71":null,"_oembed_43e9e2dfde1b9b4ed91c9711026b7ef9":null,"_oembed_1fe1564764edbddc3b61e81acf52be88":null,"_oembed_df60f474cd845141e7ce6596d101e4a0":null,"_oembed_825e674795e2435c0bc66eb08e5d2c8b":null,"_oembed_time_825e674795e2435c0bc66eb08e5d2c8b":null,"_oembed_e917352ff4cc21ea91383201eeaa08cf":null,"_oembed_2363c16c972791c33e283320dc564fce":null,"_oembed_cc9ad5b5073a84776f6a62e33e6c7498":null,"_oembed_time_cc9ad5b5073a84776f6a62e33e6c7498":null,"_oembed_305147fcf4b856de518466e695c209cd":null,"_oembed_8517a877084ae01a5296813ee1d16a2b":null,"_oembed_2741f1556b243e68379198f98ba7f864":null,"_oembed_c3ffa24981451396c950ece2129da0f6":null,"_oembed_6f9091ebe2f3f5fcb5698ba6f4b41477":null,"_wp_old_slug":null,"_oembed_e4fb0f68ba12b85e9e231afe151ba12a":null,"_oembed_3c60e98bd703e617e67f5bbb3b97424d":null,"_oembed_bb060374498dcf40cb6068efe4be87e1":null,"_oembed_d0403e1e71c3a29020bd546b159480f1":null,"_oembed_b030ff17fbbbf8661c59c2ab8ff289eb":null,"_oembed_5cec699ba0631c6c0e4ba4f6af5f228e":null,"_oembed_b06a67f278b90cf4e8dd17cb12fe67b0":null,"_oembed_8e190e4fea2256f17420434651556236":null,"_oembed_b5ded119f1337916a0fc64d2ad85c95f":null,"_oembed_d9364a7a81be31c01415da2c50a48932":null,"_oembed_738cafa36d51a58e5ae3e458aa8f7584":null,"_oembed_ebcab5184b6b321b28efbcbec079859b":null,"_oembed_3dd9e35c2b7b268070e74da5b89cf937":null,"_oembed_e14b167b493e311a1c4e2aab38a463e8":null,"_oembed_dc8f7d108b38f3f0c2e0785b8bc46cae":null,"_oembed_55cf1c5142884afed312c2666bf27520":null,"_oembed_2292333bf03a956b4b61afafeff6bca0":null,"_oembed_82a986a6b900856fec23169de03a0038":null,"_oembed_4048ded025352b83569104210074165a":null,"_oembed_033b42b1af757abc39e4487233cee7f5":null,"_oembed_aec1d50f2b159366be8e37e94b201be1":null,"_oembed_0adc8480b2fcadf9a1733f572ce3d3f8":null,"_yoast_wpseo_title":null,"_yoast_wpseo_focuskw":null,"_yoast_wpseo_linkdex":null,"_yoast_wpseo_metadesc":null,"_yoast_wpseo_wordproof_timestamp":null,"_tpl_archive_meta_key":null,"_form":null,"_mail":null,"_mail_2":null,"_messages":null,"_additional_settings":null,"_locale":null,"_wp_old_date":"2022-08-12","_edit_last":"5","_wpb_vc_js_status":"false","_yoast_wpseo_estimated-reading-time-minutes":"1","_edit_lock":"1672554283:5","_yoast_wpseo_content_score":"30","yoast_head":"<!-- This site is optimized with the Yoast SEO plugin v24.3 - https:\/\/yoast.com\/wordpress\/plugins\/seo\/ -->\n<title>Mon-garde-manger.fr devient La-Maison-Naturelle.com - La Maison naturelle | Blog<\/title>\n<meta name=\"robots\" content=\"index, follow, max-snippet:-1, max-image-preview:large, max-video-preview:-1\" \/>\n<link rel=\"canonical\" href=\"https:\/\/www.la-maison-naturelle.com\/blog\/62-concept-du-site-mon-garde-mangerfr\/\" \/>\n<meta property=\"og:locale\" content=\"fr_FR\" \/>\n<meta property=\"og:type\" content=\"article\" \/>\n<meta property=\"og:title\" content=\"Mon-garde-manger.fr devient La-Maison-Naturelle.com - La Maison naturelle | Blog\" \/>\n<meta property=\"og:description\" content=\"A partir du 15 aout 2022, Mon-Garde-Manger.fr Devient La Maison Naturelle.com ~~~devient~~~ Sp\u00e9cialiste de la vente de garde-mangers sur internet, Retrouvez toute l&rsquo;offre du site Mon-Garde-Manger.fr sur La Maison Naturelle.com dans cette cat\u00e9gorie. Vous avez \u00e9t\u00e9 nombreux \u00e0 nous faire confiance sur le site Mon Garde Manger.fr, pour vous remercier de votre fid\u00e9lit\u00e9, inscrivez vous [&hellip;]\" \/>\n<meta property=\"og:url\" content=\"https:\/\/www.la-maison-naturelle.com\/blog\/62-concept-du-site-mon-garde-mangerfr\/\" \/>\n<meta property=\"og:site_name\" content=\"La Maison naturelle | Blog\" \/>\n<meta property=\"article:published_time\" content=\"2022-08-24T07:25:44+00:00\" \/>\n<meta property=\"article:modified_time\" content=\"2022-08-25T08:49:13+00:00\" \/>\n<meta property=\"og:image\" content=\"https:\/\/www.la-maison-naturelle.com\/blog\/wp-content\/uploads\/2022\/08\/MMG.png\" \/>\n\t<meta property=\"og:image:width\" content=\"275\" \/>\n\t<meta property=\"og:image:height\" content=\"105\" \/>\n\t<meta property=\"og:image:type\" content=\"image\/png\" \/>\n<meta name=\"author\" content=\"Eloise\" \/>\n<meta name=\"twitter:card\" content=\"summary_large_image\" \/>\n<meta name=\"twitter:label1\" content=\"\u00c9crit par\" \/>\n\t<meta name=\"twitter:data1\" content=\"Eloise\" \/>\n\t<meta name=\"twitter:label2\" content=\"Dur\u00e9e de lecture estim\u00e9e\" \/>\n\t<meta name=\"twitter:data2\" content=\"1 minute\" \/>\n<script type=\"application\/ld+json\" class=\"yoast-schema-graph\">{\"@context\":\"https:\/\/schema.org\",\"@graph\":[{\"@type\":\"Article\",\"@id\":\"https:\/\/www.la-maison-naturelle.com\/blog\/62-concept-du-site-mon-garde-mangerfr\/#article\",\"isPartOf\":{\"@id\":\"https:\/\/www.la-maison-naturelle.com\/blog\/62-concept-du-site-mon-garde-mangerfr\/\"},\"author\":{\"name\":\"Eloise\",\"@id\":\"https:\/\/www.la-maison-naturelle.com\/blog\/#\/schema\/person\/cad2a9ed80410189f0688441d546d43f\"},\"headline\":\"Mon-garde-manger.fr devient La-Maison-Naturelle.com\",\"datePublished\":\"2022-08-24T07:25:44+00:00\",\"dateModified\":\"2022-08-25T08:49:13+00:00\",\"mainEntityOfPage\":{\"@id\":\"https:\/\/www.la-maison-naturelle.com\/blog\/62-concept-du-site-mon-garde-mangerfr\/\"},\"wordCount\":130,\"commentCount\":0,\"publisher\":{\"@id\":\"https:\/\/www.la-maison-naturelle.com\/blog\/#organization\"},\"image\":{\"@id\":\"https:\/\/www.la-maison-naturelle.com\/blog\/62-concept-du-site-mon-garde-mangerfr\/#primaryimage\"},\"thumbnailUrl\":\"https:\/\/www.la-maison-naturelle.com\/blog\/wp-content\/uploads\/2022\/08\/MMG.png\",\"articleSection\":[\"Int\u00e9rieur &amp; d\u00e9coration\"],\"inLanguage\":\"fr-FR\",\"potentialAction\":[{\"@type\":\"CommentAction\",\"name\":\"Comment\",\"target\":[\"https:\/\/www.la-maison-naturelle.com\/blog\/62-concept-du-site-mon-garde-mangerfr\/#respond\"]}]},{\"@type\":\"WebPage\",\"@id\":\"https:\/\/www.la-maison-naturelle.com\/blog\/62-concept-du-site-mon-garde-mangerfr\/\",\"url\":\"https:\/\/www.la-maison-naturelle.com\/blog\/62-concept-du-site-mon-garde-mangerfr\/\",\"name\":\"Mon-garde-manger.fr devient La-Maison-Naturelle.com - La Maison naturelle | Blog\",\"isPartOf\":{\"@id\":\"https:\/\/www.la-maison-naturelle.com\/blog\/#website\"},\"primaryImageOfPage\":{\"@id\":\"https:\/\/www.la-maison-naturelle.com\/blog\/62-concept-du-site-mon-garde-mangerfr\/#primaryimage\"},\"image\":{\"@id\":\"https:\/\/www.la-maison-naturelle.com\/blog\/62-concept-du-site-mon-garde-mangerfr\/#primaryimage\"},\"thumbnailUrl\":\"https:\/\/www.la-maison-naturelle.com\/blog\/wp-content\/uploads\/2022\/08\/MMG.png\",\"datePublished\":\"2022-08-24T07:25:44+00:00\",\"dateModified\":\"2022-08-25T08:49:13+00:00\",\"breadcrumb\":{\"@id\":\"https:\/\/www.la-maison-naturelle.com\/blog\/62-concept-du-site-mon-garde-mangerfr\/#breadcrumb\"},\"inLanguage\":\"fr-FR\",\"potentialAction\":[{\"@type\":\"ReadAction\",\"target\":[\"https:\/\/www.la-maison-naturelle.com\/blog\/62-concept-du-site-mon-garde-mangerfr\/\"]}]},{\"@type\":\"ImageObject\",\"inLanguage\":\"fr-FR\",\"@id\":\"https:\/\/www.la-maison-naturelle.com\/blog\/62-concept-du-site-mon-garde-mangerfr\/#primaryimage\",\"url\":\"https:\/\/www.la-maison-naturelle.com\/blog\/wp-content\/uploads\/2022\/08\/MMG.png\",\"contentUrl\":\"https:\/\/www.la-maison-naturelle.com\/blog\/wp-content\/uploads\/2022\/08\/MMG.png\",\"width\":275,\"height\":105},{\"@type\":\"BreadcrumbList\",\"@id\":\"https:\/\/www.la-maison-naturelle.com\/blog\/62-concept-du-site-mon-garde-mangerfr\/#breadcrumb\",\"itemListElement\":[{\"@type\":\"ListItem\",\"position\":1,\"name\":\"Accueil\",\"item\":\"https:\/\/www.la-maison-naturelle.com\/blog\/\"},{\"@type\":\"ListItem\",\"position\":2,\"name\":\"Mon-garde-manger.fr devient La-Maison-Naturelle.com\"}]},{\"@type\":\"WebSite\",\"@id\":\"https:\/\/www.la-maison-naturelle.com\/blog\/#website\",\"url\":\"https:\/\/www.la-maison-naturelle.com\/blog\/\",\"name\":\"La Maison naturelle | Blog\",\"description\":\"Blog de la Maison naturelle\",\"publisher\":{\"@id\":\"https:\/\/www.la-maison-naturelle.com\/blog\/#organization\"},\"potentialAction\":[{\"@type\":\"SearchAction\",\"target\":{\"@type\":\"EntryPoint\",\"urlTemplate\":\"https:\/\/www.la-maison-naturelle.com\/blog\/?s={search_term_string}\"},\"query-input\":{\"@type\":\"PropertyValueSpecification\",\"valueRequired\":true,\"valueName\":\"search_term_string\"}}],\"inLanguage\":\"fr-FR\"},{\"@type\":\"Organization\",\"@id\":\"https:\/\/www.la-maison-naturelle.com\/blog\/#organization\",\"name\":\"La Maison naturelle | Blog\",\"url\":\"https:\/\/www.la-maison-naturelle.com\/blog\/\",\"logo\":{\"@type\":\"ImageObject\",\"inLanguage\":\"fr-FR\",\"@id\":\"https:\/\/www.la-maison-naturelle.com\/blog\/#\/schema\/logo\/image\/\",\"url\":\"https:\/\/www.la-maison-naturelle.com\/blog\/wp-content\/uploads\/2021\/07\/maison-naturelle-logo.svg\",\"contentUrl\":\"https:\/\/www.la-maison-naturelle.com\/blog\/wp-content\/uploads\/2021\/07\/maison-naturelle-logo.svg\",\"width\":156,\"height\":64,\"caption\":\"La Maison naturelle | Blog\"},\"image\":{\"@id\":\"https:\/\/www.la-maison-naturelle.com\/blog\/#\/schema\/logo\/image\/\"}},{\"@type\":\"Person\",\"@id\":\"https:\/\/www.la-maison-naturelle.com\/blog\/#\/schema\/person\/cad2a9ed80410189f0688441d546d43f\",\"name\":\"Eloise\",\"image\":{\"@type\":\"ImageObject\",\"inLanguage\":\"fr-FR\",\"@id\":\"https:\/\/www.la-maison-naturelle.com\/blog\/#\/schema\/person\/image\/\",\"url\":\"https:\/\/secure.gravatar.com\/avatar\/344186806f5e8613d4a2109f3b0228a847a7c0858a8023778c44bdcfc1111df9?s=96&d=mm&r=g\",\"contentUrl\":\"https:\/\/secure.gravatar.com\/avatar\/344186806f5e8613d4a2109f3b0228a847a7c0858a8023778c44bdcfc1111df9?s=96&d=mm&r=g\",\"caption\":\"Eloise\"},\"sameAs\":[\"https:\/\/www.la-maison-naturelle.com\/\"],\"url\":\"https:\/\/www.la-maison-naturelle.com\/blog\/author\/idries\/\"}]}<\/script>\n<!-- \/ Yoast SEO plugin. -->","yoast_head_json":{"title":"Mon-garde-manger.fr devient La-Maison-Naturelle.com - La Maison naturelle | Blog","robots":{"index":"index","follow":"follow","max-snippet":"max-snippet:-1","max-image-preview":"max-image-preview:large","max-video-preview":"max-video-preview:-1"},"canonical":"https:\/\/www.la-maison-naturelle.com\/blog\/62-concept-du-site-mon-garde-mangerfr\/","og_locale":"fr_FR","og_type":"article","og_title":"Mon-garde-manger.fr devient La-Maison-Naturelle.com - La Maison naturelle | Blog","og_description":"A partir du 15 aout 2022, Mon-Garde-Manger.fr Devient La Maison Naturelle.com ~~~devient~~~ Sp\u00e9cialiste de la vente de garde-mangers sur internet, Retrouvez toute l&rsquo;offre du site Mon-Garde-Manger.fr sur La Maison Naturelle.com dans cette cat\u00e9gorie. Vous avez \u00e9t\u00e9 nombreux \u00e0 nous faire confiance sur le site Mon Garde Manger.fr, pour vous remercier de votre fid\u00e9lit\u00e9, inscrivez vous [&hellip;]","og_url":"https:\/\/www.la-maison-naturelle.com\/blog\/62-concept-du-site-mon-garde-mangerfr\/","og_site_name":"La Maison naturelle | Blog","article_published_time":"2022-08-24T07:25:44+00:00","article_modified_time":"2022-08-25T08:49:13+00:00","og_image":[{"width":275,"height":105,"url":"https:\/\/www.la-maison-naturelle.com\/blog\/wp-content\/uploads\/2022\/08\/MMG.png","type":"image\/png"}],"author":"Eloise","twitter_card":"summary_large_image","twitter_misc":{"\u00c9crit par":"Eloise","Dur\u00e9e de lecture estim\u00e9e":"1 minute"},"schema":{"@context":"https:\/\/schema.org","@graph":[{"@type":"Article","@id":"https:\/\/www.la-maison-naturelle.com\/blog\/62-concept-du-site-mon-garde-mangerfr\/#article","isPartOf":{"@id":"https:\/\/www.la-maison-naturelle.com\/blog\/62-concept-du-site-mon-garde-mangerfr\/"},"author":{"name":"Eloise","@id":"https:\/\/www.la-maison-naturelle.com\/blog\/#\/schema\/person\/cad2a9ed80410189f0688441d546d43f"},"headline":"Mon-garde-manger.fr devient La-Maison-Naturelle.com","datePublished":"2022-08-24T07:25:44+00:00","dateModified":"2022-08-25T08:49:13+00:00","mainEntityOfPage":{"@id":"https:\/\/www.la-maison-naturelle.com\/blog\/62-concept-du-site-mon-garde-mangerfr\/"},"wordCount":130,"commentCount":0,"publisher":{"@id":"https:\/\/www.la-maison-naturelle.com\/blog\/#organization"},"image":{"@id":"https:\/\/www.la-maison-naturelle.com\/blog\/62-concept-du-site-mon-garde-mangerfr\/#primaryimage"},"thumbnailUrl":"https:\/\/www.la-maison-naturelle.com\/blog\/wp-content\/uploads\/2022\/08\/MMG.png","articleSection":["Int\u00e9rieur &amp; d\u00e9coration"],"inLanguage":"fr-FR","potentialAction":[{"@type":"CommentAction","name":"Comment","target":["https:\/\/www.la-maison-naturelle.com\/blog\/62-concept-du-site-mon-garde-mangerfr\/#respond"]}]},{"@type":"WebPage","@id":"https:\/\/www.la-maison-naturelle.com\/blog\/62-concept-du-site-mon-garde-mangerfr\/","url":"https:\/\/www.la-maison-naturelle.com\/blog\/62-concept-du-site-mon-garde-mangerfr\/","name":"Mon-garde-manger.fr devient La-Maison-Naturelle.com - La Maison naturelle | Blog","isPartOf":{"@id":"https:\/\/www.la-maison-naturelle.com\/blog\/#website"},"primaryImageOfPage":{"@id":"https:\/\/www.la-maison-naturelle.com\/blog\/62-concept-du-site-mon-garde-mangerfr\/#primaryimage"},"image":{"@id":"https:\/\/www.la-maison-naturelle.com\/blog\/62-concept-du-site-mon-garde-mangerfr\/#primaryimage"},"thumbnailUrl":"https:\/\/www.la-maison-naturelle.com\/blog\/wp-content\/uploads\/2022\/08\/MMG.png","datePublished":"2022-08-24T07:25:44+00:00","dateModified":"2022-08-25T08:49:13+00:00","breadcrumb":{"@id":"https:\/\/www.la-maison-naturelle.com\/blog\/62-concept-du-site-mon-garde-mangerfr\/#breadcrumb"},"inLanguage":"fr-FR","potentialAction":[{"@type":"ReadAction","target":["https:\/\/www.la-maison-naturelle.com\/blog\/62-concept-du-site-mon-garde-mangerfr\/"]}]},{"@type":"ImageObject","inLanguage":"fr-FR","@id":"https:\/\/www.la-maison-naturelle.com\/blog\/62-concept-du-site-mon-garde-mangerfr\/#primaryimage","url":"https:\/\/www.la-maison-naturelle.com\/blog\/wp-content\/uploads\/2022\/08\/MMG.png","contentUrl":"https:\/\/www.la-maison-naturelle.com\/blog\/wp-content\/uploads\/2022\/08\/MMG.png","width":275,"height":105},{"@type":"BreadcrumbList","@id":"https:\/\/www.la-maison-naturelle.com\/blog\/62-concept-du-site-mon-garde-mangerfr\/#breadcrumb","itemListElement":[{"@type":"ListItem","position":1,"name":"Accueil","item":"https:\/\/www.la-maison-naturelle.com\/blog\/"},{"@type":"ListItem","position":2,"name":"Mon-garde-manger.fr devient La-Maison-Naturelle.com"}]},{"@type":"WebSite","@id":"https:\/\/www.la-maison-naturelle.com\/blog\/#website","url":"https:\/\/www.la-maison-naturelle.com\/blog\/","name":"La Maison naturelle | Blog","description":"Blog de la Maison naturelle","publisher":{"@id":"https:\/\/www.la-maison-naturelle.com\/blog\/#organization"},"potentialAction":[{"@type":"SearchAction","target":{"@type":"EntryPoint","urlTemplate":"https:\/\/www.la-maison-naturelle.com\/blog\/?s={search_term_string}"},"query-input":{"@type":"PropertyValueSpecification","valueRequired":true,"valueName":"search_term_string"}}],"inLanguage":"fr-FR"},{"@type":"Organization","@id":"https:\/\/www.la-maison-naturelle.com\/blog\/#organization","name":"La Maison naturelle | Blog","url":"https:\/\/www.la-maison-naturelle.com\/blog\/","logo":{"@type":"ImageObject","inLanguage":"fr-FR","@id":"https:\/\/www.la-maison-naturelle.com\/blog\/#\/schema\/logo\/image\/","url":"https:\/\/www.la-maison-naturelle.com\/blog\/wp-content\/uploads\/2021\/07\/maison-naturelle-logo.svg","contentUrl":"https:\/\/www.la-maison-naturelle.com\/blog\/wp-content\/uploads\/2021\/07\/maison-naturelle-logo.svg","width":156,"height":64,"caption":"La Maison naturelle | Blog"},"image":{"@id":"https:\/\/www.la-maison-naturelle.com\/blog\/#\/schema\/logo\/image\/"}},{"@type":"Person","@id":"https:\/\/www.la-maison-naturelle.com\/blog\/#\/schema\/person\/cad2a9ed80410189f0688441d546d43f","name":"Eloise","image":{"@type":"ImageObject","inLanguage":"fr-FR","@id":"https:\/\/www.la-maison-naturelle.com\/blog\/#\/schema\/person\/image\/","url":"https:\/\/secure.gravatar.com\/avatar\/344186806f5e8613d4a2109f3b0228a847a7c0858a8023778c44bdcfc1111df9?s=96&d=mm&r=g","contentUrl":"https:\/\/secure.gravatar.com\/avatar\/344186806f5e8613d4a2109f3b0228a847a7c0858a8023778c44bdcfc1111df9?s=96&d=mm&r=g","caption":"Eloise"},"sameAs":["https:\/\/www.la-maison-naturelle.com\/"],"url":"https:\/\/www.la-maison-naturelle.com\/blog\/author\/idries\/"}]}},"_links":{"self":[{"href":"https:\/\/www.la-maison-naturelle.com\/blog\/wp-json\/wp\/v2\/posts\/3416","targetHints":{"allow":["GET"]}}],"collection":[{"href":"https:\/\/www.la-maison-naturelle.com\/blog\/wp-json\/wp\/v2\/posts"}],"about":[{"href":"https:\/\/www.la-maison-naturelle.com\/blog\/wp-json\/wp\/v2\/types\/post"}],"author":[{"embeddable":true,"href":"https:\/\/www.la-maison-naturelle.com\/blog\/wp-json\/wp\/v2\/users\/5"}],"replies":[{"embeddable":true,"href":"https:\/\/www.la-maison-naturelle.com\/blog\/wp-json\/wp\/v2\/comments?post=3416"}],"version-history":[{"count":3,"href":"https:\/\/www.la-maison-naturelle.com\/blog\/wp-json\/wp\/v2\/posts\/3416\/revisions"}],"predecessor-version":[{"id":3421,"href":"https:\/\/www.la-maison-naturelle.com\/blog\/wp-json\/wp\/v2\/posts\/3416\/revisions\/3421"}],"wp:featuredmedia":[{"embeddable":true,"href":"https:\/\/www.la-maison-naturelle.com\/blog\/wp-json\/wp\/v2\/media\/3417"}],"wp:attachment":[{"href":"https:\/\/www.la-maison-naturelle.com\/blog\/wp-json\/wp\/v2\/media?parent=3416"}],"wp:term":[{"taxonomy":"category","embeddable":true,"href":"https:\/\/www.la-maison-naturelle.com\/blog\/wp-json\/wp\/v2\/categories?post=3416"},{"taxonomy":"post_tag","embeddable":true,"href":"https:\/\/www.la-maison-naturelle.com\/blog\/wp-json\/wp\/v2\/tags?post=3416"}],"curies":[{"name":"wp","href":"https:\/\/api.w.org\/{rel}","templated":true}]}}