{"id":3412,"date":"2022-08-12T09:12:48","date_gmt":"2022-08-12T07:12:48","guid":{"rendered":"https:\/\/www.la-maison-naturelle.com\/blog\/?p=3412"},"modified":"2023-08-04T18:44:58","modified_gmt":"2023-08-04T16:44:58","slug":"pourquoi-un-garde-manger","status":"publish","type":"post","link":"https:\/\/www.la-maison-naturelle.com\/blog\/pourquoi-un-garde-manger\/","title":{"rendered":"Pourquoi un garde-manger ?"},"content":{"rendered":"<table style=\" width=\"100%\",max-width=\"839\">\n<tbody>\n<tr>\n<td colspan=\"3\"><a href=\"https:\/\/www.la-maison-naturelle.com\/\"><img decoding=\"async\" class=\"wp-image-5568 aligncenter\" src=\"https:\/\/www.la-maison-naturelle.com\/blog\/wp-content\/uploads\/2012\/05\/Dark-Green-and-Gray-Professional-and-Clean-E-Commerce-Email-Header-300x35.png\" alt=\"\" width=\"839\" srcset=\"https:\/\/www.la-maison-naturelle.com\/blog\/wp-content\/uploads\/2012\/05\/Dark-Green-and-Gray-Professional-and-Clean-E-Commerce-Email-Header-300x35.png 300w, https:\/\/www.la-maison-naturelle.com\/blog\/wp-content\/uploads\/2012\/05\/Dark-Green-and-Gray-Professional-and-Clean-E-Commerce-Email-Header-1024x119.png 1024w, https:\/\/www.la-maison-naturelle.com\/blog\/wp-content\/uploads\/2012\/05\/Dark-Green-and-Gray-Professional-and-Clean-E-Commerce-Email-Header-768x89.png 768w, https:\/\/www.la-maison-naturelle.com\/blog\/wp-content\/uploads\/2012\/05\/Dark-Green-and-Gray-Professional-and-Clean-E-Commerce-Email-Header-1536x178.png 1536w, https:\/\/www.la-maison-naturelle.com\/blog\/wp-content\/uploads\/2012\/05\/Dark-Green-and-Gray-Professional-and-Clean-E-Commerce-Email-Header.png 1578w\" sizes=\"(max-width: 300px) 100vw, 300px\" \/><\/a><\/td>\n<\/tr>\n<tr>\n<td><a href=\"https:\/\/www.la-maison-naturelle.com\/5260-materiaux-et-bricolage\"><img loading=\"lazy\" decoding=\"async\" class=\"alignright size-medium wp-image-5565\" src=\"https:\/\/www.la-maison-naturelle.com\/blog\/wp-content\/uploads\/2012\/05\/73a5f09c-2ef6-46dd-90d1-9cf73599e16b-1-249x300.png\" alt=\"Mat\u00e9riaux et bricolage\" width=\"249\" height=\"300\" srcset=\"https:\/\/www.la-maison-naturelle.com\/blog\/wp-content\/uploads\/2012\/05\/73a5f09c-2ef6-46dd-90d1-9cf73599e16b-1-249x300.png 249w, https:\/\/www.la-maison-naturelle.com\/blog\/wp-content\/uploads\/2012\/05\/73a5f09c-2ef6-46dd-90d1-9cf73599e16b-1.png 397w\" sizes=\"auto, (max-width: 249px) 100vw, 249px\" \/><\/a><\/td>\n<td><a href=\"https:\/\/www.la-maison-naturelle.com\/5266-amenagement-du-jardin\"><img loading=\"lazy\" decoding=\"async\" class=\"alignright size-medium wp-image-5564\" src=\"https:\/\/www.la-maison-naturelle.com\/blog\/wp-content\/uploads\/2012\/05\/9224811f-6da5-4d4d-8634-e9a2517a9565-1-249x300.png\" alt=\"Jardin et ext\u00e9rieur\" width=\"249\" height=\"300\" srcset=\"https:\/\/www.la-maison-naturelle.com\/blog\/wp-content\/uploads\/2012\/05\/9224811f-6da5-4d4d-8634-e9a2517a9565-1-249x300.png 249w, https:\/\/www.la-maison-naturelle.com\/blog\/wp-content\/uploads\/2012\/05\/9224811f-6da5-4d4d-8634-e9a2517a9565-1.png 397w\" sizes=\"auto, (max-width: 249px) 100vw, 249px\" \/><\/a><\/td>\n<td><a href=\"https:\/\/www.la-maison-naturelle.com\/5267-interieur-et-decoration\"><img loading=\"lazy\" decoding=\"async\" class=\"alignright size-medium wp-image-5563\" src=\"https:\/\/www.la-maison-naturelle.com\/blog\/wp-content\/uploads\/2012\/05\/b9400ea8-440a-4a4a-8db6-682fde3f9652-1-249x300.png\" alt=\"Int\u00e9rieur et d\u00e9coration\" width=\"249\" height=\"300\" srcset=\"https:\/\/www.la-maison-naturelle.com\/blog\/wp-content\/uploads\/2012\/05\/b9400ea8-440a-4a4a-8db6-682fde3f9652-1-249x300.png 249w, https:\/\/www.la-maison-naturelle.com\/blog\/wp-content\/uploads\/2012\/05\/b9400ea8-440a-4a4a-8db6-682fde3f9652-1.png 397w\" sizes=\"auto, (max-width: 249px) 100vw, 249px\" \/><\/a><\/td>\n<\/tr>\n<\/tbody>\n<\/table>\n<p>Croyez le ou non, mais il y a encore quelques d\u00e9cennies il n\u2019y avait pas de r\u00e9frig\u00e9rateurs !<\/p>\n<p>Les denr\u00e9es p\u00e9rissables telles que les fruits, les l\u00e9gumes, la viande et autres charcuteries \u00e9taient conserv\u00e9es dans des meubles en bois dont les parois \u00e9taient garnies de toile m\u00e9tallique \u00e0 mailles tr\u00e8s fines et serr\u00e9es. Ce meuble gardait les aliments \u00e0 l\u2019abri des nuisibles tout en maintenant une a\u00e9ration constante, n\u00e9cessaire \u00e0 une bonne conservation.<\/p>\n<p>Cet anc\u00eatre des r\u00e9frig\u00e9rateurs actuels \u00e9tait, et est toujours, appel\u00e9 un <a href=\"https:\/\/www.la-maison-naturelle.com\/893-garde-manger-legumiers-et-fruitiers\" data-internallinksmanager029f6b8e52c=\"7\" title=\"Garde manger\">garde-manger<\/a>. Plus traditionnellement, on parle aussi de chazi\u00e8re.<\/p>\n<p><strong>Oui, j\u2019entends d\u2019ici ce que vous allez me dire :<\/strong>\u00a0\u00e0 l\u2019heure o\u00f9 tous les foyers ont un, voire deux r\u00e9frig\u00e9rateurs, pourquoi un garde-manger ? Je vous explique.<\/p>\n<p>On nous parle en permanence d\u2019\u00e9conomie d\u2019\u00e9nergie, d&rsquo;alimentation biologique, de gestion \u00e9cologique, de retour aux go\u00fbts et valeurs traditionnels. Un garde-manger c\u2019est tout \u00e7a \u00e0 la fois. Impossible, me direz-vous ? Je continue.<\/p>\n<p style=\"text-align: center;\"><span style=\"text-align: center;\"><a href=\"https:\/\/www.la-maison-naturelle.com\/\"><button>Achetez nos produits sur :<br \/>\n<img loading=\"lazy\" decoding=\"async\" class=\"aligncenter wp-image-376 size-thumbnail\" role=\"img\" src=\"https:\/\/www.la-maison-naturelle.com\/blog\/wp-content\/uploads\/2021\/07\/maison-naturelle-logo.svg\" alt=\"\" width=\"150\" height=\"150\" srcset=\"https:\/\/www.la-maison-naturelle.com\/blog\/wp-content\/uploads\/\/2021\/07\/maison-naturelle-logo.svg 150w, https:\/\/www.la-maison-naturelle.com\/blog\/wp-content\/uploads\/\/2021\/07\/maison-naturelle-logo.svg 300w, https:\/\/www.la-maison-naturelle.com\/blog\/wp-content\/uploads\/\/2021\/07\/maison-naturelle-logo.svg 1024w, https:\/\/www.la-maison-naturelle.com\/blog\/wp-content\/uploads\/\/2021\/07\/maison-naturelle-logo.svg 1536w, https:\/\/www.la-maison-naturelle.com\/blog\/wp-content\/uploads\/\/2021\/07\/maison-naturelle-logo.svg 2048w\" sizes=\"auto, (max-width: 150px) 100vw, 150px\" \/><\/button><\/a><\/span><\/p>\n<p><strong>Pourquoi des \u00e9conomies d\u2019\u00e9nergie ?<\/strong>\u00a0Chaque ouverture et fermeture de votre r\u00e9frig\u00e9rateur cause une perte calorifique qui est responsable \u00e0 elle seule de plus de vingt trois pour cent de la consommation \u00e9lectrique totale de votre habitation. De plus, pour chaque portion de cent grammes d\u2019aliments (\u00e0 temp\u00e9rature ambiante) d\u00e9pos\u00e9e dans votre r\u00e9frig\u00e9rateur, vous \u00e9levez sa consommation de 1% pour les quatre prochaines heures.<\/p>\n<p><strong>D\u2019accord, mais le go\u00fbt et les valeurs nutritives ?<\/strong>\u00a0Par habitude, tout ce que l&rsquo;on ach\u00e8te ou produit en mati\u00e8re d\u2019alimentation ou presque fini au r\u00e9frig\u00e9rateur. C\u2019est ainsi que nous d\u00e9naturons involontairement le go\u00fbt de nos aliments. Le froid ralentit la maturation, et l\u2019absence de ventilation combin\u00e9e \u00e0 l\u2019entassement des produits favorisent le pourrissement par le d\u00e9veloppement de champignons. Pour couronner le tout, les mod\u00e8les les plus pl\u00e9biscit\u00e9s, \u00e0 froid ventil\u00e9, ass\u00e8chent quant \u00e0 eux les aliments en leur \u00f4tant d\u00e9finitivement toutes leurs saveurs.<\/p>\n<p><strong>Notre meilleur ennemi ?<\/strong>\u00a0Mais en fait, le r\u00e9frig\u00e9rateur, n\u2019est-il pas une excuse, ou plut\u00f4t une solution pratique, pour stocker ce que l\u2019on ach\u00e8te ? Lorsque vous rentrez du march\u00e9, qui ne s&rsquo;est pas confront\u00e9 \u00e0 l\u2019in\u00e9vitable question du rangement. D\u2019autant plus que tous ces fruits ont bien souvent encore besoin de maturation. Quasiment tous les l\u00e9gumes et condiments (haricots verts, concombres et courgettes, ails, \u00e9chalotes, oignons, patates douces, citrouilles) ainsi que les fruits (bananes, fruits exotiques, past\u00e8que, pommes, abricots, avocats, kiwis, mangues, melons, nectarines, papayes, p\u00eaches, poires, prunes, tomates, ananas) et les agrumes, doivent, contrairement aux id\u00e9es re\u00e7ues, surtout ne pas \u00eatre plac\u00e9s au r\u00e9frig\u00e9rateur. Ils risquent de perdre leurs textures et leurs saveurs. Toujours dans cette m\u00eame id\u00e9e du stockage, que dire de ces inclassables que sont les sacs de pomme de terre, le pain et la moutarde.<\/p>\n<p><b>Admettons pour l\u2019\u00e9conomie d\u2019\u00e9nergie, le stockage et le go\u00fbt mais pourquoi parler de conservation et de nuisibles ?<\/b>\u00a0Qui n\u2019a pas eu la d\u00e9sagr\u00e9able surprise de retrouver ses fruits, que l\u2019on conservait dans une corbeille, cribl\u00e9s de fourmis, moucherons, mouches et autres volants ! Et l\u00e0, je ne parle que d\u2019insectes, que dire de ces gens qui habitent \u00e0 la campagne ou en limite d\u2019un champ ? Leurs invit\u00e9s surprises sont quant \u00e0 eux bien plus gros, et surtout plus gourmands.<\/p>\n<p><strong>Mais comment un tel miracle ?<\/strong>\u00a0Gr\u00e2ce \u00e0 sa structure faite de grillage et ses tiroirs faits de lattes, il autorise une tr\u00e8s bonne ventilation des aliments, permettant ainsi d\u2019affiner et de bonifier le fromage, de s\u00e9cher la charcuterie et de conserver s\u00e9par\u00e9ment et \u00e0 plat les fruits et les l\u00e9gumes.<\/p>\n<p><strong>En r\u00e9sum\u00e9\u2026<\/strong>\u00a0Avant mon petit la\u00efus, la simplicit\u00e9 vous ordonnait de tout mettre au r\u00e9frig\u00e9rateur, apr\u00e8s cette lecture, vous l\u2019aurez compris, si vous ne disposez pas d\u2019un <a href=\"https:\/\/www.la-maison-naturelle.com\/893-garde-manger-legumiers-et-fruitiers\">garde manger<\/a> il est grand temps pour vous d\u2019en acqu\u00e9rir un !<\/p>\n<p><strong>O\u00f9 peut-on le trouver ?<\/strong>\u00a0Plusieurs solutions : le fabriquer \u00e0 partir d\u2019un meuble existant que vous allez r\u00e9affecter, le construire soit m\u00eame \u00e0 partir de rien ou tout simplement l\u2019acheter. Dans le premier cas, il vous suffit de trouver chez vous ou dans une brocante l\u2019heureux meuble candidat \u00e0 cette reconversion. Il doit poss\u00e9der les caract\u00e9ristiques suivantes : \u00e9quip\u00e9 d\u2019au moins une porte battante, sa structure doit \u00eatre faite de bois et enfin vous devez \u00eatre fait, vous m\u00eame, d\u2019une \u00e2me de bricoleur. Si ces conditions sont r\u00e9unies, attelez vous \u00e0 la t\u00e2che de d\u00e9coupe de votre ex-placard en une boite \u00e9vid\u00e9e de ses quatre faces. Une fois termin\u00e9e vous n\u2019aurez plus qu\u2019\u00e0 agrafer un grillage en lieu et place du bois que vous venez de scier.<\/p>\n<p>Le grillage peut se trouver sur <a href=\"https:\/\/www.la-maison-naturelle.com\/913-toile-moustiquaire-metallique-pvc\">ce\u00a0lien<\/a>.<br \/>\nVous pouvez aussi le fabriquer de toutes pi\u00e8ces. Dans ce cas les plans se trouvent\u00a0<a href=\"https:\/\/www.la-maison-naturelle.com\/blog\/comment-realiser-son-garde-manger-en-bois\/\">ici<\/a>.<br \/>\nEt enfin, si vous trouvez plus simple de l\u2019acheter, vous trouverez tous les mod\u00e8les possibles\u00a0<a href=\"https:\/\/www.la-maison-naturelle.com\/893-garde-manger-legumiers-et-fruitiers\">ici<\/a>.<\/p>\n<p>Pour conclure sur cet objet du pass\u00e9 qui n\u2019a pas encore dit son dernier mot, je trouve, \u00e0 condition de le sortir du cellier ou de la cave, qu\u2019il peut se r\u00e9v\u00e9ler tr\u00e8s d\u00e9coratif et donner un c\u00f4t\u00e9 \u00ab rustique chic \u00bb \u00e0 votre cuisine.<\/p>\n","protected":false},"excerpt":{"rendered":"","protected":false},"author":5,"featured_media":3413,"comment_status":"open","ping_status":"open","sticky":false,"template":"","format":"standard","meta":{"footnotes":""},"categories":[1],"tags":[],"class_list":["post-3412","post","type-post","status-publish","format-standard","has-post-thumbnail","hentry","category-interieur-decoration"],"_wp_attached_file":null,"_wp_attachment_metadata":null,"_wp_attachment_context":null,"_wp_attachment_image_alt":null,"_hf_settings":null,"hf_message_success":null,"hf_message_invalid_email":null,"hf_message_required_field_missing":null,"hf_message_error":null,"_menu_item_type":null,"_menu_item_menu_item_parent":null,"_menu_item_object_id":null,"_menu_item_object":null,"_menu_item_target":null,"_menu_item_classes":null,"_menu_item_xfn":null,"_menu_item_url":null,"_yoast_wpseo_primary_category":"","_thumbnail_id":"3413","_oembed_26d84b2c06432105b0a19987ae029a71":null,"_oembed_43e9e2dfde1b9b4ed91c9711026b7ef9":null,"_oembed_1fe1564764edbddc3b61e81acf52be88":null,"_oembed_df60f474cd845141e7ce6596d101e4a0":null,"_oembed_825e674795e2435c0bc66eb08e5d2c8b":null,"_oembed_time_825e674795e2435c0bc66eb08e5d2c8b":null,"_oembed_e917352ff4cc21ea91383201eeaa08cf":null,"_oembed_2363c16c972791c33e283320dc564fce":null,"_oembed_cc9ad5b5073a84776f6a62e33e6c7498":null,"_oembed_time_cc9ad5b5073a84776f6a62e33e6c7498":null,"_oembed_305147fcf4b856de518466e695c209cd":null,"_oembed_8517a877084ae01a5296813ee1d16a2b":null,"_oembed_2741f1556b243e68379198f98ba7f864":null,"_oembed_c3ffa24981451396c950ece2129da0f6":null,"_oembed_6f9091ebe2f3f5fcb5698ba6f4b41477":null,"_wp_old_slug":null,"_oembed_e4fb0f68ba12b85e9e231afe151ba12a":null,"_oembed_3c60e98bd703e617e67f5bbb3b97424d":null,"_oembed_bb060374498dcf40cb6068efe4be87e1":null,"_oembed_d0403e1e71c3a29020bd546b159480f1":null,"_oembed_b030ff17fbbbf8661c59c2ab8ff289eb":null,"_oembed_5cec699ba0631c6c0e4ba4f6af5f228e":null,"_oembed_b06a67f278b90cf4e8dd17cb12fe67b0":null,"_oembed_8e190e4fea2256f17420434651556236":null,"_oembed_b5ded119f1337916a0fc64d2ad85c95f":null,"_oembed_d9364a7a81be31c01415da2c50a48932":null,"_oembed_738cafa36d51a58e5ae3e458aa8f7584":null,"_oembed_ebcab5184b6b321b28efbcbec079859b":null,"_oembed_3dd9e35c2b7b268070e74da5b89cf937":null,"_oembed_e14b167b493e311a1c4e2aab38a463e8":null,"_oembed_dc8f7d108b38f3f0c2e0785b8bc46cae":null,"_oembed_55cf1c5142884afed312c2666bf27520":null,"_oembed_2292333bf03a956b4b61afafeff6bca0":null,"_oembed_82a986a6b900856fec23169de03a0038":null,"_oembed_4048ded025352b83569104210074165a":null,"_oembed_033b42b1af757abc39e4487233cee7f5":null,"_oembed_aec1d50f2b159366be8e37e94b201be1":null,"_oembed_0adc8480b2fcadf9a1733f572ce3d3f8":null,"_yoast_wpseo_title":null,"_yoast_wpseo_focuskw":null,"_yoast_wpseo_linkdex":null,"_yoast_wpseo_metadesc":null,"_yoast_wpseo_wordproof_timestamp":"","_tpl_archive_meta_key":null,"_form":null,"_mail":null,"_mail_2":null,"_messages":null,"_additional_settings":null,"_locale":null,"_wp_old_date":null,"_edit_last":"5","_wpb_vc_js_status":"false","_yoast_wpseo_estimated-reading-time-minutes":"5","_edit_lock":"1691167360:5","_yoast_wpseo_content_score":"60","yoast_head":"<!-- This site is optimized with the Yoast SEO plugin v24.3 - https:\/\/yoast.com\/wordpress\/plugins\/seo\/ -->\n<title>Pourquoi un garde-manger ? - La Maison naturelle | Blog<\/title>\n<meta name=\"robots\" content=\"index, follow, max-snippet:-1, max-image-preview:large, max-video-preview:-1\" \/>\n<link rel=\"canonical\" href=\"https:\/\/www.la-maison-naturelle.com\/blog\/pourquoi-un-garde-manger\/\" \/>\n<meta property=\"og:locale\" content=\"fr_FR\" \/>\n<meta property=\"og:type\" content=\"article\" \/>\n<meta property=\"og:title\" content=\"Pourquoi un garde-manger ? - La Maison naturelle | Blog\" \/>\n<meta property=\"og:url\" content=\"https:\/\/www.la-maison-naturelle.com\/blog\/pourquoi-un-garde-manger\/\" \/>\n<meta property=\"og:site_name\" content=\"La Maison naturelle | Blog\" \/>\n<meta property=\"article:published_time\" content=\"2022-08-12T07:12:48+00:00\" \/>\n<meta property=\"article:modified_time\" content=\"2023-08-04T16:44:58+00:00\" \/>\n<meta property=\"og:image\" content=\"https:\/\/www.la-maison-naturelle.com\/blog\/wp-content\/uploads\/2022\/08\/grand-garde-manger-legumier-en-hetre-poignee-tiroirs-bois.jpg\" \/>\n\t<meta property=\"og:image:width\" content=\"800\" \/>\n\t<meta property=\"og:image:height\" content=\"800\" \/>\n\t<meta property=\"og:image:type\" content=\"image\/jpeg\" \/>\n<meta name=\"author\" content=\"Eloise\" \/>\n<meta name=\"twitter:card\" content=\"summary_large_image\" \/>\n<meta name=\"twitter:label1\" content=\"\u00c9crit par\" \/>\n\t<meta name=\"twitter:data1\" content=\"Eloise\" \/>\n\t<meta name=\"twitter:label2\" content=\"Dur\u00e9e de lecture estim\u00e9e\" \/>\n\t<meta name=\"twitter:data2\" content=\"5 minutes\" \/>\n<script type=\"application\/ld+json\" class=\"yoast-schema-graph\">{\"@context\":\"https:\/\/schema.org\",\"@graph\":[{\"@type\":\"Article\",\"@id\":\"https:\/\/www.la-maison-naturelle.com\/blog\/pourquoi-un-garde-manger\/#article\",\"isPartOf\":{\"@id\":\"https:\/\/www.la-maison-naturelle.com\/blog\/pourquoi-un-garde-manger\/\"},\"author\":{\"name\":\"Eloise\",\"@id\":\"https:\/\/www.la-maison-naturelle.com\/blog\/#\/schema\/person\/cad2a9ed80410189f0688441d546d43f\"},\"headline\":\"Pourquoi un garde-manger ?\",\"datePublished\":\"2022-08-12T07:12:48+00:00\",\"dateModified\":\"2023-08-04T16:44:58+00:00\",\"mainEntityOfPage\":{\"@id\":\"https:\/\/www.la-maison-naturelle.com\/blog\/pourquoi-un-garde-manger\/\"},\"wordCount\":3,\"commentCount\":0,\"publisher\":{\"@id\":\"https:\/\/www.la-maison-naturelle.com\/blog\/#organization\"},\"image\":{\"@id\":\"https:\/\/www.la-maison-naturelle.com\/blog\/pourquoi-un-garde-manger\/#primaryimage\"},\"thumbnailUrl\":\"https:\/\/www.la-maison-naturelle.com\/blog\/wp-content\/uploads\/2022\/08\/grand-garde-manger-legumier-en-hetre-poignee-tiroirs-bois.jpg\",\"articleSection\":[\"Int\u00e9rieur &amp; d\u00e9coration\"],\"inLanguage\":\"fr-FR\",\"potentialAction\":[{\"@type\":\"CommentAction\",\"name\":\"Comment\",\"target\":[\"https:\/\/www.la-maison-naturelle.com\/blog\/pourquoi-un-garde-manger\/#respond\"]}]},{\"@type\":\"WebPage\",\"@id\":\"https:\/\/www.la-maison-naturelle.com\/blog\/pourquoi-un-garde-manger\/\",\"url\":\"https:\/\/www.la-maison-naturelle.com\/blog\/pourquoi-un-garde-manger\/\",\"name\":\"Pourquoi un garde-manger ? - La Maison naturelle | Blog\",\"isPartOf\":{\"@id\":\"https:\/\/www.la-maison-naturelle.com\/blog\/#website\"},\"primaryImageOfPage\":{\"@id\":\"https:\/\/www.la-maison-naturelle.com\/blog\/pourquoi-un-garde-manger\/#primaryimage\"},\"image\":{\"@id\":\"https:\/\/www.la-maison-naturelle.com\/blog\/pourquoi-un-garde-manger\/#primaryimage\"},\"thumbnailUrl\":\"https:\/\/www.la-maison-naturelle.com\/blog\/wp-content\/uploads\/2022\/08\/grand-garde-manger-legumier-en-hetre-poignee-tiroirs-bois.jpg\",\"datePublished\":\"2022-08-12T07:12:48+00:00\",\"dateModified\":\"2023-08-04T16:44:58+00:00\",\"breadcrumb\":{\"@id\":\"https:\/\/www.la-maison-naturelle.com\/blog\/pourquoi-un-garde-manger\/#breadcrumb\"},\"inLanguage\":\"fr-FR\",\"potentialAction\":[{\"@type\":\"ReadAction\",\"target\":[\"https:\/\/www.la-maison-naturelle.com\/blog\/pourquoi-un-garde-manger\/\"]}]},{\"@type\":\"ImageObject\",\"inLanguage\":\"fr-FR\",\"@id\":\"https:\/\/www.la-maison-naturelle.com\/blog\/pourquoi-un-garde-manger\/#primaryimage\",\"url\":\"https:\/\/www.la-maison-naturelle.com\/blog\/wp-content\/uploads\/2022\/08\/grand-garde-manger-legumier-en-hetre-poignee-tiroirs-bois.jpg\",\"contentUrl\":\"https:\/\/www.la-maison-naturelle.com\/blog\/wp-content\/uploads\/2022\/08\/grand-garde-manger-legumier-en-hetre-poignee-tiroirs-bois.jpg\",\"width\":800,\"height\":800},{\"@type\":\"BreadcrumbList\",\"@id\":\"https:\/\/www.la-maison-naturelle.com\/blog\/pourquoi-un-garde-manger\/#breadcrumb\",\"itemListElement\":[{\"@type\":\"ListItem\",\"position\":1,\"name\":\"Accueil\",\"item\":\"https:\/\/www.la-maison-naturelle.com\/blog\/\"},{\"@type\":\"ListItem\",\"position\":2,\"name\":\"Pourquoi un garde-manger ?\"}]},{\"@type\":\"WebSite\",\"@id\":\"https:\/\/www.la-maison-naturelle.com\/blog\/#website\",\"url\":\"https:\/\/www.la-maison-naturelle.com\/blog\/\",\"name\":\"La Maison naturelle | Blog\",\"description\":\"Blog de la Maison naturelle\",\"publisher\":{\"@id\":\"https:\/\/www.la-maison-naturelle.com\/blog\/#organization\"},\"potentialAction\":[{\"@type\":\"SearchAction\",\"target\":{\"@type\":\"EntryPoint\",\"urlTemplate\":\"https:\/\/www.la-maison-naturelle.com\/blog\/?s={search_term_string}\"},\"query-input\":{\"@type\":\"PropertyValueSpecification\",\"valueRequired\":true,\"valueName\":\"search_term_string\"}}],\"inLanguage\":\"fr-FR\"},{\"@type\":\"Organization\",\"@id\":\"https:\/\/www.la-maison-naturelle.com\/blog\/#organization\",\"name\":\"La Maison naturelle | Blog\",\"url\":\"https:\/\/www.la-maison-naturelle.com\/blog\/\",\"logo\":{\"@type\":\"ImageObject\",\"inLanguage\":\"fr-FR\",\"@id\":\"https:\/\/www.la-maison-naturelle.com\/blog\/#\/schema\/logo\/image\/\",\"url\":\"https:\/\/www.la-maison-naturelle.com\/blog\/wp-content\/uploads\/2021\/07\/maison-naturelle-logo.svg\",\"contentUrl\":\"https:\/\/www.la-maison-naturelle.com\/blog\/wp-content\/uploads\/2021\/07\/maison-naturelle-logo.svg\",\"width\":156,\"height\":64,\"caption\":\"La Maison naturelle | Blog\"},\"image\":{\"@id\":\"https:\/\/www.la-maison-naturelle.com\/blog\/#\/schema\/logo\/image\/\"}},{\"@type\":\"Person\",\"@id\":\"https:\/\/www.la-maison-naturelle.com\/blog\/#\/schema\/person\/cad2a9ed80410189f0688441d546d43f\",\"name\":\"Eloise\",\"image\":{\"@type\":\"ImageObject\",\"inLanguage\":\"fr-FR\",\"@id\":\"https:\/\/www.la-maison-naturelle.com\/blog\/#\/schema\/person\/image\/\",\"url\":\"https:\/\/secure.gravatar.com\/avatar\/344186806f5e8613d4a2109f3b0228a847a7c0858a8023778c44bdcfc1111df9?s=96&d=mm&r=g\",\"contentUrl\":\"https:\/\/secure.gravatar.com\/avatar\/344186806f5e8613d4a2109f3b0228a847a7c0858a8023778c44bdcfc1111df9?s=96&d=mm&r=g\",\"caption\":\"Eloise\"},\"sameAs\":[\"https:\/\/www.la-maison-naturelle.com\/\"],\"url\":\"https:\/\/www.la-maison-naturelle.com\/blog\/author\/idries\/\"}]}<\/script>\n<!-- \/ Yoast SEO plugin. -->","yoast_head_json":{"title":"Pourquoi un garde-manger ? - La Maison naturelle | Blog","robots":{"index":"index","follow":"follow","max-snippet":"max-snippet:-1","max-image-preview":"max-image-preview:large","max-video-preview":"max-video-preview:-1"},"canonical":"https:\/\/www.la-maison-naturelle.com\/blog\/pourquoi-un-garde-manger\/","og_locale":"fr_FR","og_type":"article","og_title":"Pourquoi un garde-manger ? - La Maison naturelle | Blog","og_url":"https:\/\/www.la-maison-naturelle.com\/blog\/pourquoi-un-garde-manger\/","og_site_name":"La Maison naturelle | Blog","article_published_time":"2022-08-12T07:12:48+00:00","article_modified_time":"2023-08-04T16:44:58+00:00","og_image":[{"width":800,"height":800,"url":"https:\/\/www.la-maison-naturelle.com\/blog\/wp-content\/uploads\/2022\/08\/grand-garde-manger-legumier-en-hetre-poignee-tiroirs-bois.jpg","type":"image\/jpeg"}],"author":"Eloise","twitter_card":"summary_large_image","twitter_misc":{"\u00c9crit par":"Eloise","Dur\u00e9e de lecture estim\u00e9e":"5 minutes"},"schema":{"@context":"https:\/\/schema.org","@graph":[{"@type":"Article","@id":"https:\/\/www.la-maison-naturelle.com\/blog\/pourquoi-un-garde-manger\/#article","isPartOf":{"@id":"https:\/\/www.la-maison-naturelle.com\/blog\/pourquoi-un-garde-manger\/"},"author":{"name":"Eloise","@id":"https:\/\/www.la-maison-naturelle.com\/blog\/#\/schema\/person\/cad2a9ed80410189f0688441d546d43f"},"headline":"Pourquoi un garde-manger ?","datePublished":"2022-08-12T07:12:48+00:00","dateModified":"2023-08-04T16:44:58+00:00","mainEntityOfPage":{"@id":"https:\/\/www.la-maison-naturelle.com\/blog\/pourquoi-un-garde-manger\/"},"wordCount":3,"commentCount":0,"publisher":{"@id":"https:\/\/www.la-maison-naturelle.com\/blog\/#organization"},"image":{"@id":"https:\/\/www.la-maison-naturelle.com\/blog\/pourquoi-un-garde-manger\/#primaryimage"},"thumbnailUrl":"https:\/\/www.la-maison-naturelle.com\/blog\/wp-content\/uploads\/2022\/08\/grand-garde-manger-legumier-en-hetre-poignee-tiroirs-bois.jpg","articleSection":["Int\u00e9rieur &amp; d\u00e9coration"],"inLanguage":"fr-FR","potentialAction":[{"@type":"CommentAction","name":"Comment","target":["https:\/\/www.la-maison-naturelle.com\/blog\/pourquoi-un-garde-manger\/#respond"]}]},{"@type":"WebPage","@id":"https:\/\/www.la-maison-naturelle.com\/blog\/pourquoi-un-garde-manger\/","url":"https:\/\/www.la-maison-naturelle.com\/blog\/pourquoi-un-garde-manger\/","name":"Pourquoi un garde-manger ? - La Maison naturelle | Blog","isPartOf":{"@id":"https:\/\/www.la-maison-naturelle.com\/blog\/#website"},"primaryImageOfPage":{"@id":"https:\/\/www.la-maison-naturelle.com\/blog\/pourquoi-un-garde-manger\/#primaryimage"},"image":{"@id":"https:\/\/www.la-maison-naturelle.com\/blog\/pourquoi-un-garde-manger\/#primaryimage"},"thumbnailUrl":"https:\/\/www.la-maison-naturelle.com\/blog\/wp-content\/uploads\/2022\/08\/grand-garde-manger-legumier-en-hetre-poignee-tiroirs-bois.jpg","datePublished":"2022-08-12T07:12:48+00:00","dateModified":"2023-08-04T16:44:58+00:00","breadcrumb":{"@id":"https:\/\/www.la-maison-naturelle.com\/blog\/pourquoi-un-garde-manger\/#breadcrumb"},"inLanguage":"fr-FR","potentialAction":[{"@type":"ReadAction","target":["https:\/\/www.la-maison-naturelle.com\/blog\/pourquoi-un-garde-manger\/"]}]},{"@type":"ImageObject","inLanguage":"fr-FR","@id":"https:\/\/www.la-maison-naturelle.com\/blog\/pourquoi-un-garde-manger\/#primaryimage","url":"https:\/\/www.la-maison-naturelle.com\/blog\/wp-content\/uploads\/2022\/08\/grand-garde-manger-legumier-en-hetre-poignee-tiroirs-bois.jpg","contentUrl":"https:\/\/www.la-maison-naturelle.com\/blog\/wp-content\/uploads\/2022\/08\/grand-garde-manger-legumier-en-hetre-poignee-tiroirs-bois.jpg","width":800,"height":800},{"@type":"BreadcrumbList","@id":"https:\/\/www.la-maison-naturelle.com\/blog\/pourquoi-un-garde-manger\/#breadcrumb","itemListElement":[{"@type":"ListItem","position":1,"name":"Accueil","item":"https:\/\/www.la-maison-naturelle.com\/blog\/"},{"@type":"ListItem","position":2,"name":"Pourquoi un garde-manger ?"}]},{"@type":"WebSite","@id":"https:\/\/www.la-maison-naturelle.com\/blog\/#website","url":"https:\/\/www.la-maison-naturelle.com\/blog\/","name":"La Maison naturelle | Blog","description":"Blog de la Maison naturelle","publisher":{"@id":"https:\/\/www.la-maison-naturelle.com\/blog\/#organization"},"potentialAction":[{"@type":"SearchAction","target":{"@type":"EntryPoint","urlTemplate":"https:\/\/www.la-maison-naturelle.com\/blog\/?s={search_term_string}"},"query-input":{"@type":"PropertyValueSpecification","valueRequired":true,"valueName":"search_term_string"}}],"inLanguage":"fr-FR"},{"@type":"Organization","@id":"https:\/\/www.la-maison-naturelle.com\/blog\/#organization","name":"La Maison naturelle | Blog","url":"https:\/\/www.la-maison-naturelle.com\/blog\/","logo":{"@type":"ImageObject","inLanguage":"fr-FR","@id":"https:\/\/www.la-maison-naturelle.com\/blog\/#\/schema\/logo\/image\/","url":"https:\/\/www.la-maison-naturelle.com\/blog\/wp-content\/uploads\/2021\/07\/maison-naturelle-logo.svg","contentUrl":"https:\/\/www.la-maison-naturelle.com\/blog\/wp-content\/uploads\/2021\/07\/maison-naturelle-logo.svg","width":156,"height":64,"caption":"La Maison naturelle | Blog"},"image":{"@id":"https:\/\/www.la-maison-naturelle.com\/blog\/#\/schema\/logo\/image\/"}},{"@type":"Person","@id":"https:\/\/www.la-maison-naturelle.com\/blog\/#\/schema\/person\/cad2a9ed80410189f0688441d546d43f","name":"Eloise","image":{"@type":"ImageObject","inLanguage":"fr-FR","@id":"https:\/\/www.la-maison-naturelle.com\/blog\/#\/schema\/person\/image\/","url":"https:\/\/secure.gravatar.com\/avatar\/344186806f5e8613d4a2109f3b0228a847a7c0858a8023778c44bdcfc1111df9?s=96&d=mm&r=g","contentUrl":"https:\/\/secure.gravatar.com\/avatar\/344186806f5e8613d4a2109f3b0228a847a7c0858a8023778c44bdcfc1111df9?s=96&d=mm&r=g","caption":"Eloise"},"sameAs":["https:\/\/www.la-maison-naturelle.com\/"],"url":"https:\/\/www.la-maison-naturelle.com\/blog\/author\/idries\/"}]}},"_links":{"self":[{"href":"https:\/\/www.la-maison-naturelle.com\/blog\/wp-json\/wp\/v2\/posts\/3412","targetHints":{"allow":["GET"]}}],"collection":[{"href":"https:\/\/www.la-maison-naturelle.com\/blog\/wp-json\/wp\/v2\/posts"}],"about":[{"href":"https:\/\/www.la-maison-naturelle.com\/blog\/wp-json\/wp\/v2\/types\/post"}],"author":[{"embeddable":true,"href":"https:\/\/www.la-maison-naturelle.com\/blog\/wp-json\/wp\/v2\/users\/5"}],"replies":[{"embeddable":true,"href":"https:\/\/www.la-maison-naturelle.com\/blog\/wp-json\/wp\/v2\/comments?post=3412"}],"version-history":[{"count":6,"href":"https:\/\/www.la-maison-naturelle.com\/blog\/wp-json\/wp\/v2\/posts\/3412\/revisions"}],"predecessor-version":[{"id":5721,"href":"https:\/\/www.la-maison-naturelle.com\/blog\/wp-json\/wp\/v2\/posts\/3412\/revisions\/5721"}],"wp:featuredmedia":[{"embeddable":true,"href":"https:\/\/www.la-maison-naturelle.com\/blog\/wp-json\/wp\/v2\/media\/3413"}],"wp:attachment":[{"href":"https:\/\/www.la-maison-naturelle.com\/blog\/wp-json\/wp\/v2\/media?parent=3412"}],"wp:term":[{"taxonomy":"category","embeddable":true,"href":"https:\/\/www.la-maison-naturelle.com\/blog\/wp-json\/wp\/v2\/categories?post=3412"},{"taxonomy":"post_tag","embeddable":true,"href":"https:\/\/www.la-maison-naturelle.com\/blog\/wp-json\/wp\/v2\/tags?post=3412"}],"curies":[{"name":"wp","href":"https:\/\/api.w.org\/{rel}","templated":true}]}}