{"id":3321,"date":"2023-04-13T15:16:00","date_gmt":"2023-04-13T13:16:00","guid":{"rendered":"https:\/\/www.la-maison-naturelle.com\/blog\/?p=3321"},"modified":"2023-10-27T18:16:14","modified_gmt":"2023-10-27T16:16:14","slug":"dm-proprietes-acoustiques-des-panneaux-osb-agglo-et-mdf","status":"publish","type":"post","link":"https:\/\/www.la-maison-naturelle.com\/blog\/dm-proprietes-acoustiques-des-panneaux-osb-agglo-et-mdf\/","title":{"rendered":"Propri\u00e9t\u00e9s acoustiques des panneaux OSB, AGGLO et MDF"},"content":{"rendered":"<p>L&rsquo;acoustique des panneaux d\u00e9riv\u00e9s du bois Kronospan Kronobuild de Kronospan<\/p>\n<h2>lsolation aux bruits a\u00e9riens<\/h2>\n<p>L&rsquo;isolation phonique R de plaques individuelles mesur\u00e9e en dB d\u00e9pend principalement du poids de la surface du milieu m<sub>A<\/sub> en kg\/m2\u00a0et peut \u00eatre exprim\u00e9e par la formule suivante:<\/p>\n<p>R : 13 x Ig (m<sub>A<\/sub>)+14<\/p>\n<p>Cette formule n&rsquo;est valable que pour la plage de fr\u00e9quences allant de 1 000 \u00e0 3 000 Hz et un poids de m<sub>A<\/sub> sup\u00e9rieur \u00e0 5 kg\/m2.<\/p>\n<p>Le tableau indique les valeurs de l&rsquo;isolation aux bruits a\u00e9riens en dB calcul\u00e9es \u00e0 l&rsquo;aide de la formule ci-dessus, sans tenir compte de la\u00a0r\u00e9sistance \u00e0 la flexion des panneaux:<\/p>\n<table border=\"0\" align=\"center\">\n<tbody>\n<tr>\n<td>L&rsquo;acoustique des panneaux d\u00e9riv\u00e9s du bois Kronospan Kronobuild de Kronospan<\/td>\n<td colspan=\"4\"><a href=\"https:\/\/www.la-maison-naturelle.com\/panneau-osb-pour-contreventement\/15481-panneau-de-contreventement-osb-3-bords-droits-ep-9mm-format-2500x1250mm.html\" data-internallinksmanager029f6b8e52c=\"133\" title=\"Panneau osb\">Panneaux OSB<\/a>,PP (agglo), MDF selon <a href=\"https:\/\/www.la-maison-naturelle.com\/blog\/la-masse-volumique-dun-isolant\/\" data-internallinksmanager029f6b8e52c=\"125\" title=\"Qu'est-ce que la masse volumique d'un isolant ?\">masse volumique<\/a> [kg\/m<sup>3<\/sup>]<\/td>\n<td>Panneaux<\/p>\n<p>Betonyp et compacts<\/td>\n<\/tr>\n<tr>\n<td><\/td>\n<td>550<\/td>\n<td>600<\/td>\n<td>650<\/td>\n<td>750<\/td>\n<td>1350<\/td>\n<\/tr>\n<tr>\n<td>8 mm<\/td>\n<td>22.5<\/td>\n<td>23<\/td>\n<td>23<\/td>\n<td>24<\/td>\n<td>27.5<\/td>\n<\/tr>\n<tr>\n<td>10 mm<\/td>\n<td>23.5<\/td>\n<td>24<\/td>\n<td>24.5<\/td>\n<td>25.5<\/td>\n<td>29<\/td>\n<\/tr>\n<tr>\n<td>12 mm<\/td>\n<td>25<\/td>\n<td>25<\/td>\n<td>25.5<\/td>\n<td>26.5<\/td>\n<td>30<\/td>\n<\/tr>\n<tr>\n<td>15 mm<\/td>\n<td>26<\/td>\n<td>26.5<\/td>\n<td>27<\/td>\n<td>28<\/td>\n<td>31<\/td>\n<\/tr>\n<tr>\n<td>18 mm<\/td>\n<td>27<\/td>\n<td>27.5<\/td>\n<td>28<\/td>\n<td>29<\/td>\n<td>32<\/td>\n<\/tr>\n<tr>\n<td>22 mm<\/td>\n<td>28<\/td>\n<td>28.5<\/td>\n<td>29<\/td>\n<td>30<\/td>\n<td>33<\/td>\n<\/tr>\n<tr>\n<td>25 mm<\/td>\n<td>29<\/td>\n<td>29<\/td>\n<td>30<\/td>\n<td>30.5<\/td>\n<td>34<\/td>\n<\/tr>\n<tr>\n<td>30 mm<\/td>\n<td>30<\/td>\n<td>30<\/td>\n<td>31<\/td>\n<td>31.5<\/td>\n<td>35<\/td>\n<\/tr>\n<\/tbody>\n<\/table>\n<p>L&rsquo;isolation phonique est d\u00e9termin\u00e9e en laboratoire selon la norme EN ISO 140-3 et classifi\u00e9e selon la norme EN ISO 717-1. Cependant, les r\u00e9sultats ne sont pas diff\u00e9rents de ceux indiqu\u00e9s dans le tableau ci-dessus.<\/p>\n<p>Voici un exemple de tableau de test de panneaux OSB indiquant\u00a0le poids de l&rsquo;isolation phonique Rw et l&rsquo;adaptation au spectre C et Ctr:<\/p>\n<table border=\"0\" align=\"center\">\n<caption>\u00a0<\/caption>\n<tbody>\n<tr>\n<td>Epaisseur de panneau OSB<\/td>\n<td>Poids [kg\/m\u00b2]<\/td>\n<td>R<sub>w<\/sub>(C;Ctr)v dB<\/td>\n<\/tr>\n<tr>\n<td>10 \u00a0mm<\/td>\n<td>6.3 kg\/m\u00b2<\/td>\n<td>25 (-1 ;-2)<\/td>\n<\/tr>\n<tr>\n<td>15 mm<\/td>\n<td>9.6 kg\/m\u00b2<\/td>\n<td>26 (-0 ;-1)<\/td>\n<\/tr>\n<tr>\n<td>18 mm<\/td>\n<td>9.6 kg\/m\u00b2<\/td>\n<td>27 (-0 ;-1)<\/td>\n<\/tr>\n<\/tbody>\n<\/table>\n<h2>o Absorption acoustique<\/h2>\n<p>L&rsquo;isolation phonique peut \u00eatre d\u00e9termin\u00e9e en laboratoire selon la norme EN ISO 140-3 et classifi\u00e9e selon la norme EN ISO 717-1 . Cependant, les\u00a0r\u00e9sultats ne sont pas diff\u00e9rents de ceux dans le tableau ci-dessus.<\/p>\n<p>Voici un exemple de tableau de test de panneaux OSB indiquant le poids de\u00a0l&rsquo;isolation phonique Rw et l&rsquo;adaptation au spectre C et Ctr:<\/p>\n<table border=\"0\" align=\"center\">\n<caption>Coeficient d&rsquo;absorption acoustique \u00e0 la plage de fr\u00e9quences\u00a0<\/caption>\n<tbody>\n<tr>\n<td>Type de panneau<\/td>\n<td>\u00a0 \u00a0 \u00a0 \u00a0250 \u00e0 500 Hz<\/td>\n<td>\u00a0 \u00a0 \u00a0 \u00a01 000 \u00e0 2 000 Hz<\/td>\n<\/tr>\n<tr>\n<td>\u00a0 \u00a0 PP,OSB<\/td>\n<td>0.10<\/td>\n<td>0.25<\/td>\n<\/tr>\n<tr>\n<td>\u00a0 \u00a0 MDF<\/td>\n<td>0.10<\/td>\n<td>0.20<\/td>\n<\/tr>\n<tr>\n<td>\u00a0 \u00a0 Betonyp, panneaux compacts<\/td>\n<td>0.10<\/td>\n<td>.0.30<\/td>\n<\/tr>\n<\/tbody>\n<\/table>\n","protected":false},"excerpt":{"rendered":"<p>L&rsquo;acoustique des panneaux d\u00e9riv\u00e9s du bois Kronospan Kronobuild de Kronospan lsolation aux bruits a\u00e9riens L&rsquo;isolation phonique R de plaques individuelles mesur\u00e9e en dB d\u00e9pend principalement du poids de la surface du milieu mA en kg\/m2\u00a0et peut \u00eatre exprim\u00e9e par la formule suivante: R : 13 x Ig (mA)+14 Cette formule n&rsquo;est valable que pour la [&hellip;]<\/p>\n","protected":false},"author":5,"featured_media":0,"comment_status":"open","ping_status":"open","sticky":false,"template":"","format":"standard","meta":{"footnotes":""},"categories":[5],"tags":[],"class_list":["post-3321","post","type-post","status-publish","format-standard","hentry","category-espace-pro"],"_wp_attached_file":null,"_wp_attachment_metadata":null,"_wp_attachment_context":null,"_wp_attachment_image_alt":null,"_hf_settings":null,"hf_message_success":null,"hf_message_invalid_email":null,"hf_message_required_field_missing":null,"hf_message_error":null,"_menu_item_type":null,"_menu_item_menu_item_parent":null,"_menu_item_object_id":null,"_menu_item_object":null,"_menu_item_target":null,"_menu_item_classes":null,"_menu_item_xfn":null,"_menu_item_url":null,"_yoast_wpseo_primary_category":"5","_thumbnail_id":null,"_oembed_26d84b2c06432105b0a19987ae029a71":null,"_oembed_43e9e2dfde1b9b4ed91c9711026b7ef9":null,"_oembed_1fe1564764edbddc3b61e81acf52be88":null,"_oembed_df60f474cd845141e7ce6596d101e4a0":null,"_oembed_825e674795e2435c0bc66eb08e5d2c8b":null,"_oembed_time_825e674795e2435c0bc66eb08e5d2c8b":null,"_oembed_e917352ff4cc21ea91383201eeaa08cf":null,"_oembed_2363c16c972791c33e283320dc564fce":null,"_oembed_cc9ad5b5073a84776f6a62e33e6c7498":null,"_oembed_time_cc9ad5b5073a84776f6a62e33e6c7498":null,"_oembed_305147fcf4b856de518466e695c209cd":null,"_oembed_8517a877084ae01a5296813ee1d16a2b":null,"_oembed_2741f1556b243e68379198f98ba7f864":null,"_oembed_c3ffa24981451396c950ece2129da0f6":null,"_oembed_6f9091ebe2f3f5fcb5698ba6f4b41477":null,"_wp_old_slug":null,"_oembed_e4fb0f68ba12b85e9e231afe151ba12a":null,"_oembed_3c60e98bd703e617e67f5bbb3b97424d":null,"_oembed_bb060374498dcf40cb6068efe4be87e1":null,"_oembed_d0403e1e71c3a29020bd546b159480f1":null,"_oembed_b030ff17fbbbf8661c59c2ab8ff289eb":null,"_oembed_5cec699ba0631c6c0e4ba4f6af5f228e":null,"_oembed_b06a67f278b90cf4e8dd17cb12fe67b0":null,"_oembed_8e190e4fea2256f17420434651556236":null,"_oembed_b5ded119f1337916a0fc64d2ad85c95f":null,"_oembed_d9364a7a81be31c01415da2c50a48932":null,"_oembed_738cafa36d51a58e5ae3e458aa8f7584":null,"_oembed_ebcab5184b6b321b28efbcbec079859b":null,"_oembed_3dd9e35c2b7b268070e74da5b89cf937":null,"_oembed_e14b167b493e311a1c4e2aab38a463e8":null,"_oembed_dc8f7d108b38f3f0c2e0785b8bc46cae":null,"_oembed_55cf1c5142884afed312c2666bf27520":null,"_oembed_2292333bf03a956b4b61afafeff6bca0":null,"_oembed_82a986a6b900856fec23169de03a0038":null,"_oembed_4048ded025352b83569104210074165a":null,"_oembed_033b42b1af757abc39e4487233cee7f5":null,"_oembed_aec1d50f2b159366be8e37e94b201be1":null,"_oembed_0adc8480b2fcadf9a1733f572ce3d3f8":null,"_yoast_wpseo_title":null,"_yoast_wpseo_focuskw":null,"_yoast_wpseo_linkdex":null,"_yoast_wpseo_metadesc":null,"_yoast_wpseo_wordproof_timestamp":"","_tpl_archive_meta_key":null,"_form":null,"_mail":null,"_mail_2":null,"_messages":null,"_additional_settings":null,"_locale":null,"_wp_old_date":null,"_edit_last":"5","_wpb_vc_js_status":"false","_yoast_wpseo_estimated-reading-time-minutes":"2","_edit_lock":"1690736408:5","_yoast_wpseo_content_score":"60","yoast_head":"<!-- This site is optimized with the Yoast SEO plugin v24.3 - https:\/\/yoast.com\/wordpress\/plugins\/seo\/ -->\n<title>Propri\u00e9t\u00e9s acoustiques des panneaux OSB, AGGLO et MDF - La Maison naturelle | Blog<\/title>\n<meta name=\"robots\" content=\"index, follow, max-snippet:-1, max-image-preview:large, max-video-preview:-1\" \/>\n<link rel=\"canonical\" href=\"https:\/\/www.la-maison-naturelle.com\/blog\/dm-proprietes-acoustiques-des-panneaux-osb-agglo-et-mdf\/\" \/>\n<meta property=\"og:locale\" content=\"fr_FR\" \/>\n<meta property=\"og:type\" content=\"article\" \/>\n<meta property=\"og:title\" content=\"Propri\u00e9t\u00e9s acoustiques des panneaux OSB, AGGLO et MDF - La Maison naturelle | Blog\" \/>\n<meta property=\"og:description\" content=\"L&rsquo;acoustique des panneaux d\u00e9riv\u00e9s du bois Kronospan Kronobuild de Kronospan lsolation aux bruits a\u00e9riens L&rsquo;isolation phonique R de plaques individuelles mesur\u00e9e en dB d\u00e9pend principalement du poids de la surface du milieu mA en kg\/m2\u00a0et peut \u00eatre exprim\u00e9e par la formule suivante: R : 13 x Ig (mA)+14 Cette formule n&rsquo;est valable que pour la [&hellip;]\" \/>\n<meta property=\"og:url\" content=\"https:\/\/www.la-maison-naturelle.com\/blog\/dm-proprietes-acoustiques-des-panneaux-osb-agglo-et-mdf\/\" \/>\n<meta property=\"og:site_name\" content=\"La Maison naturelle | Blog\" \/>\n<meta property=\"article:published_time\" content=\"2023-04-13T13:16:00+00:00\" \/>\n<meta property=\"article:modified_time\" content=\"2023-10-27T16:16:14+00:00\" \/>\n<meta name=\"author\" content=\"Eloise\" \/>\n<meta name=\"twitter:card\" content=\"summary_large_image\" \/>\n<meta name=\"twitter:label1\" content=\"\u00c9crit par\" \/>\n\t<meta name=\"twitter:data1\" content=\"Eloise\" \/>\n\t<meta name=\"twitter:label2\" content=\"Dur\u00e9e de lecture estim\u00e9e\" \/>\n\t<meta name=\"twitter:data2\" content=\"2 minutes\" \/>\n<script type=\"application\/ld+json\" class=\"yoast-schema-graph\">{\"@context\":\"https:\/\/schema.org\",\"@graph\":[{\"@type\":\"Article\",\"@id\":\"https:\/\/www.la-maison-naturelle.com\/blog\/dm-proprietes-acoustiques-des-panneaux-osb-agglo-et-mdf\/#article\",\"isPartOf\":{\"@id\":\"https:\/\/www.la-maison-naturelle.com\/blog\/dm-proprietes-acoustiques-des-panneaux-osb-agglo-et-mdf\/\"},\"author\":{\"name\":\"Eloise\",\"@id\":\"https:\/\/www.la-maison-naturelle.com\/blog\/#\/schema\/person\/cad2a9ed80410189f0688441d546d43f\"},\"headline\":\"Propri\u00e9t\u00e9s acoustiques des panneaux OSB, AGGLO et MDF\",\"datePublished\":\"2023-04-13T13:16:00+00:00\",\"dateModified\":\"2023-10-27T16:16:14+00:00\",\"mainEntityOfPage\":{\"@id\":\"https:\/\/www.la-maison-naturelle.com\/blog\/dm-proprietes-acoustiques-des-panneaux-osb-agglo-et-mdf\/\"},\"wordCount\":328,\"commentCount\":0,\"publisher\":{\"@id\":\"https:\/\/www.la-maison-naturelle.com\/blog\/#organization\"},\"articleSection\":[\"Espace pro\"],\"inLanguage\":\"fr-FR\",\"potentialAction\":[{\"@type\":\"CommentAction\",\"name\":\"Comment\",\"target\":[\"https:\/\/www.la-maison-naturelle.com\/blog\/dm-proprietes-acoustiques-des-panneaux-osb-agglo-et-mdf\/#respond\"]}]},{\"@type\":\"WebPage\",\"@id\":\"https:\/\/www.la-maison-naturelle.com\/blog\/dm-proprietes-acoustiques-des-panneaux-osb-agglo-et-mdf\/\",\"url\":\"https:\/\/www.la-maison-naturelle.com\/blog\/dm-proprietes-acoustiques-des-panneaux-osb-agglo-et-mdf\/\",\"name\":\"Propri\u00e9t\u00e9s acoustiques des panneaux OSB, AGGLO et MDF - La Maison naturelle | Blog\",\"isPartOf\":{\"@id\":\"https:\/\/www.la-maison-naturelle.com\/blog\/#website\"},\"datePublished\":\"2023-04-13T13:16:00+00:00\",\"dateModified\":\"2023-10-27T16:16:14+00:00\",\"breadcrumb\":{\"@id\":\"https:\/\/www.la-maison-naturelle.com\/blog\/dm-proprietes-acoustiques-des-panneaux-osb-agglo-et-mdf\/#breadcrumb\"},\"inLanguage\":\"fr-FR\",\"potentialAction\":[{\"@type\":\"ReadAction\",\"target\":[\"https:\/\/www.la-maison-naturelle.com\/blog\/dm-proprietes-acoustiques-des-panneaux-osb-agglo-et-mdf\/\"]}]},{\"@type\":\"BreadcrumbList\",\"@id\":\"https:\/\/www.la-maison-naturelle.com\/blog\/dm-proprietes-acoustiques-des-panneaux-osb-agglo-et-mdf\/#breadcrumb\",\"itemListElement\":[{\"@type\":\"ListItem\",\"position\":1,\"name\":\"Accueil\",\"item\":\"https:\/\/www.la-maison-naturelle.com\/blog\/\"},{\"@type\":\"ListItem\",\"position\":2,\"name\":\"Propri\u00e9t\u00e9s acoustiques des panneaux OSB, AGGLO et MDF\"}]},{\"@type\":\"WebSite\",\"@id\":\"https:\/\/www.la-maison-naturelle.com\/blog\/#website\",\"url\":\"https:\/\/www.la-maison-naturelle.com\/blog\/\",\"name\":\"La Maison naturelle | Blog\",\"description\":\"Blog de la Maison naturelle\",\"publisher\":{\"@id\":\"https:\/\/www.la-maison-naturelle.com\/blog\/#organization\"},\"potentialAction\":[{\"@type\":\"SearchAction\",\"target\":{\"@type\":\"EntryPoint\",\"urlTemplate\":\"https:\/\/www.la-maison-naturelle.com\/blog\/?s={search_term_string}\"},\"query-input\":{\"@type\":\"PropertyValueSpecification\",\"valueRequired\":true,\"valueName\":\"search_term_string\"}}],\"inLanguage\":\"fr-FR\"},{\"@type\":\"Organization\",\"@id\":\"https:\/\/www.la-maison-naturelle.com\/blog\/#organization\",\"name\":\"La Maison naturelle | Blog\",\"url\":\"https:\/\/www.la-maison-naturelle.com\/blog\/\",\"logo\":{\"@type\":\"ImageObject\",\"inLanguage\":\"fr-FR\",\"@id\":\"https:\/\/www.la-maison-naturelle.com\/blog\/#\/schema\/logo\/image\/\",\"url\":\"https:\/\/www.la-maison-naturelle.com\/blog\/wp-content\/uploads\/2021\/07\/maison-naturelle-logo.svg\",\"contentUrl\":\"https:\/\/www.la-maison-naturelle.com\/blog\/wp-content\/uploads\/2021\/07\/maison-naturelle-logo.svg\",\"width\":156,\"height\":64,\"caption\":\"La Maison naturelle | Blog\"},\"image\":{\"@id\":\"https:\/\/www.la-maison-naturelle.com\/blog\/#\/schema\/logo\/image\/\"}},{\"@type\":\"Person\",\"@id\":\"https:\/\/www.la-maison-naturelle.com\/blog\/#\/schema\/person\/cad2a9ed80410189f0688441d546d43f\",\"name\":\"Eloise\",\"image\":{\"@type\":\"ImageObject\",\"inLanguage\":\"fr-FR\",\"@id\":\"https:\/\/www.la-maison-naturelle.com\/blog\/#\/schema\/person\/image\/\",\"url\":\"https:\/\/secure.gravatar.com\/avatar\/344186806f5e8613d4a2109f3b0228a847a7c0858a8023778c44bdcfc1111df9?s=96&d=mm&r=g\",\"contentUrl\":\"https:\/\/secure.gravatar.com\/avatar\/344186806f5e8613d4a2109f3b0228a847a7c0858a8023778c44bdcfc1111df9?s=96&d=mm&r=g\",\"caption\":\"Eloise\"},\"sameAs\":[\"https:\/\/www.la-maison-naturelle.com\/\"],\"url\":\"https:\/\/www.la-maison-naturelle.com\/blog\/author\/idries\/\"}]}<\/script>\n<!-- \/ Yoast SEO plugin. -->","yoast_head_json":{"title":"Propri\u00e9t\u00e9s acoustiques des panneaux OSB, AGGLO et MDF - La Maison naturelle | Blog","robots":{"index":"index","follow":"follow","max-snippet":"max-snippet:-1","max-image-preview":"max-image-preview:large","max-video-preview":"max-video-preview:-1"},"canonical":"https:\/\/www.la-maison-naturelle.com\/blog\/dm-proprietes-acoustiques-des-panneaux-osb-agglo-et-mdf\/","og_locale":"fr_FR","og_type":"article","og_title":"Propri\u00e9t\u00e9s acoustiques des panneaux OSB, AGGLO et MDF - La Maison naturelle | Blog","og_description":"L&rsquo;acoustique des panneaux d\u00e9riv\u00e9s du bois Kronospan Kronobuild de Kronospan lsolation aux bruits a\u00e9riens L&rsquo;isolation phonique R de plaques individuelles mesur\u00e9e en dB d\u00e9pend principalement du poids de la surface du milieu mA en kg\/m2\u00a0et peut \u00eatre exprim\u00e9e par la formule suivante: R : 13 x Ig (mA)+14 Cette formule n&rsquo;est valable que pour la [&hellip;]","og_url":"https:\/\/www.la-maison-naturelle.com\/blog\/dm-proprietes-acoustiques-des-panneaux-osb-agglo-et-mdf\/","og_site_name":"La Maison naturelle | Blog","article_published_time":"2023-04-13T13:16:00+00:00","article_modified_time":"2023-10-27T16:16:14+00:00","author":"Eloise","twitter_card":"summary_large_image","twitter_misc":{"\u00c9crit par":"Eloise","Dur\u00e9e de lecture estim\u00e9e":"2 minutes"},"schema":{"@context":"https:\/\/schema.org","@graph":[{"@type":"Article","@id":"https:\/\/www.la-maison-naturelle.com\/blog\/dm-proprietes-acoustiques-des-panneaux-osb-agglo-et-mdf\/#article","isPartOf":{"@id":"https:\/\/www.la-maison-naturelle.com\/blog\/dm-proprietes-acoustiques-des-panneaux-osb-agglo-et-mdf\/"},"author":{"name":"Eloise","@id":"https:\/\/www.la-maison-naturelle.com\/blog\/#\/schema\/person\/cad2a9ed80410189f0688441d546d43f"},"headline":"Propri\u00e9t\u00e9s acoustiques des panneaux OSB, AGGLO et MDF","datePublished":"2023-04-13T13:16:00+00:00","dateModified":"2023-10-27T16:16:14+00:00","mainEntityOfPage":{"@id":"https:\/\/www.la-maison-naturelle.com\/blog\/dm-proprietes-acoustiques-des-panneaux-osb-agglo-et-mdf\/"},"wordCount":328,"commentCount":0,"publisher":{"@id":"https:\/\/www.la-maison-naturelle.com\/blog\/#organization"},"articleSection":["Espace pro"],"inLanguage":"fr-FR","potentialAction":[{"@type":"CommentAction","name":"Comment","target":["https:\/\/www.la-maison-naturelle.com\/blog\/dm-proprietes-acoustiques-des-panneaux-osb-agglo-et-mdf\/#respond"]}]},{"@type":"WebPage","@id":"https:\/\/www.la-maison-naturelle.com\/blog\/dm-proprietes-acoustiques-des-panneaux-osb-agglo-et-mdf\/","url":"https:\/\/www.la-maison-naturelle.com\/blog\/dm-proprietes-acoustiques-des-panneaux-osb-agglo-et-mdf\/","name":"Propri\u00e9t\u00e9s acoustiques des panneaux OSB, AGGLO et MDF - La Maison naturelle | Blog","isPartOf":{"@id":"https:\/\/www.la-maison-naturelle.com\/blog\/#website"},"datePublished":"2023-04-13T13:16:00+00:00","dateModified":"2023-10-27T16:16:14+00:00","breadcrumb":{"@id":"https:\/\/www.la-maison-naturelle.com\/blog\/dm-proprietes-acoustiques-des-panneaux-osb-agglo-et-mdf\/#breadcrumb"},"inLanguage":"fr-FR","potentialAction":[{"@type":"ReadAction","target":["https:\/\/www.la-maison-naturelle.com\/blog\/dm-proprietes-acoustiques-des-panneaux-osb-agglo-et-mdf\/"]}]},{"@type":"BreadcrumbList","@id":"https:\/\/www.la-maison-naturelle.com\/blog\/dm-proprietes-acoustiques-des-panneaux-osb-agglo-et-mdf\/#breadcrumb","itemListElement":[{"@type":"ListItem","position":1,"name":"Accueil","item":"https:\/\/www.la-maison-naturelle.com\/blog\/"},{"@type":"ListItem","position":2,"name":"Propri\u00e9t\u00e9s acoustiques des panneaux OSB, AGGLO et MDF"}]},{"@type":"WebSite","@id":"https:\/\/www.la-maison-naturelle.com\/blog\/#website","url":"https:\/\/www.la-maison-naturelle.com\/blog\/","name":"La Maison naturelle | Blog","description":"Blog de la Maison naturelle","publisher":{"@id":"https:\/\/www.la-maison-naturelle.com\/blog\/#organization"},"potentialAction":[{"@type":"SearchAction","target":{"@type":"EntryPoint","urlTemplate":"https:\/\/www.la-maison-naturelle.com\/blog\/?s={search_term_string}"},"query-input":{"@type":"PropertyValueSpecification","valueRequired":true,"valueName":"search_term_string"}}],"inLanguage":"fr-FR"},{"@type":"Organization","@id":"https:\/\/www.la-maison-naturelle.com\/blog\/#organization","name":"La Maison naturelle | Blog","url":"https:\/\/www.la-maison-naturelle.com\/blog\/","logo":{"@type":"ImageObject","inLanguage":"fr-FR","@id":"https:\/\/www.la-maison-naturelle.com\/blog\/#\/schema\/logo\/image\/","url":"https:\/\/www.la-maison-naturelle.com\/blog\/wp-content\/uploads\/2021\/07\/maison-naturelle-logo.svg","contentUrl":"https:\/\/www.la-maison-naturelle.com\/blog\/wp-content\/uploads\/2021\/07\/maison-naturelle-logo.svg","width":156,"height":64,"caption":"La Maison naturelle | Blog"},"image":{"@id":"https:\/\/www.la-maison-naturelle.com\/blog\/#\/schema\/logo\/image\/"}},{"@type":"Person","@id":"https:\/\/www.la-maison-naturelle.com\/blog\/#\/schema\/person\/cad2a9ed80410189f0688441d546d43f","name":"Eloise","image":{"@type":"ImageObject","inLanguage":"fr-FR","@id":"https:\/\/www.la-maison-naturelle.com\/blog\/#\/schema\/person\/image\/","url":"https:\/\/secure.gravatar.com\/avatar\/344186806f5e8613d4a2109f3b0228a847a7c0858a8023778c44bdcfc1111df9?s=96&d=mm&r=g","contentUrl":"https:\/\/secure.gravatar.com\/avatar\/344186806f5e8613d4a2109f3b0228a847a7c0858a8023778c44bdcfc1111df9?s=96&d=mm&r=g","caption":"Eloise"},"sameAs":["https:\/\/www.la-maison-naturelle.com\/"],"url":"https:\/\/www.la-maison-naturelle.com\/blog\/author\/idries\/"}]}},"_links":{"self":[{"href":"https:\/\/www.la-maison-naturelle.com\/blog\/wp-json\/wp\/v2\/posts\/3321","targetHints":{"allow":["GET"]}}],"collection":[{"href":"https:\/\/www.la-maison-naturelle.com\/blog\/wp-json\/wp\/v2\/posts"}],"about":[{"href":"https:\/\/www.la-maison-naturelle.com\/blog\/wp-json\/wp\/v2\/types\/post"}],"author":[{"embeddable":true,"href":"https:\/\/www.la-maison-naturelle.com\/blog\/wp-json\/wp\/v2\/users\/5"}],"replies":[{"embeddable":true,"href":"https:\/\/www.la-maison-naturelle.com\/blog\/wp-json\/wp\/v2\/comments?post=3321"}],"version-history":[{"count":5,"href":"https:\/\/www.la-maison-naturelle.com\/blog\/wp-json\/wp\/v2\/posts\/3321\/revisions"}],"predecessor-version":[{"id":5074,"href":"https:\/\/www.la-maison-naturelle.com\/blog\/wp-json\/wp\/v2\/posts\/3321\/revisions\/5074"}],"wp:attachment":[{"href":"https:\/\/www.la-maison-naturelle.com\/blog\/wp-json\/wp\/v2\/media?parent=3321"}],"wp:term":[{"taxonomy":"category","embeddable":true,"href":"https:\/\/www.la-maison-naturelle.com\/blog\/wp-json\/wp\/v2\/categories?post=3321"},{"taxonomy":"post_tag","embeddable":true,"href":"https:\/\/www.la-maison-naturelle.com\/blog\/wp-json\/wp\/v2\/tags?post=3321"}],"curies":[{"name":"wp","href":"https:\/\/api.w.org\/{rel}","templated":true}]}}