{"id":3307,"date":"2014-10-27T18:16:03","date_gmt":"2014-10-27T17:16:03","guid":{"rendered":"https:\/\/www.la-maison-naturelle.com\/blog\/?p=3307"},"modified":"2023-11-10T23:53:28","modified_gmt":"2023-11-10T22:53:28","slug":"proclima-nouvelle-gamme","status":"publish","type":"post","link":"https:\/\/www.la-maison-naturelle.com\/blog\/proclima-nouvelle-gamme\/","title":{"rendered":"WELDANO de Proclima Gamme 2015\/2016"},"content":{"rendered":"<div data-canvas-width=\"320.79\">\n<p>SOLITEX WELDANO\u00a0<a href=\"https:\/\/www.la-maison-naturelle.com\/brand\/9-proclima\" data-internallinksmanager029f6b8e52c=\"137\" title=\"proclima\">PROCLIMA<\/a> arrive en France. Prix tarif et disponibilit\u00e9 en ligne: Le nouveau syst\u00e8me d&rsquo;\u00e9tanch\u00e9it\u00e9 SOLITEX WELDANO permet une pose parall\u00e8le au pied de versant ou aux chevrons. La pose horizontale est pr\u00e9f\u00e9rable pour l\u2018\u00e9coulement de l\u2019eau durant la phase de construction. D\u2018une mani\u00e8re g\u00e9n\u00e9rale, il faut garantir l\u2018\u00e9coulement libre de l\u2019eau. Eviter les joints en croix.<\/p>\n<div data-canvas-width=\"320.79\">\n<p>&nbsp;<\/p>\n<div data-canvas-width=\"319.18500000000006\">\n<p>R\u00e9aliser les joints \u00e9ventuels par d\u00e9calage du bord des \u00e9crans. Pour la protection de la construction durant la phase de construction, les \u00e9crans de sous-toiture SOLITEX WELDANO peuvent \u00eatre expos\u00e9s aux intemp\u00e9ries pendant maximum 4 mois (p. ex. pour servir de couverture provisoire selon les prescriptions de la F\u00e9d\u00e9ration allemande des artisans-couvreurs). Dans ce cas, la pente du toit doit atteindre au moins 5\u00b0. A cet \u00e9gard, il convient de respecter la r\u00e9glementation et les dispositions nationales. La fixation ne peut pas se faire dans la surface ni dans des zones de convergence d\u2019eau (p. ex. au niveau des noues). Nous recommandons l\u2019utilisation de moyens de fixation r\u00e9sistant \u00e0 la corrosion.<\/p>\n<div data-canvas-width=\"319.18500000000006\">\n<p>&nbsp;<\/p>\n<div data-canvas-width=\"334.545\">\n<p>L\u2019assemblage par soudage des bords des \u00e9crans se fait \u00e0 l\u2019aide du produit de soudage par solvant WELDANO TURGA ou d\u2019un appareil \u00e0 air chaud. La zone de soudage doit \u00eatre s\u00e8che, \u00e0 l\u2019abri du gel, d\u00e9poussi\u00e9r\u00e9e et d\u00e9graiss\u00e9e. En cas de salissures tenaces (p. ex. de l\u2019huile), humidifier l\u00e9g\u00e8rement un chiffon avec du produit de soudage par solvant WELDANO TURGA et frotter la surface pour \u00e9liminer les salissures. Les deux faces de l\u2019\u00e9cran peuvent \u00eatre soud\u00e9es et conviennent comme couche ext\u00e9rieure.<\/p>\n<div data-canvas-width=\"334.545\">\n<p>&nbsp;<\/p>\n<div data-canvas-width=\"334.545\">\n<p>L\u2019assemblage \u00e0 l\u2019aide du produit de soudage par solvant est possible \u00e0 partir de 0 \u00b0C. Tenir compte des risques mentionn\u00e9s sur le pot. En cas d\u2019utilisation d\u2018appareils \u00e0 air chaud, nous recommandons une temp\u00e9rature de mise en \u0153uvre d\u2018environ 220 \u00e0 280 \u00b0C, selon la temp\u00e9rature ambiante et le r\u00e9gime des vents. V\u00e9rifier le r\u00e9glage en r\u00e9alisant un essai de soudage sur un \u00e9chantillon. Pour les cordons de soudure des surfaces, une buse d\u2019une largeur de 40 mm s\u2019est av\u00e9r\u00e9e efficace. Pour les raccords de d\u00e9tail, une buse de 20 mm est parfois plus pratique. La manchette pour conduits WELDANO ROFLEX convient aux conduits d\u2019un diam\u00e8tre entre 90 et 125 mm, pour des pentes de 5\u00b0 \u00e0 25\u00b0. Au lieu d\u2019utiliser les pr\u00e9form\u00e9s du syst\u00e8me WELDANO ROFLEX, WELDANO INVEX et WELDANO INCAV, vous pouvez aussi d\u00e9couper ces \u00e9l\u00e9ments \u00e0 dimen sion dans un bout d\u2019\u00e9cran WELDANO.<\/p>\n<p>&nbsp;<\/p>\n<\/div>\n<\/div>\n<\/div>\n<\/div>\n<\/div>\n<\/div>\n<\/div>\n","protected":false},"excerpt":{"rendered":"<p>SOLITEX WELDANO\u00a0PROCLIMA arrive en France. Prix tarif et disponibilit\u00e9 en ligne: Le nouveau syst\u00e8me d&rsquo;\u00e9tanch\u00e9it\u00e9 SOLITEX WELDANO permet une pose parall\u00e8le au pied de versant ou aux chevrons. La pose horizontale est pr\u00e9f\u00e9rable pour l\u2018\u00e9coulement de l\u2019eau durant la phase de construction. D\u2018une mani\u00e8re g\u00e9n\u00e9rale, il faut garantir l\u2018\u00e9coulement libre de l\u2019eau. Eviter les joints [&hellip;]<\/p>\n","protected":false},"author":5,"featured_media":0,"comment_status":"open","ping_status":"open","sticky":false,"template":"","format":"standard","meta":{"footnotes":""},"categories":[4],"tags":[],"class_list":["post-3307","post","type-post","status-publish","format-standard","hentry","category-actualites-produits"],"_wp_attached_file":null,"_wp_attachment_metadata":null,"_wp_attachment_context":null,"_wp_attachment_image_alt":null,"_hf_settings":null,"hf_message_success":null,"hf_message_invalid_email":null,"hf_message_required_field_missing":null,"hf_message_error":null,"_menu_item_type":null,"_menu_item_menu_item_parent":null,"_menu_item_object_id":null,"_menu_item_object":null,"_menu_item_target":null,"_menu_item_classes":null,"_menu_item_xfn":null,"_menu_item_url":null,"_yoast_wpseo_primary_category":"4","_thumbnail_id":null,"_oembed_26d84b2c06432105b0a19987ae029a71":null,"_oembed_43e9e2dfde1b9b4ed91c9711026b7ef9":null,"_oembed_1fe1564764edbddc3b61e81acf52be88":null,"_oembed_df60f474cd845141e7ce6596d101e4a0":null,"_oembed_825e674795e2435c0bc66eb08e5d2c8b":null,"_oembed_time_825e674795e2435c0bc66eb08e5d2c8b":null,"_oembed_e917352ff4cc21ea91383201eeaa08cf":null,"_oembed_2363c16c972791c33e283320dc564fce":null,"_oembed_cc9ad5b5073a84776f6a62e33e6c7498":null,"_oembed_time_cc9ad5b5073a84776f6a62e33e6c7498":null,"_oembed_305147fcf4b856de518466e695c209cd":null,"_oembed_8517a877084ae01a5296813ee1d16a2b":null,"_oembed_2741f1556b243e68379198f98ba7f864":null,"_oembed_c3ffa24981451396c950ece2129da0f6":null,"_oembed_6f9091ebe2f3f5fcb5698ba6f4b41477":null,"_wp_old_slug":null,"_oembed_e4fb0f68ba12b85e9e231afe151ba12a":null,"_oembed_3c60e98bd703e617e67f5bbb3b97424d":null,"_oembed_bb060374498dcf40cb6068efe4be87e1":null,"_oembed_d0403e1e71c3a29020bd546b159480f1":null,"_oembed_b030ff17fbbbf8661c59c2ab8ff289eb":null,"_oembed_5cec699ba0631c6c0e4ba4f6af5f228e":null,"_oembed_b06a67f278b90cf4e8dd17cb12fe67b0":null,"_oembed_8e190e4fea2256f17420434651556236":null,"_oembed_b5ded119f1337916a0fc64d2ad85c95f":null,"_oembed_d9364a7a81be31c01415da2c50a48932":null,"_oembed_738cafa36d51a58e5ae3e458aa8f7584":null,"_oembed_ebcab5184b6b321b28efbcbec079859b":null,"_oembed_3dd9e35c2b7b268070e74da5b89cf937":null,"_oembed_e14b167b493e311a1c4e2aab38a463e8":null,"_oembed_dc8f7d108b38f3f0c2e0785b8bc46cae":null,"_oembed_55cf1c5142884afed312c2666bf27520":null,"_oembed_2292333bf03a956b4b61afafeff6bca0":null,"_oembed_82a986a6b900856fec23169de03a0038":null,"_oembed_4048ded025352b83569104210074165a":null,"_oembed_033b42b1af757abc39e4487233cee7f5":null,"_oembed_aec1d50f2b159366be8e37e94b201be1":null,"_oembed_0adc8480b2fcadf9a1733f572ce3d3f8":null,"_yoast_wpseo_title":null,"_yoast_wpseo_focuskw":null,"_yoast_wpseo_linkdex":null,"_yoast_wpseo_metadesc":null,"_yoast_wpseo_wordproof_timestamp":"","_tpl_archive_meta_key":null,"_form":null,"_mail":null,"_mail_2":null,"_messages":null,"_additional_settings":null,"_locale":null,"_wp_old_date":"2023-07-25","_edit_last":"5","_wpb_vc_js_status":"false","_yoast_wpseo_estimated-reading-time-minutes":"3","_edit_lock":"1699656809:5","_yoast_wpseo_content_score":"30","yoast_head":"<!-- This site is optimized with the Yoast SEO plugin v24.3 - https:\/\/yoast.com\/wordpress\/plugins\/seo\/ -->\n<title>WELDANO de Proclima Gamme 2015\/2016 - La Maison naturelle | Blog<\/title>\n<meta name=\"robots\" content=\"index, follow, max-snippet:-1, max-image-preview:large, max-video-preview:-1\" \/>\n<link rel=\"canonical\" href=\"https:\/\/www.la-maison-naturelle.com\/blog\/proclima-nouvelle-gamme\/\" \/>\n<meta property=\"og:locale\" content=\"fr_FR\" \/>\n<meta property=\"og:type\" content=\"article\" \/>\n<meta property=\"og:title\" content=\"WELDANO de Proclima Gamme 2015\/2016 - La Maison naturelle | Blog\" \/>\n<meta property=\"og:description\" content=\"SOLITEX WELDANO\u00a0PROCLIMA arrive en France. Prix tarif et disponibilit\u00e9 en ligne: Le nouveau syst\u00e8me d&rsquo;\u00e9tanch\u00e9it\u00e9 SOLITEX WELDANO permet une pose parall\u00e8le au pied de versant ou aux chevrons. La pose horizontale est pr\u00e9f\u00e9rable pour l\u2018\u00e9coulement de l\u2019eau durant la phase de construction. D\u2018une mani\u00e8re g\u00e9n\u00e9rale, il faut garantir l\u2018\u00e9coulement libre de l\u2019eau. Eviter les joints [&hellip;]\" \/>\n<meta property=\"og:url\" content=\"https:\/\/www.la-maison-naturelle.com\/blog\/proclima-nouvelle-gamme\/\" \/>\n<meta property=\"og:site_name\" content=\"La Maison naturelle | Blog\" \/>\n<meta property=\"article:published_time\" content=\"2014-10-27T17:16:03+00:00\" \/>\n<meta property=\"article:modified_time\" content=\"2023-11-10T22:53:28+00:00\" \/>\n<meta name=\"author\" content=\"Eloise\" \/>\n<meta name=\"twitter:card\" content=\"summary_large_image\" \/>\n<meta name=\"twitter:label1\" content=\"\u00c9crit par\" \/>\n\t<meta name=\"twitter:data1\" content=\"Eloise\" \/>\n\t<meta name=\"twitter:label2\" content=\"Dur\u00e9e de lecture estim\u00e9e\" \/>\n\t<meta name=\"twitter:data2\" content=\"3 minutes\" \/>\n<script type=\"application\/ld+json\" class=\"yoast-schema-graph\">{\"@context\":\"https:\/\/schema.org\",\"@graph\":[{\"@type\":\"Article\",\"@id\":\"https:\/\/www.la-maison-naturelle.com\/blog\/proclima-nouvelle-gamme\/#article\",\"isPartOf\":{\"@id\":\"https:\/\/www.la-maison-naturelle.com\/blog\/proclima-nouvelle-gamme\/\"},\"author\":{\"name\":\"Eloise\",\"@id\":\"https:\/\/www.la-maison-naturelle.com\/blog\/#\/schema\/person\/cad2a9ed80410189f0688441d546d43f\"},\"headline\":\"WELDANO de Proclima Gamme 2015\/2016\",\"datePublished\":\"2014-10-27T17:16:03+00:00\",\"dateModified\":\"2023-11-10T22:53:28+00:00\",\"mainEntityOfPage\":{\"@id\":\"https:\/\/www.la-maison-naturelle.com\/blog\/proclima-nouvelle-gamme\/\"},\"wordCount\":451,\"commentCount\":0,\"publisher\":{\"@id\":\"https:\/\/www.la-maison-naturelle.com\/blog\/#organization\"},\"articleSection\":[\"Actualit\u00e9s produits\"],\"inLanguage\":\"fr-FR\",\"potentialAction\":[{\"@type\":\"CommentAction\",\"name\":\"Comment\",\"target\":[\"https:\/\/www.la-maison-naturelle.com\/blog\/proclima-nouvelle-gamme\/#respond\"]}]},{\"@type\":\"WebPage\",\"@id\":\"https:\/\/www.la-maison-naturelle.com\/blog\/proclima-nouvelle-gamme\/\",\"url\":\"https:\/\/www.la-maison-naturelle.com\/blog\/proclima-nouvelle-gamme\/\",\"name\":\"WELDANO de Proclima Gamme 2015\/2016 - La Maison naturelle | Blog\",\"isPartOf\":{\"@id\":\"https:\/\/www.la-maison-naturelle.com\/blog\/#website\"},\"datePublished\":\"2014-10-27T17:16:03+00:00\",\"dateModified\":\"2023-11-10T22:53:28+00:00\",\"breadcrumb\":{\"@id\":\"https:\/\/www.la-maison-naturelle.com\/blog\/proclima-nouvelle-gamme\/#breadcrumb\"},\"inLanguage\":\"fr-FR\",\"potentialAction\":[{\"@type\":\"ReadAction\",\"target\":[\"https:\/\/www.la-maison-naturelle.com\/blog\/proclima-nouvelle-gamme\/\"]}]},{\"@type\":\"BreadcrumbList\",\"@id\":\"https:\/\/www.la-maison-naturelle.com\/blog\/proclima-nouvelle-gamme\/#breadcrumb\",\"itemListElement\":[{\"@type\":\"ListItem\",\"position\":1,\"name\":\"Accueil\",\"item\":\"https:\/\/www.la-maison-naturelle.com\/blog\/\"},{\"@type\":\"ListItem\",\"position\":2,\"name\":\"WELDANO de Proclima Gamme 2015\/2016\"}]},{\"@type\":\"WebSite\",\"@id\":\"https:\/\/www.la-maison-naturelle.com\/blog\/#website\",\"url\":\"https:\/\/www.la-maison-naturelle.com\/blog\/\",\"name\":\"La Maison naturelle | Blog\",\"description\":\"Blog de la Maison naturelle\",\"publisher\":{\"@id\":\"https:\/\/www.la-maison-naturelle.com\/blog\/#organization\"},\"potentialAction\":[{\"@type\":\"SearchAction\",\"target\":{\"@type\":\"EntryPoint\",\"urlTemplate\":\"https:\/\/www.la-maison-naturelle.com\/blog\/?s={search_term_string}\"},\"query-input\":{\"@type\":\"PropertyValueSpecification\",\"valueRequired\":true,\"valueName\":\"search_term_string\"}}],\"inLanguage\":\"fr-FR\"},{\"@type\":\"Organization\",\"@id\":\"https:\/\/www.la-maison-naturelle.com\/blog\/#organization\",\"name\":\"La Maison naturelle | Blog\",\"url\":\"https:\/\/www.la-maison-naturelle.com\/blog\/\",\"logo\":{\"@type\":\"ImageObject\",\"inLanguage\":\"fr-FR\",\"@id\":\"https:\/\/www.la-maison-naturelle.com\/blog\/#\/schema\/logo\/image\/\",\"url\":\"https:\/\/www.la-maison-naturelle.com\/blog\/wp-content\/uploads\/2021\/07\/maison-naturelle-logo.svg\",\"contentUrl\":\"https:\/\/www.la-maison-naturelle.com\/blog\/wp-content\/uploads\/2021\/07\/maison-naturelle-logo.svg\",\"width\":156,\"height\":64,\"caption\":\"La Maison naturelle | Blog\"},\"image\":{\"@id\":\"https:\/\/www.la-maison-naturelle.com\/blog\/#\/schema\/logo\/image\/\"}},{\"@type\":\"Person\",\"@id\":\"https:\/\/www.la-maison-naturelle.com\/blog\/#\/schema\/person\/cad2a9ed80410189f0688441d546d43f\",\"name\":\"Eloise\",\"image\":{\"@type\":\"ImageObject\",\"inLanguage\":\"fr-FR\",\"@id\":\"https:\/\/www.la-maison-naturelle.com\/blog\/#\/schema\/person\/image\/\",\"url\":\"https:\/\/secure.gravatar.com\/avatar\/344186806f5e8613d4a2109f3b0228a847a7c0858a8023778c44bdcfc1111df9?s=96&d=mm&r=g\",\"contentUrl\":\"https:\/\/secure.gravatar.com\/avatar\/344186806f5e8613d4a2109f3b0228a847a7c0858a8023778c44bdcfc1111df9?s=96&d=mm&r=g\",\"caption\":\"Eloise\"},\"sameAs\":[\"https:\/\/www.la-maison-naturelle.com\/\"],\"url\":\"https:\/\/www.la-maison-naturelle.com\/blog\/author\/idries\/\"}]}<\/script>\n<!-- \/ Yoast SEO plugin. -->","yoast_head_json":{"title":"WELDANO de Proclima Gamme 2015\/2016 - La Maison naturelle | Blog","robots":{"index":"index","follow":"follow","max-snippet":"max-snippet:-1","max-image-preview":"max-image-preview:large","max-video-preview":"max-video-preview:-1"},"canonical":"https:\/\/www.la-maison-naturelle.com\/blog\/proclima-nouvelle-gamme\/","og_locale":"fr_FR","og_type":"article","og_title":"WELDANO de Proclima Gamme 2015\/2016 - La Maison naturelle | Blog","og_description":"SOLITEX WELDANO\u00a0PROCLIMA arrive en France. Prix tarif et disponibilit\u00e9 en ligne: Le nouveau syst\u00e8me d&rsquo;\u00e9tanch\u00e9it\u00e9 SOLITEX WELDANO permet une pose parall\u00e8le au pied de versant ou aux chevrons. La pose horizontale est pr\u00e9f\u00e9rable pour l\u2018\u00e9coulement de l\u2019eau durant la phase de construction. D\u2018une mani\u00e8re g\u00e9n\u00e9rale, il faut garantir l\u2018\u00e9coulement libre de l\u2019eau. Eviter les joints [&hellip;]","og_url":"https:\/\/www.la-maison-naturelle.com\/blog\/proclima-nouvelle-gamme\/","og_site_name":"La Maison naturelle | Blog","article_published_time":"2014-10-27T17:16:03+00:00","article_modified_time":"2023-11-10T22:53:28+00:00","author":"Eloise","twitter_card":"summary_large_image","twitter_misc":{"\u00c9crit par":"Eloise","Dur\u00e9e de lecture estim\u00e9e":"3 minutes"},"schema":{"@context":"https:\/\/schema.org","@graph":[{"@type":"Article","@id":"https:\/\/www.la-maison-naturelle.com\/blog\/proclima-nouvelle-gamme\/#article","isPartOf":{"@id":"https:\/\/www.la-maison-naturelle.com\/blog\/proclima-nouvelle-gamme\/"},"author":{"name":"Eloise","@id":"https:\/\/www.la-maison-naturelle.com\/blog\/#\/schema\/person\/cad2a9ed80410189f0688441d546d43f"},"headline":"WELDANO de Proclima Gamme 2015\/2016","datePublished":"2014-10-27T17:16:03+00:00","dateModified":"2023-11-10T22:53:28+00:00","mainEntityOfPage":{"@id":"https:\/\/www.la-maison-naturelle.com\/blog\/proclima-nouvelle-gamme\/"},"wordCount":451,"commentCount":0,"publisher":{"@id":"https:\/\/www.la-maison-naturelle.com\/blog\/#organization"},"articleSection":["Actualit\u00e9s produits"],"inLanguage":"fr-FR","potentialAction":[{"@type":"CommentAction","name":"Comment","target":["https:\/\/www.la-maison-naturelle.com\/blog\/proclima-nouvelle-gamme\/#respond"]}]},{"@type":"WebPage","@id":"https:\/\/www.la-maison-naturelle.com\/blog\/proclima-nouvelle-gamme\/","url":"https:\/\/www.la-maison-naturelle.com\/blog\/proclima-nouvelle-gamme\/","name":"WELDANO de Proclima Gamme 2015\/2016 - La Maison naturelle | Blog","isPartOf":{"@id":"https:\/\/www.la-maison-naturelle.com\/blog\/#website"},"datePublished":"2014-10-27T17:16:03+00:00","dateModified":"2023-11-10T22:53:28+00:00","breadcrumb":{"@id":"https:\/\/www.la-maison-naturelle.com\/blog\/proclima-nouvelle-gamme\/#breadcrumb"},"inLanguage":"fr-FR","potentialAction":[{"@type":"ReadAction","target":["https:\/\/www.la-maison-naturelle.com\/blog\/proclima-nouvelle-gamme\/"]}]},{"@type":"BreadcrumbList","@id":"https:\/\/www.la-maison-naturelle.com\/blog\/proclima-nouvelle-gamme\/#breadcrumb","itemListElement":[{"@type":"ListItem","position":1,"name":"Accueil","item":"https:\/\/www.la-maison-naturelle.com\/blog\/"},{"@type":"ListItem","position":2,"name":"WELDANO de Proclima Gamme 2015\/2016"}]},{"@type":"WebSite","@id":"https:\/\/www.la-maison-naturelle.com\/blog\/#website","url":"https:\/\/www.la-maison-naturelle.com\/blog\/","name":"La Maison naturelle | Blog","description":"Blog de la Maison naturelle","publisher":{"@id":"https:\/\/www.la-maison-naturelle.com\/blog\/#organization"},"potentialAction":[{"@type":"SearchAction","target":{"@type":"EntryPoint","urlTemplate":"https:\/\/www.la-maison-naturelle.com\/blog\/?s={search_term_string}"},"query-input":{"@type":"PropertyValueSpecification","valueRequired":true,"valueName":"search_term_string"}}],"inLanguage":"fr-FR"},{"@type":"Organization","@id":"https:\/\/www.la-maison-naturelle.com\/blog\/#organization","name":"La Maison naturelle | Blog","url":"https:\/\/www.la-maison-naturelle.com\/blog\/","logo":{"@type":"ImageObject","inLanguage":"fr-FR","@id":"https:\/\/www.la-maison-naturelle.com\/blog\/#\/schema\/logo\/image\/","url":"https:\/\/www.la-maison-naturelle.com\/blog\/wp-content\/uploads\/2021\/07\/maison-naturelle-logo.svg","contentUrl":"https:\/\/www.la-maison-naturelle.com\/blog\/wp-content\/uploads\/2021\/07\/maison-naturelle-logo.svg","width":156,"height":64,"caption":"La Maison naturelle | Blog"},"image":{"@id":"https:\/\/www.la-maison-naturelle.com\/blog\/#\/schema\/logo\/image\/"}},{"@type":"Person","@id":"https:\/\/www.la-maison-naturelle.com\/blog\/#\/schema\/person\/cad2a9ed80410189f0688441d546d43f","name":"Eloise","image":{"@type":"ImageObject","inLanguage":"fr-FR","@id":"https:\/\/www.la-maison-naturelle.com\/blog\/#\/schema\/person\/image\/","url":"https:\/\/secure.gravatar.com\/avatar\/344186806f5e8613d4a2109f3b0228a847a7c0858a8023778c44bdcfc1111df9?s=96&d=mm&r=g","contentUrl":"https:\/\/secure.gravatar.com\/avatar\/344186806f5e8613d4a2109f3b0228a847a7c0858a8023778c44bdcfc1111df9?s=96&d=mm&r=g","caption":"Eloise"},"sameAs":["https:\/\/www.la-maison-naturelle.com\/"],"url":"https:\/\/www.la-maison-naturelle.com\/blog\/author\/idries\/"}]}},"_links":{"self":[{"href":"https:\/\/www.la-maison-naturelle.com\/blog\/wp-json\/wp\/v2\/posts\/3307","targetHints":{"allow":["GET"]}}],"collection":[{"href":"https:\/\/www.la-maison-naturelle.com\/blog\/wp-json\/wp\/v2\/posts"}],"about":[{"href":"https:\/\/www.la-maison-naturelle.com\/blog\/wp-json\/wp\/v2\/types\/post"}],"author":[{"embeddable":true,"href":"https:\/\/www.la-maison-naturelle.com\/blog\/wp-json\/wp\/v2\/users\/5"}],"replies":[{"embeddable":true,"href":"https:\/\/www.la-maison-naturelle.com\/blog\/wp-json\/wp\/v2\/comments?post=3307"}],"version-history":[{"count":2,"href":"https:\/\/www.la-maison-naturelle.com\/blog\/wp-json\/wp\/v2\/posts\/3307\/revisions"}],"predecessor-version":[{"id":4871,"href":"https:\/\/www.la-maison-naturelle.com\/blog\/wp-json\/wp\/v2\/posts\/3307\/revisions\/4871"}],"wp:attachment":[{"href":"https:\/\/www.la-maison-naturelle.com\/blog\/wp-json\/wp\/v2\/media?parent=3307"}],"wp:term":[{"taxonomy":"category","embeddable":true,"href":"https:\/\/www.la-maison-naturelle.com\/blog\/wp-json\/wp\/v2\/categories?post=3307"},{"taxonomy":"post_tag","embeddable":true,"href":"https:\/\/www.la-maison-naturelle.com\/blog\/wp-json\/wp\/v2\/tags?post=3307"}],"curies":[{"name":"wp","href":"https:\/\/api.w.org\/{rel}","templated":true}]}}