{"id":3233,"date":"2015-12-31T14:55:21","date_gmt":"2015-12-31T13:55:21","guid":{"rendered":"https:\/\/www.la-maison-naturelle.com\/blog\/?p=3233"},"modified":"2023-10-27T18:15:02","modified_gmt":"2023-10-27T16:15:02","slug":"le-concept-d-architecture-bioclimatique","status":"publish","type":"post","link":"https:\/\/www.la-maison-naturelle.com\/blog\/le-concept-d-architecture-bioclimatique\/","title":{"rendered":"[LMV] Le concept d&rsquo;architecture bioclimatique"},"content":{"rendered":"<p>Pourquoi ?<\/p>\n<p>Loin de l\u2019id\u00e9e assez primitive que certaines personnes ont du confort \u00e9cologique, il se trouve qu\u2019en r\u00e9alit\u00e9 vivre une maison construite dans la tradition de l\u2019architecture bioclimatique est tr\u00e8s agr\u00e9able. Le but ultime du bioclimatique, c\u2019est de vivre comme dans n\u2019importe quel int\u00e9rieur, mais dont les mat\u00e9riaux sont en harmonie avec l\u2019environnement. Il s\u2019agit d\u2019utiliser le meilleur de ce dont la nature dispose, et de vivre confortablement \u00e0 chaque saison.<\/p>\n<p>Comment ?<\/p>\n<ul>\n<li>en favorisant les \u00e9nergies renouvelables, c\u2019est-\u00e0-dire l\u2019\u00e9nergie solaire, la g\u00e9othermie, les \u00e9nergies \u00e9olienne et hydraulique<\/li>\n<li>en employant les \u00e9nergies polluantes (\u00e9nergies fossiles ou \u00e9lectricit\u00e9) au minimum<\/li>\n<li>en r\u00e9duisant au maximum le recours aux outils de haute technologie<\/li>\n<\/ul>\n<h2>La luminosit\u00e9 est au coeur du confort vital :<\/h2>\n<p>un logement lumineux naturellement garantit le bien-\u00eatre de ses r\u00e9sidents. Trop de lumi\u00e8re artificielle peut nuire \u00e0 votre sant\u00e9, et certaines personnes sombrent m\u00eame dans la d\u00e9pression du fait qu\u2019ils ne re\u00e7oivent pas assez de lumi\u00e8re naturelle. Le moral, la qualit\u00e9 de vie, le sommeil, le confort visuel et la sant\u00e9 sont autant de th\u00e9matiques am\u00e9lior\u00e9es gr\u00e2ce \u00e0 l\u2019apport solaire que nous recevons quotidiennement si nous avons install\u00e9 des fen\u00eatres \u00e0 la surface vitr\u00e9e optimis\u00e9e.<\/p>\n<p>En \u00e9t\u00e9, les vitrages apportent \u00e0 peu pr\u00e8s 2\/3 de la chaleur, c\u2019est pourquoi il est important de prendre en compte certains param\u00e8tres :<\/p>\n<ul>\n<li>n\u2019installer les baies vitr\u00e9es (qu&rsquo;elles soient de type \u00e0 galandage ou portes-fen\u00eatres, ou grandes fen\u00eatres) qu\u2019au sud<\/li>\n<li>n\u2019installer les fen\u00eatres de toit qu\u2019orient\u00e9es vers le nord ou vers l\u2019est<\/li>\n<li>poser des vitrages de fa\u00e7on \u00e0 ce qu\u2019ils repr\u00e9sentent jusqu\u2019\u00e0 20% de la surface habitable<\/li>\n<\/ul>\n","protected":false},"excerpt":{"rendered":"<p>Pourquoi ? Loin de l\u2019id\u00e9e assez primitive que certaines personnes ont du confort \u00e9cologique, il se trouve qu\u2019en r\u00e9alit\u00e9 vivre une maison construite dans la tradition de l\u2019architecture bioclimatique est tr\u00e8s agr\u00e9able. Le but ultime du bioclimatique, c\u2019est de vivre comme dans n\u2019importe quel int\u00e9rieur, mais dont les mat\u00e9riaux sont en harmonie avec l\u2019environnement. Il [&hellip;]<\/p>\n","protected":false},"author":5,"featured_media":0,"comment_status":"open","ping_status":"open","sticky":false,"template":"","format":"standard","meta":{"footnotes":""},"categories":[5],"tags":[],"class_list":["post-3233","post","type-post","status-publish","format-standard","hentry","category-espace-pro"],"_wp_attached_file":null,"_wp_attachment_metadata":null,"_wp_attachment_context":null,"_wp_attachment_image_alt":null,"_hf_settings":null,"hf_message_success":null,"hf_message_invalid_email":null,"hf_message_required_field_missing":null,"hf_message_error":null,"_menu_item_type":null,"_menu_item_menu_item_parent":null,"_menu_item_object_id":null,"_menu_item_object":null,"_menu_item_target":null,"_menu_item_classes":null,"_menu_item_xfn":null,"_menu_item_url":null,"_yoast_wpseo_primary_category":"5","_thumbnail_id":null,"_oembed_26d84b2c06432105b0a19987ae029a71":null,"_oembed_43e9e2dfde1b9b4ed91c9711026b7ef9":null,"_oembed_1fe1564764edbddc3b61e81acf52be88":null,"_oembed_df60f474cd845141e7ce6596d101e4a0":null,"_oembed_825e674795e2435c0bc66eb08e5d2c8b":null,"_oembed_time_825e674795e2435c0bc66eb08e5d2c8b":null,"_oembed_e917352ff4cc21ea91383201eeaa08cf":null,"_oembed_2363c16c972791c33e283320dc564fce":null,"_oembed_cc9ad5b5073a84776f6a62e33e6c7498":null,"_oembed_time_cc9ad5b5073a84776f6a62e33e6c7498":null,"_oembed_305147fcf4b856de518466e695c209cd":null,"_oembed_8517a877084ae01a5296813ee1d16a2b":null,"_oembed_2741f1556b243e68379198f98ba7f864":null,"_oembed_c3ffa24981451396c950ece2129da0f6":null,"_oembed_6f9091ebe2f3f5fcb5698ba6f4b41477":null,"_wp_old_slug":null,"_oembed_e4fb0f68ba12b85e9e231afe151ba12a":null,"_oembed_3c60e98bd703e617e67f5bbb3b97424d":null,"_oembed_bb060374498dcf40cb6068efe4be87e1":null,"_oembed_d0403e1e71c3a29020bd546b159480f1":null,"_oembed_b030ff17fbbbf8661c59c2ab8ff289eb":null,"_oembed_5cec699ba0631c6c0e4ba4f6af5f228e":null,"_oembed_b06a67f278b90cf4e8dd17cb12fe67b0":null,"_oembed_8e190e4fea2256f17420434651556236":null,"_oembed_b5ded119f1337916a0fc64d2ad85c95f":null,"_oembed_d9364a7a81be31c01415da2c50a48932":null,"_oembed_738cafa36d51a58e5ae3e458aa8f7584":null,"_oembed_ebcab5184b6b321b28efbcbec079859b":null,"_oembed_3dd9e35c2b7b268070e74da5b89cf937":null,"_oembed_e14b167b493e311a1c4e2aab38a463e8":null,"_oembed_dc8f7d108b38f3f0c2e0785b8bc46cae":null,"_oembed_55cf1c5142884afed312c2666bf27520":null,"_oembed_2292333bf03a956b4b61afafeff6bca0":null,"_oembed_82a986a6b900856fec23169de03a0038":null,"_oembed_4048ded025352b83569104210074165a":null,"_oembed_033b42b1af757abc39e4487233cee7f5":null,"_oembed_aec1d50f2b159366be8e37e94b201be1":null,"_oembed_0adc8480b2fcadf9a1733f572ce3d3f8":null,"_yoast_wpseo_title":null,"_yoast_wpseo_focuskw":null,"_yoast_wpseo_linkdex":null,"_yoast_wpseo_metadesc":null,"_yoast_wpseo_wordproof_timestamp":null,"_tpl_archive_meta_key":null,"_form":null,"_mail":null,"_mail_2":null,"_messages":null,"_additional_settings":null,"_locale":null,"_wp_old_date":null,"_edit_last":"5","_wpb_vc_js_status":"false","_yoast_wpseo_estimated-reading-time-minutes":"","_edit_lock":"1672494877:5","_yoast_wpseo_content_score":"30","yoast_head":"<!-- This site is optimized with the Yoast SEO plugin v24.3 - https:\/\/yoast.com\/wordpress\/plugins\/seo\/ -->\n<title>[LMV] Le concept d&#039;architecture bioclimatique - La Maison naturelle | Blog<\/title>\n<meta name=\"robots\" content=\"index, follow, max-snippet:-1, max-image-preview:large, max-video-preview:-1\" \/>\n<link rel=\"canonical\" href=\"https:\/\/www.la-maison-naturelle.com\/blog\/le-concept-d-architecture-bioclimatique\/\" \/>\n<meta property=\"og:locale\" content=\"fr_FR\" \/>\n<meta property=\"og:type\" content=\"article\" \/>\n<meta property=\"og:title\" content=\"[LMV] Le concept d&#039;architecture bioclimatique - La Maison naturelle | Blog\" \/>\n<meta property=\"og:description\" content=\"Pourquoi ? Loin de l\u2019id\u00e9e assez primitive que certaines personnes ont du confort \u00e9cologique, il se trouve qu\u2019en r\u00e9alit\u00e9 vivre une maison construite dans la tradition de l\u2019architecture bioclimatique est tr\u00e8s agr\u00e9able. Le but ultime du bioclimatique, c\u2019est de vivre comme dans n\u2019importe quel int\u00e9rieur, mais dont les mat\u00e9riaux sont en harmonie avec l\u2019environnement. Il [&hellip;]\" \/>\n<meta property=\"og:url\" content=\"https:\/\/www.la-maison-naturelle.com\/blog\/le-concept-d-architecture-bioclimatique\/\" \/>\n<meta property=\"og:site_name\" content=\"La Maison naturelle | Blog\" \/>\n<meta property=\"article:published_time\" content=\"2015-12-31T13:55:21+00:00\" \/>\n<meta property=\"article:modified_time\" content=\"2023-10-27T16:15:02+00:00\" \/>\n<meta name=\"author\" content=\"Eloise\" \/>\n<meta name=\"twitter:card\" content=\"summary_large_image\" \/>\n<meta name=\"twitter:label1\" content=\"\u00c9crit par\" \/>\n\t<meta name=\"twitter:data1\" content=\"Eloise\" \/>\n\t<meta name=\"twitter:label2\" content=\"Dur\u00e9e de lecture estim\u00e9e\" \/>\n\t<meta name=\"twitter:data2\" content=\"2 minutes\" \/>\n<script type=\"application\/ld+json\" class=\"yoast-schema-graph\">{\"@context\":\"https:\/\/schema.org\",\"@graph\":[{\"@type\":\"Article\",\"@id\":\"https:\/\/www.la-maison-naturelle.com\/blog\/le-concept-d-architecture-bioclimatique\/#article\",\"isPartOf\":{\"@id\":\"https:\/\/www.la-maison-naturelle.com\/blog\/le-concept-d-architecture-bioclimatique\/\"},\"author\":{\"name\":\"Eloise\",\"@id\":\"https:\/\/www.la-maison-naturelle.com\/blog\/#\/schema\/person\/cad2a9ed80410189f0688441d546d43f\"},\"headline\":\"[LMV] Le concept d&rsquo;architecture bioclimatique\",\"datePublished\":\"2015-12-31T13:55:21+00:00\",\"dateModified\":\"2023-10-27T16:15:02+00:00\",\"mainEntityOfPage\":{\"@id\":\"https:\/\/www.la-maison-naturelle.com\/blog\/le-concept-d-architecture-bioclimatique\/\"},\"wordCount\":306,\"commentCount\":0,\"publisher\":{\"@id\":\"https:\/\/www.la-maison-naturelle.com\/blog\/#organization\"},\"articleSection\":[\"Espace pro\"],\"inLanguage\":\"fr-FR\",\"potentialAction\":[{\"@type\":\"CommentAction\",\"name\":\"Comment\",\"target\":[\"https:\/\/www.la-maison-naturelle.com\/blog\/le-concept-d-architecture-bioclimatique\/#respond\"]}]},{\"@type\":\"WebPage\",\"@id\":\"https:\/\/www.la-maison-naturelle.com\/blog\/le-concept-d-architecture-bioclimatique\/\",\"url\":\"https:\/\/www.la-maison-naturelle.com\/blog\/le-concept-d-architecture-bioclimatique\/\",\"name\":\"[LMV] Le concept d'architecture bioclimatique - La Maison naturelle | Blog\",\"isPartOf\":{\"@id\":\"https:\/\/www.la-maison-naturelle.com\/blog\/#website\"},\"datePublished\":\"2015-12-31T13:55:21+00:00\",\"dateModified\":\"2023-10-27T16:15:02+00:00\",\"breadcrumb\":{\"@id\":\"https:\/\/www.la-maison-naturelle.com\/blog\/le-concept-d-architecture-bioclimatique\/#breadcrumb\"},\"inLanguage\":\"fr-FR\",\"potentialAction\":[{\"@type\":\"ReadAction\",\"target\":[\"https:\/\/www.la-maison-naturelle.com\/blog\/le-concept-d-architecture-bioclimatique\/\"]}]},{\"@type\":\"BreadcrumbList\",\"@id\":\"https:\/\/www.la-maison-naturelle.com\/blog\/le-concept-d-architecture-bioclimatique\/#breadcrumb\",\"itemListElement\":[{\"@type\":\"ListItem\",\"position\":1,\"name\":\"Accueil\",\"item\":\"https:\/\/www.la-maison-naturelle.com\/blog\/\"},{\"@type\":\"ListItem\",\"position\":2,\"name\":\"[LMV] Le concept d&rsquo;architecture bioclimatique\"}]},{\"@type\":\"WebSite\",\"@id\":\"https:\/\/www.la-maison-naturelle.com\/blog\/#website\",\"url\":\"https:\/\/www.la-maison-naturelle.com\/blog\/\",\"name\":\"La Maison naturelle | Blog\",\"description\":\"Blog de la Maison naturelle\",\"publisher\":{\"@id\":\"https:\/\/www.la-maison-naturelle.com\/blog\/#organization\"},\"potentialAction\":[{\"@type\":\"SearchAction\",\"target\":{\"@type\":\"EntryPoint\",\"urlTemplate\":\"https:\/\/www.la-maison-naturelle.com\/blog\/?s={search_term_string}\"},\"query-input\":{\"@type\":\"PropertyValueSpecification\",\"valueRequired\":true,\"valueName\":\"search_term_string\"}}],\"inLanguage\":\"fr-FR\"},{\"@type\":\"Organization\",\"@id\":\"https:\/\/www.la-maison-naturelle.com\/blog\/#organization\",\"name\":\"La Maison naturelle | Blog\",\"url\":\"https:\/\/www.la-maison-naturelle.com\/blog\/\",\"logo\":{\"@type\":\"ImageObject\",\"inLanguage\":\"fr-FR\",\"@id\":\"https:\/\/www.la-maison-naturelle.com\/blog\/#\/schema\/logo\/image\/\",\"url\":\"https:\/\/www.la-maison-naturelle.com\/blog\/wp-content\/uploads\/2021\/07\/maison-naturelle-logo.svg\",\"contentUrl\":\"https:\/\/www.la-maison-naturelle.com\/blog\/wp-content\/uploads\/2021\/07\/maison-naturelle-logo.svg\",\"width\":156,\"height\":64,\"caption\":\"La Maison naturelle | Blog\"},\"image\":{\"@id\":\"https:\/\/www.la-maison-naturelle.com\/blog\/#\/schema\/logo\/image\/\"}},{\"@type\":\"Person\",\"@id\":\"https:\/\/www.la-maison-naturelle.com\/blog\/#\/schema\/person\/cad2a9ed80410189f0688441d546d43f\",\"name\":\"Eloise\",\"image\":{\"@type\":\"ImageObject\",\"inLanguage\":\"fr-FR\",\"@id\":\"https:\/\/www.la-maison-naturelle.com\/blog\/#\/schema\/person\/image\/\",\"url\":\"https:\/\/secure.gravatar.com\/avatar\/344186806f5e8613d4a2109f3b0228a847a7c0858a8023778c44bdcfc1111df9?s=96&d=mm&r=g\",\"contentUrl\":\"https:\/\/secure.gravatar.com\/avatar\/344186806f5e8613d4a2109f3b0228a847a7c0858a8023778c44bdcfc1111df9?s=96&d=mm&r=g\",\"caption\":\"Eloise\"},\"sameAs\":[\"https:\/\/www.la-maison-naturelle.com\/\"],\"url\":\"https:\/\/www.la-maison-naturelle.com\/blog\/author\/idries\/\"}]}<\/script>\n<!-- \/ Yoast SEO plugin. -->","yoast_head_json":{"title":"[LMV] Le concept d'architecture bioclimatique - La Maison naturelle | Blog","robots":{"index":"index","follow":"follow","max-snippet":"max-snippet:-1","max-image-preview":"max-image-preview:large","max-video-preview":"max-video-preview:-1"},"canonical":"https:\/\/www.la-maison-naturelle.com\/blog\/le-concept-d-architecture-bioclimatique\/","og_locale":"fr_FR","og_type":"article","og_title":"[LMV] Le concept d'architecture bioclimatique - La Maison naturelle | Blog","og_description":"Pourquoi ? Loin de l\u2019id\u00e9e assez primitive que certaines personnes ont du confort \u00e9cologique, il se trouve qu\u2019en r\u00e9alit\u00e9 vivre une maison construite dans la tradition de l\u2019architecture bioclimatique est tr\u00e8s agr\u00e9able. Le but ultime du bioclimatique, c\u2019est de vivre comme dans n\u2019importe quel int\u00e9rieur, mais dont les mat\u00e9riaux sont en harmonie avec l\u2019environnement. Il [&hellip;]","og_url":"https:\/\/www.la-maison-naturelle.com\/blog\/le-concept-d-architecture-bioclimatique\/","og_site_name":"La Maison naturelle | Blog","article_published_time":"2015-12-31T13:55:21+00:00","article_modified_time":"2023-10-27T16:15:02+00:00","author":"Eloise","twitter_card":"summary_large_image","twitter_misc":{"\u00c9crit par":"Eloise","Dur\u00e9e de lecture estim\u00e9e":"2 minutes"},"schema":{"@context":"https:\/\/schema.org","@graph":[{"@type":"Article","@id":"https:\/\/www.la-maison-naturelle.com\/blog\/le-concept-d-architecture-bioclimatique\/#article","isPartOf":{"@id":"https:\/\/www.la-maison-naturelle.com\/blog\/le-concept-d-architecture-bioclimatique\/"},"author":{"name":"Eloise","@id":"https:\/\/www.la-maison-naturelle.com\/blog\/#\/schema\/person\/cad2a9ed80410189f0688441d546d43f"},"headline":"[LMV] Le concept d&rsquo;architecture bioclimatique","datePublished":"2015-12-31T13:55:21+00:00","dateModified":"2023-10-27T16:15:02+00:00","mainEntityOfPage":{"@id":"https:\/\/www.la-maison-naturelle.com\/blog\/le-concept-d-architecture-bioclimatique\/"},"wordCount":306,"commentCount":0,"publisher":{"@id":"https:\/\/www.la-maison-naturelle.com\/blog\/#organization"},"articleSection":["Espace pro"],"inLanguage":"fr-FR","potentialAction":[{"@type":"CommentAction","name":"Comment","target":["https:\/\/www.la-maison-naturelle.com\/blog\/le-concept-d-architecture-bioclimatique\/#respond"]}]},{"@type":"WebPage","@id":"https:\/\/www.la-maison-naturelle.com\/blog\/le-concept-d-architecture-bioclimatique\/","url":"https:\/\/www.la-maison-naturelle.com\/blog\/le-concept-d-architecture-bioclimatique\/","name":"[LMV] Le concept d'architecture bioclimatique - La Maison naturelle | Blog","isPartOf":{"@id":"https:\/\/www.la-maison-naturelle.com\/blog\/#website"},"datePublished":"2015-12-31T13:55:21+00:00","dateModified":"2023-10-27T16:15:02+00:00","breadcrumb":{"@id":"https:\/\/www.la-maison-naturelle.com\/blog\/le-concept-d-architecture-bioclimatique\/#breadcrumb"},"inLanguage":"fr-FR","potentialAction":[{"@type":"ReadAction","target":["https:\/\/www.la-maison-naturelle.com\/blog\/le-concept-d-architecture-bioclimatique\/"]}]},{"@type":"BreadcrumbList","@id":"https:\/\/www.la-maison-naturelle.com\/blog\/le-concept-d-architecture-bioclimatique\/#breadcrumb","itemListElement":[{"@type":"ListItem","position":1,"name":"Accueil","item":"https:\/\/www.la-maison-naturelle.com\/blog\/"},{"@type":"ListItem","position":2,"name":"[LMV] Le concept d&rsquo;architecture bioclimatique"}]},{"@type":"WebSite","@id":"https:\/\/www.la-maison-naturelle.com\/blog\/#website","url":"https:\/\/www.la-maison-naturelle.com\/blog\/","name":"La Maison naturelle | Blog","description":"Blog de la Maison naturelle","publisher":{"@id":"https:\/\/www.la-maison-naturelle.com\/blog\/#organization"},"potentialAction":[{"@type":"SearchAction","target":{"@type":"EntryPoint","urlTemplate":"https:\/\/www.la-maison-naturelle.com\/blog\/?s={search_term_string}"},"query-input":{"@type":"PropertyValueSpecification","valueRequired":true,"valueName":"search_term_string"}}],"inLanguage":"fr-FR"},{"@type":"Organization","@id":"https:\/\/www.la-maison-naturelle.com\/blog\/#organization","name":"La Maison naturelle | Blog","url":"https:\/\/www.la-maison-naturelle.com\/blog\/","logo":{"@type":"ImageObject","inLanguage":"fr-FR","@id":"https:\/\/www.la-maison-naturelle.com\/blog\/#\/schema\/logo\/image\/","url":"https:\/\/www.la-maison-naturelle.com\/blog\/wp-content\/uploads\/2021\/07\/maison-naturelle-logo.svg","contentUrl":"https:\/\/www.la-maison-naturelle.com\/blog\/wp-content\/uploads\/2021\/07\/maison-naturelle-logo.svg","width":156,"height":64,"caption":"La Maison naturelle | Blog"},"image":{"@id":"https:\/\/www.la-maison-naturelle.com\/blog\/#\/schema\/logo\/image\/"}},{"@type":"Person","@id":"https:\/\/www.la-maison-naturelle.com\/blog\/#\/schema\/person\/cad2a9ed80410189f0688441d546d43f","name":"Eloise","image":{"@type":"ImageObject","inLanguage":"fr-FR","@id":"https:\/\/www.la-maison-naturelle.com\/blog\/#\/schema\/person\/image\/","url":"https:\/\/secure.gravatar.com\/avatar\/344186806f5e8613d4a2109f3b0228a847a7c0858a8023778c44bdcfc1111df9?s=96&d=mm&r=g","contentUrl":"https:\/\/secure.gravatar.com\/avatar\/344186806f5e8613d4a2109f3b0228a847a7c0858a8023778c44bdcfc1111df9?s=96&d=mm&r=g","caption":"Eloise"},"sameAs":["https:\/\/www.la-maison-naturelle.com\/"],"url":"https:\/\/www.la-maison-naturelle.com\/blog\/author\/idries\/"}]}},"_links":{"self":[{"href":"https:\/\/www.la-maison-naturelle.com\/blog\/wp-json\/wp\/v2\/posts\/3233","targetHints":{"allow":["GET"]}}],"collection":[{"href":"https:\/\/www.la-maison-naturelle.com\/blog\/wp-json\/wp\/v2\/posts"}],"about":[{"href":"https:\/\/www.la-maison-naturelle.com\/blog\/wp-json\/wp\/v2\/types\/post"}],"author":[{"embeddable":true,"href":"https:\/\/www.la-maison-naturelle.com\/blog\/wp-json\/wp\/v2\/users\/5"}],"replies":[{"embeddable":true,"href":"https:\/\/www.la-maison-naturelle.com\/blog\/wp-json\/wp\/v2\/comments?post=3233"}],"version-history":[{"count":2,"href":"https:\/\/www.la-maison-naturelle.com\/blog\/wp-json\/wp\/v2\/posts\/3233\/revisions"}],"predecessor-version":[{"id":4489,"href":"https:\/\/www.la-maison-naturelle.com\/blog\/wp-json\/wp\/v2\/posts\/3233\/revisions\/4489"}],"wp:attachment":[{"href":"https:\/\/www.la-maison-naturelle.com\/blog\/wp-json\/wp\/v2\/media?parent=3233"}],"wp:term":[{"taxonomy":"category","embeddable":true,"href":"https:\/\/www.la-maison-naturelle.com\/blog\/wp-json\/wp\/v2\/categories?post=3233"},{"taxonomy":"post_tag","embeddable":true,"href":"https:\/\/www.la-maison-naturelle.com\/blog\/wp-json\/wp\/v2\/tags?post=3233"}],"curies":[{"name":"wp","href":"https:\/\/api.w.org\/{rel}","templated":true}]}}