{"id":3215,"date":"2015-01-01T11:11:11","date_gmt":"2015-01-01T10:11:11","guid":{"rendered":"https:\/\/www.la-maison-naturelle.com\/blog\/?p=3215"},"modified":"2023-01-01T11:13:48","modified_gmt":"2023-01-01T10:13:48","slug":"programme-habiter-mieux","status":"publish","type":"post","link":"https:\/\/www.la-maison-naturelle.com\/blog\/programme-habiter-mieux\/","title":{"rendered":"Le programme Habiter Mieux, un dispositif de r\u00e9novation thermique pour les m\u00e9nages \u00e0 faibles revenus"},"content":{"rendered":"<p>Le programme Habiter Mieux, lanc\u00e9 par le gouvernement fran\u00e7ais en 2013, vise \u00e0 soutenir financi\u00e8rement les m\u00e9nages \u00e0 faibles revenus dans leurs projets de r\u00e9novation thermique de leur logement. En effet, selon les donn\u00e9es de 2015, 22 628 m\u00e9nages repr\u00e9sentant un total de pr\u00e8s de 52 400 personnes se sont engag\u00e9s dans ce type de projets. Parmi ces b\u00e9n\u00e9ficiaires, 61% disposent de ressources tr\u00e8s modestes.<\/p>\n<p>Le programme Habiter Mieux permet de b\u00e9n\u00e9ficier de primes travaux, financ\u00e9es par l&rsquo;Investissement d&rsquo;Avenir, d&rsquo;un <a href=\"https:\/\/www.la-maison-naturelle.com\/blog\/un-montant-48\/\" data-internallinksmanager029f6b8e52c=\"95\" title=\"Qu'est-ce qu'un montant 48 ?\">montant<\/a> total de 40,9 millions d&rsquo;euros. Gr\u00e2ce \u00e0 cet effet levier, ces fonds vont permettre de r\u00e9aliser des travaux d&rsquo;un montant total de 399,7 millions d&rsquo;euros. Au 31 mai 2013, 3 151 logements ont \u00e9t\u00e9 engag\u00e9s dans le programme (contre 2 361 \u00e0 la m\u00eame date en 2012).<\/p>\n<h3>Les territoires les plus impliqu\u00e9s dans le programme Habiter Mieux<\/h3>\n<p>Au niveau r\u00e9gional, les premiers territoires en nombre de dossiers engag\u00e9s dans le programme Habiter Mieux en 2013 sont la Bretagne, la Rh\u00f4ne-Alpes et la Lorraine. Au niveau d\u00e9partemental, c&rsquo;est le Nord qui arrive en t\u00eate, suivi des Vosges et du Finist\u00e8re. Enfin, ex-aequo, le Morbihan et l&rsquo;H\u00e9rault sont \u00e9galement tr\u00e8s impliqu\u00e9s dans le programme.<\/p>\n<p>En conclusion, le programme Habiter Mieux est un dispositif de r\u00e9novation thermique destin\u00e9 aux m\u00e9nages \u00e0 faibles revenus, qui leur permet de b\u00e9n\u00e9ficier de primes travaux pour r\u00e9aliser des travaux de r\u00e9novation de leur logement. Gr\u00e2ce \u00e0 ces fonds, de nombreux logements ont d\u00e9j\u00e0 pu \u00eatre r\u00e9nov\u00e9s dans plusieurs r\u00e9gions de France.<\/p>\n<h2>Les objectifs du programme Habiter Mieux<\/h2>\n<p>Le programme Habiter Mieux vise plusieurs objectifs importants en mati\u00e8re de r\u00e9novation thermique des logements. Tout d&rsquo;abord, il a pour but de r\u00e9duire la consommation d&rsquo;\u00e9nergie des m\u00e9nages et, par cons\u00e9quent, de lutter contre les \u00e9missions de gaz \u00e0 effet de serre qui en d\u00e9coulent. En effet, en am\u00e9liorant l&rsquo;isolation des logements et en rempla\u00e7ant les \u00e9quipements \u00e9nergivores par des mod\u00e8les plus \u00e9conomes en \u00e9nergie, on peut r\u00e9duire consid\u00e9rablement la consommation d&rsquo;\u00e9lectricit\u00e9, de gaz et d&rsquo;autres combustibles.<\/p>\n<p>Le programme Habiter Mieux vise \u00e9galement \u00e0 am\u00e9liorer le confort des m\u00e9nages b\u00e9n\u00e9ficiaires. En effet, en r\u00e9novant thermiquement leur logement, ces m\u00e9nages peuvent b\u00e9n\u00e9ficier d&rsquo;une meilleure isolation et d&rsquo;une r\u00e9gulation de la temp\u00e9rature int\u00e9rieure, ce qui contribue \u00e0 un confort accru tout au long de l&rsquo;ann\u00e9e.<\/p>\n<p>Enfin, le programme Habiter Mieux a pour objectif de lutter contre la pr\u00e9carit\u00e9 \u00e9nerg\u00e9tique, c&rsquo;est-\u00e0-dire contre la difficult\u00e9 pour certains m\u00e9nages de se chauffer de mani\u00e8re ad\u00e9quate en raison de leurs faibles revenus. En aidant ces m\u00e9nages \u00e0 r\u00e9aliser des travaux de r\u00e9novation thermique, le programme vise \u00e0 leur permettre de r\u00e9aliser des \u00e9conomies sur leur facture \u00e9nerg\u00e9tique \u00e0 long terme.<\/p>\n<h3>Comment b\u00e9n\u00e9ficier du programme Habiter Mieux ?<\/h3>\n<p>Pour b\u00e9n\u00e9ficier du programme Habiter Mieux, il est n\u00e9cessaire de remplir certaines conditions. Tout d&rsquo;abord, il faut \u00eatre propri\u00e9taire ou locataire d&rsquo;un logement achev\u00e9 depuis plus de 15 ans et situ\u00e9 en France m\u00e9tropolitaine. Ensuite, il faut r\u00e9aliser des travaux de r\u00e9novation thermique dans le logement, tels que l&rsquo;isolation des murs, du toit ou des combles, le remplacement de fen\u00eatres ou encore l&rsquo;installation de panneaux solaires.<\/p>\n<p>Pour b\u00e9n\u00e9ficier des primes travaux propos\u00e9es par le programme Habiter Mieux, il est \u00e9galement n\u00e9cessaire de remplir certaines conditions de ressources. Les montants de ces primes varient en fonction de la situation financi\u00e8re du m\u00e9nage et de la nature des travaux r\u00e9alis\u00e9s. Il est donc conseill\u00e9 de se renseigner aupr\u00e8s de sa caisse d&rsquo;allocations familiales ou de sa mairie pour conna\u00eetre les modalit\u00e9s d&rsquo;attribution et le montant.<\/p>\n<h2>Les avantages du programme Habiter Mieux<\/h2>\n<p>Le programme Habiter Mieux pr\u00e9sente de nombreux avantages pour les m\u00e9nages b\u00e9n\u00e9ficiaires. Tout d&rsquo;abord, il leur permet de r\u00e9aliser des \u00e9conomies sur leur facture \u00e9nerg\u00e9tique \u00e0 long terme. En effet, en am\u00e9liorant l&rsquo;isolation de leur logement et en rempla\u00e7ant leurs \u00e9quipements \u00e9nergivores par des mod\u00e8les plus \u00e9conomes en \u00e9nergie, ils peuvent r\u00e9duire significativement leur consommation d&rsquo;\u00e9lectricit\u00e9, de gaz et d&rsquo;autres combustibles.<\/p>\n<p>Le programme Habiter Mieux leur permet \u00e9galement de b\u00e9n\u00e9ficier d&rsquo;une aide financi\u00e8re pour r\u00e9aliser ces travaux. Les primes travaux propos\u00e9es par le programme peuvent repr\u00e9senter une part importante du budget total des travaux, ce qui peut repr\u00e9senter une v\u00e9ritable aubaine pour les m\u00e9nages \u00e0 faibles revenus.<\/p>\n<p>Enfin, le programme Habiter Mieux permet \u00e9galement de lutter contre la pr\u00e9carit\u00e9 \u00e9nerg\u00e9tique en aidant les m\u00e9nages \u00e0 faibles revenus \u00e0 se chauffer de mani\u00e8re ad\u00e9quate. Cela contribue \u00e0 am\u00e9liorer leur qualit\u00e9 de vie et \u00e0 lutter contre les in\u00e9galit\u00e9s.<\/p>\n<h3>Les crit\u00e8res de performance du programme Habiter Mieux<\/h3>\n<p>Le programme Habiter Mieux s&rsquo;appuie sur des crit\u00e8res de performance pr\u00e9cis pour \u00e9valuer l&rsquo;efficacit\u00e9 des travaux r\u00e9alis\u00e9s. Ces crit\u00e8res permettent de s&rsquo;assurer que les travaux r\u00e9alis\u00e9s ont un r\u00e9el impact sur la r\u00e9duction de la consommation d&rsquo;\u00e9nergie et sur l&rsquo;am\u00e9lioration du confort des m\u00e9nages b\u00e9n\u00e9ficiaires.<\/p>\n<p>Parmi ces crit\u00e8res de performance, on peut citer notamment :<\/p>\n<ul>\n<li>La r\u00e9duction de la consommation d&rsquo;\u00e9nergie du logement apr\u00e8s r\u00e9novation, mesur\u00e9e en kWh par m\u00e8tre carr\u00e9 et par an<\/li>\n<li>L&rsquo;am\u00e9lioration de l&rsquo;indice de performance \u00e9nerg\u00e9tique (IPE) du logement<\/li>\n<li>Le taux de satisfaction des m\u00e9nages b\u00e9n\u00e9ficiaires quant au confort et \u00e0 la qualit\u00e9 de vie dans leur logement apr\u00e8s r\u00e9novation<\/li>\n<\/ul>\n<p>En se basant sur ces crit\u00e8res de performance, le programme Habiter Mieux peut \u00e9valuer l&rsquo;efficacit\u00e9 des travaux r\u00e9alis\u00e9s et ainsi adapter les modalit\u00e9s de son dispositif en cons\u00e9quence pour en optimiser les r\u00e9sultats.<\/p>\n","protected":false},"excerpt":{"rendered":"<p>Le programme Habiter Mieux, lanc\u00e9 par le gouvernement fran\u00e7ais en 2013, vise \u00e0 soutenir financi\u00e8rement les m\u00e9nages \u00e0 faibles revenus dans leurs projets de r\u00e9novation thermique de leur logement. En effet, selon les donn\u00e9es de 2015, 22 628 m\u00e9nages repr\u00e9sentant un total de pr\u00e8s de 52 400 personnes se sont engag\u00e9s dans ce type de [&hellip;]<\/p>\n","protected":false},"author":5,"featured_media":0,"comment_status":"open","ping_status":"open","sticky":false,"template":"","format":"standard","meta":{"footnotes":""},"categories":[5],"tags":[],"class_list":["post-3215","post","type-post","status-publish","format-standard","hentry","category-espace-pro"],"_wp_attached_file":null,"_wp_attachment_metadata":null,"_wp_attachment_context":null,"_wp_attachment_image_alt":null,"_hf_settings":null,"hf_message_success":null,"hf_message_invalid_email":null,"hf_message_required_field_missing":null,"hf_message_error":null,"_menu_item_type":null,"_menu_item_menu_item_parent":null,"_menu_item_object_id":null,"_menu_item_object":null,"_menu_item_target":null,"_menu_item_classes":null,"_menu_item_xfn":null,"_menu_item_url":null,"_yoast_wpseo_primary_category":"5","_thumbnail_id":null,"_oembed_26d84b2c06432105b0a19987ae029a71":null,"_oembed_43e9e2dfde1b9b4ed91c9711026b7ef9":null,"_oembed_1fe1564764edbddc3b61e81acf52be88":null,"_oembed_df60f474cd845141e7ce6596d101e4a0":null,"_oembed_825e674795e2435c0bc66eb08e5d2c8b":null,"_oembed_time_825e674795e2435c0bc66eb08e5d2c8b":null,"_oembed_e917352ff4cc21ea91383201eeaa08cf":null,"_oembed_2363c16c972791c33e283320dc564fce":null,"_oembed_cc9ad5b5073a84776f6a62e33e6c7498":null,"_oembed_time_cc9ad5b5073a84776f6a62e33e6c7498":null,"_oembed_305147fcf4b856de518466e695c209cd":null,"_oembed_8517a877084ae01a5296813ee1d16a2b":null,"_oembed_2741f1556b243e68379198f98ba7f864":null,"_oembed_c3ffa24981451396c950ece2129da0f6":null,"_oembed_6f9091ebe2f3f5fcb5698ba6f4b41477":null,"_wp_old_slug":null,"_oembed_e4fb0f68ba12b85e9e231afe151ba12a":null,"_oembed_3c60e98bd703e617e67f5bbb3b97424d":null,"_oembed_bb060374498dcf40cb6068efe4be87e1":null,"_oembed_d0403e1e71c3a29020bd546b159480f1":null,"_oembed_b030ff17fbbbf8661c59c2ab8ff289eb":null,"_oembed_5cec699ba0631c6c0e4ba4f6af5f228e":null,"_oembed_b06a67f278b90cf4e8dd17cb12fe67b0":null,"_oembed_8e190e4fea2256f17420434651556236":null,"_oembed_b5ded119f1337916a0fc64d2ad85c95f":null,"_oembed_d9364a7a81be31c01415da2c50a48932":null,"_oembed_738cafa36d51a58e5ae3e458aa8f7584":null,"_oembed_ebcab5184b6b321b28efbcbec079859b":null,"_oembed_3dd9e35c2b7b268070e74da5b89cf937":null,"_oembed_e14b167b493e311a1c4e2aab38a463e8":null,"_oembed_dc8f7d108b38f3f0c2e0785b8bc46cae":null,"_oembed_55cf1c5142884afed312c2666bf27520":null,"_oembed_2292333bf03a956b4b61afafeff6bca0":null,"_oembed_82a986a6b900856fec23169de03a0038":null,"_oembed_4048ded025352b83569104210074165a":null,"_oembed_033b42b1af757abc39e4487233cee7f5":null,"_oembed_aec1d50f2b159366be8e37e94b201be1":null,"_oembed_0adc8480b2fcadf9a1733f572ce3d3f8":null,"_yoast_wpseo_title":null,"_yoast_wpseo_focuskw":null,"_yoast_wpseo_linkdex":null,"_yoast_wpseo_metadesc":null,"_yoast_wpseo_wordproof_timestamp":null,"_tpl_archive_meta_key":null,"_form":null,"_mail":null,"_mail_2":null,"_messages":null,"_additional_settings":null,"_locale":null,"_wp_old_date":"2023-01-01","_edit_last":"5","_wpb_vc_js_status":"false","_yoast_wpseo_estimated-reading-time-minutes":"4","_edit_lock":"1672567912:5","_yoast_wpseo_content_score":"30","yoast_head":"<!-- This site is optimized with the Yoast SEO plugin v24.3 - https:\/\/yoast.com\/wordpress\/plugins\/seo\/ -->\n<title>Le programme Habiter Mieux, un dispositif de r\u00e9novation thermique pour les m\u00e9nages \u00e0 faibles revenus - La Maison naturelle | Blog<\/title>\n<meta name=\"robots\" content=\"index, follow, max-snippet:-1, max-image-preview:large, max-video-preview:-1\" \/>\n<link rel=\"canonical\" href=\"https:\/\/www.la-maison-naturelle.com\/blog\/programme-habiter-mieux\/\" \/>\n<meta property=\"og:locale\" content=\"fr_FR\" \/>\n<meta property=\"og:type\" content=\"article\" \/>\n<meta property=\"og:title\" content=\"Le programme Habiter Mieux, un dispositif de r\u00e9novation thermique pour les m\u00e9nages \u00e0 faibles revenus - La Maison naturelle | Blog\" \/>\n<meta property=\"og:description\" content=\"Le programme Habiter Mieux, lanc\u00e9 par le gouvernement fran\u00e7ais en 2013, vise \u00e0 soutenir financi\u00e8rement les m\u00e9nages \u00e0 faibles revenus dans leurs projets de r\u00e9novation thermique de leur logement. En effet, selon les donn\u00e9es de 2015, 22 628 m\u00e9nages repr\u00e9sentant un total de pr\u00e8s de 52 400 personnes se sont engag\u00e9s dans ce type de [&hellip;]\" \/>\n<meta property=\"og:url\" content=\"https:\/\/www.la-maison-naturelle.com\/blog\/programme-habiter-mieux\/\" \/>\n<meta property=\"og:site_name\" content=\"La Maison naturelle | Blog\" \/>\n<meta property=\"article:published_time\" content=\"2015-01-01T10:11:11+00:00\" \/>\n<meta property=\"article:modified_time\" content=\"2023-01-01T10:13:48+00:00\" \/>\n<meta name=\"author\" content=\"Eloise\" \/>\n<meta name=\"twitter:card\" content=\"summary_large_image\" \/>\n<meta name=\"twitter:label1\" content=\"\u00c9crit par\" \/>\n\t<meta name=\"twitter:data1\" content=\"Eloise\" \/>\n\t<meta name=\"twitter:label2\" content=\"Dur\u00e9e de lecture estim\u00e9e\" \/>\n\t<meta name=\"twitter:data2\" content=\"4 minutes\" \/>\n<script type=\"application\/ld+json\" class=\"yoast-schema-graph\">{\"@context\":\"https:\/\/schema.org\",\"@graph\":[{\"@type\":\"Article\",\"@id\":\"https:\/\/www.la-maison-naturelle.com\/blog\/programme-habiter-mieux\/#article\",\"isPartOf\":{\"@id\":\"https:\/\/www.la-maison-naturelle.com\/blog\/programme-habiter-mieux\/\"},\"author\":{\"name\":\"Eloise\",\"@id\":\"https:\/\/www.la-maison-naturelle.com\/blog\/#\/schema\/person\/cad2a9ed80410189f0688441d546d43f\"},\"headline\":\"Le programme Habiter Mieux, un dispositif de r\u00e9novation thermique pour les m\u00e9nages \u00e0 faibles revenus\",\"datePublished\":\"2015-01-01T10:11:11+00:00\",\"dateModified\":\"2023-01-01T10:13:48+00:00\",\"mainEntityOfPage\":{\"@id\":\"https:\/\/www.la-maison-naturelle.com\/blog\/programme-habiter-mieux\/\"},\"wordCount\":1010,\"commentCount\":0,\"publisher\":{\"@id\":\"https:\/\/www.la-maison-naturelle.com\/blog\/#organization\"},\"articleSection\":[\"Espace pro\"],\"inLanguage\":\"fr-FR\",\"potentialAction\":[{\"@type\":\"CommentAction\",\"name\":\"Comment\",\"target\":[\"https:\/\/www.la-maison-naturelle.com\/blog\/programme-habiter-mieux\/#respond\"]}]},{\"@type\":\"WebPage\",\"@id\":\"https:\/\/www.la-maison-naturelle.com\/blog\/programme-habiter-mieux\/\",\"url\":\"https:\/\/www.la-maison-naturelle.com\/blog\/programme-habiter-mieux\/\",\"name\":\"Le programme Habiter Mieux, un dispositif de r\u00e9novation thermique pour les m\u00e9nages \u00e0 faibles revenus - La Maison naturelle | Blog\",\"isPartOf\":{\"@id\":\"https:\/\/www.la-maison-naturelle.com\/blog\/#website\"},\"datePublished\":\"2015-01-01T10:11:11+00:00\",\"dateModified\":\"2023-01-01T10:13:48+00:00\",\"breadcrumb\":{\"@id\":\"https:\/\/www.la-maison-naturelle.com\/blog\/programme-habiter-mieux\/#breadcrumb\"},\"inLanguage\":\"fr-FR\",\"potentialAction\":[{\"@type\":\"ReadAction\",\"target\":[\"https:\/\/www.la-maison-naturelle.com\/blog\/programme-habiter-mieux\/\"]}]},{\"@type\":\"BreadcrumbList\",\"@id\":\"https:\/\/www.la-maison-naturelle.com\/blog\/programme-habiter-mieux\/#breadcrumb\",\"itemListElement\":[{\"@type\":\"ListItem\",\"position\":1,\"name\":\"Accueil\",\"item\":\"https:\/\/www.la-maison-naturelle.com\/blog\/\"},{\"@type\":\"ListItem\",\"position\":2,\"name\":\"Le programme Habiter Mieux, un dispositif de r\u00e9novation thermique pour les m\u00e9nages \u00e0 faibles revenus\"}]},{\"@type\":\"WebSite\",\"@id\":\"https:\/\/www.la-maison-naturelle.com\/blog\/#website\",\"url\":\"https:\/\/www.la-maison-naturelle.com\/blog\/\",\"name\":\"La Maison naturelle | Blog\",\"description\":\"Blog de la Maison naturelle\",\"publisher\":{\"@id\":\"https:\/\/www.la-maison-naturelle.com\/blog\/#organization\"},\"potentialAction\":[{\"@type\":\"SearchAction\",\"target\":{\"@type\":\"EntryPoint\",\"urlTemplate\":\"https:\/\/www.la-maison-naturelle.com\/blog\/?s={search_term_string}\"},\"query-input\":{\"@type\":\"PropertyValueSpecification\",\"valueRequired\":true,\"valueName\":\"search_term_string\"}}],\"inLanguage\":\"fr-FR\"},{\"@type\":\"Organization\",\"@id\":\"https:\/\/www.la-maison-naturelle.com\/blog\/#organization\",\"name\":\"La Maison naturelle | Blog\",\"url\":\"https:\/\/www.la-maison-naturelle.com\/blog\/\",\"logo\":{\"@type\":\"ImageObject\",\"inLanguage\":\"fr-FR\",\"@id\":\"https:\/\/www.la-maison-naturelle.com\/blog\/#\/schema\/logo\/image\/\",\"url\":\"https:\/\/www.la-maison-naturelle.com\/blog\/wp-content\/uploads\/2021\/07\/maison-naturelle-logo.svg\",\"contentUrl\":\"https:\/\/www.la-maison-naturelle.com\/blog\/wp-content\/uploads\/2021\/07\/maison-naturelle-logo.svg\",\"width\":156,\"height\":64,\"caption\":\"La Maison naturelle | Blog\"},\"image\":{\"@id\":\"https:\/\/www.la-maison-naturelle.com\/blog\/#\/schema\/logo\/image\/\"}},{\"@type\":\"Person\",\"@id\":\"https:\/\/www.la-maison-naturelle.com\/blog\/#\/schema\/person\/cad2a9ed80410189f0688441d546d43f\",\"name\":\"Eloise\",\"image\":{\"@type\":\"ImageObject\",\"inLanguage\":\"fr-FR\",\"@id\":\"https:\/\/www.la-maison-naturelle.com\/blog\/#\/schema\/person\/image\/\",\"url\":\"https:\/\/secure.gravatar.com\/avatar\/344186806f5e8613d4a2109f3b0228a847a7c0858a8023778c44bdcfc1111df9?s=96&d=mm&r=g\",\"contentUrl\":\"https:\/\/secure.gravatar.com\/avatar\/344186806f5e8613d4a2109f3b0228a847a7c0858a8023778c44bdcfc1111df9?s=96&d=mm&r=g\",\"caption\":\"Eloise\"},\"sameAs\":[\"https:\/\/www.la-maison-naturelle.com\/\"],\"url\":\"https:\/\/www.la-maison-naturelle.com\/blog\/author\/idries\/\"}]}<\/script>\n<!-- \/ Yoast SEO plugin. -->","yoast_head_json":{"title":"Le programme Habiter Mieux, un dispositif de r\u00e9novation thermique pour les m\u00e9nages \u00e0 faibles revenus - La Maison naturelle | Blog","robots":{"index":"index","follow":"follow","max-snippet":"max-snippet:-1","max-image-preview":"max-image-preview:large","max-video-preview":"max-video-preview:-1"},"canonical":"https:\/\/www.la-maison-naturelle.com\/blog\/programme-habiter-mieux\/","og_locale":"fr_FR","og_type":"article","og_title":"Le programme Habiter Mieux, un dispositif de r\u00e9novation thermique pour les m\u00e9nages \u00e0 faibles revenus - La Maison naturelle | Blog","og_description":"Le programme Habiter Mieux, lanc\u00e9 par le gouvernement fran\u00e7ais en 2013, vise \u00e0 soutenir financi\u00e8rement les m\u00e9nages \u00e0 faibles revenus dans leurs projets de r\u00e9novation thermique de leur logement. En effet, selon les donn\u00e9es de 2015, 22 628 m\u00e9nages repr\u00e9sentant un total de pr\u00e8s de 52 400 personnes se sont engag\u00e9s dans ce type de [&hellip;]","og_url":"https:\/\/www.la-maison-naturelle.com\/blog\/programme-habiter-mieux\/","og_site_name":"La Maison naturelle | Blog","article_published_time":"2015-01-01T10:11:11+00:00","article_modified_time":"2023-01-01T10:13:48+00:00","author":"Eloise","twitter_card":"summary_large_image","twitter_misc":{"\u00c9crit par":"Eloise","Dur\u00e9e de lecture estim\u00e9e":"4 minutes"},"schema":{"@context":"https:\/\/schema.org","@graph":[{"@type":"Article","@id":"https:\/\/www.la-maison-naturelle.com\/blog\/programme-habiter-mieux\/#article","isPartOf":{"@id":"https:\/\/www.la-maison-naturelle.com\/blog\/programme-habiter-mieux\/"},"author":{"name":"Eloise","@id":"https:\/\/www.la-maison-naturelle.com\/blog\/#\/schema\/person\/cad2a9ed80410189f0688441d546d43f"},"headline":"Le programme Habiter Mieux, un dispositif de r\u00e9novation thermique pour les m\u00e9nages \u00e0 faibles revenus","datePublished":"2015-01-01T10:11:11+00:00","dateModified":"2023-01-01T10:13:48+00:00","mainEntityOfPage":{"@id":"https:\/\/www.la-maison-naturelle.com\/blog\/programme-habiter-mieux\/"},"wordCount":1010,"commentCount":0,"publisher":{"@id":"https:\/\/www.la-maison-naturelle.com\/blog\/#organization"},"articleSection":["Espace pro"],"inLanguage":"fr-FR","potentialAction":[{"@type":"CommentAction","name":"Comment","target":["https:\/\/www.la-maison-naturelle.com\/blog\/programme-habiter-mieux\/#respond"]}]},{"@type":"WebPage","@id":"https:\/\/www.la-maison-naturelle.com\/blog\/programme-habiter-mieux\/","url":"https:\/\/www.la-maison-naturelle.com\/blog\/programme-habiter-mieux\/","name":"Le programme Habiter Mieux, un dispositif de r\u00e9novation thermique pour les m\u00e9nages \u00e0 faibles revenus - La Maison naturelle | Blog","isPartOf":{"@id":"https:\/\/www.la-maison-naturelle.com\/blog\/#website"},"datePublished":"2015-01-01T10:11:11+00:00","dateModified":"2023-01-01T10:13:48+00:00","breadcrumb":{"@id":"https:\/\/www.la-maison-naturelle.com\/blog\/programme-habiter-mieux\/#breadcrumb"},"inLanguage":"fr-FR","potentialAction":[{"@type":"ReadAction","target":["https:\/\/www.la-maison-naturelle.com\/blog\/programme-habiter-mieux\/"]}]},{"@type":"BreadcrumbList","@id":"https:\/\/www.la-maison-naturelle.com\/blog\/programme-habiter-mieux\/#breadcrumb","itemListElement":[{"@type":"ListItem","position":1,"name":"Accueil","item":"https:\/\/www.la-maison-naturelle.com\/blog\/"},{"@type":"ListItem","position":2,"name":"Le programme Habiter Mieux, un dispositif de r\u00e9novation thermique pour les m\u00e9nages \u00e0 faibles revenus"}]},{"@type":"WebSite","@id":"https:\/\/www.la-maison-naturelle.com\/blog\/#website","url":"https:\/\/www.la-maison-naturelle.com\/blog\/","name":"La Maison naturelle | Blog","description":"Blog de la Maison naturelle","publisher":{"@id":"https:\/\/www.la-maison-naturelle.com\/blog\/#organization"},"potentialAction":[{"@type":"SearchAction","target":{"@type":"EntryPoint","urlTemplate":"https:\/\/www.la-maison-naturelle.com\/blog\/?s={search_term_string}"},"query-input":{"@type":"PropertyValueSpecification","valueRequired":true,"valueName":"search_term_string"}}],"inLanguage":"fr-FR"},{"@type":"Organization","@id":"https:\/\/www.la-maison-naturelle.com\/blog\/#organization","name":"La Maison naturelle | Blog","url":"https:\/\/www.la-maison-naturelle.com\/blog\/","logo":{"@type":"ImageObject","inLanguage":"fr-FR","@id":"https:\/\/www.la-maison-naturelle.com\/blog\/#\/schema\/logo\/image\/","url":"https:\/\/www.la-maison-naturelle.com\/blog\/wp-content\/uploads\/2021\/07\/maison-naturelle-logo.svg","contentUrl":"https:\/\/www.la-maison-naturelle.com\/blog\/wp-content\/uploads\/2021\/07\/maison-naturelle-logo.svg","width":156,"height":64,"caption":"La Maison naturelle | Blog"},"image":{"@id":"https:\/\/www.la-maison-naturelle.com\/blog\/#\/schema\/logo\/image\/"}},{"@type":"Person","@id":"https:\/\/www.la-maison-naturelle.com\/blog\/#\/schema\/person\/cad2a9ed80410189f0688441d546d43f","name":"Eloise","image":{"@type":"ImageObject","inLanguage":"fr-FR","@id":"https:\/\/www.la-maison-naturelle.com\/blog\/#\/schema\/person\/image\/","url":"https:\/\/secure.gravatar.com\/avatar\/344186806f5e8613d4a2109f3b0228a847a7c0858a8023778c44bdcfc1111df9?s=96&d=mm&r=g","contentUrl":"https:\/\/secure.gravatar.com\/avatar\/344186806f5e8613d4a2109f3b0228a847a7c0858a8023778c44bdcfc1111df9?s=96&d=mm&r=g","caption":"Eloise"},"sameAs":["https:\/\/www.la-maison-naturelle.com\/"],"url":"https:\/\/www.la-maison-naturelle.com\/blog\/author\/idries\/"}]}},"_links":{"self":[{"href":"https:\/\/www.la-maison-naturelle.com\/blog\/wp-json\/wp\/v2\/posts\/3215","targetHints":{"allow":["GET"]}}],"collection":[{"href":"https:\/\/www.la-maison-naturelle.com\/blog\/wp-json\/wp\/v2\/posts"}],"about":[{"href":"https:\/\/www.la-maison-naturelle.com\/blog\/wp-json\/wp\/v2\/types\/post"}],"author":[{"embeddable":true,"href":"https:\/\/www.la-maison-naturelle.com\/blog\/wp-json\/wp\/v2\/users\/5"}],"replies":[{"embeddable":true,"href":"https:\/\/www.la-maison-naturelle.com\/blog\/wp-json\/wp\/v2\/comments?post=3215"}],"version-history":[{"count":2,"href":"https:\/\/www.la-maison-naturelle.com\/blog\/wp-json\/wp\/v2\/posts\/3215\/revisions"}],"predecessor-version":[{"id":4528,"href":"https:\/\/www.la-maison-naturelle.com\/blog\/wp-json\/wp\/v2\/posts\/3215\/revisions\/4528"}],"wp:attachment":[{"href":"https:\/\/www.la-maison-naturelle.com\/blog\/wp-json\/wp\/v2\/media?parent=3215"}],"wp:term":[{"taxonomy":"category","embeddable":true,"href":"https:\/\/www.la-maison-naturelle.com\/blog\/wp-json\/wp\/v2\/categories?post=3215"},{"taxonomy":"post_tag","embeddable":true,"href":"https:\/\/www.la-maison-naturelle.com\/blog\/wp-json\/wp\/v2\/tags?post=3215"}],"curies":[{"name":"wp","href":"https:\/\/api.w.org\/{rel}","templated":true}]}}