{"id":3076,"date":"2016-12-31T14:41:18","date_gmt":"2016-12-31T13:41:18","guid":{"rendered":"https:\/\/www.la-maison-naturelle.com\/blog\/?p=3076"},"modified":"2022-12-31T14:43:56","modified_gmt":"2022-12-31T13:43:56","slug":"lmv-isolant-thermo-acoustiques-diasen","status":"publish","type":"post","link":"https:\/\/www.la-maison-naturelle.com\/blog\/lmv-isolant-thermo-acoustiques-diasen\/","title":{"rendered":"[LMV] Isolant Thermo-Acoustiques DIASEN"},"content":{"rendered":"<p>COMPOSE NATUREL PRET A L&rsquo;EMPLOI POUR LA REALISATION DE REVETEMENTS THERMIQUES POUR EXTERIEURS ET DESHUMIDIFICATIONS POUR INTERIEURS ET EXTERIEURS<\/p>\n<p><iframe loading=\"lazy\" title=\"YouTube video player\" src=\"https:\/\/www.youtube.com\/embed\/cFg5v8Zoy5U\" width=\"560\" height=\"315\" frameborder=\"0\" allowfullscreen=\"allowfullscreen\"><\/iframe><\/p>\n<h2>Qu&rsquo;est-ce qu&rsquo;un isolant thermo-acoustique Diasen Compose Naturel pr\u00eat \u00e0 l&#8217;emploi ?<\/h2>\n<p>Un isolant thermo-acoustique Diasen Compose Naturel pr\u00eat \u00e0 l&#8217;emploi est un produit innovant con\u00e7u pour la r\u00e9alisation de rev\u00eatements thermiques pour ext\u00e9rieurs et de d\u00e9shumidifications pour int\u00e9rieurs et ext\u00e9rieurs. Il est compos\u00e9 de mat\u00e9riaux naturels qui offrent une excellente performance thermique et acoustique, tout en \u00e9tant respectueux de l&rsquo;environnement. Ce produit est pr\u00eat \u00e0 l&#8217;emploi, ce qui en fait une solution id\u00e9ale pour les professionnels et les particuliers souhaitant r\u00e9aliser rapidement et facilement des travaux d&rsquo;isolation et de d\u00e9shumidification.<\/p>\n<h3>Les avantages de l&rsquo;isolant thermo-acoustique Diasen Compose Naturel pr\u00eat \u00e0 l&#8217;emploi<\/h3>\n<p>L&rsquo;isolant thermo-acoustique Diasen Compose Naturel pr\u00eat \u00e0 l&#8217;emploi pr\u00e9sente de nombreux avantages, notamment :<\/p>\n<ul>\n<li>Une excellente performance thermique : ce produit permet de r\u00e9aliser des \u00e9conomies d&rsquo;\u00e9nergie consid\u00e9rables en limitant les d\u00e9perditions de chaleur en hiver et en maintenant une temp\u00e9rature agr\u00e9able en \u00e9t\u00e9.<\/li>\n<li>Une excellente performance acoustique : ce produit est particuli\u00e8rement efficace pour am\u00e9liorer l&rsquo;isolation acoustique des murs, plafonds et sols, ce qui permet de r\u00e9duire les bruits ext\u00e9rieurs et de cr\u00e9er un environnement plus calme et confortable.<\/li>\n<li>Une composition naturelle : ce produit est fabriqu\u00e9 \u00e0 partir de mat\u00e9riaux naturels, ce qui en fait une solution respectueuse de l&rsquo;environnement et sans danger pour la sant\u00e9.<\/li>\n<li>Une facilit\u00e9 d&rsquo;application : ce produit est pr\u00eat \u00e0 l&#8217;emploi, ce qui en fait une solution id\u00e9ale pour les professionnels et les particuliers souhaitant r\u00e9aliser rapidement et facilement des travaux d&rsquo;isolation et de d\u00e9shumidification.<\/li>\n<\/ul>\n<h3>Comment utiliser l&rsquo;isolant thermo-acoustique Diasen Compose Naturel pr\u00eat \u00e0 l&#8217;emploi ?<\/h3>\n<p>L&rsquo;isolant thermo-acoustique Diasen Compose Naturel pr\u00eat \u00e0 l&#8217;emploi peut \u00eatre utilis\u00e9 pour la r\u00e9alisation de rev\u00eatements thermiques pour ext\u00e9rieurs et de d\u00e9shumidifications pour int\u00e9rieurs et ext\u00e9rieurs. Pour utiliser ce produit, il suffit de suivre les \u00e9tapes suivantes :<\/p>\n<ol>\n<li>Pr\u00e9parer le support : il est important de veiller \u00e0 ce que le support sur lelequel vous allez appliquer l&rsquo;isolant thermo-acoustique Diasen Compose Naturel pr\u00eat \u00e0 l&#8217;emploi soit propre, sec et en bon \u00e9tat. Si le support est irr\u00e9gulier ou pr\u00e9sente des fissures, il est conseill\u00e9 de les reboucher avant de commencer.<\/li>\n<li>M\u00e9langer le produit : avant de commencer \u00e0 appliquer l&rsquo;isolant, il est important de bien m\u00e9langer le produit afin de lui donner une consistance homog\u00e8ne. Pour cela, utilisez un m\u00e9langeur \u00e9lectrique ou une spatule en bois.<\/li>\n<li>Appliquer l&rsquo;isolant : une fois le produit bien m\u00e9lang\u00e9, vous pouvez commencer \u00e0 l&rsquo;appliquer sur le support en utilisant une spatule ou un rouleau. Appliquer une couche uniforme et veiller \u00e0 bien lisser la surface pour \u00e9viter les bulles d&rsquo;air.<\/li>\n<li>Laisser s\u00e9cher : une fois l&rsquo;isolant appliqu\u00e9, il est important de laisser le produit s\u00e9cher compl\u00e8tement avant de peindre ou de poser un rev\u00eatement de finition. Suivez les instructions du fabricant pour conna\u00eetre le temps de s\u00e9chage recommand\u00e9.<\/li>\n<\/ol>\n<p>En suivant ces \u00e9tapes, vous devriez \u00eatre en mesure de r\u00e9aliser facilement des travaux d&rsquo;isolation et de d\u00e9shumidification avec l&rsquo;isolant thermo-acoustique Diasen Compose Naturel pr\u00eat \u00e0 l&#8217;emploi. N&rsquo;h\u00e9sitez pas \u00e0 demander conseil \u00e0 un professionnel ou \u00e0 suivre les instructions du fabricant si vous avez des doutes ou des questions.<\/p>\n<h2><strong>Conclusion<\/strong><\/h2>\n<p>L&rsquo;isolant thermo-acoustique Diasen Compose Naturel pr\u00eat \u00e0 l&#8217;emploi est un produit innovant qui permet de r\u00e9aliser des \u00e9conomies d&rsquo;\u00e9nergie tout en am\u00e9liorant le confort acoustique des habitations. Facile \u00e0 utiliser et respectueux de l&rsquo;environnement, il est une solution id\u00e9ale pour les professionnels et les particuliers souhaitant r\u00e9aliser des travaux d&rsquo;isolation et de d\u00e9shumidification de qualit\u00e9. Si vous \u00eates \u00e0 la recherche d&rsquo;un produit performant et \u00e9cologique pour vos travaux, n&rsquo;h\u00e9sitez pas \u00e0 vous tourner vers l&rsquo;isolant thermo-acoustique Diasen Compose Naturel pr\u00eat \u00e0 l&#8217;emploi.<\/p>\n","protected":false},"excerpt":{"rendered":"<p>COMPOSE NATUREL PRET A L&rsquo;EMPLOI POUR LA REALISATION DE REVETEMENTS THERMIQUES POUR EXTERIEURS ET DESHUMIDIFICATIONS POUR INTERIEURS ET EXTERIEURS Qu&rsquo;est-ce qu&rsquo;un isolant thermo-acoustique Diasen Compose Naturel pr\u00eat \u00e0 l&#8217;emploi ? Un isolant thermo-acoustique Diasen Compose Naturel pr\u00eat \u00e0 l&#8217;emploi est un produit innovant con\u00e7u pour la r\u00e9alisation de rev\u00eatements thermiques pour ext\u00e9rieurs et de d\u00e9shumidifications [&hellip;]<\/p>\n","protected":false},"author":5,"featured_media":4483,"comment_status":"open","ping_status":"open","sticky":false,"template":"","format":"standard","meta":{"footnotes":""},"categories":[5],"tags":[],"class_list":["post-3076","post","type-post","status-publish","format-standard","has-post-thumbnail","hentry","category-espace-pro"],"_wp_attached_file":null,"_wp_attachment_metadata":null,"_wp_attachment_context":null,"_wp_attachment_image_alt":null,"_hf_settings":null,"hf_message_success":null,"hf_message_invalid_email":null,"hf_message_required_field_missing":null,"hf_message_error":null,"_menu_item_type":null,"_menu_item_menu_item_parent":null,"_menu_item_object_id":null,"_menu_item_object":null,"_menu_item_target":null,"_menu_item_classes":null,"_menu_item_xfn":null,"_menu_item_url":null,"_yoast_wpseo_primary_category":"5","_thumbnail_id":"4483","_oembed_26d84b2c06432105b0a19987ae029a71":null,"_oembed_43e9e2dfde1b9b4ed91c9711026b7ef9":null,"_oembed_1fe1564764edbddc3b61e81acf52be88":null,"_oembed_df60f474cd845141e7ce6596d101e4a0":null,"_oembed_825e674795e2435c0bc66eb08e5d2c8b":null,"_oembed_time_825e674795e2435c0bc66eb08e5d2c8b":null,"_oembed_e917352ff4cc21ea91383201eeaa08cf":null,"_oembed_2363c16c972791c33e283320dc564fce":null,"_oembed_cc9ad5b5073a84776f6a62e33e6c7498":null,"_oembed_time_cc9ad5b5073a84776f6a62e33e6c7498":null,"_oembed_305147fcf4b856de518466e695c209cd":null,"_oembed_8517a877084ae01a5296813ee1d16a2b":null,"_oembed_2741f1556b243e68379198f98ba7f864":null,"_oembed_c3ffa24981451396c950ece2129da0f6":null,"_oembed_6f9091ebe2f3f5fcb5698ba6f4b41477":null,"_wp_old_slug":null,"_oembed_e4fb0f68ba12b85e9e231afe151ba12a":null,"_oembed_3c60e98bd703e617e67f5bbb3b97424d":null,"_oembed_bb060374498dcf40cb6068efe4be87e1":null,"_oembed_d0403e1e71c3a29020bd546b159480f1":null,"_oembed_b030ff17fbbbf8661c59c2ab8ff289eb":null,"_oembed_5cec699ba0631c6c0e4ba4f6af5f228e":null,"_oembed_b06a67f278b90cf4e8dd17cb12fe67b0":null,"_oembed_8e190e4fea2256f17420434651556236":null,"_oembed_b5ded119f1337916a0fc64d2ad85c95f":null,"_oembed_d9364a7a81be31c01415da2c50a48932":null,"_oembed_738cafa36d51a58e5ae3e458aa8f7584":null,"_oembed_ebcab5184b6b321b28efbcbec079859b":null,"_oembed_3dd9e35c2b7b268070e74da5b89cf937":null,"_oembed_e14b167b493e311a1c4e2aab38a463e8":null,"_oembed_dc8f7d108b38f3f0c2e0785b8bc46cae":null,"_oembed_55cf1c5142884afed312c2666bf27520":null,"_oembed_2292333bf03a956b4b61afafeff6bca0":null,"_oembed_82a986a6b900856fec23169de03a0038":null,"_oembed_4048ded025352b83569104210074165a":null,"_oembed_033b42b1af757abc39e4487233cee7f5":null,"_oembed_aec1d50f2b159366be8e37e94b201be1":null,"_oembed_0adc8480b2fcadf9a1733f572ce3d3f8":null,"_yoast_wpseo_title":null,"_yoast_wpseo_focuskw":null,"_yoast_wpseo_linkdex":null,"_yoast_wpseo_metadesc":null,"_yoast_wpseo_wordproof_timestamp":null,"_tpl_archive_meta_key":null,"_form":null,"_mail":null,"_mail_2":null,"_messages":null,"_additional_settings":null,"_locale":null,"_wp_old_date":"2022-12-31","_edit_last":"5","_wpb_vc_js_status":"false","_yoast_wpseo_estimated-reading-time-minutes":"3","_edit_lock":"1672494094:5","_yoast_wpseo_content_score":"30","yoast_head":"<!-- This site is optimized with the Yoast SEO plugin v24.3 - https:\/\/yoast.com\/wordpress\/plugins\/seo\/ -->\n<title>[LMV] Isolant Thermo-Acoustiques DIASEN - La Maison naturelle | Blog<\/title>\n<meta name=\"robots\" content=\"index, follow, max-snippet:-1, max-image-preview:large, max-video-preview:-1\" \/>\n<link rel=\"canonical\" href=\"https:\/\/www.la-maison-naturelle.com\/blog\/lmv-isolant-thermo-acoustiques-diasen\/\" \/>\n<meta property=\"og:locale\" content=\"fr_FR\" \/>\n<meta property=\"og:type\" content=\"article\" \/>\n<meta property=\"og:title\" content=\"[LMV] Isolant Thermo-Acoustiques DIASEN - La Maison naturelle | Blog\" \/>\n<meta property=\"og:description\" content=\"COMPOSE NATUREL PRET A L&rsquo;EMPLOI POUR LA REALISATION DE REVETEMENTS THERMIQUES POUR EXTERIEURS ET DESHUMIDIFICATIONS POUR INTERIEURS ET EXTERIEURS Qu&rsquo;est-ce qu&rsquo;un isolant thermo-acoustique Diasen Compose Naturel pr\u00eat \u00e0 l&#8217;emploi ? Un isolant thermo-acoustique Diasen Compose Naturel pr\u00eat \u00e0 l&#8217;emploi est un produit innovant con\u00e7u pour la r\u00e9alisation de rev\u00eatements thermiques pour ext\u00e9rieurs et de d\u00e9shumidifications [&hellip;]\" \/>\n<meta property=\"og:url\" content=\"https:\/\/www.la-maison-naturelle.com\/blog\/lmv-isolant-thermo-acoustiques-diasen\/\" \/>\n<meta property=\"og:site_name\" content=\"La Maison naturelle | Blog\" \/>\n<meta property=\"article:published_time\" content=\"2016-12-31T13:41:18+00:00\" \/>\n<meta property=\"article:modified_time\" content=\"2022-12-31T13:43:56+00:00\" \/>\n<meta property=\"og:image\" content=\"https:\/\/www.la-maison-naturelle.com\/blog\/wp-content\/uploads\/2022\/05\/1404209190.jpg\" \/>\n\t<meta property=\"og:image:width\" content=\"550\" \/>\n\t<meta property=\"og:image:height\" content=\"310\" \/>\n\t<meta property=\"og:image:type\" content=\"image\/jpeg\" \/>\n<meta name=\"author\" content=\"Eloise\" \/>\n<meta name=\"twitter:card\" content=\"summary_large_image\" \/>\n<meta name=\"twitter:label1\" content=\"\u00c9crit par\" \/>\n\t<meta name=\"twitter:data1\" content=\"Eloise\" \/>\n\t<meta name=\"twitter:label2\" content=\"Dur\u00e9e de lecture estim\u00e9e\" \/>\n\t<meta name=\"twitter:data2\" content=\"3 minutes\" \/>\n<script type=\"application\/ld+json\" class=\"yoast-schema-graph\">{\"@context\":\"https:\/\/schema.org\",\"@graph\":[{\"@type\":\"Article\",\"@id\":\"https:\/\/www.la-maison-naturelle.com\/blog\/lmv-isolant-thermo-acoustiques-diasen\/#article\",\"isPartOf\":{\"@id\":\"https:\/\/www.la-maison-naturelle.com\/blog\/lmv-isolant-thermo-acoustiques-diasen\/\"},\"author\":{\"name\":\"Eloise\",\"@id\":\"https:\/\/www.la-maison-naturelle.com\/blog\/#\/schema\/person\/cad2a9ed80410189f0688441d546d43f\"},\"headline\":\"[LMV] Isolant Thermo-Acoustiques DIASEN\",\"datePublished\":\"2016-12-31T13:41:18+00:00\",\"dateModified\":\"2022-12-31T13:43:56+00:00\",\"mainEntityOfPage\":{\"@id\":\"https:\/\/www.la-maison-naturelle.com\/blog\/lmv-isolant-thermo-acoustiques-diasen\/\"},\"wordCount\":649,\"commentCount\":0,\"publisher\":{\"@id\":\"https:\/\/www.la-maison-naturelle.com\/blog\/#organization\"},\"image\":{\"@id\":\"https:\/\/www.la-maison-naturelle.com\/blog\/lmv-isolant-thermo-acoustiques-diasen\/#primaryimage\"},\"thumbnailUrl\":\"https:\/\/www.la-maison-naturelle.com\/blog\/wp-content\/uploads\/2022\/05\/1404209190.jpg\",\"articleSection\":[\"Espace pro\"],\"inLanguage\":\"fr-FR\",\"potentialAction\":[{\"@type\":\"CommentAction\",\"name\":\"Comment\",\"target\":[\"https:\/\/www.la-maison-naturelle.com\/blog\/lmv-isolant-thermo-acoustiques-diasen\/#respond\"]}]},{\"@type\":\"WebPage\",\"@id\":\"https:\/\/www.la-maison-naturelle.com\/blog\/lmv-isolant-thermo-acoustiques-diasen\/\",\"url\":\"https:\/\/www.la-maison-naturelle.com\/blog\/lmv-isolant-thermo-acoustiques-diasen\/\",\"name\":\"[LMV] Isolant Thermo-Acoustiques DIASEN - La Maison naturelle | Blog\",\"isPartOf\":{\"@id\":\"https:\/\/www.la-maison-naturelle.com\/blog\/#website\"},\"primaryImageOfPage\":{\"@id\":\"https:\/\/www.la-maison-naturelle.com\/blog\/lmv-isolant-thermo-acoustiques-diasen\/#primaryimage\"},\"image\":{\"@id\":\"https:\/\/www.la-maison-naturelle.com\/blog\/lmv-isolant-thermo-acoustiques-diasen\/#primaryimage\"},\"thumbnailUrl\":\"https:\/\/www.la-maison-naturelle.com\/blog\/wp-content\/uploads\/2022\/05\/1404209190.jpg\",\"datePublished\":\"2016-12-31T13:41:18+00:00\",\"dateModified\":\"2022-12-31T13:43:56+00:00\",\"breadcrumb\":{\"@id\":\"https:\/\/www.la-maison-naturelle.com\/blog\/lmv-isolant-thermo-acoustiques-diasen\/#breadcrumb\"},\"inLanguage\":\"fr-FR\",\"potentialAction\":[{\"@type\":\"ReadAction\",\"target\":[\"https:\/\/www.la-maison-naturelle.com\/blog\/lmv-isolant-thermo-acoustiques-diasen\/\"]}]},{\"@type\":\"ImageObject\",\"inLanguage\":\"fr-FR\",\"@id\":\"https:\/\/www.la-maison-naturelle.com\/blog\/lmv-isolant-thermo-acoustiques-diasen\/#primaryimage\",\"url\":\"https:\/\/www.la-maison-naturelle.com\/blog\/wp-content\/uploads\/2022\/05\/1404209190.jpg\",\"contentUrl\":\"https:\/\/www.la-maison-naturelle.com\/blog\/wp-content\/uploads\/2022\/05\/1404209190.jpg\",\"width\":550,\"height\":310},{\"@type\":\"BreadcrumbList\",\"@id\":\"https:\/\/www.la-maison-naturelle.com\/blog\/lmv-isolant-thermo-acoustiques-diasen\/#breadcrumb\",\"itemListElement\":[{\"@type\":\"ListItem\",\"position\":1,\"name\":\"Accueil\",\"item\":\"https:\/\/www.la-maison-naturelle.com\/blog\/\"},{\"@type\":\"ListItem\",\"position\":2,\"name\":\"[LMV] Isolant Thermo-Acoustiques DIASEN\"}]},{\"@type\":\"WebSite\",\"@id\":\"https:\/\/www.la-maison-naturelle.com\/blog\/#website\",\"url\":\"https:\/\/www.la-maison-naturelle.com\/blog\/\",\"name\":\"La Maison naturelle | Blog\",\"description\":\"Blog de la Maison naturelle\",\"publisher\":{\"@id\":\"https:\/\/www.la-maison-naturelle.com\/blog\/#organization\"},\"potentialAction\":[{\"@type\":\"SearchAction\",\"target\":{\"@type\":\"EntryPoint\",\"urlTemplate\":\"https:\/\/www.la-maison-naturelle.com\/blog\/?s={search_term_string}\"},\"query-input\":{\"@type\":\"PropertyValueSpecification\",\"valueRequired\":true,\"valueName\":\"search_term_string\"}}],\"inLanguage\":\"fr-FR\"},{\"@type\":\"Organization\",\"@id\":\"https:\/\/www.la-maison-naturelle.com\/blog\/#organization\",\"name\":\"La Maison naturelle | Blog\",\"url\":\"https:\/\/www.la-maison-naturelle.com\/blog\/\",\"logo\":{\"@type\":\"ImageObject\",\"inLanguage\":\"fr-FR\",\"@id\":\"https:\/\/www.la-maison-naturelle.com\/blog\/#\/schema\/logo\/image\/\",\"url\":\"https:\/\/www.la-maison-naturelle.com\/blog\/wp-content\/uploads\/2021\/07\/maison-naturelle-logo.svg\",\"contentUrl\":\"https:\/\/www.la-maison-naturelle.com\/blog\/wp-content\/uploads\/2021\/07\/maison-naturelle-logo.svg\",\"width\":156,\"height\":64,\"caption\":\"La Maison naturelle | Blog\"},\"image\":{\"@id\":\"https:\/\/www.la-maison-naturelle.com\/blog\/#\/schema\/logo\/image\/\"}},{\"@type\":\"Person\",\"@id\":\"https:\/\/www.la-maison-naturelle.com\/blog\/#\/schema\/person\/cad2a9ed80410189f0688441d546d43f\",\"name\":\"Eloise\",\"image\":{\"@type\":\"ImageObject\",\"inLanguage\":\"fr-FR\",\"@id\":\"https:\/\/www.la-maison-naturelle.com\/blog\/#\/schema\/person\/image\/\",\"url\":\"https:\/\/secure.gravatar.com\/avatar\/344186806f5e8613d4a2109f3b0228a847a7c0858a8023778c44bdcfc1111df9?s=96&d=mm&r=g\",\"contentUrl\":\"https:\/\/secure.gravatar.com\/avatar\/344186806f5e8613d4a2109f3b0228a847a7c0858a8023778c44bdcfc1111df9?s=96&d=mm&r=g\",\"caption\":\"Eloise\"},\"sameAs\":[\"https:\/\/www.la-maison-naturelle.com\/\"],\"url\":\"https:\/\/www.la-maison-naturelle.com\/blog\/author\/idries\/\"}]}<\/script>\n<!-- \/ Yoast SEO plugin. -->","yoast_head_json":{"title":"[LMV] Isolant Thermo-Acoustiques DIASEN - La Maison naturelle | Blog","robots":{"index":"index","follow":"follow","max-snippet":"max-snippet:-1","max-image-preview":"max-image-preview:large","max-video-preview":"max-video-preview:-1"},"canonical":"https:\/\/www.la-maison-naturelle.com\/blog\/lmv-isolant-thermo-acoustiques-diasen\/","og_locale":"fr_FR","og_type":"article","og_title":"[LMV] Isolant Thermo-Acoustiques DIASEN - La Maison naturelle | Blog","og_description":"COMPOSE NATUREL PRET A L&rsquo;EMPLOI POUR LA REALISATION DE REVETEMENTS THERMIQUES POUR EXTERIEURS ET DESHUMIDIFICATIONS POUR INTERIEURS ET EXTERIEURS Qu&rsquo;est-ce qu&rsquo;un isolant thermo-acoustique Diasen Compose Naturel pr\u00eat \u00e0 l&#8217;emploi ? Un isolant thermo-acoustique Diasen Compose Naturel pr\u00eat \u00e0 l&#8217;emploi est un produit innovant con\u00e7u pour la r\u00e9alisation de rev\u00eatements thermiques pour ext\u00e9rieurs et de d\u00e9shumidifications [&hellip;]","og_url":"https:\/\/www.la-maison-naturelle.com\/blog\/lmv-isolant-thermo-acoustiques-diasen\/","og_site_name":"La Maison naturelle | Blog","article_published_time":"2016-12-31T13:41:18+00:00","article_modified_time":"2022-12-31T13:43:56+00:00","og_image":[{"width":550,"height":310,"url":"https:\/\/www.la-maison-naturelle.com\/blog\/wp-content\/uploads\/2022\/05\/1404209190.jpg","type":"image\/jpeg"}],"author":"Eloise","twitter_card":"summary_large_image","twitter_misc":{"\u00c9crit par":"Eloise","Dur\u00e9e de lecture estim\u00e9e":"3 minutes"},"schema":{"@context":"https:\/\/schema.org","@graph":[{"@type":"Article","@id":"https:\/\/www.la-maison-naturelle.com\/blog\/lmv-isolant-thermo-acoustiques-diasen\/#article","isPartOf":{"@id":"https:\/\/www.la-maison-naturelle.com\/blog\/lmv-isolant-thermo-acoustiques-diasen\/"},"author":{"name":"Eloise","@id":"https:\/\/www.la-maison-naturelle.com\/blog\/#\/schema\/person\/cad2a9ed80410189f0688441d546d43f"},"headline":"[LMV] Isolant Thermo-Acoustiques DIASEN","datePublished":"2016-12-31T13:41:18+00:00","dateModified":"2022-12-31T13:43:56+00:00","mainEntityOfPage":{"@id":"https:\/\/www.la-maison-naturelle.com\/blog\/lmv-isolant-thermo-acoustiques-diasen\/"},"wordCount":649,"commentCount":0,"publisher":{"@id":"https:\/\/www.la-maison-naturelle.com\/blog\/#organization"},"image":{"@id":"https:\/\/www.la-maison-naturelle.com\/blog\/lmv-isolant-thermo-acoustiques-diasen\/#primaryimage"},"thumbnailUrl":"https:\/\/www.la-maison-naturelle.com\/blog\/wp-content\/uploads\/2022\/05\/1404209190.jpg","articleSection":["Espace pro"],"inLanguage":"fr-FR","potentialAction":[{"@type":"CommentAction","name":"Comment","target":["https:\/\/www.la-maison-naturelle.com\/blog\/lmv-isolant-thermo-acoustiques-diasen\/#respond"]}]},{"@type":"WebPage","@id":"https:\/\/www.la-maison-naturelle.com\/blog\/lmv-isolant-thermo-acoustiques-diasen\/","url":"https:\/\/www.la-maison-naturelle.com\/blog\/lmv-isolant-thermo-acoustiques-diasen\/","name":"[LMV] Isolant Thermo-Acoustiques DIASEN - La Maison naturelle | Blog","isPartOf":{"@id":"https:\/\/www.la-maison-naturelle.com\/blog\/#website"},"primaryImageOfPage":{"@id":"https:\/\/www.la-maison-naturelle.com\/blog\/lmv-isolant-thermo-acoustiques-diasen\/#primaryimage"},"image":{"@id":"https:\/\/www.la-maison-naturelle.com\/blog\/lmv-isolant-thermo-acoustiques-diasen\/#primaryimage"},"thumbnailUrl":"https:\/\/www.la-maison-naturelle.com\/blog\/wp-content\/uploads\/2022\/05\/1404209190.jpg","datePublished":"2016-12-31T13:41:18+00:00","dateModified":"2022-12-31T13:43:56+00:00","breadcrumb":{"@id":"https:\/\/www.la-maison-naturelle.com\/blog\/lmv-isolant-thermo-acoustiques-diasen\/#breadcrumb"},"inLanguage":"fr-FR","potentialAction":[{"@type":"ReadAction","target":["https:\/\/www.la-maison-naturelle.com\/blog\/lmv-isolant-thermo-acoustiques-diasen\/"]}]},{"@type":"ImageObject","inLanguage":"fr-FR","@id":"https:\/\/www.la-maison-naturelle.com\/blog\/lmv-isolant-thermo-acoustiques-diasen\/#primaryimage","url":"https:\/\/www.la-maison-naturelle.com\/blog\/wp-content\/uploads\/2022\/05\/1404209190.jpg","contentUrl":"https:\/\/www.la-maison-naturelle.com\/blog\/wp-content\/uploads\/2022\/05\/1404209190.jpg","width":550,"height":310},{"@type":"BreadcrumbList","@id":"https:\/\/www.la-maison-naturelle.com\/blog\/lmv-isolant-thermo-acoustiques-diasen\/#breadcrumb","itemListElement":[{"@type":"ListItem","position":1,"name":"Accueil","item":"https:\/\/www.la-maison-naturelle.com\/blog\/"},{"@type":"ListItem","position":2,"name":"[LMV] Isolant Thermo-Acoustiques DIASEN"}]},{"@type":"WebSite","@id":"https:\/\/www.la-maison-naturelle.com\/blog\/#website","url":"https:\/\/www.la-maison-naturelle.com\/blog\/","name":"La Maison naturelle | Blog","description":"Blog de la Maison naturelle","publisher":{"@id":"https:\/\/www.la-maison-naturelle.com\/blog\/#organization"},"potentialAction":[{"@type":"SearchAction","target":{"@type":"EntryPoint","urlTemplate":"https:\/\/www.la-maison-naturelle.com\/blog\/?s={search_term_string}"},"query-input":{"@type":"PropertyValueSpecification","valueRequired":true,"valueName":"search_term_string"}}],"inLanguage":"fr-FR"},{"@type":"Organization","@id":"https:\/\/www.la-maison-naturelle.com\/blog\/#organization","name":"La Maison naturelle | Blog","url":"https:\/\/www.la-maison-naturelle.com\/blog\/","logo":{"@type":"ImageObject","inLanguage":"fr-FR","@id":"https:\/\/www.la-maison-naturelle.com\/blog\/#\/schema\/logo\/image\/","url":"https:\/\/www.la-maison-naturelle.com\/blog\/wp-content\/uploads\/2021\/07\/maison-naturelle-logo.svg","contentUrl":"https:\/\/www.la-maison-naturelle.com\/blog\/wp-content\/uploads\/2021\/07\/maison-naturelle-logo.svg","width":156,"height":64,"caption":"La Maison naturelle | Blog"},"image":{"@id":"https:\/\/www.la-maison-naturelle.com\/blog\/#\/schema\/logo\/image\/"}},{"@type":"Person","@id":"https:\/\/www.la-maison-naturelle.com\/blog\/#\/schema\/person\/cad2a9ed80410189f0688441d546d43f","name":"Eloise","image":{"@type":"ImageObject","inLanguage":"fr-FR","@id":"https:\/\/www.la-maison-naturelle.com\/blog\/#\/schema\/person\/image\/","url":"https:\/\/secure.gravatar.com\/avatar\/344186806f5e8613d4a2109f3b0228a847a7c0858a8023778c44bdcfc1111df9?s=96&d=mm&r=g","contentUrl":"https:\/\/secure.gravatar.com\/avatar\/344186806f5e8613d4a2109f3b0228a847a7c0858a8023778c44bdcfc1111df9?s=96&d=mm&r=g","caption":"Eloise"},"sameAs":["https:\/\/www.la-maison-naturelle.com\/"],"url":"https:\/\/www.la-maison-naturelle.com\/blog\/author\/idries\/"}]}},"_links":{"self":[{"href":"https:\/\/www.la-maison-naturelle.com\/blog\/wp-json\/wp\/v2\/posts\/3076","targetHints":{"allow":["GET"]}}],"collection":[{"href":"https:\/\/www.la-maison-naturelle.com\/blog\/wp-json\/wp\/v2\/posts"}],"about":[{"href":"https:\/\/www.la-maison-naturelle.com\/blog\/wp-json\/wp\/v2\/types\/post"}],"author":[{"embeddable":true,"href":"https:\/\/www.la-maison-naturelle.com\/blog\/wp-json\/wp\/v2\/users\/5"}],"replies":[{"embeddable":true,"href":"https:\/\/www.la-maison-naturelle.com\/blog\/wp-json\/wp\/v2\/comments?post=3076"}],"version-history":[{"count":2,"href":"https:\/\/www.la-maison-naturelle.com\/blog\/wp-json\/wp\/v2\/posts\/3076\/revisions"}],"predecessor-version":[{"id":4484,"href":"https:\/\/www.la-maison-naturelle.com\/blog\/wp-json\/wp\/v2\/posts\/3076\/revisions\/4484"}],"wp:featuredmedia":[{"embeddable":true,"href":"https:\/\/www.la-maison-naturelle.com\/blog\/wp-json\/wp\/v2\/media\/4483"}],"wp:attachment":[{"href":"https:\/\/www.la-maison-naturelle.com\/blog\/wp-json\/wp\/v2\/media?parent=3076"}],"wp:term":[{"taxonomy":"category","embeddable":true,"href":"https:\/\/www.la-maison-naturelle.com\/blog\/wp-json\/wp\/v2\/categories?post=3076"},{"taxonomy":"post_tag","embeddable":true,"href":"https:\/\/www.la-maison-naturelle.com\/blog\/wp-json\/wp\/v2\/tags?post=3076"}],"curies":[{"name":"wp","href":"https:\/\/api.w.org\/{rel}","templated":true}]}}