{"id":3064,"date":"2010-10-27T18:15:15","date_gmt":"2010-10-27T16:15:15","guid":{"rendered":"https:\/\/www.la-maison-naturelle.com\/blog\/?p=3064"},"modified":"2023-11-11T00:00:34","modified_gmt":"2023-11-10T23:00:34","slug":"les-mat-riaux-verts-nantes-au-salon-de-l-habitat-durable","status":"publish","type":"post","link":"https:\/\/www.la-maison-naturelle.com\/blog\/les-mat-riaux-verts-nantes-au-salon-de-l-habitat-durable\/","title":{"rendered":"[LMV] Les Mat\u00e9riaux Verts Nantes au Salon de l&rsquo;Habitat Durable"},"content":{"rendered":"<p>Pour votre projet de construction, de r\u00e9novation \u00e9cologique et sain ou d\u2019isolation, le salon sera le moment o\u00f9 vouz pourrez : vous informer des solutions existantes,comparer les mat\u00e9riaux et produits propos\u00e9s,concr\u00e9tiser vos choix.Vous pourrez aussi assister et participer aux d\u00e9monstrations, annim\u00e9es par votre magasin \u00ab\u00a0Les Mat\u00e9riaux Verts\u00a0\u00bb Nantes \/ Thouar\u00e9 sur Loire, \u00a0qui se d\u00e9rouleront durant tout le salon. Une mise en situation r\u00e9elle d\u2019une maquette \u00e0 l\u2019\u00e9chelle 1 de la \u00ab <a href=\"https:\/\/www.la-maison-naturelle.com\/\" data-internallinksmanager029f6b8e52c=\"38\" title=\"la maison naturelle\">Maison au Naturel<\/a> \u00bb avec le concours des professionnels pour attirer l\u2019attention du plus grand nombre sur les solutions concr\u00e8tes et existantes. Cette d\u00e9monstration met en oeuvre des situations r\u00e9elles et concr\u00e8tes avec tout le savoir faire des professionnels.<\/p>\n","protected":false},"excerpt":{"rendered":"<p>Pour votre projet de construction, de r\u00e9novation \u00e9cologique et sain ou d\u2019isolation, le salon sera le moment o\u00f9 vouz pourrez : vous informer des solutions existantes,comparer les mat\u00e9riaux et produits propos\u00e9s,concr\u00e9tiser vos choix.Vous pourrez aussi assister et participer aux d\u00e9monstrations, annim\u00e9es par votre magasin \u00ab\u00a0Les Mat\u00e9riaux Verts\u00a0\u00bb Nantes \/ Thouar\u00e9 sur Loire, \u00a0qui se d\u00e9rouleront [&hellip;]<\/p>\n","protected":false},"author":5,"featured_media":0,"comment_status":"open","ping_status":"open","sticky":false,"template":"","format":"standard","meta":{"footnotes":""},"categories":[5],"tags":[],"class_list":["post-3064","post","type-post","status-publish","format-standard","hentry","category-espace-pro"],"_wp_attached_file":null,"_wp_attachment_metadata":null,"_wp_attachment_context":null,"_wp_attachment_image_alt":null,"_hf_settings":null,"hf_message_success":null,"hf_message_invalid_email":null,"hf_message_required_field_missing":null,"hf_message_error":null,"_menu_item_type":null,"_menu_item_menu_item_parent":null,"_menu_item_object_id":null,"_menu_item_object":null,"_menu_item_target":null,"_menu_item_classes":null,"_menu_item_xfn":null,"_menu_item_url":null,"_yoast_wpseo_primary_category":"5","_thumbnail_id":null,"_oembed_26d84b2c06432105b0a19987ae029a71":null,"_oembed_43e9e2dfde1b9b4ed91c9711026b7ef9":null,"_oembed_1fe1564764edbddc3b61e81acf52be88":null,"_oembed_df60f474cd845141e7ce6596d101e4a0":null,"_oembed_825e674795e2435c0bc66eb08e5d2c8b":null,"_oembed_time_825e674795e2435c0bc66eb08e5d2c8b":null,"_oembed_e917352ff4cc21ea91383201eeaa08cf":null,"_oembed_2363c16c972791c33e283320dc564fce":null,"_oembed_cc9ad5b5073a84776f6a62e33e6c7498":null,"_oembed_time_cc9ad5b5073a84776f6a62e33e6c7498":null,"_oembed_305147fcf4b856de518466e695c209cd":null,"_oembed_8517a877084ae01a5296813ee1d16a2b":null,"_oembed_2741f1556b243e68379198f98ba7f864":null,"_oembed_c3ffa24981451396c950ece2129da0f6":null,"_oembed_6f9091ebe2f3f5fcb5698ba6f4b41477":null,"_wp_old_slug":null,"_oembed_e4fb0f68ba12b85e9e231afe151ba12a":null,"_oembed_3c60e98bd703e617e67f5bbb3b97424d":null,"_oembed_bb060374498dcf40cb6068efe4be87e1":null,"_oembed_d0403e1e71c3a29020bd546b159480f1":null,"_oembed_b030ff17fbbbf8661c59c2ab8ff289eb":null,"_oembed_5cec699ba0631c6c0e4ba4f6af5f228e":null,"_oembed_b06a67f278b90cf4e8dd17cb12fe67b0":null,"_oembed_8e190e4fea2256f17420434651556236":null,"_oembed_b5ded119f1337916a0fc64d2ad85c95f":null,"_oembed_d9364a7a81be31c01415da2c50a48932":null,"_oembed_738cafa36d51a58e5ae3e458aa8f7584":null,"_oembed_ebcab5184b6b321b28efbcbec079859b":null,"_oembed_3dd9e35c2b7b268070e74da5b89cf937":null,"_oembed_e14b167b493e311a1c4e2aab38a463e8":null,"_oembed_dc8f7d108b38f3f0c2e0785b8bc46cae":null,"_oembed_55cf1c5142884afed312c2666bf27520":null,"_oembed_2292333bf03a956b4b61afafeff6bca0":null,"_oembed_82a986a6b900856fec23169de03a0038":null,"_oembed_4048ded025352b83569104210074165a":null,"_oembed_033b42b1af757abc39e4487233cee7f5":null,"_oembed_aec1d50f2b159366be8e37e94b201be1":null,"_oembed_0adc8480b2fcadf9a1733f572ce3d3f8":null,"_yoast_wpseo_title":null,"_yoast_wpseo_focuskw":null,"_yoast_wpseo_linkdex":null,"_yoast_wpseo_metadesc":null,"_yoast_wpseo_wordproof_timestamp":null,"_tpl_archive_meta_key":null,"_form":null,"_mail":null,"_mail_2":null,"_messages":null,"_additional_settings":null,"_locale":null,"_wp_old_date":"2023-01-01","_edit_last":"5","_wpb_vc_js_status":"false","_yoast_wpseo_estimated-reading-time-minutes":"1","_edit_lock":"1699657235:5","_yoast_wpseo_content_score":"60","yoast_head":"<!-- This site is optimized with the Yoast SEO plugin v24.3 - https:\/\/yoast.com\/wordpress\/plugins\/seo\/ -->\n<title>[LMV] Les Mat\u00e9riaux Verts Nantes au Salon de l&#039;Habitat Durable - La Maison naturelle | Blog<\/title>\n<meta name=\"robots\" content=\"index, follow, max-snippet:-1, max-image-preview:large, max-video-preview:-1\" \/>\n<link rel=\"canonical\" href=\"https:\/\/www.la-maison-naturelle.com\/blog\/les-mat-riaux-verts-nantes-au-salon-de-l-habitat-durable\/\" \/>\n<meta property=\"og:locale\" content=\"fr_FR\" \/>\n<meta property=\"og:type\" content=\"article\" \/>\n<meta property=\"og:title\" content=\"[LMV] Les Mat\u00e9riaux Verts Nantes au Salon de l&#039;Habitat Durable - La Maison naturelle | Blog\" \/>\n<meta property=\"og:description\" content=\"Pour votre projet de construction, de r\u00e9novation \u00e9cologique et sain ou d\u2019isolation, le salon sera le moment o\u00f9 vouz pourrez : vous informer des solutions existantes,comparer les mat\u00e9riaux et produits propos\u00e9s,concr\u00e9tiser vos choix.Vous pourrez aussi assister et participer aux d\u00e9monstrations, annim\u00e9es par votre magasin \u00ab\u00a0Les Mat\u00e9riaux Verts\u00a0\u00bb Nantes \/ Thouar\u00e9 sur Loire, \u00a0qui se d\u00e9rouleront [&hellip;]\" \/>\n<meta property=\"og:url\" content=\"https:\/\/www.la-maison-naturelle.com\/blog\/les-mat-riaux-verts-nantes-au-salon-de-l-habitat-durable\/\" \/>\n<meta property=\"og:site_name\" content=\"La Maison naturelle | Blog\" \/>\n<meta property=\"article:published_time\" content=\"2010-10-27T16:15:15+00:00\" \/>\n<meta property=\"article:modified_time\" content=\"2023-11-10T23:00:34+00:00\" \/>\n<meta name=\"author\" content=\"Eloise\" \/>\n<meta name=\"twitter:card\" content=\"summary_large_image\" \/>\n<meta name=\"twitter:label1\" content=\"\u00c9crit par\" \/>\n\t<meta name=\"twitter:data1\" content=\"Eloise\" \/>\n\t<meta name=\"twitter:label2\" content=\"Dur\u00e9e de lecture estim\u00e9e\" \/>\n\t<meta name=\"twitter:data2\" content=\"1 minute\" \/>\n<script type=\"application\/ld+json\" class=\"yoast-schema-graph\">{\"@context\":\"https:\/\/schema.org\",\"@graph\":[{\"@type\":\"Article\",\"@id\":\"https:\/\/www.la-maison-naturelle.com\/blog\/les-mat-riaux-verts-nantes-au-salon-de-l-habitat-durable\/#article\",\"isPartOf\":{\"@id\":\"https:\/\/www.la-maison-naturelle.com\/blog\/les-mat-riaux-verts-nantes-au-salon-de-l-habitat-durable\/\"},\"author\":{\"name\":\"Eloise\",\"@id\":\"https:\/\/www.la-maison-naturelle.com\/blog\/#\/schema\/person\/cad2a9ed80410189f0688441d546d43f\"},\"headline\":\"[LMV] Les Mat\u00e9riaux Verts Nantes au Salon de l&rsquo;Habitat Durable\",\"datePublished\":\"2010-10-27T16:15:15+00:00\",\"dateModified\":\"2023-11-10T23:00:34+00:00\",\"mainEntityOfPage\":{\"@id\":\"https:\/\/www.la-maison-naturelle.com\/blog\/les-mat-riaux-verts-nantes-au-salon-de-l-habitat-durable\/\"},\"wordCount\":136,\"commentCount\":0,\"publisher\":{\"@id\":\"https:\/\/www.la-maison-naturelle.com\/blog\/#organization\"},\"articleSection\":[\"Espace pro\"],\"inLanguage\":\"fr-FR\",\"potentialAction\":[{\"@type\":\"CommentAction\",\"name\":\"Comment\",\"target\":[\"https:\/\/www.la-maison-naturelle.com\/blog\/les-mat-riaux-verts-nantes-au-salon-de-l-habitat-durable\/#respond\"]}]},{\"@type\":\"WebPage\",\"@id\":\"https:\/\/www.la-maison-naturelle.com\/blog\/les-mat-riaux-verts-nantes-au-salon-de-l-habitat-durable\/\",\"url\":\"https:\/\/www.la-maison-naturelle.com\/blog\/les-mat-riaux-verts-nantes-au-salon-de-l-habitat-durable\/\",\"name\":\"[LMV] Les Mat\u00e9riaux Verts Nantes au Salon de l'Habitat Durable - La Maison naturelle | Blog\",\"isPartOf\":{\"@id\":\"https:\/\/www.la-maison-naturelle.com\/blog\/#website\"},\"datePublished\":\"2010-10-27T16:15:15+00:00\",\"dateModified\":\"2023-11-10T23:00:34+00:00\",\"breadcrumb\":{\"@id\":\"https:\/\/www.la-maison-naturelle.com\/blog\/les-mat-riaux-verts-nantes-au-salon-de-l-habitat-durable\/#breadcrumb\"},\"inLanguage\":\"fr-FR\",\"potentialAction\":[{\"@type\":\"ReadAction\",\"target\":[\"https:\/\/www.la-maison-naturelle.com\/blog\/les-mat-riaux-verts-nantes-au-salon-de-l-habitat-durable\/\"]}]},{\"@type\":\"BreadcrumbList\",\"@id\":\"https:\/\/www.la-maison-naturelle.com\/blog\/les-mat-riaux-verts-nantes-au-salon-de-l-habitat-durable\/#breadcrumb\",\"itemListElement\":[{\"@type\":\"ListItem\",\"position\":1,\"name\":\"Accueil\",\"item\":\"https:\/\/www.la-maison-naturelle.com\/blog\/\"},{\"@type\":\"ListItem\",\"position\":2,\"name\":\"[LMV] Les Mat\u00e9riaux Verts Nantes au Salon de l&rsquo;Habitat Durable\"}]},{\"@type\":\"WebSite\",\"@id\":\"https:\/\/www.la-maison-naturelle.com\/blog\/#website\",\"url\":\"https:\/\/www.la-maison-naturelle.com\/blog\/\",\"name\":\"La Maison naturelle | Blog\",\"description\":\"Blog de la Maison naturelle\",\"publisher\":{\"@id\":\"https:\/\/www.la-maison-naturelle.com\/blog\/#organization\"},\"potentialAction\":[{\"@type\":\"SearchAction\",\"target\":{\"@type\":\"EntryPoint\",\"urlTemplate\":\"https:\/\/www.la-maison-naturelle.com\/blog\/?s={search_term_string}\"},\"query-input\":{\"@type\":\"PropertyValueSpecification\",\"valueRequired\":true,\"valueName\":\"search_term_string\"}}],\"inLanguage\":\"fr-FR\"},{\"@type\":\"Organization\",\"@id\":\"https:\/\/www.la-maison-naturelle.com\/blog\/#organization\",\"name\":\"La Maison naturelle | Blog\",\"url\":\"https:\/\/www.la-maison-naturelle.com\/blog\/\",\"logo\":{\"@type\":\"ImageObject\",\"inLanguage\":\"fr-FR\",\"@id\":\"https:\/\/www.la-maison-naturelle.com\/blog\/#\/schema\/logo\/image\/\",\"url\":\"https:\/\/www.la-maison-naturelle.com\/blog\/wp-content\/uploads\/2021\/07\/maison-naturelle-logo.svg\",\"contentUrl\":\"https:\/\/www.la-maison-naturelle.com\/blog\/wp-content\/uploads\/2021\/07\/maison-naturelle-logo.svg\",\"width\":156,\"height\":64,\"caption\":\"La Maison naturelle | Blog\"},\"image\":{\"@id\":\"https:\/\/www.la-maison-naturelle.com\/blog\/#\/schema\/logo\/image\/\"}},{\"@type\":\"Person\",\"@id\":\"https:\/\/www.la-maison-naturelle.com\/blog\/#\/schema\/person\/cad2a9ed80410189f0688441d546d43f\",\"name\":\"Eloise\",\"image\":{\"@type\":\"ImageObject\",\"inLanguage\":\"fr-FR\",\"@id\":\"https:\/\/www.la-maison-naturelle.com\/blog\/#\/schema\/person\/image\/\",\"url\":\"https:\/\/secure.gravatar.com\/avatar\/344186806f5e8613d4a2109f3b0228a847a7c0858a8023778c44bdcfc1111df9?s=96&d=mm&r=g\",\"contentUrl\":\"https:\/\/secure.gravatar.com\/avatar\/344186806f5e8613d4a2109f3b0228a847a7c0858a8023778c44bdcfc1111df9?s=96&d=mm&r=g\",\"caption\":\"Eloise\"},\"sameAs\":[\"https:\/\/www.la-maison-naturelle.com\/\"],\"url\":\"https:\/\/www.la-maison-naturelle.com\/blog\/author\/idries\/\"}]}<\/script>\n<!-- \/ Yoast SEO plugin. -->","yoast_head_json":{"title":"[LMV] Les Mat\u00e9riaux Verts Nantes au Salon de l'Habitat Durable - La Maison naturelle | Blog","robots":{"index":"index","follow":"follow","max-snippet":"max-snippet:-1","max-image-preview":"max-image-preview:large","max-video-preview":"max-video-preview:-1"},"canonical":"https:\/\/www.la-maison-naturelle.com\/blog\/les-mat-riaux-verts-nantes-au-salon-de-l-habitat-durable\/","og_locale":"fr_FR","og_type":"article","og_title":"[LMV] Les Mat\u00e9riaux Verts Nantes au Salon de l'Habitat Durable - La Maison naturelle | Blog","og_description":"Pour votre projet de construction, de r\u00e9novation \u00e9cologique et sain ou d\u2019isolation, le salon sera le moment o\u00f9 vouz pourrez : vous informer des solutions existantes,comparer les mat\u00e9riaux et produits propos\u00e9s,concr\u00e9tiser vos choix.Vous pourrez aussi assister et participer aux d\u00e9monstrations, annim\u00e9es par votre magasin \u00ab\u00a0Les Mat\u00e9riaux Verts\u00a0\u00bb Nantes \/ Thouar\u00e9 sur Loire, \u00a0qui se d\u00e9rouleront [&hellip;]","og_url":"https:\/\/www.la-maison-naturelle.com\/blog\/les-mat-riaux-verts-nantes-au-salon-de-l-habitat-durable\/","og_site_name":"La Maison naturelle | Blog","article_published_time":"2010-10-27T16:15:15+00:00","article_modified_time":"2023-11-10T23:00:34+00:00","author":"Eloise","twitter_card":"summary_large_image","twitter_misc":{"\u00c9crit par":"Eloise","Dur\u00e9e de lecture estim\u00e9e":"1 minute"},"schema":{"@context":"https:\/\/schema.org","@graph":[{"@type":"Article","@id":"https:\/\/www.la-maison-naturelle.com\/blog\/les-mat-riaux-verts-nantes-au-salon-de-l-habitat-durable\/#article","isPartOf":{"@id":"https:\/\/www.la-maison-naturelle.com\/blog\/les-mat-riaux-verts-nantes-au-salon-de-l-habitat-durable\/"},"author":{"name":"Eloise","@id":"https:\/\/www.la-maison-naturelle.com\/blog\/#\/schema\/person\/cad2a9ed80410189f0688441d546d43f"},"headline":"[LMV] Les Mat\u00e9riaux Verts Nantes au Salon de l&rsquo;Habitat Durable","datePublished":"2010-10-27T16:15:15+00:00","dateModified":"2023-11-10T23:00:34+00:00","mainEntityOfPage":{"@id":"https:\/\/www.la-maison-naturelle.com\/blog\/les-mat-riaux-verts-nantes-au-salon-de-l-habitat-durable\/"},"wordCount":136,"commentCount":0,"publisher":{"@id":"https:\/\/www.la-maison-naturelle.com\/blog\/#organization"},"articleSection":["Espace pro"],"inLanguage":"fr-FR","potentialAction":[{"@type":"CommentAction","name":"Comment","target":["https:\/\/www.la-maison-naturelle.com\/blog\/les-mat-riaux-verts-nantes-au-salon-de-l-habitat-durable\/#respond"]}]},{"@type":"WebPage","@id":"https:\/\/www.la-maison-naturelle.com\/blog\/les-mat-riaux-verts-nantes-au-salon-de-l-habitat-durable\/","url":"https:\/\/www.la-maison-naturelle.com\/blog\/les-mat-riaux-verts-nantes-au-salon-de-l-habitat-durable\/","name":"[LMV] Les Mat\u00e9riaux Verts Nantes au Salon de l'Habitat Durable - La Maison naturelle | Blog","isPartOf":{"@id":"https:\/\/www.la-maison-naturelle.com\/blog\/#website"},"datePublished":"2010-10-27T16:15:15+00:00","dateModified":"2023-11-10T23:00:34+00:00","breadcrumb":{"@id":"https:\/\/www.la-maison-naturelle.com\/blog\/les-mat-riaux-verts-nantes-au-salon-de-l-habitat-durable\/#breadcrumb"},"inLanguage":"fr-FR","potentialAction":[{"@type":"ReadAction","target":["https:\/\/www.la-maison-naturelle.com\/blog\/les-mat-riaux-verts-nantes-au-salon-de-l-habitat-durable\/"]}]},{"@type":"BreadcrumbList","@id":"https:\/\/www.la-maison-naturelle.com\/blog\/les-mat-riaux-verts-nantes-au-salon-de-l-habitat-durable\/#breadcrumb","itemListElement":[{"@type":"ListItem","position":1,"name":"Accueil","item":"https:\/\/www.la-maison-naturelle.com\/blog\/"},{"@type":"ListItem","position":2,"name":"[LMV] Les Mat\u00e9riaux Verts Nantes au Salon de l&rsquo;Habitat Durable"}]},{"@type":"WebSite","@id":"https:\/\/www.la-maison-naturelle.com\/blog\/#website","url":"https:\/\/www.la-maison-naturelle.com\/blog\/","name":"La Maison naturelle | Blog","description":"Blog de la Maison naturelle","publisher":{"@id":"https:\/\/www.la-maison-naturelle.com\/blog\/#organization"},"potentialAction":[{"@type":"SearchAction","target":{"@type":"EntryPoint","urlTemplate":"https:\/\/www.la-maison-naturelle.com\/blog\/?s={search_term_string}"},"query-input":{"@type":"PropertyValueSpecification","valueRequired":true,"valueName":"search_term_string"}}],"inLanguage":"fr-FR"},{"@type":"Organization","@id":"https:\/\/www.la-maison-naturelle.com\/blog\/#organization","name":"La Maison naturelle | Blog","url":"https:\/\/www.la-maison-naturelle.com\/blog\/","logo":{"@type":"ImageObject","inLanguage":"fr-FR","@id":"https:\/\/www.la-maison-naturelle.com\/blog\/#\/schema\/logo\/image\/","url":"https:\/\/www.la-maison-naturelle.com\/blog\/wp-content\/uploads\/2021\/07\/maison-naturelle-logo.svg","contentUrl":"https:\/\/www.la-maison-naturelle.com\/blog\/wp-content\/uploads\/2021\/07\/maison-naturelle-logo.svg","width":156,"height":64,"caption":"La Maison naturelle | Blog"},"image":{"@id":"https:\/\/www.la-maison-naturelle.com\/blog\/#\/schema\/logo\/image\/"}},{"@type":"Person","@id":"https:\/\/www.la-maison-naturelle.com\/blog\/#\/schema\/person\/cad2a9ed80410189f0688441d546d43f","name":"Eloise","image":{"@type":"ImageObject","inLanguage":"fr-FR","@id":"https:\/\/www.la-maison-naturelle.com\/blog\/#\/schema\/person\/image\/","url":"https:\/\/secure.gravatar.com\/avatar\/344186806f5e8613d4a2109f3b0228a847a7c0858a8023778c44bdcfc1111df9?s=96&d=mm&r=g","contentUrl":"https:\/\/secure.gravatar.com\/avatar\/344186806f5e8613d4a2109f3b0228a847a7c0858a8023778c44bdcfc1111df9?s=96&d=mm&r=g","caption":"Eloise"},"sameAs":["https:\/\/www.la-maison-naturelle.com\/"],"url":"https:\/\/www.la-maison-naturelle.com\/blog\/author\/idries\/"}]}},"_links":{"self":[{"href":"https:\/\/www.la-maison-naturelle.com\/blog\/wp-json\/wp\/v2\/posts\/3064","targetHints":{"allow":["GET"]}}],"collection":[{"href":"https:\/\/www.la-maison-naturelle.com\/blog\/wp-json\/wp\/v2\/posts"}],"about":[{"href":"https:\/\/www.la-maison-naturelle.com\/blog\/wp-json\/wp\/v2\/types\/post"}],"author":[{"embeddable":true,"href":"https:\/\/www.la-maison-naturelle.com\/blog\/wp-json\/wp\/v2\/users\/5"}],"replies":[{"embeddable":true,"href":"https:\/\/www.la-maison-naturelle.com\/blog\/wp-json\/wp\/v2\/comments?post=3064"}],"version-history":[{"count":1,"href":"https:\/\/www.la-maison-naturelle.com\/blog\/wp-json\/wp\/v2\/posts\/3064\/revisions"}],"predecessor-version":[{"id":3065,"href":"https:\/\/www.la-maison-naturelle.com\/blog\/wp-json\/wp\/v2\/posts\/3064\/revisions\/3065"}],"wp:attachment":[{"href":"https:\/\/www.la-maison-naturelle.com\/blog\/wp-json\/wp\/v2\/media?parent=3064"}],"wp:term":[{"taxonomy":"category","embeddable":true,"href":"https:\/\/www.la-maison-naturelle.com\/blog\/wp-json\/wp\/v2\/categories?post=3064"},{"taxonomy":"post_tag","embeddable":true,"href":"https:\/\/www.la-maison-naturelle.com\/blog\/wp-json\/wp\/v2\/tags?post=3064"}],"curies":[{"name":"wp","href":"https:\/\/api.w.org\/{rel}","templated":true}]}}