{"id":3037,"date":"2022-01-14T11:44:28","date_gmt":"2022-01-14T10:44:28","guid":{"rendered":"https:\/\/www.la-maison-naturelle.com\/blog\/?p=3037"},"modified":"2023-08-04T20:05:05","modified_gmt":"2023-08-04T18:05:05","slug":"le-chauffage-intelligent-l-ere-du-chauffage-biotique-avec-la-reflexion-d-ondes-a-infrarouge-loi","status":"publish","type":"post","link":"https:\/\/www.la-maison-naturelle.com\/blog\/le-chauffage-intelligent-l-ere-du-chauffage-biotique-avec-la-reflexion-d-ondes-a-infrarouge-loi\/","title":{"rendered":"L&rsquo;\u00e8re du chauffage biotique avec la r\u00e9flexion d&rsquo;ondes \u00e0 infrarouge lointains"},"content":{"rendered":"<table style=\" width=\"100%\",max-width=\"839\">\n<tbody>\n<tr>\n<td colspan=\"3\"><a href=\"https:\/\/www.la-maison-naturelle.com\/\"><img decoding=\"async\" class=\"wp-image-5568 aligncenter\" src=\"https:\/\/www.la-maison-naturelle.com\/blog\/wp-content\/uploads\/2012\/05\/Dark-Green-and-Gray-Professional-and-Clean-E-Commerce-Email-Header-300x35.png\" alt=\"\" width=\"839\" srcset=\"https:\/\/www.la-maison-naturelle.com\/blog\/wp-content\/uploads\/2012\/05\/Dark-Green-and-Gray-Professional-and-Clean-E-Commerce-Email-Header-300x35.png 300w, https:\/\/www.la-maison-naturelle.com\/blog\/wp-content\/uploads\/2012\/05\/Dark-Green-and-Gray-Professional-and-Clean-E-Commerce-Email-Header-1024x119.png 1024w, https:\/\/www.la-maison-naturelle.com\/blog\/wp-content\/uploads\/2012\/05\/Dark-Green-and-Gray-Professional-and-Clean-E-Commerce-Email-Header-768x89.png 768w, https:\/\/www.la-maison-naturelle.com\/blog\/wp-content\/uploads\/2012\/05\/Dark-Green-and-Gray-Professional-and-Clean-E-Commerce-Email-Header-1536x178.png 1536w, https:\/\/www.la-maison-naturelle.com\/blog\/wp-content\/uploads\/2012\/05\/Dark-Green-and-Gray-Professional-and-Clean-E-Commerce-Email-Header.png 1578w\" sizes=\"(max-width: 300px) 100vw, 300px\" \/><\/a><\/td>\n<\/tr>\n<tr>\n<td><a href=\"https:\/\/www.la-maison-naturelle.com\/5260-materiaux-et-bricolage\"><img loading=\"lazy\" decoding=\"async\" class=\"alignright size-medium wp-image-5565\" src=\"https:\/\/www.la-maison-naturelle.com\/blog\/wp-content\/uploads\/2012\/05\/73a5f09c-2ef6-46dd-90d1-9cf73599e16b-1-249x300.png\" alt=\"Mat\u00e9riaux et bricolage\" width=\"249\" height=\"300\" srcset=\"https:\/\/www.la-maison-naturelle.com\/blog\/wp-content\/uploads\/2012\/05\/73a5f09c-2ef6-46dd-90d1-9cf73599e16b-1-249x300.png 249w, https:\/\/www.la-maison-naturelle.com\/blog\/wp-content\/uploads\/2012\/05\/73a5f09c-2ef6-46dd-90d1-9cf73599e16b-1.png 397w\" sizes=\"auto, (max-width: 249px) 100vw, 249px\" \/><\/a><\/td>\n<td><a href=\"https:\/\/www.la-maison-naturelle.com\/5266-amenagement-du-jardin\"><img loading=\"lazy\" decoding=\"async\" class=\"alignright size-medium wp-image-5564\" src=\"https:\/\/www.la-maison-naturelle.com\/blog\/wp-content\/uploads\/2012\/05\/9224811f-6da5-4d4d-8634-e9a2517a9565-1-249x300.png\" alt=\"Jardin et ext\u00e9rieur\" width=\"249\" height=\"300\" srcset=\"https:\/\/www.la-maison-naturelle.com\/blog\/wp-content\/uploads\/2012\/05\/9224811f-6da5-4d4d-8634-e9a2517a9565-1-249x300.png 249w, https:\/\/www.la-maison-naturelle.com\/blog\/wp-content\/uploads\/2012\/05\/9224811f-6da5-4d4d-8634-e9a2517a9565-1.png 397w\" sizes=\"auto, (max-width: 249px) 100vw, 249px\" \/><\/a><\/td>\n<td><a href=\"https:\/\/www.la-maison-naturelle.com\/5267-interieur-et-decoration\"><img loading=\"lazy\" decoding=\"async\" class=\"alignright size-medium wp-image-5563\" src=\"https:\/\/www.la-maison-naturelle.com\/blog\/wp-content\/uploads\/2012\/05\/b9400ea8-440a-4a4a-8db6-682fde3f9652-1-249x300.png\" alt=\"Int\u00e9rieur et d\u00e9coration\" width=\"249\" height=\"300\" srcset=\"https:\/\/www.la-maison-naturelle.com\/blog\/wp-content\/uploads\/2012\/05\/b9400ea8-440a-4a4a-8db6-682fde3f9652-1-249x300.png 249w, https:\/\/www.la-maison-naturelle.com\/blog\/wp-content\/uploads\/2012\/05\/b9400ea8-440a-4a4a-8db6-682fde3f9652-1.png 397w\" sizes=\"auto, (max-width: 249px) 100vw, 249px\" \/><\/a><\/td>\n<\/tr>\n<\/tbody>\n<\/table>\n<p>Le rayonnement solaire est compos\u00e9 de trois \u00e9l\u00e9ments : les ondes, la lumi\u00e8re et les infrarouges. Ce sont ces derniers, et plus particuli\u00e8rement l\u2019infrarouge lointain ou IRL, qui en constituent la plus grande partie et qui nous r\u00e9chauffent. C\u2019est dans ce contexte que le chauffage biotique est n\u00e9. Celui-ci est une sorte de reproduction du rayonnement chauffant du soleil par le biais de l\u2019IRL \u00e0 l\u2019int\u00e9rieur d\u2019un espace donn\u00e9.<\/p>\n<h2>De nombreux domaines d\u2019application<\/h2>\n<p>Le chauffage biotique n\u2019est pas une innovation r\u00e9cente, en tout cas pas de la derni\u00e8re d\u00e9cennie. En effet, ce sont les ing\u00e9nieurs de la NASA qui en ont fait la d\u00e9couverte vers la fin des ann\u00e9es 60. Ils ont fait appel \u00e0 ce nouveau type de chauffage dans le cadre de leurs missions spatiales. Plus tard, le chauffage biotique est entr\u00e9 dans l\u2019univers de la m\u00e9decine. Il a surtout \u00e9t\u00e9 utilis\u00e9 dans les h\u00f4pitaux, plus particuli\u00e8rement pour chauffer les couveuses. A cause de ses nombreux bienfaits, le chauffage biotique entre aussi aujourd\u2019hui dans le domaine du chauffage domestique. D\u00e9j\u00e0 pl\u00e9biscit\u00e9 aux Etats-Unis et en Allemagne, ce syst\u00e8me de chauffage a \u00e9t\u00e9 introduit sur le march\u00e9 du chauffage en France en 2013.<\/p>\n<h2>Comment fonctionne le chauffage biotique ?<\/h2>\n<p>Contrairement aux syst\u00e8mes de chauffage actuels qui chauffent l\u2019air par convection, le chauffage biotique fonctionne par \u00e9mission d\u2019ondes infrarouges lointains. Celles-ci se situent entre 5 et 20\u00b5m de la zone infrarouge du spectre des couleurs. Le chauffage biotique ne chauffe pas directement l\u2019air, mais les corps solides dont le mobilier, les murs, les plafonds et les corps humains, qui sont pr\u00e9sents dans la pi\u00e8ce. Ces masses deviennent ainsi des accumulateurs ou m\u00e9moires de chaleur qui restitueront la chaleur pour chauffer l\u2019air ambiant par la suite. La temp\u00e9rature reste ainsi uniforme dans toute la pi\u00e8ce contrairement au chauffage par convection o\u00f9 l\u2019on note une grande diff\u00e9rence entre la temp\u00e9rature au sol et celle au plafond.<\/p>\n<h2>Une sensation de chauffage plus agr\u00e9able<\/h2>\n<p>Le chauffage biotique ne brasse pas l\u2019air. Celui-ci reste pur, sain et non \u00e9touffant. Ce qui procure une sensation de confort optimale. Tous les inconv\u00e9nients dus au ph\u00e9nom\u00e8ne de la convection, \u00e0 savoir les yeux irrit\u00e9s, le nez qui coule, etc. sont des mauvais souvenirs avec le chauffage biotique. Finie aussi l\u2019humidit\u00e9 dans les murs. Le syst\u00e8me r\u00e9chauffe les murs et les ass\u00e8che en m\u00eame temps. En \u00e9tant chauff\u00e9s en permanence, ceux-ci ne seront plus humect\u00e9s.<\/p>\n<h2>Un syst\u00e8me b\u00e9n\u00e9fique pour la sant\u00e9<\/h2>\n<p>En plus de procurer une sensation de confort optimale, le chauffage biotique est aussi reconnu comme \u00e9tant b\u00e9n\u00e9fique pour la sant\u00e9. Contrairement aux rayons ultraviolets, les ondes IRL n\u2019alt\u00e8rent pas les tissus de la peau. Elles ne causent pas non plus de dommages sur la sant\u00e9. En ayant la capacit\u00e9 de p\u00e9n\u00e9trer en profondeur dans le corps, elles apportent m\u00eame de nombreux bienfaits pour ne citer que l\u2019am\u00e9lioration de la circulation sanguine, l\u2019\u00e9limination des toxines et des bact\u00e9ries, la stimulation du m\u00e9tabolisme, le rel\u00e2chement des muscles, etc. Le chauffage biotique soulagerait aussi les douleurs caus\u00e9es par l\u2019arthrite. A cause de tous ces bienfaits, le chauffage biotique est un sujet sur lequel se basent de nombreuses \u00e9tudes scientifiques aujourd\u2019hui. Le but \u00e9tant de r\u00e9v\u00e9ler les bienfaits de ce nouveau syst\u00e8me de chauffage sur le traitement de certaines maladies.<\/p>\n","protected":false},"excerpt":{"rendered":"","protected":false},"author":5,"featured_media":0,"comment_status":"open","ping_status":"open","sticky":false,"template":"","format":"standard","meta":{"footnotes":""},"categories":[4],"tags":[],"class_list":["post-3037","post","type-post","status-publish","format-standard","hentry","category-actualites-produits"],"_wp_attached_file":null,"_wp_attachment_metadata":null,"_wp_attachment_context":null,"_wp_attachment_image_alt":null,"_hf_settings":null,"hf_message_success":null,"hf_message_invalid_email":null,"hf_message_required_field_missing":null,"hf_message_error":null,"_menu_item_type":null,"_menu_item_menu_item_parent":null,"_menu_item_object_id":null,"_menu_item_object":null,"_menu_item_target":null,"_menu_item_classes":null,"_menu_item_xfn":null,"_menu_item_url":null,"_yoast_wpseo_primary_category":"4","_thumbnail_id":null,"_oembed_26d84b2c06432105b0a19987ae029a71":null,"_oembed_43e9e2dfde1b9b4ed91c9711026b7ef9":null,"_oembed_1fe1564764edbddc3b61e81acf52be88":null,"_oembed_df60f474cd845141e7ce6596d101e4a0":null,"_oembed_825e674795e2435c0bc66eb08e5d2c8b":null,"_oembed_time_825e674795e2435c0bc66eb08e5d2c8b":null,"_oembed_e917352ff4cc21ea91383201eeaa08cf":null,"_oembed_2363c16c972791c33e283320dc564fce":null,"_oembed_cc9ad5b5073a84776f6a62e33e6c7498":null,"_oembed_time_cc9ad5b5073a84776f6a62e33e6c7498":null,"_oembed_305147fcf4b856de518466e695c209cd":null,"_oembed_8517a877084ae01a5296813ee1d16a2b":null,"_oembed_2741f1556b243e68379198f98ba7f864":null,"_oembed_c3ffa24981451396c950ece2129da0f6":null,"_oembed_6f9091ebe2f3f5fcb5698ba6f4b41477":null,"_wp_old_slug":null,"_oembed_e4fb0f68ba12b85e9e231afe151ba12a":null,"_oembed_3c60e98bd703e617e67f5bbb3b97424d":null,"_oembed_bb060374498dcf40cb6068efe4be87e1":null,"_oembed_d0403e1e71c3a29020bd546b159480f1":null,"_oembed_b030ff17fbbbf8661c59c2ab8ff289eb":null,"_oembed_5cec699ba0631c6c0e4ba4f6af5f228e":null,"_oembed_b06a67f278b90cf4e8dd17cb12fe67b0":null,"_oembed_8e190e4fea2256f17420434651556236":null,"_oembed_b5ded119f1337916a0fc64d2ad85c95f":null,"_oembed_d9364a7a81be31c01415da2c50a48932":null,"_oembed_738cafa36d51a58e5ae3e458aa8f7584":null,"_oembed_ebcab5184b6b321b28efbcbec079859b":null,"_oembed_3dd9e35c2b7b268070e74da5b89cf937":null,"_oembed_e14b167b493e311a1c4e2aab38a463e8":null,"_oembed_dc8f7d108b38f3f0c2e0785b8bc46cae":null,"_oembed_55cf1c5142884afed312c2666bf27520":null,"_oembed_2292333bf03a956b4b61afafeff6bca0":null,"_oembed_82a986a6b900856fec23169de03a0038":null,"_oembed_4048ded025352b83569104210074165a":null,"_oembed_033b42b1af757abc39e4487233cee7f5":null,"_oembed_aec1d50f2b159366be8e37e94b201be1":null,"_oembed_0adc8480b2fcadf9a1733f572ce3d3f8":null,"_yoast_wpseo_title":null,"_yoast_wpseo_focuskw":null,"_yoast_wpseo_linkdex":null,"_yoast_wpseo_metadesc":null,"_yoast_wpseo_wordproof_timestamp":"","_tpl_archive_meta_key":null,"_form":null,"_mail":null,"_mail_2":null,"_messages":null,"_additional_settings":null,"_locale":null,"_wp_old_date":"2022-08-26","_edit_last":"5","_wpb_vc_js_status":"false","_yoast_wpseo_estimated-reading-time-minutes":"3","_edit_lock":"1691172188:5","_yoast_wpseo_content_score":"30","yoast_head":"<!-- This site is optimized with the Yoast SEO plugin v24.3 - https:\/\/yoast.com\/wordpress\/plugins\/seo\/ -->\n<title>L&#039;\u00e8re du chauffage biotique avec la r\u00e9flexion d&#039;ondes \u00e0 infrarouge lointains - La Maison naturelle | Blog<\/title>\n<meta name=\"robots\" content=\"index, follow, max-snippet:-1, max-image-preview:large, max-video-preview:-1\" \/>\n<link rel=\"canonical\" href=\"https:\/\/www.la-maison-naturelle.com\/blog\/le-chauffage-intelligent-l-ere-du-chauffage-biotique-avec-la-reflexion-d-ondes-a-infrarouge-loi\/\" \/>\n<meta property=\"og:locale\" content=\"fr_FR\" \/>\n<meta property=\"og:type\" content=\"article\" \/>\n<meta property=\"og:title\" content=\"L&#039;\u00e8re du chauffage biotique avec la r\u00e9flexion d&#039;ondes \u00e0 infrarouge lointains - La Maison naturelle | Blog\" \/>\n<meta property=\"og:url\" content=\"https:\/\/www.la-maison-naturelle.com\/blog\/le-chauffage-intelligent-l-ere-du-chauffage-biotique-avec-la-reflexion-d-ondes-a-infrarouge-loi\/\" \/>\n<meta property=\"og:site_name\" content=\"La Maison naturelle | Blog\" \/>\n<meta property=\"article:published_time\" content=\"2022-01-14T10:44:28+00:00\" \/>\n<meta property=\"article:modified_time\" content=\"2023-08-04T18:05:05+00:00\" \/>\n<meta property=\"og:image\" content=\"https:\/\/www.la-maison-naturelle.com\/blog\/wp-content\/uploads\/2012\/05\/Dark-Green-and-Gray-Professional-and-Clean-E-Commerce-Email-Header-300x35.png\" \/>\n<meta name=\"author\" content=\"Eloise\" \/>\n<meta name=\"twitter:card\" content=\"summary_large_image\" \/>\n<meta name=\"twitter:label1\" content=\"\u00c9crit par\" \/>\n\t<meta name=\"twitter:data1\" content=\"Eloise\" \/>\n\t<meta name=\"twitter:label2\" content=\"Dur\u00e9e de lecture estim\u00e9e\" \/>\n\t<meta name=\"twitter:data2\" content=\"3 minutes\" \/>\n<script type=\"application\/ld+json\" class=\"yoast-schema-graph\">{\"@context\":\"https:\/\/schema.org\",\"@graph\":[{\"@type\":\"Article\",\"@id\":\"https:\/\/www.la-maison-naturelle.com\/blog\/le-chauffage-intelligent-l-ere-du-chauffage-biotique-avec-la-reflexion-d-ondes-a-infrarouge-loi\/#article\",\"isPartOf\":{\"@id\":\"https:\/\/www.la-maison-naturelle.com\/blog\/le-chauffage-intelligent-l-ere-du-chauffage-biotique-avec-la-reflexion-d-ondes-a-infrarouge-loi\/\"},\"author\":{\"name\":\"Eloise\",\"@id\":\"https:\/\/www.la-maison-naturelle.com\/blog\/#\/schema\/person\/cad2a9ed80410189f0688441d546d43f\"},\"headline\":\"L&rsquo;\u00e8re du chauffage biotique avec la r\u00e9flexion d&rsquo;ondes \u00e0 infrarouge lointains\",\"datePublished\":\"2022-01-14T10:44:28+00:00\",\"dateModified\":\"2023-08-04T18:05:05+00:00\",\"mainEntityOfPage\":{\"@id\":\"https:\/\/www.la-maison-naturelle.com\/blog\/le-chauffage-intelligent-l-ere-du-chauffage-biotique-avec-la-reflexion-d-ondes-a-infrarouge-loi\/\"},\"wordCount\":12,\"commentCount\":0,\"publisher\":{\"@id\":\"https:\/\/www.la-maison-naturelle.com\/blog\/#organization\"},\"image\":{\"@id\":\"https:\/\/www.la-maison-naturelle.com\/blog\/le-chauffage-intelligent-l-ere-du-chauffage-biotique-avec-la-reflexion-d-ondes-a-infrarouge-loi\/#primaryimage\"},\"thumbnailUrl\":\"https:\/\/www.la-maison-naturelle.com\/blog\/wp-content\/uploads\/2012\/05\/Dark-Green-and-Gray-Professional-and-Clean-E-Commerce-Email-Header-300x35.png\",\"articleSection\":[\"Actualit\u00e9s produits\"],\"inLanguage\":\"fr-FR\",\"potentialAction\":[{\"@type\":\"CommentAction\",\"name\":\"Comment\",\"target\":[\"https:\/\/www.la-maison-naturelle.com\/blog\/le-chauffage-intelligent-l-ere-du-chauffage-biotique-avec-la-reflexion-d-ondes-a-infrarouge-loi\/#respond\"]}]},{\"@type\":\"WebPage\",\"@id\":\"https:\/\/www.la-maison-naturelle.com\/blog\/le-chauffage-intelligent-l-ere-du-chauffage-biotique-avec-la-reflexion-d-ondes-a-infrarouge-loi\/\",\"url\":\"https:\/\/www.la-maison-naturelle.com\/blog\/le-chauffage-intelligent-l-ere-du-chauffage-biotique-avec-la-reflexion-d-ondes-a-infrarouge-loi\/\",\"name\":\"L'\u00e8re du chauffage biotique avec la r\u00e9flexion d'ondes \u00e0 infrarouge lointains - La Maison naturelle | Blog\",\"isPartOf\":{\"@id\":\"https:\/\/www.la-maison-naturelle.com\/blog\/#website\"},\"primaryImageOfPage\":{\"@id\":\"https:\/\/www.la-maison-naturelle.com\/blog\/le-chauffage-intelligent-l-ere-du-chauffage-biotique-avec-la-reflexion-d-ondes-a-infrarouge-loi\/#primaryimage\"},\"image\":{\"@id\":\"https:\/\/www.la-maison-naturelle.com\/blog\/le-chauffage-intelligent-l-ere-du-chauffage-biotique-avec-la-reflexion-d-ondes-a-infrarouge-loi\/#primaryimage\"},\"thumbnailUrl\":\"https:\/\/www.la-maison-naturelle.com\/blog\/wp-content\/uploads\/2012\/05\/Dark-Green-and-Gray-Professional-and-Clean-E-Commerce-Email-Header-300x35.png\",\"datePublished\":\"2022-01-14T10:44:28+00:00\",\"dateModified\":\"2023-08-04T18:05:05+00:00\",\"breadcrumb\":{\"@id\":\"https:\/\/www.la-maison-naturelle.com\/blog\/le-chauffage-intelligent-l-ere-du-chauffage-biotique-avec-la-reflexion-d-ondes-a-infrarouge-loi\/#breadcrumb\"},\"inLanguage\":\"fr-FR\",\"potentialAction\":[{\"@type\":\"ReadAction\",\"target\":[\"https:\/\/www.la-maison-naturelle.com\/blog\/le-chauffage-intelligent-l-ere-du-chauffage-biotique-avec-la-reflexion-d-ondes-a-infrarouge-loi\/\"]}]},{\"@type\":\"ImageObject\",\"inLanguage\":\"fr-FR\",\"@id\":\"https:\/\/www.la-maison-naturelle.com\/blog\/le-chauffage-intelligent-l-ere-du-chauffage-biotique-avec-la-reflexion-d-ondes-a-infrarouge-loi\/#primaryimage\",\"url\":\"https:\/\/www.la-maison-naturelle.com\/blog\/wp-content\/uploads\/2012\/05\/Dark-Green-and-Gray-Professional-and-Clean-E-Commerce-Email-Header.png\",\"contentUrl\":\"https:\/\/www.la-maison-naturelle.com\/blog\/wp-content\/uploads\/2012\/05\/Dark-Green-and-Gray-Professional-and-Clean-E-Commerce-Email-Header.png\",\"width\":1578,\"height\":183},{\"@type\":\"BreadcrumbList\",\"@id\":\"https:\/\/www.la-maison-naturelle.com\/blog\/le-chauffage-intelligent-l-ere-du-chauffage-biotique-avec-la-reflexion-d-ondes-a-infrarouge-loi\/#breadcrumb\",\"itemListElement\":[{\"@type\":\"ListItem\",\"position\":1,\"name\":\"Accueil\",\"item\":\"https:\/\/www.la-maison-naturelle.com\/blog\/\"},{\"@type\":\"ListItem\",\"position\":2,\"name\":\"L&rsquo;\u00e8re du chauffage biotique avec la r\u00e9flexion d&rsquo;ondes \u00e0 infrarouge lointains\"}]},{\"@type\":\"WebSite\",\"@id\":\"https:\/\/www.la-maison-naturelle.com\/blog\/#website\",\"url\":\"https:\/\/www.la-maison-naturelle.com\/blog\/\",\"name\":\"La Maison naturelle | Blog\",\"description\":\"Blog de la Maison naturelle\",\"publisher\":{\"@id\":\"https:\/\/www.la-maison-naturelle.com\/blog\/#organization\"},\"potentialAction\":[{\"@type\":\"SearchAction\",\"target\":{\"@type\":\"EntryPoint\",\"urlTemplate\":\"https:\/\/www.la-maison-naturelle.com\/blog\/?s={search_term_string}\"},\"query-input\":{\"@type\":\"PropertyValueSpecification\",\"valueRequired\":true,\"valueName\":\"search_term_string\"}}],\"inLanguage\":\"fr-FR\"},{\"@type\":\"Organization\",\"@id\":\"https:\/\/www.la-maison-naturelle.com\/blog\/#organization\",\"name\":\"La Maison naturelle | Blog\",\"url\":\"https:\/\/www.la-maison-naturelle.com\/blog\/\",\"logo\":{\"@type\":\"ImageObject\",\"inLanguage\":\"fr-FR\",\"@id\":\"https:\/\/www.la-maison-naturelle.com\/blog\/#\/schema\/logo\/image\/\",\"url\":\"https:\/\/www.la-maison-naturelle.com\/blog\/wp-content\/uploads\/2021\/07\/maison-naturelle-logo.svg\",\"contentUrl\":\"https:\/\/www.la-maison-naturelle.com\/blog\/wp-content\/uploads\/2021\/07\/maison-naturelle-logo.svg\",\"width\":156,\"height\":64,\"caption\":\"La Maison naturelle | Blog\"},\"image\":{\"@id\":\"https:\/\/www.la-maison-naturelle.com\/blog\/#\/schema\/logo\/image\/\"}},{\"@type\":\"Person\",\"@id\":\"https:\/\/www.la-maison-naturelle.com\/blog\/#\/schema\/person\/cad2a9ed80410189f0688441d546d43f\",\"name\":\"Eloise\",\"image\":{\"@type\":\"ImageObject\",\"inLanguage\":\"fr-FR\",\"@id\":\"https:\/\/www.la-maison-naturelle.com\/blog\/#\/schema\/person\/image\/\",\"url\":\"https:\/\/secure.gravatar.com\/avatar\/344186806f5e8613d4a2109f3b0228a847a7c0858a8023778c44bdcfc1111df9?s=96&d=mm&r=g\",\"contentUrl\":\"https:\/\/secure.gravatar.com\/avatar\/344186806f5e8613d4a2109f3b0228a847a7c0858a8023778c44bdcfc1111df9?s=96&d=mm&r=g\",\"caption\":\"Eloise\"},\"sameAs\":[\"https:\/\/www.la-maison-naturelle.com\/\"],\"url\":\"https:\/\/www.la-maison-naturelle.com\/blog\/author\/idries\/\"}]}<\/script>\n<!-- \/ Yoast SEO plugin. -->","yoast_head_json":{"title":"L'\u00e8re du chauffage biotique avec la r\u00e9flexion d'ondes \u00e0 infrarouge lointains - La Maison naturelle | Blog","robots":{"index":"index","follow":"follow","max-snippet":"max-snippet:-1","max-image-preview":"max-image-preview:large","max-video-preview":"max-video-preview:-1"},"canonical":"https:\/\/www.la-maison-naturelle.com\/blog\/le-chauffage-intelligent-l-ere-du-chauffage-biotique-avec-la-reflexion-d-ondes-a-infrarouge-loi\/","og_locale":"fr_FR","og_type":"article","og_title":"L'\u00e8re du chauffage biotique avec la r\u00e9flexion d'ondes \u00e0 infrarouge lointains - La Maison naturelle | Blog","og_url":"https:\/\/www.la-maison-naturelle.com\/blog\/le-chauffage-intelligent-l-ere-du-chauffage-biotique-avec-la-reflexion-d-ondes-a-infrarouge-loi\/","og_site_name":"La Maison naturelle | Blog","article_published_time":"2022-01-14T10:44:28+00:00","article_modified_time":"2023-08-04T18:05:05+00:00","og_image":[{"url":"https:\/\/www.la-maison-naturelle.com\/blog\/wp-content\/uploads\/2012\/05\/Dark-Green-and-Gray-Professional-and-Clean-E-Commerce-Email-Header-300x35.png","type":"","width":"","height":""}],"author":"Eloise","twitter_card":"summary_large_image","twitter_misc":{"\u00c9crit par":"Eloise","Dur\u00e9e de lecture estim\u00e9e":"3 minutes"},"schema":{"@context":"https:\/\/schema.org","@graph":[{"@type":"Article","@id":"https:\/\/www.la-maison-naturelle.com\/blog\/le-chauffage-intelligent-l-ere-du-chauffage-biotique-avec-la-reflexion-d-ondes-a-infrarouge-loi\/#article","isPartOf":{"@id":"https:\/\/www.la-maison-naturelle.com\/blog\/le-chauffage-intelligent-l-ere-du-chauffage-biotique-avec-la-reflexion-d-ondes-a-infrarouge-loi\/"},"author":{"name":"Eloise","@id":"https:\/\/www.la-maison-naturelle.com\/blog\/#\/schema\/person\/cad2a9ed80410189f0688441d546d43f"},"headline":"L&rsquo;\u00e8re du chauffage biotique avec la r\u00e9flexion d&rsquo;ondes \u00e0 infrarouge lointains","datePublished":"2022-01-14T10:44:28+00:00","dateModified":"2023-08-04T18:05:05+00:00","mainEntityOfPage":{"@id":"https:\/\/www.la-maison-naturelle.com\/blog\/le-chauffage-intelligent-l-ere-du-chauffage-biotique-avec-la-reflexion-d-ondes-a-infrarouge-loi\/"},"wordCount":12,"commentCount":0,"publisher":{"@id":"https:\/\/www.la-maison-naturelle.com\/blog\/#organization"},"image":{"@id":"https:\/\/www.la-maison-naturelle.com\/blog\/le-chauffage-intelligent-l-ere-du-chauffage-biotique-avec-la-reflexion-d-ondes-a-infrarouge-loi\/#primaryimage"},"thumbnailUrl":"https:\/\/www.la-maison-naturelle.com\/blog\/wp-content\/uploads\/2012\/05\/Dark-Green-and-Gray-Professional-and-Clean-E-Commerce-Email-Header-300x35.png","articleSection":["Actualit\u00e9s produits"],"inLanguage":"fr-FR","potentialAction":[{"@type":"CommentAction","name":"Comment","target":["https:\/\/www.la-maison-naturelle.com\/blog\/le-chauffage-intelligent-l-ere-du-chauffage-biotique-avec-la-reflexion-d-ondes-a-infrarouge-loi\/#respond"]}]},{"@type":"WebPage","@id":"https:\/\/www.la-maison-naturelle.com\/blog\/le-chauffage-intelligent-l-ere-du-chauffage-biotique-avec-la-reflexion-d-ondes-a-infrarouge-loi\/","url":"https:\/\/www.la-maison-naturelle.com\/blog\/le-chauffage-intelligent-l-ere-du-chauffage-biotique-avec-la-reflexion-d-ondes-a-infrarouge-loi\/","name":"L'\u00e8re du chauffage biotique avec la r\u00e9flexion d'ondes \u00e0 infrarouge lointains - La Maison naturelle | Blog","isPartOf":{"@id":"https:\/\/www.la-maison-naturelle.com\/blog\/#website"},"primaryImageOfPage":{"@id":"https:\/\/www.la-maison-naturelle.com\/blog\/le-chauffage-intelligent-l-ere-du-chauffage-biotique-avec-la-reflexion-d-ondes-a-infrarouge-loi\/#primaryimage"},"image":{"@id":"https:\/\/www.la-maison-naturelle.com\/blog\/le-chauffage-intelligent-l-ere-du-chauffage-biotique-avec-la-reflexion-d-ondes-a-infrarouge-loi\/#primaryimage"},"thumbnailUrl":"https:\/\/www.la-maison-naturelle.com\/blog\/wp-content\/uploads\/2012\/05\/Dark-Green-and-Gray-Professional-and-Clean-E-Commerce-Email-Header-300x35.png","datePublished":"2022-01-14T10:44:28+00:00","dateModified":"2023-08-04T18:05:05+00:00","breadcrumb":{"@id":"https:\/\/www.la-maison-naturelle.com\/blog\/le-chauffage-intelligent-l-ere-du-chauffage-biotique-avec-la-reflexion-d-ondes-a-infrarouge-loi\/#breadcrumb"},"inLanguage":"fr-FR","potentialAction":[{"@type":"ReadAction","target":["https:\/\/www.la-maison-naturelle.com\/blog\/le-chauffage-intelligent-l-ere-du-chauffage-biotique-avec-la-reflexion-d-ondes-a-infrarouge-loi\/"]}]},{"@type":"ImageObject","inLanguage":"fr-FR","@id":"https:\/\/www.la-maison-naturelle.com\/blog\/le-chauffage-intelligent-l-ere-du-chauffage-biotique-avec-la-reflexion-d-ondes-a-infrarouge-loi\/#primaryimage","url":"https:\/\/www.la-maison-naturelle.com\/blog\/wp-content\/uploads\/2012\/05\/Dark-Green-and-Gray-Professional-and-Clean-E-Commerce-Email-Header.png","contentUrl":"https:\/\/www.la-maison-naturelle.com\/blog\/wp-content\/uploads\/2012\/05\/Dark-Green-and-Gray-Professional-and-Clean-E-Commerce-Email-Header.png","width":1578,"height":183},{"@type":"BreadcrumbList","@id":"https:\/\/www.la-maison-naturelle.com\/blog\/le-chauffage-intelligent-l-ere-du-chauffage-biotique-avec-la-reflexion-d-ondes-a-infrarouge-loi\/#breadcrumb","itemListElement":[{"@type":"ListItem","position":1,"name":"Accueil","item":"https:\/\/www.la-maison-naturelle.com\/blog\/"},{"@type":"ListItem","position":2,"name":"L&rsquo;\u00e8re du chauffage biotique avec la r\u00e9flexion d&rsquo;ondes \u00e0 infrarouge lointains"}]},{"@type":"WebSite","@id":"https:\/\/www.la-maison-naturelle.com\/blog\/#website","url":"https:\/\/www.la-maison-naturelle.com\/blog\/","name":"La Maison naturelle | Blog","description":"Blog de la Maison naturelle","publisher":{"@id":"https:\/\/www.la-maison-naturelle.com\/blog\/#organization"},"potentialAction":[{"@type":"SearchAction","target":{"@type":"EntryPoint","urlTemplate":"https:\/\/www.la-maison-naturelle.com\/blog\/?s={search_term_string}"},"query-input":{"@type":"PropertyValueSpecification","valueRequired":true,"valueName":"search_term_string"}}],"inLanguage":"fr-FR"},{"@type":"Organization","@id":"https:\/\/www.la-maison-naturelle.com\/blog\/#organization","name":"La Maison naturelle | Blog","url":"https:\/\/www.la-maison-naturelle.com\/blog\/","logo":{"@type":"ImageObject","inLanguage":"fr-FR","@id":"https:\/\/www.la-maison-naturelle.com\/blog\/#\/schema\/logo\/image\/","url":"https:\/\/www.la-maison-naturelle.com\/blog\/wp-content\/uploads\/2021\/07\/maison-naturelle-logo.svg","contentUrl":"https:\/\/www.la-maison-naturelle.com\/blog\/wp-content\/uploads\/2021\/07\/maison-naturelle-logo.svg","width":156,"height":64,"caption":"La Maison naturelle | Blog"},"image":{"@id":"https:\/\/www.la-maison-naturelle.com\/blog\/#\/schema\/logo\/image\/"}},{"@type":"Person","@id":"https:\/\/www.la-maison-naturelle.com\/blog\/#\/schema\/person\/cad2a9ed80410189f0688441d546d43f","name":"Eloise","image":{"@type":"ImageObject","inLanguage":"fr-FR","@id":"https:\/\/www.la-maison-naturelle.com\/blog\/#\/schema\/person\/image\/","url":"https:\/\/secure.gravatar.com\/avatar\/344186806f5e8613d4a2109f3b0228a847a7c0858a8023778c44bdcfc1111df9?s=96&d=mm&r=g","contentUrl":"https:\/\/secure.gravatar.com\/avatar\/344186806f5e8613d4a2109f3b0228a847a7c0858a8023778c44bdcfc1111df9?s=96&d=mm&r=g","caption":"Eloise"},"sameAs":["https:\/\/www.la-maison-naturelle.com\/"],"url":"https:\/\/www.la-maison-naturelle.com\/blog\/author\/idries\/"}]}},"_links":{"self":[{"href":"https:\/\/www.la-maison-naturelle.com\/blog\/wp-json\/wp\/v2\/posts\/3037","targetHints":{"allow":["GET"]}}],"collection":[{"href":"https:\/\/www.la-maison-naturelle.com\/blog\/wp-json\/wp\/v2\/posts"}],"about":[{"href":"https:\/\/www.la-maison-naturelle.com\/blog\/wp-json\/wp\/v2\/types\/post"}],"author":[{"embeddable":true,"href":"https:\/\/www.la-maison-naturelle.com\/blog\/wp-json\/wp\/v2\/users\/5"}],"replies":[{"embeddable":true,"href":"https:\/\/www.la-maison-naturelle.com\/blog\/wp-json\/wp\/v2\/comments?post=3037"}],"version-history":[{"count":3,"href":"https:\/\/www.la-maison-naturelle.com\/blog\/wp-json\/wp\/v2\/posts\/3037\/revisions"}],"predecessor-version":[{"id":5975,"href":"https:\/\/www.la-maison-naturelle.com\/blog\/wp-json\/wp\/v2\/posts\/3037\/revisions\/5975"}],"wp:attachment":[{"href":"https:\/\/www.la-maison-naturelle.com\/blog\/wp-json\/wp\/v2\/media?parent=3037"}],"wp:term":[{"taxonomy":"category","embeddable":true,"href":"https:\/\/www.la-maison-naturelle.com\/blog\/wp-json\/wp\/v2\/categories?post=3037"},{"taxonomy":"post_tag","embeddable":true,"href":"https:\/\/www.la-maison-naturelle.com\/blog\/wp-json\/wp\/v2\/tags?post=3037"}],"curies":[{"name":"wp","href":"https:\/\/api.w.org\/{rel}","templated":true}]}}