{"id":3005,"date":"2012-05-24T19:09:08","date_gmt":"2012-05-24T17:09:08","guid":{"rendered":"https:\/\/www.la-maison-naturelle.com\/blog\/?p=3005"},"modified":"2023-08-03T21:29:41","modified_gmt":"2023-08-03T19:29:41","slug":"habitat-participatif-contre-etalement-urbain-le-film-saga-cite-pour-expliquer","status":"publish","type":"post","link":"https:\/\/www.la-maison-naturelle.com\/blog\/habitat-participatif-contre-etalement-urbain-le-film-saga-cite-pour-expliquer\/","title":{"rendered":"Habitat participatif contre \u00e9talement urbain : le film SAGA CITE pour expliquer"},"content":{"rendered":"<p>Alors qu\u2019en France, les hautes autorit\u00e9s et les citoyens sont encore au stade de la prise de conscience des impacts de l\u2019am\u00e9nagement du territoire sur la qualit\u00e9 de vie et l\u2019environnement, au Canada, l\u2019on passe d\u00e9j\u00e0 au niveau sup\u00e9rieur. Les Qu\u00e9b\u00e9cois sont aujourd\u2019hui au stade de la mise en \u0153uvre des solutions et de la sensibilisation. A cet effet, l\u2019organisme Vivre en Ville a sorti un film d\u2019animation baptis\u00e9 \u00ab Saga Cit\u00e9 \u00bb qui a pour but de d\u00e9noncer les impacts n\u00e9gatifs de l\u2019\u00e9talement urbain. Ce film ne se contente pas de critiquer, mais apporte aussi des solutions ad\u00e9quates.<\/p>\n<h2>Qu\u2019est-ce que l\u2019\u00e9talement urbain ?<\/h2>\n<p>L\u2019\u00e9talement urbain est une expression p\u00e9jorative cr\u00e9\u00e9e pour d\u00e9signer le d\u00e9veloppement des espaces urbanis\u00e9s en p\u00e9riph\u00e9rie de la ville. L\u2019on parle aussi de p\u00e9riurbanisation, mais ce terme est beaucoup moins p\u00e9joratif que ce premier. Il y a \u00e9talement urbain lorsque le taux de croissance de la population est inf\u00e9rieur \u00e0 l\u2019augmentation des surfaces urbanis\u00e9es en p\u00e9riph\u00e9rie d\u2019une ville. Le d\u00e9veloppement et l\u2019accessibilit\u00e9 de l\u2019automobile, d\u2019un c\u00f4t\u00e9, et la recherche d\u2019un meilleur cadre de vie plus proche de la nature, de l\u2019autre, ce sont les deux principaux facteurs de l\u2019essor de l\u2019\u00e9talement urbain. La ville, \u00e0 cause de la pollution et des effets de l\u2019entassement, est devenue un milieu hostile, source de stress, pour tout le monde. L\u2019id\u00e9e de d\u00e9serter la ville pour s\u2019installer en p\u00e9riph\u00e9rie a donc germ\u00e9. L\u2019on parle aussi d\u2019urbanisation pavillonnaire puisque tout le monde a sa propre maison individuelle dont la superficie est plus grande que celle d\u2019un appartement dans un immeuble.<\/p>\n<h2>Etalement urbain, des impacts sur l\u2019environnement ?<\/h2>\n<p>Au lieu d\u2019am\u00e9liorer la qualit\u00e9 de vie comme on l\u2019esp\u00e9rait, l\u2019\u00e9talement urbain serait sur le point de la d\u00e9t\u00e9riorer. Pour preuve, les gens m\u00eame s\u2019ils habitent en p\u00e9riph\u00e9rie, continuent de travailler loin de leur lieu maison. Ils doivent alors se d\u00e9placer en voiture. La faible <a href=\"https:\/\/www.la-maison-naturelle.com\/blog\/la-densite-dun-isolant\/\" data-internallinksmanager029f6b8e52c=\"124\" title=\"Qu'est-ce que la densit\u00e9 d'un isolant ?\">densit\u00e9<\/a> du b\u00e2ti ne permettant pas le d\u00e9veloppement des transports collectifs. Chacun est oblig\u00e9 de prendre sa voiture. Par ailleurs, les trajets se rallongent avec l\u2019\u00e9loignement des infrastructures. Les gens sont oblig\u00e9s de parcourir plusieurs kilom\u00e8tres par jour pour aller au bureau, amener les enfants \u00e0 l\u2019\u00e9cole, aller au supermarch\u00e9, etc. Tout ceci est synonyme d\u2019utilisation abusive de l\u2019auto, et ainsi, d\u2019augmentation de l\u2019\u00e9mission des gaz \u00e0 effet de serre. Par cons\u00e9quent, l\u2019environnement se d\u00e9t\u00e9riore, ainsi que la qualit\u00e9 de vie. Au lieu de rendre la vie plus agr\u00e9able et plus saine, l\u2019\u00e9talement urbain serait donc n\u00e9faste.<\/p>\n<h2>\u00ab Saga Cit\u00e9 \u00bb, un dessin anim\u00e9 pour sensibiliser les \u00ab p\u00e9ri-urbains \u00bb<\/h2>\n<p>Conscient des impacts significatifs de l\u2019\u00e9talement urbain sur l\u2019environnement, l\u2019organisme canadien Vivre en Ville a con\u00e7u un dessin anim\u00e9 intitul\u00e9 \u00ab Saga Cit\u00e9 \u00bb ayant pour objectif de sensibiliser toutes les personnes qui sont concern\u00e9es par la p\u00e9riurbanisation. Dans ce film d\u2019animation de 16 minutes, l\u2019on parle de l\u2019histoire de la ville de Colvert et des actions mises en place par la mairesse et son \u00e9quipe pour lutter contre l\u2019\u00e9talement urbain. Le but est d\u2019am\u00e9liorer la qualit\u00e9 de vie des habitants \u00e0 travers la cr\u00e9ation de quartiers plus denses et mieux desservis. Au lieu de permettre l\u2019extension de la ville vers la p\u00e9riph\u00e9rie, la mairesse a resserr\u00e9 le p\u00e9rim\u00e8tre d\u2019urbanisation. Les habitants et les investisseurs n\u2019ont plus le droit de construire au-del\u00e0 d\u2019une certaine limite. Pour se faire de l\u2019argent, les promoteurs sont donc oblig\u00e9s de se d\u00e9p\u00eacher pour saisir les terrains disponibles restants ou encore agir sur ceux qui sont d\u00e9j\u00e0 occup\u00e9s. L\u2019on parle encore de reb\u00e2tir la ville sur elle-m\u00eame pour la rendre plus compacte et plus dense. Il est aussi question de b\u00e2tir des immeubles ou des habitats participatifs au lieu des maisons individuelles. En accueillant plus de monde et plus d\u2019\u00e9quipements, la ville r\u00e9cup\u00e8re ainsi les moyens financiers n\u00e9cessaires pour am\u00e9liorer la qualit\u00e9 de vie des habitants \u00e0 travers la cr\u00e9ation d\u2019espaces verts, de rues pi\u00e9tonnes, d\u2019infrastructures de loisirs \u00e0 proximit\u00e9, etc. Plus question d\u2019aller loin pour se divertir ou travailler. Tout se trouve \u00e0 proximit\u00e9. Les voitures ne seront plus incontournables. On accorde plus d\u2019importance aux transports collectifs, aux syst\u00e8mes permettant de r\u00e9duire les \u00e9missions de gaz \u00e0 effet de serre comme l\u2019auto-partage, le v\u00e9lo libre-service, etc. Tout ceci va contribuer \u00e0 r\u00e9duire les impacts sur l\u2019environnement.<\/p>\n<p>Voir le film : <a href=\"http:\/\/www.sagacite.org\/\">http:\/\/www.sagacite.org\/<\/a><\/p>\n","protected":false},"excerpt":{"rendered":"<p>Alors qu\u2019en France, les hautes autorit\u00e9s et les citoyens sont encore au stade de la prise de conscience des impacts de l\u2019am\u00e9nagement du territoire sur la qualit\u00e9 de vie et l\u2019environnement, au Canada, l\u2019on passe d\u00e9j\u00e0 au niveau sup\u00e9rieur. Les Qu\u00e9b\u00e9cois sont aujourd\u2019hui au stade de la mise en \u0153uvre des solutions et de la [&hellip;]<\/p>\n","protected":false},"author":5,"featured_media":0,"comment_status":"open","ping_status":"open","sticky":false,"template":"","format":"standard","meta":{"footnotes":""},"categories":[6],"tags":[],"class_list":["post-3005","post","type-post","status-publish","format-standard","hentry","category-les-dossiers"],"_wp_attached_file":null,"_wp_attachment_metadata":null,"_wp_attachment_context":null,"_wp_attachment_image_alt":null,"_hf_settings":null,"hf_message_success":null,"hf_message_invalid_email":null,"hf_message_required_field_missing":null,"hf_message_error":null,"_menu_item_type":null,"_menu_item_menu_item_parent":null,"_menu_item_object_id":null,"_menu_item_object":null,"_menu_item_target":null,"_menu_item_classes":null,"_menu_item_xfn":null,"_menu_item_url":null,"_yoast_wpseo_primary_category":"6","_thumbnail_id":null,"_oembed_26d84b2c06432105b0a19987ae029a71":null,"_oembed_43e9e2dfde1b9b4ed91c9711026b7ef9":null,"_oembed_1fe1564764edbddc3b61e81acf52be88":null,"_oembed_df60f474cd845141e7ce6596d101e4a0":null,"_oembed_825e674795e2435c0bc66eb08e5d2c8b":null,"_oembed_time_825e674795e2435c0bc66eb08e5d2c8b":null,"_oembed_e917352ff4cc21ea91383201eeaa08cf":null,"_oembed_2363c16c972791c33e283320dc564fce":null,"_oembed_cc9ad5b5073a84776f6a62e33e6c7498":null,"_oembed_time_cc9ad5b5073a84776f6a62e33e6c7498":null,"_oembed_305147fcf4b856de518466e695c209cd":null,"_oembed_8517a877084ae01a5296813ee1d16a2b":null,"_oembed_2741f1556b243e68379198f98ba7f864":null,"_oembed_c3ffa24981451396c950ece2129da0f6":null,"_oembed_6f9091ebe2f3f5fcb5698ba6f4b41477":null,"_wp_old_slug":null,"_oembed_e4fb0f68ba12b85e9e231afe151ba12a":null,"_oembed_3c60e98bd703e617e67f5bbb3b97424d":null,"_oembed_bb060374498dcf40cb6068efe4be87e1":null,"_oembed_d0403e1e71c3a29020bd546b159480f1":null,"_oembed_b030ff17fbbbf8661c59c2ab8ff289eb":null,"_oembed_5cec699ba0631c6c0e4ba4f6af5f228e":null,"_oembed_b06a67f278b90cf4e8dd17cb12fe67b0":null,"_oembed_8e190e4fea2256f17420434651556236":null,"_oembed_b5ded119f1337916a0fc64d2ad85c95f":null,"_oembed_d9364a7a81be31c01415da2c50a48932":null,"_oembed_738cafa36d51a58e5ae3e458aa8f7584":null,"_oembed_ebcab5184b6b321b28efbcbec079859b":null,"_oembed_3dd9e35c2b7b268070e74da5b89cf937":null,"_oembed_e14b167b493e311a1c4e2aab38a463e8":null,"_oembed_dc8f7d108b38f3f0c2e0785b8bc46cae":null,"_oembed_55cf1c5142884afed312c2666bf27520":null,"_oembed_2292333bf03a956b4b61afafeff6bca0":null,"_oembed_82a986a6b900856fec23169de03a0038":null,"_oembed_4048ded025352b83569104210074165a":null,"_oembed_033b42b1af757abc39e4487233cee7f5":null,"_oembed_aec1d50f2b159366be8e37e94b201be1":null,"_oembed_0adc8480b2fcadf9a1733f572ce3d3f8":null,"_yoast_wpseo_title":null,"_yoast_wpseo_focuskw":null,"_yoast_wpseo_linkdex":null,"_yoast_wpseo_metadesc":null,"_yoast_wpseo_wordproof_timestamp":null,"_tpl_archive_meta_key":null,"_form":null,"_mail":null,"_mail_2":null,"_messages":null,"_additional_settings":null,"_locale":null,"_wp_old_date":null,"_edit_last":"5","_wpb_vc_js_status":"false","_yoast_wpseo_estimated-reading-time-minutes":"4","_edit_lock":"1691090982:5","_yoast_wpseo_content_score":"30","yoast_head":"<!-- This site is optimized with the Yoast SEO plugin v24.3 - https:\/\/yoast.com\/wordpress\/plugins\/seo\/ -->\n<title>Habitat participatif contre \u00e9talement urbain : le film SAGA CITE pour expliquer - La Maison naturelle | Blog<\/title>\n<meta name=\"robots\" content=\"index, follow, max-snippet:-1, max-image-preview:large, max-video-preview:-1\" \/>\n<link rel=\"canonical\" href=\"https:\/\/www.la-maison-naturelle.com\/blog\/habitat-participatif-contre-etalement-urbain-le-film-saga-cite-pour-expliquer\/\" \/>\n<meta property=\"og:locale\" content=\"fr_FR\" \/>\n<meta property=\"og:type\" content=\"article\" \/>\n<meta property=\"og:title\" content=\"Habitat participatif contre \u00e9talement urbain : le film SAGA CITE pour expliquer - La Maison naturelle | Blog\" \/>\n<meta property=\"og:description\" content=\"Alors qu\u2019en France, les hautes autorit\u00e9s et les citoyens sont encore au stade de la prise de conscience des impacts de l\u2019am\u00e9nagement du territoire sur la qualit\u00e9 de vie et l\u2019environnement, au Canada, l\u2019on passe d\u00e9j\u00e0 au niveau sup\u00e9rieur. Les Qu\u00e9b\u00e9cois sont aujourd\u2019hui au stade de la mise en \u0153uvre des solutions et de la [&hellip;]\" \/>\n<meta property=\"og:url\" content=\"https:\/\/www.la-maison-naturelle.com\/blog\/habitat-participatif-contre-etalement-urbain-le-film-saga-cite-pour-expliquer\/\" \/>\n<meta property=\"og:site_name\" content=\"La Maison naturelle | Blog\" \/>\n<meta property=\"article:published_time\" content=\"2012-05-24T17:09:08+00:00\" \/>\n<meta property=\"article:modified_time\" content=\"2023-08-03T19:29:41+00:00\" \/>\n<meta name=\"author\" content=\"Eloise\" \/>\n<meta name=\"twitter:card\" content=\"summary_large_image\" \/>\n<meta name=\"twitter:label1\" content=\"\u00c9crit par\" \/>\n\t<meta name=\"twitter:data1\" content=\"Eloise\" \/>\n\t<meta name=\"twitter:label2\" content=\"Dur\u00e9e de lecture estim\u00e9e\" \/>\n\t<meta name=\"twitter:data2\" content=\"4 minutes\" \/>\n<script type=\"application\/ld+json\" class=\"yoast-schema-graph\">{\"@context\":\"https:\/\/schema.org\",\"@graph\":[{\"@type\":\"Article\",\"@id\":\"https:\/\/www.la-maison-naturelle.com\/blog\/habitat-participatif-contre-etalement-urbain-le-film-saga-cite-pour-expliquer\/#article\",\"isPartOf\":{\"@id\":\"https:\/\/www.la-maison-naturelle.com\/blog\/habitat-participatif-contre-etalement-urbain-le-film-saga-cite-pour-expliquer\/\"},\"author\":{\"name\":\"Eloise\",\"@id\":\"https:\/\/www.la-maison-naturelle.com\/blog\/#\/schema\/person\/cad2a9ed80410189f0688441d546d43f\"},\"headline\":\"Habitat participatif contre \u00e9talement urbain : le film SAGA CITE pour expliquer\",\"datePublished\":\"2012-05-24T17:09:08+00:00\",\"dateModified\":\"2023-08-03T19:29:41+00:00\",\"mainEntityOfPage\":{\"@id\":\"https:\/\/www.la-maison-naturelle.com\/blog\/habitat-participatif-contre-etalement-urbain-le-film-saga-cite-pour-expliquer\/\"},\"wordCount\":834,\"commentCount\":0,\"publisher\":{\"@id\":\"https:\/\/www.la-maison-naturelle.com\/blog\/#organization\"},\"articleSection\":[\"Les dossiers\"],\"inLanguage\":\"fr-FR\",\"potentialAction\":[{\"@type\":\"CommentAction\",\"name\":\"Comment\",\"target\":[\"https:\/\/www.la-maison-naturelle.com\/blog\/habitat-participatif-contre-etalement-urbain-le-film-saga-cite-pour-expliquer\/#respond\"]}]},{\"@type\":\"WebPage\",\"@id\":\"https:\/\/www.la-maison-naturelle.com\/blog\/habitat-participatif-contre-etalement-urbain-le-film-saga-cite-pour-expliquer\/\",\"url\":\"https:\/\/www.la-maison-naturelle.com\/blog\/habitat-participatif-contre-etalement-urbain-le-film-saga-cite-pour-expliquer\/\",\"name\":\"Habitat participatif contre \u00e9talement urbain : le film SAGA CITE pour expliquer - La Maison naturelle | Blog\",\"isPartOf\":{\"@id\":\"https:\/\/www.la-maison-naturelle.com\/blog\/#website\"},\"datePublished\":\"2012-05-24T17:09:08+00:00\",\"dateModified\":\"2023-08-03T19:29:41+00:00\",\"breadcrumb\":{\"@id\":\"https:\/\/www.la-maison-naturelle.com\/blog\/habitat-participatif-contre-etalement-urbain-le-film-saga-cite-pour-expliquer\/#breadcrumb\"},\"inLanguage\":\"fr-FR\",\"potentialAction\":[{\"@type\":\"ReadAction\",\"target\":[\"https:\/\/www.la-maison-naturelle.com\/blog\/habitat-participatif-contre-etalement-urbain-le-film-saga-cite-pour-expliquer\/\"]}]},{\"@type\":\"BreadcrumbList\",\"@id\":\"https:\/\/www.la-maison-naturelle.com\/blog\/habitat-participatif-contre-etalement-urbain-le-film-saga-cite-pour-expliquer\/#breadcrumb\",\"itemListElement\":[{\"@type\":\"ListItem\",\"position\":1,\"name\":\"Accueil\",\"item\":\"https:\/\/www.la-maison-naturelle.com\/blog\/\"},{\"@type\":\"ListItem\",\"position\":2,\"name\":\"Habitat participatif contre \u00e9talement urbain : le film SAGA CITE pour expliquer\"}]},{\"@type\":\"WebSite\",\"@id\":\"https:\/\/www.la-maison-naturelle.com\/blog\/#website\",\"url\":\"https:\/\/www.la-maison-naturelle.com\/blog\/\",\"name\":\"La Maison naturelle | Blog\",\"description\":\"Blog de la Maison naturelle\",\"publisher\":{\"@id\":\"https:\/\/www.la-maison-naturelle.com\/blog\/#organization\"},\"potentialAction\":[{\"@type\":\"SearchAction\",\"target\":{\"@type\":\"EntryPoint\",\"urlTemplate\":\"https:\/\/www.la-maison-naturelle.com\/blog\/?s={search_term_string}\"},\"query-input\":{\"@type\":\"PropertyValueSpecification\",\"valueRequired\":true,\"valueName\":\"search_term_string\"}}],\"inLanguage\":\"fr-FR\"},{\"@type\":\"Organization\",\"@id\":\"https:\/\/www.la-maison-naturelle.com\/blog\/#organization\",\"name\":\"La Maison naturelle | Blog\",\"url\":\"https:\/\/www.la-maison-naturelle.com\/blog\/\",\"logo\":{\"@type\":\"ImageObject\",\"inLanguage\":\"fr-FR\",\"@id\":\"https:\/\/www.la-maison-naturelle.com\/blog\/#\/schema\/logo\/image\/\",\"url\":\"https:\/\/www.la-maison-naturelle.com\/blog\/wp-content\/uploads\/2021\/07\/maison-naturelle-logo.svg\",\"contentUrl\":\"https:\/\/www.la-maison-naturelle.com\/blog\/wp-content\/uploads\/2021\/07\/maison-naturelle-logo.svg\",\"width\":156,\"height\":64,\"caption\":\"La Maison naturelle | Blog\"},\"image\":{\"@id\":\"https:\/\/www.la-maison-naturelle.com\/blog\/#\/schema\/logo\/image\/\"}},{\"@type\":\"Person\",\"@id\":\"https:\/\/www.la-maison-naturelle.com\/blog\/#\/schema\/person\/cad2a9ed80410189f0688441d546d43f\",\"name\":\"Eloise\",\"image\":{\"@type\":\"ImageObject\",\"inLanguage\":\"fr-FR\",\"@id\":\"https:\/\/www.la-maison-naturelle.com\/blog\/#\/schema\/person\/image\/\",\"url\":\"https:\/\/secure.gravatar.com\/avatar\/344186806f5e8613d4a2109f3b0228a847a7c0858a8023778c44bdcfc1111df9?s=96&d=mm&r=g\",\"contentUrl\":\"https:\/\/secure.gravatar.com\/avatar\/344186806f5e8613d4a2109f3b0228a847a7c0858a8023778c44bdcfc1111df9?s=96&d=mm&r=g\",\"caption\":\"Eloise\"},\"sameAs\":[\"https:\/\/www.la-maison-naturelle.com\/\"],\"url\":\"https:\/\/www.la-maison-naturelle.com\/blog\/author\/idries\/\"}]}<\/script>\n<!-- \/ Yoast SEO plugin. -->","yoast_head_json":{"title":"Habitat participatif contre \u00e9talement urbain : le film SAGA CITE pour expliquer - La Maison naturelle | Blog","robots":{"index":"index","follow":"follow","max-snippet":"max-snippet:-1","max-image-preview":"max-image-preview:large","max-video-preview":"max-video-preview:-1"},"canonical":"https:\/\/www.la-maison-naturelle.com\/blog\/habitat-participatif-contre-etalement-urbain-le-film-saga-cite-pour-expliquer\/","og_locale":"fr_FR","og_type":"article","og_title":"Habitat participatif contre \u00e9talement urbain : le film SAGA CITE pour expliquer - La Maison naturelle | Blog","og_description":"Alors qu\u2019en France, les hautes autorit\u00e9s et les citoyens sont encore au stade de la prise de conscience des impacts de l\u2019am\u00e9nagement du territoire sur la qualit\u00e9 de vie et l\u2019environnement, au Canada, l\u2019on passe d\u00e9j\u00e0 au niveau sup\u00e9rieur. Les Qu\u00e9b\u00e9cois sont aujourd\u2019hui au stade de la mise en \u0153uvre des solutions et de la [&hellip;]","og_url":"https:\/\/www.la-maison-naturelle.com\/blog\/habitat-participatif-contre-etalement-urbain-le-film-saga-cite-pour-expliquer\/","og_site_name":"La Maison naturelle | Blog","article_published_time":"2012-05-24T17:09:08+00:00","article_modified_time":"2023-08-03T19:29:41+00:00","author":"Eloise","twitter_card":"summary_large_image","twitter_misc":{"\u00c9crit par":"Eloise","Dur\u00e9e de lecture estim\u00e9e":"4 minutes"},"schema":{"@context":"https:\/\/schema.org","@graph":[{"@type":"Article","@id":"https:\/\/www.la-maison-naturelle.com\/blog\/habitat-participatif-contre-etalement-urbain-le-film-saga-cite-pour-expliquer\/#article","isPartOf":{"@id":"https:\/\/www.la-maison-naturelle.com\/blog\/habitat-participatif-contre-etalement-urbain-le-film-saga-cite-pour-expliquer\/"},"author":{"name":"Eloise","@id":"https:\/\/www.la-maison-naturelle.com\/blog\/#\/schema\/person\/cad2a9ed80410189f0688441d546d43f"},"headline":"Habitat participatif contre \u00e9talement urbain : le film SAGA CITE pour expliquer","datePublished":"2012-05-24T17:09:08+00:00","dateModified":"2023-08-03T19:29:41+00:00","mainEntityOfPage":{"@id":"https:\/\/www.la-maison-naturelle.com\/blog\/habitat-participatif-contre-etalement-urbain-le-film-saga-cite-pour-expliquer\/"},"wordCount":834,"commentCount":0,"publisher":{"@id":"https:\/\/www.la-maison-naturelle.com\/blog\/#organization"},"articleSection":["Les dossiers"],"inLanguage":"fr-FR","potentialAction":[{"@type":"CommentAction","name":"Comment","target":["https:\/\/www.la-maison-naturelle.com\/blog\/habitat-participatif-contre-etalement-urbain-le-film-saga-cite-pour-expliquer\/#respond"]}]},{"@type":"WebPage","@id":"https:\/\/www.la-maison-naturelle.com\/blog\/habitat-participatif-contre-etalement-urbain-le-film-saga-cite-pour-expliquer\/","url":"https:\/\/www.la-maison-naturelle.com\/blog\/habitat-participatif-contre-etalement-urbain-le-film-saga-cite-pour-expliquer\/","name":"Habitat participatif contre \u00e9talement urbain : le film SAGA CITE pour expliquer - La Maison naturelle | Blog","isPartOf":{"@id":"https:\/\/www.la-maison-naturelle.com\/blog\/#website"},"datePublished":"2012-05-24T17:09:08+00:00","dateModified":"2023-08-03T19:29:41+00:00","breadcrumb":{"@id":"https:\/\/www.la-maison-naturelle.com\/blog\/habitat-participatif-contre-etalement-urbain-le-film-saga-cite-pour-expliquer\/#breadcrumb"},"inLanguage":"fr-FR","potentialAction":[{"@type":"ReadAction","target":["https:\/\/www.la-maison-naturelle.com\/blog\/habitat-participatif-contre-etalement-urbain-le-film-saga-cite-pour-expliquer\/"]}]},{"@type":"BreadcrumbList","@id":"https:\/\/www.la-maison-naturelle.com\/blog\/habitat-participatif-contre-etalement-urbain-le-film-saga-cite-pour-expliquer\/#breadcrumb","itemListElement":[{"@type":"ListItem","position":1,"name":"Accueil","item":"https:\/\/www.la-maison-naturelle.com\/blog\/"},{"@type":"ListItem","position":2,"name":"Habitat participatif contre \u00e9talement urbain : le film SAGA CITE pour expliquer"}]},{"@type":"WebSite","@id":"https:\/\/www.la-maison-naturelle.com\/blog\/#website","url":"https:\/\/www.la-maison-naturelle.com\/blog\/","name":"La Maison naturelle | Blog","description":"Blog de la Maison naturelle","publisher":{"@id":"https:\/\/www.la-maison-naturelle.com\/blog\/#organization"},"potentialAction":[{"@type":"SearchAction","target":{"@type":"EntryPoint","urlTemplate":"https:\/\/www.la-maison-naturelle.com\/blog\/?s={search_term_string}"},"query-input":{"@type":"PropertyValueSpecification","valueRequired":true,"valueName":"search_term_string"}}],"inLanguage":"fr-FR"},{"@type":"Organization","@id":"https:\/\/www.la-maison-naturelle.com\/blog\/#organization","name":"La Maison naturelle | Blog","url":"https:\/\/www.la-maison-naturelle.com\/blog\/","logo":{"@type":"ImageObject","inLanguage":"fr-FR","@id":"https:\/\/www.la-maison-naturelle.com\/blog\/#\/schema\/logo\/image\/","url":"https:\/\/www.la-maison-naturelle.com\/blog\/wp-content\/uploads\/2021\/07\/maison-naturelle-logo.svg","contentUrl":"https:\/\/www.la-maison-naturelle.com\/blog\/wp-content\/uploads\/2021\/07\/maison-naturelle-logo.svg","width":156,"height":64,"caption":"La Maison naturelle | Blog"},"image":{"@id":"https:\/\/www.la-maison-naturelle.com\/blog\/#\/schema\/logo\/image\/"}},{"@type":"Person","@id":"https:\/\/www.la-maison-naturelle.com\/blog\/#\/schema\/person\/cad2a9ed80410189f0688441d546d43f","name":"Eloise","image":{"@type":"ImageObject","inLanguage":"fr-FR","@id":"https:\/\/www.la-maison-naturelle.com\/blog\/#\/schema\/person\/image\/","url":"https:\/\/secure.gravatar.com\/avatar\/344186806f5e8613d4a2109f3b0228a847a7c0858a8023778c44bdcfc1111df9?s=96&d=mm&r=g","contentUrl":"https:\/\/secure.gravatar.com\/avatar\/344186806f5e8613d4a2109f3b0228a847a7c0858a8023778c44bdcfc1111df9?s=96&d=mm&r=g","caption":"Eloise"},"sameAs":["https:\/\/www.la-maison-naturelle.com\/"],"url":"https:\/\/www.la-maison-naturelle.com\/blog\/author\/idries\/"}]}},"_links":{"self":[{"href":"https:\/\/www.la-maison-naturelle.com\/blog\/wp-json\/wp\/v2\/posts\/3005","targetHints":{"allow":["GET"]}}],"collection":[{"href":"https:\/\/www.la-maison-naturelle.com\/blog\/wp-json\/wp\/v2\/posts"}],"about":[{"href":"https:\/\/www.la-maison-naturelle.com\/blog\/wp-json\/wp\/v2\/types\/post"}],"author":[{"embeddable":true,"href":"https:\/\/www.la-maison-naturelle.com\/blog\/wp-json\/wp\/v2\/users\/5"}],"replies":[{"embeddable":true,"href":"https:\/\/www.la-maison-naturelle.com\/blog\/wp-json\/wp\/v2\/comments?post=3005"}],"version-history":[{"count":2,"href":"https:\/\/www.la-maison-naturelle.com\/blog\/wp-json\/wp\/v2\/posts\/3005\/revisions"}],"predecessor-version":[{"id":5249,"href":"https:\/\/www.la-maison-naturelle.com\/blog\/wp-json\/wp\/v2\/posts\/3005\/revisions\/5249"}],"wp:attachment":[{"href":"https:\/\/www.la-maison-naturelle.com\/blog\/wp-json\/wp\/v2\/media?parent=3005"}],"wp:term":[{"taxonomy":"category","embeddable":true,"href":"https:\/\/www.la-maison-naturelle.com\/blog\/wp-json\/wp\/v2\/categories?post=3005"},{"taxonomy":"post_tag","embeddable":true,"href":"https:\/\/www.la-maison-naturelle.com\/blog\/wp-json\/wp\/v2\/tags?post=3005"}],"curies":[{"name":"wp","href":"https:\/\/api.w.org\/{rel}","templated":true}]}}