{"id":2995,"date":"2021-08-25T11:03:32","date_gmt":"2021-08-25T09:03:32","guid":{"rendered":"https:\/\/www.la-maison-naturelle.com\/blog\/?p=2995"},"modified":"2023-07-29T09:41:44","modified_gmt":"2023-07-29T07:41:44","slug":"l-isolation-par-l-exterieur-la-solution-pour-reduire-vos-besoins-en-chauffage","status":"publish","type":"post","link":"https:\/\/www.la-maison-naturelle.com\/blog\/l-isolation-par-l-exterieur-la-solution-pour-reduire-vos-besoins-en-chauffage\/","title":{"rendered":"L\u2019isolation par l\u2019ext\u00e9rieur : la solution pour r\u00e9duire vos besoins en chauffage"},"content":{"rendered":"<p>Tout le monde le sait, un logement bien isol\u00e9 est la cl\u00e9 pour r\u00e9duire la facture d\u2019\u00e9nergie et limiter les besoins de chauffage. Il existe actuellement plusieurs m\u00e9thodes pour isoler un b\u00e2timent. Parmi celles-ci figure <a href=\"https:\/\/www.la-maison-naturelle.com\/3007-isolation-par-lexterieur\">l\u2019isolation par l\u2019ext\u00e9rieur<\/a>. L\u2019isolation par l\u2019ext\u00e9rieur n\u2019est pas la premi\u00e8re chose \u00e0 laquelle on pense forc\u00e9ment pour isoler \u00e0 cause de son co\u00fbt pouvant \u00eatre plus \u00e9lev\u00e9 et du manque d\u2019informations. Et pourtant, il s\u2019agit d\u2019une solution tr\u00e8s int\u00e9ressante en mati\u00e8re d\u2019isolation. Elle pr\u00e9sente trois\u00a0avantages simultan\u00e9s : une meilleure isolation, un gain de surface habitable et un rendu esth\u00e9tique optimis\u00e9.<\/p>\n<h2>Isoler par l\u2019ext\u00e9rieur : une solution performante<\/h2>\n<p>En recouvrant toute la fa\u00e7ade ext\u00e9rieure d\u2019un b\u00e2timent tel un manteau, l\u2019isolation par l\u2019ext\u00e9rieur est de loin la solution la plus int\u00e9ressante pour isoler un b\u00e2timent. Par rapport \u00e0 l\u2019isolation par l\u2019int\u00e9rieur, elle supprime plus de ponts thermiques. L\u2019\u00e9conomie d\u2019\u00e9nergie qu\u2019elle permet de faire peut aller jusqu\u2019\u00e0 25%. L\u2019isolation par l\u2019ext\u00e9rieur fonctionne tel un radiateur. Elle fait jouer ce qu\u2019on appelle l\u2019inertie thermique des murs, autrement dit elle a la capacit\u00e9 de faire restituer une grande partie de la chaleur emmagasin\u00e9e par les murs durant la p\u00e9riode chaude en hiver. Elle rend \u00e9galement les murs plus \u00e9tanches \u00e0 l\u2019air. En emp\u00eachant l\u2019air de passer, elle offre ainsi une meilleure isolation phonique.<\/p>\n<h2>L\u2019isolation par l\u2019ext\u00e9rieur pour embellir sa fa\u00e7ade<\/h2>\n<p>Isoler par l\u2019ext\u00e9rieur, c\u2019est comme offrir un nouveau v\u00eatement \u00e0 une maison. En plus de la r\u00e9chauffer, cette technique lui permet \u00e9galement d\u2019acqu\u00e9rir une meilleure apparence. L\u2019isolation par l\u2019ext\u00e9rieur est la solution \u00e0 privil\u00e9gier si vous souhaitez en m\u00eame temps isoler votre maison et ravaler votre fa\u00e7ade. Gr\u00e2ce aux nombreuses possibilit\u00e9s de rev\u00eatement qu\u2019elle offre pour ne citer que les parements, les panneaux, le m\u00e9tal, l\u2019ardoise et le bois, vous avez l\u2019embarras du choix pour embellir la fa\u00e7ade de votre maison. Mais aussi performante et int\u00e9ressante qu\u2019elle soit, l\u2019isolation par l\u2019ext\u00e9rieur est un projet qui doit \u00eatre pr\u00e9c\u00e9d\u00e9 d\u2019une \u00e9tude au pr\u00e9alable. Toutes les constructions ne sont pas habilit\u00e9es \u00e0 \u00eatre isol\u00e9es par l\u2019ext\u00e9rieur. Il est important d\u2019en analyser la faisabilit\u00e9 avant de commencer les travaux. Pour cela, faire appel \u00e0 un professionnel est plus recommand\u00e9.<\/p>\n<h2>Un projet d\u2019isolation par l\u2019ext\u00e9rieur : ce qu\u2019il faut savoir<\/h2>\n<h3>La compatibilit\u00e9 entre le support et l\u2019isolant<\/h3>\n<p>L\u2019une des questions qu\u2019il faut se poser avant de commencer les travaux est la compatibilit\u00e9 entre l\u2019isolant et le support. Certaines fa\u00e7ades sont effectivement plus difficiles \u00e0 traiter que d\u2019autres comme la fa\u00e7ade sculpt\u00e9e. En plus d\u2019\u00eatre compliqu\u00e9 \u00e0 travailler, ce type de fa\u00e7ade impliquera des co\u00fbts \u00e9lev\u00e9s. C\u2019est aussi la m\u00eame chose pour la fa\u00e7ade en pl\u00e2tre. Comme ce mat\u00e9riau a besoin de respirer, ajouter un isolant risquerait de le nuire et de raccourcir sa dur\u00e9e de vie. Enfin, il n\u2019est pas conseill\u00e9 d\u2019isoler une fa\u00e7ade en granit. C\u2019est un mat\u00e9riau tr\u00e8s dur, donc plus difficile \u00e0 travailler.<\/p>\n<h3>Faut-il une autorisation ?<\/h3>\n<p>L\u2019isolation par l\u2019ext\u00e9rieur fait partie des travaux de grande ampleur qui n\u00e9cessitent une d\u00e9claration au pr\u00e9alable. Vous devrez v\u00e9rifier aupr\u00e8s de votre mairie le Plan Local d\u2019Urbanisme pour prendre connaissance des r\u00e8gles qui r\u00e9gissent ce type de travaux dans votre r\u00e9gion. Cette \u00e9tape est cruciale pour v\u00e9rifier si certains mat\u00e9riaux ne sont pas interdits dans votre r\u00e9gion. De m\u00eame, il est aussi n\u00e9cessaire de se renseigner aupr\u00e8s des services d\u2019urbanisme pour savoir si les changements architecturaux que vous vous appr\u00eatez \u00e0 r\u00e9aliser ne contreviendraient pas. Par ailleurs, si vous projetez d\u2019agir sur un mur mitoyen, il est obligatoire d\u2019obtenir l\u2019autorisation du voisin avant le d\u00e9but des travaux.<\/p>\n<h3>Le prix d\u2019une isolation par l\u2019ext\u00e9rieur<\/h3>\n<p>Le co\u00fbt des travaux d\u2019isolation par l\u2019ext\u00e9rieur oscille g\u00e9n\u00e9ralement entre 20 et 40\u20ac\/m\u00b2 hors main d\u2019\u0153uvre. Ce prix varie en fonction de l\u2019isolant et du rev\u00eatement choisis. Pour all\u00e9ger le budget, il est possible de b\u00e9n\u00e9ficier des aides propos\u00e9es par l\u2019Etat ou par certains organismes dont l\u2019ANAH. Cette derni\u00e8re propose une subvention pour les travaux d\u2019isolation. L\u2019isolation par l\u2019ext\u00e9rieur ouvre aussi droit \u00e0 un cr\u00e9dit d\u2019imp\u00f4t de 22% sur le prix des mat\u00e9riaux achet\u00e9s.<\/p>\n<h3>Bien choisir une entreprise d\u2019isolation<\/h3>\n<p>Faire appel \u00e0 un professionnel est indispensable quand on entreprend d\u2019isoler par l\u2019ext\u00e9rieur. Non seulement, il s\u2019agit d\u2019une op\u00e9ration complexe qui requiert des comp\u00e9tences accrues, mais pour b\u00e9n\u00e9ficier des aides financi\u00e8res existantes, l\u2019intervention d\u2019un professionnel est aussi obligatoire. Pour bien choisir une entreprise d\u2019isolation, il est essentiel de v\u00e9rifier l\u2019exp\u00e9rience et le s\u00e9rieux qu\u2019elle poss\u00e8de. Est-ce qu\u2019elle a d\u00e9j\u00e0 g\u00e9r\u00e9 des chantiers d\u2019isolation par l\u2019ext\u00e9rieur auparavant ? Elle serait plus \u00e0 m\u00eame de choisir le mat\u00e9riau id\u00e9al ainsi que l\u2019\u00e9paisseur qu\u2019il faut dans ce cas. A ne pas oublier que plusieurs corps de m\u00e9tiers peuvent \u00eatre impliqu\u00e9s dans des travaux d\u2019isolation par l\u2019ext\u00e9rieur tels que le ma\u00e7on, le zingueur, le charpentier ou le couvreur. Le mieux serait de faire appel \u00e0 un ma\u00eetre d\u2019\u0153uvre qui se chargera de coordonner l\u2019ensemble des travaux.<\/p>\n","protected":false},"excerpt":{"rendered":"<p>Tout le monde le sait, un logement bien isol\u00e9 est la cl\u00e9 pour r\u00e9duire la facture d\u2019\u00e9nergie et limiter les besoins de chauffage. Il existe actuellement plusieurs m\u00e9thodes pour isoler un b\u00e2timent. Parmi celles-ci figure l\u2019isolation par l\u2019ext\u00e9rieur. L\u2019isolation par l\u2019ext\u00e9rieur n\u2019est pas la premi\u00e8re chose \u00e0 laquelle on pense forc\u00e9ment pour isoler \u00e0 cause [&hellip;]<\/p>\n","protected":false},"author":5,"featured_media":3491,"comment_status":"open","ping_status":"open","sticky":false,"template":"","format":"standard","meta":{"footnotes":""},"categories":[6],"tags":[],"class_list":["post-2995","post","type-post","status-publish","format-standard","has-post-thumbnail","hentry","category-les-dossiers"],"_wp_attached_file":null,"_wp_attachment_metadata":null,"_wp_attachment_context":null,"_wp_attachment_image_alt":null,"_hf_settings":null,"hf_message_success":null,"hf_message_invalid_email":null,"hf_message_required_field_missing":null,"hf_message_error":null,"_menu_item_type":null,"_menu_item_menu_item_parent":null,"_menu_item_object_id":null,"_menu_item_object":null,"_menu_item_target":null,"_menu_item_classes":null,"_menu_item_xfn":null,"_menu_item_url":null,"_yoast_wpseo_primary_category":"6","_thumbnail_id":"3491","_oembed_26d84b2c06432105b0a19987ae029a71":null,"_oembed_43e9e2dfde1b9b4ed91c9711026b7ef9":null,"_oembed_1fe1564764edbddc3b61e81acf52be88":null,"_oembed_df60f474cd845141e7ce6596d101e4a0":null,"_oembed_825e674795e2435c0bc66eb08e5d2c8b":null,"_oembed_time_825e674795e2435c0bc66eb08e5d2c8b":null,"_oembed_e917352ff4cc21ea91383201eeaa08cf":null,"_oembed_2363c16c972791c33e283320dc564fce":null,"_oembed_cc9ad5b5073a84776f6a62e33e6c7498":null,"_oembed_time_cc9ad5b5073a84776f6a62e33e6c7498":null,"_oembed_305147fcf4b856de518466e695c209cd":null,"_oembed_8517a877084ae01a5296813ee1d16a2b":null,"_oembed_2741f1556b243e68379198f98ba7f864":null,"_oembed_c3ffa24981451396c950ece2129da0f6":null,"_oembed_6f9091ebe2f3f5fcb5698ba6f4b41477":null,"_wp_old_slug":null,"_oembed_e4fb0f68ba12b85e9e231afe151ba12a":null,"_oembed_3c60e98bd703e617e67f5bbb3b97424d":null,"_oembed_bb060374498dcf40cb6068efe4be87e1":null,"_oembed_d0403e1e71c3a29020bd546b159480f1":null,"_oembed_b030ff17fbbbf8661c59c2ab8ff289eb":null,"_oembed_5cec699ba0631c6c0e4ba4f6af5f228e":null,"_oembed_b06a67f278b90cf4e8dd17cb12fe67b0":null,"_oembed_8e190e4fea2256f17420434651556236":null,"_oembed_b5ded119f1337916a0fc64d2ad85c95f":null,"_oembed_d9364a7a81be31c01415da2c50a48932":null,"_oembed_738cafa36d51a58e5ae3e458aa8f7584":null,"_oembed_ebcab5184b6b321b28efbcbec079859b":null,"_oembed_3dd9e35c2b7b268070e74da5b89cf937":null,"_oembed_e14b167b493e311a1c4e2aab38a463e8":null,"_oembed_dc8f7d108b38f3f0c2e0785b8bc46cae":null,"_oembed_55cf1c5142884afed312c2666bf27520":null,"_oembed_2292333bf03a956b4b61afafeff6bca0":null,"_oembed_82a986a6b900856fec23169de03a0038":null,"_oembed_4048ded025352b83569104210074165a":null,"_oembed_033b42b1af757abc39e4487233cee7f5":null,"_oembed_aec1d50f2b159366be8e37e94b201be1":null,"_oembed_0adc8480b2fcadf9a1733f572ce3d3f8":null,"_yoast_wpseo_title":null,"_yoast_wpseo_focuskw":null,"_yoast_wpseo_linkdex":null,"_yoast_wpseo_metadesc":null,"_yoast_wpseo_wordproof_timestamp":"","_tpl_archive_meta_key":null,"_form":null,"_mail":null,"_mail_2":null,"_messages":null,"_additional_settings":null,"_locale":null,"_wp_old_date":null,"_edit_last":"5","_wpb_vc_js_status":"false","_yoast_wpseo_estimated-reading-time-minutes":"5","_edit_lock":"1690616362:5","_yoast_wpseo_content_score":"90","yoast_head":"<!-- This site is optimized with the Yoast SEO plugin v24.3 - https:\/\/yoast.com\/wordpress\/plugins\/seo\/ -->\n<title>L\u2019isolation par l\u2019ext\u00e9rieur : la solution pour r\u00e9duire vos besoins en chauffage - La Maison naturelle | Blog<\/title>\n<meta name=\"robots\" content=\"index, follow, max-snippet:-1, max-image-preview:large, max-video-preview:-1\" \/>\n<link rel=\"canonical\" href=\"https:\/\/www.la-maison-naturelle.com\/blog\/l-isolation-par-l-exterieur-la-solution-pour-reduire-vos-besoins-en-chauffage\/\" \/>\n<meta property=\"og:locale\" content=\"fr_FR\" \/>\n<meta property=\"og:type\" content=\"article\" \/>\n<meta property=\"og:title\" content=\"L\u2019isolation par l\u2019ext\u00e9rieur : la solution pour r\u00e9duire vos besoins en chauffage - La Maison naturelle | Blog\" \/>\n<meta property=\"og:description\" content=\"Tout le monde le sait, un logement bien isol\u00e9 est la cl\u00e9 pour r\u00e9duire la facture d\u2019\u00e9nergie et limiter les besoins de chauffage. Il existe actuellement plusieurs m\u00e9thodes pour isoler un b\u00e2timent. Parmi celles-ci figure l\u2019isolation par l\u2019ext\u00e9rieur. L\u2019isolation par l\u2019ext\u00e9rieur n\u2019est pas la premi\u00e8re chose \u00e0 laquelle on pense forc\u00e9ment pour isoler \u00e0 cause [&hellip;]\" \/>\n<meta property=\"og:url\" content=\"https:\/\/www.la-maison-naturelle.com\/blog\/l-isolation-par-l-exterieur-la-solution-pour-reduire-vos-besoins-en-chauffage\/\" \/>\n<meta property=\"og:site_name\" content=\"La Maison naturelle | Blog\" \/>\n<meta property=\"article:published_time\" content=\"2021-08-25T09:03:32+00:00\" \/>\n<meta property=\"article:modified_time\" content=\"2023-07-29T07:41:44+00:00\" \/>\n<meta property=\"og:image\" content=\"https:\/\/www.la-maison-naturelle.com\/blog\/wp-content\/uploads\/2015\/05\/57F434DF-A8E2-4035-A508-F06AC29440B9.jpeg\" \/>\n\t<meta property=\"og:image:width\" content=\"748\" \/>\n\t<meta property=\"og:image:height\" content=\"423\" \/>\n\t<meta property=\"og:image:type\" content=\"image\/jpeg\" \/>\n<meta name=\"author\" content=\"Eloise\" \/>\n<meta name=\"twitter:card\" content=\"summary_large_image\" \/>\n<meta name=\"twitter:label1\" content=\"\u00c9crit par\" \/>\n\t<meta name=\"twitter:data1\" content=\"Eloise\" \/>\n\t<meta name=\"twitter:label2\" content=\"Dur\u00e9e de lecture estim\u00e9e\" \/>\n\t<meta name=\"twitter:data2\" content=\"5 minutes\" \/>\n<script type=\"application\/ld+json\" class=\"yoast-schema-graph\">{\"@context\":\"https:\/\/schema.org\",\"@graph\":[{\"@type\":\"Article\",\"@id\":\"https:\/\/www.la-maison-naturelle.com\/blog\/l-isolation-par-l-exterieur-la-solution-pour-reduire-vos-besoins-en-chauffage\/#article\",\"isPartOf\":{\"@id\":\"https:\/\/www.la-maison-naturelle.com\/blog\/l-isolation-par-l-exterieur-la-solution-pour-reduire-vos-besoins-en-chauffage\/\"},\"author\":{\"name\":\"Eloise\",\"@id\":\"https:\/\/www.la-maison-naturelle.com\/blog\/#\/schema\/person\/cad2a9ed80410189f0688441d546d43f\"},\"headline\":\"L\u2019isolation par l\u2019ext\u00e9rieur : la solution pour r\u00e9duire vos besoins en chauffage\",\"datePublished\":\"2021-08-25T09:03:32+00:00\",\"dateModified\":\"2023-07-29T07:41:44+00:00\",\"mainEntityOfPage\":{\"@id\":\"https:\/\/www.la-maison-naturelle.com\/blog\/l-isolation-par-l-exterieur-la-solution-pour-reduire-vos-besoins-en-chauffage\/\"},\"wordCount\":1003,\"commentCount\":0,\"publisher\":{\"@id\":\"https:\/\/www.la-maison-naturelle.com\/blog\/#organization\"},\"image\":{\"@id\":\"https:\/\/www.la-maison-naturelle.com\/blog\/l-isolation-par-l-exterieur-la-solution-pour-reduire-vos-besoins-en-chauffage\/#primaryimage\"},\"thumbnailUrl\":\"https:\/\/www.la-maison-naturelle.com\/blog\/wp-content\/uploads\/2015\/05\/57F434DF-A8E2-4035-A508-F06AC29440B9.jpeg\",\"articleSection\":[\"Les dossiers\"],\"inLanguage\":\"fr-FR\",\"potentialAction\":[{\"@type\":\"CommentAction\",\"name\":\"Comment\",\"target\":[\"https:\/\/www.la-maison-naturelle.com\/blog\/l-isolation-par-l-exterieur-la-solution-pour-reduire-vos-besoins-en-chauffage\/#respond\"]}]},{\"@type\":\"WebPage\",\"@id\":\"https:\/\/www.la-maison-naturelle.com\/blog\/l-isolation-par-l-exterieur-la-solution-pour-reduire-vos-besoins-en-chauffage\/\",\"url\":\"https:\/\/www.la-maison-naturelle.com\/blog\/l-isolation-par-l-exterieur-la-solution-pour-reduire-vos-besoins-en-chauffage\/\",\"name\":\"L\u2019isolation par l\u2019ext\u00e9rieur : la solution pour r\u00e9duire vos besoins en chauffage - La Maison naturelle | Blog\",\"isPartOf\":{\"@id\":\"https:\/\/www.la-maison-naturelle.com\/blog\/#website\"},\"primaryImageOfPage\":{\"@id\":\"https:\/\/www.la-maison-naturelle.com\/blog\/l-isolation-par-l-exterieur-la-solution-pour-reduire-vos-besoins-en-chauffage\/#primaryimage\"},\"image\":{\"@id\":\"https:\/\/www.la-maison-naturelle.com\/blog\/l-isolation-par-l-exterieur-la-solution-pour-reduire-vos-besoins-en-chauffage\/#primaryimage\"},\"thumbnailUrl\":\"https:\/\/www.la-maison-naturelle.com\/blog\/wp-content\/uploads\/2015\/05\/57F434DF-A8E2-4035-A508-F06AC29440B9.jpeg\",\"datePublished\":\"2021-08-25T09:03:32+00:00\",\"dateModified\":\"2023-07-29T07:41:44+00:00\",\"breadcrumb\":{\"@id\":\"https:\/\/www.la-maison-naturelle.com\/blog\/l-isolation-par-l-exterieur-la-solution-pour-reduire-vos-besoins-en-chauffage\/#breadcrumb\"},\"inLanguage\":\"fr-FR\",\"potentialAction\":[{\"@type\":\"ReadAction\",\"target\":[\"https:\/\/www.la-maison-naturelle.com\/blog\/l-isolation-par-l-exterieur-la-solution-pour-reduire-vos-besoins-en-chauffage\/\"]}]},{\"@type\":\"ImageObject\",\"inLanguage\":\"fr-FR\",\"@id\":\"https:\/\/www.la-maison-naturelle.com\/blog\/l-isolation-par-l-exterieur-la-solution-pour-reduire-vos-besoins-en-chauffage\/#primaryimage\",\"url\":\"https:\/\/www.la-maison-naturelle.com\/blog\/wp-content\/uploads\/2015\/05\/57F434DF-A8E2-4035-A508-F06AC29440B9.jpeg\",\"contentUrl\":\"https:\/\/www.la-maison-naturelle.com\/blog\/wp-content\/uploads\/2015\/05\/57F434DF-A8E2-4035-A508-F06AC29440B9.jpeg\",\"width\":748,\"height\":423},{\"@type\":\"BreadcrumbList\",\"@id\":\"https:\/\/www.la-maison-naturelle.com\/blog\/l-isolation-par-l-exterieur-la-solution-pour-reduire-vos-besoins-en-chauffage\/#breadcrumb\",\"itemListElement\":[{\"@type\":\"ListItem\",\"position\":1,\"name\":\"Accueil\",\"item\":\"https:\/\/www.la-maison-naturelle.com\/blog\/\"},{\"@type\":\"ListItem\",\"position\":2,\"name\":\"L\u2019isolation par l\u2019ext\u00e9rieur : la solution pour r\u00e9duire vos besoins en chauffage\"}]},{\"@type\":\"WebSite\",\"@id\":\"https:\/\/www.la-maison-naturelle.com\/blog\/#website\",\"url\":\"https:\/\/www.la-maison-naturelle.com\/blog\/\",\"name\":\"La Maison naturelle | Blog\",\"description\":\"Blog de la Maison naturelle\",\"publisher\":{\"@id\":\"https:\/\/www.la-maison-naturelle.com\/blog\/#organization\"},\"potentialAction\":[{\"@type\":\"SearchAction\",\"target\":{\"@type\":\"EntryPoint\",\"urlTemplate\":\"https:\/\/www.la-maison-naturelle.com\/blog\/?s={search_term_string}\"},\"query-input\":{\"@type\":\"PropertyValueSpecification\",\"valueRequired\":true,\"valueName\":\"search_term_string\"}}],\"inLanguage\":\"fr-FR\"},{\"@type\":\"Organization\",\"@id\":\"https:\/\/www.la-maison-naturelle.com\/blog\/#organization\",\"name\":\"La Maison naturelle | Blog\",\"url\":\"https:\/\/www.la-maison-naturelle.com\/blog\/\",\"logo\":{\"@type\":\"ImageObject\",\"inLanguage\":\"fr-FR\",\"@id\":\"https:\/\/www.la-maison-naturelle.com\/blog\/#\/schema\/logo\/image\/\",\"url\":\"https:\/\/www.la-maison-naturelle.com\/blog\/wp-content\/uploads\/2021\/07\/maison-naturelle-logo.svg\",\"contentUrl\":\"https:\/\/www.la-maison-naturelle.com\/blog\/wp-content\/uploads\/2021\/07\/maison-naturelle-logo.svg\",\"width\":156,\"height\":64,\"caption\":\"La Maison naturelle | Blog\"},\"image\":{\"@id\":\"https:\/\/www.la-maison-naturelle.com\/blog\/#\/schema\/logo\/image\/\"}},{\"@type\":\"Person\",\"@id\":\"https:\/\/www.la-maison-naturelle.com\/blog\/#\/schema\/person\/cad2a9ed80410189f0688441d546d43f\",\"name\":\"Eloise\",\"image\":{\"@type\":\"ImageObject\",\"inLanguage\":\"fr-FR\",\"@id\":\"https:\/\/www.la-maison-naturelle.com\/blog\/#\/schema\/person\/image\/\",\"url\":\"https:\/\/secure.gravatar.com\/avatar\/344186806f5e8613d4a2109f3b0228a847a7c0858a8023778c44bdcfc1111df9?s=96&d=mm&r=g\",\"contentUrl\":\"https:\/\/secure.gravatar.com\/avatar\/344186806f5e8613d4a2109f3b0228a847a7c0858a8023778c44bdcfc1111df9?s=96&d=mm&r=g\",\"caption\":\"Eloise\"},\"sameAs\":[\"https:\/\/www.la-maison-naturelle.com\/\"],\"url\":\"https:\/\/www.la-maison-naturelle.com\/blog\/author\/idries\/\"}]}<\/script>\n<!-- \/ Yoast SEO plugin. -->","yoast_head_json":{"title":"L\u2019isolation par l\u2019ext\u00e9rieur : la solution pour r\u00e9duire vos besoins en chauffage - La Maison naturelle | Blog","robots":{"index":"index","follow":"follow","max-snippet":"max-snippet:-1","max-image-preview":"max-image-preview:large","max-video-preview":"max-video-preview:-1"},"canonical":"https:\/\/www.la-maison-naturelle.com\/blog\/l-isolation-par-l-exterieur-la-solution-pour-reduire-vos-besoins-en-chauffage\/","og_locale":"fr_FR","og_type":"article","og_title":"L\u2019isolation par l\u2019ext\u00e9rieur : la solution pour r\u00e9duire vos besoins en chauffage - La Maison naturelle | Blog","og_description":"Tout le monde le sait, un logement bien isol\u00e9 est la cl\u00e9 pour r\u00e9duire la facture d\u2019\u00e9nergie et limiter les besoins de chauffage. Il existe actuellement plusieurs m\u00e9thodes pour isoler un b\u00e2timent. Parmi celles-ci figure l\u2019isolation par l\u2019ext\u00e9rieur. L\u2019isolation par l\u2019ext\u00e9rieur n\u2019est pas la premi\u00e8re chose \u00e0 laquelle on pense forc\u00e9ment pour isoler \u00e0 cause [&hellip;]","og_url":"https:\/\/www.la-maison-naturelle.com\/blog\/l-isolation-par-l-exterieur-la-solution-pour-reduire-vos-besoins-en-chauffage\/","og_site_name":"La Maison naturelle | Blog","article_published_time":"2021-08-25T09:03:32+00:00","article_modified_time":"2023-07-29T07:41:44+00:00","og_image":[{"width":748,"height":423,"url":"https:\/\/www.la-maison-naturelle.com\/blog\/wp-content\/uploads\/2015\/05\/57F434DF-A8E2-4035-A508-F06AC29440B9.jpeg","type":"image\/jpeg"}],"author":"Eloise","twitter_card":"summary_large_image","twitter_misc":{"\u00c9crit par":"Eloise","Dur\u00e9e de lecture estim\u00e9e":"5 minutes"},"schema":{"@context":"https:\/\/schema.org","@graph":[{"@type":"Article","@id":"https:\/\/www.la-maison-naturelle.com\/blog\/l-isolation-par-l-exterieur-la-solution-pour-reduire-vos-besoins-en-chauffage\/#article","isPartOf":{"@id":"https:\/\/www.la-maison-naturelle.com\/blog\/l-isolation-par-l-exterieur-la-solution-pour-reduire-vos-besoins-en-chauffage\/"},"author":{"name":"Eloise","@id":"https:\/\/www.la-maison-naturelle.com\/blog\/#\/schema\/person\/cad2a9ed80410189f0688441d546d43f"},"headline":"L\u2019isolation par l\u2019ext\u00e9rieur : la solution pour r\u00e9duire vos besoins en chauffage","datePublished":"2021-08-25T09:03:32+00:00","dateModified":"2023-07-29T07:41:44+00:00","mainEntityOfPage":{"@id":"https:\/\/www.la-maison-naturelle.com\/blog\/l-isolation-par-l-exterieur-la-solution-pour-reduire-vos-besoins-en-chauffage\/"},"wordCount":1003,"commentCount":0,"publisher":{"@id":"https:\/\/www.la-maison-naturelle.com\/blog\/#organization"},"image":{"@id":"https:\/\/www.la-maison-naturelle.com\/blog\/l-isolation-par-l-exterieur-la-solution-pour-reduire-vos-besoins-en-chauffage\/#primaryimage"},"thumbnailUrl":"https:\/\/www.la-maison-naturelle.com\/blog\/wp-content\/uploads\/2015\/05\/57F434DF-A8E2-4035-A508-F06AC29440B9.jpeg","articleSection":["Les dossiers"],"inLanguage":"fr-FR","potentialAction":[{"@type":"CommentAction","name":"Comment","target":["https:\/\/www.la-maison-naturelle.com\/blog\/l-isolation-par-l-exterieur-la-solution-pour-reduire-vos-besoins-en-chauffage\/#respond"]}]},{"@type":"WebPage","@id":"https:\/\/www.la-maison-naturelle.com\/blog\/l-isolation-par-l-exterieur-la-solution-pour-reduire-vos-besoins-en-chauffage\/","url":"https:\/\/www.la-maison-naturelle.com\/blog\/l-isolation-par-l-exterieur-la-solution-pour-reduire-vos-besoins-en-chauffage\/","name":"L\u2019isolation par l\u2019ext\u00e9rieur : la solution pour r\u00e9duire vos besoins en chauffage - La Maison naturelle | Blog","isPartOf":{"@id":"https:\/\/www.la-maison-naturelle.com\/blog\/#website"},"primaryImageOfPage":{"@id":"https:\/\/www.la-maison-naturelle.com\/blog\/l-isolation-par-l-exterieur-la-solution-pour-reduire-vos-besoins-en-chauffage\/#primaryimage"},"image":{"@id":"https:\/\/www.la-maison-naturelle.com\/blog\/l-isolation-par-l-exterieur-la-solution-pour-reduire-vos-besoins-en-chauffage\/#primaryimage"},"thumbnailUrl":"https:\/\/www.la-maison-naturelle.com\/blog\/wp-content\/uploads\/2015\/05\/57F434DF-A8E2-4035-A508-F06AC29440B9.jpeg","datePublished":"2021-08-25T09:03:32+00:00","dateModified":"2023-07-29T07:41:44+00:00","breadcrumb":{"@id":"https:\/\/www.la-maison-naturelle.com\/blog\/l-isolation-par-l-exterieur-la-solution-pour-reduire-vos-besoins-en-chauffage\/#breadcrumb"},"inLanguage":"fr-FR","potentialAction":[{"@type":"ReadAction","target":["https:\/\/www.la-maison-naturelle.com\/blog\/l-isolation-par-l-exterieur-la-solution-pour-reduire-vos-besoins-en-chauffage\/"]}]},{"@type":"ImageObject","inLanguage":"fr-FR","@id":"https:\/\/www.la-maison-naturelle.com\/blog\/l-isolation-par-l-exterieur-la-solution-pour-reduire-vos-besoins-en-chauffage\/#primaryimage","url":"https:\/\/www.la-maison-naturelle.com\/blog\/wp-content\/uploads\/2015\/05\/57F434DF-A8E2-4035-A508-F06AC29440B9.jpeg","contentUrl":"https:\/\/www.la-maison-naturelle.com\/blog\/wp-content\/uploads\/2015\/05\/57F434DF-A8E2-4035-A508-F06AC29440B9.jpeg","width":748,"height":423},{"@type":"BreadcrumbList","@id":"https:\/\/www.la-maison-naturelle.com\/blog\/l-isolation-par-l-exterieur-la-solution-pour-reduire-vos-besoins-en-chauffage\/#breadcrumb","itemListElement":[{"@type":"ListItem","position":1,"name":"Accueil","item":"https:\/\/www.la-maison-naturelle.com\/blog\/"},{"@type":"ListItem","position":2,"name":"L\u2019isolation par l\u2019ext\u00e9rieur : la solution pour r\u00e9duire vos besoins en chauffage"}]},{"@type":"WebSite","@id":"https:\/\/www.la-maison-naturelle.com\/blog\/#website","url":"https:\/\/www.la-maison-naturelle.com\/blog\/","name":"La Maison naturelle | Blog","description":"Blog de la Maison naturelle","publisher":{"@id":"https:\/\/www.la-maison-naturelle.com\/blog\/#organization"},"potentialAction":[{"@type":"SearchAction","target":{"@type":"EntryPoint","urlTemplate":"https:\/\/www.la-maison-naturelle.com\/blog\/?s={search_term_string}"},"query-input":{"@type":"PropertyValueSpecification","valueRequired":true,"valueName":"search_term_string"}}],"inLanguage":"fr-FR"},{"@type":"Organization","@id":"https:\/\/www.la-maison-naturelle.com\/blog\/#organization","name":"La Maison naturelle | Blog","url":"https:\/\/www.la-maison-naturelle.com\/blog\/","logo":{"@type":"ImageObject","inLanguage":"fr-FR","@id":"https:\/\/www.la-maison-naturelle.com\/blog\/#\/schema\/logo\/image\/","url":"https:\/\/www.la-maison-naturelle.com\/blog\/wp-content\/uploads\/2021\/07\/maison-naturelle-logo.svg","contentUrl":"https:\/\/www.la-maison-naturelle.com\/blog\/wp-content\/uploads\/2021\/07\/maison-naturelle-logo.svg","width":156,"height":64,"caption":"La Maison naturelle | Blog"},"image":{"@id":"https:\/\/www.la-maison-naturelle.com\/blog\/#\/schema\/logo\/image\/"}},{"@type":"Person","@id":"https:\/\/www.la-maison-naturelle.com\/blog\/#\/schema\/person\/cad2a9ed80410189f0688441d546d43f","name":"Eloise","image":{"@type":"ImageObject","inLanguage":"fr-FR","@id":"https:\/\/www.la-maison-naturelle.com\/blog\/#\/schema\/person\/image\/","url":"https:\/\/secure.gravatar.com\/avatar\/344186806f5e8613d4a2109f3b0228a847a7c0858a8023778c44bdcfc1111df9?s=96&d=mm&r=g","contentUrl":"https:\/\/secure.gravatar.com\/avatar\/344186806f5e8613d4a2109f3b0228a847a7c0858a8023778c44bdcfc1111df9?s=96&d=mm&r=g","caption":"Eloise"},"sameAs":["https:\/\/www.la-maison-naturelle.com\/"],"url":"https:\/\/www.la-maison-naturelle.com\/blog\/author\/idries\/"}]}},"_links":{"self":[{"href":"https:\/\/www.la-maison-naturelle.com\/blog\/wp-json\/wp\/v2\/posts\/2995","targetHints":{"allow":["GET"]}}],"collection":[{"href":"https:\/\/www.la-maison-naturelle.com\/blog\/wp-json\/wp\/v2\/posts"}],"about":[{"href":"https:\/\/www.la-maison-naturelle.com\/blog\/wp-json\/wp\/v2\/types\/post"}],"author":[{"embeddable":true,"href":"https:\/\/www.la-maison-naturelle.com\/blog\/wp-json\/wp\/v2\/users\/5"}],"replies":[{"embeddable":true,"href":"https:\/\/www.la-maison-naturelle.com\/blog\/wp-json\/wp\/v2\/comments?post=2995"}],"version-history":[{"count":3,"href":"https:\/\/www.la-maison-naturelle.com\/blog\/wp-json\/wp\/v2\/posts\/2995\/revisions"}],"predecessor-version":[{"id":4922,"href":"https:\/\/www.la-maison-naturelle.com\/blog\/wp-json\/wp\/v2\/posts\/2995\/revisions\/4922"}],"wp:featuredmedia":[{"embeddable":true,"href":"https:\/\/www.la-maison-naturelle.com\/blog\/wp-json\/wp\/v2\/media\/3491"}],"wp:attachment":[{"href":"https:\/\/www.la-maison-naturelle.com\/blog\/wp-json\/wp\/v2\/media?parent=2995"}],"wp:term":[{"taxonomy":"category","embeddable":true,"href":"https:\/\/www.la-maison-naturelle.com\/blog\/wp-json\/wp\/v2\/categories?post=2995"},{"taxonomy":"post_tag","embeddable":true,"href":"https:\/\/www.la-maison-naturelle.com\/blog\/wp-json\/wp\/v2\/tags?post=2995"}],"curies":[{"name":"wp","href":"https:\/\/api.w.org\/{rel}","templated":true}]}}