{"id":2991,"date":"2014-08-25T11:01:16","date_gmt":"2014-08-25T09:01:16","guid":{"rendered":"https:\/\/www.la-maison-naturelle.com\/blog\/?p=2991"},"modified":"2023-08-03T22:19:13","modified_gmt":"2023-08-03T20:19:13","slug":"le-bois-un-materiau-parfait-pour-l-isolation","status":"publish","type":"post","link":"https:\/\/www.la-maison-naturelle.com\/blog\/le-bois-un-materiau-parfait-pour-l-isolation\/","title":{"rendered":"Le bois : un mat\u00e9riau parfait pour l\u2019isolation ?"},"content":{"rendered":"<p>Ecologique, \u00e9conomique, esth\u00e9tique et durable, le bois conjugue tous les atouts. Utilis\u00e9 depuis la nuit des temps dans le secteur du b\u00e2timent, ce mat\u00e9riau noble ne cesse de faire parler de lui gr\u00e2ce \u00e0 ses nombreux avantages. Derni\u00e8rement, l\u2019on parle de lui comme \u00e9tant le mat\u00e9riau id\u00e9al pour l\u2019isolation. Malheureusement, peu de gens encore connaissent ses qualit\u00e9s isolantes \u00e0 l\u2019heure actuelle. C\u2019est ce qui a pouss\u00e9 de nombreuses entit\u00e9s \u00e0 agir dans ce sens.<\/p>\n<h2>Des r\u00e9unions d\u2019information pour faire conna\u00eetre les vertus du bois<\/h2>\n<p>Face \u00e0 l\u2019augmentation des co\u00fbts \u00e9nerg\u00e9tiques et la d\u00e9gradation de l\u2019environnement, la recherche d\u2019une meilleure isolation est devenue un enjeu majeur. Ceci touche aussi bien les maisons individuelles que les autres types de b\u00e2timents. A l\u2019heure o\u00f9 l\u2019on parle, encore huit millions de maisons individuelles en France sont consid\u00e9r\u00e9es comme des passoires thermiques \u00e0 cause de leur mauvaise isolation. Ce constat relativement lourd a donc pouss\u00e9 certaines entit\u00e9s \u00e0 agir pour acc\u00e9l\u00e9rer le processus. Parmi celles-ci figurent le CNDB, la France Bois R\u00e9gion et le CODIFAB. Conscientes des atouts non n\u00e9gligeables du bois dans l\u2019isolation, ces derni\u00e8res projettent d\u2019organiser plus de quarante r\u00e9unions d\u2019informations dans toute la France cette ann\u00e9e. Ces campagnes de sensibilisation porteront sur le th\u00e8me \u00ab Isolation Thermique par l\u2019Ext\u00e9rieur dans les maisons individuelles \u00bb. Le but est d\u2019informer tous les acteurs concern\u00e9s sur les r\u00e8glementations en vigueur, les solutions d\u2019isolation en bois ainsi que les aides financi\u00e8res existantes. Les cibles sont constitu\u00e9es entre autres de professionnels de construction, de bureaux d\u2019\u00e9tudes, d\u2019entreprises, d\u2019architectes, de n\u00e9goces et bien s\u00fbr de propri\u00e9taires. En effet, les techniques d\u2019isolation par le bois sont encore m\u00e9connues par beaucoup de propri\u00e9taires malgr\u00e9 leurs atouts consid\u00e9rables sur le plan architectural, \u00e9nerg\u00e9tique et \u00e9cologique. A chaque r\u00e9union d\u2019information, une ou quelques entreprises de bois viendront faire part de leur savoir-faire en pr\u00e9sentant leur chantier.<\/p>\n<h2>La diffusion d\u2019un certain nombre d\u2019outils<\/h2>\n<p>Partis du constat que beaucoup de propri\u00e9taires d\u00e9laissent aujourd\u2019hui les solutions en bois au profit d\u2019autres mat\u00e9riaux faute de communication et d\u2019informations, les organisateurs pr\u00e9voient de diffuser un certain nombre d\u2019outils pour informer, former et sensibiliser le public sur les qualit\u00e9s du bois. Des brochures seront ainsi distribu\u00e9es \u00e0 tous les participants pour faire conna\u00eetre le r\u00f4le que peut jouer le bois dans la r\u00e9habilitation thermique par l\u2019ext\u00e9rieur. En outre, le FCBA, avec le soutien financier du CODIFAB, a \u00e9dit\u00e9 un guide complet sur l\u2019isolation des maisons individuelles avec le bois. Ce guide est disponible sur CD Rom et en t\u00e9l\u00e9chargement gratuit. Enfin, une journ\u00e9e de formation organis\u00e9e par Abibois permettra aussi aux int\u00e9ress\u00e9s de mieux appr\u00e9hender les \u00ab Rev\u00eatements Ext\u00e9rieurs en bois \u00bb. A noter que le bois trouve sa place dans l\u2019isolation par l\u2019ext\u00e9rieur sous plusieurs formes. Il y a d\u2019abord les <a href=\"https:\/\/www.la-maison-naturelle.com\/3003-fibre-et-laine-de-bois\">isolants en fibres de bois<\/a> que l\u2019on fixe m\u00e9caniquement ou que l\u2019on colle sous enduit ou sous bardage. Il y a aussi l\u2019<a href=\"https:\/\/www.la-maison-naturelle.com\/3004-ouate-de-cellulose\" data-internallinksmanager029f6b8e52c=\"72\" title=\"ouate de cellulose\">ouate de cellulose<\/a> qui est id\u00e9ale pour les \u00e9co-constructions pour isoler les murs. Enfin, l\u2019on distingue aussi les bardages bois qui sont les plus courants et les plus utilis\u00e9s dans l\u2019ITE.<\/p>\n","protected":false},"excerpt":{"rendered":"<p>Ecologique, \u00e9conomique, esth\u00e9tique et durable, le bois conjugue tous les atouts. Utilis\u00e9 depuis la nuit des temps dans le secteur du b\u00e2timent, ce mat\u00e9riau noble ne cesse de faire parler de lui gr\u00e2ce \u00e0 ses nombreux avantages. Derni\u00e8rement, l\u2019on parle de lui comme \u00e9tant le mat\u00e9riau id\u00e9al pour l\u2019isolation. Malheureusement, peu de gens encore connaissent [&hellip;]<\/p>\n","protected":false},"author":5,"featured_media":3443,"comment_status":"open","ping_status":"open","sticky":false,"template":"","format":"standard","meta":{"footnotes":""},"categories":[6],"tags":[],"class_list":["post-2991","post","type-post","status-publish","format-standard","has-post-thumbnail","hentry","category-les-dossiers"],"_wp_attached_file":null,"_wp_attachment_metadata":null,"_wp_attachment_context":null,"_wp_attachment_image_alt":null,"_hf_settings":null,"hf_message_success":null,"hf_message_invalid_email":null,"hf_message_required_field_missing":null,"hf_message_error":null,"_menu_item_type":null,"_menu_item_menu_item_parent":null,"_menu_item_object_id":null,"_menu_item_object":null,"_menu_item_target":null,"_menu_item_classes":null,"_menu_item_xfn":null,"_menu_item_url":null,"_yoast_wpseo_primary_category":"6","_thumbnail_id":"3443","_oembed_26d84b2c06432105b0a19987ae029a71":null,"_oembed_43e9e2dfde1b9b4ed91c9711026b7ef9":null,"_oembed_1fe1564764edbddc3b61e81acf52be88":null,"_oembed_df60f474cd845141e7ce6596d101e4a0":null,"_oembed_825e674795e2435c0bc66eb08e5d2c8b":null,"_oembed_time_825e674795e2435c0bc66eb08e5d2c8b":null,"_oembed_e917352ff4cc21ea91383201eeaa08cf":null,"_oembed_2363c16c972791c33e283320dc564fce":null,"_oembed_cc9ad5b5073a84776f6a62e33e6c7498":null,"_oembed_time_cc9ad5b5073a84776f6a62e33e6c7498":null,"_oembed_305147fcf4b856de518466e695c209cd":null,"_oembed_8517a877084ae01a5296813ee1d16a2b":null,"_oembed_2741f1556b243e68379198f98ba7f864":null,"_oembed_c3ffa24981451396c950ece2129da0f6":null,"_oembed_6f9091ebe2f3f5fcb5698ba6f4b41477":null,"_wp_old_slug":null,"_oembed_e4fb0f68ba12b85e9e231afe151ba12a":null,"_oembed_3c60e98bd703e617e67f5bbb3b97424d":null,"_oembed_bb060374498dcf40cb6068efe4be87e1":null,"_oembed_d0403e1e71c3a29020bd546b159480f1":null,"_oembed_b030ff17fbbbf8661c59c2ab8ff289eb":null,"_oembed_5cec699ba0631c6c0e4ba4f6af5f228e":null,"_oembed_b06a67f278b90cf4e8dd17cb12fe67b0":null,"_oembed_8e190e4fea2256f17420434651556236":null,"_oembed_b5ded119f1337916a0fc64d2ad85c95f":null,"_oembed_d9364a7a81be31c01415da2c50a48932":null,"_oembed_738cafa36d51a58e5ae3e458aa8f7584":null,"_oembed_ebcab5184b6b321b28efbcbec079859b":null,"_oembed_3dd9e35c2b7b268070e74da5b89cf937":null,"_oembed_e14b167b493e311a1c4e2aab38a463e8":null,"_oembed_dc8f7d108b38f3f0c2e0785b8bc46cae":null,"_oembed_55cf1c5142884afed312c2666bf27520":null,"_oembed_2292333bf03a956b4b61afafeff6bca0":null,"_oembed_82a986a6b900856fec23169de03a0038":null,"_oembed_4048ded025352b83569104210074165a":null,"_oembed_033b42b1af757abc39e4487233cee7f5":null,"_oembed_aec1d50f2b159366be8e37e94b201be1":null,"_oembed_0adc8480b2fcadf9a1733f572ce3d3f8":null,"_yoast_wpseo_title":null,"_yoast_wpseo_focuskw":null,"_yoast_wpseo_linkdex":null,"_yoast_wpseo_metadesc":null,"_yoast_wpseo_wordproof_timestamp":null,"_tpl_archive_meta_key":null,"_form":null,"_mail":null,"_mail_2":null,"_messages":null,"_additional_settings":null,"_locale":null,"_wp_old_date":null,"_edit_last":"5","_wpb_vc_js_status":"false","_yoast_wpseo_estimated-reading-time-minutes":"3","_edit_lock":"1691093954:5","_yoast_wpseo_content_score":"30","yoast_head":"<!-- This site is optimized with the Yoast SEO plugin v24.3 - https:\/\/yoast.com\/wordpress\/plugins\/seo\/ -->\n<title>Le bois : un mat\u00e9riau parfait pour l\u2019isolation ? - La Maison naturelle | Blog<\/title>\n<meta name=\"robots\" content=\"index, follow, max-snippet:-1, max-image-preview:large, max-video-preview:-1\" \/>\n<link rel=\"canonical\" href=\"https:\/\/www.la-maison-naturelle.com\/blog\/le-bois-un-materiau-parfait-pour-l-isolation\/\" \/>\n<meta property=\"og:locale\" content=\"fr_FR\" \/>\n<meta property=\"og:type\" content=\"article\" \/>\n<meta property=\"og:title\" content=\"Le bois : un mat\u00e9riau parfait pour l\u2019isolation ? - La Maison naturelle | Blog\" \/>\n<meta property=\"og:description\" content=\"Ecologique, \u00e9conomique, esth\u00e9tique et durable, le bois conjugue tous les atouts. Utilis\u00e9 depuis la nuit des temps dans le secteur du b\u00e2timent, ce mat\u00e9riau noble ne cesse de faire parler de lui gr\u00e2ce \u00e0 ses nombreux avantages. Derni\u00e8rement, l\u2019on parle de lui comme \u00e9tant le mat\u00e9riau id\u00e9al pour l\u2019isolation. Malheureusement, peu de gens encore connaissent [&hellip;]\" \/>\n<meta property=\"og:url\" content=\"https:\/\/www.la-maison-naturelle.com\/blog\/le-bois-un-materiau-parfait-pour-l-isolation\/\" \/>\n<meta property=\"og:site_name\" content=\"La Maison naturelle | Blog\" \/>\n<meta property=\"article:published_time\" content=\"2014-08-25T09:01:16+00:00\" \/>\n<meta property=\"article:modified_time\" content=\"2023-08-03T20:19:13+00:00\" \/>\n<meta property=\"og:image\" content=\"https:\/\/www.la-maison-naturelle.com\/blog\/wp-content\/uploads\/2011\/02\/shutterstock_1943017831-1.jpg\" \/>\n\t<meta property=\"og:image:width\" content=\"1140\" \/>\n\t<meta property=\"og:image:height\" content=\"642\" \/>\n\t<meta property=\"og:image:type\" content=\"image\/jpeg\" \/>\n<meta name=\"author\" content=\"Eloise\" \/>\n<meta name=\"twitter:card\" content=\"summary_large_image\" \/>\n<meta name=\"twitter:label1\" content=\"\u00c9crit par\" \/>\n\t<meta name=\"twitter:data1\" content=\"Eloise\" \/>\n\t<meta name=\"twitter:label2\" content=\"Dur\u00e9e de lecture estim\u00e9e\" \/>\n\t<meta name=\"twitter:data2\" content=\"3 minutes\" \/>\n<script type=\"application\/ld+json\" class=\"yoast-schema-graph\">{\"@context\":\"https:\/\/schema.org\",\"@graph\":[{\"@type\":\"Article\",\"@id\":\"https:\/\/www.la-maison-naturelle.com\/blog\/le-bois-un-materiau-parfait-pour-l-isolation\/#article\",\"isPartOf\":{\"@id\":\"https:\/\/www.la-maison-naturelle.com\/blog\/le-bois-un-materiau-parfait-pour-l-isolation\/\"},\"author\":{\"name\":\"Eloise\",\"@id\":\"https:\/\/www.la-maison-naturelle.com\/blog\/#\/schema\/person\/cad2a9ed80410189f0688441d546d43f\"},\"headline\":\"Le bois : un mat\u00e9riau parfait pour l\u2019isolation ?\",\"datePublished\":\"2014-08-25T09:01:16+00:00\",\"dateModified\":\"2023-08-03T20:19:13+00:00\",\"mainEntityOfPage\":{\"@id\":\"https:\/\/www.la-maison-naturelle.com\/blog\/le-bois-un-materiau-parfait-pour-l-isolation\/\"},\"wordCount\":605,\"commentCount\":0,\"publisher\":{\"@id\":\"https:\/\/www.la-maison-naturelle.com\/blog\/#organization\"},\"image\":{\"@id\":\"https:\/\/www.la-maison-naturelle.com\/blog\/le-bois-un-materiau-parfait-pour-l-isolation\/#primaryimage\"},\"thumbnailUrl\":\"https:\/\/www.la-maison-naturelle.com\/blog\/wp-content\/uploads\/2011\/02\/shutterstock_1943017831-1.jpg\",\"articleSection\":[\"Les dossiers\"],\"inLanguage\":\"fr-FR\",\"potentialAction\":[{\"@type\":\"CommentAction\",\"name\":\"Comment\",\"target\":[\"https:\/\/www.la-maison-naturelle.com\/blog\/le-bois-un-materiau-parfait-pour-l-isolation\/#respond\"]}]},{\"@type\":\"WebPage\",\"@id\":\"https:\/\/www.la-maison-naturelle.com\/blog\/le-bois-un-materiau-parfait-pour-l-isolation\/\",\"url\":\"https:\/\/www.la-maison-naturelle.com\/blog\/le-bois-un-materiau-parfait-pour-l-isolation\/\",\"name\":\"Le bois : un mat\u00e9riau parfait pour l\u2019isolation ? - La Maison naturelle | Blog\",\"isPartOf\":{\"@id\":\"https:\/\/www.la-maison-naturelle.com\/blog\/#website\"},\"primaryImageOfPage\":{\"@id\":\"https:\/\/www.la-maison-naturelle.com\/blog\/le-bois-un-materiau-parfait-pour-l-isolation\/#primaryimage\"},\"image\":{\"@id\":\"https:\/\/www.la-maison-naturelle.com\/blog\/le-bois-un-materiau-parfait-pour-l-isolation\/#primaryimage\"},\"thumbnailUrl\":\"https:\/\/www.la-maison-naturelle.com\/blog\/wp-content\/uploads\/2011\/02\/shutterstock_1943017831-1.jpg\",\"datePublished\":\"2014-08-25T09:01:16+00:00\",\"dateModified\":\"2023-08-03T20:19:13+00:00\",\"breadcrumb\":{\"@id\":\"https:\/\/www.la-maison-naturelle.com\/blog\/le-bois-un-materiau-parfait-pour-l-isolation\/#breadcrumb\"},\"inLanguage\":\"fr-FR\",\"potentialAction\":[{\"@type\":\"ReadAction\",\"target\":[\"https:\/\/www.la-maison-naturelle.com\/blog\/le-bois-un-materiau-parfait-pour-l-isolation\/\"]}]},{\"@type\":\"ImageObject\",\"inLanguage\":\"fr-FR\",\"@id\":\"https:\/\/www.la-maison-naturelle.com\/blog\/le-bois-un-materiau-parfait-pour-l-isolation\/#primaryimage\",\"url\":\"https:\/\/www.la-maison-naturelle.com\/blog\/wp-content\/uploads\/2011\/02\/shutterstock_1943017831-1.jpg\",\"contentUrl\":\"https:\/\/www.la-maison-naturelle.com\/blog\/wp-content\/uploads\/2011\/02\/shutterstock_1943017831-1.jpg\",\"width\":1140,\"height\":642},{\"@type\":\"BreadcrumbList\",\"@id\":\"https:\/\/www.la-maison-naturelle.com\/blog\/le-bois-un-materiau-parfait-pour-l-isolation\/#breadcrumb\",\"itemListElement\":[{\"@type\":\"ListItem\",\"position\":1,\"name\":\"Accueil\",\"item\":\"https:\/\/www.la-maison-naturelle.com\/blog\/\"},{\"@type\":\"ListItem\",\"position\":2,\"name\":\"Le bois : un mat\u00e9riau parfait pour l\u2019isolation ?\"}]},{\"@type\":\"WebSite\",\"@id\":\"https:\/\/www.la-maison-naturelle.com\/blog\/#website\",\"url\":\"https:\/\/www.la-maison-naturelle.com\/blog\/\",\"name\":\"La Maison naturelle | Blog\",\"description\":\"Blog de la Maison naturelle\",\"publisher\":{\"@id\":\"https:\/\/www.la-maison-naturelle.com\/blog\/#organization\"},\"potentialAction\":[{\"@type\":\"SearchAction\",\"target\":{\"@type\":\"EntryPoint\",\"urlTemplate\":\"https:\/\/www.la-maison-naturelle.com\/blog\/?s={search_term_string}\"},\"query-input\":{\"@type\":\"PropertyValueSpecification\",\"valueRequired\":true,\"valueName\":\"search_term_string\"}}],\"inLanguage\":\"fr-FR\"},{\"@type\":\"Organization\",\"@id\":\"https:\/\/www.la-maison-naturelle.com\/blog\/#organization\",\"name\":\"La Maison naturelle | Blog\",\"url\":\"https:\/\/www.la-maison-naturelle.com\/blog\/\",\"logo\":{\"@type\":\"ImageObject\",\"inLanguage\":\"fr-FR\",\"@id\":\"https:\/\/www.la-maison-naturelle.com\/blog\/#\/schema\/logo\/image\/\",\"url\":\"https:\/\/www.la-maison-naturelle.com\/blog\/wp-content\/uploads\/2021\/07\/maison-naturelle-logo.svg\",\"contentUrl\":\"https:\/\/www.la-maison-naturelle.com\/blog\/wp-content\/uploads\/2021\/07\/maison-naturelle-logo.svg\",\"width\":156,\"height\":64,\"caption\":\"La Maison naturelle | Blog\"},\"image\":{\"@id\":\"https:\/\/www.la-maison-naturelle.com\/blog\/#\/schema\/logo\/image\/\"}},{\"@type\":\"Person\",\"@id\":\"https:\/\/www.la-maison-naturelle.com\/blog\/#\/schema\/person\/cad2a9ed80410189f0688441d546d43f\",\"name\":\"Eloise\",\"image\":{\"@type\":\"ImageObject\",\"inLanguage\":\"fr-FR\",\"@id\":\"https:\/\/www.la-maison-naturelle.com\/blog\/#\/schema\/person\/image\/\",\"url\":\"https:\/\/secure.gravatar.com\/avatar\/344186806f5e8613d4a2109f3b0228a847a7c0858a8023778c44bdcfc1111df9?s=96&d=mm&r=g\",\"contentUrl\":\"https:\/\/secure.gravatar.com\/avatar\/344186806f5e8613d4a2109f3b0228a847a7c0858a8023778c44bdcfc1111df9?s=96&d=mm&r=g\",\"caption\":\"Eloise\"},\"sameAs\":[\"https:\/\/www.la-maison-naturelle.com\/\"],\"url\":\"https:\/\/www.la-maison-naturelle.com\/blog\/author\/idries\/\"}]}<\/script>\n<!-- \/ Yoast SEO plugin. -->","yoast_head_json":{"title":"Le bois : un mat\u00e9riau parfait pour l\u2019isolation ? - La Maison naturelle | Blog","robots":{"index":"index","follow":"follow","max-snippet":"max-snippet:-1","max-image-preview":"max-image-preview:large","max-video-preview":"max-video-preview:-1"},"canonical":"https:\/\/www.la-maison-naturelle.com\/blog\/le-bois-un-materiau-parfait-pour-l-isolation\/","og_locale":"fr_FR","og_type":"article","og_title":"Le bois : un mat\u00e9riau parfait pour l\u2019isolation ? - La Maison naturelle | Blog","og_description":"Ecologique, \u00e9conomique, esth\u00e9tique et durable, le bois conjugue tous les atouts. Utilis\u00e9 depuis la nuit des temps dans le secteur du b\u00e2timent, ce mat\u00e9riau noble ne cesse de faire parler de lui gr\u00e2ce \u00e0 ses nombreux avantages. Derni\u00e8rement, l\u2019on parle de lui comme \u00e9tant le mat\u00e9riau id\u00e9al pour l\u2019isolation. Malheureusement, peu de gens encore connaissent [&hellip;]","og_url":"https:\/\/www.la-maison-naturelle.com\/blog\/le-bois-un-materiau-parfait-pour-l-isolation\/","og_site_name":"La Maison naturelle | Blog","article_published_time":"2014-08-25T09:01:16+00:00","article_modified_time":"2023-08-03T20:19:13+00:00","og_image":[{"width":1140,"height":642,"url":"https:\/\/www.la-maison-naturelle.com\/blog\/wp-content\/uploads\/2011\/02\/shutterstock_1943017831-1.jpg","type":"image\/jpeg"}],"author":"Eloise","twitter_card":"summary_large_image","twitter_misc":{"\u00c9crit par":"Eloise","Dur\u00e9e de lecture estim\u00e9e":"3 minutes"},"schema":{"@context":"https:\/\/schema.org","@graph":[{"@type":"Article","@id":"https:\/\/www.la-maison-naturelle.com\/blog\/le-bois-un-materiau-parfait-pour-l-isolation\/#article","isPartOf":{"@id":"https:\/\/www.la-maison-naturelle.com\/blog\/le-bois-un-materiau-parfait-pour-l-isolation\/"},"author":{"name":"Eloise","@id":"https:\/\/www.la-maison-naturelle.com\/blog\/#\/schema\/person\/cad2a9ed80410189f0688441d546d43f"},"headline":"Le bois : un mat\u00e9riau parfait pour l\u2019isolation ?","datePublished":"2014-08-25T09:01:16+00:00","dateModified":"2023-08-03T20:19:13+00:00","mainEntityOfPage":{"@id":"https:\/\/www.la-maison-naturelle.com\/blog\/le-bois-un-materiau-parfait-pour-l-isolation\/"},"wordCount":605,"commentCount":0,"publisher":{"@id":"https:\/\/www.la-maison-naturelle.com\/blog\/#organization"},"image":{"@id":"https:\/\/www.la-maison-naturelle.com\/blog\/le-bois-un-materiau-parfait-pour-l-isolation\/#primaryimage"},"thumbnailUrl":"https:\/\/www.la-maison-naturelle.com\/blog\/wp-content\/uploads\/2011\/02\/shutterstock_1943017831-1.jpg","articleSection":["Les dossiers"],"inLanguage":"fr-FR","potentialAction":[{"@type":"CommentAction","name":"Comment","target":["https:\/\/www.la-maison-naturelle.com\/blog\/le-bois-un-materiau-parfait-pour-l-isolation\/#respond"]}]},{"@type":"WebPage","@id":"https:\/\/www.la-maison-naturelle.com\/blog\/le-bois-un-materiau-parfait-pour-l-isolation\/","url":"https:\/\/www.la-maison-naturelle.com\/blog\/le-bois-un-materiau-parfait-pour-l-isolation\/","name":"Le bois : un mat\u00e9riau parfait pour l\u2019isolation ? - La Maison naturelle | Blog","isPartOf":{"@id":"https:\/\/www.la-maison-naturelle.com\/blog\/#website"},"primaryImageOfPage":{"@id":"https:\/\/www.la-maison-naturelle.com\/blog\/le-bois-un-materiau-parfait-pour-l-isolation\/#primaryimage"},"image":{"@id":"https:\/\/www.la-maison-naturelle.com\/blog\/le-bois-un-materiau-parfait-pour-l-isolation\/#primaryimage"},"thumbnailUrl":"https:\/\/www.la-maison-naturelle.com\/blog\/wp-content\/uploads\/2011\/02\/shutterstock_1943017831-1.jpg","datePublished":"2014-08-25T09:01:16+00:00","dateModified":"2023-08-03T20:19:13+00:00","breadcrumb":{"@id":"https:\/\/www.la-maison-naturelle.com\/blog\/le-bois-un-materiau-parfait-pour-l-isolation\/#breadcrumb"},"inLanguage":"fr-FR","potentialAction":[{"@type":"ReadAction","target":["https:\/\/www.la-maison-naturelle.com\/blog\/le-bois-un-materiau-parfait-pour-l-isolation\/"]}]},{"@type":"ImageObject","inLanguage":"fr-FR","@id":"https:\/\/www.la-maison-naturelle.com\/blog\/le-bois-un-materiau-parfait-pour-l-isolation\/#primaryimage","url":"https:\/\/www.la-maison-naturelle.com\/blog\/wp-content\/uploads\/2011\/02\/shutterstock_1943017831-1.jpg","contentUrl":"https:\/\/www.la-maison-naturelle.com\/blog\/wp-content\/uploads\/2011\/02\/shutterstock_1943017831-1.jpg","width":1140,"height":642},{"@type":"BreadcrumbList","@id":"https:\/\/www.la-maison-naturelle.com\/blog\/le-bois-un-materiau-parfait-pour-l-isolation\/#breadcrumb","itemListElement":[{"@type":"ListItem","position":1,"name":"Accueil","item":"https:\/\/www.la-maison-naturelle.com\/blog\/"},{"@type":"ListItem","position":2,"name":"Le bois : un mat\u00e9riau parfait pour l\u2019isolation ?"}]},{"@type":"WebSite","@id":"https:\/\/www.la-maison-naturelle.com\/blog\/#website","url":"https:\/\/www.la-maison-naturelle.com\/blog\/","name":"La Maison naturelle | Blog","description":"Blog de la Maison naturelle","publisher":{"@id":"https:\/\/www.la-maison-naturelle.com\/blog\/#organization"},"potentialAction":[{"@type":"SearchAction","target":{"@type":"EntryPoint","urlTemplate":"https:\/\/www.la-maison-naturelle.com\/blog\/?s={search_term_string}"},"query-input":{"@type":"PropertyValueSpecification","valueRequired":true,"valueName":"search_term_string"}}],"inLanguage":"fr-FR"},{"@type":"Organization","@id":"https:\/\/www.la-maison-naturelle.com\/blog\/#organization","name":"La Maison naturelle | Blog","url":"https:\/\/www.la-maison-naturelle.com\/blog\/","logo":{"@type":"ImageObject","inLanguage":"fr-FR","@id":"https:\/\/www.la-maison-naturelle.com\/blog\/#\/schema\/logo\/image\/","url":"https:\/\/www.la-maison-naturelle.com\/blog\/wp-content\/uploads\/2021\/07\/maison-naturelle-logo.svg","contentUrl":"https:\/\/www.la-maison-naturelle.com\/blog\/wp-content\/uploads\/2021\/07\/maison-naturelle-logo.svg","width":156,"height":64,"caption":"La Maison naturelle | Blog"},"image":{"@id":"https:\/\/www.la-maison-naturelle.com\/blog\/#\/schema\/logo\/image\/"}},{"@type":"Person","@id":"https:\/\/www.la-maison-naturelle.com\/blog\/#\/schema\/person\/cad2a9ed80410189f0688441d546d43f","name":"Eloise","image":{"@type":"ImageObject","inLanguage":"fr-FR","@id":"https:\/\/www.la-maison-naturelle.com\/blog\/#\/schema\/person\/image\/","url":"https:\/\/secure.gravatar.com\/avatar\/344186806f5e8613d4a2109f3b0228a847a7c0858a8023778c44bdcfc1111df9?s=96&d=mm&r=g","contentUrl":"https:\/\/secure.gravatar.com\/avatar\/344186806f5e8613d4a2109f3b0228a847a7c0858a8023778c44bdcfc1111df9?s=96&d=mm&r=g","caption":"Eloise"},"sameAs":["https:\/\/www.la-maison-naturelle.com\/"],"url":"https:\/\/www.la-maison-naturelle.com\/blog\/author\/idries\/"}]}},"_links":{"self":[{"href":"https:\/\/www.la-maison-naturelle.com\/blog\/wp-json\/wp\/v2\/posts\/2991","targetHints":{"allow":["GET"]}}],"collection":[{"href":"https:\/\/www.la-maison-naturelle.com\/blog\/wp-json\/wp\/v2\/posts"}],"about":[{"href":"https:\/\/www.la-maison-naturelle.com\/blog\/wp-json\/wp\/v2\/types\/post"}],"author":[{"embeddable":true,"href":"https:\/\/www.la-maison-naturelle.com\/blog\/wp-json\/wp\/v2\/users\/5"}],"replies":[{"embeddable":true,"href":"https:\/\/www.la-maison-naturelle.com\/blog\/wp-json\/wp\/v2\/comments?post=2991"}],"version-history":[{"count":3,"href":"https:\/\/www.la-maison-naturelle.com\/blog\/wp-json\/wp\/v2\/posts\/2991\/revisions"}],"predecessor-version":[{"id":5341,"href":"https:\/\/www.la-maison-naturelle.com\/blog\/wp-json\/wp\/v2\/posts\/2991\/revisions\/5341"}],"wp:featuredmedia":[{"embeddable":true,"href":"https:\/\/www.la-maison-naturelle.com\/blog\/wp-json\/wp\/v2\/media\/3443"}],"wp:attachment":[{"href":"https:\/\/www.la-maison-naturelle.com\/blog\/wp-json\/wp\/v2\/media?parent=2991"}],"wp:term":[{"taxonomy":"category","embeddable":true,"href":"https:\/\/www.la-maison-naturelle.com\/blog\/wp-json\/wp\/v2\/categories?post=2991"},{"taxonomy":"post_tag","embeddable":true,"href":"https:\/\/www.la-maison-naturelle.com\/blog\/wp-json\/wp\/v2\/tags?post=2991"}],"curies":[{"name":"wp","href":"https:\/\/api.w.org\/{rel}","templated":true}]}}