{"id":2927,"date":"2013-05-24T18:53:22","date_gmt":"2013-05-24T16:53:22","guid":{"rendered":"https:\/\/www.la-maison-naturelle.com\/blog\/?p=2927"},"modified":"2023-08-03T22:11:13","modified_gmt":"2023-08-03T20:11:13","slug":"dispositif-rge-les-particuliers-mal-informes","status":"publish","type":"post","link":"https:\/\/www.la-maison-naturelle.com\/blog\/dispositif-rge-les-particuliers-mal-informes\/","title":{"rendered":"Dispositif RGE : les particuliers mal inform\u00e9s"},"content":{"rendered":"<p>Le dispositif RGE s&rsquo;\u00e9toffe et reste l&rsquo;un des moyens les plus efficaces pour la r\u00e9ussite de l&rsquo;objectif des 500 000 r\u00e9novations \u00e9nerg\u00e9tiques annuelles. Pourtant, les particuliers restent encore mal inform\u00e9s des proc\u00e9dures mises en place autour de ce dispositif.<\/p>\n<h2>Le dispositif RGE au c\u0153ur du m\u00e9canisme du PREH<\/h2>\n<p>Le Plan de R\u00e9novation Energ\u00e9tique de l&rsquo;Habitat ou PREH vise haut avec son objectif de 500 000 r\u00e9novations \u00e9nerg\u00e9tiques lourdes par an jusqu&rsquo;\u00e0 l&rsquo;horizon 2017. \u00c0 cet effet, divers dispositifs sont mis en place par les acteurs de la fili\u00e8re du b\u00e2timent. L&rsquo;un des plus importants reste tout de m\u00eame le dispositif RGE, une d\u00e9marche qui reste cependant assez m\u00e9connue des particuliers. La mention RGE sera pourtant l&rsquo;une des conditions indispensables pour pouvoir b\u00e9n\u00e9ficier des aides publiques dans le cadre d&rsquo;une op\u00e9ration de r\u00e9novation \u00e9nerg\u00e9tique.<\/p>\n<p>C&rsquo;est en 2013 que les choses se sont acc\u00e9l\u00e9r\u00e9es autour du dispositif RGE. C\u00e9cile Duflot, la ministre de l&rsquo;\u00c9galit\u00e9 des territoires et du Logement, a en effet sign\u00e9 trois chartes pour l&rsquo;am\u00e9lioration du dispositif. R\u00e9alis\u00e9 avec la participation de l&rsquo;Ademe et des acteurs de la fili\u00e8re du b\u00e2timent, ce lancement officiel a pr\u00e9sent\u00e9 les nouvelles orientations pr\u00e9vues dans le dispositif.<\/p>\n<h2>Une \u00e9volution du dispositif pour atteindre les objectifs de r\u00e9novation \u00e9nerg\u00e9tique<\/h2>\n<p>Ainsi, la mention RGE signifie d\u00e9sormais \u00ab Reconnu Garant de l&rsquo;Environnement \u00bb. Le dispositif pr\u00e9voit notamment d&rsquo;octroyer la mention RGE \u00e0 tous les professionnels du b\u00e2timent, artisans comme entreprises, b\u00e9n\u00e9ficiant d&rsquo;une expertise reconnue en mati\u00e8re de r\u00e9novation \u00e9nerg\u00e9tique. La mise en \u0153uvre de ce dispositif devra donc permettre aux particuliers d&rsquo;identifier plus ais\u00e9ment les professionnels disposant des qualifications requises.<\/p>\n<h2>Les particuliers encore peu inform\u00e9s des orientations pr\u00e9vues par le dispositif RGE<\/h2>\n<p>\u00c0 la fin de l&rsquo;ann\u00e9e 2013, plus de 14 600 professionnels du b\u00e2timent sont titulaires de la mention RGE. Selon les chiffres de l&rsquo;organisme qui octroie ce signe de qualit\u00e9, le nombre d&rsquo;entreprises qui le re\u00e7oit augmente d&rsquo;une mani\u00e8re constante, \u00e0 raison de 10 \u00e0 15 % chaque mois. Un objectif de 30 000 professionnels portant la mention est ainsi fix\u00e9 pour 2014.<br \/>\nDans ce contexte, il faut savoir que dans moins de 6 mois, les aides publiques telles que les cr\u00e9dits d&rsquo;imp\u00f4t ou les pr\u00eats \u00e0 taux z\u00e9ro ne seront attribu\u00e9es qu&rsquo;\u00e0 ceux qui font appel \u00e0 un professionnel titulaire de la mention RGE. Cependant, les \u00e9chos de l&rsquo;application de la mention RGE restent encore assez peu palpables au niveau des particuliers.<br \/>\nLes r\u00e9sultats d&rsquo;une \u00e9tude r\u00e9alis\u00e9e par l&rsquo;institut IFOP illustrent en effet la situation au cours des derniers mois. Si 37 % des m\u00e9nages projettent de s&rsquo;\u00e9quiper en syst\u00e8mes d&rsquo;\u00e9nergies renouvelables, dont 65 % dans les 2 prochaines ann\u00e9es, 1 Fran\u00e7ais sur 2 ignore encore les orientations pr\u00e9vues par le dispositif RGE.<\/p>\n","protected":false},"excerpt":{"rendered":"<p>Le dispositif RGE s&rsquo;\u00e9toffe et reste l&rsquo;un des moyens les plus efficaces pour la r\u00e9ussite de l&rsquo;objectif des 500 000 r\u00e9novations \u00e9nerg\u00e9tiques annuelles. Pourtant, les particuliers restent encore mal inform\u00e9s des proc\u00e9dures mises en place autour de ce dispositif. Le dispositif RGE au c\u0153ur du m\u00e9canisme du PREH Le Plan de R\u00e9novation Energ\u00e9tique de l&rsquo;Habitat [&hellip;]<\/p>\n","protected":false},"author":5,"featured_media":0,"comment_status":"open","ping_status":"open","sticky":false,"template":"","format":"standard","meta":{"footnotes":""},"categories":[6],"tags":[],"class_list":["post-2927","post","type-post","status-publish","format-standard","hentry","category-les-dossiers"],"_wp_attached_file":null,"_wp_attachment_metadata":null,"_wp_attachment_context":null,"_wp_attachment_image_alt":null,"_hf_settings":null,"hf_message_success":null,"hf_message_invalid_email":null,"hf_message_required_field_missing":null,"hf_message_error":null,"_menu_item_type":null,"_menu_item_menu_item_parent":null,"_menu_item_object_id":null,"_menu_item_object":null,"_menu_item_target":null,"_menu_item_classes":null,"_menu_item_xfn":null,"_menu_item_url":null,"_yoast_wpseo_primary_category":"6","_thumbnail_id":null,"_oembed_26d84b2c06432105b0a19987ae029a71":null,"_oembed_43e9e2dfde1b9b4ed91c9711026b7ef9":null,"_oembed_1fe1564764edbddc3b61e81acf52be88":null,"_oembed_df60f474cd845141e7ce6596d101e4a0":null,"_oembed_825e674795e2435c0bc66eb08e5d2c8b":null,"_oembed_time_825e674795e2435c0bc66eb08e5d2c8b":null,"_oembed_e917352ff4cc21ea91383201eeaa08cf":null,"_oembed_2363c16c972791c33e283320dc564fce":null,"_oembed_cc9ad5b5073a84776f6a62e33e6c7498":null,"_oembed_time_cc9ad5b5073a84776f6a62e33e6c7498":null,"_oembed_305147fcf4b856de518466e695c209cd":null,"_oembed_8517a877084ae01a5296813ee1d16a2b":null,"_oembed_2741f1556b243e68379198f98ba7f864":null,"_oembed_c3ffa24981451396c950ece2129da0f6":null,"_oembed_6f9091ebe2f3f5fcb5698ba6f4b41477":null,"_wp_old_slug":null,"_oembed_e4fb0f68ba12b85e9e231afe151ba12a":null,"_oembed_3c60e98bd703e617e67f5bbb3b97424d":null,"_oembed_bb060374498dcf40cb6068efe4be87e1":null,"_oembed_d0403e1e71c3a29020bd546b159480f1":null,"_oembed_b030ff17fbbbf8661c59c2ab8ff289eb":null,"_oembed_5cec699ba0631c6c0e4ba4f6af5f228e":null,"_oembed_b06a67f278b90cf4e8dd17cb12fe67b0":null,"_oembed_8e190e4fea2256f17420434651556236":null,"_oembed_b5ded119f1337916a0fc64d2ad85c95f":null,"_oembed_d9364a7a81be31c01415da2c50a48932":null,"_oembed_738cafa36d51a58e5ae3e458aa8f7584":null,"_oembed_ebcab5184b6b321b28efbcbec079859b":null,"_oembed_3dd9e35c2b7b268070e74da5b89cf937":null,"_oembed_e14b167b493e311a1c4e2aab38a463e8":null,"_oembed_dc8f7d108b38f3f0c2e0785b8bc46cae":null,"_oembed_55cf1c5142884afed312c2666bf27520":null,"_oembed_2292333bf03a956b4b61afafeff6bca0":null,"_oembed_82a986a6b900856fec23169de03a0038":null,"_oembed_4048ded025352b83569104210074165a":null,"_oembed_033b42b1af757abc39e4487233cee7f5":null,"_oembed_aec1d50f2b159366be8e37e94b201be1":null,"_oembed_0adc8480b2fcadf9a1733f572ce3d3f8":null,"_yoast_wpseo_title":null,"_yoast_wpseo_focuskw":null,"_yoast_wpseo_linkdex":null,"_yoast_wpseo_metadesc":null,"_yoast_wpseo_wordproof_timestamp":null,"_tpl_archive_meta_key":null,"_form":null,"_mail":null,"_mail_2":null,"_messages":null,"_additional_settings":null,"_locale":null,"_wp_old_date":null,"_edit_last":"5","_wpb_vc_js_status":"false","_yoast_wpseo_estimated-reading-time-minutes":"2","_edit_lock":"1691093474:5","_yoast_wpseo_content_score":"30","yoast_head":"<!-- This site is optimized with the Yoast SEO plugin v24.3 - https:\/\/yoast.com\/wordpress\/plugins\/seo\/ -->\n<title>Dispositif RGE : les particuliers mal inform\u00e9s - La Maison naturelle | Blog<\/title>\n<meta name=\"robots\" content=\"index, follow, max-snippet:-1, max-image-preview:large, max-video-preview:-1\" \/>\n<link rel=\"canonical\" href=\"https:\/\/www.la-maison-naturelle.com\/blog\/dispositif-rge-les-particuliers-mal-informes\/\" \/>\n<meta property=\"og:locale\" content=\"fr_FR\" \/>\n<meta property=\"og:type\" content=\"article\" \/>\n<meta property=\"og:title\" content=\"Dispositif RGE : les particuliers mal inform\u00e9s - La Maison naturelle | Blog\" \/>\n<meta property=\"og:description\" content=\"Le dispositif RGE s&rsquo;\u00e9toffe et reste l&rsquo;un des moyens les plus efficaces pour la r\u00e9ussite de l&rsquo;objectif des 500 000 r\u00e9novations \u00e9nerg\u00e9tiques annuelles. Pourtant, les particuliers restent encore mal inform\u00e9s des proc\u00e9dures mises en place autour de ce dispositif. Le dispositif RGE au c\u0153ur du m\u00e9canisme du PREH Le Plan de R\u00e9novation Energ\u00e9tique de l&rsquo;Habitat [&hellip;]\" \/>\n<meta property=\"og:url\" content=\"https:\/\/www.la-maison-naturelle.com\/blog\/dispositif-rge-les-particuliers-mal-informes\/\" \/>\n<meta property=\"og:site_name\" content=\"La Maison naturelle | Blog\" \/>\n<meta property=\"article:published_time\" content=\"2013-05-24T16:53:22+00:00\" \/>\n<meta property=\"article:modified_time\" content=\"2023-08-03T20:11:13+00:00\" \/>\n<meta name=\"author\" content=\"Eloise\" \/>\n<meta name=\"twitter:card\" content=\"summary_large_image\" \/>\n<meta name=\"twitter:label1\" content=\"\u00c9crit par\" \/>\n\t<meta name=\"twitter:data1\" content=\"Eloise\" \/>\n\t<meta name=\"twitter:label2\" content=\"Dur\u00e9e de lecture estim\u00e9e\" \/>\n\t<meta name=\"twitter:data2\" content=\"2 minutes\" \/>\n<script type=\"application\/ld+json\" class=\"yoast-schema-graph\">{\"@context\":\"https:\/\/schema.org\",\"@graph\":[{\"@type\":\"Article\",\"@id\":\"https:\/\/www.la-maison-naturelle.com\/blog\/dispositif-rge-les-particuliers-mal-informes\/#article\",\"isPartOf\":{\"@id\":\"https:\/\/www.la-maison-naturelle.com\/blog\/dispositif-rge-les-particuliers-mal-informes\/\"},\"author\":{\"name\":\"Eloise\",\"@id\":\"https:\/\/www.la-maison-naturelle.com\/blog\/#\/schema\/person\/cad2a9ed80410189f0688441d546d43f\"},\"headline\":\"Dispositif RGE : les particuliers mal inform\u00e9s\",\"datePublished\":\"2013-05-24T16:53:22+00:00\",\"dateModified\":\"2023-08-03T20:11:13+00:00\",\"mainEntityOfPage\":{\"@id\":\"https:\/\/www.la-maison-naturelle.com\/blog\/dispositif-rge-les-particuliers-mal-informes\/\"},\"wordCount\":489,\"commentCount\":0,\"publisher\":{\"@id\":\"https:\/\/www.la-maison-naturelle.com\/blog\/#organization\"},\"articleSection\":[\"Les dossiers\"],\"inLanguage\":\"fr-FR\",\"potentialAction\":[{\"@type\":\"CommentAction\",\"name\":\"Comment\",\"target\":[\"https:\/\/www.la-maison-naturelle.com\/blog\/dispositif-rge-les-particuliers-mal-informes\/#respond\"]}]},{\"@type\":\"WebPage\",\"@id\":\"https:\/\/www.la-maison-naturelle.com\/blog\/dispositif-rge-les-particuliers-mal-informes\/\",\"url\":\"https:\/\/www.la-maison-naturelle.com\/blog\/dispositif-rge-les-particuliers-mal-informes\/\",\"name\":\"Dispositif RGE : les particuliers mal inform\u00e9s - La Maison naturelle | Blog\",\"isPartOf\":{\"@id\":\"https:\/\/www.la-maison-naturelle.com\/blog\/#website\"},\"datePublished\":\"2013-05-24T16:53:22+00:00\",\"dateModified\":\"2023-08-03T20:11:13+00:00\",\"breadcrumb\":{\"@id\":\"https:\/\/www.la-maison-naturelle.com\/blog\/dispositif-rge-les-particuliers-mal-informes\/#breadcrumb\"},\"inLanguage\":\"fr-FR\",\"potentialAction\":[{\"@type\":\"ReadAction\",\"target\":[\"https:\/\/www.la-maison-naturelle.com\/blog\/dispositif-rge-les-particuliers-mal-informes\/\"]}]},{\"@type\":\"BreadcrumbList\",\"@id\":\"https:\/\/www.la-maison-naturelle.com\/blog\/dispositif-rge-les-particuliers-mal-informes\/#breadcrumb\",\"itemListElement\":[{\"@type\":\"ListItem\",\"position\":1,\"name\":\"Accueil\",\"item\":\"https:\/\/www.la-maison-naturelle.com\/blog\/\"},{\"@type\":\"ListItem\",\"position\":2,\"name\":\"Dispositif RGE : les particuliers mal inform\u00e9s\"}]},{\"@type\":\"WebSite\",\"@id\":\"https:\/\/www.la-maison-naturelle.com\/blog\/#website\",\"url\":\"https:\/\/www.la-maison-naturelle.com\/blog\/\",\"name\":\"La Maison naturelle | Blog\",\"description\":\"Blog de la Maison naturelle\",\"publisher\":{\"@id\":\"https:\/\/www.la-maison-naturelle.com\/blog\/#organization\"},\"potentialAction\":[{\"@type\":\"SearchAction\",\"target\":{\"@type\":\"EntryPoint\",\"urlTemplate\":\"https:\/\/www.la-maison-naturelle.com\/blog\/?s={search_term_string}\"},\"query-input\":{\"@type\":\"PropertyValueSpecification\",\"valueRequired\":true,\"valueName\":\"search_term_string\"}}],\"inLanguage\":\"fr-FR\"},{\"@type\":\"Organization\",\"@id\":\"https:\/\/www.la-maison-naturelle.com\/blog\/#organization\",\"name\":\"La Maison naturelle | Blog\",\"url\":\"https:\/\/www.la-maison-naturelle.com\/blog\/\",\"logo\":{\"@type\":\"ImageObject\",\"inLanguage\":\"fr-FR\",\"@id\":\"https:\/\/www.la-maison-naturelle.com\/blog\/#\/schema\/logo\/image\/\",\"url\":\"https:\/\/www.la-maison-naturelle.com\/blog\/wp-content\/uploads\/2021\/07\/maison-naturelle-logo.svg\",\"contentUrl\":\"https:\/\/www.la-maison-naturelle.com\/blog\/wp-content\/uploads\/2021\/07\/maison-naturelle-logo.svg\",\"width\":156,\"height\":64,\"caption\":\"La Maison naturelle | Blog\"},\"image\":{\"@id\":\"https:\/\/www.la-maison-naturelle.com\/blog\/#\/schema\/logo\/image\/\"}},{\"@type\":\"Person\",\"@id\":\"https:\/\/www.la-maison-naturelle.com\/blog\/#\/schema\/person\/cad2a9ed80410189f0688441d546d43f\",\"name\":\"Eloise\",\"image\":{\"@type\":\"ImageObject\",\"inLanguage\":\"fr-FR\",\"@id\":\"https:\/\/www.la-maison-naturelle.com\/blog\/#\/schema\/person\/image\/\",\"url\":\"https:\/\/secure.gravatar.com\/avatar\/344186806f5e8613d4a2109f3b0228a847a7c0858a8023778c44bdcfc1111df9?s=96&d=mm&r=g\",\"contentUrl\":\"https:\/\/secure.gravatar.com\/avatar\/344186806f5e8613d4a2109f3b0228a847a7c0858a8023778c44bdcfc1111df9?s=96&d=mm&r=g\",\"caption\":\"Eloise\"},\"sameAs\":[\"https:\/\/www.la-maison-naturelle.com\/\"],\"url\":\"https:\/\/www.la-maison-naturelle.com\/blog\/author\/idries\/\"}]}<\/script>\n<!-- \/ Yoast SEO plugin. -->","yoast_head_json":{"title":"Dispositif RGE : les particuliers mal inform\u00e9s - La Maison naturelle | Blog","robots":{"index":"index","follow":"follow","max-snippet":"max-snippet:-1","max-image-preview":"max-image-preview:large","max-video-preview":"max-video-preview:-1"},"canonical":"https:\/\/www.la-maison-naturelle.com\/blog\/dispositif-rge-les-particuliers-mal-informes\/","og_locale":"fr_FR","og_type":"article","og_title":"Dispositif RGE : les particuliers mal inform\u00e9s - La Maison naturelle | Blog","og_description":"Le dispositif RGE s&rsquo;\u00e9toffe et reste l&rsquo;un des moyens les plus efficaces pour la r\u00e9ussite de l&rsquo;objectif des 500 000 r\u00e9novations \u00e9nerg\u00e9tiques annuelles. Pourtant, les particuliers restent encore mal inform\u00e9s des proc\u00e9dures mises en place autour de ce dispositif. Le dispositif RGE au c\u0153ur du m\u00e9canisme du PREH Le Plan de R\u00e9novation Energ\u00e9tique de l&rsquo;Habitat [&hellip;]","og_url":"https:\/\/www.la-maison-naturelle.com\/blog\/dispositif-rge-les-particuliers-mal-informes\/","og_site_name":"La Maison naturelle | Blog","article_published_time":"2013-05-24T16:53:22+00:00","article_modified_time":"2023-08-03T20:11:13+00:00","author":"Eloise","twitter_card":"summary_large_image","twitter_misc":{"\u00c9crit par":"Eloise","Dur\u00e9e de lecture estim\u00e9e":"2 minutes"},"schema":{"@context":"https:\/\/schema.org","@graph":[{"@type":"Article","@id":"https:\/\/www.la-maison-naturelle.com\/blog\/dispositif-rge-les-particuliers-mal-informes\/#article","isPartOf":{"@id":"https:\/\/www.la-maison-naturelle.com\/blog\/dispositif-rge-les-particuliers-mal-informes\/"},"author":{"name":"Eloise","@id":"https:\/\/www.la-maison-naturelle.com\/blog\/#\/schema\/person\/cad2a9ed80410189f0688441d546d43f"},"headline":"Dispositif RGE : les particuliers mal inform\u00e9s","datePublished":"2013-05-24T16:53:22+00:00","dateModified":"2023-08-03T20:11:13+00:00","mainEntityOfPage":{"@id":"https:\/\/www.la-maison-naturelle.com\/blog\/dispositif-rge-les-particuliers-mal-informes\/"},"wordCount":489,"commentCount":0,"publisher":{"@id":"https:\/\/www.la-maison-naturelle.com\/blog\/#organization"},"articleSection":["Les dossiers"],"inLanguage":"fr-FR","potentialAction":[{"@type":"CommentAction","name":"Comment","target":["https:\/\/www.la-maison-naturelle.com\/blog\/dispositif-rge-les-particuliers-mal-informes\/#respond"]}]},{"@type":"WebPage","@id":"https:\/\/www.la-maison-naturelle.com\/blog\/dispositif-rge-les-particuliers-mal-informes\/","url":"https:\/\/www.la-maison-naturelle.com\/blog\/dispositif-rge-les-particuliers-mal-informes\/","name":"Dispositif RGE : les particuliers mal inform\u00e9s - La Maison naturelle | Blog","isPartOf":{"@id":"https:\/\/www.la-maison-naturelle.com\/blog\/#website"},"datePublished":"2013-05-24T16:53:22+00:00","dateModified":"2023-08-03T20:11:13+00:00","breadcrumb":{"@id":"https:\/\/www.la-maison-naturelle.com\/blog\/dispositif-rge-les-particuliers-mal-informes\/#breadcrumb"},"inLanguage":"fr-FR","potentialAction":[{"@type":"ReadAction","target":["https:\/\/www.la-maison-naturelle.com\/blog\/dispositif-rge-les-particuliers-mal-informes\/"]}]},{"@type":"BreadcrumbList","@id":"https:\/\/www.la-maison-naturelle.com\/blog\/dispositif-rge-les-particuliers-mal-informes\/#breadcrumb","itemListElement":[{"@type":"ListItem","position":1,"name":"Accueil","item":"https:\/\/www.la-maison-naturelle.com\/blog\/"},{"@type":"ListItem","position":2,"name":"Dispositif RGE : les particuliers mal inform\u00e9s"}]},{"@type":"WebSite","@id":"https:\/\/www.la-maison-naturelle.com\/blog\/#website","url":"https:\/\/www.la-maison-naturelle.com\/blog\/","name":"La Maison naturelle | Blog","description":"Blog de la Maison naturelle","publisher":{"@id":"https:\/\/www.la-maison-naturelle.com\/blog\/#organization"},"potentialAction":[{"@type":"SearchAction","target":{"@type":"EntryPoint","urlTemplate":"https:\/\/www.la-maison-naturelle.com\/blog\/?s={search_term_string}"},"query-input":{"@type":"PropertyValueSpecification","valueRequired":true,"valueName":"search_term_string"}}],"inLanguage":"fr-FR"},{"@type":"Organization","@id":"https:\/\/www.la-maison-naturelle.com\/blog\/#organization","name":"La Maison naturelle | Blog","url":"https:\/\/www.la-maison-naturelle.com\/blog\/","logo":{"@type":"ImageObject","inLanguage":"fr-FR","@id":"https:\/\/www.la-maison-naturelle.com\/blog\/#\/schema\/logo\/image\/","url":"https:\/\/www.la-maison-naturelle.com\/blog\/wp-content\/uploads\/2021\/07\/maison-naturelle-logo.svg","contentUrl":"https:\/\/www.la-maison-naturelle.com\/blog\/wp-content\/uploads\/2021\/07\/maison-naturelle-logo.svg","width":156,"height":64,"caption":"La Maison naturelle | Blog"},"image":{"@id":"https:\/\/www.la-maison-naturelle.com\/blog\/#\/schema\/logo\/image\/"}},{"@type":"Person","@id":"https:\/\/www.la-maison-naturelle.com\/blog\/#\/schema\/person\/cad2a9ed80410189f0688441d546d43f","name":"Eloise","image":{"@type":"ImageObject","inLanguage":"fr-FR","@id":"https:\/\/www.la-maison-naturelle.com\/blog\/#\/schema\/person\/image\/","url":"https:\/\/secure.gravatar.com\/avatar\/344186806f5e8613d4a2109f3b0228a847a7c0858a8023778c44bdcfc1111df9?s=96&d=mm&r=g","contentUrl":"https:\/\/secure.gravatar.com\/avatar\/344186806f5e8613d4a2109f3b0228a847a7c0858a8023778c44bdcfc1111df9?s=96&d=mm&r=g","caption":"Eloise"},"sameAs":["https:\/\/www.la-maison-naturelle.com\/"],"url":"https:\/\/www.la-maison-naturelle.com\/blog\/author\/idries\/"}]}},"_links":{"self":[{"href":"https:\/\/www.la-maison-naturelle.com\/blog\/wp-json\/wp\/v2\/posts\/2927","targetHints":{"allow":["GET"]}}],"collection":[{"href":"https:\/\/www.la-maison-naturelle.com\/blog\/wp-json\/wp\/v2\/posts"}],"about":[{"href":"https:\/\/www.la-maison-naturelle.com\/blog\/wp-json\/wp\/v2\/types\/post"}],"author":[{"embeddable":true,"href":"https:\/\/www.la-maison-naturelle.com\/blog\/wp-json\/wp\/v2\/users\/5"}],"replies":[{"embeddable":true,"href":"https:\/\/www.la-maison-naturelle.com\/blog\/wp-json\/wp\/v2\/comments?post=2927"}],"version-history":[{"count":2,"href":"https:\/\/www.la-maison-naturelle.com\/blog\/wp-json\/wp\/v2\/posts\/2927\/revisions"}],"predecessor-version":[{"id":5306,"href":"https:\/\/www.la-maison-naturelle.com\/blog\/wp-json\/wp\/v2\/posts\/2927\/revisions\/5306"}],"wp:attachment":[{"href":"https:\/\/www.la-maison-naturelle.com\/blog\/wp-json\/wp\/v2\/media?parent=2927"}],"wp:term":[{"taxonomy":"category","embeddable":true,"href":"https:\/\/www.la-maison-naturelle.com\/blog\/wp-json\/wp\/v2\/categories?post=2927"},{"taxonomy":"post_tag","embeddable":true,"href":"https:\/\/www.la-maison-naturelle.com\/blog\/wp-json\/wp\/v2\/tags?post=2927"}],"curies":[{"name":"wp","href":"https:\/\/api.w.org\/{rel}","templated":true}]}}