{"id":2897,"date":"2022-02-14T11:44:27","date_gmt":"2022-02-14T10:44:27","guid":{"rendered":"https:\/\/www.la-maison-naturelle.com\/blog\/?p=2897"},"modified":"2023-08-04T20:10:36","modified_gmt":"2023-08-04T18:10:36","slug":"pare-vapeurs-et-pare-pluie-sont-ils-garants-de-la-qualite-de-l-air-interieur","status":"publish","type":"post","link":"https:\/\/www.la-maison-naturelle.com\/blog\/pare-vapeurs-et-pare-pluie-sont-ils-garants-de-la-qualite-de-l-air-interieur\/","title":{"rendered":"Pare-vapeurs et pare-pluie sont-ils garants de la qualit\u00e9 de l&rsquo;air int\u00e9rieur"},"content":{"rendered":"<table style=\" width=\"100%\",max-width=\"839\">\n<tbody>\n<tr>\n<td colspan=\"3\"><a href=\"https:\/\/www.la-maison-naturelle.com\/\"><img decoding=\"async\" class=\"wp-image-5568 aligncenter\" src=\"https:\/\/www.la-maison-naturelle.com\/blog\/wp-content\/uploads\/2012\/05\/Dark-Green-and-Gray-Professional-and-Clean-E-Commerce-Email-Header-300x35.png\" alt=\"\" width=\"839\" srcset=\"https:\/\/www.la-maison-naturelle.com\/blog\/wp-content\/uploads\/2012\/05\/Dark-Green-and-Gray-Professional-and-Clean-E-Commerce-Email-Header-300x35.png 300w, https:\/\/www.la-maison-naturelle.com\/blog\/wp-content\/uploads\/2012\/05\/Dark-Green-and-Gray-Professional-and-Clean-E-Commerce-Email-Header-1024x119.png 1024w, https:\/\/www.la-maison-naturelle.com\/blog\/wp-content\/uploads\/2012\/05\/Dark-Green-and-Gray-Professional-and-Clean-E-Commerce-Email-Header-768x89.png 768w, https:\/\/www.la-maison-naturelle.com\/blog\/wp-content\/uploads\/2012\/05\/Dark-Green-and-Gray-Professional-and-Clean-E-Commerce-Email-Header-1536x178.png 1536w, https:\/\/www.la-maison-naturelle.com\/blog\/wp-content\/uploads\/2012\/05\/Dark-Green-and-Gray-Professional-and-Clean-E-Commerce-Email-Header.png 1578w\" sizes=\"(max-width: 300px) 100vw, 300px\" \/><\/a><\/td>\n<\/tr>\n<tr>\n<td><a href=\"https:\/\/www.la-maison-naturelle.com\/5260-materiaux-et-bricolage\"><img loading=\"lazy\" decoding=\"async\" class=\"alignright size-medium wp-image-5565\" src=\"https:\/\/www.la-maison-naturelle.com\/blog\/wp-content\/uploads\/2012\/05\/73a5f09c-2ef6-46dd-90d1-9cf73599e16b-1-249x300.png\" alt=\"Mat\u00e9riaux et bricolage\" width=\"249\" height=\"300\" srcset=\"https:\/\/www.la-maison-naturelle.com\/blog\/wp-content\/uploads\/2012\/05\/73a5f09c-2ef6-46dd-90d1-9cf73599e16b-1-249x300.png 249w, https:\/\/www.la-maison-naturelle.com\/blog\/wp-content\/uploads\/2012\/05\/73a5f09c-2ef6-46dd-90d1-9cf73599e16b-1.png 397w\" sizes=\"auto, (max-width: 249px) 100vw, 249px\" \/><\/a><\/td>\n<td><a href=\"https:\/\/www.la-maison-naturelle.com\/5266-amenagement-du-jardin\"><img loading=\"lazy\" decoding=\"async\" class=\"alignright size-medium wp-image-5564\" src=\"https:\/\/www.la-maison-naturelle.com\/blog\/wp-content\/uploads\/2012\/05\/9224811f-6da5-4d4d-8634-e9a2517a9565-1-249x300.png\" alt=\"Jardin et ext\u00e9rieur\" width=\"249\" height=\"300\" srcset=\"https:\/\/www.la-maison-naturelle.com\/blog\/wp-content\/uploads\/2012\/05\/9224811f-6da5-4d4d-8634-e9a2517a9565-1-249x300.png 249w, https:\/\/www.la-maison-naturelle.com\/blog\/wp-content\/uploads\/2012\/05\/9224811f-6da5-4d4d-8634-e9a2517a9565-1.png 397w\" sizes=\"auto, (max-width: 249px) 100vw, 249px\" \/><\/a><\/td>\n<td><a href=\"https:\/\/www.la-maison-naturelle.com\/5267-interieur-et-decoration\"><img loading=\"lazy\" decoding=\"async\" class=\"alignright size-medium wp-image-5563\" src=\"https:\/\/www.la-maison-naturelle.com\/blog\/wp-content\/uploads\/2012\/05\/b9400ea8-440a-4a4a-8db6-682fde3f9652-1-249x300.png\" alt=\"Int\u00e9rieur et d\u00e9coration\" width=\"249\" height=\"300\" srcset=\"https:\/\/www.la-maison-naturelle.com\/blog\/wp-content\/uploads\/2012\/05\/b9400ea8-440a-4a4a-8db6-682fde3f9652-1-249x300.png 249w, https:\/\/www.la-maison-naturelle.com\/blog\/wp-content\/uploads\/2012\/05\/b9400ea8-440a-4a4a-8db6-682fde3f9652-1.png 397w\" sizes=\"auto, (max-width: 249px) 100vw, 249px\" \/><\/a><\/td>\n<\/tr>\n<\/tbody>\n<\/table>\n<p>La qualit\u00e9 de l&rsquo;air int\u00e9rieur est un crit\u00e8re \u00e0 prendre en compte en priorit\u00e9 dans une habitation. La pose d\u2019\u00e9crans de\u00a0sous-toiture <a href=\"https:\/\/www.la-maison-naturelle.com\/3127-freine-vapeur-pare-vapeur-membranes\">pare-vapeur<\/a> et les\u00a0<a href=\"https:\/\/www.la-maison-naturelle.com\/3071-ecran-de-sous-toiture-pare-pluie\" data-internallinksmanager029f6b8e52c=\"2\" title=\"Pare-pluie\">pare-pluie<\/a> est sens\u00e9e am\u00e9liorer la qualit\u00e9 de l&rsquo;air int\u00e9rieur. Comment et dans quelle mesure\u00a0?<\/p>\n<h2>Les COV et la qualit\u00e9 de l&rsquo;air int\u00e9rieur<\/h2>\n<p>Il existe de nombreux \u00e9l\u00e9ments pouvant vicier l&rsquo;air int\u00e9rieur. En effet, les polluants peuvent \u00eatre de nature biologique, physique ou chimique. Ceux qui nuisent particuli\u00e8rement \u00e0 la qualit\u00e9 de l&rsquo;air int\u00e9rieur sont souvent les compos\u00e9s organiques volatiles ou <a href=\"https:\/\/www.la-maison-naturelle.com\/blog\/les-cov-dans-les-produits\/\" data-internallinksmanager029f6b8e52c=\"94\" title=\"Quels sont les COV et o\u00f9 les trouve-t-on dans les produits ?\">COV<\/a>. Il s&rsquo;agit de compos\u00e9s chimiques qui sont retrouv\u00e9s dans les diff\u00e9rents mat\u00e9riaux et produits de construction\u00a0: carreaux, moquettes, tissus neufs, mais aussi peintures, colles, vernis et bien d&rsquo;autres encore. Ces COV peuvent alors nuire consid\u00e9rablement \u00e0 la qualit\u00e9 de l&rsquo;air int\u00e9rieur d&rsquo;une maison et entra\u00eener des probl\u00e8mes de sant\u00e9 comme les irritations des muqueuses et de la peau, des probl\u00e8mes respiratoires, etc.<\/p>\n<h2>Quels risques de pollution d&rsquo;air avec les \u00e9crans pare-pluie et de sous-toiture\u00a0?<\/h2>\n<p>Afin de r\u00e9duire les risques d&rsquo;\u00e9manation de ces COV dans les habitations, le Plan National Sant\u00e9 a contraint les fabricants de rev\u00eatement d&rsquo;int\u00e9rieur ou de mat\u00e9riaux de construction \u00e0 \u00e9tiqueter leurs produits de mani\u00e8re \u00e0 informer les clients sur les COV contenus dans chaque produit. Dans la mesure o\u00f9 les \u00e9crans\u00a0pare-pluie et les\u00a0<a href=\"https:\/\/www.la-maison-naturelle.com\/3071-ecran-de-sous-toiture-pare-pluie\">\u00e9crans de sous-toiture<\/a> sont install\u00e9s sur la paroi ext\u00e9rieure du b\u00e2timent, la loi ne contraint pas les fabricants de ces produits \u00e0 \u00e9tiqueter les COV. En effet, ces \u00e9crans sont en contact permanent avec l&rsquo;air ext\u00e9rieur gr\u00e2ce \u00e0 des lames d&rsquo;air ventil\u00e9es, et ne pr\u00e9sentent aucun risque de pollution de l&rsquo;air int\u00e9rieur.<\/p>\n<h2>Les r\u00f4les de protection que jouent les \u00e9crans de sous-toiture et pare-pluie<\/h2>\n<p>L&rsquo;\u00e9cran de sous-toiture a la forme d&rsquo;une feuille souple. Install\u00e9 en dessous des \u00e9l\u00e9ments de couvertures, il est destin\u00e9 \u00e0 apporter une protection suppl\u00e9mentaire de la <a href=\"https:\/\/www.la-maison-naturelle.com\/blog\/la-difference-entre-une-charpente-fermette-et-une-charpente-traditionnelle\/\" data-internallinksmanager029f6b8e52c=\"85\" title=\"Quelle est la diff\u00e9rence entre une charpente fermette et une charpente traditionnelle ?\">charpente<\/a> et de l&rsquo;isolant du toit. De plus, l&rsquo;\u00e9cran am\u00e9liore la ventilation de la toiture, ce qui emp\u00eache l&rsquo;accumulation des agents biologiques et physiques pouvant nuire \u00e0 la qualit\u00e9 de l&rsquo;air int\u00e9rieur et entra\u00eener des pathologies graves comme l&rsquo;asthme, le cancer du poumon, etc. Les fum\u00e9es ext\u00e9rieures provenant du tabac ou des v\u00e9hicules, le pollen, et bien d&rsquo;autres agents sont alors stopp\u00e9s par l&rsquo;\u00e9cran de sous-toiture. De plus, l&rsquo;\u00e9cran de sous-toiture emp\u00eache la neige poudreuse de s&rsquo;infiltrer dans la toiture, et \u00e9vacue l&rsquo;eau de fonte de la neige vers les canalisations d&rsquo;eau. Cela permet alors la formation de champignons ou de moisissures issues de l&rsquo;humidit\u00e9, qui sont n\u00e9fastes pour la qualit\u00e9 de l&rsquo;air int\u00e9rieur.<\/p>\n","protected":false},"excerpt":{"rendered":"","protected":false},"author":5,"featured_media":3702,"comment_status":"open","ping_status":"open","sticky":false,"template":"","format":"standard","meta":{"footnotes":""},"categories":[4],"tags":[],"class_list":["post-2897","post","type-post","status-publish","format-standard","has-post-thumbnail","hentry","category-actualites-produits"],"_wp_attached_file":null,"_wp_attachment_metadata":null,"_wp_attachment_context":null,"_wp_attachment_image_alt":null,"_hf_settings":null,"hf_message_success":null,"hf_message_invalid_email":null,"hf_message_required_field_missing":null,"hf_message_error":null,"_menu_item_type":null,"_menu_item_menu_item_parent":null,"_menu_item_object_id":null,"_menu_item_object":null,"_menu_item_target":null,"_menu_item_classes":null,"_menu_item_xfn":null,"_menu_item_url":null,"_yoast_wpseo_primary_category":"4","_thumbnail_id":"3702","_oembed_26d84b2c06432105b0a19987ae029a71":null,"_oembed_43e9e2dfde1b9b4ed91c9711026b7ef9":null,"_oembed_1fe1564764edbddc3b61e81acf52be88":null,"_oembed_df60f474cd845141e7ce6596d101e4a0":null,"_oembed_825e674795e2435c0bc66eb08e5d2c8b":null,"_oembed_time_825e674795e2435c0bc66eb08e5d2c8b":null,"_oembed_e917352ff4cc21ea91383201eeaa08cf":null,"_oembed_2363c16c972791c33e283320dc564fce":null,"_oembed_cc9ad5b5073a84776f6a62e33e6c7498":null,"_oembed_time_cc9ad5b5073a84776f6a62e33e6c7498":null,"_oembed_305147fcf4b856de518466e695c209cd":null,"_oembed_8517a877084ae01a5296813ee1d16a2b":null,"_oembed_2741f1556b243e68379198f98ba7f864":null,"_oembed_c3ffa24981451396c950ece2129da0f6":null,"_oembed_6f9091ebe2f3f5fcb5698ba6f4b41477":null,"_wp_old_slug":null,"_oembed_e4fb0f68ba12b85e9e231afe151ba12a":null,"_oembed_3c60e98bd703e617e67f5bbb3b97424d":null,"_oembed_bb060374498dcf40cb6068efe4be87e1":null,"_oembed_d0403e1e71c3a29020bd546b159480f1":null,"_oembed_b030ff17fbbbf8661c59c2ab8ff289eb":null,"_oembed_5cec699ba0631c6c0e4ba4f6af5f228e":null,"_oembed_b06a67f278b90cf4e8dd17cb12fe67b0":null,"_oembed_8e190e4fea2256f17420434651556236":null,"_oembed_b5ded119f1337916a0fc64d2ad85c95f":null,"_oembed_d9364a7a81be31c01415da2c50a48932":null,"_oembed_738cafa36d51a58e5ae3e458aa8f7584":null,"_oembed_ebcab5184b6b321b28efbcbec079859b":null,"_oembed_3dd9e35c2b7b268070e74da5b89cf937":null,"_oembed_e14b167b493e311a1c4e2aab38a463e8":null,"_oembed_dc8f7d108b38f3f0c2e0785b8bc46cae":null,"_oembed_55cf1c5142884afed312c2666bf27520":null,"_oembed_2292333bf03a956b4b61afafeff6bca0":null,"_oembed_82a986a6b900856fec23169de03a0038":null,"_oembed_4048ded025352b83569104210074165a":null,"_oembed_033b42b1af757abc39e4487233cee7f5":null,"_oembed_aec1d50f2b159366be8e37e94b201be1":null,"_oembed_0adc8480b2fcadf9a1733f572ce3d3f8":null,"_yoast_wpseo_title":null,"_yoast_wpseo_focuskw":null,"_yoast_wpseo_linkdex":null,"_yoast_wpseo_metadesc":null,"_yoast_wpseo_wordproof_timestamp":"","_tpl_archive_meta_key":null,"_form":null,"_mail":null,"_mail_2":null,"_messages":null,"_additional_settings":null,"_locale":null,"_wp_old_date":"2022-08-25","_edit_last":"5","_wpb_vc_js_status":"false","_yoast_wpseo_estimated-reading-time-minutes":"3","_edit_lock":"1691172654:5","_yoast_wpseo_content_score":"30","yoast_head":"<!-- This site is optimized with the Yoast SEO plugin v24.3 - https:\/\/yoast.com\/wordpress\/plugins\/seo\/ -->\n<title>Pare-vapeurs et pare-pluie sont-ils garants de la qualit\u00e9 de l&#039;air int\u00e9rieur - La Maison naturelle | Blog<\/title>\n<meta name=\"robots\" content=\"index, follow, max-snippet:-1, max-image-preview:large, max-video-preview:-1\" \/>\n<link rel=\"canonical\" href=\"https:\/\/www.la-maison-naturelle.com\/blog\/pare-vapeurs-et-pare-pluie-sont-ils-garants-de-la-qualite-de-l-air-interieur\/\" \/>\n<meta property=\"og:locale\" content=\"fr_FR\" \/>\n<meta property=\"og:type\" content=\"article\" \/>\n<meta property=\"og:title\" content=\"Pare-vapeurs et pare-pluie sont-ils garants de la qualit\u00e9 de l&#039;air int\u00e9rieur - La Maison naturelle | Blog\" \/>\n<meta property=\"og:url\" content=\"https:\/\/www.la-maison-naturelle.com\/blog\/pare-vapeurs-et-pare-pluie-sont-ils-garants-de-la-qualite-de-l-air-interieur\/\" \/>\n<meta property=\"og:site_name\" content=\"La Maison naturelle | Blog\" \/>\n<meta property=\"article:published_time\" content=\"2022-02-14T10:44:27+00:00\" \/>\n<meta property=\"article:modified_time\" content=\"2023-08-04T18:10:36+00:00\" \/>\n<meta property=\"og:image\" content=\"https:\/\/www.la-maison-naturelle.com\/blog\/wp-content\/uploads\/2022\/05\/pare-vapeur-qem-hygrov-quadrille-et-translucide-120-long-50m-75m.jpg\" \/>\n\t<meta property=\"og:image:width\" content=\"800\" \/>\n\t<meta property=\"og:image:height\" content=\"800\" \/>\n\t<meta property=\"og:image:type\" content=\"image\/jpeg\" \/>\n<meta name=\"author\" content=\"Eloise\" \/>\n<meta name=\"twitter:card\" content=\"summary_large_image\" \/>\n<meta name=\"twitter:label1\" content=\"\u00c9crit par\" \/>\n\t<meta name=\"twitter:data1\" content=\"Eloise\" \/>\n\t<meta name=\"twitter:label2\" content=\"Dur\u00e9e de lecture estim\u00e9e\" \/>\n\t<meta name=\"twitter:data2\" content=\"3 minutes\" \/>\n<script type=\"application\/ld+json\" class=\"yoast-schema-graph\">{\"@context\":\"https:\/\/schema.org\",\"@graph\":[{\"@type\":\"Article\",\"@id\":\"https:\/\/www.la-maison-naturelle.com\/blog\/pare-vapeurs-et-pare-pluie-sont-ils-garants-de-la-qualite-de-l-air-interieur\/#article\",\"isPartOf\":{\"@id\":\"https:\/\/www.la-maison-naturelle.com\/blog\/pare-vapeurs-et-pare-pluie-sont-ils-garants-de-la-qualite-de-l-air-interieur\/\"},\"author\":{\"name\":\"Eloise\",\"@id\":\"https:\/\/www.la-maison-naturelle.com\/blog\/#\/schema\/person\/cad2a9ed80410189f0688441d546d43f\"},\"headline\":\"Pare-vapeurs et pare-pluie sont-ils garants de la qualit\u00e9 de l&rsquo;air int\u00e9rieur\",\"datePublished\":\"2022-02-14T10:44:27+00:00\",\"dateModified\":\"2023-08-04T18:10:36+00:00\",\"mainEntityOfPage\":{\"@id\":\"https:\/\/www.la-maison-naturelle.com\/blog\/pare-vapeurs-et-pare-pluie-sont-ils-garants-de-la-qualite-de-l-air-interieur\/\"},\"wordCount\":12,\"commentCount\":0,\"publisher\":{\"@id\":\"https:\/\/www.la-maison-naturelle.com\/blog\/#organization\"},\"image\":{\"@id\":\"https:\/\/www.la-maison-naturelle.com\/blog\/pare-vapeurs-et-pare-pluie-sont-ils-garants-de-la-qualite-de-l-air-interieur\/#primaryimage\"},\"thumbnailUrl\":\"https:\/\/www.la-maison-naturelle.com\/blog\/wp-content\/uploads\/2022\/05\/pare-vapeur-qem-hygrov-quadrille-et-translucide-120-long-50m-75m.jpg\",\"articleSection\":[\"Actualit\u00e9s produits\"],\"inLanguage\":\"fr-FR\",\"potentialAction\":[{\"@type\":\"CommentAction\",\"name\":\"Comment\",\"target\":[\"https:\/\/www.la-maison-naturelle.com\/blog\/pare-vapeurs-et-pare-pluie-sont-ils-garants-de-la-qualite-de-l-air-interieur\/#respond\"]}]},{\"@type\":\"WebPage\",\"@id\":\"https:\/\/www.la-maison-naturelle.com\/blog\/pare-vapeurs-et-pare-pluie-sont-ils-garants-de-la-qualite-de-l-air-interieur\/\",\"url\":\"https:\/\/www.la-maison-naturelle.com\/blog\/pare-vapeurs-et-pare-pluie-sont-ils-garants-de-la-qualite-de-l-air-interieur\/\",\"name\":\"Pare-vapeurs et pare-pluie sont-ils garants de la qualit\u00e9 de l'air int\u00e9rieur - La Maison naturelle | Blog\",\"isPartOf\":{\"@id\":\"https:\/\/www.la-maison-naturelle.com\/blog\/#website\"},\"primaryImageOfPage\":{\"@id\":\"https:\/\/www.la-maison-naturelle.com\/blog\/pare-vapeurs-et-pare-pluie-sont-ils-garants-de-la-qualite-de-l-air-interieur\/#primaryimage\"},\"image\":{\"@id\":\"https:\/\/www.la-maison-naturelle.com\/blog\/pare-vapeurs-et-pare-pluie-sont-ils-garants-de-la-qualite-de-l-air-interieur\/#primaryimage\"},\"thumbnailUrl\":\"https:\/\/www.la-maison-naturelle.com\/blog\/wp-content\/uploads\/2022\/05\/pare-vapeur-qem-hygrov-quadrille-et-translucide-120-long-50m-75m.jpg\",\"datePublished\":\"2022-02-14T10:44:27+00:00\",\"dateModified\":\"2023-08-04T18:10:36+00:00\",\"breadcrumb\":{\"@id\":\"https:\/\/www.la-maison-naturelle.com\/blog\/pare-vapeurs-et-pare-pluie-sont-ils-garants-de-la-qualite-de-l-air-interieur\/#breadcrumb\"},\"inLanguage\":\"fr-FR\",\"potentialAction\":[{\"@type\":\"ReadAction\",\"target\":[\"https:\/\/www.la-maison-naturelle.com\/blog\/pare-vapeurs-et-pare-pluie-sont-ils-garants-de-la-qualite-de-l-air-interieur\/\"]}]},{\"@type\":\"ImageObject\",\"inLanguage\":\"fr-FR\",\"@id\":\"https:\/\/www.la-maison-naturelle.com\/blog\/pare-vapeurs-et-pare-pluie-sont-ils-garants-de-la-qualite-de-l-air-interieur\/#primaryimage\",\"url\":\"https:\/\/www.la-maison-naturelle.com\/blog\/wp-content\/uploads\/2022\/05\/pare-vapeur-qem-hygrov-quadrille-et-translucide-120-long-50m-75m.jpg\",\"contentUrl\":\"https:\/\/www.la-maison-naturelle.com\/blog\/wp-content\/uploads\/2022\/05\/pare-vapeur-qem-hygrov-quadrille-et-translucide-120-long-50m-75m.jpg\",\"width\":800,\"height\":800},{\"@type\":\"BreadcrumbList\",\"@id\":\"https:\/\/www.la-maison-naturelle.com\/blog\/pare-vapeurs-et-pare-pluie-sont-ils-garants-de-la-qualite-de-l-air-interieur\/#breadcrumb\",\"itemListElement\":[{\"@type\":\"ListItem\",\"position\":1,\"name\":\"Accueil\",\"item\":\"https:\/\/www.la-maison-naturelle.com\/blog\/\"},{\"@type\":\"ListItem\",\"position\":2,\"name\":\"Pare-vapeurs et pare-pluie sont-ils garants de la qualit\u00e9 de l&rsquo;air int\u00e9rieur\"}]},{\"@type\":\"WebSite\",\"@id\":\"https:\/\/www.la-maison-naturelle.com\/blog\/#website\",\"url\":\"https:\/\/www.la-maison-naturelle.com\/blog\/\",\"name\":\"La Maison naturelle | Blog\",\"description\":\"Blog de la Maison naturelle\",\"publisher\":{\"@id\":\"https:\/\/www.la-maison-naturelle.com\/blog\/#organization\"},\"potentialAction\":[{\"@type\":\"SearchAction\",\"target\":{\"@type\":\"EntryPoint\",\"urlTemplate\":\"https:\/\/www.la-maison-naturelle.com\/blog\/?s={search_term_string}\"},\"query-input\":{\"@type\":\"PropertyValueSpecification\",\"valueRequired\":true,\"valueName\":\"search_term_string\"}}],\"inLanguage\":\"fr-FR\"},{\"@type\":\"Organization\",\"@id\":\"https:\/\/www.la-maison-naturelle.com\/blog\/#organization\",\"name\":\"La Maison naturelle | Blog\",\"url\":\"https:\/\/www.la-maison-naturelle.com\/blog\/\",\"logo\":{\"@type\":\"ImageObject\",\"inLanguage\":\"fr-FR\",\"@id\":\"https:\/\/www.la-maison-naturelle.com\/blog\/#\/schema\/logo\/image\/\",\"url\":\"https:\/\/www.la-maison-naturelle.com\/blog\/wp-content\/uploads\/2021\/07\/maison-naturelle-logo.svg\",\"contentUrl\":\"https:\/\/www.la-maison-naturelle.com\/blog\/wp-content\/uploads\/2021\/07\/maison-naturelle-logo.svg\",\"width\":156,\"height\":64,\"caption\":\"La Maison naturelle | Blog\"},\"image\":{\"@id\":\"https:\/\/www.la-maison-naturelle.com\/blog\/#\/schema\/logo\/image\/\"}},{\"@type\":\"Person\",\"@id\":\"https:\/\/www.la-maison-naturelle.com\/blog\/#\/schema\/person\/cad2a9ed80410189f0688441d546d43f\",\"name\":\"Eloise\",\"image\":{\"@type\":\"ImageObject\",\"inLanguage\":\"fr-FR\",\"@id\":\"https:\/\/www.la-maison-naturelle.com\/blog\/#\/schema\/person\/image\/\",\"url\":\"https:\/\/secure.gravatar.com\/avatar\/344186806f5e8613d4a2109f3b0228a847a7c0858a8023778c44bdcfc1111df9?s=96&d=mm&r=g\",\"contentUrl\":\"https:\/\/secure.gravatar.com\/avatar\/344186806f5e8613d4a2109f3b0228a847a7c0858a8023778c44bdcfc1111df9?s=96&d=mm&r=g\",\"caption\":\"Eloise\"},\"sameAs\":[\"https:\/\/www.la-maison-naturelle.com\/\"],\"url\":\"https:\/\/www.la-maison-naturelle.com\/blog\/author\/idries\/\"}]}<\/script>\n<!-- \/ Yoast SEO plugin. -->","yoast_head_json":{"title":"Pare-vapeurs et pare-pluie sont-ils garants de la qualit\u00e9 de l'air int\u00e9rieur - La Maison naturelle | Blog","robots":{"index":"index","follow":"follow","max-snippet":"max-snippet:-1","max-image-preview":"max-image-preview:large","max-video-preview":"max-video-preview:-1"},"canonical":"https:\/\/www.la-maison-naturelle.com\/blog\/pare-vapeurs-et-pare-pluie-sont-ils-garants-de-la-qualite-de-l-air-interieur\/","og_locale":"fr_FR","og_type":"article","og_title":"Pare-vapeurs et pare-pluie sont-ils garants de la qualit\u00e9 de l'air int\u00e9rieur - La Maison naturelle | Blog","og_url":"https:\/\/www.la-maison-naturelle.com\/blog\/pare-vapeurs-et-pare-pluie-sont-ils-garants-de-la-qualite-de-l-air-interieur\/","og_site_name":"La Maison naturelle | Blog","article_published_time":"2022-02-14T10:44:27+00:00","article_modified_time":"2023-08-04T18:10:36+00:00","og_image":[{"width":800,"height":800,"url":"https:\/\/www.la-maison-naturelle.com\/blog\/wp-content\/uploads\/2022\/05\/pare-vapeur-qem-hygrov-quadrille-et-translucide-120-long-50m-75m.jpg","type":"image\/jpeg"}],"author":"Eloise","twitter_card":"summary_large_image","twitter_misc":{"\u00c9crit par":"Eloise","Dur\u00e9e de lecture estim\u00e9e":"3 minutes"},"schema":{"@context":"https:\/\/schema.org","@graph":[{"@type":"Article","@id":"https:\/\/www.la-maison-naturelle.com\/blog\/pare-vapeurs-et-pare-pluie-sont-ils-garants-de-la-qualite-de-l-air-interieur\/#article","isPartOf":{"@id":"https:\/\/www.la-maison-naturelle.com\/blog\/pare-vapeurs-et-pare-pluie-sont-ils-garants-de-la-qualite-de-l-air-interieur\/"},"author":{"name":"Eloise","@id":"https:\/\/www.la-maison-naturelle.com\/blog\/#\/schema\/person\/cad2a9ed80410189f0688441d546d43f"},"headline":"Pare-vapeurs et pare-pluie sont-ils garants de la qualit\u00e9 de l&rsquo;air int\u00e9rieur","datePublished":"2022-02-14T10:44:27+00:00","dateModified":"2023-08-04T18:10:36+00:00","mainEntityOfPage":{"@id":"https:\/\/www.la-maison-naturelle.com\/blog\/pare-vapeurs-et-pare-pluie-sont-ils-garants-de-la-qualite-de-l-air-interieur\/"},"wordCount":12,"commentCount":0,"publisher":{"@id":"https:\/\/www.la-maison-naturelle.com\/blog\/#organization"},"image":{"@id":"https:\/\/www.la-maison-naturelle.com\/blog\/pare-vapeurs-et-pare-pluie-sont-ils-garants-de-la-qualite-de-l-air-interieur\/#primaryimage"},"thumbnailUrl":"https:\/\/www.la-maison-naturelle.com\/blog\/wp-content\/uploads\/2022\/05\/pare-vapeur-qem-hygrov-quadrille-et-translucide-120-long-50m-75m.jpg","articleSection":["Actualit\u00e9s produits"],"inLanguage":"fr-FR","potentialAction":[{"@type":"CommentAction","name":"Comment","target":["https:\/\/www.la-maison-naturelle.com\/blog\/pare-vapeurs-et-pare-pluie-sont-ils-garants-de-la-qualite-de-l-air-interieur\/#respond"]}]},{"@type":"WebPage","@id":"https:\/\/www.la-maison-naturelle.com\/blog\/pare-vapeurs-et-pare-pluie-sont-ils-garants-de-la-qualite-de-l-air-interieur\/","url":"https:\/\/www.la-maison-naturelle.com\/blog\/pare-vapeurs-et-pare-pluie-sont-ils-garants-de-la-qualite-de-l-air-interieur\/","name":"Pare-vapeurs et pare-pluie sont-ils garants de la qualit\u00e9 de l'air int\u00e9rieur - La Maison naturelle | Blog","isPartOf":{"@id":"https:\/\/www.la-maison-naturelle.com\/blog\/#website"},"primaryImageOfPage":{"@id":"https:\/\/www.la-maison-naturelle.com\/blog\/pare-vapeurs-et-pare-pluie-sont-ils-garants-de-la-qualite-de-l-air-interieur\/#primaryimage"},"image":{"@id":"https:\/\/www.la-maison-naturelle.com\/blog\/pare-vapeurs-et-pare-pluie-sont-ils-garants-de-la-qualite-de-l-air-interieur\/#primaryimage"},"thumbnailUrl":"https:\/\/www.la-maison-naturelle.com\/blog\/wp-content\/uploads\/2022\/05\/pare-vapeur-qem-hygrov-quadrille-et-translucide-120-long-50m-75m.jpg","datePublished":"2022-02-14T10:44:27+00:00","dateModified":"2023-08-04T18:10:36+00:00","breadcrumb":{"@id":"https:\/\/www.la-maison-naturelle.com\/blog\/pare-vapeurs-et-pare-pluie-sont-ils-garants-de-la-qualite-de-l-air-interieur\/#breadcrumb"},"inLanguage":"fr-FR","potentialAction":[{"@type":"ReadAction","target":["https:\/\/www.la-maison-naturelle.com\/blog\/pare-vapeurs-et-pare-pluie-sont-ils-garants-de-la-qualite-de-l-air-interieur\/"]}]},{"@type":"ImageObject","inLanguage":"fr-FR","@id":"https:\/\/www.la-maison-naturelle.com\/blog\/pare-vapeurs-et-pare-pluie-sont-ils-garants-de-la-qualite-de-l-air-interieur\/#primaryimage","url":"https:\/\/www.la-maison-naturelle.com\/blog\/wp-content\/uploads\/2022\/05\/pare-vapeur-qem-hygrov-quadrille-et-translucide-120-long-50m-75m.jpg","contentUrl":"https:\/\/www.la-maison-naturelle.com\/blog\/wp-content\/uploads\/2022\/05\/pare-vapeur-qem-hygrov-quadrille-et-translucide-120-long-50m-75m.jpg","width":800,"height":800},{"@type":"BreadcrumbList","@id":"https:\/\/www.la-maison-naturelle.com\/blog\/pare-vapeurs-et-pare-pluie-sont-ils-garants-de-la-qualite-de-l-air-interieur\/#breadcrumb","itemListElement":[{"@type":"ListItem","position":1,"name":"Accueil","item":"https:\/\/www.la-maison-naturelle.com\/blog\/"},{"@type":"ListItem","position":2,"name":"Pare-vapeurs et pare-pluie sont-ils garants de la qualit\u00e9 de l&rsquo;air int\u00e9rieur"}]},{"@type":"WebSite","@id":"https:\/\/www.la-maison-naturelle.com\/blog\/#website","url":"https:\/\/www.la-maison-naturelle.com\/blog\/","name":"La Maison naturelle | Blog","description":"Blog de la Maison naturelle","publisher":{"@id":"https:\/\/www.la-maison-naturelle.com\/blog\/#organization"},"potentialAction":[{"@type":"SearchAction","target":{"@type":"EntryPoint","urlTemplate":"https:\/\/www.la-maison-naturelle.com\/blog\/?s={search_term_string}"},"query-input":{"@type":"PropertyValueSpecification","valueRequired":true,"valueName":"search_term_string"}}],"inLanguage":"fr-FR"},{"@type":"Organization","@id":"https:\/\/www.la-maison-naturelle.com\/blog\/#organization","name":"La Maison naturelle | Blog","url":"https:\/\/www.la-maison-naturelle.com\/blog\/","logo":{"@type":"ImageObject","inLanguage":"fr-FR","@id":"https:\/\/www.la-maison-naturelle.com\/blog\/#\/schema\/logo\/image\/","url":"https:\/\/www.la-maison-naturelle.com\/blog\/wp-content\/uploads\/2021\/07\/maison-naturelle-logo.svg","contentUrl":"https:\/\/www.la-maison-naturelle.com\/blog\/wp-content\/uploads\/2021\/07\/maison-naturelle-logo.svg","width":156,"height":64,"caption":"La Maison naturelle | Blog"},"image":{"@id":"https:\/\/www.la-maison-naturelle.com\/blog\/#\/schema\/logo\/image\/"}},{"@type":"Person","@id":"https:\/\/www.la-maison-naturelle.com\/blog\/#\/schema\/person\/cad2a9ed80410189f0688441d546d43f","name":"Eloise","image":{"@type":"ImageObject","inLanguage":"fr-FR","@id":"https:\/\/www.la-maison-naturelle.com\/blog\/#\/schema\/person\/image\/","url":"https:\/\/secure.gravatar.com\/avatar\/344186806f5e8613d4a2109f3b0228a847a7c0858a8023778c44bdcfc1111df9?s=96&d=mm&r=g","contentUrl":"https:\/\/secure.gravatar.com\/avatar\/344186806f5e8613d4a2109f3b0228a847a7c0858a8023778c44bdcfc1111df9?s=96&d=mm&r=g","caption":"Eloise"},"sameAs":["https:\/\/www.la-maison-naturelle.com\/"],"url":"https:\/\/www.la-maison-naturelle.com\/blog\/author\/idries\/"}]}},"_links":{"self":[{"href":"https:\/\/www.la-maison-naturelle.com\/blog\/wp-json\/wp\/v2\/posts\/2897","targetHints":{"allow":["GET"]}}],"collection":[{"href":"https:\/\/www.la-maison-naturelle.com\/blog\/wp-json\/wp\/v2\/posts"}],"about":[{"href":"https:\/\/www.la-maison-naturelle.com\/blog\/wp-json\/wp\/v2\/types\/post"}],"author":[{"embeddable":true,"href":"https:\/\/www.la-maison-naturelle.com\/blog\/wp-json\/wp\/v2\/users\/5"}],"replies":[{"embeddable":true,"href":"https:\/\/www.la-maison-naturelle.com\/blog\/wp-json\/wp\/v2\/comments?post=2897"}],"version-history":[{"count":5,"href":"https:\/\/www.la-maison-naturelle.com\/blog\/wp-json\/wp\/v2\/posts\/2897\/revisions"}],"predecessor-version":[{"id":5996,"href":"https:\/\/www.la-maison-naturelle.com\/blog\/wp-json\/wp\/v2\/posts\/2897\/revisions\/5996"}],"wp:featuredmedia":[{"embeddable":true,"href":"https:\/\/www.la-maison-naturelle.com\/blog\/wp-json\/wp\/v2\/media\/3702"}],"wp:attachment":[{"href":"https:\/\/www.la-maison-naturelle.com\/blog\/wp-json\/wp\/v2\/media?parent=2897"}],"wp:term":[{"taxonomy":"category","embeddable":true,"href":"https:\/\/www.la-maison-naturelle.com\/blog\/wp-json\/wp\/v2\/categories?post=2897"},{"taxonomy":"post_tag","embeddable":true,"href":"https:\/\/www.la-maison-naturelle.com\/blog\/wp-json\/wp\/v2\/tags?post=2897"}],"curies":[{"name":"wp","href":"https:\/\/api.w.org\/{rel}","templated":true}]}}