{"id":2883,"date":"2013-05-24T18:44:27","date_gmt":"2013-05-24T16:44:27","guid":{"rendered":"https:\/\/www.la-maison-naturelle.com\/blog\/?p=2883"},"modified":"2023-08-03T22:10:23","modified_gmt":"2023-08-03T20:10:23","slug":"un-decret-en-gestation-pour-privilegier-le-recours-a-l-architecte-des-150-m","status":"publish","type":"post","link":"https:\/\/www.la-maison-naturelle.com\/blog\/un-decret-en-gestation-pour-privilegier-le-recours-a-l-architecte-des-150-m\/","title":{"rendered":"Un d\u00e9cret en gestation pour privil\u00e9gier le recours \u00e0 l\u2019architecte d\u00e8s 150 m\u00b2"},"content":{"rendered":"<p>La c\u00e9r\u00e9monie de remise de l\u2019\u00c9querre d\u2019argent, le 21 janvier dernier, a \u00e9t\u00e9 l\u2019occasion pour la ministre de la Culture d\u2019annoncer la pr\u00e9paration d\u2019un d\u00e9cret visant \u00e0 abaisser le seuil obligatoire du recours aux architectes.<\/p>\n<h2>Comprendre la situation actuelle<\/h2>\n<p>Depuis la publication de la loi du 3 janvier 1977, toute personne qui construit une maison est oblig\u00e9e de recourir aux services d\u2019un architecte. Par la suite, les d\u00e9crets d\u2019application de cette loi ont fix\u00e9 une surface hors \u0153uvre nette (SHON) minimale de 170\u00a0m\u00b2 pour laquelle il est obligatoire de faire appel aux services d\u2019un architecte. Cependant, le calcul de la SHON p\u00e9nalise fortement les logements qui poss\u00e8dent des murs \u00e9pais. Or, ceux-ci am\u00e9liorent sensiblement la performance \u00e9nerg\u00e9tique de l\u2019habitation. Pour ne pas entrer en contradiction avec le Grenelle de l\u2019environnement, la loi du 12 juillet 2010 a remplac\u00e9 le SHON par la surface de plancher calcul\u00e9e \u00e0 l\u2019int\u00e9rieur des b\u00e2timents, sans consid\u00e9rer l\u2019\u00e9paisseur des murs. Une autre r\u00e9forme voit le jour en mars 2012 et fait l\u2019objet d\u2019un d\u00e9cret d\u2019application en date du 7 mai 2012. Elle inclut la notion d\u2019emprise au sol dans le calcul de la surface de plancher en ce qui concerne le recours \u00e0 l\u2019architecte.<\/p>\n<h2>Une mission d\u2019\u00e9valuation en 2012<\/h2>\n<p>D\u00e8s la fin de l\u2019ann\u00e9e 2012, une mission d\u2019\u00e9valuation des impacts du d\u00e9cret du 7 mai 2012 est commandit\u00e9e conjointement par C\u00e9cile Duflot et Aur\u00e9lie Filippetti, respectivement ministre de l&rsquo;\u00c9galit\u00e9 des territoires et du Logement, et ministre de la Culture et de la Communication. Par ailleurs, le Conseil national de l&rsquo;ordre des architectes a maintes fois d\u00e9nonc\u00e9 ce \u00ab\u00a0d\u00e9cret sc\u00e9l\u00e9rat\u00a0\u00bb qui nuit \u00e0 leur profession. En outre, la mission est charg\u00e9e de pr\u00e9senter des solutions plus \u00e9quitables et plus faciles \u00e0 appliquer, si n\u00e9cessaire. Les conclusions du comit\u00e9 d\u2019\u00e9valuation portent sur deux points essentiels. D\u2019un c\u00f4t\u00e9, l\u2019association de l\u2019emprise au sol et de la surface au plancher complique les calculs, notamment pour les particuliers qui dessinent eux-m\u00eames leurs habitations. De l\u2019autre c\u00f4t\u00e9, la mission pr\u00e9conise de prendre comme base la surface de plancher et d\u2019abaisser \u00e0 150\u00a0m\u00b2 le seuil pour le recours \u00e0 un architecte.<\/p>\n<h2>Un d\u00e9cret en pr\u00e9paration<\/h2>\n<p>\u00c0 partir des conclusions de cette mission, Aur\u00e9lie Filippetti annonce la pr\u00e9paration d\u2019un d\u00e9cret pour abaisser le seuil de recours aux services d\u2019un architecte, \u00e0 150\u00a0m\u00b2 de surface de plancher au lieu du 170\u00a0m\u00b2 actuel. Si cette nouvelle r\u00e9glementation voit le jour, plusieurs acteurs du secteur de la construction se demandent si elle ne va pas freiner l\u2019accession \u00e0 la propri\u00e9t\u00e9. En effet, le recours aux services d\u2019un architecte augmente le prix au m\u00b2 d\u2019une maison, d\u2019apr\u00e8s le constat de l\u2019Union des maisons fran\u00e7aises (UMF). La modification du seuil du recours \u00e0 un architecte risque de perturber le march\u00e9 des maisons individuelles en France, constitu\u00e9es \u00e0 70\u00a0% de logements individuels. Il convient n\u00e9anmoins de souligner que les performances \u00e9nerg\u00e9tiques des habitations b\u00e2ties par des architectes sont meilleures par rapport aux autres acteurs du secteur.<\/p>\n","protected":false},"excerpt":{"rendered":"<p>La c\u00e9r\u00e9monie de remise de l\u2019\u00c9querre d\u2019argent, le 21 janvier dernier, a \u00e9t\u00e9 l\u2019occasion pour la ministre de la Culture d\u2019annoncer la pr\u00e9paration d\u2019un d\u00e9cret visant \u00e0 abaisser le seuil obligatoire du recours aux architectes. Comprendre la situation actuelle Depuis la publication de la loi du 3 janvier 1977, toute personne qui construit une maison [&hellip;]<\/p>\n","protected":false},"author":5,"featured_media":0,"comment_status":"open","ping_status":"open","sticky":false,"template":"","format":"standard","meta":{"footnotes":""},"categories":[6],"tags":[],"class_list":["post-2883","post","type-post","status-publish","format-standard","hentry","category-les-dossiers"],"_wp_attached_file":null,"_wp_attachment_metadata":null,"_wp_attachment_context":null,"_wp_attachment_image_alt":null,"_hf_settings":null,"hf_message_success":null,"hf_message_invalid_email":null,"hf_message_required_field_missing":null,"hf_message_error":null,"_menu_item_type":null,"_menu_item_menu_item_parent":null,"_menu_item_object_id":null,"_menu_item_object":null,"_menu_item_target":null,"_menu_item_classes":null,"_menu_item_xfn":null,"_menu_item_url":null,"_yoast_wpseo_primary_category":"6","_thumbnail_id":null,"_oembed_26d84b2c06432105b0a19987ae029a71":null,"_oembed_43e9e2dfde1b9b4ed91c9711026b7ef9":null,"_oembed_1fe1564764edbddc3b61e81acf52be88":null,"_oembed_df60f474cd845141e7ce6596d101e4a0":null,"_oembed_825e674795e2435c0bc66eb08e5d2c8b":null,"_oembed_time_825e674795e2435c0bc66eb08e5d2c8b":null,"_oembed_e917352ff4cc21ea91383201eeaa08cf":null,"_oembed_2363c16c972791c33e283320dc564fce":null,"_oembed_cc9ad5b5073a84776f6a62e33e6c7498":null,"_oembed_time_cc9ad5b5073a84776f6a62e33e6c7498":null,"_oembed_305147fcf4b856de518466e695c209cd":null,"_oembed_8517a877084ae01a5296813ee1d16a2b":null,"_oembed_2741f1556b243e68379198f98ba7f864":null,"_oembed_c3ffa24981451396c950ece2129da0f6":null,"_oembed_6f9091ebe2f3f5fcb5698ba6f4b41477":null,"_wp_old_slug":null,"_oembed_e4fb0f68ba12b85e9e231afe151ba12a":null,"_oembed_3c60e98bd703e617e67f5bbb3b97424d":null,"_oembed_bb060374498dcf40cb6068efe4be87e1":null,"_oembed_d0403e1e71c3a29020bd546b159480f1":null,"_oembed_b030ff17fbbbf8661c59c2ab8ff289eb":null,"_oembed_5cec699ba0631c6c0e4ba4f6af5f228e":null,"_oembed_b06a67f278b90cf4e8dd17cb12fe67b0":null,"_oembed_8e190e4fea2256f17420434651556236":null,"_oembed_b5ded119f1337916a0fc64d2ad85c95f":null,"_oembed_d9364a7a81be31c01415da2c50a48932":null,"_oembed_738cafa36d51a58e5ae3e458aa8f7584":null,"_oembed_ebcab5184b6b321b28efbcbec079859b":null,"_oembed_3dd9e35c2b7b268070e74da5b89cf937":null,"_oembed_e14b167b493e311a1c4e2aab38a463e8":null,"_oembed_dc8f7d108b38f3f0c2e0785b8bc46cae":null,"_oembed_55cf1c5142884afed312c2666bf27520":null,"_oembed_2292333bf03a956b4b61afafeff6bca0":null,"_oembed_82a986a6b900856fec23169de03a0038":null,"_oembed_4048ded025352b83569104210074165a":null,"_oembed_033b42b1af757abc39e4487233cee7f5":null,"_oembed_aec1d50f2b159366be8e37e94b201be1":null,"_oembed_0adc8480b2fcadf9a1733f572ce3d3f8":null,"_yoast_wpseo_title":null,"_yoast_wpseo_focuskw":null,"_yoast_wpseo_linkdex":null,"_yoast_wpseo_metadesc":null,"_yoast_wpseo_wordproof_timestamp":null,"_tpl_archive_meta_key":null,"_form":null,"_mail":null,"_mail_2":null,"_messages":null,"_additional_settings":null,"_locale":null,"_wp_old_date":null,"_edit_last":"5","_wpb_vc_js_status":"false","_yoast_wpseo_estimated-reading-time-minutes":"3","_edit_lock":"1691093424:5","_yoast_wpseo_content_score":"30","yoast_head":"<!-- This site is optimized with the Yoast SEO plugin v24.3 - https:\/\/yoast.com\/wordpress\/plugins\/seo\/ -->\n<title>Un d\u00e9cret en gestation pour privil\u00e9gier le recours \u00e0 l\u2019architecte d\u00e8s 150 m\u00b2 - La Maison naturelle | Blog<\/title>\n<meta name=\"robots\" content=\"index, follow, max-snippet:-1, max-image-preview:large, max-video-preview:-1\" \/>\n<link rel=\"canonical\" href=\"https:\/\/www.la-maison-naturelle.com\/blog\/un-decret-en-gestation-pour-privilegier-le-recours-a-l-architecte-des-150-m\/\" \/>\n<meta property=\"og:locale\" content=\"fr_FR\" \/>\n<meta property=\"og:type\" content=\"article\" \/>\n<meta property=\"og:title\" content=\"Un d\u00e9cret en gestation pour privil\u00e9gier le recours \u00e0 l\u2019architecte d\u00e8s 150 m\u00b2 - La Maison naturelle | Blog\" \/>\n<meta property=\"og:description\" content=\"La c\u00e9r\u00e9monie de remise de l\u2019\u00c9querre d\u2019argent, le 21 janvier dernier, a \u00e9t\u00e9 l\u2019occasion pour la ministre de la Culture d\u2019annoncer la pr\u00e9paration d\u2019un d\u00e9cret visant \u00e0 abaisser le seuil obligatoire du recours aux architectes. Comprendre la situation actuelle Depuis la publication de la loi du 3 janvier 1977, toute personne qui construit une maison [&hellip;]\" \/>\n<meta property=\"og:url\" content=\"https:\/\/www.la-maison-naturelle.com\/blog\/un-decret-en-gestation-pour-privilegier-le-recours-a-l-architecte-des-150-m\/\" \/>\n<meta property=\"og:site_name\" content=\"La Maison naturelle | Blog\" \/>\n<meta property=\"article:published_time\" content=\"2013-05-24T16:44:27+00:00\" \/>\n<meta property=\"article:modified_time\" content=\"2023-08-03T20:10:23+00:00\" \/>\n<meta name=\"author\" content=\"Eloise\" \/>\n<meta name=\"twitter:card\" content=\"summary_large_image\" \/>\n<meta name=\"twitter:label1\" content=\"\u00c9crit par\" \/>\n\t<meta name=\"twitter:data1\" content=\"Eloise\" \/>\n\t<meta name=\"twitter:label2\" content=\"Dur\u00e9e de lecture estim\u00e9e\" \/>\n\t<meta name=\"twitter:data2\" content=\"3 minutes\" \/>\n<script type=\"application\/ld+json\" class=\"yoast-schema-graph\">{\"@context\":\"https:\/\/schema.org\",\"@graph\":[{\"@type\":\"Article\",\"@id\":\"https:\/\/www.la-maison-naturelle.com\/blog\/un-decret-en-gestation-pour-privilegier-le-recours-a-l-architecte-des-150-m\/#article\",\"isPartOf\":{\"@id\":\"https:\/\/www.la-maison-naturelle.com\/blog\/un-decret-en-gestation-pour-privilegier-le-recours-a-l-architecte-des-150-m\/\"},\"author\":{\"name\":\"Eloise\",\"@id\":\"https:\/\/www.la-maison-naturelle.com\/blog\/#\/schema\/person\/cad2a9ed80410189f0688441d546d43f\"},\"headline\":\"Un d\u00e9cret en gestation pour privil\u00e9gier le recours \u00e0 l\u2019architecte d\u00e8s 150 m\u00b2\",\"datePublished\":\"2013-05-24T16:44:27+00:00\",\"dateModified\":\"2023-08-03T20:10:23+00:00\",\"mainEntityOfPage\":{\"@id\":\"https:\/\/www.la-maison-naturelle.com\/blog\/un-decret-en-gestation-pour-privilegier-le-recours-a-l-architecte-des-150-m\/\"},\"wordCount\":557,\"commentCount\":0,\"publisher\":{\"@id\":\"https:\/\/www.la-maison-naturelle.com\/blog\/#organization\"},\"articleSection\":[\"Les dossiers\"],\"inLanguage\":\"fr-FR\",\"potentialAction\":[{\"@type\":\"CommentAction\",\"name\":\"Comment\",\"target\":[\"https:\/\/www.la-maison-naturelle.com\/blog\/un-decret-en-gestation-pour-privilegier-le-recours-a-l-architecte-des-150-m\/#respond\"]}]},{\"@type\":\"WebPage\",\"@id\":\"https:\/\/www.la-maison-naturelle.com\/blog\/un-decret-en-gestation-pour-privilegier-le-recours-a-l-architecte-des-150-m\/\",\"url\":\"https:\/\/www.la-maison-naturelle.com\/blog\/un-decret-en-gestation-pour-privilegier-le-recours-a-l-architecte-des-150-m\/\",\"name\":\"Un d\u00e9cret en gestation pour privil\u00e9gier le recours \u00e0 l\u2019architecte d\u00e8s 150 m\u00b2 - La Maison naturelle | Blog\",\"isPartOf\":{\"@id\":\"https:\/\/www.la-maison-naturelle.com\/blog\/#website\"},\"datePublished\":\"2013-05-24T16:44:27+00:00\",\"dateModified\":\"2023-08-03T20:10:23+00:00\",\"breadcrumb\":{\"@id\":\"https:\/\/www.la-maison-naturelle.com\/blog\/un-decret-en-gestation-pour-privilegier-le-recours-a-l-architecte-des-150-m\/#breadcrumb\"},\"inLanguage\":\"fr-FR\",\"potentialAction\":[{\"@type\":\"ReadAction\",\"target\":[\"https:\/\/www.la-maison-naturelle.com\/blog\/un-decret-en-gestation-pour-privilegier-le-recours-a-l-architecte-des-150-m\/\"]}]},{\"@type\":\"BreadcrumbList\",\"@id\":\"https:\/\/www.la-maison-naturelle.com\/blog\/un-decret-en-gestation-pour-privilegier-le-recours-a-l-architecte-des-150-m\/#breadcrumb\",\"itemListElement\":[{\"@type\":\"ListItem\",\"position\":1,\"name\":\"Accueil\",\"item\":\"https:\/\/www.la-maison-naturelle.com\/blog\/\"},{\"@type\":\"ListItem\",\"position\":2,\"name\":\"Un d\u00e9cret en gestation pour privil\u00e9gier le recours \u00e0 l\u2019architecte d\u00e8s 150 m\u00b2\"}]},{\"@type\":\"WebSite\",\"@id\":\"https:\/\/www.la-maison-naturelle.com\/blog\/#website\",\"url\":\"https:\/\/www.la-maison-naturelle.com\/blog\/\",\"name\":\"La Maison naturelle | Blog\",\"description\":\"Blog de la Maison naturelle\",\"publisher\":{\"@id\":\"https:\/\/www.la-maison-naturelle.com\/blog\/#organization\"},\"potentialAction\":[{\"@type\":\"SearchAction\",\"target\":{\"@type\":\"EntryPoint\",\"urlTemplate\":\"https:\/\/www.la-maison-naturelle.com\/blog\/?s={search_term_string}\"},\"query-input\":{\"@type\":\"PropertyValueSpecification\",\"valueRequired\":true,\"valueName\":\"search_term_string\"}}],\"inLanguage\":\"fr-FR\"},{\"@type\":\"Organization\",\"@id\":\"https:\/\/www.la-maison-naturelle.com\/blog\/#organization\",\"name\":\"La Maison naturelle | Blog\",\"url\":\"https:\/\/www.la-maison-naturelle.com\/blog\/\",\"logo\":{\"@type\":\"ImageObject\",\"inLanguage\":\"fr-FR\",\"@id\":\"https:\/\/www.la-maison-naturelle.com\/blog\/#\/schema\/logo\/image\/\",\"url\":\"https:\/\/www.la-maison-naturelle.com\/blog\/wp-content\/uploads\/2021\/07\/maison-naturelle-logo.svg\",\"contentUrl\":\"https:\/\/www.la-maison-naturelle.com\/blog\/wp-content\/uploads\/2021\/07\/maison-naturelle-logo.svg\",\"width\":156,\"height\":64,\"caption\":\"La Maison naturelle | Blog\"},\"image\":{\"@id\":\"https:\/\/www.la-maison-naturelle.com\/blog\/#\/schema\/logo\/image\/\"}},{\"@type\":\"Person\",\"@id\":\"https:\/\/www.la-maison-naturelle.com\/blog\/#\/schema\/person\/cad2a9ed80410189f0688441d546d43f\",\"name\":\"Eloise\",\"image\":{\"@type\":\"ImageObject\",\"inLanguage\":\"fr-FR\",\"@id\":\"https:\/\/www.la-maison-naturelle.com\/blog\/#\/schema\/person\/image\/\",\"url\":\"https:\/\/secure.gravatar.com\/avatar\/344186806f5e8613d4a2109f3b0228a847a7c0858a8023778c44bdcfc1111df9?s=96&d=mm&r=g\",\"contentUrl\":\"https:\/\/secure.gravatar.com\/avatar\/344186806f5e8613d4a2109f3b0228a847a7c0858a8023778c44bdcfc1111df9?s=96&d=mm&r=g\",\"caption\":\"Eloise\"},\"sameAs\":[\"https:\/\/www.la-maison-naturelle.com\/\"],\"url\":\"https:\/\/www.la-maison-naturelle.com\/blog\/author\/idries\/\"}]}<\/script>\n<!-- \/ Yoast SEO plugin. -->","yoast_head_json":{"title":"Un d\u00e9cret en gestation pour privil\u00e9gier le recours \u00e0 l\u2019architecte d\u00e8s 150 m\u00b2 - La Maison naturelle | Blog","robots":{"index":"index","follow":"follow","max-snippet":"max-snippet:-1","max-image-preview":"max-image-preview:large","max-video-preview":"max-video-preview:-1"},"canonical":"https:\/\/www.la-maison-naturelle.com\/blog\/un-decret-en-gestation-pour-privilegier-le-recours-a-l-architecte-des-150-m\/","og_locale":"fr_FR","og_type":"article","og_title":"Un d\u00e9cret en gestation pour privil\u00e9gier le recours \u00e0 l\u2019architecte d\u00e8s 150 m\u00b2 - La Maison naturelle | Blog","og_description":"La c\u00e9r\u00e9monie de remise de l\u2019\u00c9querre d\u2019argent, le 21 janvier dernier, a \u00e9t\u00e9 l\u2019occasion pour la ministre de la Culture d\u2019annoncer la pr\u00e9paration d\u2019un d\u00e9cret visant \u00e0 abaisser le seuil obligatoire du recours aux architectes. Comprendre la situation actuelle Depuis la publication de la loi du 3 janvier 1977, toute personne qui construit une maison [&hellip;]","og_url":"https:\/\/www.la-maison-naturelle.com\/blog\/un-decret-en-gestation-pour-privilegier-le-recours-a-l-architecte-des-150-m\/","og_site_name":"La Maison naturelle | Blog","article_published_time":"2013-05-24T16:44:27+00:00","article_modified_time":"2023-08-03T20:10:23+00:00","author":"Eloise","twitter_card":"summary_large_image","twitter_misc":{"\u00c9crit par":"Eloise","Dur\u00e9e de lecture estim\u00e9e":"3 minutes"},"schema":{"@context":"https:\/\/schema.org","@graph":[{"@type":"Article","@id":"https:\/\/www.la-maison-naturelle.com\/blog\/un-decret-en-gestation-pour-privilegier-le-recours-a-l-architecte-des-150-m\/#article","isPartOf":{"@id":"https:\/\/www.la-maison-naturelle.com\/blog\/un-decret-en-gestation-pour-privilegier-le-recours-a-l-architecte-des-150-m\/"},"author":{"name":"Eloise","@id":"https:\/\/www.la-maison-naturelle.com\/blog\/#\/schema\/person\/cad2a9ed80410189f0688441d546d43f"},"headline":"Un d\u00e9cret en gestation pour privil\u00e9gier le recours \u00e0 l\u2019architecte d\u00e8s 150 m\u00b2","datePublished":"2013-05-24T16:44:27+00:00","dateModified":"2023-08-03T20:10:23+00:00","mainEntityOfPage":{"@id":"https:\/\/www.la-maison-naturelle.com\/blog\/un-decret-en-gestation-pour-privilegier-le-recours-a-l-architecte-des-150-m\/"},"wordCount":557,"commentCount":0,"publisher":{"@id":"https:\/\/www.la-maison-naturelle.com\/blog\/#organization"},"articleSection":["Les dossiers"],"inLanguage":"fr-FR","potentialAction":[{"@type":"CommentAction","name":"Comment","target":["https:\/\/www.la-maison-naturelle.com\/blog\/un-decret-en-gestation-pour-privilegier-le-recours-a-l-architecte-des-150-m\/#respond"]}]},{"@type":"WebPage","@id":"https:\/\/www.la-maison-naturelle.com\/blog\/un-decret-en-gestation-pour-privilegier-le-recours-a-l-architecte-des-150-m\/","url":"https:\/\/www.la-maison-naturelle.com\/blog\/un-decret-en-gestation-pour-privilegier-le-recours-a-l-architecte-des-150-m\/","name":"Un d\u00e9cret en gestation pour privil\u00e9gier le recours \u00e0 l\u2019architecte d\u00e8s 150 m\u00b2 - La Maison naturelle | Blog","isPartOf":{"@id":"https:\/\/www.la-maison-naturelle.com\/blog\/#website"},"datePublished":"2013-05-24T16:44:27+00:00","dateModified":"2023-08-03T20:10:23+00:00","breadcrumb":{"@id":"https:\/\/www.la-maison-naturelle.com\/blog\/un-decret-en-gestation-pour-privilegier-le-recours-a-l-architecte-des-150-m\/#breadcrumb"},"inLanguage":"fr-FR","potentialAction":[{"@type":"ReadAction","target":["https:\/\/www.la-maison-naturelle.com\/blog\/un-decret-en-gestation-pour-privilegier-le-recours-a-l-architecte-des-150-m\/"]}]},{"@type":"BreadcrumbList","@id":"https:\/\/www.la-maison-naturelle.com\/blog\/un-decret-en-gestation-pour-privilegier-le-recours-a-l-architecte-des-150-m\/#breadcrumb","itemListElement":[{"@type":"ListItem","position":1,"name":"Accueil","item":"https:\/\/www.la-maison-naturelle.com\/blog\/"},{"@type":"ListItem","position":2,"name":"Un d\u00e9cret en gestation pour privil\u00e9gier le recours \u00e0 l\u2019architecte d\u00e8s 150 m\u00b2"}]},{"@type":"WebSite","@id":"https:\/\/www.la-maison-naturelle.com\/blog\/#website","url":"https:\/\/www.la-maison-naturelle.com\/blog\/","name":"La Maison naturelle | Blog","description":"Blog de la Maison naturelle","publisher":{"@id":"https:\/\/www.la-maison-naturelle.com\/blog\/#organization"},"potentialAction":[{"@type":"SearchAction","target":{"@type":"EntryPoint","urlTemplate":"https:\/\/www.la-maison-naturelle.com\/blog\/?s={search_term_string}"},"query-input":{"@type":"PropertyValueSpecification","valueRequired":true,"valueName":"search_term_string"}}],"inLanguage":"fr-FR"},{"@type":"Organization","@id":"https:\/\/www.la-maison-naturelle.com\/blog\/#organization","name":"La Maison naturelle | Blog","url":"https:\/\/www.la-maison-naturelle.com\/blog\/","logo":{"@type":"ImageObject","inLanguage":"fr-FR","@id":"https:\/\/www.la-maison-naturelle.com\/blog\/#\/schema\/logo\/image\/","url":"https:\/\/www.la-maison-naturelle.com\/blog\/wp-content\/uploads\/2021\/07\/maison-naturelle-logo.svg","contentUrl":"https:\/\/www.la-maison-naturelle.com\/blog\/wp-content\/uploads\/2021\/07\/maison-naturelle-logo.svg","width":156,"height":64,"caption":"La Maison naturelle | Blog"},"image":{"@id":"https:\/\/www.la-maison-naturelle.com\/blog\/#\/schema\/logo\/image\/"}},{"@type":"Person","@id":"https:\/\/www.la-maison-naturelle.com\/blog\/#\/schema\/person\/cad2a9ed80410189f0688441d546d43f","name":"Eloise","image":{"@type":"ImageObject","inLanguage":"fr-FR","@id":"https:\/\/www.la-maison-naturelle.com\/blog\/#\/schema\/person\/image\/","url":"https:\/\/secure.gravatar.com\/avatar\/344186806f5e8613d4a2109f3b0228a847a7c0858a8023778c44bdcfc1111df9?s=96&d=mm&r=g","contentUrl":"https:\/\/secure.gravatar.com\/avatar\/344186806f5e8613d4a2109f3b0228a847a7c0858a8023778c44bdcfc1111df9?s=96&d=mm&r=g","caption":"Eloise"},"sameAs":["https:\/\/www.la-maison-naturelle.com\/"],"url":"https:\/\/www.la-maison-naturelle.com\/blog\/author\/idries\/"}]}},"_links":{"self":[{"href":"https:\/\/www.la-maison-naturelle.com\/blog\/wp-json\/wp\/v2\/posts\/2883","targetHints":{"allow":["GET"]}}],"collection":[{"href":"https:\/\/www.la-maison-naturelle.com\/blog\/wp-json\/wp\/v2\/posts"}],"about":[{"href":"https:\/\/www.la-maison-naturelle.com\/blog\/wp-json\/wp\/v2\/types\/post"}],"author":[{"embeddable":true,"href":"https:\/\/www.la-maison-naturelle.com\/blog\/wp-json\/wp\/v2\/users\/5"}],"replies":[{"embeddable":true,"href":"https:\/\/www.la-maison-naturelle.com\/blog\/wp-json\/wp\/v2\/comments?post=2883"}],"version-history":[{"count":2,"href":"https:\/\/www.la-maison-naturelle.com\/blog\/wp-json\/wp\/v2\/posts\/2883\/revisions"}],"predecessor-version":[{"id":5301,"href":"https:\/\/www.la-maison-naturelle.com\/blog\/wp-json\/wp\/v2\/posts\/2883\/revisions\/5301"}],"wp:attachment":[{"href":"https:\/\/www.la-maison-naturelle.com\/blog\/wp-json\/wp\/v2\/media?parent=2883"}],"wp:term":[{"taxonomy":"category","embeddable":true,"href":"https:\/\/www.la-maison-naturelle.com\/blog\/wp-json\/wp\/v2\/categories?post=2883"},{"taxonomy":"post_tag","embeddable":true,"href":"https:\/\/www.la-maison-naturelle.com\/blog\/wp-json\/wp\/v2\/tags?post=2883"}],"curies":[{"name":"wp","href":"https:\/\/api.w.org\/{rel}","templated":true}]}}