{"id":2873,"date":"2013-05-24T18:42:11","date_gmt":"2013-05-24T16:42:11","guid":{"rendered":"https:\/\/www.la-maison-naturelle.com\/blog\/?p=2873"},"modified":"2023-08-03T22:09:42","modified_gmt":"2023-08-03T20:09:42","slug":"tva-en-2014-synthese-des-modes-d-application-sur-les-travaux-en-batiment","status":"publish","type":"post","link":"https:\/\/www.la-maison-naturelle.com\/blog\/tva-en-2014-synthese-des-modes-d-application-sur-les-travaux-en-batiment\/","title":{"rendered":"TVA en 2014 : synth\u00e8se des modes d\u2019application sur les travaux en b\u00e2timent"},"content":{"rendered":"<p>La loi de finances 2014 apporte quelques changements au niveau du taux de la TVA appliqu\u00e9 \u00e0 compter du 1er janvier 2014. Gros plan sur ces modifications ainsi que les principaux points \u00e0 retenir.<\/p>\n<h2>La TVA au taux interm\u00e9diaire de 10\u00a0%<\/h2>\n<p>Le taux r\u00e9duit de 7\u00a0% cesse de s\u2019appliquer \u00e0 partir du 1er janvier 2014 pour atteindre 10\u00a0%. Il se rapporte notamment \u00e0 tous les travaux de transformation, d\u2019entretien, d\u2019am\u00e9lioration et d\u2019am\u00e9nagement des logements d\u2019habitation construits depuis plus de deux ans, que ceux-ci soient une r\u00e9sidence principale ou une r\u00e9sidence secondaire. Le taux de 7\u00a0% peut toutefois \u00eatre maintenu si le devis a \u00e9t\u00e9 accept\u00e9 et sign\u00e9 par le client avant le 31 d\u00e9cembre 2013. En outre, il faut qu\u2019un acompte repr\u00e9sentant au minimum 30\u00a0% de la facture ait \u00e9t\u00e9 effectivement encaiss\u00e9 par l\u2019entreprise avant le 1er janvier 2014. Enfin, le solde doit \u00eatre factur\u00e9 avant le 1er mars 2014 et touch\u00e9 par le prestataire avant le 15 mars 2014.<\/p>\n<h2>La TVA \u00e0 5,5\u00a0%<\/h2>\n<p>C\u2019est la loi de finances 2014 qui instaure la TVA \u00e0 5,5\u00a0% pour les travaux qui visent \u00e0 am\u00e9liorer la performance \u00e9nerg\u00e9tique des locaux \u00e0 usage d\u2019habitation qui ont \u00e9t\u00e9 achev\u00e9s depuis plus de deux ans. Cela signifie que les op\u00e9rations exigibles \u00e0 partir du 1er janvier 2014 doivent \u00eatre tax\u00e9es \u00e0 5,5\u00a0%. Il s\u2019agit des travaux de pose, d\u2019installation et d\u2019entretien des \u00e9quipements et mat\u00e9riaux dans le but de diminuer la consommation en \u00e9nergie du logement. Certains travaux induits b\u00e9n\u00e9ficient \u00e9galement de cette TVA de 5,5\u00a0%. Il concerne les travaux reli\u00e9s \u00e0 ces ouvrages \u00e0 finalit\u00e9 d\u2019\u00e9conomie d\u2019\u00e9nergie. Il faut citer entre autres les travaux d\u2019installation d\u2019\u00e9quipement de chauffage n\u00e9cessitant de l\u2019\u00e9nergie renouvelable, les travaux d\u2019isolation thermique de la toiture ou des murs donnant sur l\u2019ext\u00e9rieur, les travaux d\u2019installation, de remplacement ou de r\u00e9gulation de syst\u00e8me de chauffage, ainsi que les travaux d\u2019isolation thermique des parois vitr\u00e9es et des portes.<\/p>\n<h2>Cas pratiques<\/h2>\n<p>Pour les cas des travaux qui sont achev\u00e9s en 2013, le taux de TVA appliqu\u00e9 est de 7\u00a0%, indiff\u00e9remment des dates d\u2019\u00e9tablissement des factures et d\u2019encaissement. En ce qui concerne les travaux de r\u00e9novation \u00e9nerg\u00e9tique sur des logements achev\u00e9s depuis plus de deux ans, le taux de TVA de 5,5\u00a0% est en vigueur \u00e0 partir du moment o\u00f9 la date d\u2019exigibilit\u00e9 court au-del\u00e0 du 1er janvier 2014. \u00c0 titre d\u2019exemple, le devis de r\u00e9novation a \u00e9t\u00e9 sign\u00e9 en 2013 et un acompte de 15\u00a0% a \u00e9t\u00e9 d\u00e9j\u00e0 encaiss\u00e9 par le prestataire au 1er d\u00e9cembre 2013. La TVA pour l\u2019acompte touch\u00e9 ainsi que pour le reste de la facture \u00e0 encaisser en 2014 est de 10\u00a0% puisque l\u2019acompte n\u2019atteint pas le minimum de 30\u00a0% encaiss\u00e9 avant le 1er janvier 2014.<\/p>\n","protected":false},"excerpt":{"rendered":"<p>La loi de finances 2014 apporte quelques changements au niveau du taux de la TVA appliqu\u00e9 \u00e0 compter du 1er janvier 2014. Gros plan sur ces modifications ainsi que les principaux points \u00e0 retenir. La TVA au taux interm\u00e9diaire de 10\u00a0% Le taux r\u00e9duit de 7\u00a0% cesse de s\u2019appliquer \u00e0 partir du 1er janvier 2014 [&hellip;]<\/p>\n","protected":false},"author":5,"featured_media":0,"comment_status":"open","ping_status":"open","sticky":false,"template":"","format":"standard","meta":{"footnotes":""},"categories":[7],"tags":[],"class_list":["post-2873","post","type-post","status-publish","format-standard","hentry","category-les-fiches-pratiques"],"_wp_attached_file":null,"_wp_attachment_metadata":null,"_wp_attachment_context":null,"_wp_attachment_image_alt":null,"_hf_settings":null,"hf_message_success":null,"hf_message_invalid_email":null,"hf_message_required_field_missing":null,"hf_message_error":null,"_menu_item_type":null,"_menu_item_menu_item_parent":null,"_menu_item_object_id":null,"_menu_item_object":null,"_menu_item_target":null,"_menu_item_classes":null,"_menu_item_xfn":null,"_menu_item_url":null,"_yoast_wpseo_primary_category":"7","_thumbnail_id":null,"_oembed_26d84b2c06432105b0a19987ae029a71":null,"_oembed_43e9e2dfde1b9b4ed91c9711026b7ef9":null,"_oembed_1fe1564764edbddc3b61e81acf52be88":null,"_oembed_df60f474cd845141e7ce6596d101e4a0":null,"_oembed_825e674795e2435c0bc66eb08e5d2c8b":null,"_oembed_time_825e674795e2435c0bc66eb08e5d2c8b":null,"_oembed_e917352ff4cc21ea91383201eeaa08cf":null,"_oembed_2363c16c972791c33e283320dc564fce":null,"_oembed_cc9ad5b5073a84776f6a62e33e6c7498":null,"_oembed_time_cc9ad5b5073a84776f6a62e33e6c7498":null,"_oembed_305147fcf4b856de518466e695c209cd":null,"_oembed_8517a877084ae01a5296813ee1d16a2b":null,"_oembed_2741f1556b243e68379198f98ba7f864":null,"_oembed_c3ffa24981451396c950ece2129da0f6":null,"_oembed_6f9091ebe2f3f5fcb5698ba6f4b41477":null,"_wp_old_slug":null,"_oembed_e4fb0f68ba12b85e9e231afe151ba12a":null,"_oembed_3c60e98bd703e617e67f5bbb3b97424d":null,"_oembed_bb060374498dcf40cb6068efe4be87e1":null,"_oembed_d0403e1e71c3a29020bd546b159480f1":null,"_oembed_b030ff17fbbbf8661c59c2ab8ff289eb":null,"_oembed_5cec699ba0631c6c0e4ba4f6af5f228e":null,"_oembed_b06a67f278b90cf4e8dd17cb12fe67b0":null,"_oembed_8e190e4fea2256f17420434651556236":null,"_oembed_b5ded119f1337916a0fc64d2ad85c95f":null,"_oembed_d9364a7a81be31c01415da2c50a48932":null,"_oembed_738cafa36d51a58e5ae3e458aa8f7584":null,"_oembed_ebcab5184b6b321b28efbcbec079859b":null,"_oembed_3dd9e35c2b7b268070e74da5b89cf937":null,"_oembed_e14b167b493e311a1c4e2aab38a463e8":null,"_oembed_dc8f7d108b38f3f0c2e0785b8bc46cae":null,"_oembed_55cf1c5142884afed312c2666bf27520":null,"_oembed_2292333bf03a956b4b61afafeff6bca0":null,"_oembed_82a986a6b900856fec23169de03a0038":null,"_oembed_4048ded025352b83569104210074165a":null,"_oembed_033b42b1af757abc39e4487233cee7f5":null,"_oembed_aec1d50f2b159366be8e37e94b201be1":null,"_oembed_0adc8480b2fcadf9a1733f572ce3d3f8":null,"_yoast_wpseo_title":null,"_yoast_wpseo_focuskw":null,"_yoast_wpseo_linkdex":null,"_yoast_wpseo_metadesc":null,"_yoast_wpseo_wordproof_timestamp":null,"_tpl_archive_meta_key":null,"_form":null,"_mail":null,"_mail_2":null,"_messages":null,"_additional_settings":null,"_locale":null,"_wp_old_date":null,"_edit_last":"5","_wpb_vc_js_status":"false","_yoast_wpseo_estimated-reading-time-minutes":"3","_edit_lock":"1691093383:5","_yoast_wpseo_content_score":"30","yoast_head":"<!-- This site is optimized with the Yoast SEO plugin v24.3 - https:\/\/yoast.com\/wordpress\/plugins\/seo\/ -->\n<title>TVA en 2014 : synth\u00e8se des modes d\u2019application sur les travaux en b\u00e2timent - La Maison naturelle | Blog<\/title>\n<meta name=\"robots\" content=\"index, follow, max-snippet:-1, max-image-preview:large, max-video-preview:-1\" \/>\n<link rel=\"canonical\" href=\"https:\/\/www.la-maison-naturelle.com\/blog\/tva-en-2014-synthese-des-modes-d-application-sur-les-travaux-en-batiment\/\" \/>\n<meta property=\"og:locale\" content=\"fr_FR\" \/>\n<meta property=\"og:type\" content=\"article\" \/>\n<meta property=\"og:title\" content=\"TVA en 2014 : synth\u00e8se des modes d\u2019application sur les travaux en b\u00e2timent - La Maison naturelle | Blog\" \/>\n<meta property=\"og:description\" content=\"La loi de finances 2014 apporte quelques changements au niveau du taux de la TVA appliqu\u00e9 \u00e0 compter du 1er janvier 2014. Gros plan sur ces modifications ainsi que les principaux points \u00e0 retenir. La TVA au taux interm\u00e9diaire de 10\u00a0% Le taux r\u00e9duit de 7\u00a0% cesse de s\u2019appliquer \u00e0 partir du 1er janvier 2014 [&hellip;]\" \/>\n<meta property=\"og:url\" content=\"https:\/\/www.la-maison-naturelle.com\/blog\/tva-en-2014-synthese-des-modes-d-application-sur-les-travaux-en-batiment\/\" \/>\n<meta property=\"og:site_name\" content=\"La Maison naturelle | Blog\" \/>\n<meta property=\"article:published_time\" content=\"2013-05-24T16:42:11+00:00\" \/>\n<meta property=\"article:modified_time\" content=\"2023-08-03T20:09:42+00:00\" \/>\n<meta name=\"author\" content=\"Eloise\" \/>\n<meta name=\"twitter:card\" content=\"summary_large_image\" \/>\n<meta name=\"twitter:label1\" content=\"\u00c9crit par\" \/>\n\t<meta name=\"twitter:data1\" content=\"Eloise\" \/>\n\t<meta name=\"twitter:label2\" content=\"Dur\u00e9e de lecture estim\u00e9e\" \/>\n\t<meta name=\"twitter:data2\" content=\"3 minutes\" \/>\n<script type=\"application\/ld+json\" class=\"yoast-schema-graph\">{\"@context\":\"https:\/\/schema.org\",\"@graph\":[{\"@type\":\"Article\",\"@id\":\"https:\/\/www.la-maison-naturelle.com\/blog\/tva-en-2014-synthese-des-modes-d-application-sur-les-travaux-en-batiment\/#article\",\"isPartOf\":{\"@id\":\"https:\/\/www.la-maison-naturelle.com\/blog\/tva-en-2014-synthese-des-modes-d-application-sur-les-travaux-en-batiment\/\"},\"author\":{\"name\":\"Eloise\",\"@id\":\"https:\/\/www.la-maison-naturelle.com\/blog\/#\/schema\/person\/cad2a9ed80410189f0688441d546d43f\"},\"headline\":\"TVA en 2014 : synth\u00e8se des modes d\u2019application sur les travaux en b\u00e2timent\",\"datePublished\":\"2013-05-24T16:42:11+00:00\",\"dateModified\":\"2023-08-03T20:09:42+00:00\",\"mainEntityOfPage\":{\"@id\":\"https:\/\/www.la-maison-naturelle.com\/blog\/tva-en-2014-synthese-des-modes-d-application-sur-les-travaux-en-batiment\/\"},\"wordCount\":472,\"commentCount\":0,\"publisher\":{\"@id\":\"https:\/\/www.la-maison-naturelle.com\/blog\/#organization\"},\"articleSection\":[\"Les fiches pratiques\"],\"inLanguage\":\"fr-FR\",\"potentialAction\":[{\"@type\":\"CommentAction\",\"name\":\"Comment\",\"target\":[\"https:\/\/www.la-maison-naturelle.com\/blog\/tva-en-2014-synthese-des-modes-d-application-sur-les-travaux-en-batiment\/#respond\"]}]},{\"@type\":\"WebPage\",\"@id\":\"https:\/\/www.la-maison-naturelle.com\/blog\/tva-en-2014-synthese-des-modes-d-application-sur-les-travaux-en-batiment\/\",\"url\":\"https:\/\/www.la-maison-naturelle.com\/blog\/tva-en-2014-synthese-des-modes-d-application-sur-les-travaux-en-batiment\/\",\"name\":\"TVA en 2014 : synth\u00e8se des modes d\u2019application sur les travaux en b\u00e2timent - La Maison naturelle | Blog\",\"isPartOf\":{\"@id\":\"https:\/\/www.la-maison-naturelle.com\/blog\/#website\"},\"datePublished\":\"2013-05-24T16:42:11+00:00\",\"dateModified\":\"2023-08-03T20:09:42+00:00\",\"breadcrumb\":{\"@id\":\"https:\/\/www.la-maison-naturelle.com\/blog\/tva-en-2014-synthese-des-modes-d-application-sur-les-travaux-en-batiment\/#breadcrumb\"},\"inLanguage\":\"fr-FR\",\"potentialAction\":[{\"@type\":\"ReadAction\",\"target\":[\"https:\/\/www.la-maison-naturelle.com\/blog\/tva-en-2014-synthese-des-modes-d-application-sur-les-travaux-en-batiment\/\"]}]},{\"@type\":\"BreadcrumbList\",\"@id\":\"https:\/\/www.la-maison-naturelle.com\/blog\/tva-en-2014-synthese-des-modes-d-application-sur-les-travaux-en-batiment\/#breadcrumb\",\"itemListElement\":[{\"@type\":\"ListItem\",\"position\":1,\"name\":\"Accueil\",\"item\":\"https:\/\/www.la-maison-naturelle.com\/blog\/\"},{\"@type\":\"ListItem\",\"position\":2,\"name\":\"TVA en 2014 : synth\u00e8se des modes d\u2019application sur les travaux en b\u00e2timent\"}]},{\"@type\":\"WebSite\",\"@id\":\"https:\/\/www.la-maison-naturelle.com\/blog\/#website\",\"url\":\"https:\/\/www.la-maison-naturelle.com\/blog\/\",\"name\":\"La Maison naturelle | Blog\",\"description\":\"Blog de la Maison naturelle\",\"publisher\":{\"@id\":\"https:\/\/www.la-maison-naturelle.com\/blog\/#organization\"},\"potentialAction\":[{\"@type\":\"SearchAction\",\"target\":{\"@type\":\"EntryPoint\",\"urlTemplate\":\"https:\/\/www.la-maison-naturelle.com\/blog\/?s={search_term_string}\"},\"query-input\":{\"@type\":\"PropertyValueSpecification\",\"valueRequired\":true,\"valueName\":\"search_term_string\"}}],\"inLanguage\":\"fr-FR\"},{\"@type\":\"Organization\",\"@id\":\"https:\/\/www.la-maison-naturelle.com\/blog\/#organization\",\"name\":\"La Maison naturelle | Blog\",\"url\":\"https:\/\/www.la-maison-naturelle.com\/blog\/\",\"logo\":{\"@type\":\"ImageObject\",\"inLanguage\":\"fr-FR\",\"@id\":\"https:\/\/www.la-maison-naturelle.com\/blog\/#\/schema\/logo\/image\/\",\"url\":\"https:\/\/www.la-maison-naturelle.com\/blog\/wp-content\/uploads\/2021\/07\/maison-naturelle-logo.svg\",\"contentUrl\":\"https:\/\/www.la-maison-naturelle.com\/blog\/wp-content\/uploads\/2021\/07\/maison-naturelle-logo.svg\",\"width\":156,\"height\":64,\"caption\":\"La Maison naturelle | Blog\"},\"image\":{\"@id\":\"https:\/\/www.la-maison-naturelle.com\/blog\/#\/schema\/logo\/image\/\"}},{\"@type\":\"Person\",\"@id\":\"https:\/\/www.la-maison-naturelle.com\/blog\/#\/schema\/person\/cad2a9ed80410189f0688441d546d43f\",\"name\":\"Eloise\",\"image\":{\"@type\":\"ImageObject\",\"inLanguage\":\"fr-FR\",\"@id\":\"https:\/\/www.la-maison-naturelle.com\/blog\/#\/schema\/person\/image\/\",\"url\":\"https:\/\/secure.gravatar.com\/avatar\/344186806f5e8613d4a2109f3b0228a847a7c0858a8023778c44bdcfc1111df9?s=96&d=mm&r=g\",\"contentUrl\":\"https:\/\/secure.gravatar.com\/avatar\/344186806f5e8613d4a2109f3b0228a847a7c0858a8023778c44bdcfc1111df9?s=96&d=mm&r=g\",\"caption\":\"Eloise\"},\"sameAs\":[\"https:\/\/www.la-maison-naturelle.com\/\"],\"url\":\"https:\/\/www.la-maison-naturelle.com\/blog\/author\/idries\/\"}]}<\/script>\n<!-- \/ Yoast SEO plugin. -->","yoast_head_json":{"title":"TVA en 2014 : synth\u00e8se des modes d\u2019application sur les travaux en b\u00e2timent - La Maison naturelle | Blog","robots":{"index":"index","follow":"follow","max-snippet":"max-snippet:-1","max-image-preview":"max-image-preview:large","max-video-preview":"max-video-preview:-1"},"canonical":"https:\/\/www.la-maison-naturelle.com\/blog\/tva-en-2014-synthese-des-modes-d-application-sur-les-travaux-en-batiment\/","og_locale":"fr_FR","og_type":"article","og_title":"TVA en 2014 : synth\u00e8se des modes d\u2019application sur les travaux en b\u00e2timent - La Maison naturelle | Blog","og_description":"La loi de finances 2014 apporte quelques changements au niveau du taux de la TVA appliqu\u00e9 \u00e0 compter du 1er janvier 2014. Gros plan sur ces modifications ainsi que les principaux points \u00e0 retenir. La TVA au taux interm\u00e9diaire de 10\u00a0% Le taux r\u00e9duit de 7\u00a0% cesse de s\u2019appliquer \u00e0 partir du 1er janvier 2014 [&hellip;]","og_url":"https:\/\/www.la-maison-naturelle.com\/blog\/tva-en-2014-synthese-des-modes-d-application-sur-les-travaux-en-batiment\/","og_site_name":"La Maison naturelle | Blog","article_published_time":"2013-05-24T16:42:11+00:00","article_modified_time":"2023-08-03T20:09:42+00:00","author":"Eloise","twitter_card":"summary_large_image","twitter_misc":{"\u00c9crit par":"Eloise","Dur\u00e9e de lecture estim\u00e9e":"3 minutes"},"schema":{"@context":"https:\/\/schema.org","@graph":[{"@type":"Article","@id":"https:\/\/www.la-maison-naturelle.com\/blog\/tva-en-2014-synthese-des-modes-d-application-sur-les-travaux-en-batiment\/#article","isPartOf":{"@id":"https:\/\/www.la-maison-naturelle.com\/blog\/tva-en-2014-synthese-des-modes-d-application-sur-les-travaux-en-batiment\/"},"author":{"name":"Eloise","@id":"https:\/\/www.la-maison-naturelle.com\/blog\/#\/schema\/person\/cad2a9ed80410189f0688441d546d43f"},"headline":"TVA en 2014 : synth\u00e8se des modes d\u2019application sur les travaux en b\u00e2timent","datePublished":"2013-05-24T16:42:11+00:00","dateModified":"2023-08-03T20:09:42+00:00","mainEntityOfPage":{"@id":"https:\/\/www.la-maison-naturelle.com\/blog\/tva-en-2014-synthese-des-modes-d-application-sur-les-travaux-en-batiment\/"},"wordCount":472,"commentCount":0,"publisher":{"@id":"https:\/\/www.la-maison-naturelle.com\/blog\/#organization"},"articleSection":["Les fiches pratiques"],"inLanguage":"fr-FR","potentialAction":[{"@type":"CommentAction","name":"Comment","target":["https:\/\/www.la-maison-naturelle.com\/blog\/tva-en-2014-synthese-des-modes-d-application-sur-les-travaux-en-batiment\/#respond"]}]},{"@type":"WebPage","@id":"https:\/\/www.la-maison-naturelle.com\/blog\/tva-en-2014-synthese-des-modes-d-application-sur-les-travaux-en-batiment\/","url":"https:\/\/www.la-maison-naturelle.com\/blog\/tva-en-2014-synthese-des-modes-d-application-sur-les-travaux-en-batiment\/","name":"TVA en 2014 : synth\u00e8se des modes d\u2019application sur les travaux en b\u00e2timent - La Maison naturelle | Blog","isPartOf":{"@id":"https:\/\/www.la-maison-naturelle.com\/blog\/#website"},"datePublished":"2013-05-24T16:42:11+00:00","dateModified":"2023-08-03T20:09:42+00:00","breadcrumb":{"@id":"https:\/\/www.la-maison-naturelle.com\/blog\/tva-en-2014-synthese-des-modes-d-application-sur-les-travaux-en-batiment\/#breadcrumb"},"inLanguage":"fr-FR","potentialAction":[{"@type":"ReadAction","target":["https:\/\/www.la-maison-naturelle.com\/blog\/tva-en-2014-synthese-des-modes-d-application-sur-les-travaux-en-batiment\/"]}]},{"@type":"BreadcrumbList","@id":"https:\/\/www.la-maison-naturelle.com\/blog\/tva-en-2014-synthese-des-modes-d-application-sur-les-travaux-en-batiment\/#breadcrumb","itemListElement":[{"@type":"ListItem","position":1,"name":"Accueil","item":"https:\/\/www.la-maison-naturelle.com\/blog\/"},{"@type":"ListItem","position":2,"name":"TVA en 2014 : synth\u00e8se des modes d\u2019application sur les travaux en b\u00e2timent"}]},{"@type":"WebSite","@id":"https:\/\/www.la-maison-naturelle.com\/blog\/#website","url":"https:\/\/www.la-maison-naturelle.com\/blog\/","name":"La Maison naturelle | Blog","description":"Blog de la Maison naturelle","publisher":{"@id":"https:\/\/www.la-maison-naturelle.com\/blog\/#organization"},"potentialAction":[{"@type":"SearchAction","target":{"@type":"EntryPoint","urlTemplate":"https:\/\/www.la-maison-naturelle.com\/blog\/?s={search_term_string}"},"query-input":{"@type":"PropertyValueSpecification","valueRequired":true,"valueName":"search_term_string"}}],"inLanguage":"fr-FR"},{"@type":"Organization","@id":"https:\/\/www.la-maison-naturelle.com\/blog\/#organization","name":"La Maison naturelle | Blog","url":"https:\/\/www.la-maison-naturelle.com\/blog\/","logo":{"@type":"ImageObject","inLanguage":"fr-FR","@id":"https:\/\/www.la-maison-naturelle.com\/blog\/#\/schema\/logo\/image\/","url":"https:\/\/www.la-maison-naturelle.com\/blog\/wp-content\/uploads\/2021\/07\/maison-naturelle-logo.svg","contentUrl":"https:\/\/www.la-maison-naturelle.com\/blog\/wp-content\/uploads\/2021\/07\/maison-naturelle-logo.svg","width":156,"height":64,"caption":"La Maison naturelle | Blog"},"image":{"@id":"https:\/\/www.la-maison-naturelle.com\/blog\/#\/schema\/logo\/image\/"}},{"@type":"Person","@id":"https:\/\/www.la-maison-naturelle.com\/blog\/#\/schema\/person\/cad2a9ed80410189f0688441d546d43f","name":"Eloise","image":{"@type":"ImageObject","inLanguage":"fr-FR","@id":"https:\/\/www.la-maison-naturelle.com\/blog\/#\/schema\/person\/image\/","url":"https:\/\/secure.gravatar.com\/avatar\/344186806f5e8613d4a2109f3b0228a847a7c0858a8023778c44bdcfc1111df9?s=96&d=mm&r=g","contentUrl":"https:\/\/secure.gravatar.com\/avatar\/344186806f5e8613d4a2109f3b0228a847a7c0858a8023778c44bdcfc1111df9?s=96&d=mm&r=g","caption":"Eloise"},"sameAs":["https:\/\/www.la-maison-naturelle.com\/"],"url":"https:\/\/www.la-maison-naturelle.com\/blog\/author\/idries\/"}]}},"_links":{"self":[{"href":"https:\/\/www.la-maison-naturelle.com\/blog\/wp-json\/wp\/v2\/posts\/2873","targetHints":{"allow":["GET"]}}],"collection":[{"href":"https:\/\/www.la-maison-naturelle.com\/blog\/wp-json\/wp\/v2\/posts"}],"about":[{"href":"https:\/\/www.la-maison-naturelle.com\/blog\/wp-json\/wp\/v2\/types\/post"}],"author":[{"embeddable":true,"href":"https:\/\/www.la-maison-naturelle.com\/blog\/wp-json\/wp\/v2\/users\/5"}],"replies":[{"embeddable":true,"href":"https:\/\/www.la-maison-naturelle.com\/blog\/wp-json\/wp\/v2\/comments?post=2873"}],"version-history":[{"count":2,"href":"https:\/\/www.la-maison-naturelle.com\/blog\/wp-json\/wp\/v2\/posts\/2873\/revisions"}],"predecessor-version":[{"id":5296,"href":"https:\/\/www.la-maison-naturelle.com\/blog\/wp-json\/wp\/v2\/posts\/2873\/revisions\/5296"}],"wp:attachment":[{"href":"https:\/\/www.la-maison-naturelle.com\/blog\/wp-json\/wp\/v2\/media?parent=2873"}],"wp:term":[{"taxonomy":"category","embeddable":true,"href":"https:\/\/www.la-maison-naturelle.com\/blog\/wp-json\/wp\/v2\/categories?post=2873"},{"taxonomy":"post_tag","embeddable":true,"href":"https:\/\/www.la-maison-naturelle.com\/blog\/wp-json\/wp\/v2\/tags?post=2873"}],"curies":[{"name":"wp","href":"https:\/\/api.w.org\/{rel}","templated":true}]}}