{"id":2801,"date":"2014-05-24T18:27:19","date_gmt":"2014-05-24T16:27:19","guid":{"rendered":"https:\/\/www.la-maison-naturelle.com\/blog\/?p=2801"},"modified":"2023-08-04T19:44:37","modified_gmt":"2023-08-04T17:44:37","slug":"maison-passive-et-etancheite-a-l-air-une-contradiction","status":"publish","type":"post","link":"https:\/\/www.la-maison-naturelle.com\/blog\/maison-passive-et-etancheite-a-l-air-une-contradiction\/","title":{"rendered":"Maison passive et \u00e9tanch\u00e9it\u00e9 \u00e0 l\u2019air : une contradiction ?"},"content":{"rendered":"<table style=\" width=\"100%\",max-width=\"839\">\n<tbody>\n<tr>\n<td colspan=\"3\"><a href=\"https:\/\/www.la-maison-naturelle.com\/\"><img decoding=\"async\" class=\"wp-image-5568 aligncenter\" src=\"https:\/\/www.la-maison-naturelle.com\/blog\/wp-content\/uploads\/2012\/05\/Dark-Green-and-Gray-Professional-and-Clean-E-Commerce-Email-Header-300x35.png\" alt=\"\" width=\"839\" srcset=\"https:\/\/www.la-maison-naturelle.com\/blog\/wp-content\/uploads\/2012\/05\/Dark-Green-and-Gray-Professional-and-Clean-E-Commerce-Email-Header-300x35.png 300w, https:\/\/www.la-maison-naturelle.com\/blog\/wp-content\/uploads\/2012\/05\/Dark-Green-and-Gray-Professional-and-Clean-E-Commerce-Email-Header-1024x119.png 1024w, https:\/\/www.la-maison-naturelle.com\/blog\/wp-content\/uploads\/2012\/05\/Dark-Green-and-Gray-Professional-and-Clean-E-Commerce-Email-Header-768x89.png 768w, https:\/\/www.la-maison-naturelle.com\/blog\/wp-content\/uploads\/2012\/05\/Dark-Green-and-Gray-Professional-and-Clean-E-Commerce-Email-Header-1536x178.png 1536w, https:\/\/www.la-maison-naturelle.com\/blog\/wp-content\/uploads\/2012\/05\/Dark-Green-and-Gray-Professional-and-Clean-E-Commerce-Email-Header.png 1578w\" sizes=\"(max-width: 300px) 100vw, 300px\" \/><\/a><\/td>\n<\/tr>\n<tr>\n<td><a href=\"https:\/\/www.la-maison-naturelle.com\/5260-materiaux-et-bricolage\"><img loading=\"lazy\" decoding=\"async\" class=\"alignright size-medium wp-image-5565\" src=\"https:\/\/www.la-maison-naturelle.com\/blog\/wp-content\/uploads\/2012\/05\/73a5f09c-2ef6-46dd-90d1-9cf73599e16b-1-249x300.png\" alt=\"Mat\u00e9riaux et bricolage\" width=\"249\" height=\"300\" srcset=\"https:\/\/www.la-maison-naturelle.com\/blog\/wp-content\/uploads\/2012\/05\/73a5f09c-2ef6-46dd-90d1-9cf73599e16b-1-249x300.png 249w, https:\/\/www.la-maison-naturelle.com\/blog\/wp-content\/uploads\/2012\/05\/73a5f09c-2ef6-46dd-90d1-9cf73599e16b-1.png 397w\" sizes=\"auto, (max-width: 249px) 100vw, 249px\" \/><\/a><\/td>\n<td><a href=\"https:\/\/www.la-maison-naturelle.com\/5266-amenagement-du-jardin\"><img loading=\"lazy\" decoding=\"async\" class=\"alignright size-medium wp-image-5564\" src=\"https:\/\/www.la-maison-naturelle.com\/blog\/wp-content\/uploads\/2012\/05\/9224811f-6da5-4d4d-8634-e9a2517a9565-1-249x300.png\" alt=\"Jardin et ext\u00e9rieur\" width=\"249\" height=\"300\" srcset=\"https:\/\/www.la-maison-naturelle.com\/blog\/wp-content\/uploads\/2012\/05\/9224811f-6da5-4d4d-8634-e9a2517a9565-1-249x300.png 249w, https:\/\/www.la-maison-naturelle.com\/blog\/wp-content\/uploads\/2012\/05\/9224811f-6da5-4d4d-8634-e9a2517a9565-1.png 397w\" sizes=\"auto, (max-width: 249px) 100vw, 249px\" \/><\/a><\/td>\n<td><a href=\"https:\/\/www.la-maison-naturelle.com\/5267-interieur-et-decoration\"><img loading=\"lazy\" decoding=\"async\" class=\"alignright size-medium wp-image-5563\" src=\"https:\/\/www.la-maison-naturelle.com\/blog\/wp-content\/uploads\/2012\/05\/b9400ea8-440a-4a4a-8db6-682fde3f9652-1-249x300.png\" alt=\"Int\u00e9rieur et d\u00e9coration\" width=\"249\" height=\"300\" srcset=\"https:\/\/www.la-maison-naturelle.com\/blog\/wp-content\/uploads\/2012\/05\/b9400ea8-440a-4a4a-8db6-682fde3f9652-1-249x300.png 249w, https:\/\/www.la-maison-naturelle.com\/blog\/wp-content\/uploads\/2012\/05\/b9400ea8-440a-4a4a-8db6-682fde3f9652-1.png 397w\" sizes=\"auto, (max-width: 249px) 100vw, 249px\" \/><\/a><\/td>\n<\/tr>\n<\/tbody>\n<\/table>\n<p>Le principe d\u2019une maison passive est d\u2019avoir un logement qui consomme tr\u00e8s peu d\u2019\u00e9nergie au m\u00e8tre carr\u00e9, avoisinant une r\u00e9duction de 80\u00a0% des charges en \u00e9nergie pour le chauffage par rapport \u00e0 une construction neuve.<\/p>\n<h2>La cl\u00e9 d\u2019une maison passive\u00a0: l\u2019\u00e9tanch\u00e9it\u00e9 de l\u2019air<\/h2>\n<p>La maison passive consomme un minimum d\u2019\u00e9nergie au m\u00b2 pour son chauffage, ce qui exige une tr\u00e8s bonne herm\u00e9ticit\u00e9 pour pr\u00e9server la chaleur. La ventilation int\u00e9rieure ainsi que son isolation d\u00e9pendent enti\u00e8rement de son <a href=\"https:\/\/www.la-maison-naturelle.com\/3042-etancheite-a-l-air\">\u00e9tanch\u00e9it\u00e9<\/a>. Une mauvaise herm\u00e9ticit\u00e9 de l\u2019habitation cr\u00e9e des courants d\u2019air difficiles \u00e0 contr\u00f4ler et susceptibles de modifier le sens des flux d\u2019air \u00e0 l\u2019int\u00e9rieur du logement. Les fuites d\u2019air engendrent \u00e9galement un gaspillage de la chaleur emmagasin\u00e9e dans le b\u00e2timent. Par ailleurs, certains isolants thermiques rendent complexe la circulation de l\u2019air dans la maison, occasionnant des courants de convection et d\u00e9t\u00e9riorant la qualit\u00e9 de l\u2019air.<\/p>\n<h2>\u00a0Comment v\u00e9rifier l\u2019\u00e9tanch\u00e9it\u00e9 \u00e0 l\u2019air d\u2019un b\u00e2timent\u00a0?<\/h2>\n<p>Pour mesurer l\u2019<a href=\"https:\/\/www.la-maison-naturelle.com\/3042-etancheite-a-l-air\" data-internallinksmanager029f6b8e52c=\"138\" title=\"\u00e9tanch\u00e9it\u00e9 \u00e0 l\u2019air\">\u00e9tanch\u00e9it\u00e9 \u00e0 l\u2019air<\/a> d\u2019une maison, le test de la \u00ab\u00a0BlowerDoor\u00a0\u00bb est le plus utilis\u00e9 par les sp\u00e9cialistes. Il s\u2019agit d\u2019\u00e9valuer si le b\u00e2timent suit les normes NBN EN 13\u00a0829 avant qu\u2019il ne soit livr\u00e9 au ma\u00eetre d\u2019ouvrage. Il est fr\u00e9quent que les entreprises de construction incorporent ce test dans leur proc\u00e9dure interne. Pendant cette exp\u00e9rimentation, toutes les portes et fen\u00eatres donnant sur l\u2019ext\u00e9rieur sont ferm\u00e9es tandis que les portes int\u00e9rieures demeurent ouvertes. Cette diff\u00e9rence de pression engendre un mouvement de l\u2019air \u00e0 cause des fuites qui se trouvent dans l\u2019enveloppe du b\u00e2timent. La d\u00e9pression cr\u00e9\u00e9e artificiellement permet de tracer les fuites \u00e0 l\u2019int\u00e9rieur de la maison. La surpression est destin\u00e9e au tra\u00e7age des fuites par l\u2019\u00e9mission de fum\u00e9e artificielle.<\/p>\n<h2>Objectif du test de BlowerDoor<\/h2>\n<p>Le test de BlowerDoor permet d\u2019\u00e9valuer le d\u00e9bit d\u2019air extrait du b\u00e2timent \u00e0 partir d\u2019une s\u00e9rie de mesures effectu\u00e9es en mode de d\u00e9pression et de surpression. Cela permet au sp\u00e9cialiste de d\u00e9terminer avec pr\u00e9cision le d\u00e9bit de fuite d\u2019air pour une pression de 50 Pascal. Mesur\u00e9e en m\u00b3\/h, cette valeur est d\u00e9sign\u00e9e V\u2085\u2080. Pour avoir le taux de renouvellement d\u2019air par heure du b\u00e2timent, il suffit de diviser V\u2085\u2080 par le volume V de l\u2019int\u00e9rieur du logement.<\/p>\n<p>Dans le cas d\u2019une maison passive, ce taux ne doit pas exc\u00e9der 0,6 par heure. Pour tester l\u2019efficacit\u00e9 de l\u2019\u00e9tanch\u00e9it\u00e9 dans les maisons passives, le projet Cepheus d\u00e9montre que 8 des 14 maisons pr\u00e9sentent un taux de renouvellement de l\u2019air qui oscille entre 0,3 et 0,6 h-1.<\/p>\n","protected":false},"excerpt":{"rendered":"","protected":false},"author":5,"featured_media":3568,"comment_status":"open","ping_status":"open","sticky":false,"template":"","format":"standard","meta":{"footnotes":""},"categories":[4],"tags":[],"class_list":["post-2801","post","type-post","status-publish","format-standard","has-post-thumbnail","hentry","category-actualites-produits"],"_wp_attached_file":null,"_wp_attachment_metadata":null,"_wp_attachment_context":null,"_wp_attachment_image_alt":null,"_hf_settings":null,"hf_message_success":null,"hf_message_invalid_email":null,"hf_message_required_field_missing":null,"hf_message_error":null,"_menu_item_type":null,"_menu_item_menu_item_parent":null,"_menu_item_object_id":null,"_menu_item_object":null,"_menu_item_target":null,"_menu_item_classes":null,"_menu_item_xfn":null,"_menu_item_url":null,"_yoast_wpseo_primary_category":"4","_thumbnail_id":"3568","_oembed_26d84b2c06432105b0a19987ae029a71":null,"_oembed_43e9e2dfde1b9b4ed91c9711026b7ef9":null,"_oembed_1fe1564764edbddc3b61e81acf52be88":null,"_oembed_df60f474cd845141e7ce6596d101e4a0":null,"_oembed_825e674795e2435c0bc66eb08e5d2c8b":null,"_oembed_time_825e674795e2435c0bc66eb08e5d2c8b":null,"_oembed_e917352ff4cc21ea91383201eeaa08cf":null,"_oembed_2363c16c972791c33e283320dc564fce":null,"_oembed_cc9ad5b5073a84776f6a62e33e6c7498":null,"_oembed_time_cc9ad5b5073a84776f6a62e33e6c7498":null,"_oembed_305147fcf4b856de518466e695c209cd":null,"_oembed_8517a877084ae01a5296813ee1d16a2b":null,"_oembed_2741f1556b243e68379198f98ba7f864":null,"_oembed_c3ffa24981451396c950ece2129da0f6":null,"_oembed_6f9091ebe2f3f5fcb5698ba6f4b41477":null,"_wp_old_slug":null,"_oembed_e4fb0f68ba12b85e9e231afe151ba12a":null,"_oembed_3c60e98bd703e617e67f5bbb3b97424d":null,"_oembed_bb060374498dcf40cb6068efe4be87e1":null,"_oembed_d0403e1e71c3a29020bd546b159480f1":null,"_oembed_b030ff17fbbbf8661c59c2ab8ff289eb":null,"_oembed_5cec699ba0631c6c0e4ba4f6af5f228e":null,"_oembed_b06a67f278b90cf4e8dd17cb12fe67b0":null,"_oembed_8e190e4fea2256f17420434651556236":null,"_oembed_b5ded119f1337916a0fc64d2ad85c95f":null,"_oembed_d9364a7a81be31c01415da2c50a48932":null,"_oembed_738cafa36d51a58e5ae3e458aa8f7584":null,"_oembed_ebcab5184b6b321b28efbcbec079859b":null,"_oembed_3dd9e35c2b7b268070e74da5b89cf937":null,"_oembed_e14b167b493e311a1c4e2aab38a463e8":null,"_oembed_dc8f7d108b38f3f0c2e0785b8bc46cae":null,"_oembed_55cf1c5142884afed312c2666bf27520":null,"_oembed_2292333bf03a956b4b61afafeff6bca0":null,"_oembed_82a986a6b900856fec23169de03a0038":null,"_oembed_4048ded025352b83569104210074165a":null,"_oembed_033b42b1af757abc39e4487233cee7f5":null,"_oembed_aec1d50f2b159366be8e37e94b201be1":null,"_oembed_0adc8480b2fcadf9a1733f572ce3d3f8":null,"_yoast_wpseo_title":null,"_yoast_wpseo_focuskw":null,"_yoast_wpseo_linkdex":null,"_yoast_wpseo_metadesc":null,"_yoast_wpseo_wordproof_timestamp":"","_tpl_archive_meta_key":null,"_form":null,"_mail":null,"_mail_2":null,"_messages":null,"_additional_settings":null,"_locale":null,"_wp_old_date":null,"_edit_last":"5","_wpb_vc_js_status":"false","_yoast_wpseo_estimated-reading-time-minutes":"3","_edit_lock":"1691170982:5","_yoast_wpseo_content_score":"30","yoast_head":"<!-- This site is optimized with the Yoast SEO plugin v24.3 - https:\/\/yoast.com\/wordpress\/plugins\/seo\/ -->\n<title>Maison passive et \u00e9tanch\u00e9it\u00e9 \u00e0 l\u2019air : une contradiction ? - La Maison naturelle | Blog<\/title>\n<meta name=\"robots\" content=\"index, follow, max-snippet:-1, max-image-preview:large, max-video-preview:-1\" \/>\n<link rel=\"canonical\" href=\"https:\/\/www.la-maison-naturelle.com\/blog\/maison-passive-et-etancheite-a-l-air-une-contradiction\/\" \/>\n<meta property=\"og:locale\" content=\"fr_FR\" \/>\n<meta property=\"og:type\" content=\"article\" \/>\n<meta property=\"og:title\" content=\"Maison passive et \u00e9tanch\u00e9it\u00e9 \u00e0 l\u2019air : une contradiction ? - La Maison naturelle | Blog\" \/>\n<meta property=\"og:url\" content=\"https:\/\/www.la-maison-naturelle.com\/blog\/maison-passive-et-etancheite-a-l-air-une-contradiction\/\" \/>\n<meta property=\"og:site_name\" content=\"La Maison naturelle | Blog\" \/>\n<meta property=\"article:published_time\" content=\"2014-05-24T16:27:19+00:00\" \/>\n<meta property=\"article:modified_time\" content=\"2023-08-04T17:44:37+00:00\" \/>\n<meta property=\"og:image\" content=\"https:\/\/www.la-maison-naturelle.com\/blog\/wp-content\/uploads\/2022\/08\/telechargement-7.jpg\" \/>\n\t<meta property=\"og:image:width\" content=\"311\" \/>\n\t<meta property=\"og:image:height\" content=\"162\" \/>\n\t<meta property=\"og:image:type\" content=\"image\/jpeg\" \/>\n<meta name=\"author\" content=\"Eloise\" \/>\n<meta name=\"twitter:card\" content=\"summary_large_image\" \/>\n<meta name=\"twitter:label1\" content=\"\u00c9crit par\" \/>\n\t<meta name=\"twitter:data1\" content=\"Eloise\" \/>\n\t<meta name=\"twitter:label2\" content=\"Dur\u00e9e de lecture estim\u00e9e\" \/>\n\t<meta name=\"twitter:data2\" content=\"3 minutes\" \/>\n<script type=\"application\/ld+json\" class=\"yoast-schema-graph\">{\"@context\":\"https:\/\/schema.org\",\"@graph\":[{\"@type\":\"Article\",\"@id\":\"https:\/\/www.la-maison-naturelle.com\/blog\/maison-passive-et-etancheite-a-l-air-une-contradiction\/#article\",\"isPartOf\":{\"@id\":\"https:\/\/www.la-maison-naturelle.com\/blog\/maison-passive-et-etancheite-a-l-air-une-contradiction\/\"},\"author\":{\"name\":\"Eloise\",\"@id\":\"https:\/\/www.la-maison-naturelle.com\/blog\/#\/schema\/person\/cad2a9ed80410189f0688441d546d43f\"},\"headline\":\"Maison passive et \u00e9tanch\u00e9it\u00e9 \u00e0 l\u2019air : une contradiction ?\",\"datePublished\":\"2014-05-24T16:27:19+00:00\",\"dateModified\":\"2023-08-04T17:44:37+00:00\",\"mainEntityOfPage\":{\"@id\":\"https:\/\/www.la-maison-naturelle.com\/blog\/maison-passive-et-etancheite-a-l-air-une-contradiction\/\"},\"wordCount\":9,\"commentCount\":0,\"publisher\":{\"@id\":\"https:\/\/www.la-maison-naturelle.com\/blog\/#organization\"},\"image\":{\"@id\":\"https:\/\/www.la-maison-naturelle.com\/blog\/maison-passive-et-etancheite-a-l-air-une-contradiction\/#primaryimage\"},\"thumbnailUrl\":\"https:\/\/www.la-maison-naturelle.com\/blog\/wp-content\/uploads\/2022\/08\/telechargement-7.jpg\",\"articleSection\":[\"Actualit\u00e9s produits\"],\"inLanguage\":\"fr-FR\",\"potentialAction\":[{\"@type\":\"CommentAction\",\"name\":\"Comment\",\"target\":[\"https:\/\/www.la-maison-naturelle.com\/blog\/maison-passive-et-etancheite-a-l-air-une-contradiction\/#respond\"]}]},{\"@type\":\"WebPage\",\"@id\":\"https:\/\/www.la-maison-naturelle.com\/blog\/maison-passive-et-etancheite-a-l-air-une-contradiction\/\",\"url\":\"https:\/\/www.la-maison-naturelle.com\/blog\/maison-passive-et-etancheite-a-l-air-une-contradiction\/\",\"name\":\"Maison passive et \u00e9tanch\u00e9it\u00e9 \u00e0 l\u2019air : une contradiction ? - La Maison naturelle | Blog\",\"isPartOf\":{\"@id\":\"https:\/\/www.la-maison-naturelle.com\/blog\/#website\"},\"primaryImageOfPage\":{\"@id\":\"https:\/\/www.la-maison-naturelle.com\/blog\/maison-passive-et-etancheite-a-l-air-une-contradiction\/#primaryimage\"},\"image\":{\"@id\":\"https:\/\/www.la-maison-naturelle.com\/blog\/maison-passive-et-etancheite-a-l-air-une-contradiction\/#primaryimage\"},\"thumbnailUrl\":\"https:\/\/www.la-maison-naturelle.com\/blog\/wp-content\/uploads\/2022\/08\/telechargement-7.jpg\",\"datePublished\":\"2014-05-24T16:27:19+00:00\",\"dateModified\":\"2023-08-04T17:44:37+00:00\",\"breadcrumb\":{\"@id\":\"https:\/\/www.la-maison-naturelle.com\/blog\/maison-passive-et-etancheite-a-l-air-une-contradiction\/#breadcrumb\"},\"inLanguage\":\"fr-FR\",\"potentialAction\":[{\"@type\":\"ReadAction\",\"target\":[\"https:\/\/www.la-maison-naturelle.com\/blog\/maison-passive-et-etancheite-a-l-air-une-contradiction\/\"]}]},{\"@type\":\"ImageObject\",\"inLanguage\":\"fr-FR\",\"@id\":\"https:\/\/www.la-maison-naturelle.com\/blog\/maison-passive-et-etancheite-a-l-air-une-contradiction\/#primaryimage\",\"url\":\"https:\/\/www.la-maison-naturelle.com\/blog\/wp-content\/uploads\/2022\/08\/telechargement-7.jpg\",\"contentUrl\":\"https:\/\/www.la-maison-naturelle.com\/blog\/wp-content\/uploads\/2022\/08\/telechargement-7.jpg\",\"width\":311,\"height\":162},{\"@type\":\"BreadcrumbList\",\"@id\":\"https:\/\/www.la-maison-naturelle.com\/blog\/maison-passive-et-etancheite-a-l-air-une-contradiction\/#breadcrumb\",\"itemListElement\":[{\"@type\":\"ListItem\",\"position\":1,\"name\":\"Accueil\",\"item\":\"https:\/\/www.la-maison-naturelle.com\/blog\/\"},{\"@type\":\"ListItem\",\"position\":2,\"name\":\"Maison passive et \u00e9tanch\u00e9it\u00e9 \u00e0 l\u2019air : une contradiction ?\"}]},{\"@type\":\"WebSite\",\"@id\":\"https:\/\/www.la-maison-naturelle.com\/blog\/#website\",\"url\":\"https:\/\/www.la-maison-naturelle.com\/blog\/\",\"name\":\"La Maison naturelle | Blog\",\"description\":\"Blog de la Maison naturelle\",\"publisher\":{\"@id\":\"https:\/\/www.la-maison-naturelle.com\/blog\/#organization\"},\"potentialAction\":[{\"@type\":\"SearchAction\",\"target\":{\"@type\":\"EntryPoint\",\"urlTemplate\":\"https:\/\/www.la-maison-naturelle.com\/blog\/?s={search_term_string}\"},\"query-input\":{\"@type\":\"PropertyValueSpecification\",\"valueRequired\":true,\"valueName\":\"search_term_string\"}}],\"inLanguage\":\"fr-FR\"},{\"@type\":\"Organization\",\"@id\":\"https:\/\/www.la-maison-naturelle.com\/blog\/#organization\",\"name\":\"La Maison naturelle | Blog\",\"url\":\"https:\/\/www.la-maison-naturelle.com\/blog\/\",\"logo\":{\"@type\":\"ImageObject\",\"inLanguage\":\"fr-FR\",\"@id\":\"https:\/\/www.la-maison-naturelle.com\/blog\/#\/schema\/logo\/image\/\",\"url\":\"https:\/\/www.la-maison-naturelle.com\/blog\/wp-content\/uploads\/2021\/07\/maison-naturelle-logo.svg\",\"contentUrl\":\"https:\/\/www.la-maison-naturelle.com\/blog\/wp-content\/uploads\/2021\/07\/maison-naturelle-logo.svg\",\"width\":156,\"height\":64,\"caption\":\"La Maison naturelle | Blog\"},\"image\":{\"@id\":\"https:\/\/www.la-maison-naturelle.com\/blog\/#\/schema\/logo\/image\/\"}},{\"@type\":\"Person\",\"@id\":\"https:\/\/www.la-maison-naturelle.com\/blog\/#\/schema\/person\/cad2a9ed80410189f0688441d546d43f\",\"name\":\"Eloise\",\"image\":{\"@type\":\"ImageObject\",\"inLanguage\":\"fr-FR\",\"@id\":\"https:\/\/www.la-maison-naturelle.com\/blog\/#\/schema\/person\/image\/\",\"url\":\"https:\/\/secure.gravatar.com\/avatar\/344186806f5e8613d4a2109f3b0228a847a7c0858a8023778c44bdcfc1111df9?s=96&d=mm&r=g\",\"contentUrl\":\"https:\/\/secure.gravatar.com\/avatar\/344186806f5e8613d4a2109f3b0228a847a7c0858a8023778c44bdcfc1111df9?s=96&d=mm&r=g\",\"caption\":\"Eloise\"},\"sameAs\":[\"https:\/\/www.la-maison-naturelle.com\/\"],\"url\":\"https:\/\/www.la-maison-naturelle.com\/blog\/author\/idries\/\"}]}<\/script>\n<!-- \/ Yoast SEO plugin. -->","yoast_head_json":{"title":"Maison passive et \u00e9tanch\u00e9it\u00e9 \u00e0 l\u2019air : une contradiction ? - La Maison naturelle | Blog","robots":{"index":"index","follow":"follow","max-snippet":"max-snippet:-1","max-image-preview":"max-image-preview:large","max-video-preview":"max-video-preview:-1"},"canonical":"https:\/\/www.la-maison-naturelle.com\/blog\/maison-passive-et-etancheite-a-l-air-une-contradiction\/","og_locale":"fr_FR","og_type":"article","og_title":"Maison passive et \u00e9tanch\u00e9it\u00e9 \u00e0 l\u2019air : une contradiction ? - La Maison naturelle | Blog","og_url":"https:\/\/www.la-maison-naturelle.com\/blog\/maison-passive-et-etancheite-a-l-air-une-contradiction\/","og_site_name":"La Maison naturelle | Blog","article_published_time":"2014-05-24T16:27:19+00:00","article_modified_time":"2023-08-04T17:44:37+00:00","og_image":[{"width":311,"height":162,"url":"https:\/\/www.la-maison-naturelle.com\/blog\/wp-content\/uploads\/2022\/08\/telechargement-7.jpg","type":"image\/jpeg"}],"author":"Eloise","twitter_card":"summary_large_image","twitter_misc":{"\u00c9crit par":"Eloise","Dur\u00e9e de lecture estim\u00e9e":"3 minutes"},"schema":{"@context":"https:\/\/schema.org","@graph":[{"@type":"Article","@id":"https:\/\/www.la-maison-naturelle.com\/blog\/maison-passive-et-etancheite-a-l-air-une-contradiction\/#article","isPartOf":{"@id":"https:\/\/www.la-maison-naturelle.com\/blog\/maison-passive-et-etancheite-a-l-air-une-contradiction\/"},"author":{"name":"Eloise","@id":"https:\/\/www.la-maison-naturelle.com\/blog\/#\/schema\/person\/cad2a9ed80410189f0688441d546d43f"},"headline":"Maison passive et \u00e9tanch\u00e9it\u00e9 \u00e0 l\u2019air : une contradiction ?","datePublished":"2014-05-24T16:27:19+00:00","dateModified":"2023-08-04T17:44:37+00:00","mainEntityOfPage":{"@id":"https:\/\/www.la-maison-naturelle.com\/blog\/maison-passive-et-etancheite-a-l-air-une-contradiction\/"},"wordCount":9,"commentCount":0,"publisher":{"@id":"https:\/\/www.la-maison-naturelle.com\/blog\/#organization"},"image":{"@id":"https:\/\/www.la-maison-naturelle.com\/blog\/maison-passive-et-etancheite-a-l-air-une-contradiction\/#primaryimage"},"thumbnailUrl":"https:\/\/www.la-maison-naturelle.com\/blog\/wp-content\/uploads\/2022\/08\/telechargement-7.jpg","articleSection":["Actualit\u00e9s produits"],"inLanguage":"fr-FR","potentialAction":[{"@type":"CommentAction","name":"Comment","target":["https:\/\/www.la-maison-naturelle.com\/blog\/maison-passive-et-etancheite-a-l-air-une-contradiction\/#respond"]}]},{"@type":"WebPage","@id":"https:\/\/www.la-maison-naturelle.com\/blog\/maison-passive-et-etancheite-a-l-air-une-contradiction\/","url":"https:\/\/www.la-maison-naturelle.com\/blog\/maison-passive-et-etancheite-a-l-air-une-contradiction\/","name":"Maison passive et \u00e9tanch\u00e9it\u00e9 \u00e0 l\u2019air : une contradiction ? - La Maison naturelle | Blog","isPartOf":{"@id":"https:\/\/www.la-maison-naturelle.com\/blog\/#website"},"primaryImageOfPage":{"@id":"https:\/\/www.la-maison-naturelle.com\/blog\/maison-passive-et-etancheite-a-l-air-une-contradiction\/#primaryimage"},"image":{"@id":"https:\/\/www.la-maison-naturelle.com\/blog\/maison-passive-et-etancheite-a-l-air-une-contradiction\/#primaryimage"},"thumbnailUrl":"https:\/\/www.la-maison-naturelle.com\/blog\/wp-content\/uploads\/2022\/08\/telechargement-7.jpg","datePublished":"2014-05-24T16:27:19+00:00","dateModified":"2023-08-04T17:44:37+00:00","breadcrumb":{"@id":"https:\/\/www.la-maison-naturelle.com\/blog\/maison-passive-et-etancheite-a-l-air-une-contradiction\/#breadcrumb"},"inLanguage":"fr-FR","potentialAction":[{"@type":"ReadAction","target":["https:\/\/www.la-maison-naturelle.com\/blog\/maison-passive-et-etancheite-a-l-air-une-contradiction\/"]}]},{"@type":"ImageObject","inLanguage":"fr-FR","@id":"https:\/\/www.la-maison-naturelle.com\/blog\/maison-passive-et-etancheite-a-l-air-une-contradiction\/#primaryimage","url":"https:\/\/www.la-maison-naturelle.com\/blog\/wp-content\/uploads\/2022\/08\/telechargement-7.jpg","contentUrl":"https:\/\/www.la-maison-naturelle.com\/blog\/wp-content\/uploads\/2022\/08\/telechargement-7.jpg","width":311,"height":162},{"@type":"BreadcrumbList","@id":"https:\/\/www.la-maison-naturelle.com\/blog\/maison-passive-et-etancheite-a-l-air-une-contradiction\/#breadcrumb","itemListElement":[{"@type":"ListItem","position":1,"name":"Accueil","item":"https:\/\/www.la-maison-naturelle.com\/blog\/"},{"@type":"ListItem","position":2,"name":"Maison passive et \u00e9tanch\u00e9it\u00e9 \u00e0 l\u2019air : une contradiction ?"}]},{"@type":"WebSite","@id":"https:\/\/www.la-maison-naturelle.com\/blog\/#website","url":"https:\/\/www.la-maison-naturelle.com\/blog\/","name":"La Maison naturelle | Blog","description":"Blog de la Maison naturelle","publisher":{"@id":"https:\/\/www.la-maison-naturelle.com\/blog\/#organization"},"potentialAction":[{"@type":"SearchAction","target":{"@type":"EntryPoint","urlTemplate":"https:\/\/www.la-maison-naturelle.com\/blog\/?s={search_term_string}"},"query-input":{"@type":"PropertyValueSpecification","valueRequired":true,"valueName":"search_term_string"}}],"inLanguage":"fr-FR"},{"@type":"Organization","@id":"https:\/\/www.la-maison-naturelle.com\/blog\/#organization","name":"La Maison naturelle | Blog","url":"https:\/\/www.la-maison-naturelle.com\/blog\/","logo":{"@type":"ImageObject","inLanguage":"fr-FR","@id":"https:\/\/www.la-maison-naturelle.com\/blog\/#\/schema\/logo\/image\/","url":"https:\/\/www.la-maison-naturelle.com\/blog\/wp-content\/uploads\/2021\/07\/maison-naturelle-logo.svg","contentUrl":"https:\/\/www.la-maison-naturelle.com\/blog\/wp-content\/uploads\/2021\/07\/maison-naturelle-logo.svg","width":156,"height":64,"caption":"La Maison naturelle | Blog"},"image":{"@id":"https:\/\/www.la-maison-naturelle.com\/blog\/#\/schema\/logo\/image\/"}},{"@type":"Person","@id":"https:\/\/www.la-maison-naturelle.com\/blog\/#\/schema\/person\/cad2a9ed80410189f0688441d546d43f","name":"Eloise","image":{"@type":"ImageObject","inLanguage":"fr-FR","@id":"https:\/\/www.la-maison-naturelle.com\/blog\/#\/schema\/person\/image\/","url":"https:\/\/secure.gravatar.com\/avatar\/344186806f5e8613d4a2109f3b0228a847a7c0858a8023778c44bdcfc1111df9?s=96&d=mm&r=g","contentUrl":"https:\/\/secure.gravatar.com\/avatar\/344186806f5e8613d4a2109f3b0228a847a7c0858a8023778c44bdcfc1111df9?s=96&d=mm&r=g","caption":"Eloise"},"sameAs":["https:\/\/www.la-maison-naturelle.com\/"],"url":"https:\/\/www.la-maison-naturelle.com\/blog\/author\/idries\/"}]}},"_links":{"self":[{"href":"https:\/\/www.la-maison-naturelle.com\/blog\/wp-json\/wp\/v2\/posts\/2801","targetHints":{"allow":["GET"]}}],"collection":[{"href":"https:\/\/www.la-maison-naturelle.com\/blog\/wp-json\/wp\/v2\/posts"}],"about":[{"href":"https:\/\/www.la-maison-naturelle.com\/blog\/wp-json\/wp\/v2\/types\/post"}],"author":[{"embeddable":true,"href":"https:\/\/www.la-maison-naturelle.com\/blog\/wp-json\/wp\/v2\/users\/5"}],"replies":[{"embeddable":true,"href":"https:\/\/www.la-maison-naturelle.com\/blog\/wp-json\/wp\/v2\/comments?post=2801"}],"version-history":[{"count":4,"href":"https:\/\/www.la-maison-naturelle.com\/blog\/wp-json\/wp\/v2\/posts\/2801\/revisions"}],"predecessor-version":[{"id":5915,"href":"https:\/\/www.la-maison-naturelle.com\/blog\/wp-json\/wp\/v2\/posts\/2801\/revisions\/5915"}],"wp:featuredmedia":[{"embeddable":true,"href":"https:\/\/www.la-maison-naturelle.com\/blog\/wp-json\/wp\/v2\/media\/3568"}],"wp:attachment":[{"href":"https:\/\/www.la-maison-naturelle.com\/blog\/wp-json\/wp\/v2\/media?parent=2801"}],"wp:term":[{"taxonomy":"category","embeddable":true,"href":"https:\/\/www.la-maison-naturelle.com\/blog\/wp-json\/wp\/v2\/categories?post=2801"},{"taxonomy":"post_tag","embeddable":true,"href":"https:\/\/www.la-maison-naturelle.com\/blog\/wp-json\/wp\/v2\/tags?post=2801"}],"curies":[{"name":"wp","href":"https:\/\/api.w.org\/{rel}","templated":true}]}}