{"id":2795,"date":"2014-05-24T18:26:13","date_gmt":"2014-05-24T16:26:13","guid":{"rendered":"https:\/\/www.la-maison-naturelle.com\/blog\/?p=2795"},"modified":"2023-08-03T22:17:28","modified_gmt":"2023-08-03T20:17:28","slug":"energie-comment-la-gerer-pour-mieux-l-economiser","status":"publish","type":"post","link":"https:\/\/www.la-maison-naturelle.com\/blog\/energie-comment-la-gerer-pour-mieux-l-economiser\/","title":{"rendered":"\u00c9nergie : comment la g\u00e9rer pour mieux l\u2019\u00e9conomiser"},"content":{"rendered":"<p>L\u2019\u00e9conomie d\u2019\u00e9nergie repr\u00e9sente un d\u00e9fi aussi bien pour l\u2019\u00c9tat que pour les particuliers. Apprendre comment g\u00e9rer l\u2019\u00e9nergie permet \u00e0 chacun de mettre en place les mesures ad\u00e9quates pour l\u2019\u00e9conomiser et r\u00e9duire sa facture en fin de mois.<\/p>\n<h2>L\u2019\u00e9nergie, une ressource vitale<\/h2>\n<p>L\u2019\u00e9nergie est consid\u00e9r\u00e9e comme un \u00e9l\u00e9ment vital pour un foyer, au m\u00eame titre que la nourriture. C\u2019est la raison pour laquelle l\u2019\u00c9tat fran\u00e7ais assiste les familles d\u00e9munies dans le r\u00e8glement de leurs factures d\u2019\u00e9nergie par le biais des services sociaux. Cependant, en dehors de ces aides ponctuelles, le gouvernement les encourage \u00e0 effectuer des diagnostics simples de leur habitation et \u00e0 r\u00e9aliser de petits travaux qui pourraient r\u00e9duire de fa\u00e7on notable leurs d\u00e9penses en \u00e9nergie. Il importe \u00e9galement que chacun adopte des comportements favorables \u00e0 l\u2019\u00e9conomie d\u2019\u00e9nergie. Afin de mieux assimiler cette notion d\u2019\u00e9conomie d\u2019\u00e9nergie, il convient de bien comprendre le processus de gestion de cette pr\u00e9cieuse denr\u00e9e.<\/p>\n<h2>Connaitre la consommation de chaque appareil<\/h2>\n<p>Il est important de savoir que pour une maison de 100\u00a0m\u00b2 disposant d\u2019une tr\u00e8s bonne isolation et abritant une famille de 4 personnes, c\u2019est le chauffage qui absorbe les 56\u00a0% de la consommation d\u2019\u00e9nergie totale du logement. Viennent ensuite les divers appareils \u00e9lectriques comme l\u2019\u00e9lectrom\u00e9nager et l\u2019\u00e9clairage, \u00e0 21\u00a0%. L\u2019eau chaude occupe la troisi\u00e8me place avec 17\u00a0% des d\u00e9penses tandis que la cuisson ferme la marche avec 6\u00a0%. Ces chiffres d\u00e9montrent que chaque m\u00e9nage peut faire des efforts pour r\u00e9duire cette consommation. Par exemple, le chauffage de l\u2019eau peut \u00eatre abaiss\u00e9 de moiti\u00e9 si la famille d\u00e9cide de prendre des douches au lieu de bains. De m\u00eame, si la temp\u00e9rature de la maison descend de 1\u00a0\u00b0C, la part du chauffage dans la facture pourrait diminuer de 7\u00a0%.<\/p>\n<h2>Faire le bon choix de l\u2019\u00e9nergie \u00e0 utiliser<\/h2>\n<p>Aujourd\u2019hui, les m\u00e9nages disposent d\u2019un large choix quant \u00e0 l\u2019\u00e9nergie \u00e0 utiliser dans leur foyer. Rien que pour le chauffage de la maison, ils peuvent opter pour l\u2019\u00e9lectricit\u00e9, le gaz naturel, le gaz propane, le gaz butane, le fioul, le p\u00e9trole d\u00e9saromatis\u00e9, le bois ou le solaire. Chaque source d\u2019\u00e9nergie a son prix et un rendement calorifique \u00e0 \u00e9tudier avec attention. Les m\u00e9nages doivent \u00e9galement apprendre \u00e0 lire leur facture d\u2019\u00e9lectricit\u00e9 pour savoir s\u2019ils exploitent parfaitement la tranche d\u2019heures creuses et si le type d\u2019abonnement souscrit correspond \u00e0 leur consommation. En outre, une bonne isolation r\u00e9duit sensiblement la note d\u2019\u00e9nergie, incitant \u00e0 bien choisir les mat\u00e9riaux et les isolants. Enfin, \u00e0 l\u2019achat des appareils \u00e9lectriques, lire attentivement l\u2019\u00e9tiquette \u00e9nerg\u00e9tique est recommander pour s\u00e9lectionner le moins \u00e9nergivore.<\/p>\n","protected":false},"excerpt":{"rendered":"<p>L\u2019\u00e9conomie d\u2019\u00e9nergie repr\u00e9sente un d\u00e9fi aussi bien pour l\u2019\u00c9tat que pour les particuliers. Apprendre comment g\u00e9rer l\u2019\u00e9nergie permet \u00e0 chacun de mettre en place les mesures ad\u00e9quates pour l\u2019\u00e9conomiser et r\u00e9duire sa facture en fin de mois. L\u2019\u00e9nergie, une ressource vitale L\u2019\u00e9nergie est consid\u00e9r\u00e9e comme un \u00e9l\u00e9ment vital pour un foyer, au m\u00eame titre que [&hellip;]<\/p>\n","protected":false},"author":5,"featured_media":0,"comment_status":"open","ping_status":"open","sticky":false,"template":"","format":"standard","meta":{"footnotes":""},"categories":[7],"tags":[],"class_list":["post-2795","post","type-post","status-publish","format-standard","hentry","category-les-fiches-pratiques"],"_wp_attached_file":null,"_wp_attachment_metadata":null,"_wp_attachment_context":null,"_wp_attachment_image_alt":null,"_hf_settings":null,"hf_message_success":null,"hf_message_invalid_email":null,"hf_message_required_field_missing":null,"hf_message_error":null,"_menu_item_type":null,"_menu_item_menu_item_parent":null,"_menu_item_object_id":null,"_menu_item_object":null,"_menu_item_target":null,"_menu_item_classes":null,"_menu_item_xfn":null,"_menu_item_url":null,"_yoast_wpseo_primary_category":"7","_thumbnail_id":null,"_oembed_26d84b2c06432105b0a19987ae029a71":null,"_oembed_43e9e2dfde1b9b4ed91c9711026b7ef9":null,"_oembed_1fe1564764edbddc3b61e81acf52be88":null,"_oembed_df60f474cd845141e7ce6596d101e4a0":null,"_oembed_825e674795e2435c0bc66eb08e5d2c8b":null,"_oembed_time_825e674795e2435c0bc66eb08e5d2c8b":null,"_oembed_e917352ff4cc21ea91383201eeaa08cf":null,"_oembed_2363c16c972791c33e283320dc564fce":null,"_oembed_cc9ad5b5073a84776f6a62e33e6c7498":null,"_oembed_time_cc9ad5b5073a84776f6a62e33e6c7498":null,"_oembed_305147fcf4b856de518466e695c209cd":null,"_oembed_8517a877084ae01a5296813ee1d16a2b":null,"_oembed_2741f1556b243e68379198f98ba7f864":null,"_oembed_c3ffa24981451396c950ece2129da0f6":null,"_oembed_6f9091ebe2f3f5fcb5698ba6f4b41477":null,"_wp_old_slug":null,"_oembed_e4fb0f68ba12b85e9e231afe151ba12a":null,"_oembed_3c60e98bd703e617e67f5bbb3b97424d":null,"_oembed_bb060374498dcf40cb6068efe4be87e1":null,"_oembed_d0403e1e71c3a29020bd546b159480f1":null,"_oembed_b030ff17fbbbf8661c59c2ab8ff289eb":null,"_oembed_5cec699ba0631c6c0e4ba4f6af5f228e":null,"_oembed_b06a67f278b90cf4e8dd17cb12fe67b0":null,"_oembed_8e190e4fea2256f17420434651556236":null,"_oembed_b5ded119f1337916a0fc64d2ad85c95f":null,"_oembed_d9364a7a81be31c01415da2c50a48932":null,"_oembed_738cafa36d51a58e5ae3e458aa8f7584":null,"_oembed_ebcab5184b6b321b28efbcbec079859b":null,"_oembed_3dd9e35c2b7b268070e74da5b89cf937":null,"_oembed_e14b167b493e311a1c4e2aab38a463e8":null,"_oembed_dc8f7d108b38f3f0c2e0785b8bc46cae":null,"_oembed_55cf1c5142884afed312c2666bf27520":null,"_oembed_2292333bf03a956b4b61afafeff6bca0":null,"_oembed_82a986a6b900856fec23169de03a0038":null,"_oembed_4048ded025352b83569104210074165a":null,"_oembed_033b42b1af757abc39e4487233cee7f5":null,"_oembed_aec1d50f2b159366be8e37e94b201be1":null,"_oembed_0adc8480b2fcadf9a1733f572ce3d3f8":null,"_yoast_wpseo_title":null,"_yoast_wpseo_focuskw":null,"_yoast_wpseo_linkdex":null,"_yoast_wpseo_metadesc":null,"_yoast_wpseo_wordproof_timestamp":null,"_tpl_archive_meta_key":null,"_form":null,"_mail":null,"_mail_2":null,"_messages":null,"_additional_settings":null,"_locale":null,"_wp_old_date":null,"_edit_last":"5","_wpb_vc_js_status":"false","_yoast_wpseo_estimated-reading-time-minutes":"2","_edit_lock":"1691093849:5","_yoast_wpseo_content_score":"90","yoast_head":"<!-- This site is optimized with the Yoast SEO plugin v24.3 - https:\/\/yoast.com\/wordpress\/plugins\/seo\/ -->\n<title>\u00c9nergie : comment la g\u00e9rer pour mieux l\u2019\u00e9conomiser - La Maison naturelle | Blog<\/title>\n<meta name=\"robots\" content=\"index, follow, max-snippet:-1, max-image-preview:large, max-video-preview:-1\" \/>\n<link rel=\"canonical\" href=\"https:\/\/www.la-maison-naturelle.com\/blog\/energie-comment-la-gerer-pour-mieux-l-economiser\/\" \/>\n<meta property=\"og:locale\" content=\"fr_FR\" \/>\n<meta property=\"og:type\" content=\"article\" \/>\n<meta property=\"og:title\" content=\"\u00c9nergie : comment la g\u00e9rer pour mieux l\u2019\u00e9conomiser - La Maison naturelle | Blog\" \/>\n<meta property=\"og:description\" content=\"L\u2019\u00e9conomie d\u2019\u00e9nergie repr\u00e9sente un d\u00e9fi aussi bien pour l\u2019\u00c9tat que pour les particuliers. Apprendre comment g\u00e9rer l\u2019\u00e9nergie permet \u00e0 chacun de mettre en place les mesures ad\u00e9quates pour l\u2019\u00e9conomiser et r\u00e9duire sa facture en fin de mois. L\u2019\u00e9nergie, une ressource vitale L\u2019\u00e9nergie est consid\u00e9r\u00e9e comme un \u00e9l\u00e9ment vital pour un foyer, au m\u00eame titre que [&hellip;]\" \/>\n<meta property=\"og:url\" content=\"https:\/\/www.la-maison-naturelle.com\/blog\/energie-comment-la-gerer-pour-mieux-l-economiser\/\" \/>\n<meta property=\"og:site_name\" content=\"La Maison naturelle | Blog\" \/>\n<meta property=\"article:published_time\" content=\"2014-05-24T16:26:13+00:00\" \/>\n<meta property=\"article:modified_time\" content=\"2023-08-03T20:17:28+00:00\" \/>\n<meta name=\"author\" content=\"Eloise\" \/>\n<meta name=\"twitter:card\" content=\"summary_large_image\" \/>\n<meta name=\"twitter:label1\" content=\"\u00c9crit par\" \/>\n\t<meta name=\"twitter:data1\" content=\"Eloise\" \/>\n\t<meta name=\"twitter:label2\" content=\"Dur\u00e9e de lecture estim\u00e9e\" \/>\n\t<meta name=\"twitter:data2\" content=\"2 minutes\" \/>\n<script type=\"application\/ld+json\" class=\"yoast-schema-graph\">{\"@context\":\"https:\/\/schema.org\",\"@graph\":[{\"@type\":\"Article\",\"@id\":\"https:\/\/www.la-maison-naturelle.com\/blog\/energie-comment-la-gerer-pour-mieux-l-economiser\/#article\",\"isPartOf\":{\"@id\":\"https:\/\/www.la-maison-naturelle.com\/blog\/energie-comment-la-gerer-pour-mieux-l-economiser\/\"},\"author\":{\"name\":\"Eloise\",\"@id\":\"https:\/\/www.la-maison-naturelle.com\/blog\/#\/schema\/person\/cad2a9ed80410189f0688441d546d43f\"},\"headline\":\"\u00c9nergie : comment la g\u00e9rer pour mieux l\u2019\u00e9conomiser\",\"datePublished\":\"2014-05-24T16:26:13+00:00\",\"dateModified\":\"2023-08-03T20:17:28+00:00\",\"mainEntityOfPage\":{\"@id\":\"https:\/\/www.la-maison-naturelle.com\/blog\/energie-comment-la-gerer-pour-mieux-l-economiser\/\"},\"wordCount\":476,\"commentCount\":0,\"publisher\":{\"@id\":\"https:\/\/www.la-maison-naturelle.com\/blog\/#organization\"},\"articleSection\":[\"Les fiches pratiques\"],\"inLanguage\":\"fr-FR\",\"potentialAction\":[{\"@type\":\"CommentAction\",\"name\":\"Comment\",\"target\":[\"https:\/\/www.la-maison-naturelle.com\/blog\/energie-comment-la-gerer-pour-mieux-l-economiser\/#respond\"]}]},{\"@type\":\"WebPage\",\"@id\":\"https:\/\/www.la-maison-naturelle.com\/blog\/energie-comment-la-gerer-pour-mieux-l-economiser\/\",\"url\":\"https:\/\/www.la-maison-naturelle.com\/blog\/energie-comment-la-gerer-pour-mieux-l-economiser\/\",\"name\":\"\u00c9nergie : comment la g\u00e9rer pour mieux l\u2019\u00e9conomiser - La Maison naturelle | Blog\",\"isPartOf\":{\"@id\":\"https:\/\/www.la-maison-naturelle.com\/blog\/#website\"},\"datePublished\":\"2014-05-24T16:26:13+00:00\",\"dateModified\":\"2023-08-03T20:17:28+00:00\",\"breadcrumb\":{\"@id\":\"https:\/\/www.la-maison-naturelle.com\/blog\/energie-comment-la-gerer-pour-mieux-l-economiser\/#breadcrumb\"},\"inLanguage\":\"fr-FR\",\"potentialAction\":[{\"@type\":\"ReadAction\",\"target\":[\"https:\/\/www.la-maison-naturelle.com\/blog\/energie-comment-la-gerer-pour-mieux-l-economiser\/\"]}]},{\"@type\":\"BreadcrumbList\",\"@id\":\"https:\/\/www.la-maison-naturelle.com\/blog\/energie-comment-la-gerer-pour-mieux-l-economiser\/#breadcrumb\",\"itemListElement\":[{\"@type\":\"ListItem\",\"position\":1,\"name\":\"Accueil\",\"item\":\"https:\/\/www.la-maison-naturelle.com\/blog\/\"},{\"@type\":\"ListItem\",\"position\":2,\"name\":\"\u00c9nergie : comment la g\u00e9rer pour mieux l\u2019\u00e9conomiser\"}]},{\"@type\":\"WebSite\",\"@id\":\"https:\/\/www.la-maison-naturelle.com\/blog\/#website\",\"url\":\"https:\/\/www.la-maison-naturelle.com\/blog\/\",\"name\":\"La Maison naturelle | Blog\",\"description\":\"Blog de la Maison naturelle\",\"publisher\":{\"@id\":\"https:\/\/www.la-maison-naturelle.com\/blog\/#organization\"},\"potentialAction\":[{\"@type\":\"SearchAction\",\"target\":{\"@type\":\"EntryPoint\",\"urlTemplate\":\"https:\/\/www.la-maison-naturelle.com\/blog\/?s={search_term_string}\"},\"query-input\":{\"@type\":\"PropertyValueSpecification\",\"valueRequired\":true,\"valueName\":\"search_term_string\"}}],\"inLanguage\":\"fr-FR\"},{\"@type\":\"Organization\",\"@id\":\"https:\/\/www.la-maison-naturelle.com\/blog\/#organization\",\"name\":\"La Maison naturelle | Blog\",\"url\":\"https:\/\/www.la-maison-naturelle.com\/blog\/\",\"logo\":{\"@type\":\"ImageObject\",\"inLanguage\":\"fr-FR\",\"@id\":\"https:\/\/www.la-maison-naturelle.com\/blog\/#\/schema\/logo\/image\/\",\"url\":\"https:\/\/www.la-maison-naturelle.com\/blog\/wp-content\/uploads\/2021\/07\/maison-naturelle-logo.svg\",\"contentUrl\":\"https:\/\/www.la-maison-naturelle.com\/blog\/wp-content\/uploads\/2021\/07\/maison-naturelle-logo.svg\",\"width\":156,\"height\":64,\"caption\":\"La Maison naturelle | Blog\"},\"image\":{\"@id\":\"https:\/\/www.la-maison-naturelle.com\/blog\/#\/schema\/logo\/image\/\"}},{\"@type\":\"Person\",\"@id\":\"https:\/\/www.la-maison-naturelle.com\/blog\/#\/schema\/person\/cad2a9ed80410189f0688441d546d43f\",\"name\":\"Eloise\",\"image\":{\"@type\":\"ImageObject\",\"inLanguage\":\"fr-FR\",\"@id\":\"https:\/\/www.la-maison-naturelle.com\/blog\/#\/schema\/person\/image\/\",\"url\":\"https:\/\/secure.gravatar.com\/avatar\/344186806f5e8613d4a2109f3b0228a847a7c0858a8023778c44bdcfc1111df9?s=96&d=mm&r=g\",\"contentUrl\":\"https:\/\/secure.gravatar.com\/avatar\/344186806f5e8613d4a2109f3b0228a847a7c0858a8023778c44bdcfc1111df9?s=96&d=mm&r=g\",\"caption\":\"Eloise\"},\"sameAs\":[\"https:\/\/www.la-maison-naturelle.com\/\"],\"url\":\"https:\/\/www.la-maison-naturelle.com\/blog\/author\/idries\/\"}]}<\/script>\n<!-- \/ Yoast SEO plugin. -->","yoast_head_json":{"title":"\u00c9nergie : comment la g\u00e9rer pour mieux l\u2019\u00e9conomiser - La Maison naturelle | Blog","robots":{"index":"index","follow":"follow","max-snippet":"max-snippet:-1","max-image-preview":"max-image-preview:large","max-video-preview":"max-video-preview:-1"},"canonical":"https:\/\/www.la-maison-naturelle.com\/blog\/energie-comment-la-gerer-pour-mieux-l-economiser\/","og_locale":"fr_FR","og_type":"article","og_title":"\u00c9nergie : comment la g\u00e9rer pour mieux l\u2019\u00e9conomiser - La Maison naturelle | Blog","og_description":"L\u2019\u00e9conomie d\u2019\u00e9nergie repr\u00e9sente un d\u00e9fi aussi bien pour l\u2019\u00c9tat que pour les particuliers. Apprendre comment g\u00e9rer l\u2019\u00e9nergie permet \u00e0 chacun de mettre en place les mesures ad\u00e9quates pour l\u2019\u00e9conomiser et r\u00e9duire sa facture en fin de mois. L\u2019\u00e9nergie, une ressource vitale L\u2019\u00e9nergie est consid\u00e9r\u00e9e comme un \u00e9l\u00e9ment vital pour un foyer, au m\u00eame titre que [&hellip;]","og_url":"https:\/\/www.la-maison-naturelle.com\/blog\/energie-comment-la-gerer-pour-mieux-l-economiser\/","og_site_name":"La Maison naturelle | Blog","article_published_time":"2014-05-24T16:26:13+00:00","article_modified_time":"2023-08-03T20:17:28+00:00","author":"Eloise","twitter_card":"summary_large_image","twitter_misc":{"\u00c9crit par":"Eloise","Dur\u00e9e de lecture estim\u00e9e":"2 minutes"},"schema":{"@context":"https:\/\/schema.org","@graph":[{"@type":"Article","@id":"https:\/\/www.la-maison-naturelle.com\/blog\/energie-comment-la-gerer-pour-mieux-l-economiser\/#article","isPartOf":{"@id":"https:\/\/www.la-maison-naturelle.com\/blog\/energie-comment-la-gerer-pour-mieux-l-economiser\/"},"author":{"name":"Eloise","@id":"https:\/\/www.la-maison-naturelle.com\/blog\/#\/schema\/person\/cad2a9ed80410189f0688441d546d43f"},"headline":"\u00c9nergie : comment la g\u00e9rer pour mieux l\u2019\u00e9conomiser","datePublished":"2014-05-24T16:26:13+00:00","dateModified":"2023-08-03T20:17:28+00:00","mainEntityOfPage":{"@id":"https:\/\/www.la-maison-naturelle.com\/blog\/energie-comment-la-gerer-pour-mieux-l-economiser\/"},"wordCount":476,"commentCount":0,"publisher":{"@id":"https:\/\/www.la-maison-naturelle.com\/blog\/#organization"},"articleSection":["Les fiches pratiques"],"inLanguage":"fr-FR","potentialAction":[{"@type":"CommentAction","name":"Comment","target":["https:\/\/www.la-maison-naturelle.com\/blog\/energie-comment-la-gerer-pour-mieux-l-economiser\/#respond"]}]},{"@type":"WebPage","@id":"https:\/\/www.la-maison-naturelle.com\/blog\/energie-comment-la-gerer-pour-mieux-l-economiser\/","url":"https:\/\/www.la-maison-naturelle.com\/blog\/energie-comment-la-gerer-pour-mieux-l-economiser\/","name":"\u00c9nergie : comment la g\u00e9rer pour mieux l\u2019\u00e9conomiser - La Maison naturelle | Blog","isPartOf":{"@id":"https:\/\/www.la-maison-naturelle.com\/blog\/#website"},"datePublished":"2014-05-24T16:26:13+00:00","dateModified":"2023-08-03T20:17:28+00:00","breadcrumb":{"@id":"https:\/\/www.la-maison-naturelle.com\/blog\/energie-comment-la-gerer-pour-mieux-l-economiser\/#breadcrumb"},"inLanguage":"fr-FR","potentialAction":[{"@type":"ReadAction","target":["https:\/\/www.la-maison-naturelle.com\/blog\/energie-comment-la-gerer-pour-mieux-l-economiser\/"]}]},{"@type":"BreadcrumbList","@id":"https:\/\/www.la-maison-naturelle.com\/blog\/energie-comment-la-gerer-pour-mieux-l-economiser\/#breadcrumb","itemListElement":[{"@type":"ListItem","position":1,"name":"Accueil","item":"https:\/\/www.la-maison-naturelle.com\/blog\/"},{"@type":"ListItem","position":2,"name":"\u00c9nergie : comment la g\u00e9rer pour mieux l\u2019\u00e9conomiser"}]},{"@type":"WebSite","@id":"https:\/\/www.la-maison-naturelle.com\/blog\/#website","url":"https:\/\/www.la-maison-naturelle.com\/blog\/","name":"La Maison naturelle | Blog","description":"Blog de la Maison naturelle","publisher":{"@id":"https:\/\/www.la-maison-naturelle.com\/blog\/#organization"},"potentialAction":[{"@type":"SearchAction","target":{"@type":"EntryPoint","urlTemplate":"https:\/\/www.la-maison-naturelle.com\/blog\/?s={search_term_string}"},"query-input":{"@type":"PropertyValueSpecification","valueRequired":true,"valueName":"search_term_string"}}],"inLanguage":"fr-FR"},{"@type":"Organization","@id":"https:\/\/www.la-maison-naturelle.com\/blog\/#organization","name":"La Maison naturelle | Blog","url":"https:\/\/www.la-maison-naturelle.com\/blog\/","logo":{"@type":"ImageObject","inLanguage":"fr-FR","@id":"https:\/\/www.la-maison-naturelle.com\/blog\/#\/schema\/logo\/image\/","url":"https:\/\/www.la-maison-naturelle.com\/blog\/wp-content\/uploads\/2021\/07\/maison-naturelle-logo.svg","contentUrl":"https:\/\/www.la-maison-naturelle.com\/blog\/wp-content\/uploads\/2021\/07\/maison-naturelle-logo.svg","width":156,"height":64,"caption":"La Maison naturelle | Blog"},"image":{"@id":"https:\/\/www.la-maison-naturelle.com\/blog\/#\/schema\/logo\/image\/"}},{"@type":"Person","@id":"https:\/\/www.la-maison-naturelle.com\/blog\/#\/schema\/person\/cad2a9ed80410189f0688441d546d43f","name":"Eloise","image":{"@type":"ImageObject","inLanguage":"fr-FR","@id":"https:\/\/www.la-maison-naturelle.com\/blog\/#\/schema\/person\/image\/","url":"https:\/\/secure.gravatar.com\/avatar\/344186806f5e8613d4a2109f3b0228a847a7c0858a8023778c44bdcfc1111df9?s=96&d=mm&r=g","contentUrl":"https:\/\/secure.gravatar.com\/avatar\/344186806f5e8613d4a2109f3b0228a847a7c0858a8023778c44bdcfc1111df9?s=96&d=mm&r=g","caption":"Eloise"},"sameAs":["https:\/\/www.la-maison-naturelle.com\/"],"url":"https:\/\/www.la-maison-naturelle.com\/blog\/author\/idries\/"}]}},"_links":{"self":[{"href":"https:\/\/www.la-maison-naturelle.com\/blog\/wp-json\/wp\/v2\/posts\/2795","targetHints":{"allow":["GET"]}}],"collection":[{"href":"https:\/\/www.la-maison-naturelle.com\/blog\/wp-json\/wp\/v2\/posts"}],"about":[{"href":"https:\/\/www.la-maison-naturelle.com\/blog\/wp-json\/wp\/v2\/types\/post"}],"author":[{"embeddable":true,"href":"https:\/\/www.la-maison-naturelle.com\/blog\/wp-json\/wp\/v2\/users\/5"}],"replies":[{"embeddable":true,"href":"https:\/\/www.la-maison-naturelle.com\/blog\/wp-json\/wp\/v2\/comments?post=2795"}],"version-history":[{"count":2,"href":"https:\/\/www.la-maison-naturelle.com\/blog\/wp-json\/wp\/v2\/posts\/2795\/revisions"}],"predecessor-version":[{"id":5333,"href":"https:\/\/www.la-maison-naturelle.com\/blog\/wp-json\/wp\/v2\/posts\/2795\/revisions\/5333"}],"wp:attachment":[{"href":"https:\/\/www.la-maison-naturelle.com\/blog\/wp-json\/wp\/v2\/media?parent=2795"}],"wp:term":[{"taxonomy":"category","embeddable":true,"href":"https:\/\/www.la-maison-naturelle.com\/blog\/wp-json\/wp\/v2\/categories?post=2795"},{"taxonomy":"post_tag","embeddable":true,"href":"https:\/\/www.la-maison-naturelle.com\/blog\/wp-json\/wp\/v2\/tags?post=2795"}],"curies":[{"name":"wp","href":"https:\/\/api.w.org\/{rel}","templated":true}]}}