{"id":2789,"date":"2014-05-24T18:24:50","date_gmt":"2014-05-24T16:24:50","guid":{"rendered":"https:\/\/www.la-maison-naturelle.com\/blog\/?p=2789"},"modified":"2023-08-04T19:21:20","modified_gmt":"2023-08-04T17:21:20","slug":"se-chauffer-gratuitement-grace-aux-radiateurs-intelligents","status":"publish","type":"post","link":"https:\/\/www.la-maison-naturelle.com\/blog\/se-chauffer-gratuitement-grace-aux-radiateurs-intelligents\/","title":{"rendered":"Se chauffer gratuitement gr\u00e2ce aux radiateurs intelligents"},"content":{"rendered":"<table style=\" width=\"100%\",max-width=\"839\">\n<tbody>\n<tr>\n<td colspan=\"3\"><a href=\"https:\/\/www.la-maison-naturelle.com\/\"><img decoding=\"async\" class=\"wp-image-5568 aligncenter\" src=\"https:\/\/www.la-maison-naturelle.com\/blog\/wp-content\/uploads\/2012\/05\/Dark-Green-and-Gray-Professional-and-Clean-E-Commerce-Email-Header-300x35.png\" alt=\"\" width=\"839\" srcset=\"https:\/\/www.la-maison-naturelle.com\/blog\/wp-content\/uploads\/2012\/05\/Dark-Green-and-Gray-Professional-and-Clean-E-Commerce-Email-Header-300x35.png 300w, https:\/\/www.la-maison-naturelle.com\/blog\/wp-content\/uploads\/2012\/05\/Dark-Green-and-Gray-Professional-and-Clean-E-Commerce-Email-Header-1024x119.png 1024w, https:\/\/www.la-maison-naturelle.com\/blog\/wp-content\/uploads\/2012\/05\/Dark-Green-and-Gray-Professional-and-Clean-E-Commerce-Email-Header-768x89.png 768w, https:\/\/www.la-maison-naturelle.com\/blog\/wp-content\/uploads\/2012\/05\/Dark-Green-and-Gray-Professional-and-Clean-E-Commerce-Email-Header-1536x178.png 1536w, https:\/\/www.la-maison-naturelle.com\/blog\/wp-content\/uploads\/2012\/05\/Dark-Green-and-Gray-Professional-and-Clean-E-Commerce-Email-Header.png 1578w\" sizes=\"(max-width: 300px) 100vw, 300px\" \/><\/a><\/td>\n<\/tr>\n<tr>\n<td><a href=\"https:\/\/www.la-maison-naturelle.com\/5260-materiaux-et-bricolage\"><img loading=\"lazy\" decoding=\"async\" class=\"alignright size-medium wp-image-5565\" src=\"https:\/\/www.la-maison-naturelle.com\/blog\/wp-content\/uploads\/2012\/05\/73a5f09c-2ef6-46dd-90d1-9cf73599e16b-1-249x300.png\" alt=\"Mat\u00e9riaux et bricolage\" width=\"249\" height=\"300\" srcset=\"https:\/\/www.la-maison-naturelle.com\/blog\/wp-content\/uploads\/2012\/05\/73a5f09c-2ef6-46dd-90d1-9cf73599e16b-1-249x300.png 249w, https:\/\/www.la-maison-naturelle.com\/blog\/wp-content\/uploads\/2012\/05\/73a5f09c-2ef6-46dd-90d1-9cf73599e16b-1.png 397w\" sizes=\"auto, (max-width: 249px) 100vw, 249px\" \/><\/a><\/td>\n<td><a href=\"https:\/\/www.la-maison-naturelle.com\/5266-amenagement-du-jardin\"><img loading=\"lazy\" decoding=\"async\" class=\"alignright size-medium wp-image-5564\" src=\"https:\/\/www.la-maison-naturelle.com\/blog\/wp-content\/uploads\/2012\/05\/9224811f-6da5-4d4d-8634-e9a2517a9565-1-249x300.png\" alt=\"Jardin et ext\u00e9rieur\" width=\"249\" height=\"300\" srcset=\"https:\/\/www.la-maison-naturelle.com\/blog\/wp-content\/uploads\/2012\/05\/9224811f-6da5-4d4d-8634-e9a2517a9565-1-249x300.png 249w, https:\/\/www.la-maison-naturelle.com\/blog\/wp-content\/uploads\/2012\/05\/9224811f-6da5-4d4d-8634-e9a2517a9565-1.png 397w\" sizes=\"auto, (max-width: 249px) 100vw, 249px\" \/><\/a><\/td>\n<td><a href=\"https:\/\/www.la-maison-naturelle.com\/5267-interieur-et-decoration\"><img loading=\"lazy\" decoding=\"async\" class=\"alignright size-medium wp-image-5563\" src=\"https:\/\/www.la-maison-naturelle.com\/blog\/wp-content\/uploads\/2012\/05\/b9400ea8-440a-4a4a-8db6-682fde3f9652-1-249x300.png\" alt=\"Int\u00e9rieur et d\u00e9coration\" width=\"249\" height=\"300\" srcset=\"https:\/\/www.la-maison-naturelle.com\/blog\/wp-content\/uploads\/2012\/05\/b9400ea8-440a-4a4a-8db6-682fde3f9652-1-249x300.png 249w, https:\/\/www.la-maison-naturelle.com\/blog\/wp-content\/uploads\/2012\/05\/b9400ea8-440a-4a4a-8db6-682fde3f9652-1.png 397w\" sizes=\"auto, (max-width: 249px) 100vw, 249px\" \/><\/a><\/td>\n<\/tr>\n<\/tbody>\n<\/table>\n<p>Le chauffage d\u2019un logement revient cher, ce qui a pouss\u00e9 le gouvernement \u00e0 mettre en place diff\u00e9rentes aides pour inciter les particuliers et les entreprises \u00e0 r\u00e9duire leur consommation d\u2019\u00e9nergie. Cette solution de radiateur intelligent peut contribuer \u00e0 abaisser la facture d\u2019\u00e9nergie des m\u00e9nages.<\/p>\n<h2>Des data-centers \u00e0 domicile<\/h2>\n<p>Les data-centers sont des entrep\u00f4ts destin\u00e9s \u00e0 stocker les donn\u00e9es des ordinateurs. La puissance de calcul exig\u00e9e par les grandes soci\u00e9t\u00e9s comme les banques ou les entreprises de production d\u2019un film d\u2019animation en 3D est tr\u00e8s importante. La quantit\u00e9 de chaleur d\u00e9gag\u00e9e est \u00e9norme, d\u2019o\u00f9 le co\u00fbt exorbitant du refroidissement du b\u00e2timent qui repr\u00e9sente 80\u00a0% des charges. \u00c0 partir de ces informations, la start-up Qarnot Computing a imagin\u00e9 un ing\u00e9nieux syst\u00e8me pour chauffer gratuitement les foyers. Le principe est assez simple puisqu\u2019il suffit d\u2019installer des radiateurs sp\u00e9cifiques dans les habitations pour b\u00e9n\u00e9ficier de la chaleur d\u00e9gag\u00e9e par les processeurs de calcul implant\u00e9s au sein de ces foyers de chaleur. Chaque radiateur est reli\u00e9 \u00e0 Internet et peut donc servir de mini-data-center.<\/p>\n<h2>Radiateur-ordinateur, une solution pratique\u00a0?<\/h2>\n<p>Le tarif pratiqu\u00e9 par les data-centers est assez \u00e9lev\u00e9, ce qui p\u00e9nalise fortement les PME et les TPE. En effet, les puissances de calcul sont factur\u00e9es \u00e0 l\u2019heure par les data-centers et la solution pr\u00e9sent\u00e9e par Qarnot Computing permet aux entreprises d\u2019acc\u00e9der \u00e0 un tarif \u00e0 la minute beaucoup plus abordable. De l\u2019autre c\u00f4t\u00e9, les factures en \u00e9nergie des particuliers se trouveraient all\u00e9g\u00e9es par le radiateur-ordinateur puisque la consommation en \u00e9lectricit\u00e9 de cet appareil serait enti\u00e8rement prise en charge par Qarnot Computing. Concr\u00e8tement, il s\u2019agit d\u2019un chauffage gratuit pour les logements. Le radiateur-ordinateur constitue par cons\u00e9quent une opportunit\u00e9 pour les entreprises de baisser leur co\u00fbt en data-center et pour les particuliers de se chauffer sans frais.<\/p>\n<h2>Concilier l\u2019offre et la demande<\/h2>\n<p>Pour le moment, Qarnot Computing se positionne comme un fournisseur de puissance de calcul classique, mais appliquant un tarif abordable. En effet, la soci\u00e9t\u00e9 ne travaille que sur des habitations neuves, en \u00e9troite collaboration avec des bailleurs sociaux et des collectivit\u00e9s territoriales. Outre le chauffage de ses bureaux de Montrouge de 300\u00a0m\u00b2 avec cinq prototypes de radiateur-ordinateur, Qarnot Computing pr\u00e9voit d\u2019installer 100\u00a0000 radiateurs d\u2019ici cinq ans, soit environ 20\u00a0000 logements chauff\u00e9s gratuitement. Si le probl\u00e8me de chauffage ne se pose pas pendant l\u2019hiver, une baisse de l\u2019utilisation des radiateurs en \u00e9t\u00e9 risque de r\u00e9duire la puissance de calcul pr\u00e9sent\u00e9e aux entreprises. La soci\u00e9t\u00e9 pense y rem\u00e9dier en faisant tourner les appareils en mode tr\u00e8s basse consommation et en chauffant au minimum les \u00e9tablissements qui sont inoccup\u00e9s pendant cette p\u00e9riode, comme les \u00e9coles.<\/p>\n","protected":false},"excerpt":{"rendered":"","protected":false},"author":5,"featured_media":0,"comment_status":"open","ping_status":"open","sticky":false,"template":"","format":"standard","meta":{"footnotes":""},"categories":[7],"tags":[],"class_list":["post-2789","post","type-post","status-publish","format-standard","hentry","category-les-fiches-pratiques"],"_wp_attached_file":null,"_wp_attachment_metadata":null,"_wp_attachment_context":null,"_wp_attachment_image_alt":null,"_hf_settings":null,"hf_message_success":null,"hf_message_invalid_email":null,"hf_message_required_field_missing":null,"hf_message_error":null,"_menu_item_type":null,"_menu_item_menu_item_parent":null,"_menu_item_object_id":null,"_menu_item_object":null,"_menu_item_target":null,"_menu_item_classes":null,"_menu_item_xfn":null,"_menu_item_url":null,"_yoast_wpseo_primary_category":"7","_thumbnail_id":null,"_oembed_26d84b2c06432105b0a19987ae029a71":null,"_oembed_43e9e2dfde1b9b4ed91c9711026b7ef9":null,"_oembed_1fe1564764edbddc3b61e81acf52be88":null,"_oembed_df60f474cd845141e7ce6596d101e4a0":null,"_oembed_825e674795e2435c0bc66eb08e5d2c8b":null,"_oembed_time_825e674795e2435c0bc66eb08e5d2c8b":null,"_oembed_e917352ff4cc21ea91383201eeaa08cf":null,"_oembed_2363c16c972791c33e283320dc564fce":null,"_oembed_cc9ad5b5073a84776f6a62e33e6c7498":null,"_oembed_time_cc9ad5b5073a84776f6a62e33e6c7498":null,"_oembed_305147fcf4b856de518466e695c209cd":null,"_oembed_8517a877084ae01a5296813ee1d16a2b":null,"_oembed_2741f1556b243e68379198f98ba7f864":null,"_oembed_c3ffa24981451396c950ece2129da0f6":null,"_oembed_6f9091ebe2f3f5fcb5698ba6f4b41477":null,"_wp_old_slug":null,"_oembed_e4fb0f68ba12b85e9e231afe151ba12a":null,"_oembed_3c60e98bd703e617e67f5bbb3b97424d":null,"_oembed_bb060374498dcf40cb6068efe4be87e1":null,"_oembed_d0403e1e71c3a29020bd546b159480f1":null,"_oembed_b030ff17fbbbf8661c59c2ab8ff289eb":null,"_oembed_5cec699ba0631c6c0e4ba4f6af5f228e":null,"_oembed_b06a67f278b90cf4e8dd17cb12fe67b0":null,"_oembed_8e190e4fea2256f17420434651556236":null,"_oembed_b5ded119f1337916a0fc64d2ad85c95f":null,"_oembed_d9364a7a81be31c01415da2c50a48932":null,"_oembed_738cafa36d51a58e5ae3e458aa8f7584":null,"_oembed_ebcab5184b6b321b28efbcbec079859b":null,"_oembed_3dd9e35c2b7b268070e74da5b89cf937":null,"_oembed_e14b167b493e311a1c4e2aab38a463e8":null,"_oembed_dc8f7d108b38f3f0c2e0785b8bc46cae":null,"_oembed_55cf1c5142884afed312c2666bf27520":null,"_oembed_2292333bf03a956b4b61afafeff6bca0":null,"_oembed_82a986a6b900856fec23169de03a0038":null,"_oembed_4048ded025352b83569104210074165a":null,"_oembed_033b42b1af757abc39e4487233cee7f5":null,"_oembed_aec1d50f2b159366be8e37e94b201be1":null,"_oembed_0adc8480b2fcadf9a1733f572ce3d3f8":null,"_yoast_wpseo_title":null,"_yoast_wpseo_focuskw":null,"_yoast_wpseo_linkdex":null,"_yoast_wpseo_metadesc":null,"_yoast_wpseo_wordproof_timestamp":"","_tpl_archive_meta_key":null,"_form":null,"_mail":null,"_mail_2":null,"_messages":null,"_additional_settings":null,"_locale":null,"_wp_old_date":null,"_edit_last":"5","_wpb_vc_js_status":"false","_yoast_wpseo_estimated-reading-time-minutes":"3","_edit_lock":"1691169578:5","_yoast_wpseo_content_score":"30","yoast_head":"<!-- This site is optimized with the Yoast SEO plugin v24.3 - https:\/\/yoast.com\/wordpress\/plugins\/seo\/ -->\n<title>Se chauffer gratuitement gr\u00e2ce aux radiateurs intelligents - La Maison naturelle | Blog<\/title>\n<meta name=\"robots\" content=\"index, follow, max-snippet:-1, max-image-preview:large, max-video-preview:-1\" \/>\n<link rel=\"canonical\" href=\"https:\/\/www.la-maison-naturelle.com\/blog\/se-chauffer-gratuitement-grace-aux-radiateurs-intelligents\/\" \/>\n<meta property=\"og:locale\" content=\"fr_FR\" \/>\n<meta property=\"og:type\" content=\"article\" \/>\n<meta property=\"og:title\" content=\"Se chauffer gratuitement gr\u00e2ce aux radiateurs intelligents - La Maison naturelle | Blog\" \/>\n<meta property=\"og:url\" content=\"https:\/\/www.la-maison-naturelle.com\/blog\/se-chauffer-gratuitement-grace-aux-radiateurs-intelligents\/\" \/>\n<meta property=\"og:site_name\" content=\"La Maison naturelle | Blog\" \/>\n<meta property=\"article:published_time\" content=\"2014-05-24T16:24:50+00:00\" \/>\n<meta property=\"article:modified_time\" content=\"2023-08-04T17:21:20+00:00\" \/>\n<meta property=\"og:image\" content=\"https:\/\/www.la-maison-naturelle.com\/blog\/wp-content\/uploads\/2012\/05\/Dark-Green-and-Gray-Professional-and-Clean-E-Commerce-Email-Header-300x35.png\" \/>\n<meta name=\"author\" content=\"Eloise\" \/>\n<meta name=\"twitter:card\" content=\"summary_large_image\" \/>\n<meta name=\"twitter:label1\" content=\"\u00c9crit par\" \/>\n\t<meta name=\"twitter:data1\" content=\"Eloise\" \/>\n\t<meta name=\"twitter:label2\" content=\"Dur\u00e9e de lecture estim\u00e9e\" \/>\n\t<meta name=\"twitter:data2\" content=\"3 minutes\" \/>\n<script type=\"application\/ld+json\" class=\"yoast-schema-graph\">{\"@context\":\"https:\/\/schema.org\",\"@graph\":[{\"@type\":\"Article\",\"@id\":\"https:\/\/www.la-maison-naturelle.com\/blog\/se-chauffer-gratuitement-grace-aux-radiateurs-intelligents\/#article\",\"isPartOf\":{\"@id\":\"https:\/\/www.la-maison-naturelle.com\/blog\/se-chauffer-gratuitement-grace-aux-radiateurs-intelligents\/\"},\"author\":{\"name\":\"Eloise\",\"@id\":\"https:\/\/www.la-maison-naturelle.com\/blog\/#\/schema\/person\/cad2a9ed80410189f0688441d546d43f\"},\"headline\":\"Se chauffer gratuitement gr\u00e2ce aux radiateurs intelligents\",\"datePublished\":\"2014-05-24T16:24:50+00:00\",\"dateModified\":\"2023-08-04T17:21:20+00:00\",\"mainEntityOfPage\":{\"@id\":\"https:\/\/www.la-maison-naturelle.com\/blog\/se-chauffer-gratuitement-grace-aux-radiateurs-intelligents\/\"},\"wordCount\":8,\"commentCount\":0,\"publisher\":{\"@id\":\"https:\/\/www.la-maison-naturelle.com\/blog\/#organization\"},\"image\":{\"@id\":\"https:\/\/www.la-maison-naturelle.com\/blog\/se-chauffer-gratuitement-grace-aux-radiateurs-intelligents\/#primaryimage\"},\"thumbnailUrl\":\"https:\/\/www.la-maison-naturelle.com\/blog\/wp-content\/uploads\/2012\/05\/Dark-Green-and-Gray-Professional-and-Clean-E-Commerce-Email-Header-300x35.png\",\"articleSection\":[\"Les fiches pratiques\"],\"inLanguage\":\"fr-FR\",\"potentialAction\":[{\"@type\":\"CommentAction\",\"name\":\"Comment\",\"target\":[\"https:\/\/www.la-maison-naturelle.com\/blog\/se-chauffer-gratuitement-grace-aux-radiateurs-intelligents\/#respond\"]}]},{\"@type\":\"WebPage\",\"@id\":\"https:\/\/www.la-maison-naturelle.com\/blog\/se-chauffer-gratuitement-grace-aux-radiateurs-intelligents\/\",\"url\":\"https:\/\/www.la-maison-naturelle.com\/blog\/se-chauffer-gratuitement-grace-aux-radiateurs-intelligents\/\",\"name\":\"Se chauffer gratuitement gr\u00e2ce aux radiateurs intelligents - La Maison naturelle | Blog\",\"isPartOf\":{\"@id\":\"https:\/\/www.la-maison-naturelle.com\/blog\/#website\"},\"primaryImageOfPage\":{\"@id\":\"https:\/\/www.la-maison-naturelle.com\/blog\/se-chauffer-gratuitement-grace-aux-radiateurs-intelligents\/#primaryimage\"},\"image\":{\"@id\":\"https:\/\/www.la-maison-naturelle.com\/blog\/se-chauffer-gratuitement-grace-aux-radiateurs-intelligents\/#primaryimage\"},\"thumbnailUrl\":\"https:\/\/www.la-maison-naturelle.com\/blog\/wp-content\/uploads\/2012\/05\/Dark-Green-and-Gray-Professional-and-Clean-E-Commerce-Email-Header-300x35.png\",\"datePublished\":\"2014-05-24T16:24:50+00:00\",\"dateModified\":\"2023-08-04T17:21:20+00:00\",\"breadcrumb\":{\"@id\":\"https:\/\/www.la-maison-naturelle.com\/blog\/se-chauffer-gratuitement-grace-aux-radiateurs-intelligents\/#breadcrumb\"},\"inLanguage\":\"fr-FR\",\"potentialAction\":[{\"@type\":\"ReadAction\",\"target\":[\"https:\/\/www.la-maison-naturelle.com\/blog\/se-chauffer-gratuitement-grace-aux-radiateurs-intelligents\/\"]}]},{\"@type\":\"ImageObject\",\"inLanguage\":\"fr-FR\",\"@id\":\"https:\/\/www.la-maison-naturelle.com\/blog\/se-chauffer-gratuitement-grace-aux-radiateurs-intelligents\/#primaryimage\",\"url\":\"https:\/\/www.la-maison-naturelle.com\/blog\/wp-content\/uploads\/2012\/05\/Dark-Green-and-Gray-Professional-and-Clean-E-Commerce-Email-Header.png\",\"contentUrl\":\"https:\/\/www.la-maison-naturelle.com\/blog\/wp-content\/uploads\/2012\/05\/Dark-Green-and-Gray-Professional-and-Clean-E-Commerce-Email-Header.png\",\"width\":1578,\"height\":183},{\"@type\":\"BreadcrumbList\",\"@id\":\"https:\/\/www.la-maison-naturelle.com\/blog\/se-chauffer-gratuitement-grace-aux-radiateurs-intelligents\/#breadcrumb\",\"itemListElement\":[{\"@type\":\"ListItem\",\"position\":1,\"name\":\"Accueil\",\"item\":\"https:\/\/www.la-maison-naturelle.com\/blog\/\"},{\"@type\":\"ListItem\",\"position\":2,\"name\":\"Se chauffer gratuitement gr\u00e2ce aux radiateurs intelligents\"}]},{\"@type\":\"WebSite\",\"@id\":\"https:\/\/www.la-maison-naturelle.com\/blog\/#website\",\"url\":\"https:\/\/www.la-maison-naturelle.com\/blog\/\",\"name\":\"La Maison naturelle | Blog\",\"description\":\"Blog de la Maison naturelle\",\"publisher\":{\"@id\":\"https:\/\/www.la-maison-naturelle.com\/blog\/#organization\"},\"potentialAction\":[{\"@type\":\"SearchAction\",\"target\":{\"@type\":\"EntryPoint\",\"urlTemplate\":\"https:\/\/www.la-maison-naturelle.com\/blog\/?s={search_term_string}\"},\"query-input\":{\"@type\":\"PropertyValueSpecification\",\"valueRequired\":true,\"valueName\":\"search_term_string\"}}],\"inLanguage\":\"fr-FR\"},{\"@type\":\"Organization\",\"@id\":\"https:\/\/www.la-maison-naturelle.com\/blog\/#organization\",\"name\":\"La Maison naturelle | Blog\",\"url\":\"https:\/\/www.la-maison-naturelle.com\/blog\/\",\"logo\":{\"@type\":\"ImageObject\",\"inLanguage\":\"fr-FR\",\"@id\":\"https:\/\/www.la-maison-naturelle.com\/blog\/#\/schema\/logo\/image\/\",\"url\":\"https:\/\/www.la-maison-naturelle.com\/blog\/wp-content\/uploads\/2021\/07\/maison-naturelle-logo.svg\",\"contentUrl\":\"https:\/\/www.la-maison-naturelle.com\/blog\/wp-content\/uploads\/2021\/07\/maison-naturelle-logo.svg\",\"width\":156,\"height\":64,\"caption\":\"La Maison naturelle | Blog\"},\"image\":{\"@id\":\"https:\/\/www.la-maison-naturelle.com\/blog\/#\/schema\/logo\/image\/\"}},{\"@type\":\"Person\",\"@id\":\"https:\/\/www.la-maison-naturelle.com\/blog\/#\/schema\/person\/cad2a9ed80410189f0688441d546d43f\",\"name\":\"Eloise\",\"image\":{\"@type\":\"ImageObject\",\"inLanguage\":\"fr-FR\",\"@id\":\"https:\/\/www.la-maison-naturelle.com\/blog\/#\/schema\/person\/image\/\",\"url\":\"https:\/\/secure.gravatar.com\/avatar\/344186806f5e8613d4a2109f3b0228a847a7c0858a8023778c44bdcfc1111df9?s=96&d=mm&r=g\",\"contentUrl\":\"https:\/\/secure.gravatar.com\/avatar\/344186806f5e8613d4a2109f3b0228a847a7c0858a8023778c44bdcfc1111df9?s=96&d=mm&r=g\",\"caption\":\"Eloise\"},\"sameAs\":[\"https:\/\/www.la-maison-naturelle.com\/\"],\"url\":\"https:\/\/www.la-maison-naturelle.com\/blog\/author\/idries\/\"}]}<\/script>\n<!-- \/ Yoast SEO plugin. -->","yoast_head_json":{"title":"Se chauffer gratuitement gr\u00e2ce aux radiateurs intelligents - La Maison naturelle | Blog","robots":{"index":"index","follow":"follow","max-snippet":"max-snippet:-1","max-image-preview":"max-image-preview:large","max-video-preview":"max-video-preview:-1"},"canonical":"https:\/\/www.la-maison-naturelle.com\/blog\/se-chauffer-gratuitement-grace-aux-radiateurs-intelligents\/","og_locale":"fr_FR","og_type":"article","og_title":"Se chauffer gratuitement gr\u00e2ce aux radiateurs intelligents - La Maison naturelle | Blog","og_url":"https:\/\/www.la-maison-naturelle.com\/blog\/se-chauffer-gratuitement-grace-aux-radiateurs-intelligents\/","og_site_name":"La Maison naturelle | Blog","article_published_time":"2014-05-24T16:24:50+00:00","article_modified_time":"2023-08-04T17:21:20+00:00","og_image":[{"url":"https:\/\/www.la-maison-naturelle.com\/blog\/wp-content\/uploads\/2012\/05\/Dark-Green-and-Gray-Professional-and-Clean-E-Commerce-Email-Header-300x35.png","type":"","width":"","height":""}],"author":"Eloise","twitter_card":"summary_large_image","twitter_misc":{"\u00c9crit par":"Eloise","Dur\u00e9e de lecture estim\u00e9e":"3 minutes"},"schema":{"@context":"https:\/\/schema.org","@graph":[{"@type":"Article","@id":"https:\/\/www.la-maison-naturelle.com\/blog\/se-chauffer-gratuitement-grace-aux-radiateurs-intelligents\/#article","isPartOf":{"@id":"https:\/\/www.la-maison-naturelle.com\/blog\/se-chauffer-gratuitement-grace-aux-radiateurs-intelligents\/"},"author":{"name":"Eloise","@id":"https:\/\/www.la-maison-naturelle.com\/blog\/#\/schema\/person\/cad2a9ed80410189f0688441d546d43f"},"headline":"Se chauffer gratuitement gr\u00e2ce aux radiateurs intelligents","datePublished":"2014-05-24T16:24:50+00:00","dateModified":"2023-08-04T17:21:20+00:00","mainEntityOfPage":{"@id":"https:\/\/www.la-maison-naturelle.com\/blog\/se-chauffer-gratuitement-grace-aux-radiateurs-intelligents\/"},"wordCount":8,"commentCount":0,"publisher":{"@id":"https:\/\/www.la-maison-naturelle.com\/blog\/#organization"},"image":{"@id":"https:\/\/www.la-maison-naturelle.com\/blog\/se-chauffer-gratuitement-grace-aux-radiateurs-intelligents\/#primaryimage"},"thumbnailUrl":"https:\/\/www.la-maison-naturelle.com\/blog\/wp-content\/uploads\/2012\/05\/Dark-Green-and-Gray-Professional-and-Clean-E-Commerce-Email-Header-300x35.png","articleSection":["Les fiches pratiques"],"inLanguage":"fr-FR","potentialAction":[{"@type":"CommentAction","name":"Comment","target":["https:\/\/www.la-maison-naturelle.com\/blog\/se-chauffer-gratuitement-grace-aux-radiateurs-intelligents\/#respond"]}]},{"@type":"WebPage","@id":"https:\/\/www.la-maison-naturelle.com\/blog\/se-chauffer-gratuitement-grace-aux-radiateurs-intelligents\/","url":"https:\/\/www.la-maison-naturelle.com\/blog\/se-chauffer-gratuitement-grace-aux-radiateurs-intelligents\/","name":"Se chauffer gratuitement gr\u00e2ce aux radiateurs intelligents - La Maison naturelle | Blog","isPartOf":{"@id":"https:\/\/www.la-maison-naturelle.com\/blog\/#website"},"primaryImageOfPage":{"@id":"https:\/\/www.la-maison-naturelle.com\/blog\/se-chauffer-gratuitement-grace-aux-radiateurs-intelligents\/#primaryimage"},"image":{"@id":"https:\/\/www.la-maison-naturelle.com\/blog\/se-chauffer-gratuitement-grace-aux-radiateurs-intelligents\/#primaryimage"},"thumbnailUrl":"https:\/\/www.la-maison-naturelle.com\/blog\/wp-content\/uploads\/2012\/05\/Dark-Green-and-Gray-Professional-and-Clean-E-Commerce-Email-Header-300x35.png","datePublished":"2014-05-24T16:24:50+00:00","dateModified":"2023-08-04T17:21:20+00:00","breadcrumb":{"@id":"https:\/\/www.la-maison-naturelle.com\/blog\/se-chauffer-gratuitement-grace-aux-radiateurs-intelligents\/#breadcrumb"},"inLanguage":"fr-FR","potentialAction":[{"@type":"ReadAction","target":["https:\/\/www.la-maison-naturelle.com\/blog\/se-chauffer-gratuitement-grace-aux-radiateurs-intelligents\/"]}]},{"@type":"ImageObject","inLanguage":"fr-FR","@id":"https:\/\/www.la-maison-naturelle.com\/blog\/se-chauffer-gratuitement-grace-aux-radiateurs-intelligents\/#primaryimage","url":"https:\/\/www.la-maison-naturelle.com\/blog\/wp-content\/uploads\/2012\/05\/Dark-Green-and-Gray-Professional-and-Clean-E-Commerce-Email-Header.png","contentUrl":"https:\/\/www.la-maison-naturelle.com\/blog\/wp-content\/uploads\/2012\/05\/Dark-Green-and-Gray-Professional-and-Clean-E-Commerce-Email-Header.png","width":1578,"height":183},{"@type":"BreadcrumbList","@id":"https:\/\/www.la-maison-naturelle.com\/blog\/se-chauffer-gratuitement-grace-aux-radiateurs-intelligents\/#breadcrumb","itemListElement":[{"@type":"ListItem","position":1,"name":"Accueil","item":"https:\/\/www.la-maison-naturelle.com\/blog\/"},{"@type":"ListItem","position":2,"name":"Se chauffer gratuitement gr\u00e2ce aux radiateurs intelligents"}]},{"@type":"WebSite","@id":"https:\/\/www.la-maison-naturelle.com\/blog\/#website","url":"https:\/\/www.la-maison-naturelle.com\/blog\/","name":"La Maison naturelle | Blog","description":"Blog de la Maison naturelle","publisher":{"@id":"https:\/\/www.la-maison-naturelle.com\/blog\/#organization"},"potentialAction":[{"@type":"SearchAction","target":{"@type":"EntryPoint","urlTemplate":"https:\/\/www.la-maison-naturelle.com\/blog\/?s={search_term_string}"},"query-input":{"@type":"PropertyValueSpecification","valueRequired":true,"valueName":"search_term_string"}}],"inLanguage":"fr-FR"},{"@type":"Organization","@id":"https:\/\/www.la-maison-naturelle.com\/blog\/#organization","name":"La Maison naturelle | Blog","url":"https:\/\/www.la-maison-naturelle.com\/blog\/","logo":{"@type":"ImageObject","inLanguage":"fr-FR","@id":"https:\/\/www.la-maison-naturelle.com\/blog\/#\/schema\/logo\/image\/","url":"https:\/\/www.la-maison-naturelle.com\/blog\/wp-content\/uploads\/2021\/07\/maison-naturelle-logo.svg","contentUrl":"https:\/\/www.la-maison-naturelle.com\/blog\/wp-content\/uploads\/2021\/07\/maison-naturelle-logo.svg","width":156,"height":64,"caption":"La Maison naturelle | Blog"},"image":{"@id":"https:\/\/www.la-maison-naturelle.com\/blog\/#\/schema\/logo\/image\/"}},{"@type":"Person","@id":"https:\/\/www.la-maison-naturelle.com\/blog\/#\/schema\/person\/cad2a9ed80410189f0688441d546d43f","name":"Eloise","image":{"@type":"ImageObject","inLanguage":"fr-FR","@id":"https:\/\/www.la-maison-naturelle.com\/blog\/#\/schema\/person\/image\/","url":"https:\/\/secure.gravatar.com\/avatar\/344186806f5e8613d4a2109f3b0228a847a7c0858a8023778c44bdcfc1111df9?s=96&d=mm&r=g","contentUrl":"https:\/\/secure.gravatar.com\/avatar\/344186806f5e8613d4a2109f3b0228a847a7c0858a8023778c44bdcfc1111df9?s=96&d=mm&r=g","caption":"Eloise"},"sameAs":["https:\/\/www.la-maison-naturelle.com\/"],"url":"https:\/\/www.la-maison-naturelle.com\/blog\/author\/idries\/"}]}},"_links":{"self":[{"href":"https:\/\/www.la-maison-naturelle.com\/blog\/wp-json\/wp\/v2\/posts\/2789","targetHints":{"allow":["GET"]}}],"collection":[{"href":"https:\/\/www.la-maison-naturelle.com\/blog\/wp-json\/wp\/v2\/posts"}],"about":[{"href":"https:\/\/www.la-maison-naturelle.com\/blog\/wp-json\/wp\/v2\/types\/post"}],"author":[{"embeddable":true,"href":"https:\/\/www.la-maison-naturelle.com\/blog\/wp-json\/wp\/v2\/users\/5"}],"replies":[{"embeddable":true,"href":"https:\/\/www.la-maison-naturelle.com\/blog\/wp-json\/wp\/v2\/comments?post=2789"}],"version-history":[{"count":3,"href":"https:\/\/www.la-maison-naturelle.com\/blog\/wp-json\/wp\/v2\/posts\/2789\/revisions"}],"predecessor-version":[{"id":5828,"href":"https:\/\/www.la-maison-naturelle.com\/blog\/wp-json\/wp\/v2\/posts\/2789\/revisions\/5828"}],"wp:attachment":[{"href":"https:\/\/www.la-maison-naturelle.com\/blog\/wp-json\/wp\/v2\/media?parent=2789"}],"wp:term":[{"taxonomy":"category","embeddable":true,"href":"https:\/\/www.la-maison-naturelle.com\/blog\/wp-json\/wp\/v2\/categories?post=2789"},{"taxonomy":"post_tag","embeddable":true,"href":"https:\/\/www.la-maison-naturelle.com\/blog\/wp-json\/wp\/v2\/tags?post=2789"}],"curies":[{"name":"wp","href":"https:\/\/api.w.org\/{rel}","templated":true}]}}