{"id":2759,"date":"2015-05-24T18:18:58","date_gmt":"2015-05-24T16:18:58","guid":{"rendered":"https:\/\/www.la-maison-naturelle.com\/blog\/?p=2759"},"modified":"2023-08-03T22:26:43","modified_gmt":"2023-08-03T20:26:43","slug":"traiter-efficacement-les-bruits-exterieurs","status":"publish","type":"post","link":"https:\/\/www.la-maison-naturelle.com\/blog\/traiter-efficacement-les-bruits-exterieurs\/","title":{"rendered":"Traiter efficacement les bruits ext\u00e9rieurs"},"content":{"rendered":"<p>L&rsquo;isolation contre les bruits ext\u00e9rieurs garantit le confort au sein d&rsquo;un logement. Outre le confort acoustique, il est toutefois important de consid\u00e9rer \u00e9galement la n\u00e9cessit\u00e9 d&rsquo;une ventilation efficace.<\/p>\n<h2>Rep\u00e9rer les points faibles sur les fa\u00e7ades lourdes<\/h2>\n<p>Sur les fa\u00e7ades lourdes, les fen\u00eatres constituent les principales sources de nuisance sonore. Les briques pleines, les pierres et le b\u00e9ton constituant ce type de fa\u00e7ade poss\u00e8dent en effet une performance acoustique sup\u00e9rieure aux menuiseries. Il en est de m\u00eame des autres parties pleines de la fa\u00e7ade qui\u00a0assurent une isolation phonique optimale. Pour autant, le traitement des fen\u00eatres doit \u00eatre effectu\u00e9 en parall\u00e8le \u00e0 d&rsquo;autres travaux d&rsquo;isolation consistant \u00e0 v\u00e9rifier la pr\u00e9sence de sources de bruits ext\u00e9rieurs dans la fa\u00e7ade. Il peut s&rsquo;agir de trous, de voies d&rsquo;a\u00e9ration ou d&rsquo;une paroi mal con\u00e7ue et isol\u00e9e de mani\u00e8re insuffisante. En effet, les transmissions parasites proviennent souvent de situations semblables et sont sources de g\u00eane importante. Il faut donc traiter les zones susceptibles de laisser passer les bruits ext\u00e9rieurs en m\u00eame temps que les fen\u00eatres. Les trous sont recouverts avec du mastic ou du bois en fonction de leur dimension, les surfaces l\u00e9g\u00e8res sont dot\u00e9es de mat\u00e9riaux semblables \u00e0 ceux utilis\u00e9s en fa\u00e7ade, les entr\u00e9es d&rsquo;air sont remplac\u00e9es par des entr\u00e9es d&rsquo;air acoustiques et les autres \u00e9l\u00e9ments de la maison doivent recevoir un traitement de renforcement acoustique.<\/p>\n<h2>Pr\u00e9server la ventilation des locaux<\/h2>\n<p>La ventilation des locaux doit \u00eatre consid\u00e9r\u00e9e durant les travaux de traitement de l&rsquo;\u00e9tanch\u00e9it\u00e9. Il existe en effet d&rsquo;importants risques li\u00e9s au manque d&rsquo;air si le dispositif d&rsquo;a\u00e9ration n&rsquo;est pas refait. L&rsquo;utilisation des appareils \u00e0 combustion peuvent produire des \u00e9manations de monoxyde de carbone et des condensations peuvent appara\u00eetre sur les parois froides et d\u00e9grader le b\u00e2timent, nonobstant le fait que l&rsquo;air pollu\u00e9 et contenu en int\u00e9rieur se r\u00e9v\u00e8le plus n\u00e9faste que la pollution ext\u00e9rieure. Pour les locaux ne disposant pas d&rsquo;appareils \u00e0 combustion, la ventilation sera compos\u00e9e de grilles d&rsquo;entr\u00e9es d&rsquo;air acoustiques plac\u00e9es dans le s\u00e9jour et les chambres. Leurs nombre d\u00e9pendront du type d&rsquo;installation. Pour les locaux \u00e9quip\u00e9s d&rsquo;appareils \u00e0 combustion tels que les chaudi\u00e8res, le chauffe-bains, le po\u00eale ou la chemin\u00e9e, le syst\u00e8me de ventilation doit n\u00e9cessairement \u00eatre coupl\u00e9 \u00e0 un conduit vertical de fum\u00e9e. Dans certains cas, il arrive que les bruits du voisinage g\u00e9n\u00e9ralement couverts par ceux provenant de l&rsquo;ext\u00e9rieur soient plus perceptibles. Un traitement acoustique devra alors \u00eatre install\u00e9 en plus du traitement de renforcement acoustique.<\/p>\n","protected":false},"excerpt":{"rendered":"<p>L&rsquo;isolation contre les bruits ext\u00e9rieurs garantit le confort au sein d&rsquo;un logement. Outre le confort acoustique, il est toutefois important de consid\u00e9rer \u00e9galement la n\u00e9cessit\u00e9 d&rsquo;une ventilation efficace. Rep\u00e9rer les points faibles sur les fa\u00e7ades lourdes Sur les fa\u00e7ades lourdes, les fen\u00eatres constituent les principales sources de nuisance sonore. Les briques pleines, les pierres et [&hellip;]<\/p>\n","protected":false},"author":5,"featured_media":0,"comment_status":"open","ping_status":"open","sticky":false,"template":"","format":"standard","meta":{"footnotes":""},"categories":[7],"tags":[],"class_list":["post-2759","post","type-post","status-publish","format-standard","hentry","category-les-fiches-pratiques"],"_wp_attached_file":null,"_wp_attachment_metadata":null,"_wp_attachment_context":null,"_wp_attachment_image_alt":null,"_hf_settings":null,"hf_message_success":null,"hf_message_invalid_email":null,"hf_message_required_field_missing":null,"hf_message_error":null,"_menu_item_type":null,"_menu_item_menu_item_parent":null,"_menu_item_object_id":null,"_menu_item_object":null,"_menu_item_target":null,"_menu_item_classes":null,"_menu_item_xfn":null,"_menu_item_url":null,"_yoast_wpseo_primary_category":"7","_thumbnail_id":null,"_oembed_26d84b2c06432105b0a19987ae029a71":null,"_oembed_43e9e2dfde1b9b4ed91c9711026b7ef9":null,"_oembed_1fe1564764edbddc3b61e81acf52be88":null,"_oembed_df60f474cd845141e7ce6596d101e4a0":null,"_oembed_825e674795e2435c0bc66eb08e5d2c8b":null,"_oembed_time_825e674795e2435c0bc66eb08e5d2c8b":null,"_oembed_e917352ff4cc21ea91383201eeaa08cf":null,"_oembed_2363c16c972791c33e283320dc564fce":null,"_oembed_cc9ad5b5073a84776f6a62e33e6c7498":null,"_oembed_time_cc9ad5b5073a84776f6a62e33e6c7498":null,"_oembed_305147fcf4b856de518466e695c209cd":null,"_oembed_8517a877084ae01a5296813ee1d16a2b":null,"_oembed_2741f1556b243e68379198f98ba7f864":null,"_oembed_c3ffa24981451396c950ece2129da0f6":null,"_oembed_6f9091ebe2f3f5fcb5698ba6f4b41477":null,"_wp_old_slug":null,"_oembed_e4fb0f68ba12b85e9e231afe151ba12a":null,"_oembed_3c60e98bd703e617e67f5bbb3b97424d":null,"_oembed_bb060374498dcf40cb6068efe4be87e1":null,"_oembed_d0403e1e71c3a29020bd546b159480f1":null,"_oembed_b030ff17fbbbf8661c59c2ab8ff289eb":null,"_oembed_5cec699ba0631c6c0e4ba4f6af5f228e":null,"_oembed_b06a67f278b90cf4e8dd17cb12fe67b0":null,"_oembed_8e190e4fea2256f17420434651556236":null,"_oembed_b5ded119f1337916a0fc64d2ad85c95f":null,"_oembed_d9364a7a81be31c01415da2c50a48932":null,"_oembed_738cafa36d51a58e5ae3e458aa8f7584":null,"_oembed_ebcab5184b6b321b28efbcbec079859b":null,"_oembed_3dd9e35c2b7b268070e74da5b89cf937":null,"_oembed_e14b167b493e311a1c4e2aab38a463e8":null,"_oembed_dc8f7d108b38f3f0c2e0785b8bc46cae":null,"_oembed_55cf1c5142884afed312c2666bf27520":null,"_oembed_2292333bf03a956b4b61afafeff6bca0":null,"_oembed_82a986a6b900856fec23169de03a0038":null,"_oembed_4048ded025352b83569104210074165a":null,"_oembed_033b42b1af757abc39e4487233cee7f5":null,"_oembed_aec1d50f2b159366be8e37e94b201be1":null,"_oembed_0adc8480b2fcadf9a1733f572ce3d3f8":null,"_yoast_wpseo_title":null,"_yoast_wpseo_focuskw":null,"_yoast_wpseo_linkdex":null,"_yoast_wpseo_metadesc":null,"_yoast_wpseo_wordproof_timestamp":null,"_tpl_archive_meta_key":null,"_form":null,"_mail":null,"_mail_2":null,"_messages":null,"_additional_settings":null,"_locale":null,"_wp_old_date":null,"_edit_last":"5","_wpb_vc_js_status":"false","_yoast_wpseo_estimated-reading-time-minutes":"2","_edit_lock":"1691094404:5","_yoast_wpseo_content_score":"30","yoast_head":"<!-- This site is optimized with the Yoast SEO plugin v24.3 - https:\/\/yoast.com\/wordpress\/plugins\/seo\/ -->\n<title>Traiter efficacement les bruits ext\u00e9rieurs - La Maison naturelle | Blog<\/title>\n<meta name=\"robots\" content=\"index, follow, max-snippet:-1, max-image-preview:large, max-video-preview:-1\" \/>\n<link rel=\"canonical\" href=\"https:\/\/www.la-maison-naturelle.com\/blog\/traiter-efficacement-les-bruits-exterieurs\/\" \/>\n<meta property=\"og:locale\" content=\"fr_FR\" \/>\n<meta property=\"og:type\" content=\"article\" \/>\n<meta property=\"og:title\" content=\"Traiter efficacement les bruits ext\u00e9rieurs - La Maison naturelle | Blog\" \/>\n<meta property=\"og:description\" content=\"L&rsquo;isolation contre les bruits ext\u00e9rieurs garantit le confort au sein d&rsquo;un logement. Outre le confort acoustique, il est toutefois important de consid\u00e9rer \u00e9galement la n\u00e9cessit\u00e9 d&rsquo;une ventilation efficace. Rep\u00e9rer les points faibles sur les fa\u00e7ades lourdes Sur les fa\u00e7ades lourdes, les fen\u00eatres constituent les principales sources de nuisance sonore. Les briques pleines, les pierres et [&hellip;]\" \/>\n<meta property=\"og:url\" content=\"https:\/\/www.la-maison-naturelle.com\/blog\/traiter-efficacement-les-bruits-exterieurs\/\" \/>\n<meta property=\"og:site_name\" content=\"La Maison naturelle | Blog\" \/>\n<meta property=\"article:published_time\" content=\"2015-05-24T16:18:58+00:00\" \/>\n<meta property=\"article:modified_time\" content=\"2023-08-03T20:26:43+00:00\" \/>\n<meta name=\"author\" content=\"Eloise\" \/>\n<meta name=\"twitter:card\" content=\"summary_large_image\" \/>\n<meta name=\"twitter:label1\" content=\"\u00c9crit par\" \/>\n\t<meta name=\"twitter:data1\" content=\"Eloise\" \/>\n\t<meta name=\"twitter:label2\" content=\"Dur\u00e9e de lecture estim\u00e9e\" \/>\n\t<meta name=\"twitter:data2\" content=\"2 minutes\" \/>\n<script type=\"application\/ld+json\" class=\"yoast-schema-graph\">{\"@context\":\"https:\/\/schema.org\",\"@graph\":[{\"@type\":\"Article\",\"@id\":\"https:\/\/www.la-maison-naturelle.com\/blog\/traiter-efficacement-les-bruits-exterieurs\/#article\",\"isPartOf\":{\"@id\":\"https:\/\/www.la-maison-naturelle.com\/blog\/traiter-efficacement-les-bruits-exterieurs\/\"},\"author\":{\"name\":\"Eloise\",\"@id\":\"https:\/\/www.la-maison-naturelle.com\/blog\/#\/schema\/person\/cad2a9ed80410189f0688441d546d43f\"},\"headline\":\"Traiter efficacement les bruits ext\u00e9rieurs\",\"datePublished\":\"2015-05-24T16:18:58+00:00\",\"dateModified\":\"2023-08-03T20:26:43+00:00\",\"mainEntityOfPage\":{\"@id\":\"https:\/\/www.la-maison-naturelle.com\/blog\/traiter-efficacement-les-bruits-exterieurs\/\"},\"wordCount\":465,\"commentCount\":0,\"publisher\":{\"@id\":\"https:\/\/www.la-maison-naturelle.com\/blog\/#organization\"},\"articleSection\":[\"Les fiches pratiques\"],\"inLanguage\":\"fr-FR\",\"potentialAction\":[{\"@type\":\"CommentAction\",\"name\":\"Comment\",\"target\":[\"https:\/\/www.la-maison-naturelle.com\/blog\/traiter-efficacement-les-bruits-exterieurs\/#respond\"]}]},{\"@type\":\"WebPage\",\"@id\":\"https:\/\/www.la-maison-naturelle.com\/blog\/traiter-efficacement-les-bruits-exterieurs\/\",\"url\":\"https:\/\/www.la-maison-naturelle.com\/blog\/traiter-efficacement-les-bruits-exterieurs\/\",\"name\":\"Traiter efficacement les bruits ext\u00e9rieurs - La Maison naturelle | Blog\",\"isPartOf\":{\"@id\":\"https:\/\/www.la-maison-naturelle.com\/blog\/#website\"},\"datePublished\":\"2015-05-24T16:18:58+00:00\",\"dateModified\":\"2023-08-03T20:26:43+00:00\",\"breadcrumb\":{\"@id\":\"https:\/\/www.la-maison-naturelle.com\/blog\/traiter-efficacement-les-bruits-exterieurs\/#breadcrumb\"},\"inLanguage\":\"fr-FR\",\"potentialAction\":[{\"@type\":\"ReadAction\",\"target\":[\"https:\/\/www.la-maison-naturelle.com\/blog\/traiter-efficacement-les-bruits-exterieurs\/\"]}]},{\"@type\":\"BreadcrumbList\",\"@id\":\"https:\/\/www.la-maison-naturelle.com\/blog\/traiter-efficacement-les-bruits-exterieurs\/#breadcrumb\",\"itemListElement\":[{\"@type\":\"ListItem\",\"position\":1,\"name\":\"Accueil\",\"item\":\"https:\/\/www.la-maison-naturelle.com\/blog\/\"},{\"@type\":\"ListItem\",\"position\":2,\"name\":\"Traiter efficacement les bruits ext\u00e9rieurs\"}]},{\"@type\":\"WebSite\",\"@id\":\"https:\/\/www.la-maison-naturelle.com\/blog\/#website\",\"url\":\"https:\/\/www.la-maison-naturelle.com\/blog\/\",\"name\":\"La Maison naturelle | Blog\",\"description\":\"Blog de la Maison naturelle\",\"publisher\":{\"@id\":\"https:\/\/www.la-maison-naturelle.com\/blog\/#organization\"},\"potentialAction\":[{\"@type\":\"SearchAction\",\"target\":{\"@type\":\"EntryPoint\",\"urlTemplate\":\"https:\/\/www.la-maison-naturelle.com\/blog\/?s={search_term_string}\"},\"query-input\":{\"@type\":\"PropertyValueSpecification\",\"valueRequired\":true,\"valueName\":\"search_term_string\"}}],\"inLanguage\":\"fr-FR\"},{\"@type\":\"Organization\",\"@id\":\"https:\/\/www.la-maison-naturelle.com\/blog\/#organization\",\"name\":\"La Maison naturelle | Blog\",\"url\":\"https:\/\/www.la-maison-naturelle.com\/blog\/\",\"logo\":{\"@type\":\"ImageObject\",\"inLanguage\":\"fr-FR\",\"@id\":\"https:\/\/www.la-maison-naturelle.com\/blog\/#\/schema\/logo\/image\/\",\"url\":\"https:\/\/www.la-maison-naturelle.com\/blog\/wp-content\/uploads\/2021\/07\/maison-naturelle-logo.svg\",\"contentUrl\":\"https:\/\/www.la-maison-naturelle.com\/blog\/wp-content\/uploads\/2021\/07\/maison-naturelle-logo.svg\",\"width\":156,\"height\":64,\"caption\":\"La Maison naturelle | Blog\"},\"image\":{\"@id\":\"https:\/\/www.la-maison-naturelle.com\/blog\/#\/schema\/logo\/image\/\"}},{\"@type\":\"Person\",\"@id\":\"https:\/\/www.la-maison-naturelle.com\/blog\/#\/schema\/person\/cad2a9ed80410189f0688441d546d43f\",\"name\":\"Eloise\",\"image\":{\"@type\":\"ImageObject\",\"inLanguage\":\"fr-FR\",\"@id\":\"https:\/\/www.la-maison-naturelle.com\/blog\/#\/schema\/person\/image\/\",\"url\":\"https:\/\/secure.gravatar.com\/avatar\/344186806f5e8613d4a2109f3b0228a847a7c0858a8023778c44bdcfc1111df9?s=96&d=mm&r=g\",\"contentUrl\":\"https:\/\/secure.gravatar.com\/avatar\/344186806f5e8613d4a2109f3b0228a847a7c0858a8023778c44bdcfc1111df9?s=96&d=mm&r=g\",\"caption\":\"Eloise\"},\"sameAs\":[\"https:\/\/www.la-maison-naturelle.com\/\"],\"url\":\"https:\/\/www.la-maison-naturelle.com\/blog\/author\/idries\/\"}]}<\/script>\n<!-- \/ Yoast SEO plugin. -->","yoast_head_json":{"title":"Traiter efficacement les bruits ext\u00e9rieurs - La Maison naturelle | Blog","robots":{"index":"index","follow":"follow","max-snippet":"max-snippet:-1","max-image-preview":"max-image-preview:large","max-video-preview":"max-video-preview:-1"},"canonical":"https:\/\/www.la-maison-naturelle.com\/blog\/traiter-efficacement-les-bruits-exterieurs\/","og_locale":"fr_FR","og_type":"article","og_title":"Traiter efficacement les bruits ext\u00e9rieurs - La Maison naturelle | Blog","og_description":"L&rsquo;isolation contre les bruits ext\u00e9rieurs garantit le confort au sein d&rsquo;un logement. Outre le confort acoustique, il est toutefois important de consid\u00e9rer \u00e9galement la n\u00e9cessit\u00e9 d&rsquo;une ventilation efficace. Rep\u00e9rer les points faibles sur les fa\u00e7ades lourdes Sur les fa\u00e7ades lourdes, les fen\u00eatres constituent les principales sources de nuisance sonore. Les briques pleines, les pierres et [&hellip;]","og_url":"https:\/\/www.la-maison-naturelle.com\/blog\/traiter-efficacement-les-bruits-exterieurs\/","og_site_name":"La Maison naturelle | Blog","article_published_time":"2015-05-24T16:18:58+00:00","article_modified_time":"2023-08-03T20:26:43+00:00","author":"Eloise","twitter_card":"summary_large_image","twitter_misc":{"\u00c9crit par":"Eloise","Dur\u00e9e de lecture estim\u00e9e":"2 minutes"},"schema":{"@context":"https:\/\/schema.org","@graph":[{"@type":"Article","@id":"https:\/\/www.la-maison-naturelle.com\/blog\/traiter-efficacement-les-bruits-exterieurs\/#article","isPartOf":{"@id":"https:\/\/www.la-maison-naturelle.com\/blog\/traiter-efficacement-les-bruits-exterieurs\/"},"author":{"name":"Eloise","@id":"https:\/\/www.la-maison-naturelle.com\/blog\/#\/schema\/person\/cad2a9ed80410189f0688441d546d43f"},"headline":"Traiter efficacement les bruits ext\u00e9rieurs","datePublished":"2015-05-24T16:18:58+00:00","dateModified":"2023-08-03T20:26:43+00:00","mainEntityOfPage":{"@id":"https:\/\/www.la-maison-naturelle.com\/blog\/traiter-efficacement-les-bruits-exterieurs\/"},"wordCount":465,"commentCount":0,"publisher":{"@id":"https:\/\/www.la-maison-naturelle.com\/blog\/#organization"},"articleSection":["Les fiches pratiques"],"inLanguage":"fr-FR","potentialAction":[{"@type":"CommentAction","name":"Comment","target":["https:\/\/www.la-maison-naturelle.com\/blog\/traiter-efficacement-les-bruits-exterieurs\/#respond"]}]},{"@type":"WebPage","@id":"https:\/\/www.la-maison-naturelle.com\/blog\/traiter-efficacement-les-bruits-exterieurs\/","url":"https:\/\/www.la-maison-naturelle.com\/blog\/traiter-efficacement-les-bruits-exterieurs\/","name":"Traiter efficacement les bruits ext\u00e9rieurs - La Maison naturelle | Blog","isPartOf":{"@id":"https:\/\/www.la-maison-naturelle.com\/blog\/#website"},"datePublished":"2015-05-24T16:18:58+00:00","dateModified":"2023-08-03T20:26:43+00:00","breadcrumb":{"@id":"https:\/\/www.la-maison-naturelle.com\/blog\/traiter-efficacement-les-bruits-exterieurs\/#breadcrumb"},"inLanguage":"fr-FR","potentialAction":[{"@type":"ReadAction","target":["https:\/\/www.la-maison-naturelle.com\/blog\/traiter-efficacement-les-bruits-exterieurs\/"]}]},{"@type":"BreadcrumbList","@id":"https:\/\/www.la-maison-naturelle.com\/blog\/traiter-efficacement-les-bruits-exterieurs\/#breadcrumb","itemListElement":[{"@type":"ListItem","position":1,"name":"Accueil","item":"https:\/\/www.la-maison-naturelle.com\/blog\/"},{"@type":"ListItem","position":2,"name":"Traiter efficacement les bruits ext\u00e9rieurs"}]},{"@type":"WebSite","@id":"https:\/\/www.la-maison-naturelle.com\/blog\/#website","url":"https:\/\/www.la-maison-naturelle.com\/blog\/","name":"La Maison naturelle | Blog","description":"Blog de la Maison naturelle","publisher":{"@id":"https:\/\/www.la-maison-naturelle.com\/blog\/#organization"},"potentialAction":[{"@type":"SearchAction","target":{"@type":"EntryPoint","urlTemplate":"https:\/\/www.la-maison-naturelle.com\/blog\/?s={search_term_string}"},"query-input":{"@type":"PropertyValueSpecification","valueRequired":true,"valueName":"search_term_string"}}],"inLanguage":"fr-FR"},{"@type":"Organization","@id":"https:\/\/www.la-maison-naturelle.com\/blog\/#organization","name":"La Maison naturelle | Blog","url":"https:\/\/www.la-maison-naturelle.com\/blog\/","logo":{"@type":"ImageObject","inLanguage":"fr-FR","@id":"https:\/\/www.la-maison-naturelle.com\/blog\/#\/schema\/logo\/image\/","url":"https:\/\/www.la-maison-naturelle.com\/blog\/wp-content\/uploads\/2021\/07\/maison-naturelle-logo.svg","contentUrl":"https:\/\/www.la-maison-naturelle.com\/blog\/wp-content\/uploads\/2021\/07\/maison-naturelle-logo.svg","width":156,"height":64,"caption":"La Maison naturelle | Blog"},"image":{"@id":"https:\/\/www.la-maison-naturelle.com\/blog\/#\/schema\/logo\/image\/"}},{"@type":"Person","@id":"https:\/\/www.la-maison-naturelle.com\/blog\/#\/schema\/person\/cad2a9ed80410189f0688441d546d43f","name":"Eloise","image":{"@type":"ImageObject","inLanguage":"fr-FR","@id":"https:\/\/www.la-maison-naturelle.com\/blog\/#\/schema\/person\/image\/","url":"https:\/\/secure.gravatar.com\/avatar\/344186806f5e8613d4a2109f3b0228a847a7c0858a8023778c44bdcfc1111df9?s=96&d=mm&r=g","contentUrl":"https:\/\/secure.gravatar.com\/avatar\/344186806f5e8613d4a2109f3b0228a847a7c0858a8023778c44bdcfc1111df9?s=96&d=mm&r=g","caption":"Eloise"},"sameAs":["https:\/\/www.la-maison-naturelle.com\/"],"url":"https:\/\/www.la-maison-naturelle.com\/blog\/author\/idries\/"}]}},"_links":{"self":[{"href":"https:\/\/www.la-maison-naturelle.com\/blog\/wp-json\/wp\/v2\/posts\/2759","targetHints":{"allow":["GET"]}}],"collection":[{"href":"https:\/\/www.la-maison-naturelle.com\/blog\/wp-json\/wp\/v2\/posts"}],"about":[{"href":"https:\/\/www.la-maison-naturelle.com\/blog\/wp-json\/wp\/v2\/types\/post"}],"author":[{"embeddable":true,"href":"https:\/\/www.la-maison-naturelle.com\/blog\/wp-json\/wp\/v2\/users\/5"}],"replies":[{"embeddable":true,"href":"https:\/\/www.la-maison-naturelle.com\/blog\/wp-json\/wp\/v2\/comments?post=2759"}],"version-history":[{"count":2,"href":"https:\/\/www.la-maison-naturelle.com\/blog\/wp-json\/wp\/v2\/posts\/2759\/revisions"}],"predecessor-version":[{"id":5360,"href":"https:\/\/www.la-maison-naturelle.com\/blog\/wp-json\/wp\/v2\/posts\/2759\/revisions\/5360"}],"wp:attachment":[{"href":"https:\/\/www.la-maison-naturelle.com\/blog\/wp-json\/wp\/v2\/media?parent=2759"}],"wp:term":[{"taxonomy":"category","embeddable":true,"href":"https:\/\/www.la-maison-naturelle.com\/blog\/wp-json\/wp\/v2\/categories?post=2759"},{"taxonomy":"post_tag","embeddable":true,"href":"https:\/\/www.la-maison-naturelle.com\/blog\/wp-json\/wp\/v2\/tags?post=2759"}],"curies":[{"name":"wp","href":"https:\/\/api.w.org\/{rel}","templated":true}]}}