{"id":2678,"date":"2022-07-24T17:58:59","date_gmt":"2022-07-24T15:58:59","guid":{"rendered":"https:\/\/www.la-maison-naturelle.com\/blog\/?p=2678"},"modified":"2022-09-14T11:44:44","modified_gmt":"2022-09-14T09:44:44","slug":"ameliorer-l-isolation-phonique-dans-l-existant","status":"publish","type":"post","link":"https:\/\/www.la-maison-naturelle.com\/blog\/ameliorer-l-isolation-phonique-dans-l-existant\/","title":{"rendered":"Am\u00e9liorer l&rsquo;isolation phonique dans l&rsquo;existant"},"content":{"rendered":"<p>L\u2019isolation phonique fait partie des travaux de r\u00e9novation au centre des pr\u00e9occupations des propri\u00e9taires d\u2019un b\u00e2timent ancien. En plus d\u2019am\u00e9liorer le confort acoustique en int\u00e9rieur, cette isolation permet \u00e9galement au b\u00e2timent de respecter les r\u00e8glementations phoniques en vigueur.<\/p>\n<h2>Faire un premier diagnostic<\/h2>\n<p>L\u2019isolation phonique est un proc\u00e9d\u00e9 qui consiste \u00e0 am\u00e9liorer le confort acoustique d\u2019une pi\u00e8ce et d\u2019une maison en g\u00e9n\u00e9ral. Comme il s\u2019agit d\u2019une s\u00e9rie de travaux qui n\u00e9cessite une r\u00e9novation de la construction existante, il est donc vivement conseill\u00e9 de faire appel aux services d\u2019un professionnel. Mais avant d\u2019entamer ce type de travaux, il est essentiel de proc\u00e9der \u00e0 un premier diagnostic pour \u00e9tablir l\u2019\u00e9tat des lieux. Cette \u00e9tude devra \u00eatre effectu\u00e9e par un acousticien qualifi\u00e9. Il d\u00e9terminera ainsi la nature des bruits \u00e0 att\u00e9nuer, leur intensit\u00e9 et leur propagation. Il indiquera \u00e9galement les parois les plus touch\u00e9es par ces nuisances sonores. L\u2019acousticien proposera alors les solutions permettant d\u2019att\u00e9nuer ces g\u00eanes sonores. Il est important de prendre en compte qu&rsquo;en isolant phoniquement la carapace ext\u00e9rieure de l&rsquo;habitation, les bruits int\u00e9rieurs deviendront plus pr\u00e9sents, voir plus g\u00e9nants.<\/p>\n<h2>Les r\u00e8glementations \u00e0 respecter<\/h2>\n<p>Avant de proc\u00e9der \u00e0 l\u2019isolation phonique d\u2019un b\u00e2timent ancien, il faut imp\u00e9rativement s\u2019informer sur les r\u00e8glementations en vigueur qui s\u2019appliquent \u00e0 la construction concern\u00e9e. En effet, seule la date de construction du b\u00e2timent d\u00e9termine les normes \u00e0 respecter en termes d\u2019isolation phonique. Si la construction a \u00e9t\u00e9 mise sur pied avant 1970, <a href=\"https:\/\/www.la-maison-naturelle.com\/3044-isolation-phonique-acoustique\">l\u2019isolation phonique<\/a> ne sera soumise \u00e0 aucune r\u00e9glementation et l\u2019isolation thermique rapport\u00e9e, eventuellement en <a href=\"https:\/\/www.la-maison-naturelle.com\/4365-liege-expanse-en-panneau\" data-internallinksmanager029f6b8e52c=\"3\" title=\"plaque de li\u00e8ge\">li\u00e8ge expans\u00e9<\/a>, permettra d\u2019am\u00e9liorer le confort acoustique d\u2019une maison dans le m\u00eame geste technique. Par contre, si la construction a \u00e9t\u00e9 effectu\u00e9e entre 1970 et 1995, elle devra respecter les dispositions de la r\u00e9glementation en date du 14 juin 1969. Enfin, si la maison \u00e0 r\u00e9nover a \u00e9t\u00e9 b\u00e2tie apr\u00e8s 1995, elle devra respecter un minimum d\u2019isolement de 30 dB.<\/p>\n<h2>L\u2019ex\u00e9cution de l\u2019isolation phonique en fonction du bruit \u00e0 att\u00e9nuer<\/h2>\n<p>Les travaux d\u2019isolation acoustique varient en fonction du type de bruits \u00e0 att\u00e9nuer. Pour att\u00e9nuer les bruits a\u00e9riens ext\u00e9rieurs, il est plus pratique d\u2019installer des fen\u00eatres dont le vitrage est dot\u00e9 d\u2019une haute performance acoustique. Par contre, le choix de mat\u00e9riaux plus acoustiquement performants \u00e0 installer sur les murs et les parois sera id\u00e9al pour r\u00e9soudre le probl\u00e8me des bruits a\u00e9riens int\u00e9rieurs. Pour \u00e9viter les nuisances sonores a\u00e9riennes produites par les chocs, mieux vaut proc\u00e9der \u00e0 l\u2019isolation phonique des planchers, des chapes ou des dalles flottantes. Dans tous les cas, il est toujours pr\u00e9f\u00e9rable d\u2019opter pour des mat\u00e9riaux certifi\u00e9s et r\u00e9put\u00e9s pour leur performance acoustique. Choisissez par exemple pour les produits certifi\u00e9s CEKAL ou ACOTHERM ou les produits dont les performances acoustiques sont reconnues par des autorit\u00e9s comp\u00e9tentes.<\/p>\n","protected":false},"excerpt":{"rendered":"<p>L\u2019isolation phonique fait partie des travaux de r\u00e9novation au centre des pr\u00e9occupations des propri\u00e9taires d\u2019un b\u00e2timent ancien. En plus d\u2019am\u00e9liorer le confort acoustique en int\u00e9rieur, cette isolation permet \u00e9galement au b\u00e2timent de respecter les r\u00e8glementations phoniques en vigueur. Faire un premier diagnostic L\u2019isolation phonique est un proc\u00e9d\u00e9 qui consiste \u00e0 am\u00e9liorer le confort acoustique d\u2019une [&hellip;]<\/p>\n","protected":false},"author":5,"featured_media":3807,"comment_status":"open","ping_status":"open","sticky":false,"template":"","format":"standard","meta":{"footnotes":""},"categories":[6],"tags":[],"class_list":["post-2678","post","type-post","status-publish","format-standard","has-post-thumbnail","hentry","category-les-dossiers"],"_wp_attached_file":null,"_wp_attachment_metadata":null,"_wp_attachment_context":null,"_wp_attachment_image_alt":null,"_hf_settings":null,"hf_message_success":null,"hf_message_invalid_email":null,"hf_message_required_field_missing":null,"hf_message_error":null,"_menu_item_type":null,"_menu_item_menu_item_parent":null,"_menu_item_object_id":null,"_menu_item_object":null,"_menu_item_target":null,"_menu_item_classes":null,"_menu_item_xfn":null,"_menu_item_url":null,"_yoast_wpseo_primary_category":"6","_thumbnail_id":"3807","_oembed_26d84b2c06432105b0a19987ae029a71":null,"_oembed_43e9e2dfde1b9b4ed91c9711026b7ef9":null,"_oembed_1fe1564764edbddc3b61e81acf52be88":null,"_oembed_df60f474cd845141e7ce6596d101e4a0":null,"_oembed_825e674795e2435c0bc66eb08e5d2c8b":null,"_oembed_time_825e674795e2435c0bc66eb08e5d2c8b":null,"_oembed_e917352ff4cc21ea91383201eeaa08cf":null,"_oembed_2363c16c972791c33e283320dc564fce":null,"_oembed_cc9ad5b5073a84776f6a62e33e6c7498":null,"_oembed_time_cc9ad5b5073a84776f6a62e33e6c7498":null,"_oembed_305147fcf4b856de518466e695c209cd":null,"_oembed_8517a877084ae01a5296813ee1d16a2b":null,"_oembed_2741f1556b243e68379198f98ba7f864":null,"_oembed_c3ffa24981451396c950ece2129da0f6":null,"_oembed_6f9091ebe2f3f5fcb5698ba6f4b41477":null,"_wp_old_slug":null,"_oembed_e4fb0f68ba12b85e9e231afe151ba12a":null,"_oembed_3c60e98bd703e617e67f5bbb3b97424d":null,"_oembed_bb060374498dcf40cb6068efe4be87e1":null,"_oembed_d0403e1e71c3a29020bd546b159480f1":null,"_oembed_b030ff17fbbbf8661c59c2ab8ff289eb":null,"_oembed_5cec699ba0631c6c0e4ba4f6af5f228e":null,"_oembed_b06a67f278b90cf4e8dd17cb12fe67b0":null,"_oembed_8e190e4fea2256f17420434651556236":null,"_oembed_b5ded119f1337916a0fc64d2ad85c95f":null,"_oembed_d9364a7a81be31c01415da2c50a48932":null,"_oembed_738cafa36d51a58e5ae3e458aa8f7584":null,"_oembed_ebcab5184b6b321b28efbcbec079859b":null,"_oembed_3dd9e35c2b7b268070e74da5b89cf937":null,"_oembed_e14b167b493e311a1c4e2aab38a463e8":null,"_oembed_dc8f7d108b38f3f0c2e0785b8bc46cae":null,"_oembed_55cf1c5142884afed312c2666bf27520":null,"_oembed_2292333bf03a956b4b61afafeff6bca0":null,"_oembed_82a986a6b900856fec23169de03a0038":null,"_oembed_4048ded025352b83569104210074165a":null,"_oembed_033b42b1af757abc39e4487233cee7f5":null,"_oembed_aec1d50f2b159366be8e37e94b201be1":null,"_oembed_0adc8480b2fcadf9a1733f572ce3d3f8":null,"_yoast_wpseo_title":null,"_yoast_wpseo_focuskw":null,"_yoast_wpseo_linkdex":null,"_yoast_wpseo_metadesc":null,"_yoast_wpseo_wordproof_timestamp":null,"_tpl_archive_meta_key":null,"_form":null,"_mail":null,"_mail_2":null,"_messages":null,"_additional_settings":null,"_locale":null,"_wp_old_date":null,"_edit_last":"5","_wpb_vc_js_status":"false","_yoast_wpseo_estimated-reading-time-minutes":"2","_edit_lock":"1661526152:5","_yoast_wpseo_content_score":"30","yoast_head":"<!-- This site is optimized with the Yoast SEO plugin v24.3 - https:\/\/yoast.com\/wordpress\/plugins\/seo\/ -->\n<title>Am\u00e9liorer l&#039;isolation phonique dans l&#039;existant - La Maison naturelle | Blog<\/title>\n<meta name=\"robots\" content=\"index, follow, max-snippet:-1, max-image-preview:large, max-video-preview:-1\" \/>\n<link rel=\"canonical\" href=\"https:\/\/www.la-maison-naturelle.com\/blog\/ameliorer-l-isolation-phonique-dans-l-existant\/\" \/>\n<meta property=\"og:locale\" content=\"fr_FR\" \/>\n<meta property=\"og:type\" content=\"article\" \/>\n<meta property=\"og:title\" content=\"Am\u00e9liorer l&#039;isolation phonique dans l&#039;existant - La Maison naturelle | Blog\" \/>\n<meta property=\"og:description\" content=\"L\u2019isolation phonique fait partie des travaux de r\u00e9novation au centre des pr\u00e9occupations des propri\u00e9taires d\u2019un b\u00e2timent ancien. En plus d\u2019am\u00e9liorer le confort acoustique en int\u00e9rieur, cette isolation permet \u00e9galement au b\u00e2timent de respecter les r\u00e8glementations phoniques en vigueur. Faire un premier diagnostic L\u2019isolation phonique est un proc\u00e9d\u00e9 qui consiste \u00e0 am\u00e9liorer le confort acoustique d\u2019une [&hellip;]\" \/>\n<meta property=\"og:url\" content=\"https:\/\/www.la-maison-naturelle.com\/blog\/ameliorer-l-isolation-phonique-dans-l-existant\/\" \/>\n<meta property=\"og:site_name\" content=\"La Maison naturelle | Blog\" \/>\n<meta property=\"article:published_time\" content=\"2022-07-24T15:58:59+00:00\" \/>\n<meta property=\"article:modified_time\" content=\"2022-09-14T09:44:44+00:00\" \/>\n<meta property=\"og:image\" content=\"https:\/\/www.la-maison-naturelle.com\/blog\/wp-content\/uploads\/2022\/08\/isolation-thermique-sous-toiture-nancy-toul-luneville.webp\" \/>\n\t<meta property=\"og:image:width\" content=\"797\" \/>\n\t<meta property=\"og:image:height\" content=\"600\" \/>\n\t<meta property=\"og:image:type\" content=\"image\/webp\" \/>\n<meta name=\"author\" content=\"Eloise\" \/>\n<meta name=\"twitter:card\" content=\"summary_large_image\" \/>\n<meta name=\"twitter:label1\" content=\"\u00c9crit par\" \/>\n\t<meta name=\"twitter:data1\" content=\"Eloise\" \/>\n\t<meta name=\"twitter:label2\" content=\"Dur\u00e9e de lecture estim\u00e9e\" \/>\n\t<meta name=\"twitter:data2\" content=\"2 minutes\" \/>\n<script type=\"application\/ld+json\" class=\"yoast-schema-graph\">{\"@context\":\"https:\/\/schema.org\",\"@graph\":[{\"@type\":\"Article\",\"@id\":\"https:\/\/www.la-maison-naturelle.com\/blog\/ameliorer-l-isolation-phonique-dans-l-existant\/#article\",\"isPartOf\":{\"@id\":\"https:\/\/www.la-maison-naturelle.com\/blog\/ameliorer-l-isolation-phonique-dans-l-existant\/\"},\"author\":{\"name\":\"Eloise\",\"@id\":\"https:\/\/www.la-maison-naturelle.com\/blog\/#\/schema\/person\/cad2a9ed80410189f0688441d546d43f\"},\"headline\":\"Am\u00e9liorer l&rsquo;isolation phonique dans l&rsquo;existant\",\"datePublished\":\"2022-07-24T15:58:59+00:00\",\"dateModified\":\"2022-09-14T09:44:44+00:00\",\"mainEntityOfPage\":{\"@id\":\"https:\/\/www.la-maison-naturelle.com\/blog\/ameliorer-l-isolation-phonique-dans-l-existant\/\"},\"wordCount\":531,\"commentCount\":0,\"publisher\":{\"@id\":\"https:\/\/www.la-maison-naturelle.com\/blog\/#organization\"},\"image\":{\"@id\":\"https:\/\/www.la-maison-naturelle.com\/blog\/ameliorer-l-isolation-phonique-dans-l-existant\/#primaryimage\"},\"thumbnailUrl\":\"https:\/\/www.la-maison-naturelle.com\/blog\/wp-content\/uploads\/2022\/08\/isolation-thermique-sous-toiture-nancy-toul-luneville.webp\",\"articleSection\":[\"Les dossiers\"],\"inLanguage\":\"fr-FR\",\"potentialAction\":[{\"@type\":\"CommentAction\",\"name\":\"Comment\",\"target\":[\"https:\/\/www.la-maison-naturelle.com\/blog\/ameliorer-l-isolation-phonique-dans-l-existant\/#respond\"]}]},{\"@type\":\"WebPage\",\"@id\":\"https:\/\/www.la-maison-naturelle.com\/blog\/ameliorer-l-isolation-phonique-dans-l-existant\/\",\"url\":\"https:\/\/www.la-maison-naturelle.com\/blog\/ameliorer-l-isolation-phonique-dans-l-existant\/\",\"name\":\"Am\u00e9liorer l'isolation phonique dans l'existant - La Maison naturelle | Blog\",\"isPartOf\":{\"@id\":\"https:\/\/www.la-maison-naturelle.com\/blog\/#website\"},\"primaryImageOfPage\":{\"@id\":\"https:\/\/www.la-maison-naturelle.com\/blog\/ameliorer-l-isolation-phonique-dans-l-existant\/#primaryimage\"},\"image\":{\"@id\":\"https:\/\/www.la-maison-naturelle.com\/blog\/ameliorer-l-isolation-phonique-dans-l-existant\/#primaryimage\"},\"thumbnailUrl\":\"https:\/\/www.la-maison-naturelle.com\/blog\/wp-content\/uploads\/2022\/08\/isolation-thermique-sous-toiture-nancy-toul-luneville.webp\",\"datePublished\":\"2022-07-24T15:58:59+00:00\",\"dateModified\":\"2022-09-14T09:44:44+00:00\",\"breadcrumb\":{\"@id\":\"https:\/\/www.la-maison-naturelle.com\/blog\/ameliorer-l-isolation-phonique-dans-l-existant\/#breadcrumb\"},\"inLanguage\":\"fr-FR\",\"potentialAction\":[{\"@type\":\"ReadAction\",\"target\":[\"https:\/\/www.la-maison-naturelle.com\/blog\/ameliorer-l-isolation-phonique-dans-l-existant\/\"]}]},{\"@type\":\"ImageObject\",\"inLanguage\":\"fr-FR\",\"@id\":\"https:\/\/www.la-maison-naturelle.com\/blog\/ameliorer-l-isolation-phonique-dans-l-existant\/#primaryimage\",\"url\":\"https:\/\/www.la-maison-naturelle.com\/blog\/wp-content\/uploads\/2022\/08\/isolation-thermique-sous-toiture-nancy-toul-luneville.webp\",\"contentUrl\":\"https:\/\/www.la-maison-naturelle.com\/blog\/wp-content\/uploads\/2022\/08\/isolation-thermique-sous-toiture-nancy-toul-luneville.webp\",\"width\":797,\"height\":600},{\"@type\":\"BreadcrumbList\",\"@id\":\"https:\/\/www.la-maison-naturelle.com\/blog\/ameliorer-l-isolation-phonique-dans-l-existant\/#breadcrumb\",\"itemListElement\":[{\"@type\":\"ListItem\",\"position\":1,\"name\":\"Accueil\",\"item\":\"https:\/\/www.la-maison-naturelle.com\/blog\/\"},{\"@type\":\"ListItem\",\"position\":2,\"name\":\"Am\u00e9liorer l&rsquo;isolation phonique dans l&rsquo;existant\"}]},{\"@type\":\"WebSite\",\"@id\":\"https:\/\/www.la-maison-naturelle.com\/blog\/#website\",\"url\":\"https:\/\/www.la-maison-naturelle.com\/blog\/\",\"name\":\"La Maison naturelle | Blog\",\"description\":\"Blog de la Maison naturelle\",\"publisher\":{\"@id\":\"https:\/\/www.la-maison-naturelle.com\/blog\/#organization\"},\"potentialAction\":[{\"@type\":\"SearchAction\",\"target\":{\"@type\":\"EntryPoint\",\"urlTemplate\":\"https:\/\/www.la-maison-naturelle.com\/blog\/?s={search_term_string}\"},\"query-input\":{\"@type\":\"PropertyValueSpecification\",\"valueRequired\":true,\"valueName\":\"search_term_string\"}}],\"inLanguage\":\"fr-FR\"},{\"@type\":\"Organization\",\"@id\":\"https:\/\/www.la-maison-naturelle.com\/blog\/#organization\",\"name\":\"La Maison naturelle | Blog\",\"url\":\"https:\/\/www.la-maison-naturelle.com\/blog\/\",\"logo\":{\"@type\":\"ImageObject\",\"inLanguage\":\"fr-FR\",\"@id\":\"https:\/\/www.la-maison-naturelle.com\/blog\/#\/schema\/logo\/image\/\",\"url\":\"https:\/\/www.la-maison-naturelle.com\/blog\/wp-content\/uploads\/2021\/07\/maison-naturelle-logo.svg\",\"contentUrl\":\"https:\/\/www.la-maison-naturelle.com\/blog\/wp-content\/uploads\/2021\/07\/maison-naturelle-logo.svg\",\"width\":156,\"height\":64,\"caption\":\"La Maison naturelle | Blog\"},\"image\":{\"@id\":\"https:\/\/www.la-maison-naturelle.com\/blog\/#\/schema\/logo\/image\/\"}},{\"@type\":\"Person\",\"@id\":\"https:\/\/www.la-maison-naturelle.com\/blog\/#\/schema\/person\/cad2a9ed80410189f0688441d546d43f\",\"name\":\"Eloise\",\"image\":{\"@type\":\"ImageObject\",\"inLanguage\":\"fr-FR\",\"@id\":\"https:\/\/www.la-maison-naturelle.com\/blog\/#\/schema\/person\/image\/\",\"url\":\"https:\/\/secure.gravatar.com\/avatar\/344186806f5e8613d4a2109f3b0228a847a7c0858a8023778c44bdcfc1111df9?s=96&d=mm&r=g\",\"contentUrl\":\"https:\/\/secure.gravatar.com\/avatar\/344186806f5e8613d4a2109f3b0228a847a7c0858a8023778c44bdcfc1111df9?s=96&d=mm&r=g\",\"caption\":\"Eloise\"},\"sameAs\":[\"https:\/\/www.la-maison-naturelle.com\/\"],\"url\":\"https:\/\/www.la-maison-naturelle.com\/blog\/author\/idries\/\"}]}<\/script>\n<!-- \/ Yoast SEO plugin. -->","yoast_head_json":{"title":"Am\u00e9liorer l'isolation phonique dans l'existant - La Maison naturelle | Blog","robots":{"index":"index","follow":"follow","max-snippet":"max-snippet:-1","max-image-preview":"max-image-preview:large","max-video-preview":"max-video-preview:-1"},"canonical":"https:\/\/www.la-maison-naturelle.com\/blog\/ameliorer-l-isolation-phonique-dans-l-existant\/","og_locale":"fr_FR","og_type":"article","og_title":"Am\u00e9liorer l'isolation phonique dans l'existant - La Maison naturelle | Blog","og_description":"L\u2019isolation phonique fait partie des travaux de r\u00e9novation au centre des pr\u00e9occupations des propri\u00e9taires d\u2019un b\u00e2timent ancien. En plus d\u2019am\u00e9liorer le confort acoustique en int\u00e9rieur, cette isolation permet \u00e9galement au b\u00e2timent de respecter les r\u00e8glementations phoniques en vigueur. Faire un premier diagnostic L\u2019isolation phonique est un proc\u00e9d\u00e9 qui consiste \u00e0 am\u00e9liorer le confort acoustique d\u2019une [&hellip;]","og_url":"https:\/\/www.la-maison-naturelle.com\/blog\/ameliorer-l-isolation-phonique-dans-l-existant\/","og_site_name":"La Maison naturelle | Blog","article_published_time":"2022-07-24T15:58:59+00:00","article_modified_time":"2022-09-14T09:44:44+00:00","og_image":[{"width":797,"height":600,"url":"https:\/\/www.la-maison-naturelle.com\/blog\/wp-content\/uploads\/2022\/08\/isolation-thermique-sous-toiture-nancy-toul-luneville.webp","type":"image\/webp"}],"author":"Eloise","twitter_card":"summary_large_image","twitter_misc":{"\u00c9crit par":"Eloise","Dur\u00e9e de lecture estim\u00e9e":"2 minutes"},"schema":{"@context":"https:\/\/schema.org","@graph":[{"@type":"Article","@id":"https:\/\/www.la-maison-naturelle.com\/blog\/ameliorer-l-isolation-phonique-dans-l-existant\/#article","isPartOf":{"@id":"https:\/\/www.la-maison-naturelle.com\/blog\/ameliorer-l-isolation-phonique-dans-l-existant\/"},"author":{"name":"Eloise","@id":"https:\/\/www.la-maison-naturelle.com\/blog\/#\/schema\/person\/cad2a9ed80410189f0688441d546d43f"},"headline":"Am\u00e9liorer l&rsquo;isolation phonique dans l&rsquo;existant","datePublished":"2022-07-24T15:58:59+00:00","dateModified":"2022-09-14T09:44:44+00:00","mainEntityOfPage":{"@id":"https:\/\/www.la-maison-naturelle.com\/blog\/ameliorer-l-isolation-phonique-dans-l-existant\/"},"wordCount":531,"commentCount":0,"publisher":{"@id":"https:\/\/www.la-maison-naturelle.com\/blog\/#organization"},"image":{"@id":"https:\/\/www.la-maison-naturelle.com\/blog\/ameliorer-l-isolation-phonique-dans-l-existant\/#primaryimage"},"thumbnailUrl":"https:\/\/www.la-maison-naturelle.com\/blog\/wp-content\/uploads\/2022\/08\/isolation-thermique-sous-toiture-nancy-toul-luneville.webp","articleSection":["Les dossiers"],"inLanguage":"fr-FR","potentialAction":[{"@type":"CommentAction","name":"Comment","target":["https:\/\/www.la-maison-naturelle.com\/blog\/ameliorer-l-isolation-phonique-dans-l-existant\/#respond"]}]},{"@type":"WebPage","@id":"https:\/\/www.la-maison-naturelle.com\/blog\/ameliorer-l-isolation-phonique-dans-l-existant\/","url":"https:\/\/www.la-maison-naturelle.com\/blog\/ameliorer-l-isolation-phonique-dans-l-existant\/","name":"Am\u00e9liorer l'isolation phonique dans l'existant - La Maison naturelle | Blog","isPartOf":{"@id":"https:\/\/www.la-maison-naturelle.com\/blog\/#website"},"primaryImageOfPage":{"@id":"https:\/\/www.la-maison-naturelle.com\/blog\/ameliorer-l-isolation-phonique-dans-l-existant\/#primaryimage"},"image":{"@id":"https:\/\/www.la-maison-naturelle.com\/blog\/ameliorer-l-isolation-phonique-dans-l-existant\/#primaryimage"},"thumbnailUrl":"https:\/\/www.la-maison-naturelle.com\/blog\/wp-content\/uploads\/2022\/08\/isolation-thermique-sous-toiture-nancy-toul-luneville.webp","datePublished":"2022-07-24T15:58:59+00:00","dateModified":"2022-09-14T09:44:44+00:00","breadcrumb":{"@id":"https:\/\/www.la-maison-naturelle.com\/blog\/ameliorer-l-isolation-phonique-dans-l-existant\/#breadcrumb"},"inLanguage":"fr-FR","potentialAction":[{"@type":"ReadAction","target":["https:\/\/www.la-maison-naturelle.com\/blog\/ameliorer-l-isolation-phonique-dans-l-existant\/"]}]},{"@type":"ImageObject","inLanguage":"fr-FR","@id":"https:\/\/www.la-maison-naturelle.com\/blog\/ameliorer-l-isolation-phonique-dans-l-existant\/#primaryimage","url":"https:\/\/www.la-maison-naturelle.com\/blog\/wp-content\/uploads\/2022\/08\/isolation-thermique-sous-toiture-nancy-toul-luneville.webp","contentUrl":"https:\/\/www.la-maison-naturelle.com\/blog\/wp-content\/uploads\/2022\/08\/isolation-thermique-sous-toiture-nancy-toul-luneville.webp","width":797,"height":600},{"@type":"BreadcrumbList","@id":"https:\/\/www.la-maison-naturelle.com\/blog\/ameliorer-l-isolation-phonique-dans-l-existant\/#breadcrumb","itemListElement":[{"@type":"ListItem","position":1,"name":"Accueil","item":"https:\/\/www.la-maison-naturelle.com\/blog\/"},{"@type":"ListItem","position":2,"name":"Am\u00e9liorer l&rsquo;isolation phonique dans l&rsquo;existant"}]},{"@type":"WebSite","@id":"https:\/\/www.la-maison-naturelle.com\/blog\/#website","url":"https:\/\/www.la-maison-naturelle.com\/blog\/","name":"La Maison naturelle | Blog","description":"Blog de la Maison naturelle","publisher":{"@id":"https:\/\/www.la-maison-naturelle.com\/blog\/#organization"},"potentialAction":[{"@type":"SearchAction","target":{"@type":"EntryPoint","urlTemplate":"https:\/\/www.la-maison-naturelle.com\/blog\/?s={search_term_string}"},"query-input":{"@type":"PropertyValueSpecification","valueRequired":true,"valueName":"search_term_string"}}],"inLanguage":"fr-FR"},{"@type":"Organization","@id":"https:\/\/www.la-maison-naturelle.com\/blog\/#organization","name":"La Maison naturelle | Blog","url":"https:\/\/www.la-maison-naturelle.com\/blog\/","logo":{"@type":"ImageObject","inLanguage":"fr-FR","@id":"https:\/\/www.la-maison-naturelle.com\/blog\/#\/schema\/logo\/image\/","url":"https:\/\/www.la-maison-naturelle.com\/blog\/wp-content\/uploads\/2021\/07\/maison-naturelle-logo.svg","contentUrl":"https:\/\/www.la-maison-naturelle.com\/blog\/wp-content\/uploads\/2021\/07\/maison-naturelle-logo.svg","width":156,"height":64,"caption":"La Maison naturelle | Blog"},"image":{"@id":"https:\/\/www.la-maison-naturelle.com\/blog\/#\/schema\/logo\/image\/"}},{"@type":"Person","@id":"https:\/\/www.la-maison-naturelle.com\/blog\/#\/schema\/person\/cad2a9ed80410189f0688441d546d43f","name":"Eloise","image":{"@type":"ImageObject","inLanguage":"fr-FR","@id":"https:\/\/www.la-maison-naturelle.com\/blog\/#\/schema\/person\/image\/","url":"https:\/\/secure.gravatar.com\/avatar\/344186806f5e8613d4a2109f3b0228a847a7c0858a8023778c44bdcfc1111df9?s=96&d=mm&r=g","contentUrl":"https:\/\/secure.gravatar.com\/avatar\/344186806f5e8613d4a2109f3b0228a847a7c0858a8023778c44bdcfc1111df9?s=96&d=mm&r=g","caption":"Eloise"},"sameAs":["https:\/\/www.la-maison-naturelle.com\/"],"url":"https:\/\/www.la-maison-naturelle.com\/blog\/author\/idries\/"}]}},"_links":{"self":[{"href":"https:\/\/www.la-maison-naturelle.com\/blog\/wp-json\/wp\/v2\/posts\/2678","targetHints":{"allow":["GET"]}}],"collection":[{"href":"https:\/\/www.la-maison-naturelle.com\/blog\/wp-json\/wp\/v2\/posts"}],"about":[{"href":"https:\/\/www.la-maison-naturelle.com\/blog\/wp-json\/wp\/v2\/types\/post"}],"author":[{"embeddable":true,"href":"https:\/\/www.la-maison-naturelle.com\/blog\/wp-json\/wp\/v2\/users\/5"}],"replies":[{"embeddable":true,"href":"https:\/\/www.la-maison-naturelle.com\/blog\/wp-json\/wp\/v2\/comments?post=2678"}],"version-history":[{"count":2,"href":"https:\/\/www.la-maison-naturelle.com\/blog\/wp-json\/wp\/v2\/posts\/2678\/revisions"}],"predecessor-version":[{"id":3877,"href":"https:\/\/www.la-maison-naturelle.com\/blog\/wp-json\/wp\/v2\/posts\/2678\/revisions\/3877"}],"wp:featuredmedia":[{"embeddable":true,"href":"https:\/\/www.la-maison-naturelle.com\/blog\/wp-json\/wp\/v2\/media\/3807"}],"wp:attachment":[{"href":"https:\/\/www.la-maison-naturelle.com\/blog\/wp-json\/wp\/v2\/media?parent=2678"}],"wp:term":[{"taxonomy":"category","embeddable":true,"href":"https:\/\/www.la-maison-naturelle.com\/blog\/wp-json\/wp\/v2\/categories?post=2678"},{"taxonomy":"post_tag","embeddable":true,"href":"https:\/\/www.la-maison-naturelle.com\/blog\/wp-json\/wp\/v2\/tags?post=2678"}],"curies":[{"name":"wp","href":"https:\/\/api.w.org\/{rel}","templated":true}]}}