{"id":2676,"date":"2015-05-24T17:58:37","date_gmt":"2015-05-24T15:58:37","guid":{"rendered":"https:\/\/www.la-maison-naturelle.com\/blog\/?p=2676"},"modified":"2023-08-04T20:10:23","modified_gmt":"2023-08-04T18:10:23","slug":"renovation-energetique-la-facade-a-double-peau-prend-place-aux-cotes-de-l-ite","status":"publish","type":"post","link":"https:\/\/www.la-maison-naturelle.com\/blog\/renovation-energetique-la-facade-a-double-peau-prend-place-aux-cotes-de-l-ite\/","title":{"rendered":"R\u00e9novation \u00e9nerg\u00e9tique : la fa\u00e7ade \u00e0 double peau prend place aux c\u00f4t\u00e9s de l&rsquo;ITE"},"content":{"rendered":"<table style=\" width=\"100%\",max-width=\"839\">\n<tbody>\n<tr>\n<td colspan=\"3\"><a href=\"https:\/\/www.la-maison-naturelle.com\/\"><img decoding=\"async\" class=\"wp-image-5568 aligncenter\" src=\"https:\/\/www.la-maison-naturelle.com\/blog\/wp-content\/uploads\/2012\/05\/Dark-Green-and-Gray-Professional-and-Clean-E-Commerce-Email-Header-300x35.png\" alt=\"\" width=\"839\" srcset=\"https:\/\/www.la-maison-naturelle.com\/blog\/wp-content\/uploads\/2012\/05\/Dark-Green-and-Gray-Professional-and-Clean-E-Commerce-Email-Header-300x35.png 300w, https:\/\/www.la-maison-naturelle.com\/blog\/wp-content\/uploads\/2012\/05\/Dark-Green-and-Gray-Professional-and-Clean-E-Commerce-Email-Header-1024x119.png 1024w, https:\/\/www.la-maison-naturelle.com\/blog\/wp-content\/uploads\/2012\/05\/Dark-Green-and-Gray-Professional-and-Clean-E-Commerce-Email-Header-768x89.png 768w, https:\/\/www.la-maison-naturelle.com\/blog\/wp-content\/uploads\/2012\/05\/Dark-Green-and-Gray-Professional-and-Clean-E-Commerce-Email-Header-1536x178.png 1536w, https:\/\/www.la-maison-naturelle.com\/blog\/wp-content\/uploads\/2012\/05\/Dark-Green-and-Gray-Professional-and-Clean-E-Commerce-Email-Header.png 1578w\" sizes=\"(max-width: 300px) 100vw, 300px\" \/><\/a><\/td>\n<\/tr>\n<tr>\n<td><a href=\"https:\/\/www.la-maison-naturelle.com\/5260-materiaux-et-bricolage\"><img loading=\"lazy\" decoding=\"async\" class=\"alignright size-medium wp-image-5565\" src=\"https:\/\/www.la-maison-naturelle.com\/blog\/wp-content\/uploads\/2012\/05\/73a5f09c-2ef6-46dd-90d1-9cf73599e16b-1-249x300.png\" alt=\"Mat\u00e9riaux et bricolage\" width=\"249\" height=\"300\" srcset=\"https:\/\/www.la-maison-naturelle.com\/blog\/wp-content\/uploads\/2012\/05\/73a5f09c-2ef6-46dd-90d1-9cf73599e16b-1-249x300.png 249w, https:\/\/www.la-maison-naturelle.com\/blog\/wp-content\/uploads\/2012\/05\/73a5f09c-2ef6-46dd-90d1-9cf73599e16b-1.png 397w\" sizes=\"auto, (max-width: 249px) 100vw, 249px\" \/><\/a><\/td>\n<td><a href=\"https:\/\/www.la-maison-naturelle.com\/5266-amenagement-du-jardin\"><img loading=\"lazy\" decoding=\"async\" class=\"alignright size-medium wp-image-5564\" src=\"https:\/\/www.la-maison-naturelle.com\/blog\/wp-content\/uploads\/2012\/05\/9224811f-6da5-4d4d-8634-e9a2517a9565-1-249x300.png\" alt=\"Jardin et ext\u00e9rieur\" width=\"249\" height=\"300\" srcset=\"https:\/\/www.la-maison-naturelle.com\/blog\/wp-content\/uploads\/2012\/05\/9224811f-6da5-4d4d-8634-e9a2517a9565-1-249x300.png 249w, https:\/\/www.la-maison-naturelle.com\/blog\/wp-content\/uploads\/2012\/05\/9224811f-6da5-4d4d-8634-e9a2517a9565-1.png 397w\" sizes=\"auto, (max-width: 249px) 100vw, 249px\" \/><\/a><\/td>\n<td><a href=\"https:\/\/www.la-maison-naturelle.com\/5267-interieur-et-decoration\"><img loading=\"lazy\" decoding=\"async\" class=\"alignright size-medium wp-image-5563\" src=\"https:\/\/www.la-maison-naturelle.com\/blog\/wp-content\/uploads\/2012\/05\/b9400ea8-440a-4a4a-8db6-682fde3f9652-1-249x300.png\" alt=\"Int\u00e9rieur et d\u00e9coration\" width=\"249\" height=\"300\" srcset=\"https:\/\/www.la-maison-naturelle.com\/blog\/wp-content\/uploads\/2012\/05\/b9400ea8-440a-4a4a-8db6-682fde3f9652-1-249x300.png 249w, https:\/\/www.la-maison-naturelle.com\/blog\/wp-content\/uploads\/2012\/05\/b9400ea8-440a-4a4a-8db6-682fde3f9652-1.png 397w\" sizes=\"auto, (max-width: 249px) 100vw, 249px\" \/><\/a><\/td>\n<\/tr>\n<\/tbody>\n<\/table>\n<p>La fa\u00e7ade \u00e0 double peau est apparent\u00e9e \u00e0 l&rsquo;Isolation thermique par l&rsquo;ext\u00e9rieur. Elle se pr\u00e9sente comme une solution \u00e9cologique innovante qui r\u00e9agit \u00e0 l&rsquo;environnement ext\u00e9rieur de mani\u00e8re active.<\/p>\n<h2>R\u00e9duire les \u00e9missions de gaz carbonique<\/h2>\n<p>Les normes du Grenelle de l&rsquo;environnement visent \u00e0 r\u00e9duire les \u00e9missions de gaz carbonique d&rsquo;ici 2020. La France s&rsquo;est en effet engag\u00e9e \u00e0 r\u00e9duire de 38 % ses rejets de CO2 au cours des prochaines ann\u00e9es et la construction de b\u00e2timents \u00e9cologiques devrait y contribuer de mani\u00e8re consid\u00e9rable. Le parc immobilier fran\u00e7ais est toutefois essentiellement compos\u00e9 de logements anciens et la r\u00e9novation \u00e9nerg\u00e9tique semble la solution la plus efficace afin d&rsquo;y parvenir. Ainsi, l&rsquo;Isolation thermique par l&rsquo;ext\u00e9rieur est actuellement adopt\u00e9e par de nombreux architectes et ing\u00e9nieurs. Cette solution consiste \u00e0 installer un rev\u00eatement isolant directement sur la surface externe des b\u00e2timents sans modifier la structure existante. Il en r\u00e9sulte une \u00e9conomie d&rsquo;\u00e9nergie importante, mais \u00e9galement une r\u00e9novation immobili\u00e8re \u00e0 moindre co\u00fbt puisqu&rsquo;elle permet d&rsquo;\u00e9viter des interventions lourdes pi\u00e8ce par pi\u00e8ce par l&rsquo;int\u00e9rieur et, si c&rsquo;est pr\u00e9vu lors de la conception, une r\u00e9novation \u00e9lectrique totale. La fa\u00e7ade double peau est une innovation architecturale qui s&rsquo;inspire largement de l&rsquo;ITE. Elle poss\u00e8de toutefois une particularit\u00e9 int\u00e9ressante puisqu&rsquo;elle joue un r\u00f4le de r\u00e9gulateur thermique, de protecteur, mais \u00e9galement d&rsquo;\u00e9changeur \u00e9nerg\u00e9tique. Sa mise en place pr\u00e9sente m\u00eame l&rsquo;avantage de ne pas g\u00eaner les activit\u00e9s courantes, ce qui est int\u00e9ressant dans le cas d&rsquo;une r\u00e9novation portant sur des locaux professionnels.<\/p>\n<h2>Une fa\u00e7ade fonctionnant comme la peau<\/h2>\n<p>La fa\u00e7ade double peau permet d&rsquo;optimiser la consommation \u00e9nerg\u00e9tique d&rsquo;un b\u00e2timent tout en contribuant \u00e0 r\u00e9duire ses \u00e9missions de gaz carbonique. Elle int\u00e8gre des cellules photovolta\u00efques color\u00e9es qui ont eu le m\u00e9rite d&rsquo;\u00eatre r\u00e9compens\u00e9es par le Troph\u00e9e du Design en 2011 et se pr\u00e9sente comme une solution de r\u00e9novation \u00e9nerg\u00e9tique efficace. Le projet RESSOURCES \u00e0 l&rsquo;origine du dispositif propose actuellement deux types de fa\u00e7ades. Le premier type de fa\u00e7ade est un rev\u00eatement actif qui s&rsquo;apparente \u00e0 une peau. Il recouvre la surface du b\u00e2timent et se plisse de mani\u00e8re verticale ou horizontale en fonction de la trajectoire des rayons du soleil. Cette configuration garantit un ensoleillement maximal et permet d&rsquo;optimiser le rendement des cellules par renfort d&rsquo;air. Le second type de fa\u00e7ade s&rsquo;applique quant \u00e0 lui aux logements individuels et recouvre les murs ext\u00e9rieurs ainsi que la toiture des maisons. Son fonctionnement est semblable au premier rev\u00eatement, mais ses cellules color\u00e9es jouent particuli\u00e8rement sur son design et contribuent \u00e0 en faire une cath\u00e9drale \u00e9nerg\u00e9tique lumineuse. Pour l&rsquo;une ou l&rsquo;autre solution, la fa\u00e7ade \u00e0 double peau fonctionne cependant de la m\u00eame mani\u00e8re et r\u00e9agit de mani\u00e8re active \u00e0 l&rsquo;environnement ext\u00e9rieur.<\/p>\n","protected":false},"excerpt":{"rendered":"","protected":false},"author":5,"featured_media":0,"comment_status":"open","ping_status":"open","sticky":false,"template":"","format":"standard","meta":{"footnotes":""},"categories":[6],"tags":[],"class_list":["post-2676","post","type-post","status-publish","format-standard","hentry","category-les-dossiers"],"_wp_attached_file":null,"_wp_attachment_metadata":null,"_wp_attachment_context":null,"_wp_attachment_image_alt":null,"_hf_settings":null,"hf_message_success":null,"hf_message_invalid_email":null,"hf_message_required_field_missing":null,"hf_message_error":null,"_menu_item_type":null,"_menu_item_menu_item_parent":null,"_menu_item_object_id":null,"_menu_item_object":null,"_menu_item_target":null,"_menu_item_classes":null,"_menu_item_xfn":null,"_menu_item_url":null,"_yoast_wpseo_primary_category":"6","_thumbnail_id":null,"_oembed_26d84b2c06432105b0a19987ae029a71":null,"_oembed_43e9e2dfde1b9b4ed91c9711026b7ef9":null,"_oembed_1fe1564764edbddc3b61e81acf52be88":null,"_oembed_df60f474cd845141e7ce6596d101e4a0":null,"_oembed_825e674795e2435c0bc66eb08e5d2c8b":null,"_oembed_time_825e674795e2435c0bc66eb08e5d2c8b":null,"_oembed_e917352ff4cc21ea91383201eeaa08cf":null,"_oembed_2363c16c972791c33e283320dc564fce":null,"_oembed_cc9ad5b5073a84776f6a62e33e6c7498":null,"_oembed_time_cc9ad5b5073a84776f6a62e33e6c7498":null,"_oembed_305147fcf4b856de518466e695c209cd":null,"_oembed_8517a877084ae01a5296813ee1d16a2b":null,"_oembed_2741f1556b243e68379198f98ba7f864":null,"_oembed_c3ffa24981451396c950ece2129da0f6":null,"_oembed_6f9091ebe2f3f5fcb5698ba6f4b41477":null,"_wp_old_slug":null,"_oembed_e4fb0f68ba12b85e9e231afe151ba12a":null,"_oembed_3c60e98bd703e617e67f5bbb3b97424d":null,"_oembed_bb060374498dcf40cb6068efe4be87e1":null,"_oembed_d0403e1e71c3a29020bd546b159480f1":null,"_oembed_b030ff17fbbbf8661c59c2ab8ff289eb":null,"_oembed_5cec699ba0631c6c0e4ba4f6af5f228e":null,"_oembed_b06a67f278b90cf4e8dd17cb12fe67b0":null,"_oembed_8e190e4fea2256f17420434651556236":null,"_oembed_b5ded119f1337916a0fc64d2ad85c95f":null,"_oembed_d9364a7a81be31c01415da2c50a48932":null,"_oembed_738cafa36d51a58e5ae3e458aa8f7584":null,"_oembed_ebcab5184b6b321b28efbcbec079859b":null,"_oembed_3dd9e35c2b7b268070e74da5b89cf937":null,"_oembed_e14b167b493e311a1c4e2aab38a463e8":null,"_oembed_dc8f7d108b38f3f0c2e0785b8bc46cae":null,"_oembed_55cf1c5142884afed312c2666bf27520":null,"_oembed_2292333bf03a956b4b61afafeff6bca0":null,"_oembed_82a986a6b900856fec23169de03a0038":null,"_oembed_4048ded025352b83569104210074165a":null,"_oembed_033b42b1af757abc39e4487233cee7f5":null,"_oembed_aec1d50f2b159366be8e37e94b201be1":null,"_oembed_0adc8480b2fcadf9a1733f572ce3d3f8":null,"_yoast_wpseo_title":null,"_yoast_wpseo_focuskw":null,"_yoast_wpseo_linkdex":null,"_yoast_wpseo_metadesc":null,"_yoast_wpseo_wordproof_timestamp":"","_tpl_archive_meta_key":null,"_form":null,"_mail":null,"_mail_2":null,"_messages":null,"_additional_settings":null,"_locale":null,"_wp_old_date":null,"_edit_last":"5","_wpb_vc_js_status":"false","_yoast_wpseo_estimated-reading-time-minutes":"3","_edit_lock":"1691172506:5","_yoast_wpseo_content_score":"30","yoast_head":"<!-- This site is optimized with the Yoast SEO plugin v24.3 - https:\/\/yoast.com\/wordpress\/plugins\/seo\/ -->\n<title>R\u00e9novation \u00e9nerg\u00e9tique : la fa\u00e7ade \u00e0 double peau prend place aux c\u00f4t\u00e9s de l&#039;ITE - La Maison naturelle | Blog<\/title>\n<meta name=\"robots\" content=\"index, follow, max-snippet:-1, max-image-preview:large, max-video-preview:-1\" \/>\n<link rel=\"canonical\" href=\"https:\/\/www.la-maison-naturelle.com\/blog\/renovation-energetique-la-facade-a-double-peau-prend-place-aux-cotes-de-l-ite\/\" \/>\n<meta property=\"og:locale\" content=\"fr_FR\" \/>\n<meta property=\"og:type\" content=\"article\" \/>\n<meta property=\"og:title\" content=\"R\u00e9novation \u00e9nerg\u00e9tique : la fa\u00e7ade \u00e0 double peau prend place aux c\u00f4t\u00e9s de l&#039;ITE - La Maison naturelle | Blog\" \/>\n<meta property=\"og:url\" content=\"https:\/\/www.la-maison-naturelle.com\/blog\/renovation-energetique-la-facade-a-double-peau-prend-place-aux-cotes-de-l-ite\/\" \/>\n<meta property=\"og:site_name\" content=\"La Maison naturelle | Blog\" \/>\n<meta property=\"article:published_time\" content=\"2015-05-24T15:58:37+00:00\" \/>\n<meta property=\"article:modified_time\" content=\"2023-08-04T18:10:23+00:00\" \/>\n<meta property=\"og:image\" content=\"https:\/\/www.la-maison-naturelle.com\/blog\/wp-content\/uploads\/2012\/05\/Dark-Green-and-Gray-Professional-and-Clean-E-Commerce-Email-Header-300x35.png\" \/>\n<meta name=\"author\" content=\"Eloise\" \/>\n<meta name=\"twitter:card\" content=\"summary_large_image\" \/>\n<meta name=\"twitter:label1\" content=\"\u00c9crit par\" \/>\n\t<meta name=\"twitter:data1\" content=\"Eloise\" \/>\n\t<meta name=\"twitter:label2\" content=\"Dur\u00e9e de lecture estim\u00e9e\" \/>\n\t<meta name=\"twitter:data2\" content=\"3 minutes\" \/>\n<script type=\"application\/ld+json\" class=\"yoast-schema-graph\">{\"@context\":\"https:\/\/schema.org\",\"@graph\":[{\"@type\":\"Article\",\"@id\":\"https:\/\/www.la-maison-naturelle.com\/blog\/renovation-energetique-la-facade-a-double-peau-prend-place-aux-cotes-de-l-ite\/#article\",\"isPartOf\":{\"@id\":\"https:\/\/www.la-maison-naturelle.com\/blog\/renovation-energetique-la-facade-a-double-peau-prend-place-aux-cotes-de-l-ite\/\"},\"author\":{\"name\":\"Eloise\",\"@id\":\"https:\/\/www.la-maison-naturelle.com\/blog\/#\/schema\/person\/cad2a9ed80410189f0688441d546d43f\"},\"headline\":\"R\u00e9novation \u00e9nerg\u00e9tique : la fa\u00e7ade \u00e0 double peau prend place aux c\u00f4t\u00e9s de l&rsquo;ITE\",\"datePublished\":\"2015-05-24T15:58:37+00:00\",\"dateModified\":\"2023-08-04T18:10:23+00:00\",\"mainEntityOfPage\":{\"@id\":\"https:\/\/www.la-maison-naturelle.com\/blog\/renovation-energetique-la-facade-a-double-peau-prend-place-aux-cotes-de-l-ite\/\"},\"wordCount\":17,\"commentCount\":0,\"publisher\":{\"@id\":\"https:\/\/www.la-maison-naturelle.com\/blog\/#organization\"},\"image\":{\"@id\":\"https:\/\/www.la-maison-naturelle.com\/blog\/renovation-energetique-la-facade-a-double-peau-prend-place-aux-cotes-de-l-ite\/#primaryimage\"},\"thumbnailUrl\":\"https:\/\/www.la-maison-naturelle.com\/blog\/wp-content\/uploads\/2012\/05\/Dark-Green-and-Gray-Professional-and-Clean-E-Commerce-Email-Header-300x35.png\",\"articleSection\":[\"Les dossiers\"],\"inLanguage\":\"fr-FR\",\"potentialAction\":[{\"@type\":\"CommentAction\",\"name\":\"Comment\",\"target\":[\"https:\/\/www.la-maison-naturelle.com\/blog\/renovation-energetique-la-facade-a-double-peau-prend-place-aux-cotes-de-l-ite\/#respond\"]}]},{\"@type\":\"WebPage\",\"@id\":\"https:\/\/www.la-maison-naturelle.com\/blog\/renovation-energetique-la-facade-a-double-peau-prend-place-aux-cotes-de-l-ite\/\",\"url\":\"https:\/\/www.la-maison-naturelle.com\/blog\/renovation-energetique-la-facade-a-double-peau-prend-place-aux-cotes-de-l-ite\/\",\"name\":\"R\u00e9novation \u00e9nerg\u00e9tique : la fa\u00e7ade \u00e0 double peau prend place aux c\u00f4t\u00e9s de l'ITE - La Maison naturelle | Blog\",\"isPartOf\":{\"@id\":\"https:\/\/www.la-maison-naturelle.com\/blog\/#website\"},\"primaryImageOfPage\":{\"@id\":\"https:\/\/www.la-maison-naturelle.com\/blog\/renovation-energetique-la-facade-a-double-peau-prend-place-aux-cotes-de-l-ite\/#primaryimage\"},\"image\":{\"@id\":\"https:\/\/www.la-maison-naturelle.com\/blog\/renovation-energetique-la-facade-a-double-peau-prend-place-aux-cotes-de-l-ite\/#primaryimage\"},\"thumbnailUrl\":\"https:\/\/www.la-maison-naturelle.com\/blog\/wp-content\/uploads\/2012\/05\/Dark-Green-and-Gray-Professional-and-Clean-E-Commerce-Email-Header-300x35.png\",\"datePublished\":\"2015-05-24T15:58:37+00:00\",\"dateModified\":\"2023-08-04T18:10:23+00:00\",\"breadcrumb\":{\"@id\":\"https:\/\/www.la-maison-naturelle.com\/blog\/renovation-energetique-la-facade-a-double-peau-prend-place-aux-cotes-de-l-ite\/#breadcrumb\"},\"inLanguage\":\"fr-FR\",\"potentialAction\":[{\"@type\":\"ReadAction\",\"target\":[\"https:\/\/www.la-maison-naturelle.com\/blog\/renovation-energetique-la-facade-a-double-peau-prend-place-aux-cotes-de-l-ite\/\"]}]},{\"@type\":\"ImageObject\",\"inLanguage\":\"fr-FR\",\"@id\":\"https:\/\/www.la-maison-naturelle.com\/blog\/renovation-energetique-la-facade-a-double-peau-prend-place-aux-cotes-de-l-ite\/#primaryimage\",\"url\":\"https:\/\/www.la-maison-naturelle.com\/blog\/wp-content\/uploads\/2012\/05\/Dark-Green-and-Gray-Professional-and-Clean-E-Commerce-Email-Header.png\",\"contentUrl\":\"https:\/\/www.la-maison-naturelle.com\/blog\/wp-content\/uploads\/2012\/05\/Dark-Green-and-Gray-Professional-and-Clean-E-Commerce-Email-Header.png\",\"width\":1578,\"height\":183},{\"@type\":\"BreadcrumbList\",\"@id\":\"https:\/\/www.la-maison-naturelle.com\/blog\/renovation-energetique-la-facade-a-double-peau-prend-place-aux-cotes-de-l-ite\/#breadcrumb\",\"itemListElement\":[{\"@type\":\"ListItem\",\"position\":1,\"name\":\"Accueil\",\"item\":\"https:\/\/www.la-maison-naturelle.com\/blog\/\"},{\"@type\":\"ListItem\",\"position\":2,\"name\":\"R\u00e9novation \u00e9nerg\u00e9tique : la fa\u00e7ade \u00e0 double peau prend place aux c\u00f4t\u00e9s de l&rsquo;ITE\"}]},{\"@type\":\"WebSite\",\"@id\":\"https:\/\/www.la-maison-naturelle.com\/blog\/#website\",\"url\":\"https:\/\/www.la-maison-naturelle.com\/blog\/\",\"name\":\"La Maison naturelle | Blog\",\"description\":\"Blog de la Maison naturelle\",\"publisher\":{\"@id\":\"https:\/\/www.la-maison-naturelle.com\/blog\/#organization\"},\"potentialAction\":[{\"@type\":\"SearchAction\",\"target\":{\"@type\":\"EntryPoint\",\"urlTemplate\":\"https:\/\/www.la-maison-naturelle.com\/blog\/?s={search_term_string}\"},\"query-input\":{\"@type\":\"PropertyValueSpecification\",\"valueRequired\":true,\"valueName\":\"search_term_string\"}}],\"inLanguage\":\"fr-FR\"},{\"@type\":\"Organization\",\"@id\":\"https:\/\/www.la-maison-naturelle.com\/blog\/#organization\",\"name\":\"La Maison naturelle | Blog\",\"url\":\"https:\/\/www.la-maison-naturelle.com\/blog\/\",\"logo\":{\"@type\":\"ImageObject\",\"inLanguage\":\"fr-FR\",\"@id\":\"https:\/\/www.la-maison-naturelle.com\/blog\/#\/schema\/logo\/image\/\",\"url\":\"https:\/\/www.la-maison-naturelle.com\/blog\/wp-content\/uploads\/2021\/07\/maison-naturelle-logo.svg\",\"contentUrl\":\"https:\/\/www.la-maison-naturelle.com\/blog\/wp-content\/uploads\/2021\/07\/maison-naturelle-logo.svg\",\"width\":156,\"height\":64,\"caption\":\"La Maison naturelle | Blog\"},\"image\":{\"@id\":\"https:\/\/www.la-maison-naturelle.com\/blog\/#\/schema\/logo\/image\/\"}},{\"@type\":\"Person\",\"@id\":\"https:\/\/www.la-maison-naturelle.com\/blog\/#\/schema\/person\/cad2a9ed80410189f0688441d546d43f\",\"name\":\"Eloise\",\"image\":{\"@type\":\"ImageObject\",\"inLanguage\":\"fr-FR\",\"@id\":\"https:\/\/www.la-maison-naturelle.com\/blog\/#\/schema\/person\/image\/\",\"url\":\"https:\/\/secure.gravatar.com\/avatar\/344186806f5e8613d4a2109f3b0228a847a7c0858a8023778c44bdcfc1111df9?s=96&d=mm&r=g\",\"contentUrl\":\"https:\/\/secure.gravatar.com\/avatar\/344186806f5e8613d4a2109f3b0228a847a7c0858a8023778c44bdcfc1111df9?s=96&d=mm&r=g\",\"caption\":\"Eloise\"},\"sameAs\":[\"https:\/\/www.la-maison-naturelle.com\/\"],\"url\":\"https:\/\/www.la-maison-naturelle.com\/blog\/author\/idries\/\"}]}<\/script>\n<!-- \/ Yoast SEO plugin. -->","yoast_head_json":{"title":"R\u00e9novation \u00e9nerg\u00e9tique : la fa\u00e7ade \u00e0 double peau prend place aux c\u00f4t\u00e9s de l'ITE - La Maison naturelle | Blog","robots":{"index":"index","follow":"follow","max-snippet":"max-snippet:-1","max-image-preview":"max-image-preview:large","max-video-preview":"max-video-preview:-1"},"canonical":"https:\/\/www.la-maison-naturelle.com\/blog\/renovation-energetique-la-facade-a-double-peau-prend-place-aux-cotes-de-l-ite\/","og_locale":"fr_FR","og_type":"article","og_title":"R\u00e9novation \u00e9nerg\u00e9tique : la fa\u00e7ade \u00e0 double peau prend place aux c\u00f4t\u00e9s de l'ITE - La Maison naturelle | Blog","og_url":"https:\/\/www.la-maison-naturelle.com\/blog\/renovation-energetique-la-facade-a-double-peau-prend-place-aux-cotes-de-l-ite\/","og_site_name":"La Maison naturelle | Blog","article_published_time":"2015-05-24T15:58:37+00:00","article_modified_time":"2023-08-04T18:10:23+00:00","og_image":[{"url":"https:\/\/www.la-maison-naturelle.com\/blog\/wp-content\/uploads\/2012\/05\/Dark-Green-and-Gray-Professional-and-Clean-E-Commerce-Email-Header-300x35.png","type":"","width":"","height":""}],"author":"Eloise","twitter_card":"summary_large_image","twitter_misc":{"\u00c9crit par":"Eloise","Dur\u00e9e de lecture estim\u00e9e":"3 minutes"},"schema":{"@context":"https:\/\/schema.org","@graph":[{"@type":"Article","@id":"https:\/\/www.la-maison-naturelle.com\/blog\/renovation-energetique-la-facade-a-double-peau-prend-place-aux-cotes-de-l-ite\/#article","isPartOf":{"@id":"https:\/\/www.la-maison-naturelle.com\/blog\/renovation-energetique-la-facade-a-double-peau-prend-place-aux-cotes-de-l-ite\/"},"author":{"name":"Eloise","@id":"https:\/\/www.la-maison-naturelle.com\/blog\/#\/schema\/person\/cad2a9ed80410189f0688441d546d43f"},"headline":"R\u00e9novation \u00e9nerg\u00e9tique : la fa\u00e7ade \u00e0 double peau prend place aux c\u00f4t\u00e9s de l&rsquo;ITE","datePublished":"2015-05-24T15:58:37+00:00","dateModified":"2023-08-04T18:10:23+00:00","mainEntityOfPage":{"@id":"https:\/\/www.la-maison-naturelle.com\/blog\/renovation-energetique-la-facade-a-double-peau-prend-place-aux-cotes-de-l-ite\/"},"wordCount":17,"commentCount":0,"publisher":{"@id":"https:\/\/www.la-maison-naturelle.com\/blog\/#organization"},"image":{"@id":"https:\/\/www.la-maison-naturelle.com\/blog\/renovation-energetique-la-facade-a-double-peau-prend-place-aux-cotes-de-l-ite\/#primaryimage"},"thumbnailUrl":"https:\/\/www.la-maison-naturelle.com\/blog\/wp-content\/uploads\/2012\/05\/Dark-Green-and-Gray-Professional-and-Clean-E-Commerce-Email-Header-300x35.png","articleSection":["Les dossiers"],"inLanguage":"fr-FR","potentialAction":[{"@type":"CommentAction","name":"Comment","target":["https:\/\/www.la-maison-naturelle.com\/blog\/renovation-energetique-la-facade-a-double-peau-prend-place-aux-cotes-de-l-ite\/#respond"]}]},{"@type":"WebPage","@id":"https:\/\/www.la-maison-naturelle.com\/blog\/renovation-energetique-la-facade-a-double-peau-prend-place-aux-cotes-de-l-ite\/","url":"https:\/\/www.la-maison-naturelle.com\/blog\/renovation-energetique-la-facade-a-double-peau-prend-place-aux-cotes-de-l-ite\/","name":"R\u00e9novation \u00e9nerg\u00e9tique : la fa\u00e7ade \u00e0 double peau prend place aux c\u00f4t\u00e9s de l'ITE - La Maison naturelle | Blog","isPartOf":{"@id":"https:\/\/www.la-maison-naturelle.com\/blog\/#website"},"primaryImageOfPage":{"@id":"https:\/\/www.la-maison-naturelle.com\/blog\/renovation-energetique-la-facade-a-double-peau-prend-place-aux-cotes-de-l-ite\/#primaryimage"},"image":{"@id":"https:\/\/www.la-maison-naturelle.com\/blog\/renovation-energetique-la-facade-a-double-peau-prend-place-aux-cotes-de-l-ite\/#primaryimage"},"thumbnailUrl":"https:\/\/www.la-maison-naturelle.com\/blog\/wp-content\/uploads\/2012\/05\/Dark-Green-and-Gray-Professional-and-Clean-E-Commerce-Email-Header-300x35.png","datePublished":"2015-05-24T15:58:37+00:00","dateModified":"2023-08-04T18:10:23+00:00","breadcrumb":{"@id":"https:\/\/www.la-maison-naturelle.com\/blog\/renovation-energetique-la-facade-a-double-peau-prend-place-aux-cotes-de-l-ite\/#breadcrumb"},"inLanguage":"fr-FR","potentialAction":[{"@type":"ReadAction","target":["https:\/\/www.la-maison-naturelle.com\/blog\/renovation-energetique-la-facade-a-double-peau-prend-place-aux-cotes-de-l-ite\/"]}]},{"@type":"ImageObject","inLanguage":"fr-FR","@id":"https:\/\/www.la-maison-naturelle.com\/blog\/renovation-energetique-la-facade-a-double-peau-prend-place-aux-cotes-de-l-ite\/#primaryimage","url":"https:\/\/www.la-maison-naturelle.com\/blog\/wp-content\/uploads\/2012\/05\/Dark-Green-and-Gray-Professional-and-Clean-E-Commerce-Email-Header.png","contentUrl":"https:\/\/www.la-maison-naturelle.com\/blog\/wp-content\/uploads\/2012\/05\/Dark-Green-and-Gray-Professional-and-Clean-E-Commerce-Email-Header.png","width":1578,"height":183},{"@type":"BreadcrumbList","@id":"https:\/\/www.la-maison-naturelle.com\/blog\/renovation-energetique-la-facade-a-double-peau-prend-place-aux-cotes-de-l-ite\/#breadcrumb","itemListElement":[{"@type":"ListItem","position":1,"name":"Accueil","item":"https:\/\/www.la-maison-naturelle.com\/blog\/"},{"@type":"ListItem","position":2,"name":"R\u00e9novation \u00e9nerg\u00e9tique : la fa\u00e7ade \u00e0 double peau prend place aux c\u00f4t\u00e9s de l&rsquo;ITE"}]},{"@type":"WebSite","@id":"https:\/\/www.la-maison-naturelle.com\/blog\/#website","url":"https:\/\/www.la-maison-naturelle.com\/blog\/","name":"La Maison naturelle | Blog","description":"Blog de la Maison naturelle","publisher":{"@id":"https:\/\/www.la-maison-naturelle.com\/blog\/#organization"},"potentialAction":[{"@type":"SearchAction","target":{"@type":"EntryPoint","urlTemplate":"https:\/\/www.la-maison-naturelle.com\/blog\/?s={search_term_string}"},"query-input":{"@type":"PropertyValueSpecification","valueRequired":true,"valueName":"search_term_string"}}],"inLanguage":"fr-FR"},{"@type":"Organization","@id":"https:\/\/www.la-maison-naturelle.com\/blog\/#organization","name":"La Maison naturelle | Blog","url":"https:\/\/www.la-maison-naturelle.com\/blog\/","logo":{"@type":"ImageObject","inLanguage":"fr-FR","@id":"https:\/\/www.la-maison-naturelle.com\/blog\/#\/schema\/logo\/image\/","url":"https:\/\/www.la-maison-naturelle.com\/blog\/wp-content\/uploads\/2021\/07\/maison-naturelle-logo.svg","contentUrl":"https:\/\/www.la-maison-naturelle.com\/blog\/wp-content\/uploads\/2021\/07\/maison-naturelle-logo.svg","width":156,"height":64,"caption":"La Maison naturelle | Blog"},"image":{"@id":"https:\/\/www.la-maison-naturelle.com\/blog\/#\/schema\/logo\/image\/"}},{"@type":"Person","@id":"https:\/\/www.la-maison-naturelle.com\/blog\/#\/schema\/person\/cad2a9ed80410189f0688441d546d43f","name":"Eloise","image":{"@type":"ImageObject","inLanguage":"fr-FR","@id":"https:\/\/www.la-maison-naturelle.com\/blog\/#\/schema\/person\/image\/","url":"https:\/\/secure.gravatar.com\/avatar\/344186806f5e8613d4a2109f3b0228a847a7c0858a8023778c44bdcfc1111df9?s=96&d=mm&r=g","contentUrl":"https:\/\/secure.gravatar.com\/avatar\/344186806f5e8613d4a2109f3b0228a847a7c0858a8023778c44bdcfc1111df9?s=96&d=mm&r=g","caption":"Eloise"},"sameAs":["https:\/\/www.la-maison-naturelle.com\/"],"url":"https:\/\/www.la-maison-naturelle.com\/blog\/author\/idries\/"}]}},"_links":{"self":[{"href":"https:\/\/www.la-maison-naturelle.com\/blog\/wp-json\/wp\/v2\/posts\/2676","targetHints":{"allow":["GET"]}}],"collection":[{"href":"https:\/\/www.la-maison-naturelle.com\/blog\/wp-json\/wp\/v2\/posts"}],"about":[{"href":"https:\/\/www.la-maison-naturelle.com\/blog\/wp-json\/wp\/v2\/types\/post"}],"author":[{"embeddable":true,"href":"https:\/\/www.la-maison-naturelle.com\/blog\/wp-json\/wp\/v2\/users\/5"}],"replies":[{"embeddable":true,"href":"https:\/\/www.la-maison-naturelle.com\/blog\/wp-json\/wp\/v2\/comments?post=2676"}],"version-history":[{"count":3,"href":"https:\/\/www.la-maison-naturelle.com\/blog\/wp-json\/wp\/v2\/posts\/2676\/revisions"}],"predecessor-version":[{"id":5994,"href":"https:\/\/www.la-maison-naturelle.com\/blog\/wp-json\/wp\/v2\/posts\/2676\/revisions\/5994"}],"wp:attachment":[{"href":"https:\/\/www.la-maison-naturelle.com\/blog\/wp-json\/wp\/v2\/media?parent=2676"}],"wp:term":[{"taxonomy":"category","embeddable":true,"href":"https:\/\/www.la-maison-naturelle.com\/blog\/wp-json\/wp\/v2\/categories?post=2676"},{"taxonomy":"post_tag","embeddable":true,"href":"https:\/\/www.la-maison-naturelle.com\/blog\/wp-json\/wp\/v2\/tags?post=2676"}],"curies":[{"name":"wp","href":"https:\/\/api.w.org\/{rel}","templated":true}]}}