{"id":2660,"date":"2015-05-24T17:51:55","date_gmt":"2015-05-24T15:51:55","guid":{"rendered":"https:\/\/www.la-maison-naturelle.com\/blog\/?p=2660"},"modified":"2023-08-03T22:20:29","modified_gmt":"2023-08-03T20:20:29","slug":"renovation-thermique-choisir-l-isolation-par-l-exterieur","status":"publish","type":"post","link":"https:\/\/www.la-maison-naturelle.com\/blog\/renovation-thermique-choisir-l-isolation-par-l-exterieur\/","title":{"rendered":"R\u00e9novation thermique : choisir l&rsquo;isolation par l&rsquo;ext\u00e9rieur"},"content":{"rendered":"<p>L&rsquo;<u>isolation par l&rsquo;ext\u00e9rieur<\/u> appara\u00eet comme l&rsquo;une des meilleures solutions face \u00e0 l&rsquo;enjeu de la r\u00e9novation thermique. Elle assure d&rsquo;importantes \u00e9conomies \u00e9nerg\u00e9tiques, mais permet \u00e9galement la r\u00e9habilitation du parc immobilier ancien. Trois modules sont actuellement mis en \u0153uvre : le module RT 2005, le module BBC r\u00e9novation et le module Passivhaus.<\/p>\n<h2>Pourquoi une isolation par l&rsquo;ext\u00e9rieur ?<\/h2>\n<p>L&rsquo;isolation par l&rsquo;ext\u00e9rieur s&rsquo;av\u00e8re particuli\u00e8rement adapt\u00e9e au parc immobilier existant. Le diagnostic global de plusieurs b\u00e2timents r\u00e9v\u00e8le en effet que cette solution convient le mieux aux immeubles datant du milieu des ann\u00e9es 40. Certains pays europ\u00e9ens se sont essay\u00e9s avec succ\u00e8s \u00e0 cette pratique. Ils ont divis\u00e9 par 15 leur consommation \u00e9nerg\u00e9tique. L&rsquo;isolation par l&rsquo;ext\u00e9rieur est ainsi apparue comme la solution id\u00e9ale face \u00e0 la n\u00e9cessit\u00e9 de r\u00e9aliser une r\u00e9novation thermique au niveau du parc immobilier fran\u00e7ais.<\/p>\n<h2>Le module RT 2005 pour une isolation partielle<\/h2>\n<p>L&rsquo;isolation partielle consiste \u00e0 recouvrir la fa\u00e7ade ext\u00e9rieure d&rsquo;un b\u00e2timent \u00e0 l&rsquo;aide d&rsquo;un isolant en mousse <a href=\"https:\/\/www.la-maison-naturelle.com\/3057-polystyrene-pse-xps\" data-internallinksmanager029f6b8e52c=\"132\" title=\"polystyrene\">polystyr\u00e8ne<\/a> ou en laine de roche haute <a href=\"https:\/\/www.la-maison-naturelle.com\/blog\/la-densite-dun-isolant\/\" data-internallinksmanager029f6b8e52c=\"124\" title=\"Qu'est-ce que la densit\u00e9 d'un isolant ?\">densit\u00e9<\/a> avant d&rsquo;appliquer un enduit min\u00e9ral RPE. Le co\u00fbt du dispositif varie de 75 euros\/m\u00b2 \u00e0 150 euros\/m\u00b2, mais il permettrait de r\u00e9duire la consommation \u00e9nerg\u00e9tique \u00e0 130 kWh\/m\u00b2\/an. L&rsquo;isolation partielle offre de nombreux avantages, et peut-\u00eatre r\u00e9alis\u00e9e en isolant bio-sourc\u00e9s pour ce tarif avec : suppression des ponts thermiques au niveau des dalles, efficacit\u00e9 \u00e0 moindre co\u00fbt, consommation \u00e9nerg\u00e9tique am\u00e9lior\u00e9e. En revanche, elle modifie certains aspects d\u00e9coratifs de l&rsquo;immeuble, favorise l&rsquo;apparition de ponts thermiques autour des baies et multiplie les risques de pathologie en raison des \u00e9carts thermiques entre les diff\u00e9rents mat\u00e9riaux. Pour \u00e9viter ce pi\u00e8ge fatal pour les constructions et les \u00e9conomies d&rsquo;\u00e9nergie, un bureau d&rsquo;\u00e9tude thermique doit \u00eatre mandat\u00e9 afin de d\u00e9terminer l&rsquo;\u00e9paisseur d&rsquo;isolant la plus judicieuse dans le plus faible budget et les freins vapeurs efficaces \u00e0 mettre en place<\/p>\n<h2>Le module BBC r\u00e9novation pour une v\u00e9ritable isolation<\/h2>\n<p>Ce module ne s&rsquo;applique qu&rsquo;apr\u00e8s un diagnostic global du b\u00e2timent et de ses particularit\u00e9s thermiques et acoustiques. Dans ce cas, l&rsquo;isolation consiste \u00e0 doubler et appliquer en continu une \u00e9paisseur d&rsquo;isolant adapt\u00e9e au co\u00e9fficient U de la paroi. L&rsquo;<u><a href=\"https:\/\/www.la-maison-naturelle.com\/3042-etancheite-a-l-air\" data-internallinksmanager029f6b8e52c=\"138\" title=\"\u00e9tanch\u00e9it\u00e9 \u00e0 l\u2019air\">\u00e9tanch\u00e9it\u00e9 \u00e0 l&rsquo;air<\/a><\/u> est \u00e9galement trait\u00e9e efficacement tandis que de nouvelles menuiseries constitu\u00e9es de vitrages \u00e0 faible \u00e9missivit\u00e9 sont install\u00e9es. Le module BBC r\u00e9novation permettrait une consommation \u00e9nerg\u00e9tique inf\u00e9rieure ou \u00e9gale \u00e0 96 kWh\/m\u00b2\/an et contribuerait \u00e0 am\u00e9liorer le confort acoustique et thermique.<\/p>\n<h2>Le module Passivhaus pour une r\u00e9novation thermique et architecturale totale<\/h2>\n<p>Le module Passivhaus se r\u00e9sume en une r\u00e9novation totale de l&rsquo;immeuble ainsi que de ses caract\u00e9ristiques de confort et d&rsquo;habitabilit\u00e9. Il consiste \u00e0 mettre en place une isolation renforc\u00e9e et continue afin de supprimer les ponts thermiques, mais \u00e9galement \u00e0 installer une ventilation avec recyclage de l&rsquo;air dans un \u00e9changeur. Un puits canadien peut \u00e9galement \u00eatre install\u00e9 afin d&rsquo;am\u00e9liorer les performances thermiques. La consommation \u00e9nerg\u00e9tique serait inf\u00e9rieure \u00e0 15 kWh\/m\u00b2\/an pour un co\u00fbt pouvant toutefois atteindre les 350 euros\/m\u00b2. Ce module garantit une habitabilit\u00e9 optimale quelle que soit la saison.<\/p>\n","protected":false},"excerpt":{"rendered":"<p>L&rsquo;isolation par l&rsquo;ext\u00e9rieur appara\u00eet comme l&rsquo;une des meilleures solutions face \u00e0 l&rsquo;enjeu de la r\u00e9novation thermique. Elle assure d&rsquo;importantes \u00e9conomies \u00e9nerg\u00e9tiques, mais permet \u00e9galement la r\u00e9habilitation du parc immobilier ancien. Trois modules sont actuellement mis en \u0153uvre : le module RT 2005, le module BBC r\u00e9novation et le module Passivhaus. Pourquoi une isolation par l&rsquo;ext\u00e9rieur [&hellip;]<\/p>\n","protected":false},"author":5,"featured_media":0,"comment_status":"open","ping_status":"open","sticky":false,"template":"","format":"standard","meta":{"footnotes":""},"categories":[6],"tags":[],"class_list":["post-2660","post","type-post","status-publish","format-standard","hentry","category-les-dossiers"],"_wp_attached_file":null,"_wp_attachment_metadata":null,"_wp_attachment_context":null,"_wp_attachment_image_alt":null,"_hf_settings":null,"hf_message_success":null,"hf_message_invalid_email":null,"hf_message_required_field_missing":null,"hf_message_error":null,"_menu_item_type":null,"_menu_item_menu_item_parent":null,"_menu_item_object_id":null,"_menu_item_object":null,"_menu_item_target":null,"_menu_item_classes":null,"_menu_item_xfn":null,"_menu_item_url":null,"_yoast_wpseo_primary_category":"6","_thumbnail_id":null,"_oembed_26d84b2c06432105b0a19987ae029a71":null,"_oembed_43e9e2dfde1b9b4ed91c9711026b7ef9":null,"_oembed_1fe1564764edbddc3b61e81acf52be88":null,"_oembed_df60f474cd845141e7ce6596d101e4a0":null,"_oembed_825e674795e2435c0bc66eb08e5d2c8b":null,"_oembed_time_825e674795e2435c0bc66eb08e5d2c8b":null,"_oembed_e917352ff4cc21ea91383201eeaa08cf":null,"_oembed_2363c16c972791c33e283320dc564fce":null,"_oembed_cc9ad5b5073a84776f6a62e33e6c7498":null,"_oembed_time_cc9ad5b5073a84776f6a62e33e6c7498":null,"_oembed_305147fcf4b856de518466e695c209cd":null,"_oembed_8517a877084ae01a5296813ee1d16a2b":null,"_oembed_2741f1556b243e68379198f98ba7f864":null,"_oembed_c3ffa24981451396c950ece2129da0f6":null,"_oembed_6f9091ebe2f3f5fcb5698ba6f4b41477":null,"_wp_old_slug":null,"_oembed_e4fb0f68ba12b85e9e231afe151ba12a":null,"_oembed_3c60e98bd703e617e67f5bbb3b97424d":null,"_oembed_bb060374498dcf40cb6068efe4be87e1":null,"_oembed_d0403e1e71c3a29020bd546b159480f1":null,"_oembed_b030ff17fbbbf8661c59c2ab8ff289eb":null,"_oembed_5cec699ba0631c6c0e4ba4f6af5f228e":null,"_oembed_b06a67f278b90cf4e8dd17cb12fe67b0":null,"_oembed_8e190e4fea2256f17420434651556236":null,"_oembed_b5ded119f1337916a0fc64d2ad85c95f":null,"_oembed_d9364a7a81be31c01415da2c50a48932":null,"_oembed_738cafa36d51a58e5ae3e458aa8f7584":null,"_oembed_ebcab5184b6b321b28efbcbec079859b":null,"_oembed_3dd9e35c2b7b268070e74da5b89cf937":null,"_oembed_e14b167b493e311a1c4e2aab38a463e8":null,"_oembed_dc8f7d108b38f3f0c2e0785b8bc46cae":null,"_oembed_55cf1c5142884afed312c2666bf27520":null,"_oembed_2292333bf03a956b4b61afafeff6bca0":null,"_oembed_82a986a6b900856fec23169de03a0038":null,"_oembed_4048ded025352b83569104210074165a":null,"_oembed_033b42b1af757abc39e4487233cee7f5":null,"_oembed_aec1d50f2b159366be8e37e94b201be1":null,"_oembed_0adc8480b2fcadf9a1733f572ce3d3f8":null,"_yoast_wpseo_title":null,"_yoast_wpseo_focuskw":null,"_yoast_wpseo_linkdex":null,"_yoast_wpseo_metadesc":null,"_yoast_wpseo_wordproof_timestamp":null,"_tpl_archive_meta_key":null,"_form":null,"_mail":null,"_mail_2":null,"_messages":null,"_additional_settings":null,"_locale":null,"_wp_old_date":null,"_edit_last":"5","_wpb_vc_js_status":"false","_yoast_wpseo_estimated-reading-time-minutes":"3","_edit_lock":"1691094030:5","_yoast_wpseo_content_score":"30","yoast_head":"<!-- This site is optimized with the Yoast SEO plugin v24.3 - https:\/\/yoast.com\/wordpress\/plugins\/seo\/ -->\n<title>R\u00e9novation thermique : choisir l&#039;isolation par l&#039;ext\u00e9rieur - La Maison naturelle | Blog<\/title>\n<meta name=\"robots\" content=\"index, follow, max-snippet:-1, max-image-preview:large, max-video-preview:-1\" \/>\n<link rel=\"canonical\" href=\"https:\/\/www.la-maison-naturelle.com\/blog\/renovation-thermique-choisir-l-isolation-par-l-exterieur\/\" \/>\n<meta property=\"og:locale\" content=\"fr_FR\" \/>\n<meta property=\"og:type\" content=\"article\" \/>\n<meta property=\"og:title\" content=\"R\u00e9novation thermique : choisir l&#039;isolation par l&#039;ext\u00e9rieur - La Maison naturelle | Blog\" \/>\n<meta property=\"og:description\" content=\"L&rsquo;isolation par l&rsquo;ext\u00e9rieur appara\u00eet comme l&rsquo;une des meilleures solutions face \u00e0 l&rsquo;enjeu de la r\u00e9novation thermique. Elle assure d&rsquo;importantes \u00e9conomies \u00e9nerg\u00e9tiques, mais permet \u00e9galement la r\u00e9habilitation du parc immobilier ancien. Trois modules sont actuellement mis en \u0153uvre : le module RT 2005, le module BBC r\u00e9novation et le module Passivhaus. Pourquoi une isolation par l&rsquo;ext\u00e9rieur [&hellip;]\" \/>\n<meta property=\"og:url\" content=\"https:\/\/www.la-maison-naturelle.com\/blog\/renovation-thermique-choisir-l-isolation-par-l-exterieur\/\" \/>\n<meta property=\"og:site_name\" content=\"La Maison naturelle | Blog\" \/>\n<meta property=\"article:published_time\" content=\"2015-05-24T15:51:55+00:00\" \/>\n<meta property=\"article:modified_time\" content=\"2023-08-03T20:20:29+00:00\" \/>\n<meta name=\"author\" content=\"Eloise\" \/>\n<meta name=\"twitter:card\" content=\"summary_large_image\" \/>\n<meta name=\"twitter:label1\" content=\"\u00c9crit par\" \/>\n\t<meta name=\"twitter:data1\" content=\"Eloise\" \/>\n\t<meta name=\"twitter:label2\" content=\"Dur\u00e9e de lecture estim\u00e9e\" \/>\n\t<meta name=\"twitter:data2\" content=\"3 minutes\" \/>\n<script type=\"application\/ld+json\" class=\"yoast-schema-graph\">{\"@context\":\"https:\/\/schema.org\",\"@graph\":[{\"@type\":\"Article\",\"@id\":\"https:\/\/www.la-maison-naturelle.com\/blog\/renovation-thermique-choisir-l-isolation-par-l-exterieur\/#article\",\"isPartOf\":{\"@id\":\"https:\/\/www.la-maison-naturelle.com\/blog\/renovation-thermique-choisir-l-isolation-par-l-exterieur\/\"},\"author\":{\"name\":\"Eloise\",\"@id\":\"https:\/\/www.la-maison-naturelle.com\/blog\/#\/schema\/person\/cad2a9ed80410189f0688441d546d43f\"},\"headline\":\"R\u00e9novation thermique : choisir l&rsquo;isolation par l&rsquo;ext\u00e9rieur\",\"datePublished\":\"2015-05-24T15:51:55+00:00\",\"dateModified\":\"2023-08-03T20:20:29+00:00\",\"mainEntityOfPage\":{\"@id\":\"https:\/\/www.la-maison-naturelle.com\/blog\/renovation-thermique-choisir-l-isolation-par-l-exterieur\/\"},\"wordCount\":548,\"commentCount\":0,\"publisher\":{\"@id\":\"https:\/\/www.la-maison-naturelle.com\/blog\/#organization\"},\"articleSection\":[\"Les dossiers\"],\"inLanguage\":\"fr-FR\",\"potentialAction\":[{\"@type\":\"CommentAction\",\"name\":\"Comment\",\"target\":[\"https:\/\/www.la-maison-naturelle.com\/blog\/renovation-thermique-choisir-l-isolation-par-l-exterieur\/#respond\"]}]},{\"@type\":\"WebPage\",\"@id\":\"https:\/\/www.la-maison-naturelle.com\/blog\/renovation-thermique-choisir-l-isolation-par-l-exterieur\/\",\"url\":\"https:\/\/www.la-maison-naturelle.com\/blog\/renovation-thermique-choisir-l-isolation-par-l-exterieur\/\",\"name\":\"R\u00e9novation thermique : choisir l'isolation par l'ext\u00e9rieur - La Maison naturelle | Blog\",\"isPartOf\":{\"@id\":\"https:\/\/www.la-maison-naturelle.com\/blog\/#website\"},\"datePublished\":\"2015-05-24T15:51:55+00:00\",\"dateModified\":\"2023-08-03T20:20:29+00:00\",\"breadcrumb\":{\"@id\":\"https:\/\/www.la-maison-naturelle.com\/blog\/renovation-thermique-choisir-l-isolation-par-l-exterieur\/#breadcrumb\"},\"inLanguage\":\"fr-FR\",\"potentialAction\":[{\"@type\":\"ReadAction\",\"target\":[\"https:\/\/www.la-maison-naturelle.com\/blog\/renovation-thermique-choisir-l-isolation-par-l-exterieur\/\"]}]},{\"@type\":\"BreadcrumbList\",\"@id\":\"https:\/\/www.la-maison-naturelle.com\/blog\/renovation-thermique-choisir-l-isolation-par-l-exterieur\/#breadcrumb\",\"itemListElement\":[{\"@type\":\"ListItem\",\"position\":1,\"name\":\"Accueil\",\"item\":\"https:\/\/www.la-maison-naturelle.com\/blog\/\"},{\"@type\":\"ListItem\",\"position\":2,\"name\":\"R\u00e9novation thermique : choisir l&rsquo;isolation par l&rsquo;ext\u00e9rieur\"}]},{\"@type\":\"WebSite\",\"@id\":\"https:\/\/www.la-maison-naturelle.com\/blog\/#website\",\"url\":\"https:\/\/www.la-maison-naturelle.com\/blog\/\",\"name\":\"La Maison naturelle | Blog\",\"description\":\"Blog de la Maison naturelle\",\"publisher\":{\"@id\":\"https:\/\/www.la-maison-naturelle.com\/blog\/#organization\"},\"potentialAction\":[{\"@type\":\"SearchAction\",\"target\":{\"@type\":\"EntryPoint\",\"urlTemplate\":\"https:\/\/www.la-maison-naturelle.com\/blog\/?s={search_term_string}\"},\"query-input\":{\"@type\":\"PropertyValueSpecification\",\"valueRequired\":true,\"valueName\":\"search_term_string\"}}],\"inLanguage\":\"fr-FR\"},{\"@type\":\"Organization\",\"@id\":\"https:\/\/www.la-maison-naturelle.com\/blog\/#organization\",\"name\":\"La Maison naturelle | Blog\",\"url\":\"https:\/\/www.la-maison-naturelle.com\/blog\/\",\"logo\":{\"@type\":\"ImageObject\",\"inLanguage\":\"fr-FR\",\"@id\":\"https:\/\/www.la-maison-naturelle.com\/blog\/#\/schema\/logo\/image\/\",\"url\":\"https:\/\/www.la-maison-naturelle.com\/blog\/wp-content\/uploads\/2021\/07\/maison-naturelle-logo.svg\",\"contentUrl\":\"https:\/\/www.la-maison-naturelle.com\/blog\/wp-content\/uploads\/2021\/07\/maison-naturelle-logo.svg\",\"width\":156,\"height\":64,\"caption\":\"La Maison naturelle | Blog\"},\"image\":{\"@id\":\"https:\/\/www.la-maison-naturelle.com\/blog\/#\/schema\/logo\/image\/\"}},{\"@type\":\"Person\",\"@id\":\"https:\/\/www.la-maison-naturelle.com\/blog\/#\/schema\/person\/cad2a9ed80410189f0688441d546d43f\",\"name\":\"Eloise\",\"image\":{\"@type\":\"ImageObject\",\"inLanguage\":\"fr-FR\",\"@id\":\"https:\/\/www.la-maison-naturelle.com\/blog\/#\/schema\/person\/image\/\",\"url\":\"https:\/\/secure.gravatar.com\/avatar\/344186806f5e8613d4a2109f3b0228a847a7c0858a8023778c44bdcfc1111df9?s=96&d=mm&r=g\",\"contentUrl\":\"https:\/\/secure.gravatar.com\/avatar\/344186806f5e8613d4a2109f3b0228a847a7c0858a8023778c44bdcfc1111df9?s=96&d=mm&r=g\",\"caption\":\"Eloise\"},\"sameAs\":[\"https:\/\/www.la-maison-naturelle.com\/\"],\"url\":\"https:\/\/www.la-maison-naturelle.com\/blog\/author\/idries\/\"}]}<\/script>\n<!-- \/ Yoast SEO plugin. -->","yoast_head_json":{"title":"R\u00e9novation thermique : choisir l'isolation par l'ext\u00e9rieur - La Maison naturelle | Blog","robots":{"index":"index","follow":"follow","max-snippet":"max-snippet:-1","max-image-preview":"max-image-preview:large","max-video-preview":"max-video-preview:-1"},"canonical":"https:\/\/www.la-maison-naturelle.com\/blog\/renovation-thermique-choisir-l-isolation-par-l-exterieur\/","og_locale":"fr_FR","og_type":"article","og_title":"R\u00e9novation thermique : choisir l'isolation par l'ext\u00e9rieur - La Maison naturelle | Blog","og_description":"L&rsquo;isolation par l&rsquo;ext\u00e9rieur appara\u00eet comme l&rsquo;une des meilleures solutions face \u00e0 l&rsquo;enjeu de la r\u00e9novation thermique. Elle assure d&rsquo;importantes \u00e9conomies \u00e9nerg\u00e9tiques, mais permet \u00e9galement la r\u00e9habilitation du parc immobilier ancien. Trois modules sont actuellement mis en \u0153uvre : le module RT 2005, le module BBC r\u00e9novation et le module Passivhaus. Pourquoi une isolation par l&rsquo;ext\u00e9rieur [&hellip;]","og_url":"https:\/\/www.la-maison-naturelle.com\/blog\/renovation-thermique-choisir-l-isolation-par-l-exterieur\/","og_site_name":"La Maison naturelle | Blog","article_published_time":"2015-05-24T15:51:55+00:00","article_modified_time":"2023-08-03T20:20:29+00:00","author":"Eloise","twitter_card":"summary_large_image","twitter_misc":{"\u00c9crit par":"Eloise","Dur\u00e9e de lecture estim\u00e9e":"3 minutes"},"schema":{"@context":"https:\/\/schema.org","@graph":[{"@type":"Article","@id":"https:\/\/www.la-maison-naturelle.com\/blog\/renovation-thermique-choisir-l-isolation-par-l-exterieur\/#article","isPartOf":{"@id":"https:\/\/www.la-maison-naturelle.com\/blog\/renovation-thermique-choisir-l-isolation-par-l-exterieur\/"},"author":{"name":"Eloise","@id":"https:\/\/www.la-maison-naturelle.com\/blog\/#\/schema\/person\/cad2a9ed80410189f0688441d546d43f"},"headline":"R\u00e9novation thermique : choisir l&rsquo;isolation par l&rsquo;ext\u00e9rieur","datePublished":"2015-05-24T15:51:55+00:00","dateModified":"2023-08-03T20:20:29+00:00","mainEntityOfPage":{"@id":"https:\/\/www.la-maison-naturelle.com\/blog\/renovation-thermique-choisir-l-isolation-par-l-exterieur\/"},"wordCount":548,"commentCount":0,"publisher":{"@id":"https:\/\/www.la-maison-naturelle.com\/blog\/#organization"},"articleSection":["Les dossiers"],"inLanguage":"fr-FR","potentialAction":[{"@type":"CommentAction","name":"Comment","target":["https:\/\/www.la-maison-naturelle.com\/blog\/renovation-thermique-choisir-l-isolation-par-l-exterieur\/#respond"]}]},{"@type":"WebPage","@id":"https:\/\/www.la-maison-naturelle.com\/blog\/renovation-thermique-choisir-l-isolation-par-l-exterieur\/","url":"https:\/\/www.la-maison-naturelle.com\/blog\/renovation-thermique-choisir-l-isolation-par-l-exterieur\/","name":"R\u00e9novation thermique : choisir l'isolation par l'ext\u00e9rieur - La Maison naturelle | Blog","isPartOf":{"@id":"https:\/\/www.la-maison-naturelle.com\/blog\/#website"},"datePublished":"2015-05-24T15:51:55+00:00","dateModified":"2023-08-03T20:20:29+00:00","breadcrumb":{"@id":"https:\/\/www.la-maison-naturelle.com\/blog\/renovation-thermique-choisir-l-isolation-par-l-exterieur\/#breadcrumb"},"inLanguage":"fr-FR","potentialAction":[{"@type":"ReadAction","target":["https:\/\/www.la-maison-naturelle.com\/blog\/renovation-thermique-choisir-l-isolation-par-l-exterieur\/"]}]},{"@type":"BreadcrumbList","@id":"https:\/\/www.la-maison-naturelle.com\/blog\/renovation-thermique-choisir-l-isolation-par-l-exterieur\/#breadcrumb","itemListElement":[{"@type":"ListItem","position":1,"name":"Accueil","item":"https:\/\/www.la-maison-naturelle.com\/blog\/"},{"@type":"ListItem","position":2,"name":"R\u00e9novation thermique : choisir l&rsquo;isolation par l&rsquo;ext\u00e9rieur"}]},{"@type":"WebSite","@id":"https:\/\/www.la-maison-naturelle.com\/blog\/#website","url":"https:\/\/www.la-maison-naturelle.com\/blog\/","name":"La Maison naturelle | Blog","description":"Blog de la Maison naturelle","publisher":{"@id":"https:\/\/www.la-maison-naturelle.com\/blog\/#organization"},"potentialAction":[{"@type":"SearchAction","target":{"@type":"EntryPoint","urlTemplate":"https:\/\/www.la-maison-naturelle.com\/blog\/?s={search_term_string}"},"query-input":{"@type":"PropertyValueSpecification","valueRequired":true,"valueName":"search_term_string"}}],"inLanguage":"fr-FR"},{"@type":"Organization","@id":"https:\/\/www.la-maison-naturelle.com\/blog\/#organization","name":"La Maison naturelle | Blog","url":"https:\/\/www.la-maison-naturelle.com\/blog\/","logo":{"@type":"ImageObject","inLanguage":"fr-FR","@id":"https:\/\/www.la-maison-naturelle.com\/blog\/#\/schema\/logo\/image\/","url":"https:\/\/www.la-maison-naturelle.com\/blog\/wp-content\/uploads\/2021\/07\/maison-naturelle-logo.svg","contentUrl":"https:\/\/www.la-maison-naturelle.com\/blog\/wp-content\/uploads\/2021\/07\/maison-naturelle-logo.svg","width":156,"height":64,"caption":"La Maison naturelle | Blog"},"image":{"@id":"https:\/\/www.la-maison-naturelle.com\/blog\/#\/schema\/logo\/image\/"}},{"@type":"Person","@id":"https:\/\/www.la-maison-naturelle.com\/blog\/#\/schema\/person\/cad2a9ed80410189f0688441d546d43f","name":"Eloise","image":{"@type":"ImageObject","inLanguage":"fr-FR","@id":"https:\/\/www.la-maison-naturelle.com\/blog\/#\/schema\/person\/image\/","url":"https:\/\/secure.gravatar.com\/avatar\/344186806f5e8613d4a2109f3b0228a847a7c0858a8023778c44bdcfc1111df9?s=96&d=mm&r=g","contentUrl":"https:\/\/secure.gravatar.com\/avatar\/344186806f5e8613d4a2109f3b0228a847a7c0858a8023778c44bdcfc1111df9?s=96&d=mm&r=g","caption":"Eloise"},"sameAs":["https:\/\/www.la-maison-naturelle.com\/"],"url":"https:\/\/www.la-maison-naturelle.com\/blog\/author\/idries\/"}]}},"_links":{"self":[{"href":"https:\/\/www.la-maison-naturelle.com\/blog\/wp-json\/wp\/v2\/posts\/2660","targetHints":{"allow":["GET"]}}],"collection":[{"href":"https:\/\/www.la-maison-naturelle.com\/blog\/wp-json\/wp\/v2\/posts"}],"about":[{"href":"https:\/\/www.la-maison-naturelle.com\/blog\/wp-json\/wp\/v2\/types\/post"}],"author":[{"embeddable":true,"href":"https:\/\/www.la-maison-naturelle.com\/blog\/wp-json\/wp\/v2\/users\/5"}],"replies":[{"embeddable":true,"href":"https:\/\/www.la-maison-naturelle.com\/blog\/wp-json\/wp\/v2\/comments?post=2660"}],"version-history":[{"count":2,"href":"https:\/\/www.la-maison-naturelle.com\/blog\/wp-json\/wp\/v2\/posts\/2660\/revisions"}],"predecessor-version":[{"id":5345,"href":"https:\/\/www.la-maison-naturelle.com\/blog\/wp-json\/wp\/v2\/posts\/2660\/revisions\/5345"}],"wp:attachment":[{"href":"https:\/\/www.la-maison-naturelle.com\/blog\/wp-json\/wp\/v2\/media?parent=2660"}],"wp:term":[{"taxonomy":"category","embeddable":true,"href":"https:\/\/www.la-maison-naturelle.com\/blog\/wp-json\/wp\/v2\/categories?post=2660"},{"taxonomy":"post_tag","embeddable":true,"href":"https:\/\/www.la-maison-naturelle.com\/blog\/wp-json\/wp\/v2\/tags?post=2660"}],"curies":[{"name":"wp","href":"https:\/\/api.w.org\/{rel}","templated":true}]}}