{"id":2654,"date":"2015-05-24T17:50:19","date_gmt":"2015-05-24T15:50:19","guid":{"rendered":"https:\/\/www.la-maison-naturelle.com\/blog\/?p=2654"},"modified":"2023-08-03T22:20:21","modified_gmt":"2023-08-03T20:20:21","slug":"mie-acoustique-batiment-et-construction-la-propagation-des-sons","status":"publish","type":"post","link":"https:\/\/www.la-maison-naturelle.com\/blog\/mie-acoustique-batiment-et-construction-la-propagation-des-sons\/","title":{"rendered":"Acoustique b\u00e2timent et construction: la propagation des sons"},"content":{"rendered":"<p>La pollution sonore est un fl\u00e9au moderne \u00e0 \u00e9radiquer absolument. Pour y arriver, il convient de comprendre le processus de la propagation du bruit.<\/p>\n<h2>La mesure du son<\/h2>\n<p>Avant toute chose, il est peut-\u00eatre mieux de commencer par parler des grandeurs caract\u00e9ristiques du son. Le bruit sonore est mesur\u00e9 selon sa hauteur exprim\u00e9e en Hertz. Lorsque cette valeur est \u00e9lev\u00e9e, on dit que le son est aigu. Dans le cas contraire, on parle de son grave. Le bruit est audible par l&rsquo;oreille humaine lorsque sa fr\u00e9quence oscille entre 20 Hertz et 1600 hertz. Cette gamme est susceptible de varier en fonction de l&rsquo;\u00e9tat de sant\u00e9 et l&rsquo;\u00e2ge de la personne. La perception du son peut aussi \u00eatre perturb\u00e9e par l&rsquo;environnement.<br \/>\nSon intensit\u00e9 caract\u00e9rise \u00e9galement le son. Cette grandeur est exprim\u00e9e en d\u00e9cibels. Les scientifiques \u00e9tablissent par exemple que l&rsquo;intensit\u00e9 du bruit produit dans une chaudronnerie va de 90 dB \u00e0 110 dB. Ces valeurs varient de 70 dB \u00e0 80 dB dans la rue.<\/p>\n<h2>Principe de la propagation du son<\/h2>\n<p>Les ondes sonores se propagent dans le milieu o\u00f9 elles sont diffus\u00e9es en d\u00e9comprimant et en comprimant les \u00e9l\u00e9ments se trouvant sur leur passage. La vitesse de propagation du son varie selon le milieu et la temp\u00e9rature de ce dernier. Ainsi dans l&rsquo;air sec, cette c\u00e9l\u00e9rit\u00e9 s&rsquo;\u00e9l\u00e8ve \u00e0 33,6 m\u00e8tres par seconde si la temp\u00e9rature est de 0 \u00b0C.<br \/>\nLa vitesse du son oscille entre 1000 m\u00e8tres par seconde et 4000 m\u00e8tres par seconde lorsque les ondes passent \u00e0 travers une mati\u00e8re en bois. Elle monte \u00e0 5000 m\u00e8tres par seconde quand le bruit transperce un milieu en acier. Il est \u00e0 noter que lorsque les sons \u00e9mis par une source se heurtent \u00e0 un obstacle, les ondes sont soit r\u00e9fl\u00e9chies, soit absorb\u00e9es par la paroi. Une partie de ces ondes parviennent \u00e0 traverser l\u2019objet qui se trouve sur son passage. C\u2019est \u00e0 partir de l\u00e0 que l\u2019on peut envisager l\u2019isolation acoustique.<\/p>\n<h2>Propagation a\u00e9rienne et solidienne<\/h2>\n<p>Le milieu de la construction distingue deux sortes de bruits : les bruits a\u00e9riens et les bruits solidiens. On parle de bruit a\u00e9rien lorsque le son est produit par une source qui n&rsquo;est pas en contact avec la structure du b\u00e2timent : bruit de circulation de voitures, musique etc. Le bruit est dit solidien quand il est en contact direct avec la structure : bruits de pas, d\u00e9placements d\u2019objets lourds ou bruits de tuyauterie etc.<\/p>\n","protected":false},"excerpt":{"rendered":"<p>La pollution sonore est un fl\u00e9au moderne \u00e0 \u00e9radiquer absolument. Pour y arriver, il convient de comprendre le processus de la propagation du bruit. La mesure du son Avant toute chose, il est peut-\u00eatre mieux de commencer par parler des grandeurs caract\u00e9ristiques du son. Le bruit sonore est mesur\u00e9 selon sa hauteur exprim\u00e9e en Hertz. [&hellip;]<\/p>\n","protected":false},"author":5,"featured_media":0,"comment_status":"open","ping_status":"open","sticky":false,"template":"","format":"standard","meta":{"footnotes":""},"categories":[6],"tags":[],"class_list":["post-2654","post","type-post","status-publish","format-standard","hentry","category-les-dossiers"],"_wp_attached_file":null,"_wp_attachment_metadata":null,"_wp_attachment_context":null,"_wp_attachment_image_alt":null,"_hf_settings":null,"hf_message_success":null,"hf_message_invalid_email":null,"hf_message_required_field_missing":null,"hf_message_error":null,"_menu_item_type":null,"_menu_item_menu_item_parent":null,"_menu_item_object_id":null,"_menu_item_object":null,"_menu_item_target":null,"_menu_item_classes":null,"_menu_item_xfn":null,"_menu_item_url":null,"_yoast_wpseo_primary_category":"6","_thumbnail_id":null,"_oembed_26d84b2c06432105b0a19987ae029a71":null,"_oembed_43e9e2dfde1b9b4ed91c9711026b7ef9":null,"_oembed_1fe1564764edbddc3b61e81acf52be88":null,"_oembed_df60f474cd845141e7ce6596d101e4a0":null,"_oembed_825e674795e2435c0bc66eb08e5d2c8b":null,"_oembed_time_825e674795e2435c0bc66eb08e5d2c8b":null,"_oembed_e917352ff4cc21ea91383201eeaa08cf":null,"_oembed_2363c16c972791c33e283320dc564fce":null,"_oembed_cc9ad5b5073a84776f6a62e33e6c7498":null,"_oembed_time_cc9ad5b5073a84776f6a62e33e6c7498":null,"_oembed_305147fcf4b856de518466e695c209cd":null,"_oembed_8517a877084ae01a5296813ee1d16a2b":null,"_oembed_2741f1556b243e68379198f98ba7f864":null,"_oembed_c3ffa24981451396c950ece2129da0f6":null,"_oembed_6f9091ebe2f3f5fcb5698ba6f4b41477":null,"_wp_old_slug":null,"_oembed_e4fb0f68ba12b85e9e231afe151ba12a":null,"_oembed_3c60e98bd703e617e67f5bbb3b97424d":null,"_oembed_bb060374498dcf40cb6068efe4be87e1":null,"_oembed_d0403e1e71c3a29020bd546b159480f1":null,"_oembed_b030ff17fbbbf8661c59c2ab8ff289eb":null,"_oembed_5cec699ba0631c6c0e4ba4f6af5f228e":null,"_oembed_b06a67f278b90cf4e8dd17cb12fe67b0":null,"_oembed_8e190e4fea2256f17420434651556236":null,"_oembed_b5ded119f1337916a0fc64d2ad85c95f":null,"_oembed_d9364a7a81be31c01415da2c50a48932":null,"_oembed_738cafa36d51a58e5ae3e458aa8f7584":null,"_oembed_ebcab5184b6b321b28efbcbec079859b":null,"_oembed_3dd9e35c2b7b268070e74da5b89cf937":null,"_oembed_e14b167b493e311a1c4e2aab38a463e8":null,"_oembed_dc8f7d108b38f3f0c2e0785b8bc46cae":null,"_oembed_55cf1c5142884afed312c2666bf27520":null,"_oembed_2292333bf03a956b4b61afafeff6bca0":null,"_oembed_82a986a6b900856fec23169de03a0038":null,"_oembed_4048ded025352b83569104210074165a":null,"_oembed_033b42b1af757abc39e4487233cee7f5":null,"_oembed_aec1d50f2b159366be8e37e94b201be1":null,"_oembed_0adc8480b2fcadf9a1733f572ce3d3f8":null,"_yoast_wpseo_title":null,"_yoast_wpseo_focuskw":null,"_yoast_wpseo_linkdex":null,"_yoast_wpseo_metadesc":null,"_yoast_wpseo_wordproof_timestamp":null,"_tpl_archive_meta_key":null,"_form":null,"_mail":null,"_mail_2":null,"_messages":null,"_additional_settings":null,"_locale":null,"_wp_old_date":null,"_edit_last":"5","_wpb_vc_js_status":"false","_yoast_wpseo_estimated-reading-time-minutes":"2","_edit_lock":"1691094022:5","_yoast_wpseo_content_score":"60","yoast_head":"<!-- This site is optimized with the Yoast SEO plugin v24.3 - https:\/\/yoast.com\/wordpress\/plugins\/seo\/ -->\n<title>Acoustique b\u00e2timent et construction: la propagation des sons - La Maison naturelle | Blog<\/title>\n<meta name=\"robots\" content=\"index, follow, max-snippet:-1, max-image-preview:large, max-video-preview:-1\" \/>\n<link rel=\"canonical\" href=\"https:\/\/www.la-maison-naturelle.com\/blog\/mie-acoustique-batiment-et-construction-la-propagation-des-sons\/\" \/>\n<meta property=\"og:locale\" content=\"fr_FR\" \/>\n<meta property=\"og:type\" content=\"article\" \/>\n<meta property=\"og:title\" content=\"Acoustique b\u00e2timent et construction: la propagation des sons - La Maison naturelle | Blog\" \/>\n<meta property=\"og:description\" content=\"La pollution sonore est un fl\u00e9au moderne \u00e0 \u00e9radiquer absolument. Pour y arriver, il convient de comprendre le processus de la propagation du bruit. La mesure du son Avant toute chose, il est peut-\u00eatre mieux de commencer par parler des grandeurs caract\u00e9ristiques du son. Le bruit sonore est mesur\u00e9 selon sa hauteur exprim\u00e9e en Hertz. [&hellip;]\" \/>\n<meta property=\"og:url\" content=\"https:\/\/www.la-maison-naturelle.com\/blog\/mie-acoustique-batiment-et-construction-la-propagation-des-sons\/\" \/>\n<meta property=\"og:site_name\" content=\"La Maison naturelle | Blog\" \/>\n<meta property=\"article:published_time\" content=\"2015-05-24T15:50:19+00:00\" \/>\n<meta property=\"article:modified_time\" content=\"2023-08-03T20:20:21+00:00\" \/>\n<meta name=\"author\" content=\"Eloise\" \/>\n<meta name=\"twitter:card\" content=\"summary_large_image\" \/>\n<meta name=\"twitter:label1\" content=\"\u00c9crit par\" \/>\n\t<meta name=\"twitter:data1\" content=\"Eloise\" \/>\n\t<meta name=\"twitter:label2\" content=\"Dur\u00e9e de lecture estim\u00e9e\" \/>\n\t<meta name=\"twitter:data2\" content=\"2 minutes\" \/>\n<script type=\"application\/ld+json\" class=\"yoast-schema-graph\">{\"@context\":\"https:\/\/schema.org\",\"@graph\":[{\"@type\":\"Article\",\"@id\":\"https:\/\/www.la-maison-naturelle.com\/blog\/mie-acoustique-batiment-et-construction-la-propagation-des-sons\/#article\",\"isPartOf\":{\"@id\":\"https:\/\/www.la-maison-naturelle.com\/blog\/mie-acoustique-batiment-et-construction-la-propagation-des-sons\/\"},\"author\":{\"name\":\"Eloise\",\"@id\":\"https:\/\/www.la-maison-naturelle.com\/blog\/#\/schema\/person\/cad2a9ed80410189f0688441d546d43f\"},\"headline\":\"Acoustique b\u00e2timent et construction: la propagation des sons\",\"datePublished\":\"2015-05-24T15:50:19+00:00\",\"dateModified\":\"2023-08-03T20:20:21+00:00\",\"mainEntityOfPage\":{\"@id\":\"https:\/\/www.la-maison-naturelle.com\/blog\/mie-acoustique-batiment-et-construction-la-propagation-des-sons\/\"},\"wordCount\":425,\"commentCount\":0,\"publisher\":{\"@id\":\"https:\/\/www.la-maison-naturelle.com\/blog\/#organization\"},\"articleSection\":[\"Les dossiers\"],\"inLanguage\":\"fr-FR\",\"potentialAction\":[{\"@type\":\"CommentAction\",\"name\":\"Comment\",\"target\":[\"https:\/\/www.la-maison-naturelle.com\/blog\/mie-acoustique-batiment-et-construction-la-propagation-des-sons\/#respond\"]}]},{\"@type\":\"WebPage\",\"@id\":\"https:\/\/www.la-maison-naturelle.com\/blog\/mie-acoustique-batiment-et-construction-la-propagation-des-sons\/\",\"url\":\"https:\/\/www.la-maison-naturelle.com\/blog\/mie-acoustique-batiment-et-construction-la-propagation-des-sons\/\",\"name\":\"Acoustique b\u00e2timent et construction: la propagation des sons - La Maison naturelle | Blog\",\"isPartOf\":{\"@id\":\"https:\/\/www.la-maison-naturelle.com\/blog\/#website\"},\"datePublished\":\"2015-05-24T15:50:19+00:00\",\"dateModified\":\"2023-08-03T20:20:21+00:00\",\"breadcrumb\":{\"@id\":\"https:\/\/www.la-maison-naturelle.com\/blog\/mie-acoustique-batiment-et-construction-la-propagation-des-sons\/#breadcrumb\"},\"inLanguage\":\"fr-FR\",\"potentialAction\":[{\"@type\":\"ReadAction\",\"target\":[\"https:\/\/www.la-maison-naturelle.com\/blog\/mie-acoustique-batiment-et-construction-la-propagation-des-sons\/\"]}]},{\"@type\":\"BreadcrumbList\",\"@id\":\"https:\/\/www.la-maison-naturelle.com\/blog\/mie-acoustique-batiment-et-construction-la-propagation-des-sons\/#breadcrumb\",\"itemListElement\":[{\"@type\":\"ListItem\",\"position\":1,\"name\":\"Accueil\",\"item\":\"https:\/\/www.la-maison-naturelle.com\/blog\/\"},{\"@type\":\"ListItem\",\"position\":2,\"name\":\"Acoustique b\u00e2timent et construction: la propagation des sons\"}]},{\"@type\":\"WebSite\",\"@id\":\"https:\/\/www.la-maison-naturelle.com\/blog\/#website\",\"url\":\"https:\/\/www.la-maison-naturelle.com\/blog\/\",\"name\":\"La Maison naturelle | Blog\",\"description\":\"Blog de la Maison naturelle\",\"publisher\":{\"@id\":\"https:\/\/www.la-maison-naturelle.com\/blog\/#organization\"},\"potentialAction\":[{\"@type\":\"SearchAction\",\"target\":{\"@type\":\"EntryPoint\",\"urlTemplate\":\"https:\/\/www.la-maison-naturelle.com\/blog\/?s={search_term_string}\"},\"query-input\":{\"@type\":\"PropertyValueSpecification\",\"valueRequired\":true,\"valueName\":\"search_term_string\"}}],\"inLanguage\":\"fr-FR\"},{\"@type\":\"Organization\",\"@id\":\"https:\/\/www.la-maison-naturelle.com\/blog\/#organization\",\"name\":\"La Maison naturelle | Blog\",\"url\":\"https:\/\/www.la-maison-naturelle.com\/blog\/\",\"logo\":{\"@type\":\"ImageObject\",\"inLanguage\":\"fr-FR\",\"@id\":\"https:\/\/www.la-maison-naturelle.com\/blog\/#\/schema\/logo\/image\/\",\"url\":\"https:\/\/www.la-maison-naturelle.com\/blog\/wp-content\/uploads\/2021\/07\/maison-naturelle-logo.svg\",\"contentUrl\":\"https:\/\/www.la-maison-naturelle.com\/blog\/wp-content\/uploads\/2021\/07\/maison-naturelle-logo.svg\",\"width\":156,\"height\":64,\"caption\":\"La Maison naturelle | Blog\"},\"image\":{\"@id\":\"https:\/\/www.la-maison-naturelle.com\/blog\/#\/schema\/logo\/image\/\"}},{\"@type\":\"Person\",\"@id\":\"https:\/\/www.la-maison-naturelle.com\/blog\/#\/schema\/person\/cad2a9ed80410189f0688441d546d43f\",\"name\":\"Eloise\",\"image\":{\"@type\":\"ImageObject\",\"inLanguage\":\"fr-FR\",\"@id\":\"https:\/\/www.la-maison-naturelle.com\/blog\/#\/schema\/person\/image\/\",\"url\":\"https:\/\/secure.gravatar.com\/avatar\/344186806f5e8613d4a2109f3b0228a847a7c0858a8023778c44bdcfc1111df9?s=96&d=mm&r=g\",\"contentUrl\":\"https:\/\/secure.gravatar.com\/avatar\/344186806f5e8613d4a2109f3b0228a847a7c0858a8023778c44bdcfc1111df9?s=96&d=mm&r=g\",\"caption\":\"Eloise\"},\"sameAs\":[\"https:\/\/www.la-maison-naturelle.com\/\"],\"url\":\"https:\/\/www.la-maison-naturelle.com\/blog\/author\/idries\/\"}]}<\/script>\n<!-- \/ Yoast SEO plugin. -->","yoast_head_json":{"title":"Acoustique b\u00e2timent et construction: la propagation des sons - La Maison naturelle | Blog","robots":{"index":"index","follow":"follow","max-snippet":"max-snippet:-1","max-image-preview":"max-image-preview:large","max-video-preview":"max-video-preview:-1"},"canonical":"https:\/\/www.la-maison-naturelle.com\/blog\/mie-acoustique-batiment-et-construction-la-propagation-des-sons\/","og_locale":"fr_FR","og_type":"article","og_title":"Acoustique b\u00e2timent et construction: la propagation des sons - La Maison naturelle | Blog","og_description":"La pollution sonore est un fl\u00e9au moderne \u00e0 \u00e9radiquer absolument. Pour y arriver, il convient de comprendre le processus de la propagation du bruit. La mesure du son Avant toute chose, il est peut-\u00eatre mieux de commencer par parler des grandeurs caract\u00e9ristiques du son. Le bruit sonore est mesur\u00e9 selon sa hauteur exprim\u00e9e en Hertz. [&hellip;]","og_url":"https:\/\/www.la-maison-naturelle.com\/blog\/mie-acoustique-batiment-et-construction-la-propagation-des-sons\/","og_site_name":"La Maison naturelle | Blog","article_published_time":"2015-05-24T15:50:19+00:00","article_modified_time":"2023-08-03T20:20:21+00:00","author":"Eloise","twitter_card":"summary_large_image","twitter_misc":{"\u00c9crit par":"Eloise","Dur\u00e9e de lecture estim\u00e9e":"2 minutes"},"schema":{"@context":"https:\/\/schema.org","@graph":[{"@type":"Article","@id":"https:\/\/www.la-maison-naturelle.com\/blog\/mie-acoustique-batiment-et-construction-la-propagation-des-sons\/#article","isPartOf":{"@id":"https:\/\/www.la-maison-naturelle.com\/blog\/mie-acoustique-batiment-et-construction-la-propagation-des-sons\/"},"author":{"name":"Eloise","@id":"https:\/\/www.la-maison-naturelle.com\/blog\/#\/schema\/person\/cad2a9ed80410189f0688441d546d43f"},"headline":"Acoustique b\u00e2timent et construction: la propagation des sons","datePublished":"2015-05-24T15:50:19+00:00","dateModified":"2023-08-03T20:20:21+00:00","mainEntityOfPage":{"@id":"https:\/\/www.la-maison-naturelle.com\/blog\/mie-acoustique-batiment-et-construction-la-propagation-des-sons\/"},"wordCount":425,"commentCount":0,"publisher":{"@id":"https:\/\/www.la-maison-naturelle.com\/blog\/#organization"},"articleSection":["Les dossiers"],"inLanguage":"fr-FR","potentialAction":[{"@type":"CommentAction","name":"Comment","target":["https:\/\/www.la-maison-naturelle.com\/blog\/mie-acoustique-batiment-et-construction-la-propagation-des-sons\/#respond"]}]},{"@type":"WebPage","@id":"https:\/\/www.la-maison-naturelle.com\/blog\/mie-acoustique-batiment-et-construction-la-propagation-des-sons\/","url":"https:\/\/www.la-maison-naturelle.com\/blog\/mie-acoustique-batiment-et-construction-la-propagation-des-sons\/","name":"Acoustique b\u00e2timent et construction: la propagation des sons - La Maison naturelle | Blog","isPartOf":{"@id":"https:\/\/www.la-maison-naturelle.com\/blog\/#website"},"datePublished":"2015-05-24T15:50:19+00:00","dateModified":"2023-08-03T20:20:21+00:00","breadcrumb":{"@id":"https:\/\/www.la-maison-naturelle.com\/blog\/mie-acoustique-batiment-et-construction-la-propagation-des-sons\/#breadcrumb"},"inLanguage":"fr-FR","potentialAction":[{"@type":"ReadAction","target":["https:\/\/www.la-maison-naturelle.com\/blog\/mie-acoustique-batiment-et-construction-la-propagation-des-sons\/"]}]},{"@type":"BreadcrumbList","@id":"https:\/\/www.la-maison-naturelle.com\/blog\/mie-acoustique-batiment-et-construction-la-propagation-des-sons\/#breadcrumb","itemListElement":[{"@type":"ListItem","position":1,"name":"Accueil","item":"https:\/\/www.la-maison-naturelle.com\/blog\/"},{"@type":"ListItem","position":2,"name":"Acoustique b\u00e2timent et construction: la propagation des sons"}]},{"@type":"WebSite","@id":"https:\/\/www.la-maison-naturelle.com\/blog\/#website","url":"https:\/\/www.la-maison-naturelle.com\/blog\/","name":"La Maison naturelle | Blog","description":"Blog de la Maison naturelle","publisher":{"@id":"https:\/\/www.la-maison-naturelle.com\/blog\/#organization"},"potentialAction":[{"@type":"SearchAction","target":{"@type":"EntryPoint","urlTemplate":"https:\/\/www.la-maison-naturelle.com\/blog\/?s={search_term_string}"},"query-input":{"@type":"PropertyValueSpecification","valueRequired":true,"valueName":"search_term_string"}}],"inLanguage":"fr-FR"},{"@type":"Organization","@id":"https:\/\/www.la-maison-naturelle.com\/blog\/#organization","name":"La Maison naturelle | Blog","url":"https:\/\/www.la-maison-naturelle.com\/blog\/","logo":{"@type":"ImageObject","inLanguage":"fr-FR","@id":"https:\/\/www.la-maison-naturelle.com\/blog\/#\/schema\/logo\/image\/","url":"https:\/\/www.la-maison-naturelle.com\/blog\/wp-content\/uploads\/2021\/07\/maison-naturelle-logo.svg","contentUrl":"https:\/\/www.la-maison-naturelle.com\/blog\/wp-content\/uploads\/2021\/07\/maison-naturelle-logo.svg","width":156,"height":64,"caption":"La Maison naturelle | Blog"},"image":{"@id":"https:\/\/www.la-maison-naturelle.com\/blog\/#\/schema\/logo\/image\/"}},{"@type":"Person","@id":"https:\/\/www.la-maison-naturelle.com\/blog\/#\/schema\/person\/cad2a9ed80410189f0688441d546d43f","name":"Eloise","image":{"@type":"ImageObject","inLanguage":"fr-FR","@id":"https:\/\/www.la-maison-naturelle.com\/blog\/#\/schema\/person\/image\/","url":"https:\/\/secure.gravatar.com\/avatar\/344186806f5e8613d4a2109f3b0228a847a7c0858a8023778c44bdcfc1111df9?s=96&d=mm&r=g","contentUrl":"https:\/\/secure.gravatar.com\/avatar\/344186806f5e8613d4a2109f3b0228a847a7c0858a8023778c44bdcfc1111df9?s=96&d=mm&r=g","caption":"Eloise"},"sameAs":["https:\/\/www.la-maison-naturelle.com\/"],"url":"https:\/\/www.la-maison-naturelle.com\/blog\/author\/idries\/"}]}},"_links":{"self":[{"href":"https:\/\/www.la-maison-naturelle.com\/blog\/wp-json\/wp\/v2\/posts\/2654","targetHints":{"allow":["GET"]}}],"collection":[{"href":"https:\/\/www.la-maison-naturelle.com\/blog\/wp-json\/wp\/v2\/posts"}],"about":[{"href":"https:\/\/www.la-maison-naturelle.com\/blog\/wp-json\/wp\/v2\/types\/post"}],"author":[{"embeddable":true,"href":"https:\/\/www.la-maison-naturelle.com\/blog\/wp-json\/wp\/v2\/users\/5"}],"replies":[{"embeddable":true,"href":"https:\/\/www.la-maison-naturelle.com\/blog\/wp-json\/wp\/v2\/comments?post=2654"}],"version-history":[{"count":2,"href":"https:\/\/www.la-maison-naturelle.com\/blog\/wp-json\/wp\/v2\/posts\/2654\/revisions"}],"predecessor-version":[{"id":5344,"href":"https:\/\/www.la-maison-naturelle.com\/blog\/wp-json\/wp\/v2\/posts\/2654\/revisions\/5344"}],"wp:attachment":[{"href":"https:\/\/www.la-maison-naturelle.com\/blog\/wp-json\/wp\/v2\/media?parent=2654"}],"wp:term":[{"taxonomy":"category","embeddable":true,"href":"https:\/\/www.la-maison-naturelle.com\/blog\/wp-json\/wp\/v2\/categories?post=2654"},{"taxonomy":"post_tag","embeddable":true,"href":"https:\/\/www.la-maison-naturelle.com\/blog\/wp-json\/wp\/v2\/tags?post=2654"}],"curies":[{"name":"wp","href":"https:\/\/api.w.org\/{rel}","templated":true}]}}