{"id":2559,"date":"2013-01-14T11:44:28","date_gmt":"2013-01-14T10:44:28","guid":{"rendered":"https:\/\/www.la-maison-naturelle.com\/blog\/?p=2559"},"modified":"2023-07-30T19:28:46","modified_gmt":"2023-07-30T17:28:46","slug":"isonat-se-demarque-et-deroule-son-bilan-2013","status":"publish","type":"post","link":"https:\/\/www.la-maison-naturelle.com\/blog\/isonat-se-demarque-et-deroule-son-bilan-2013\/","title":{"rendered":"Isonat : la mont\u00e9e en puissance en 2013"},"content":{"rendered":"<p><a href=\"https:\/\/www.la-maison-naturelle.com\/brand\/4-isonat\" data-internallinksmanager029f6b8e52c=\"75\" title=\"ISONAT\">Isonat<\/a> se d\u00e9marque et d\u00e9roule son bilan 2013<\/p>\n<p>Un bilan d\u00e9veloppement 2013 exceptionnel pour les produits en fibre de bois de la Gamme ISONAT.<\/p>\n<p>Isolation thermique et acoustique naturelle<\/p>\n<p>La marque <a href=\"https:\/\/www.la-maison-naturelle.com\/5030-isonat-flex-55\">Isonat<\/a> by Buitex sp\u00e9cialis\u00e9e dans les isolants thermiques et acoustiques naturels depuis les ann\u00e9es 90, a d\u00e9velopp\u00e9 des gammes de panneaux isolants en fibres de bois, laine de bois et <a href=\"https:\/\/www.la-maison-naturelle.com\/3055-laine-de-chanvre\" data-internallinksmanager029f6b8e52c=\"4\" title=\"isolation chanvre\">chanvre<\/a> et des isolants en vrac \u00e0 base de textiles recycl\u00e9s et de fibres en <a href=\"https:\/\/www.la-maison-naturelle.com\/3004-ouate-de-cellulose\" data-internallinksmanager029f6b8e52c=\"72\" title=\"ouate de cellulose\">ouate de cellulose<\/a> qui ont trouv\u00e9 progressivement leur place sur le march\u00e9 de l&rsquo;isolation comme isolants et mat\u00e9riaux naturels en phase avec le d\u00e9veloppement durable.<\/p>\n<p>Le d\u00e9partement Recherche &amp; D\u00e9veloppement de la soci\u00e9t\u00e9 Buitex a d\u00e9velopp\u00e9 en quelques ann\u00e9es de nombreuses les innovations qui ont re\u00e7u l&rsquo;approbation, tant des professionnels de la construction : entreprises et architectes, que des auto-constructeurs ainsi que l&rsquo;agr\u00e9ment des institutionnels et le soutien des pouvoirs publics.<\/p>\n<p>Une ann\u00e9e bien remplie pour ISONAT:<\/p>\n<p>F\u00e9vrier 2013 : Isonat pr\u00e9sente son nouvel isolant bio-sourc\u00e9 <a href=\"https:\/\/www.la-maison-naturelle.com\/5364-cotonwool-laine-de-coton-pour-murs-interieurs\" data-internallinksmanager029f6b8e52c=\"73\" title=\"cotonwool\">Cotonwool<\/a> qui remporte les faveurs du jury du salon de l&rsquo;innovation \u00e0 Lyon. Isonat Cotonwool est le laur\u00e9<a href=\"https:\/\/www.la-maison-naturelle.com\/blog\/avis-technique-du-cstb\/\" data-internallinksmanager029f6b8e52c=\"153\" title=\"C'est quoi un Avis technique du CSTB?\">at<\/a> du concours de l&rsquo;innovation au salon BATIMENT ENERGIE POSITIVE BE+ de Lyon. Cotonwool est compos\u00e9 de fibres textiles issues de la revalorisation des r\u00e9sidus de l\u2019industrie et de la confection. Avec une <a href=\"https:\/\/www.la-maison-naturelle.com\/blog\/la-densite-dun-isolant\/\" data-internallinksmanager029f6b8e52c=\"124\" title=\"Qu'est-ce que la densit\u00e9 d'un isolant ?\">densit\u00e9<\/a> de 10 kg\/m3, l&rsquo;<a href=\"https:\/\/www.la-maison-naturelle.com\/5273-isolation\" data-internallinksmanager029f6b8e52c=\"149\" title=\"isolation ecologique\">isolant naturel<\/a> Cotonwool compte parmi les meilleurs rapports poids\/performance\/prix des mat\u00e9riaux isolants \u00e9cologiques du march\u00e9. La quantit\u00e9 \u00e0 souffler est jusqu\u2019\u00e0 3 fois moins importante que pour les produits concurrents.<\/p>\n<p>Mai 2013<\/p>\n<p>Le tout premier <a href=\"https:\/\/www.la-maison-naturelle.com\/3205-fibre-de-bois-rigide\" data-internallinksmanager029f6b8e52c=\"130\" title=\"panneaux rigides\">panneau rigide<\/a> pour l&rsquo;ITE est fabriqu\u00e9 par l&rsquo;unit\u00e9 de production Buitex, situ\u00e9e \u00e0 Roanne dans le d\u00e9partement de la Loire\u00a0 sur un terrain de 4 ha, c\u00e9d\u00e9 par la ville de Roanne qui accueille un b\u00e2timent de 5000 m\u00b2. Ce nouvel outil industriel accompagne la d\u00e9marche d\u2019innovation des mat\u00e9riaux isolants bio-sourc\u00e9s, initi\u00e9e par Buitex qui\u00a0 int\u00e8gre toutes les \u00e9tapes de production , depuis la r\u00e9ception des mati\u00e8res premi\u00e8res , jusqu\u2019au conditionnement final.<\/p>\n<p>Octobre 2013<\/p>\n<p>La fabrication de panneaux isolants rigides de la nouvelle usine de Buitex, lanc\u00e9e au printemps est inaugur\u00e9e par le pr\u00e9sident de la r\u00e9publique en personne en octobre 2013. Ce nouvel outil industriel est d\u00e9di\u00e9 \u00e0 la production d\u2019Isonat Fiberwood , la gamme d\u2019isolants en fibre de bois rigides\u00a0 destin\u00e9e \u00e0 l\u2019 Isolation Thermique Ext\u00e9rieure. La gamme Fiberwood est la gamme la plus compl\u00e8te du march\u00e9 fran\u00e7ais, fabriqu\u00e9e exclusivement sur le site de Roanne en Rh\u00f4ne-Alpes. Elle est constitu\u00e9e de 3 cat\u00e9gories de produits panneaux de sur-toiture Duoprotect, les panneaux de sous-toiture en mode \u00ab\u00a0<a href=\"https:\/\/www.la-maison-naturelle.com\/blog\/une-isolation-sarking\/\" data-internallinksmanager029f6b8e52c=\"100\" title=\"Qu'est-ce qu'une isolation sarking ?\">sarking<\/a>\u00a0\u00bb <a href=\"https:\/\/www.la-maison-naturelle.com\/isonat-multisol-140-support-d-enduit\/10262-fibre-de-bois-rigide-en-panneau-isonat-fiberwood-multisol-rainures-languettes-epaisseur-60mm-1872mm-x-572mm-r-1-46-3596265221924.html\" data-internallinksmanager029f6b8e52c=\"152\" title=\"multisol\">Multisol<\/a> , et les panneaux ITE support d&rsquo;enduit : Cover.<\/p>\n<p>Novembre 2013<\/p>\n<p>Au salon Batimat de Paris d\u00e9but novembre 2013, ISONAT pr\u00e9sente ses gammes et participe \u00e0 un atelier sur le th\u00e8me du d\u00e9veloppement durable. Buitex pr\u00e9sente son nouveau produit Cotonwool. Isonat Cotonwool est le premier isolant naturel certifi\u00e9 <a href=\"https:\/\/www.la-maison-naturelle.com\/blog\/un-acermi\/\" data-internallinksmanager029f6b8e52c=\"77\" title=\"ACERMI\">ACERMI<\/a> gr\u00e2ce au nouveau R\u00e9f\u00e9rentiel Tremplin ! La Responsable Technique et D\u00e9veloppement de Isonat-Buitex, pr\u00e9sente le retour d\u2019exp\u00e9rience de la marque sur BATIMAT dans le cadre de la conf\u00e9rence \u00ab Les 30 ans d\u2019ACERMI &#8211; la marque de certification des isolants au service des professionnels \u00bb.<\/p>\n<p>D\u00e9cembre 2013<\/p>\n<p>JP Buisson PDG de BUITEX\/ISONAT re\u00e7oit les encouragements de la presse r\u00e9gionale. Isonat est laur\u00e9at du \u00ab coup de c\u0153ur de l&rsquo;environnement et de l&rsquo;\u00e9conomie durable \u00bb. Le concours est organis\u00e9 par le magazine Vox en partenariat avec EDF.<\/p>\n<p>Le troph\u00e9e r\u00e9compensant les entreprises innovantes de la r\u00e9gion Rh\u00f4ne-Alpes, est remport\u00e9 par la marque Isonat et remis \u00e0 Jean-Pierre Buisson par Mme la vice-pr\u00e9sidente de l\u2019agglom\u00e9ration charg\u00e9e des milieux naturels et du fleuve Loire et par le directeur des collectivit\u00e9s locales Rh\u00f4ne-Alpes Auvergne d\u2019EDF.<\/p>\n<p>L&rsquo;ann\u00e9e 2013 aura \u00e9t\u00e9 une p\u00e9riode charni\u00e8re et un tremplin marquant et m\u00e9morable pour aborder avec s\u00e9r\u00e9nit\u00e9 les ann\u00e9es d&rsquo;apr\u00e8s crise, gr\u00e2ce \u00e0 la capacit\u00e9 d&rsquo;innovation de la soci\u00e9t\u00e9 Buitex. La gamme d\u2019isolants naturels ISONAT a \u00e9t\u00e9 d\u00e9velopp\u00e9e pour se substituer aux isolants habituels. Tous les isolants \u00e9cologiques Isonat garantissent des qualit\u00e9s d\u2019 isolation thermique et phonique\u00a0 \u00e9quivalentes ou sup\u00e9rieures aux produits traditionnels.<\/p>\n<h3>Innovation Buitex\/isover :<\/h3>\n<p>Pr\u00e9sent\u00e9 au salon Batimat 2013, l&rsquo;isolant \u00e0 base de\u00a0 fibre de bois + laine de verre\u00a0 ISODU0 36 de chez Isover est fabriqu\u00e9 dans l&rsquo;unit\u00e9 de production BUITEX de Cours-la-Ville.<\/p>\n","protected":false},"excerpt":{"rendered":"<p>Isonat se d\u00e9marque et d\u00e9roule son bilan 2013 Un bilan d\u00e9veloppement 2013 exceptionnel pour les produits en fibre de bois de la Gamme ISONAT. Isolation thermique et acoustique naturelle La marque Isonat by Buitex sp\u00e9cialis\u00e9e dans les isolants thermiques et acoustiques naturels depuis les ann\u00e9es 90, a d\u00e9velopp\u00e9 des gammes de panneaux isolants en fibres [&hellip;]<\/p>\n","protected":false},"author":5,"featured_media":3611,"comment_status":"open","ping_status":"open","sticky":false,"template":"","format":"standard","meta":{"footnotes":""},"categories":[4],"tags":[],"class_list":["post-2559","post","type-post","status-publish","format-standard","has-post-thumbnail","hentry","category-actualites-produits"],"_wp_attached_file":null,"_wp_attachment_metadata":null,"_wp_attachment_context":null,"_wp_attachment_image_alt":null,"_hf_settings":null,"hf_message_success":null,"hf_message_invalid_email":null,"hf_message_required_field_missing":null,"hf_message_error":null,"_menu_item_type":null,"_menu_item_menu_item_parent":null,"_menu_item_object_id":null,"_menu_item_object":null,"_menu_item_target":null,"_menu_item_classes":null,"_menu_item_xfn":null,"_menu_item_url":null,"_yoast_wpseo_primary_category":"4","_thumbnail_id":"3611","_oembed_26d84b2c06432105b0a19987ae029a71":null,"_oembed_43e9e2dfde1b9b4ed91c9711026b7ef9":null,"_oembed_1fe1564764edbddc3b61e81acf52be88":null,"_oembed_df60f474cd845141e7ce6596d101e4a0":null,"_oembed_825e674795e2435c0bc66eb08e5d2c8b":null,"_oembed_time_825e674795e2435c0bc66eb08e5d2c8b":null,"_oembed_e917352ff4cc21ea91383201eeaa08cf":null,"_oembed_2363c16c972791c33e283320dc564fce":null,"_oembed_cc9ad5b5073a84776f6a62e33e6c7498":null,"_oembed_time_cc9ad5b5073a84776f6a62e33e6c7498":null,"_oembed_305147fcf4b856de518466e695c209cd":null,"_oembed_8517a877084ae01a5296813ee1d16a2b":null,"_oembed_2741f1556b243e68379198f98ba7f864":null,"_oembed_c3ffa24981451396c950ece2129da0f6":null,"_oembed_6f9091ebe2f3f5fcb5698ba6f4b41477":null,"_wp_old_slug":null,"_oembed_e4fb0f68ba12b85e9e231afe151ba12a":null,"_oembed_3c60e98bd703e617e67f5bbb3b97424d":null,"_oembed_bb060374498dcf40cb6068efe4be87e1":null,"_oembed_d0403e1e71c3a29020bd546b159480f1":null,"_oembed_b030ff17fbbbf8661c59c2ab8ff289eb":null,"_oembed_5cec699ba0631c6c0e4ba4f6af5f228e":null,"_oembed_b06a67f278b90cf4e8dd17cb12fe67b0":null,"_oembed_8e190e4fea2256f17420434651556236":null,"_oembed_b5ded119f1337916a0fc64d2ad85c95f":null,"_oembed_d9364a7a81be31c01415da2c50a48932":null,"_oembed_738cafa36d51a58e5ae3e458aa8f7584":null,"_oembed_ebcab5184b6b321b28efbcbec079859b":null,"_oembed_3dd9e35c2b7b268070e74da5b89cf937":null,"_oembed_e14b167b493e311a1c4e2aab38a463e8":null,"_oembed_dc8f7d108b38f3f0c2e0785b8bc46cae":null,"_oembed_55cf1c5142884afed312c2666bf27520":null,"_oembed_2292333bf03a956b4b61afafeff6bca0":null,"_oembed_82a986a6b900856fec23169de03a0038":null,"_oembed_4048ded025352b83569104210074165a":null,"_oembed_033b42b1af757abc39e4487233cee7f5":null,"_oembed_aec1d50f2b159366be8e37e94b201be1":null,"_oembed_0adc8480b2fcadf9a1733f572ce3d3f8":null,"_yoast_wpseo_title":null,"_yoast_wpseo_focuskw":null,"_yoast_wpseo_linkdex":null,"_yoast_wpseo_metadesc":null,"_yoast_wpseo_wordproof_timestamp":"","_tpl_archive_meta_key":null,"_form":null,"_mail":null,"_mail_2":null,"_messages":null,"_additional_settings":null,"_locale":null,"_wp_old_date":"2022-08-25","_edit_last":"5","_wpb_vc_js_status":"false","_yoast_wpseo_estimated-reading-time-minutes":"4","_edit_lock":"1690737993:5","_yoast_wpseo_content_score":"30","yoast_head":"<!-- This site is optimized with the Yoast SEO plugin v24.3 - https:\/\/yoast.com\/wordpress\/plugins\/seo\/ -->\n<title>Isonat : la mont\u00e9e en puissance en 2013 - La Maison naturelle | Blog<\/title>\n<meta name=\"robots\" content=\"index, follow, max-snippet:-1, max-image-preview:large, max-video-preview:-1\" \/>\n<link rel=\"canonical\" href=\"https:\/\/www.la-maison-naturelle.com\/blog\/isonat-se-demarque-et-deroule-son-bilan-2013\/\" \/>\n<meta property=\"og:locale\" content=\"fr_FR\" \/>\n<meta property=\"og:type\" content=\"article\" \/>\n<meta property=\"og:title\" content=\"Isonat : la mont\u00e9e en puissance en 2013 - La Maison naturelle | Blog\" \/>\n<meta property=\"og:description\" content=\"Isonat se d\u00e9marque et d\u00e9roule son bilan 2013 Un bilan d\u00e9veloppement 2013 exceptionnel pour les produits en fibre de bois de la Gamme ISONAT. Isolation thermique et acoustique naturelle La marque Isonat by Buitex sp\u00e9cialis\u00e9e dans les isolants thermiques et acoustiques naturels depuis les ann\u00e9es 90, a d\u00e9velopp\u00e9 des gammes de panneaux isolants en fibres [&hellip;]\" \/>\n<meta property=\"og:url\" content=\"https:\/\/www.la-maison-naturelle.com\/blog\/isonat-se-demarque-et-deroule-son-bilan-2013\/\" \/>\n<meta property=\"og:site_name\" content=\"La Maison naturelle | Blog\" \/>\n<meta property=\"article:published_time\" content=\"2013-01-14T10:44:28+00:00\" \/>\n<meta property=\"article:modified_time\" content=\"2023-07-30T17:28:46+00:00\" \/>\n<meta property=\"og:image\" content=\"https:\/\/www.la-maison-naturelle.com\/blog\/wp-content\/uploads\/2010\/08\/telechargement-1.jpg\" \/>\n\t<meta property=\"og:image:width\" content=\"305\" \/>\n\t<meta property=\"og:image:height\" content=\"165\" \/>\n\t<meta property=\"og:image:type\" content=\"image\/jpeg\" \/>\n<meta name=\"author\" content=\"Eloise\" \/>\n<meta name=\"twitter:card\" content=\"summary_large_image\" \/>\n<meta name=\"twitter:label1\" content=\"\u00c9crit par\" \/>\n\t<meta name=\"twitter:data1\" content=\"Eloise\" \/>\n\t<meta name=\"twitter:label2\" content=\"Dur\u00e9e de lecture estim\u00e9e\" \/>\n\t<meta name=\"twitter:data2\" content=\"4 minutes\" \/>\n<script type=\"application\/ld+json\" class=\"yoast-schema-graph\">{\"@context\":\"https:\/\/schema.org\",\"@graph\":[{\"@type\":\"Article\",\"@id\":\"https:\/\/www.la-maison-naturelle.com\/blog\/isonat-se-demarque-et-deroule-son-bilan-2013\/#article\",\"isPartOf\":{\"@id\":\"https:\/\/www.la-maison-naturelle.com\/blog\/isonat-se-demarque-et-deroule-son-bilan-2013\/\"},\"author\":{\"name\":\"Eloise\",\"@id\":\"https:\/\/www.la-maison-naturelle.com\/blog\/#\/schema\/person\/cad2a9ed80410189f0688441d546d43f\"},\"headline\":\"Isonat : la mont\u00e9e en puissance en 2013\",\"datePublished\":\"2013-01-14T10:44:28+00:00\",\"dateModified\":\"2023-07-30T17:28:46+00:00\",\"mainEntityOfPage\":{\"@id\":\"https:\/\/www.la-maison-naturelle.com\/blog\/isonat-se-demarque-et-deroule-son-bilan-2013\/\"},\"wordCount\":765,\"commentCount\":0,\"publisher\":{\"@id\":\"https:\/\/www.la-maison-naturelle.com\/blog\/#organization\"},\"image\":{\"@id\":\"https:\/\/www.la-maison-naturelle.com\/blog\/isonat-se-demarque-et-deroule-son-bilan-2013\/#primaryimage\"},\"thumbnailUrl\":\"https:\/\/www.la-maison-naturelle.com\/blog\/wp-content\/uploads\/2010\/08\/telechargement-1.jpg\",\"articleSection\":[\"Actualit\u00e9s produits\"],\"inLanguage\":\"fr-FR\",\"potentialAction\":[{\"@type\":\"CommentAction\",\"name\":\"Comment\",\"target\":[\"https:\/\/www.la-maison-naturelle.com\/blog\/isonat-se-demarque-et-deroule-son-bilan-2013\/#respond\"]}]},{\"@type\":\"WebPage\",\"@id\":\"https:\/\/www.la-maison-naturelle.com\/blog\/isonat-se-demarque-et-deroule-son-bilan-2013\/\",\"url\":\"https:\/\/www.la-maison-naturelle.com\/blog\/isonat-se-demarque-et-deroule-son-bilan-2013\/\",\"name\":\"Isonat : la mont\u00e9e en puissance en 2013 - La Maison naturelle | Blog\",\"isPartOf\":{\"@id\":\"https:\/\/www.la-maison-naturelle.com\/blog\/#website\"},\"primaryImageOfPage\":{\"@id\":\"https:\/\/www.la-maison-naturelle.com\/blog\/isonat-se-demarque-et-deroule-son-bilan-2013\/#primaryimage\"},\"image\":{\"@id\":\"https:\/\/www.la-maison-naturelle.com\/blog\/isonat-se-demarque-et-deroule-son-bilan-2013\/#primaryimage\"},\"thumbnailUrl\":\"https:\/\/www.la-maison-naturelle.com\/blog\/wp-content\/uploads\/2010\/08\/telechargement-1.jpg\",\"datePublished\":\"2013-01-14T10:44:28+00:00\",\"dateModified\":\"2023-07-30T17:28:46+00:00\",\"breadcrumb\":{\"@id\":\"https:\/\/www.la-maison-naturelle.com\/blog\/isonat-se-demarque-et-deroule-son-bilan-2013\/#breadcrumb\"},\"inLanguage\":\"fr-FR\",\"potentialAction\":[{\"@type\":\"ReadAction\",\"target\":[\"https:\/\/www.la-maison-naturelle.com\/blog\/isonat-se-demarque-et-deroule-son-bilan-2013\/\"]}]},{\"@type\":\"ImageObject\",\"inLanguage\":\"fr-FR\",\"@id\":\"https:\/\/www.la-maison-naturelle.com\/blog\/isonat-se-demarque-et-deroule-son-bilan-2013\/#primaryimage\",\"url\":\"https:\/\/www.la-maison-naturelle.com\/blog\/wp-content\/uploads\/2010\/08\/telechargement-1.jpg\",\"contentUrl\":\"https:\/\/www.la-maison-naturelle.com\/blog\/wp-content\/uploads\/2010\/08\/telechargement-1.jpg\",\"width\":305,\"height\":165},{\"@type\":\"BreadcrumbList\",\"@id\":\"https:\/\/www.la-maison-naturelle.com\/blog\/isonat-se-demarque-et-deroule-son-bilan-2013\/#breadcrumb\",\"itemListElement\":[{\"@type\":\"ListItem\",\"position\":1,\"name\":\"Accueil\",\"item\":\"https:\/\/www.la-maison-naturelle.com\/blog\/\"},{\"@type\":\"ListItem\",\"position\":2,\"name\":\"Isonat : la mont\u00e9e en puissance en 2013\"}]},{\"@type\":\"WebSite\",\"@id\":\"https:\/\/www.la-maison-naturelle.com\/blog\/#website\",\"url\":\"https:\/\/www.la-maison-naturelle.com\/blog\/\",\"name\":\"La Maison naturelle | Blog\",\"description\":\"Blog de la Maison naturelle\",\"publisher\":{\"@id\":\"https:\/\/www.la-maison-naturelle.com\/blog\/#organization\"},\"potentialAction\":[{\"@type\":\"SearchAction\",\"target\":{\"@type\":\"EntryPoint\",\"urlTemplate\":\"https:\/\/www.la-maison-naturelle.com\/blog\/?s={search_term_string}\"},\"query-input\":{\"@type\":\"PropertyValueSpecification\",\"valueRequired\":true,\"valueName\":\"search_term_string\"}}],\"inLanguage\":\"fr-FR\"},{\"@type\":\"Organization\",\"@id\":\"https:\/\/www.la-maison-naturelle.com\/blog\/#organization\",\"name\":\"La Maison naturelle | Blog\",\"url\":\"https:\/\/www.la-maison-naturelle.com\/blog\/\",\"logo\":{\"@type\":\"ImageObject\",\"inLanguage\":\"fr-FR\",\"@id\":\"https:\/\/www.la-maison-naturelle.com\/blog\/#\/schema\/logo\/image\/\",\"url\":\"https:\/\/www.la-maison-naturelle.com\/blog\/wp-content\/uploads\/2021\/07\/maison-naturelle-logo.svg\",\"contentUrl\":\"https:\/\/www.la-maison-naturelle.com\/blog\/wp-content\/uploads\/2021\/07\/maison-naturelle-logo.svg\",\"width\":156,\"height\":64,\"caption\":\"La Maison naturelle | Blog\"},\"image\":{\"@id\":\"https:\/\/www.la-maison-naturelle.com\/blog\/#\/schema\/logo\/image\/\"}},{\"@type\":\"Person\",\"@id\":\"https:\/\/www.la-maison-naturelle.com\/blog\/#\/schema\/person\/cad2a9ed80410189f0688441d546d43f\",\"name\":\"Eloise\",\"image\":{\"@type\":\"ImageObject\",\"inLanguage\":\"fr-FR\",\"@id\":\"https:\/\/www.la-maison-naturelle.com\/blog\/#\/schema\/person\/image\/\",\"url\":\"https:\/\/secure.gravatar.com\/avatar\/344186806f5e8613d4a2109f3b0228a847a7c0858a8023778c44bdcfc1111df9?s=96&d=mm&r=g\",\"contentUrl\":\"https:\/\/secure.gravatar.com\/avatar\/344186806f5e8613d4a2109f3b0228a847a7c0858a8023778c44bdcfc1111df9?s=96&d=mm&r=g\",\"caption\":\"Eloise\"},\"sameAs\":[\"https:\/\/www.la-maison-naturelle.com\/\"],\"url\":\"https:\/\/www.la-maison-naturelle.com\/blog\/author\/idries\/\"}]}<\/script>\n<!-- \/ Yoast SEO plugin. -->","yoast_head_json":{"title":"Isonat : la mont\u00e9e en puissance en 2013 - La Maison naturelle | Blog","robots":{"index":"index","follow":"follow","max-snippet":"max-snippet:-1","max-image-preview":"max-image-preview:large","max-video-preview":"max-video-preview:-1"},"canonical":"https:\/\/www.la-maison-naturelle.com\/blog\/isonat-se-demarque-et-deroule-son-bilan-2013\/","og_locale":"fr_FR","og_type":"article","og_title":"Isonat : la mont\u00e9e en puissance en 2013 - La Maison naturelle | Blog","og_description":"Isonat se d\u00e9marque et d\u00e9roule son bilan 2013 Un bilan d\u00e9veloppement 2013 exceptionnel pour les produits en fibre de bois de la Gamme ISONAT. Isolation thermique et acoustique naturelle La marque Isonat by Buitex sp\u00e9cialis\u00e9e dans les isolants thermiques et acoustiques naturels depuis les ann\u00e9es 90, a d\u00e9velopp\u00e9 des gammes de panneaux isolants en fibres [&hellip;]","og_url":"https:\/\/www.la-maison-naturelle.com\/blog\/isonat-se-demarque-et-deroule-son-bilan-2013\/","og_site_name":"La Maison naturelle | Blog","article_published_time":"2013-01-14T10:44:28+00:00","article_modified_time":"2023-07-30T17:28:46+00:00","og_image":[{"width":305,"height":165,"url":"https:\/\/www.la-maison-naturelle.com\/blog\/wp-content\/uploads\/2010\/08\/telechargement-1.jpg","type":"image\/jpeg"}],"author":"Eloise","twitter_card":"summary_large_image","twitter_misc":{"\u00c9crit par":"Eloise","Dur\u00e9e de lecture estim\u00e9e":"4 minutes"},"schema":{"@context":"https:\/\/schema.org","@graph":[{"@type":"Article","@id":"https:\/\/www.la-maison-naturelle.com\/blog\/isonat-se-demarque-et-deroule-son-bilan-2013\/#article","isPartOf":{"@id":"https:\/\/www.la-maison-naturelle.com\/blog\/isonat-se-demarque-et-deroule-son-bilan-2013\/"},"author":{"name":"Eloise","@id":"https:\/\/www.la-maison-naturelle.com\/blog\/#\/schema\/person\/cad2a9ed80410189f0688441d546d43f"},"headline":"Isonat : la mont\u00e9e en puissance en 2013","datePublished":"2013-01-14T10:44:28+00:00","dateModified":"2023-07-30T17:28:46+00:00","mainEntityOfPage":{"@id":"https:\/\/www.la-maison-naturelle.com\/blog\/isonat-se-demarque-et-deroule-son-bilan-2013\/"},"wordCount":765,"commentCount":0,"publisher":{"@id":"https:\/\/www.la-maison-naturelle.com\/blog\/#organization"},"image":{"@id":"https:\/\/www.la-maison-naturelle.com\/blog\/isonat-se-demarque-et-deroule-son-bilan-2013\/#primaryimage"},"thumbnailUrl":"https:\/\/www.la-maison-naturelle.com\/blog\/wp-content\/uploads\/2010\/08\/telechargement-1.jpg","articleSection":["Actualit\u00e9s produits"],"inLanguage":"fr-FR","potentialAction":[{"@type":"CommentAction","name":"Comment","target":["https:\/\/www.la-maison-naturelle.com\/blog\/isonat-se-demarque-et-deroule-son-bilan-2013\/#respond"]}]},{"@type":"WebPage","@id":"https:\/\/www.la-maison-naturelle.com\/blog\/isonat-se-demarque-et-deroule-son-bilan-2013\/","url":"https:\/\/www.la-maison-naturelle.com\/blog\/isonat-se-demarque-et-deroule-son-bilan-2013\/","name":"Isonat : la mont\u00e9e en puissance en 2013 - La Maison naturelle | Blog","isPartOf":{"@id":"https:\/\/www.la-maison-naturelle.com\/blog\/#website"},"primaryImageOfPage":{"@id":"https:\/\/www.la-maison-naturelle.com\/blog\/isonat-se-demarque-et-deroule-son-bilan-2013\/#primaryimage"},"image":{"@id":"https:\/\/www.la-maison-naturelle.com\/blog\/isonat-se-demarque-et-deroule-son-bilan-2013\/#primaryimage"},"thumbnailUrl":"https:\/\/www.la-maison-naturelle.com\/blog\/wp-content\/uploads\/2010\/08\/telechargement-1.jpg","datePublished":"2013-01-14T10:44:28+00:00","dateModified":"2023-07-30T17:28:46+00:00","breadcrumb":{"@id":"https:\/\/www.la-maison-naturelle.com\/blog\/isonat-se-demarque-et-deroule-son-bilan-2013\/#breadcrumb"},"inLanguage":"fr-FR","potentialAction":[{"@type":"ReadAction","target":["https:\/\/www.la-maison-naturelle.com\/blog\/isonat-se-demarque-et-deroule-son-bilan-2013\/"]}]},{"@type":"ImageObject","inLanguage":"fr-FR","@id":"https:\/\/www.la-maison-naturelle.com\/blog\/isonat-se-demarque-et-deroule-son-bilan-2013\/#primaryimage","url":"https:\/\/www.la-maison-naturelle.com\/blog\/wp-content\/uploads\/2010\/08\/telechargement-1.jpg","contentUrl":"https:\/\/www.la-maison-naturelle.com\/blog\/wp-content\/uploads\/2010\/08\/telechargement-1.jpg","width":305,"height":165},{"@type":"BreadcrumbList","@id":"https:\/\/www.la-maison-naturelle.com\/blog\/isonat-se-demarque-et-deroule-son-bilan-2013\/#breadcrumb","itemListElement":[{"@type":"ListItem","position":1,"name":"Accueil","item":"https:\/\/www.la-maison-naturelle.com\/blog\/"},{"@type":"ListItem","position":2,"name":"Isonat : la mont\u00e9e en puissance en 2013"}]},{"@type":"WebSite","@id":"https:\/\/www.la-maison-naturelle.com\/blog\/#website","url":"https:\/\/www.la-maison-naturelle.com\/blog\/","name":"La Maison naturelle | Blog","description":"Blog de la Maison naturelle","publisher":{"@id":"https:\/\/www.la-maison-naturelle.com\/blog\/#organization"},"potentialAction":[{"@type":"SearchAction","target":{"@type":"EntryPoint","urlTemplate":"https:\/\/www.la-maison-naturelle.com\/blog\/?s={search_term_string}"},"query-input":{"@type":"PropertyValueSpecification","valueRequired":true,"valueName":"search_term_string"}}],"inLanguage":"fr-FR"},{"@type":"Organization","@id":"https:\/\/www.la-maison-naturelle.com\/blog\/#organization","name":"La Maison naturelle | Blog","url":"https:\/\/www.la-maison-naturelle.com\/blog\/","logo":{"@type":"ImageObject","inLanguage":"fr-FR","@id":"https:\/\/www.la-maison-naturelle.com\/blog\/#\/schema\/logo\/image\/","url":"https:\/\/www.la-maison-naturelle.com\/blog\/wp-content\/uploads\/2021\/07\/maison-naturelle-logo.svg","contentUrl":"https:\/\/www.la-maison-naturelle.com\/blog\/wp-content\/uploads\/2021\/07\/maison-naturelle-logo.svg","width":156,"height":64,"caption":"La Maison naturelle | Blog"},"image":{"@id":"https:\/\/www.la-maison-naturelle.com\/blog\/#\/schema\/logo\/image\/"}},{"@type":"Person","@id":"https:\/\/www.la-maison-naturelle.com\/blog\/#\/schema\/person\/cad2a9ed80410189f0688441d546d43f","name":"Eloise","image":{"@type":"ImageObject","inLanguage":"fr-FR","@id":"https:\/\/www.la-maison-naturelle.com\/blog\/#\/schema\/person\/image\/","url":"https:\/\/secure.gravatar.com\/avatar\/344186806f5e8613d4a2109f3b0228a847a7c0858a8023778c44bdcfc1111df9?s=96&d=mm&r=g","contentUrl":"https:\/\/secure.gravatar.com\/avatar\/344186806f5e8613d4a2109f3b0228a847a7c0858a8023778c44bdcfc1111df9?s=96&d=mm&r=g","caption":"Eloise"},"sameAs":["https:\/\/www.la-maison-naturelle.com\/"],"url":"https:\/\/www.la-maison-naturelle.com\/blog\/author\/idries\/"}]}},"_links":{"self":[{"href":"https:\/\/www.la-maison-naturelle.com\/blog\/wp-json\/wp\/v2\/posts\/2559","targetHints":{"allow":["GET"]}}],"collection":[{"href":"https:\/\/www.la-maison-naturelle.com\/blog\/wp-json\/wp\/v2\/posts"}],"about":[{"href":"https:\/\/www.la-maison-naturelle.com\/blog\/wp-json\/wp\/v2\/types\/post"}],"author":[{"embeddable":true,"href":"https:\/\/www.la-maison-naturelle.com\/blog\/wp-json\/wp\/v2\/users\/5"}],"replies":[{"embeddable":true,"href":"https:\/\/www.la-maison-naturelle.com\/blog\/wp-json\/wp\/v2\/comments?post=2559"}],"version-history":[{"count":4,"href":"https:\/\/www.la-maison-naturelle.com\/blog\/wp-json\/wp\/v2\/posts\/2559\/revisions"}],"predecessor-version":[{"id":5088,"href":"https:\/\/www.la-maison-naturelle.com\/blog\/wp-json\/wp\/v2\/posts\/2559\/revisions\/5088"}],"wp:featuredmedia":[{"embeddable":true,"href":"https:\/\/www.la-maison-naturelle.com\/blog\/wp-json\/wp\/v2\/media\/3611"}],"wp:attachment":[{"href":"https:\/\/www.la-maison-naturelle.com\/blog\/wp-json\/wp\/v2\/media?parent=2559"}],"wp:term":[{"taxonomy":"category","embeddable":true,"href":"https:\/\/www.la-maison-naturelle.com\/blog\/wp-json\/wp\/v2\/categories?post=2559"},{"taxonomy":"post_tag","embeddable":true,"href":"https:\/\/www.la-maison-naturelle.com\/blog\/wp-json\/wp\/v2\/tags?post=2559"}],"curies":[{"name":"wp","href":"https:\/\/api.w.org\/{rel}","templated":true}]}}