{"id":2506,"date":"2017-05-24T17:10:15","date_gmt":"2017-05-24T15:10:15","guid":{"rendered":"https:\/\/www.la-maison-naturelle.com\/blog\/?p=2506"},"modified":"2023-08-08T09:16:50","modified_gmt":"2023-08-08T07:16:50","slug":"comment-faire-sa-terrasse-en-bois","status":"publish","type":"post","link":"https:\/\/www.la-maison-naturelle.com\/blog\/comment-faire-sa-terrasse-en-bois\/","title":{"rendered":"Comment faire sa terrasse en bois\u00a0?"},"content":{"rendered":"<p>Disposer d\u2019un espace suppl\u00e9mentaire, agr\u00e9able et convivial, c\u2019est ce qu\u2019apporte dans une maisonn\u00e9e la construction d\u2019une terrasse en bois. Pour cela, il est n\u00e9cessaire de proc\u00e9der \u00e0 quelques investigations. De nos jours, nombre de gens appr\u00e9cient de construire par eux-m\u00eames certains \u00e9l\u00e9ments de la maison. S\u2019agissant de la terrasse, beaucoup ont d\u00e9j\u00e0 \u00e9rig\u00e9 la leur. Tout est une question de disponibilit\u00e9 et d\u2019organisation personnelle. Le recours \u00e0 des professionnels demeure tout \u00e0 fait possible, le choix est donc grand en la mati\u00e8re.Cela \u00e9tant, il est utile de bien s\u2019informer, et de se poser les bonnes questions. La premi\u00e8re question est de d\u00e9terminer l\u2019endroit o\u00f9 la terrasse sera \u00e9rig\u00e9e. Cela va influer sur son acc\u00e8s, ainsi que les modalit\u00e9s de construction. Au milieu du jardin, ou en prolongement d\u2019une pi\u00e8ce de la maison\u00a0? Il faut bien arr\u00eater son projet sur ce point, et ensuite passer aux autres questions, dont notamment la forme que l\u2019on veut donner \u00e0 sa terrasse en bois. Sera-t-elle circulaire ou plut\u00f4t avec des angles\u00a0? Allong\u00e9e ou compacte\u00a0?<\/p>\n<p>Ensuite, il y a la question de la construction proprement dite. Les lambourdes seront d\u00e9coup\u00e9es selon la forme voulue, et fix\u00e9es sur un support pr\u00e9alable. Les fournisseurs d\u2019\u00e9quipement de construction peuvent proposer des articles astucieux, comme c\u2019est le cas du plot terrasse r\u00e9glable. Car il est \u00e0 noter que la terrasse ne peut pas se construire \u00e0 m\u00eame le sol, ce n\u2019est pas bon pour le bois.<\/p>\n<p>Par ailleurs, il y aussi, au moment de la pose des lambourdes, un \u00e9quipement discret mais indispensables, ce sont les cales PVC\u00a0. Tr\u00e8s appr\u00e9ciables, elles permettent un travail m\u00e9ticuleux et sont tr\u00e8s r\u00e9sistantes (gel, chaleur, pluie, etc.). Pour terminer, le bois sera bien entretenu, r\u00e9guli\u00e8rement lav\u00e9 et huil\u00e9 pour garder son brillant initial.<\/p>\n","protected":false},"excerpt":{"rendered":"<p>Disposer d\u2019un espace suppl\u00e9mentaire, agr\u00e9able et convivial, c\u2019est ce qu\u2019apporte dans une maisonn\u00e9e la construction d\u2019une terrasse en bois. Pour cela, il est n\u00e9cessaire de proc\u00e9der \u00e0 quelques investigations. De nos jours, nombre de gens appr\u00e9cient de construire par eux-m\u00eames certains \u00e9l\u00e9ments de la maison. S\u2019agissant de la terrasse, beaucoup ont d\u00e9j\u00e0 \u00e9rig\u00e9 la leur. [&hellip;]<\/p>\n","protected":false},"author":5,"featured_media":0,"comment_status":"open","ping_status":"open","sticky":false,"template":"","format":"standard","meta":{"footnotes":""},"categories":[6],"tags":[],"class_list":["post-2506","post","type-post","status-publish","format-standard","hentry","category-les-dossiers"],"_wp_attached_file":null,"_wp_attachment_metadata":null,"_wp_attachment_context":null,"_wp_attachment_image_alt":null,"_hf_settings":null,"hf_message_success":null,"hf_message_invalid_email":null,"hf_message_required_field_missing":null,"hf_message_error":null,"_menu_item_type":null,"_menu_item_menu_item_parent":null,"_menu_item_object_id":null,"_menu_item_object":null,"_menu_item_target":null,"_menu_item_classes":null,"_menu_item_xfn":null,"_menu_item_url":null,"_yoast_wpseo_primary_category":"6","_thumbnail_id":null,"_oembed_26d84b2c06432105b0a19987ae029a71":null,"_oembed_43e9e2dfde1b9b4ed91c9711026b7ef9":null,"_oembed_1fe1564764edbddc3b61e81acf52be88":null,"_oembed_df60f474cd845141e7ce6596d101e4a0":null,"_oembed_825e674795e2435c0bc66eb08e5d2c8b":null,"_oembed_time_825e674795e2435c0bc66eb08e5d2c8b":null,"_oembed_e917352ff4cc21ea91383201eeaa08cf":null,"_oembed_2363c16c972791c33e283320dc564fce":null,"_oembed_cc9ad5b5073a84776f6a62e33e6c7498":null,"_oembed_time_cc9ad5b5073a84776f6a62e33e6c7498":null,"_oembed_305147fcf4b856de518466e695c209cd":null,"_oembed_8517a877084ae01a5296813ee1d16a2b":null,"_oembed_2741f1556b243e68379198f98ba7f864":null,"_oembed_c3ffa24981451396c950ece2129da0f6":null,"_oembed_6f9091ebe2f3f5fcb5698ba6f4b41477":null,"_wp_old_slug":null,"_oembed_e4fb0f68ba12b85e9e231afe151ba12a":null,"_oembed_3c60e98bd703e617e67f5bbb3b97424d":null,"_oembed_bb060374498dcf40cb6068efe4be87e1":null,"_oembed_d0403e1e71c3a29020bd546b159480f1":null,"_oembed_b030ff17fbbbf8661c59c2ab8ff289eb":null,"_oembed_5cec699ba0631c6c0e4ba4f6af5f228e":null,"_oembed_b06a67f278b90cf4e8dd17cb12fe67b0":null,"_oembed_8e190e4fea2256f17420434651556236":null,"_oembed_b5ded119f1337916a0fc64d2ad85c95f":null,"_oembed_d9364a7a81be31c01415da2c50a48932":null,"_oembed_738cafa36d51a58e5ae3e458aa8f7584":null,"_oembed_ebcab5184b6b321b28efbcbec079859b":null,"_oembed_3dd9e35c2b7b268070e74da5b89cf937":null,"_oembed_e14b167b493e311a1c4e2aab38a463e8":null,"_oembed_dc8f7d108b38f3f0c2e0785b8bc46cae":null,"_oembed_55cf1c5142884afed312c2666bf27520":null,"_oembed_2292333bf03a956b4b61afafeff6bca0":null,"_oembed_82a986a6b900856fec23169de03a0038":null,"_oembed_4048ded025352b83569104210074165a":null,"_oembed_033b42b1af757abc39e4487233cee7f5":null,"_oembed_aec1d50f2b159366be8e37e94b201be1":null,"_oembed_0adc8480b2fcadf9a1733f572ce3d3f8":null,"_yoast_wpseo_title":null,"_yoast_wpseo_focuskw":null,"_yoast_wpseo_linkdex":null,"_yoast_wpseo_metadesc":null,"_yoast_wpseo_wordproof_timestamp":null,"_tpl_archive_meta_key":null,"_form":null,"_mail":null,"_mail_2":null,"_messages":null,"_additional_settings":null,"_locale":null,"_wp_old_date":null,"_edit_last":"5","_wpb_vc_js_status":"false","_yoast_wpseo_estimated-reading-time-minutes":"2","_edit_lock":"1691479010:5","_yoast_wpseo_content_score":"60","yoast_head":"<!-- This site is optimized with the Yoast SEO plugin v24.3 - https:\/\/yoast.com\/wordpress\/plugins\/seo\/ -->\n<title>Comment faire sa terrasse en bois\u00a0? - La Maison naturelle | Blog<\/title>\n<meta name=\"robots\" content=\"index, follow, max-snippet:-1, max-image-preview:large, max-video-preview:-1\" \/>\n<link rel=\"canonical\" href=\"https:\/\/www.la-maison-naturelle.com\/blog\/comment-faire-sa-terrasse-en-bois\/\" \/>\n<meta property=\"og:locale\" content=\"fr_FR\" \/>\n<meta property=\"og:type\" content=\"article\" \/>\n<meta property=\"og:title\" content=\"Comment faire sa terrasse en bois\u00a0? - La Maison naturelle | Blog\" \/>\n<meta property=\"og:description\" content=\"Disposer d\u2019un espace suppl\u00e9mentaire, agr\u00e9able et convivial, c\u2019est ce qu\u2019apporte dans une maisonn\u00e9e la construction d\u2019une terrasse en bois. Pour cela, il est n\u00e9cessaire de proc\u00e9der \u00e0 quelques investigations. De nos jours, nombre de gens appr\u00e9cient de construire par eux-m\u00eames certains \u00e9l\u00e9ments de la maison. S\u2019agissant de la terrasse, beaucoup ont d\u00e9j\u00e0 \u00e9rig\u00e9 la leur. [&hellip;]\" \/>\n<meta property=\"og:url\" content=\"https:\/\/www.la-maison-naturelle.com\/blog\/comment-faire-sa-terrasse-en-bois\/\" \/>\n<meta property=\"og:site_name\" content=\"La Maison naturelle | Blog\" \/>\n<meta property=\"article:published_time\" content=\"2017-05-24T15:10:15+00:00\" \/>\n<meta property=\"article:modified_time\" content=\"2023-08-08T07:16:50+00:00\" \/>\n<meta name=\"author\" content=\"Eloise\" \/>\n<meta name=\"twitter:card\" content=\"summary_large_image\" \/>\n<meta name=\"twitter:label1\" content=\"\u00c9crit par\" \/>\n\t<meta name=\"twitter:data1\" content=\"Eloise\" \/>\n\t<meta name=\"twitter:label2\" content=\"Dur\u00e9e de lecture estim\u00e9e\" \/>\n\t<meta name=\"twitter:data2\" content=\"2 minutes\" \/>\n<script type=\"application\/ld+json\" class=\"yoast-schema-graph\">{\"@context\":\"https:\/\/schema.org\",\"@graph\":[{\"@type\":\"Article\",\"@id\":\"https:\/\/www.la-maison-naturelle.com\/blog\/comment-faire-sa-terrasse-en-bois\/#article\",\"isPartOf\":{\"@id\":\"https:\/\/www.la-maison-naturelle.com\/blog\/comment-faire-sa-terrasse-en-bois\/\"},\"author\":{\"name\":\"Eloise\",\"@id\":\"https:\/\/www.la-maison-naturelle.com\/blog\/#\/schema\/person\/cad2a9ed80410189f0688441d546d43f\"},\"headline\":\"Comment faire sa terrasse en bois\u00a0?\",\"datePublished\":\"2017-05-24T15:10:15+00:00\",\"dateModified\":\"2023-08-08T07:16:50+00:00\",\"mainEntityOfPage\":{\"@id\":\"https:\/\/www.la-maison-naturelle.com\/blog\/comment-faire-sa-terrasse-en-bois\/\"},\"wordCount\":336,\"commentCount\":0,\"publisher\":{\"@id\":\"https:\/\/www.la-maison-naturelle.com\/blog\/#organization\"},\"articleSection\":[\"Les dossiers\"],\"inLanguage\":\"fr-FR\",\"potentialAction\":[{\"@type\":\"CommentAction\",\"name\":\"Comment\",\"target\":[\"https:\/\/www.la-maison-naturelle.com\/blog\/comment-faire-sa-terrasse-en-bois\/#respond\"]}]},{\"@type\":\"WebPage\",\"@id\":\"https:\/\/www.la-maison-naturelle.com\/blog\/comment-faire-sa-terrasse-en-bois\/\",\"url\":\"https:\/\/www.la-maison-naturelle.com\/blog\/comment-faire-sa-terrasse-en-bois\/\",\"name\":\"Comment faire sa terrasse en bois\u00a0? - La Maison naturelle | Blog\",\"isPartOf\":{\"@id\":\"https:\/\/www.la-maison-naturelle.com\/blog\/#website\"},\"datePublished\":\"2017-05-24T15:10:15+00:00\",\"dateModified\":\"2023-08-08T07:16:50+00:00\",\"breadcrumb\":{\"@id\":\"https:\/\/www.la-maison-naturelle.com\/blog\/comment-faire-sa-terrasse-en-bois\/#breadcrumb\"},\"inLanguage\":\"fr-FR\",\"potentialAction\":[{\"@type\":\"ReadAction\",\"target\":[\"https:\/\/www.la-maison-naturelle.com\/blog\/comment-faire-sa-terrasse-en-bois\/\"]}]},{\"@type\":\"BreadcrumbList\",\"@id\":\"https:\/\/www.la-maison-naturelle.com\/blog\/comment-faire-sa-terrasse-en-bois\/#breadcrumb\",\"itemListElement\":[{\"@type\":\"ListItem\",\"position\":1,\"name\":\"Accueil\",\"item\":\"https:\/\/www.la-maison-naturelle.com\/blog\/\"},{\"@type\":\"ListItem\",\"position\":2,\"name\":\"Comment faire sa terrasse en bois\u00a0?\"}]},{\"@type\":\"WebSite\",\"@id\":\"https:\/\/www.la-maison-naturelle.com\/blog\/#website\",\"url\":\"https:\/\/www.la-maison-naturelle.com\/blog\/\",\"name\":\"La Maison naturelle | Blog\",\"description\":\"Blog de la Maison naturelle\",\"publisher\":{\"@id\":\"https:\/\/www.la-maison-naturelle.com\/blog\/#organization\"},\"potentialAction\":[{\"@type\":\"SearchAction\",\"target\":{\"@type\":\"EntryPoint\",\"urlTemplate\":\"https:\/\/www.la-maison-naturelle.com\/blog\/?s={search_term_string}\"},\"query-input\":{\"@type\":\"PropertyValueSpecification\",\"valueRequired\":true,\"valueName\":\"search_term_string\"}}],\"inLanguage\":\"fr-FR\"},{\"@type\":\"Organization\",\"@id\":\"https:\/\/www.la-maison-naturelle.com\/blog\/#organization\",\"name\":\"La Maison naturelle | Blog\",\"url\":\"https:\/\/www.la-maison-naturelle.com\/blog\/\",\"logo\":{\"@type\":\"ImageObject\",\"inLanguage\":\"fr-FR\",\"@id\":\"https:\/\/www.la-maison-naturelle.com\/blog\/#\/schema\/logo\/image\/\",\"url\":\"https:\/\/www.la-maison-naturelle.com\/blog\/wp-content\/uploads\/2021\/07\/maison-naturelle-logo.svg\",\"contentUrl\":\"https:\/\/www.la-maison-naturelle.com\/blog\/wp-content\/uploads\/2021\/07\/maison-naturelle-logo.svg\",\"width\":156,\"height\":64,\"caption\":\"La Maison naturelle | Blog\"},\"image\":{\"@id\":\"https:\/\/www.la-maison-naturelle.com\/blog\/#\/schema\/logo\/image\/\"}},{\"@type\":\"Person\",\"@id\":\"https:\/\/www.la-maison-naturelle.com\/blog\/#\/schema\/person\/cad2a9ed80410189f0688441d546d43f\",\"name\":\"Eloise\",\"image\":{\"@type\":\"ImageObject\",\"inLanguage\":\"fr-FR\",\"@id\":\"https:\/\/www.la-maison-naturelle.com\/blog\/#\/schema\/person\/image\/\",\"url\":\"https:\/\/secure.gravatar.com\/avatar\/344186806f5e8613d4a2109f3b0228a847a7c0858a8023778c44bdcfc1111df9?s=96&d=mm&r=g\",\"contentUrl\":\"https:\/\/secure.gravatar.com\/avatar\/344186806f5e8613d4a2109f3b0228a847a7c0858a8023778c44bdcfc1111df9?s=96&d=mm&r=g\",\"caption\":\"Eloise\"},\"sameAs\":[\"https:\/\/www.la-maison-naturelle.com\/\"],\"url\":\"https:\/\/www.la-maison-naturelle.com\/blog\/author\/idries\/\"}]}<\/script>\n<!-- \/ Yoast SEO plugin. -->","yoast_head_json":{"title":"Comment faire sa terrasse en bois\u00a0? - La Maison naturelle | Blog","robots":{"index":"index","follow":"follow","max-snippet":"max-snippet:-1","max-image-preview":"max-image-preview:large","max-video-preview":"max-video-preview:-1"},"canonical":"https:\/\/www.la-maison-naturelle.com\/blog\/comment-faire-sa-terrasse-en-bois\/","og_locale":"fr_FR","og_type":"article","og_title":"Comment faire sa terrasse en bois\u00a0? - La Maison naturelle | Blog","og_description":"Disposer d\u2019un espace suppl\u00e9mentaire, agr\u00e9able et convivial, c\u2019est ce qu\u2019apporte dans une maisonn\u00e9e la construction d\u2019une terrasse en bois. Pour cela, il est n\u00e9cessaire de proc\u00e9der \u00e0 quelques investigations. De nos jours, nombre de gens appr\u00e9cient de construire par eux-m\u00eames certains \u00e9l\u00e9ments de la maison. S\u2019agissant de la terrasse, beaucoup ont d\u00e9j\u00e0 \u00e9rig\u00e9 la leur. [&hellip;]","og_url":"https:\/\/www.la-maison-naturelle.com\/blog\/comment-faire-sa-terrasse-en-bois\/","og_site_name":"La Maison naturelle | Blog","article_published_time":"2017-05-24T15:10:15+00:00","article_modified_time":"2023-08-08T07:16:50+00:00","author":"Eloise","twitter_card":"summary_large_image","twitter_misc":{"\u00c9crit par":"Eloise","Dur\u00e9e de lecture estim\u00e9e":"2 minutes"},"schema":{"@context":"https:\/\/schema.org","@graph":[{"@type":"Article","@id":"https:\/\/www.la-maison-naturelle.com\/blog\/comment-faire-sa-terrasse-en-bois\/#article","isPartOf":{"@id":"https:\/\/www.la-maison-naturelle.com\/blog\/comment-faire-sa-terrasse-en-bois\/"},"author":{"name":"Eloise","@id":"https:\/\/www.la-maison-naturelle.com\/blog\/#\/schema\/person\/cad2a9ed80410189f0688441d546d43f"},"headline":"Comment faire sa terrasse en bois\u00a0?","datePublished":"2017-05-24T15:10:15+00:00","dateModified":"2023-08-08T07:16:50+00:00","mainEntityOfPage":{"@id":"https:\/\/www.la-maison-naturelle.com\/blog\/comment-faire-sa-terrasse-en-bois\/"},"wordCount":336,"commentCount":0,"publisher":{"@id":"https:\/\/www.la-maison-naturelle.com\/blog\/#organization"},"articleSection":["Les dossiers"],"inLanguage":"fr-FR","potentialAction":[{"@type":"CommentAction","name":"Comment","target":["https:\/\/www.la-maison-naturelle.com\/blog\/comment-faire-sa-terrasse-en-bois\/#respond"]}]},{"@type":"WebPage","@id":"https:\/\/www.la-maison-naturelle.com\/blog\/comment-faire-sa-terrasse-en-bois\/","url":"https:\/\/www.la-maison-naturelle.com\/blog\/comment-faire-sa-terrasse-en-bois\/","name":"Comment faire sa terrasse en bois\u00a0? - La Maison naturelle | Blog","isPartOf":{"@id":"https:\/\/www.la-maison-naturelle.com\/blog\/#website"},"datePublished":"2017-05-24T15:10:15+00:00","dateModified":"2023-08-08T07:16:50+00:00","breadcrumb":{"@id":"https:\/\/www.la-maison-naturelle.com\/blog\/comment-faire-sa-terrasse-en-bois\/#breadcrumb"},"inLanguage":"fr-FR","potentialAction":[{"@type":"ReadAction","target":["https:\/\/www.la-maison-naturelle.com\/blog\/comment-faire-sa-terrasse-en-bois\/"]}]},{"@type":"BreadcrumbList","@id":"https:\/\/www.la-maison-naturelle.com\/blog\/comment-faire-sa-terrasse-en-bois\/#breadcrumb","itemListElement":[{"@type":"ListItem","position":1,"name":"Accueil","item":"https:\/\/www.la-maison-naturelle.com\/blog\/"},{"@type":"ListItem","position":2,"name":"Comment faire sa terrasse en bois\u00a0?"}]},{"@type":"WebSite","@id":"https:\/\/www.la-maison-naturelle.com\/blog\/#website","url":"https:\/\/www.la-maison-naturelle.com\/blog\/","name":"La Maison naturelle | Blog","description":"Blog de la Maison naturelle","publisher":{"@id":"https:\/\/www.la-maison-naturelle.com\/blog\/#organization"},"potentialAction":[{"@type":"SearchAction","target":{"@type":"EntryPoint","urlTemplate":"https:\/\/www.la-maison-naturelle.com\/blog\/?s={search_term_string}"},"query-input":{"@type":"PropertyValueSpecification","valueRequired":true,"valueName":"search_term_string"}}],"inLanguage":"fr-FR"},{"@type":"Organization","@id":"https:\/\/www.la-maison-naturelle.com\/blog\/#organization","name":"La Maison naturelle | Blog","url":"https:\/\/www.la-maison-naturelle.com\/blog\/","logo":{"@type":"ImageObject","inLanguage":"fr-FR","@id":"https:\/\/www.la-maison-naturelle.com\/blog\/#\/schema\/logo\/image\/","url":"https:\/\/www.la-maison-naturelle.com\/blog\/wp-content\/uploads\/2021\/07\/maison-naturelle-logo.svg","contentUrl":"https:\/\/www.la-maison-naturelle.com\/blog\/wp-content\/uploads\/2021\/07\/maison-naturelle-logo.svg","width":156,"height":64,"caption":"La Maison naturelle | Blog"},"image":{"@id":"https:\/\/www.la-maison-naturelle.com\/blog\/#\/schema\/logo\/image\/"}},{"@type":"Person","@id":"https:\/\/www.la-maison-naturelle.com\/blog\/#\/schema\/person\/cad2a9ed80410189f0688441d546d43f","name":"Eloise","image":{"@type":"ImageObject","inLanguage":"fr-FR","@id":"https:\/\/www.la-maison-naturelle.com\/blog\/#\/schema\/person\/image\/","url":"https:\/\/secure.gravatar.com\/avatar\/344186806f5e8613d4a2109f3b0228a847a7c0858a8023778c44bdcfc1111df9?s=96&d=mm&r=g","contentUrl":"https:\/\/secure.gravatar.com\/avatar\/344186806f5e8613d4a2109f3b0228a847a7c0858a8023778c44bdcfc1111df9?s=96&d=mm&r=g","caption":"Eloise"},"sameAs":["https:\/\/www.la-maison-naturelle.com\/"],"url":"https:\/\/www.la-maison-naturelle.com\/blog\/author\/idries\/"}]}},"_links":{"self":[{"href":"https:\/\/www.la-maison-naturelle.com\/blog\/wp-json\/wp\/v2\/posts\/2506","targetHints":{"allow":["GET"]}}],"collection":[{"href":"https:\/\/www.la-maison-naturelle.com\/blog\/wp-json\/wp\/v2\/posts"}],"about":[{"href":"https:\/\/www.la-maison-naturelle.com\/blog\/wp-json\/wp\/v2\/types\/post"}],"author":[{"embeddable":true,"href":"https:\/\/www.la-maison-naturelle.com\/blog\/wp-json\/wp\/v2\/users\/5"}],"replies":[{"embeddable":true,"href":"https:\/\/www.la-maison-naturelle.com\/blog\/wp-json\/wp\/v2\/comments?post=2506"}],"version-history":[{"count":2,"href":"https:\/\/www.la-maison-naturelle.com\/blog\/wp-json\/wp\/v2\/posts\/2506\/revisions"}],"predecessor-version":[{"id":6125,"href":"https:\/\/www.la-maison-naturelle.com\/blog\/wp-json\/wp\/v2\/posts\/2506\/revisions\/6125"}],"wp:attachment":[{"href":"https:\/\/www.la-maison-naturelle.com\/blog\/wp-json\/wp\/v2\/media?parent=2506"}],"wp:term":[{"taxonomy":"category","embeddable":true,"href":"https:\/\/www.la-maison-naturelle.com\/blog\/wp-json\/wp\/v2\/categories?post=2506"},{"taxonomy":"post_tag","embeddable":true,"href":"https:\/\/www.la-maison-naturelle.com\/blog\/wp-json\/wp\/v2\/tags?post=2506"}],"curies":[{"name":"wp","href":"https:\/\/api.w.org\/{rel}","templated":true}]}}