{"id":2489,"date":"2017-05-24T17:04:14","date_gmt":"2017-05-24T15:04:14","guid":{"rendered":"https:\/\/www.la-maison-naturelle.com\/blog\/?p=2489"},"modified":"2023-08-03T22:33:29","modified_gmt":"2023-08-03T20:33:29","slug":"j-eco-renove-j-economise-le-soutien-des-institutionnels","status":"publish","type":"post","link":"https:\/\/www.la-maison-naturelle.com\/blog\/j-eco-renove-j-economise-le-soutien-des-institutionnels\/","title":{"rendered":"j&rsquo;\u00e9co-r\u00e9nove, j&rsquo;\u00e9conomise : le soutien des institutionnels"},"content":{"rendered":"<p>Le minist\u00e8re de l&rsquo;\u00c9cologie et le minist\u00e8re de l&rsquo;\u00c9galit\u00e9 des Territoires et du Logement a lanc\u00e9 en octobre 2013 sa campagne pour la r\u00e9novation \u00e9nerg\u00e9tique des logements.<br \/>\nLe site <u>mon isolation \u00e9cologique<\/u> est en premi\u00e8re ligne pour accompagner cette d\u00e9marche d&rsquo;aide \u00e0 la r\u00e9novation des habitats anciens. Les gammes de mat\u00e9riaux et <a href=\"https:\/\/www.la-maison-naturelle.com\/5273-isolation\" data-internallinksmanager029f6b8e52c=\"149\" title=\"isolation ecologique\">isolants naturels<\/a> sont largement repr\u00e9sent\u00e9es sur ce site de vente en ligne qui permet avant tout achat de s&rsquo;informer imm\u00e9diatement sur les diff\u00e9rentes produits disponibles, leurs caract\u00e9ristiques et comparer les <u>prix des isolants<\/u> et de nombreuses autres donn\u00e9es fournies par les fabricants.<\/p>\n<p>Les mat\u00e9riaux naturels disponibles sont indiqu\u00e9s et le site offre la possibilit\u00e9 de cr\u00e9er soi m\u00eame un <u>devis ou une facture pro-forma<\/u> : utile et rapide afin d&rsquo;\u00e9tablir son \u00ab\u00a0budget r\u00e9novation \u00bb ou de solliciter son banquier pour un pr\u00eat travaux (sans avoir \u00e0 faire de d\u00e9marches quelconques chez un revendeur de mat\u00e9riaux).<br \/>\nLa campagne m\u00e9diatique mise en place \u00e0 l&rsquo;attention des particuliers a pour but de les sensibiliser \u00e0 l&rsquo;\u00e9co-r\u00e9novation et aux \u00e9conomies d&rsquo;\u00e9nergie. La campagne \u00ab\u00a0j&rsquo;\u00e9co-r\u00e9nove, j&rsquo;\u00e9conomise\u00bb est relay\u00e9e par la t\u00e9l\u00e9vision, les radios et le web et vient en soutien \u00e0 l&rsquo;objectif de la r\u00e9novation \u00e9nerg\u00e9tique de 500 000 logements au cours des 4 prochaines ann\u00e9es.<br \/>\nL&rsquo;objectif fix\u00e9 par le gouvernement \u00e9tant de diminuer de pr\u00e8s de 40 % la consommation d&rsquo;\u00e9nergie \u00e0 l&rsquo;aube de 2020. Cette campagne de sensibilisation \u00e0 l\u2019\u00e9co-r\u00e9novation est r\u00e9alis\u00e9e en partenariat avec l&rsquo;Agence Nationale de l&rsquo;environnement, l&rsquo;Agence Nationale pour l\u2019Information sur le Logement et l&rsquo;Agence Nationale de l&rsquo;Habitat, afin d&rsquo;inciter chacun des occupants et propri\u00e9taires de logements \u00e0 r\u00e9duire leur facture \u00e9nerg\u00e9tique, tout en am\u00e9liorant leur confort et valoriser le bien immobilier concern\u00e9.<\/p>\n<h2>L\u2019isolation est\u00a0 au centre du dispositif<\/h2>\n<p>On sait que le moyen le plus direct et le plus performant pour r\u00e9duire les d\u00e9penses d &lsquo;\u00e9nergie d&rsquo;une habitation est l&rsquo;isolation. L&rsquo;isolation thermique ayant \u00e9t\u00e9 le plus souvent n\u00e9glig\u00e9e lors de la construction des logements pendant de nombreuses ann\u00e9es, c&rsquo;est aujourd&rsquo;hui le principal levier auquel collectivement et individuellement les \u00e9co-habitants doivent s&rsquo;attaquer.<br \/>\nQu&rsquo;il s&rsquo;agisse d&rsquo;un chantier de r\u00e9novation pour lequel on aura fait appel \u00e0 un professionnel (afin de profiter des diverses aides fiscales) ou d&rsquo;une r\u00e9novation en tant qu&rsquo;auto-constructeur, le r\u00e9sultat sera obtenu d\u00e8s lors qu&rsquo;on aura respect\u00e9 les recommandations de la R\u00e9glementation Thermique en vigueur : RT 2012 et RBR 2020.<br \/>\nLe catalogue du site mon isolation \u00e9cologique .com propose des solutions en ad\u00e9quation avec le dispositif de l&rsquo;\u00e9co-r\u00e9novation \u00e9nerg\u00e9tique. La quasi-totalit\u00e9 des produits d&rsquo;isolation du catalogue r\u00e9pond aux exigences de la r\u00e9glementation thermique. Il adapte son offre selon les budgets de chacun, en proposant des conditions de tarification au meilleur prix dans une logique d&rsquo;\u00e9conomie autour de notions d&rsquo;<u>\u00e9conomie circulaire<\/u>, de ventes group\u00e9es et de <u>lots personnalis\u00e9s \u00e0 bas co\u00fbt<\/u>.<br \/>\nLa s\u00e9lection des mat\u00e9riaux naturels est identifi\u00e9e vers l&rsquo;<u>isolation int\u00e9rieur<\/u><u>e<\/u> ou l&rsquo;<u>isolation ext\u00e9rieure<\/u> ou encore l&rsquo;<u>isolation des combles<\/u> perdus avec les gam,mes phares : <u><a href=\"https:\/\/www.la-maison-naturelle.com\/brand\/4-isonat\" data-internallinksmanager029f6b8e52c=\"75\" title=\"ISONAT\">ISONAT<\/a><\/u>, <u><a href=\"https:\/\/www.la-maison-naturelle.com\/blog\/ventes-promotionnelles-sylvactis-55-fx\/\" data-internallinksmanager029f6b8e52c=\"151\" title=\"Ventes Promotionnelles SYLVACTIS 55 FX : Ne manquez pas cette occasion de poss\u00e9der un bateau exceptionnel\">SYLVACTIS<\/a><\/u>, <u><a href=\"https:\/\/www.la-maison-naturelle.com\/brand\/1-steico\" data-internallinksmanager029f6b8e52c=\"71\" title=\"STEICO\">STEICO<\/a><\/u>, <u>PAVATEX<\/u>, <u><a href=\"https:\/\/www.la-maison-naturelle.com\/brand\/30-amorim\" data-internallinksmanager029f6b8e52c=\"150\" title=\"amorim\">AMORIM<\/a><\/u>, <u>ISOCELL<\/u>, <u>FIBRANATUR<\/u> pour les isolants bio-sourc\u00e9s, <u>ACTIS<\/u> pour les compl\u00e9ments d&rsquo;isolation et les produits et accessoires d&rsquo;\u00e9tanch\u00e9it\u00e9 compl\u00e9mentaires adapt\u00e9s avec <u><a href=\"https:\/\/www.la-maison-naturelle.com\/brand\/9-proclima\" data-internallinksmanager029f6b8e52c=\"137\" title=\"proclima\">PROCLIMA<\/a><\/u>, <a href=\"https:\/\/www.la-maison-naturelle.com\/brand\/17-parexlanko\" data-internallinksmanager029f6b8e52c=\"140\" title=\"parexlanko\">PAREXLANKO<\/a> et les panneaux bois <u>KRONOSPAN<\/u>, <u>CITYBOARD<\/u>, r\u00e9pondant ainsi \u00e0 l&rsquo;ensemble des demandes en isolation thermique et \u00e9cologique.<\/p>\n","protected":false},"excerpt":{"rendered":"<p>Le minist\u00e8re de l&rsquo;\u00c9cologie et le minist\u00e8re de l&rsquo;\u00c9galit\u00e9 des Territoires et du Logement a lanc\u00e9 en octobre 2013 sa campagne pour la r\u00e9novation \u00e9nerg\u00e9tique des logements. Le site mon isolation \u00e9cologique est en premi\u00e8re ligne pour accompagner cette d\u00e9marche d&rsquo;aide \u00e0 la r\u00e9novation des habitats anciens. Les gammes de mat\u00e9riaux et isolants naturels sont [&hellip;]<\/p>\n","protected":false},"author":5,"featured_media":0,"comment_status":"open","ping_status":"open","sticky":false,"template":"","format":"standard","meta":{"footnotes":""},"categories":[6],"tags":[],"class_list":["post-2489","post","type-post","status-publish","format-standard","hentry","category-les-dossiers"],"_wp_attached_file":null,"_wp_attachment_metadata":null,"_wp_attachment_context":null,"_wp_attachment_image_alt":null,"_hf_settings":null,"hf_message_success":null,"hf_message_invalid_email":null,"hf_message_required_field_missing":null,"hf_message_error":null,"_menu_item_type":null,"_menu_item_menu_item_parent":null,"_menu_item_object_id":null,"_menu_item_object":null,"_menu_item_target":null,"_menu_item_classes":null,"_menu_item_xfn":null,"_menu_item_url":null,"_yoast_wpseo_primary_category":"6","_thumbnail_id":null,"_oembed_26d84b2c06432105b0a19987ae029a71":null,"_oembed_43e9e2dfde1b9b4ed91c9711026b7ef9":null,"_oembed_1fe1564764edbddc3b61e81acf52be88":null,"_oembed_df60f474cd845141e7ce6596d101e4a0":null,"_oembed_825e674795e2435c0bc66eb08e5d2c8b":null,"_oembed_time_825e674795e2435c0bc66eb08e5d2c8b":null,"_oembed_e917352ff4cc21ea91383201eeaa08cf":null,"_oembed_2363c16c972791c33e283320dc564fce":null,"_oembed_cc9ad5b5073a84776f6a62e33e6c7498":null,"_oembed_time_cc9ad5b5073a84776f6a62e33e6c7498":null,"_oembed_305147fcf4b856de518466e695c209cd":null,"_oembed_8517a877084ae01a5296813ee1d16a2b":null,"_oembed_2741f1556b243e68379198f98ba7f864":null,"_oembed_c3ffa24981451396c950ece2129da0f6":null,"_oembed_6f9091ebe2f3f5fcb5698ba6f4b41477":null,"_wp_old_slug":null,"_oembed_e4fb0f68ba12b85e9e231afe151ba12a":null,"_oembed_3c60e98bd703e617e67f5bbb3b97424d":null,"_oembed_bb060374498dcf40cb6068efe4be87e1":null,"_oembed_d0403e1e71c3a29020bd546b159480f1":null,"_oembed_b030ff17fbbbf8661c59c2ab8ff289eb":null,"_oembed_5cec699ba0631c6c0e4ba4f6af5f228e":null,"_oembed_b06a67f278b90cf4e8dd17cb12fe67b0":null,"_oembed_8e190e4fea2256f17420434651556236":null,"_oembed_b5ded119f1337916a0fc64d2ad85c95f":null,"_oembed_d9364a7a81be31c01415da2c50a48932":null,"_oembed_738cafa36d51a58e5ae3e458aa8f7584":null,"_oembed_ebcab5184b6b321b28efbcbec079859b":null,"_oembed_3dd9e35c2b7b268070e74da5b89cf937":null,"_oembed_e14b167b493e311a1c4e2aab38a463e8":null,"_oembed_dc8f7d108b38f3f0c2e0785b8bc46cae":null,"_oembed_55cf1c5142884afed312c2666bf27520":null,"_oembed_2292333bf03a956b4b61afafeff6bca0":null,"_oembed_82a986a6b900856fec23169de03a0038":null,"_oembed_4048ded025352b83569104210074165a":null,"_oembed_033b42b1af757abc39e4487233cee7f5":null,"_oembed_aec1d50f2b159366be8e37e94b201be1":null,"_oembed_0adc8480b2fcadf9a1733f572ce3d3f8":null,"_yoast_wpseo_title":null,"_yoast_wpseo_focuskw":null,"_yoast_wpseo_linkdex":null,"_yoast_wpseo_metadesc":null,"_yoast_wpseo_wordproof_timestamp":null,"_tpl_archive_meta_key":null,"_form":null,"_mail":null,"_mail_2":null,"_messages":null,"_additional_settings":null,"_locale":null,"_wp_old_date":null,"_edit_last":"5","_wpb_vc_js_status":"false","_yoast_wpseo_estimated-reading-time-minutes":"3","_edit_lock":"1691094810:5","_yoast_wpseo_content_score":"30","yoast_head":"<!-- This site is optimized with the Yoast SEO plugin v24.3 - https:\/\/yoast.com\/wordpress\/plugins\/seo\/ -->\n<title>j&#039;\u00e9co-r\u00e9nove, j&#039;\u00e9conomise : le soutien des institutionnels - La Maison naturelle | Blog<\/title>\n<meta name=\"robots\" content=\"index, follow, max-snippet:-1, max-image-preview:large, max-video-preview:-1\" \/>\n<link rel=\"canonical\" href=\"https:\/\/www.la-maison-naturelle.com\/blog\/j-eco-renove-j-economise-le-soutien-des-institutionnels\/\" \/>\n<meta property=\"og:locale\" content=\"fr_FR\" \/>\n<meta property=\"og:type\" content=\"article\" \/>\n<meta property=\"og:title\" content=\"j&#039;\u00e9co-r\u00e9nove, j&#039;\u00e9conomise : le soutien des institutionnels - La Maison naturelle | Blog\" \/>\n<meta property=\"og:description\" content=\"Le minist\u00e8re de l&rsquo;\u00c9cologie et le minist\u00e8re de l&rsquo;\u00c9galit\u00e9 des Territoires et du Logement a lanc\u00e9 en octobre 2013 sa campagne pour la r\u00e9novation \u00e9nerg\u00e9tique des logements. Le site mon isolation \u00e9cologique est en premi\u00e8re ligne pour accompagner cette d\u00e9marche d&rsquo;aide \u00e0 la r\u00e9novation des habitats anciens. Les gammes de mat\u00e9riaux et isolants naturels sont [&hellip;]\" \/>\n<meta property=\"og:url\" content=\"https:\/\/www.la-maison-naturelle.com\/blog\/j-eco-renove-j-economise-le-soutien-des-institutionnels\/\" \/>\n<meta property=\"og:site_name\" content=\"La Maison naturelle | Blog\" \/>\n<meta property=\"article:published_time\" content=\"2017-05-24T15:04:14+00:00\" \/>\n<meta property=\"article:modified_time\" content=\"2023-08-03T20:33:29+00:00\" \/>\n<meta name=\"author\" content=\"Eloise\" \/>\n<meta name=\"twitter:card\" content=\"summary_large_image\" \/>\n<meta name=\"twitter:label1\" content=\"\u00c9crit par\" \/>\n\t<meta name=\"twitter:data1\" content=\"Eloise\" \/>\n\t<meta name=\"twitter:label2\" content=\"Dur\u00e9e de lecture estim\u00e9e\" \/>\n\t<meta name=\"twitter:data2\" content=\"3 minutes\" \/>\n<script type=\"application\/ld+json\" class=\"yoast-schema-graph\">{\"@context\":\"https:\/\/schema.org\",\"@graph\":[{\"@type\":\"Article\",\"@id\":\"https:\/\/www.la-maison-naturelle.com\/blog\/j-eco-renove-j-economise-le-soutien-des-institutionnels\/#article\",\"isPartOf\":{\"@id\":\"https:\/\/www.la-maison-naturelle.com\/blog\/j-eco-renove-j-economise-le-soutien-des-institutionnels\/\"},\"author\":{\"name\":\"Eloise\",\"@id\":\"https:\/\/www.la-maison-naturelle.com\/blog\/#\/schema\/person\/cad2a9ed80410189f0688441d546d43f\"},\"headline\":\"j&rsquo;\u00e9co-r\u00e9nove, j&rsquo;\u00e9conomise : le soutien des institutionnels\",\"datePublished\":\"2017-05-24T15:04:14+00:00\",\"dateModified\":\"2023-08-03T20:33:29+00:00\",\"mainEntityOfPage\":{\"@id\":\"https:\/\/www.la-maison-naturelle.com\/blog\/j-eco-renove-j-economise-le-soutien-des-institutionnels\/\"},\"wordCount\":594,\"commentCount\":0,\"publisher\":{\"@id\":\"https:\/\/www.la-maison-naturelle.com\/blog\/#organization\"},\"articleSection\":[\"Les dossiers\"],\"inLanguage\":\"fr-FR\",\"potentialAction\":[{\"@type\":\"CommentAction\",\"name\":\"Comment\",\"target\":[\"https:\/\/www.la-maison-naturelle.com\/blog\/j-eco-renove-j-economise-le-soutien-des-institutionnels\/#respond\"]}]},{\"@type\":\"WebPage\",\"@id\":\"https:\/\/www.la-maison-naturelle.com\/blog\/j-eco-renove-j-economise-le-soutien-des-institutionnels\/\",\"url\":\"https:\/\/www.la-maison-naturelle.com\/blog\/j-eco-renove-j-economise-le-soutien-des-institutionnels\/\",\"name\":\"j'\u00e9co-r\u00e9nove, j'\u00e9conomise : le soutien des institutionnels - La Maison naturelle | Blog\",\"isPartOf\":{\"@id\":\"https:\/\/www.la-maison-naturelle.com\/blog\/#website\"},\"datePublished\":\"2017-05-24T15:04:14+00:00\",\"dateModified\":\"2023-08-03T20:33:29+00:00\",\"breadcrumb\":{\"@id\":\"https:\/\/www.la-maison-naturelle.com\/blog\/j-eco-renove-j-economise-le-soutien-des-institutionnels\/#breadcrumb\"},\"inLanguage\":\"fr-FR\",\"potentialAction\":[{\"@type\":\"ReadAction\",\"target\":[\"https:\/\/www.la-maison-naturelle.com\/blog\/j-eco-renove-j-economise-le-soutien-des-institutionnels\/\"]}]},{\"@type\":\"BreadcrumbList\",\"@id\":\"https:\/\/www.la-maison-naturelle.com\/blog\/j-eco-renove-j-economise-le-soutien-des-institutionnels\/#breadcrumb\",\"itemListElement\":[{\"@type\":\"ListItem\",\"position\":1,\"name\":\"Accueil\",\"item\":\"https:\/\/www.la-maison-naturelle.com\/blog\/\"},{\"@type\":\"ListItem\",\"position\":2,\"name\":\"j&rsquo;\u00e9co-r\u00e9nove, j&rsquo;\u00e9conomise : le soutien des institutionnels\"}]},{\"@type\":\"WebSite\",\"@id\":\"https:\/\/www.la-maison-naturelle.com\/blog\/#website\",\"url\":\"https:\/\/www.la-maison-naturelle.com\/blog\/\",\"name\":\"La Maison naturelle | Blog\",\"description\":\"Blog de la Maison naturelle\",\"publisher\":{\"@id\":\"https:\/\/www.la-maison-naturelle.com\/blog\/#organization\"},\"potentialAction\":[{\"@type\":\"SearchAction\",\"target\":{\"@type\":\"EntryPoint\",\"urlTemplate\":\"https:\/\/www.la-maison-naturelle.com\/blog\/?s={search_term_string}\"},\"query-input\":{\"@type\":\"PropertyValueSpecification\",\"valueRequired\":true,\"valueName\":\"search_term_string\"}}],\"inLanguage\":\"fr-FR\"},{\"@type\":\"Organization\",\"@id\":\"https:\/\/www.la-maison-naturelle.com\/blog\/#organization\",\"name\":\"La Maison naturelle | Blog\",\"url\":\"https:\/\/www.la-maison-naturelle.com\/blog\/\",\"logo\":{\"@type\":\"ImageObject\",\"inLanguage\":\"fr-FR\",\"@id\":\"https:\/\/www.la-maison-naturelle.com\/blog\/#\/schema\/logo\/image\/\",\"url\":\"https:\/\/www.la-maison-naturelle.com\/blog\/wp-content\/uploads\/2021\/07\/maison-naturelle-logo.svg\",\"contentUrl\":\"https:\/\/www.la-maison-naturelle.com\/blog\/wp-content\/uploads\/2021\/07\/maison-naturelle-logo.svg\",\"width\":156,\"height\":64,\"caption\":\"La Maison naturelle | Blog\"},\"image\":{\"@id\":\"https:\/\/www.la-maison-naturelle.com\/blog\/#\/schema\/logo\/image\/\"}},{\"@type\":\"Person\",\"@id\":\"https:\/\/www.la-maison-naturelle.com\/blog\/#\/schema\/person\/cad2a9ed80410189f0688441d546d43f\",\"name\":\"Eloise\",\"image\":{\"@type\":\"ImageObject\",\"inLanguage\":\"fr-FR\",\"@id\":\"https:\/\/www.la-maison-naturelle.com\/blog\/#\/schema\/person\/image\/\",\"url\":\"https:\/\/secure.gravatar.com\/avatar\/344186806f5e8613d4a2109f3b0228a847a7c0858a8023778c44bdcfc1111df9?s=96&d=mm&r=g\",\"contentUrl\":\"https:\/\/secure.gravatar.com\/avatar\/344186806f5e8613d4a2109f3b0228a847a7c0858a8023778c44bdcfc1111df9?s=96&d=mm&r=g\",\"caption\":\"Eloise\"},\"sameAs\":[\"https:\/\/www.la-maison-naturelle.com\/\"],\"url\":\"https:\/\/www.la-maison-naturelle.com\/blog\/author\/idries\/\"}]}<\/script>\n<!-- \/ Yoast SEO plugin. -->","yoast_head_json":{"title":"j'\u00e9co-r\u00e9nove, j'\u00e9conomise : le soutien des institutionnels - La Maison naturelle | Blog","robots":{"index":"index","follow":"follow","max-snippet":"max-snippet:-1","max-image-preview":"max-image-preview:large","max-video-preview":"max-video-preview:-1"},"canonical":"https:\/\/www.la-maison-naturelle.com\/blog\/j-eco-renove-j-economise-le-soutien-des-institutionnels\/","og_locale":"fr_FR","og_type":"article","og_title":"j'\u00e9co-r\u00e9nove, j'\u00e9conomise : le soutien des institutionnels - La Maison naturelle | Blog","og_description":"Le minist\u00e8re de l&rsquo;\u00c9cologie et le minist\u00e8re de l&rsquo;\u00c9galit\u00e9 des Territoires et du Logement a lanc\u00e9 en octobre 2013 sa campagne pour la r\u00e9novation \u00e9nerg\u00e9tique des logements. Le site mon isolation \u00e9cologique est en premi\u00e8re ligne pour accompagner cette d\u00e9marche d&rsquo;aide \u00e0 la r\u00e9novation des habitats anciens. Les gammes de mat\u00e9riaux et isolants naturels sont [&hellip;]","og_url":"https:\/\/www.la-maison-naturelle.com\/blog\/j-eco-renove-j-economise-le-soutien-des-institutionnels\/","og_site_name":"La Maison naturelle | Blog","article_published_time":"2017-05-24T15:04:14+00:00","article_modified_time":"2023-08-03T20:33:29+00:00","author":"Eloise","twitter_card":"summary_large_image","twitter_misc":{"\u00c9crit par":"Eloise","Dur\u00e9e de lecture estim\u00e9e":"3 minutes"},"schema":{"@context":"https:\/\/schema.org","@graph":[{"@type":"Article","@id":"https:\/\/www.la-maison-naturelle.com\/blog\/j-eco-renove-j-economise-le-soutien-des-institutionnels\/#article","isPartOf":{"@id":"https:\/\/www.la-maison-naturelle.com\/blog\/j-eco-renove-j-economise-le-soutien-des-institutionnels\/"},"author":{"name":"Eloise","@id":"https:\/\/www.la-maison-naturelle.com\/blog\/#\/schema\/person\/cad2a9ed80410189f0688441d546d43f"},"headline":"j&rsquo;\u00e9co-r\u00e9nove, j&rsquo;\u00e9conomise : le soutien des institutionnels","datePublished":"2017-05-24T15:04:14+00:00","dateModified":"2023-08-03T20:33:29+00:00","mainEntityOfPage":{"@id":"https:\/\/www.la-maison-naturelle.com\/blog\/j-eco-renove-j-economise-le-soutien-des-institutionnels\/"},"wordCount":594,"commentCount":0,"publisher":{"@id":"https:\/\/www.la-maison-naturelle.com\/blog\/#organization"},"articleSection":["Les dossiers"],"inLanguage":"fr-FR","potentialAction":[{"@type":"CommentAction","name":"Comment","target":["https:\/\/www.la-maison-naturelle.com\/blog\/j-eco-renove-j-economise-le-soutien-des-institutionnels\/#respond"]}]},{"@type":"WebPage","@id":"https:\/\/www.la-maison-naturelle.com\/blog\/j-eco-renove-j-economise-le-soutien-des-institutionnels\/","url":"https:\/\/www.la-maison-naturelle.com\/blog\/j-eco-renove-j-economise-le-soutien-des-institutionnels\/","name":"j'\u00e9co-r\u00e9nove, j'\u00e9conomise : le soutien des institutionnels - La Maison naturelle | Blog","isPartOf":{"@id":"https:\/\/www.la-maison-naturelle.com\/blog\/#website"},"datePublished":"2017-05-24T15:04:14+00:00","dateModified":"2023-08-03T20:33:29+00:00","breadcrumb":{"@id":"https:\/\/www.la-maison-naturelle.com\/blog\/j-eco-renove-j-economise-le-soutien-des-institutionnels\/#breadcrumb"},"inLanguage":"fr-FR","potentialAction":[{"@type":"ReadAction","target":["https:\/\/www.la-maison-naturelle.com\/blog\/j-eco-renove-j-economise-le-soutien-des-institutionnels\/"]}]},{"@type":"BreadcrumbList","@id":"https:\/\/www.la-maison-naturelle.com\/blog\/j-eco-renove-j-economise-le-soutien-des-institutionnels\/#breadcrumb","itemListElement":[{"@type":"ListItem","position":1,"name":"Accueil","item":"https:\/\/www.la-maison-naturelle.com\/blog\/"},{"@type":"ListItem","position":2,"name":"j&rsquo;\u00e9co-r\u00e9nove, j&rsquo;\u00e9conomise : le soutien des institutionnels"}]},{"@type":"WebSite","@id":"https:\/\/www.la-maison-naturelle.com\/blog\/#website","url":"https:\/\/www.la-maison-naturelle.com\/blog\/","name":"La Maison naturelle | Blog","description":"Blog de la Maison naturelle","publisher":{"@id":"https:\/\/www.la-maison-naturelle.com\/blog\/#organization"},"potentialAction":[{"@type":"SearchAction","target":{"@type":"EntryPoint","urlTemplate":"https:\/\/www.la-maison-naturelle.com\/blog\/?s={search_term_string}"},"query-input":{"@type":"PropertyValueSpecification","valueRequired":true,"valueName":"search_term_string"}}],"inLanguage":"fr-FR"},{"@type":"Organization","@id":"https:\/\/www.la-maison-naturelle.com\/blog\/#organization","name":"La Maison naturelle | Blog","url":"https:\/\/www.la-maison-naturelle.com\/blog\/","logo":{"@type":"ImageObject","inLanguage":"fr-FR","@id":"https:\/\/www.la-maison-naturelle.com\/blog\/#\/schema\/logo\/image\/","url":"https:\/\/www.la-maison-naturelle.com\/blog\/wp-content\/uploads\/2021\/07\/maison-naturelle-logo.svg","contentUrl":"https:\/\/www.la-maison-naturelle.com\/blog\/wp-content\/uploads\/2021\/07\/maison-naturelle-logo.svg","width":156,"height":64,"caption":"La Maison naturelle | Blog"},"image":{"@id":"https:\/\/www.la-maison-naturelle.com\/blog\/#\/schema\/logo\/image\/"}},{"@type":"Person","@id":"https:\/\/www.la-maison-naturelle.com\/blog\/#\/schema\/person\/cad2a9ed80410189f0688441d546d43f","name":"Eloise","image":{"@type":"ImageObject","inLanguage":"fr-FR","@id":"https:\/\/www.la-maison-naturelle.com\/blog\/#\/schema\/person\/image\/","url":"https:\/\/secure.gravatar.com\/avatar\/344186806f5e8613d4a2109f3b0228a847a7c0858a8023778c44bdcfc1111df9?s=96&d=mm&r=g","contentUrl":"https:\/\/secure.gravatar.com\/avatar\/344186806f5e8613d4a2109f3b0228a847a7c0858a8023778c44bdcfc1111df9?s=96&d=mm&r=g","caption":"Eloise"},"sameAs":["https:\/\/www.la-maison-naturelle.com\/"],"url":"https:\/\/www.la-maison-naturelle.com\/blog\/author\/idries\/"}]}},"_links":{"self":[{"href":"https:\/\/www.la-maison-naturelle.com\/blog\/wp-json\/wp\/v2\/posts\/2489","targetHints":{"allow":["GET"]}}],"collection":[{"href":"https:\/\/www.la-maison-naturelle.com\/blog\/wp-json\/wp\/v2\/posts"}],"about":[{"href":"https:\/\/www.la-maison-naturelle.com\/blog\/wp-json\/wp\/v2\/types\/post"}],"author":[{"embeddable":true,"href":"https:\/\/www.la-maison-naturelle.com\/blog\/wp-json\/wp\/v2\/users\/5"}],"replies":[{"embeddable":true,"href":"https:\/\/www.la-maison-naturelle.com\/blog\/wp-json\/wp\/v2\/comments?post=2489"}],"version-history":[{"count":2,"href":"https:\/\/www.la-maison-naturelle.com\/blog\/wp-json\/wp\/v2\/posts\/2489\/revisions"}],"predecessor-version":[{"id":5396,"href":"https:\/\/www.la-maison-naturelle.com\/blog\/wp-json\/wp\/v2\/posts\/2489\/revisions\/5396"}],"wp:attachment":[{"href":"https:\/\/www.la-maison-naturelle.com\/blog\/wp-json\/wp\/v2\/media?parent=2489"}],"wp:term":[{"taxonomy":"category","embeddable":true,"href":"https:\/\/www.la-maison-naturelle.com\/blog\/wp-json\/wp\/v2\/categories?post=2489"},{"taxonomy":"post_tag","embeddable":true,"href":"https:\/\/www.la-maison-naturelle.com\/blog\/wp-json\/wp\/v2\/tags?post=2489"}],"curies":[{"name":"wp","href":"https:\/\/api.w.org\/{rel}","templated":true}]}}