{"id":2456,"date":"2017-05-24T16:50:44","date_gmt":"2017-05-24T14:50:44","guid":{"rendered":"https:\/\/www.la-maison-naturelle.com\/blog\/?p=2456"},"modified":"2023-07-29T09:50:12","modified_gmt":"2023-07-29T07:50:12","slug":"l-habitat-participatif-prend-de-l-ampleur-en-france","status":"publish","type":"post","link":"https:\/\/www.la-maison-naturelle.com\/blog\/l-habitat-participatif-prend-de-l-ampleur-en-france\/","title":{"rendered":"L&rsquo;habitat participatif prend de l&rsquo;ampleur en France"},"content":{"rendered":"<h2>Parmi les principaux acteurs dans l&rsquo;accompagnement de projet de habitat participatif, le groupe de travail Toits-de-Choix .<\/h2>\n<p>Le site mon isolation \u00e9cologique .com relaye ici les derni\u00e8res actions suivies par Toits de Choix.<\/p>\n<p>Autres articles sur le sujet :<\/p>\n<p>Habitat group\u00e9, \u00e9coquartier, habitat participatif.<\/p>\n<p>Les rencontres Habitat group\u00e9 \u00e0 Grenoble (38)<\/p>\n<p>La mixit\u00e9 sociale \u00e0 Angers (49)<\/p>\n<p>Habitat participatif dans l&rsquo;H\u00e9rault (34)<\/p>\n<p>Pour habiter ensemble \u00e0 Lille (59)<\/p>\n<p>Habitat participatif \u00e0 Montpellier (34)<\/p>\n<p>Strasbourg pour l&rsquo;habitat participatif (67)<\/p>\n<h3><em>\u00ab\u00a0Notre s\u00e9rie de pr\u00e9sentation de projets d\u2019Habitats participatifs accompagn\u00e9s par Toits de Choix se poursuit avec Les Terres Blanches \u00e0 Pierrevert pr\u00e8s de Manosque dans les Alpes de Haute Provence&#8230;<\/em><\/h3>\n<p><em><br \/>\nLe projet de Pierrevert, une commune proche de Manosque, a commenc\u00e9 en 2010 avec une \u00e9tude urbaine en vue de la cr\u00e9ation d\u2019un petit quartier durable. La Mairie avait souhait\u00e9, d\u00e8s cette phase d\u2019\u00e9tude, favoriser l\u2019installation d\u2019un projet d\u2019Habitat participatif.<\/em><\/p>\n<p><em>Comment cr\u00e9er un quartier avec ses futurs habitants ? Autre \u00e9l\u00e9ment de cadrage : la mixit\u00e9 sociale. Sur une quarantaine de logements, un tiers devait \u00eatre r\u00e9serv\u00e9 \u00e0 des logements sociaux locatifs.<\/em><\/p>\n<p>Toits de Choix et une \u00e9quipe compos\u00e9e d\u2019un urbaniste, d\u2019un \u00e9conomiste et de paysagistes remporte l\u2019appel d\u2019offre.\u00a0 Pendant plusieurs mois, nous organisons des ateliers ouverts \u00e0 tous pour \u00e9tudier les enjeux, les contraintes et les potentiels de ce projet d\u2019am\u00e9nagement. De nombreux riverains participent. Ils font part de leurs inqui\u00e9tudes par rapport \u00e0 une trop grande densification de leur quartier. Le dire est d\u00e9j\u00e0 le d\u00e9but d\u2019une solution.<br \/>\nEn m\u00eame temps, plusieurs futurs habitants potentiels commencent \u00e0 s\u2019int\u00e9resser au projet. Ils apportent des id\u00e9es nouvelles en termes d\u2019espaces publics et partag\u00e9s avec l\u2019ensemble du quartier. A ce titre, ces ateliers sont une r\u00e9ussite. Les remarques des uns et des autres sont prises en compte et aucun recours n\u2019est d\u00e9pos\u00e9 au moment du permis d\u2019am\u00e9nager. Sur la base des recommandations de l\u2019\u00e9tude urbaine valid\u00e9es par la Commune et l\u2019EPF, un bailleur social de la r\u00e9gion se pr\u00e9sente comme porteur des logements sociaux et de l\u2019am\u00e9nagement du quartier. Malheureusement, il se d\u00e9siste apr\u00e8s 6 mois d\u2019\u00e9tude. Commence alors une longue recherche d\u2019un op\u00e9rateur.<\/p>\n<p>Finalement, la Ville retient la proposition de MAP, un am\u00e9nageur priv\u00e9 de la r\u00e9gion d\u2019Aix-en-Provence. Il propose un nouveau plan d\u2019am\u00e9nagement, valid\u00e9 quelques mois plus tard. Un Permis d\u2019am\u00e9nager est d\u00e9pos\u00e9 fin 2012 et accord\u00e9 depuis ce printemps. Suit une s\u00e9rie de n\u00e9gociations entre l\u2019am\u00e9nageur, la Ville, l\u2019EPF et Toits de Choix qui aboutissent \u00e0 un accord sur les modalit\u00e9s de la r\u00e9servation d\u2019un terrain de 3 000 m2 pour le projet d\u2019habitat participatif.<\/p>\n<p>Aujourd\u2019hui, deux ans apr\u00e8s le moment pr\u00e9vu initialement, nous pouvons enfin reprendre le processus du projet. Nous sommes encore en contact avec un foyer qui, \u00e0 l\u2019\u00e9poque, avait particip\u00e9 avec beaucoup d\u2019enthousiasme aux ateliers.<br \/>\n<em>Nous recommencerons donc du d\u00e9but.<br \/>\nCe type de situations montre bien l&rsquo;enjeu de la coordination de la planification urbaine avec les projets d&rsquo;Habitat participatif. Il n\u2019est g\u00e9n\u00e9ralement pas envisageable pour des foyers d\u2019attendre deux ans un hypoth\u00e9tique Permis d\u2019am\u00e9nager. Une telle \u00e9ch\u00e9ance rallonge le projet d&rsquo;une fa\u00e7on peu acceptable. Ou, pour dire autrement : il n\u2019y pas que l\u2019Habitat participatif dans la vie\u2026 Il est donc important pour une collectivit\u00e9 ou un am\u00e9nageur de programmer le lancement des processus au bon moment. Un engagement des habitants n\u00e9cessite des certitudes sur le foncier, de son co\u00fbt et les d\u00e9lais. Un bon rythme des processus est clairement l\u2019une des conditions de r\u00e9ussite pour l\u2019<\/em><em>Habitat participatif.<\/em><\/p>\n<p>Notre conclusion : Prenez du temps sans perdre du temps.\u00a0\u00bb<\/p>\n<p><em>\u00e9dit\u00e9 par <\/em><em>Toits de choix<\/em><\/p>\n<p>Prochaine r\u00e9union d&rsquo;information : mercredi 13 novembre \u00e0 18h30<br \/>\nSalle du Cercle &#8211; au dessus du Caf\u00e9 \u00abLe Bacchus\u00bb &#8211; Pierrevert<\/p>\n","protected":false},"excerpt":{"rendered":"<p>Parmi les principaux acteurs dans l&rsquo;accompagnement de projet de habitat participatif, le groupe de travail Toits-de-Choix . Le site mon isolation \u00e9cologique .com relaye ici les derni\u00e8res actions suivies par Toits de Choix. Autres articles sur le sujet : Habitat group\u00e9, \u00e9coquartier, habitat participatif. Les rencontres Habitat group\u00e9 \u00e0 Grenoble (38) La mixit\u00e9 sociale \u00e0 [&hellip;]<\/p>\n","protected":false},"author":5,"featured_media":0,"comment_status":"open","ping_status":"open","sticky":false,"template":"","format":"standard","meta":{"footnotes":""},"categories":[6],"tags":[],"class_list":["post-2456","post","type-post","status-publish","format-standard","hentry","category-les-dossiers"],"_wp_attached_file":null,"_wp_attachment_metadata":null,"_wp_attachment_context":null,"_wp_attachment_image_alt":null,"_hf_settings":null,"hf_message_success":null,"hf_message_invalid_email":null,"hf_message_required_field_missing":null,"hf_message_error":null,"_menu_item_type":null,"_menu_item_menu_item_parent":null,"_menu_item_object_id":null,"_menu_item_object":null,"_menu_item_target":null,"_menu_item_classes":null,"_menu_item_xfn":null,"_menu_item_url":null,"_yoast_wpseo_primary_category":"6","_thumbnail_id":null,"_oembed_26d84b2c06432105b0a19987ae029a71":null,"_oembed_43e9e2dfde1b9b4ed91c9711026b7ef9":null,"_oembed_1fe1564764edbddc3b61e81acf52be88":null,"_oembed_df60f474cd845141e7ce6596d101e4a0":null,"_oembed_825e674795e2435c0bc66eb08e5d2c8b":null,"_oembed_time_825e674795e2435c0bc66eb08e5d2c8b":null,"_oembed_e917352ff4cc21ea91383201eeaa08cf":null,"_oembed_2363c16c972791c33e283320dc564fce":null,"_oembed_cc9ad5b5073a84776f6a62e33e6c7498":null,"_oembed_time_cc9ad5b5073a84776f6a62e33e6c7498":null,"_oembed_305147fcf4b856de518466e695c209cd":null,"_oembed_8517a877084ae01a5296813ee1d16a2b":null,"_oembed_2741f1556b243e68379198f98ba7f864":null,"_oembed_c3ffa24981451396c950ece2129da0f6":null,"_oembed_6f9091ebe2f3f5fcb5698ba6f4b41477":null,"_wp_old_slug":null,"_oembed_e4fb0f68ba12b85e9e231afe151ba12a":null,"_oembed_3c60e98bd703e617e67f5bbb3b97424d":null,"_oembed_bb060374498dcf40cb6068efe4be87e1":null,"_oembed_d0403e1e71c3a29020bd546b159480f1":null,"_oembed_b030ff17fbbbf8661c59c2ab8ff289eb":null,"_oembed_5cec699ba0631c6c0e4ba4f6af5f228e":null,"_oembed_b06a67f278b90cf4e8dd17cb12fe67b0":null,"_oembed_8e190e4fea2256f17420434651556236":null,"_oembed_b5ded119f1337916a0fc64d2ad85c95f":null,"_oembed_d9364a7a81be31c01415da2c50a48932":null,"_oembed_738cafa36d51a58e5ae3e458aa8f7584":null,"_oembed_ebcab5184b6b321b28efbcbec079859b":null,"_oembed_3dd9e35c2b7b268070e74da5b89cf937":null,"_oembed_e14b167b493e311a1c4e2aab38a463e8":null,"_oembed_dc8f7d108b38f3f0c2e0785b8bc46cae":null,"_oembed_55cf1c5142884afed312c2666bf27520":null,"_oembed_2292333bf03a956b4b61afafeff6bca0":null,"_oembed_82a986a6b900856fec23169de03a0038":null,"_oembed_4048ded025352b83569104210074165a":null,"_oembed_033b42b1af757abc39e4487233cee7f5":null,"_oembed_aec1d50f2b159366be8e37e94b201be1":null,"_oembed_0adc8480b2fcadf9a1733f572ce3d3f8":null,"_yoast_wpseo_title":null,"_yoast_wpseo_focuskw":null,"_yoast_wpseo_linkdex":null,"_yoast_wpseo_metadesc":null,"_yoast_wpseo_wordproof_timestamp":"","_tpl_archive_meta_key":null,"_form":null,"_mail":null,"_mail_2":null,"_messages":null,"_additional_settings":null,"_locale":null,"_wp_old_date":null,"_edit_last":"5","_wpb_vc_js_status":"false","_yoast_wpseo_estimated-reading-time-minutes":"4","_edit_lock":"1690616869:5","_yoast_wpseo_content_score":"60","yoast_head":"<!-- This site is optimized with the Yoast SEO plugin v24.3 - https:\/\/yoast.com\/wordpress\/plugins\/seo\/ -->\n<title>L&#039;habitat participatif prend de l&#039;ampleur en France - La Maison naturelle | Blog<\/title>\n<meta name=\"robots\" content=\"index, follow, max-snippet:-1, max-image-preview:large, max-video-preview:-1\" \/>\n<link rel=\"canonical\" href=\"https:\/\/www.la-maison-naturelle.com\/blog\/l-habitat-participatif-prend-de-l-ampleur-en-france\/\" \/>\n<meta property=\"og:locale\" content=\"fr_FR\" \/>\n<meta property=\"og:type\" content=\"article\" \/>\n<meta property=\"og:title\" content=\"L&#039;habitat participatif prend de l&#039;ampleur en France - La Maison naturelle | Blog\" \/>\n<meta property=\"og:description\" content=\"Parmi les principaux acteurs dans l&rsquo;accompagnement de projet de habitat participatif, le groupe de travail Toits-de-Choix . Le site mon isolation \u00e9cologique .com relaye ici les derni\u00e8res actions suivies par Toits de Choix. Autres articles sur le sujet : Habitat group\u00e9, \u00e9coquartier, habitat participatif. Les rencontres Habitat group\u00e9 \u00e0 Grenoble (38) La mixit\u00e9 sociale \u00e0 [&hellip;]\" \/>\n<meta property=\"og:url\" content=\"https:\/\/www.la-maison-naturelle.com\/blog\/l-habitat-participatif-prend-de-l-ampleur-en-france\/\" \/>\n<meta property=\"og:site_name\" content=\"La Maison naturelle | Blog\" \/>\n<meta property=\"article:published_time\" content=\"2017-05-24T14:50:44+00:00\" \/>\n<meta property=\"article:modified_time\" content=\"2023-07-29T07:50:12+00:00\" \/>\n<meta name=\"author\" content=\"Eloise\" \/>\n<meta name=\"twitter:card\" content=\"summary_large_image\" \/>\n<meta name=\"twitter:label1\" content=\"\u00c9crit par\" \/>\n\t<meta name=\"twitter:data1\" content=\"Eloise\" \/>\n\t<meta name=\"twitter:label2\" content=\"Dur\u00e9e de lecture estim\u00e9e\" \/>\n\t<meta name=\"twitter:data2\" content=\"4 minutes\" \/>\n<script type=\"application\/ld+json\" class=\"yoast-schema-graph\">{\"@context\":\"https:\/\/schema.org\",\"@graph\":[{\"@type\":\"Article\",\"@id\":\"https:\/\/www.la-maison-naturelle.com\/blog\/l-habitat-participatif-prend-de-l-ampleur-en-france\/#article\",\"isPartOf\":{\"@id\":\"https:\/\/www.la-maison-naturelle.com\/blog\/l-habitat-participatif-prend-de-l-ampleur-en-france\/\"},\"author\":{\"name\":\"Eloise\",\"@id\":\"https:\/\/www.la-maison-naturelle.com\/blog\/#\/schema\/person\/cad2a9ed80410189f0688441d546d43f\"},\"headline\":\"L&rsquo;habitat participatif prend de l&rsquo;ampleur en France\",\"datePublished\":\"2017-05-24T14:50:44+00:00\",\"dateModified\":\"2023-07-29T07:50:12+00:00\",\"mainEntityOfPage\":{\"@id\":\"https:\/\/www.la-maison-naturelle.com\/blog\/l-habitat-participatif-prend-de-l-ampleur-en-france\/\"},\"wordCount\":678,\"commentCount\":0,\"publisher\":{\"@id\":\"https:\/\/www.la-maison-naturelle.com\/blog\/#organization\"},\"articleSection\":[\"Les dossiers\"],\"inLanguage\":\"fr-FR\",\"potentialAction\":[{\"@type\":\"CommentAction\",\"name\":\"Comment\",\"target\":[\"https:\/\/www.la-maison-naturelle.com\/blog\/l-habitat-participatif-prend-de-l-ampleur-en-france\/#respond\"]}]},{\"@type\":\"WebPage\",\"@id\":\"https:\/\/www.la-maison-naturelle.com\/blog\/l-habitat-participatif-prend-de-l-ampleur-en-france\/\",\"url\":\"https:\/\/www.la-maison-naturelle.com\/blog\/l-habitat-participatif-prend-de-l-ampleur-en-france\/\",\"name\":\"L'habitat participatif prend de l'ampleur en France - La Maison naturelle | Blog\",\"isPartOf\":{\"@id\":\"https:\/\/www.la-maison-naturelle.com\/blog\/#website\"},\"datePublished\":\"2017-05-24T14:50:44+00:00\",\"dateModified\":\"2023-07-29T07:50:12+00:00\",\"breadcrumb\":{\"@id\":\"https:\/\/www.la-maison-naturelle.com\/blog\/l-habitat-participatif-prend-de-l-ampleur-en-france\/#breadcrumb\"},\"inLanguage\":\"fr-FR\",\"potentialAction\":[{\"@type\":\"ReadAction\",\"target\":[\"https:\/\/www.la-maison-naturelle.com\/blog\/l-habitat-participatif-prend-de-l-ampleur-en-france\/\"]}]},{\"@type\":\"BreadcrumbList\",\"@id\":\"https:\/\/www.la-maison-naturelle.com\/blog\/l-habitat-participatif-prend-de-l-ampleur-en-france\/#breadcrumb\",\"itemListElement\":[{\"@type\":\"ListItem\",\"position\":1,\"name\":\"Accueil\",\"item\":\"https:\/\/www.la-maison-naturelle.com\/blog\/\"},{\"@type\":\"ListItem\",\"position\":2,\"name\":\"L&rsquo;habitat participatif prend de l&rsquo;ampleur en France\"}]},{\"@type\":\"WebSite\",\"@id\":\"https:\/\/www.la-maison-naturelle.com\/blog\/#website\",\"url\":\"https:\/\/www.la-maison-naturelle.com\/blog\/\",\"name\":\"La Maison naturelle | Blog\",\"description\":\"Blog de la Maison naturelle\",\"publisher\":{\"@id\":\"https:\/\/www.la-maison-naturelle.com\/blog\/#organization\"},\"potentialAction\":[{\"@type\":\"SearchAction\",\"target\":{\"@type\":\"EntryPoint\",\"urlTemplate\":\"https:\/\/www.la-maison-naturelle.com\/blog\/?s={search_term_string}\"},\"query-input\":{\"@type\":\"PropertyValueSpecification\",\"valueRequired\":true,\"valueName\":\"search_term_string\"}}],\"inLanguage\":\"fr-FR\"},{\"@type\":\"Organization\",\"@id\":\"https:\/\/www.la-maison-naturelle.com\/blog\/#organization\",\"name\":\"La Maison naturelle | Blog\",\"url\":\"https:\/\/www.la-maison-naturelle.com\/blog\/\",\"logo\":{\"@type\":\"ImageObject\",\"inLanguage\":\"fr-FR\",\"@id\":\"https:\/\/www.la-maison-naturelle.com\/blog\/#\/schema\/logo\/image\/\",\"url\":\"https:\/\/www.la-maison-naturelle.com\/blog\/wp-content\/uploads\/2021\/07\/maison-naturelle-logo.svg\",\"contentUrl\":\"https:\/\/www.la-maison-naturelle.com\/blog\/wp-content\/uploads\/2021\/07\/maison-naturelle-logo.svg\",\"width\":156,\"height\":64,\"caption\":\"La Maison naturelle | Blog\"},\"image\":{\"@id\":\"https:\/\/www.la-maison-naturelle.com\/blog\/#\/schema\/logo\/image\/\"}},{\"@type\":\"Person\",\"@id\":\"https:\/\/www.la-maison-naturelle.com\/blog\/#\/schema\/person\/cad2a9ed80410189f0688441d546d43f\",\"name\":\"Eloise\",\"image\":{\"@type\":\"ImageObject\",\"inLanguage\":\"fr-FR\",\"@id\":\"https:\/\/www.la-maison-naturelle.com\/blog\/#\/schema\/person\/image\/\",\"url\":\"https:\/\/secure.gravatar.com\/avatar\/344186806f5e8613d4a2109f3b0228a847a7c0858a8023778c44bdcfc1111df9?s=96&d=mm&r=g\",\"contentUrl\":\"https:\/\/secure.gravatar.com\/avatar\/344186806f5e8613d4a2109f3b0228a847a7c0858a8023778c44bdcfc1111df9?s=96&d=mm&r=g\",\"caption\":\"Eloise\"},\"sameAs\":[\"https:\/\/www.la-maison-naturelle.com\/\"],\"url\":\"https:\/\/www.la-maison-naturelle.com\/blog\/author\/idries\/\"}]}<\/script>\n<!-- \/ Yoast SEO plugin. -->","yoast_head_json":{"title":"L'habitat participatif prend de l'ampleur en France - La Maison naturelle | Blog","robots":{"index":"index","follow":"follow","max-snippet":"max-snippet:-1","max-image-preview":"max-image-preview:large","max-video-preview":"max-video-preview:-1"},"canonical":"https:\/\/www.la-maison-naturelle.com\/blog\/l-habitat-participatif-prend-de-l-ampleur-en-france\/","og_locale":"fr_FR","og_type":"article","og_title":"L'habitat participatif prend de l'ampleur en France - La Maison naturelle | Blog","og_description":"Parmi les principaux acteurs dans l&rsquo;accompagnement de projet de habitat participatif, le groupe de travail Toits-de-Choix . Le site mon isolation \u00e9cologique .com relaye ici les derni\u00e8res actions suivies par Toits de Choix. Autres articles sur le sujet : Habitat group\u00e9, \u00e9coquartier, habitat participatif. Les rencontres Habitat group\u00e9 \u00e0 Grenoble (38) La mixit\u00e9 sociale \u00e0 [&hellip;]","og_url":"https:\/\/www.la-maison-naturelle.com\/blog\/l-habitat-participatif-prend-de-l-ampleur-en-france\/","og_site_name":"La Maison naturelle | Blog","article_published_time":"2017-05-24T14:50:44+00:00","article_modified_time":"2023-07-29T07:50:12+00:00","author":"Eloise","twitter_card":"summary_large_image","twitter_misc":{"\u00c9crit par":"Eloise","Dur\u00e9e de lecture estim\u00e9e":"4 minutes"},"schema":{"@context":"https:\/\/schema.org","@graph":[{"@type":"Article","@id":"https:\/\/www.la-maison-naturelle.com\/blog\/l-habitat-participatif-prend-de-l-ampleur-en-france\/#article","isPartOf":{"@id":"https:\/\/www.la-maison-naturelle.com\/blog\/l-habitat-participatif-prend-de-l-ampleur-en-france\/"},"author":{"name":"Eloise","@id":"https:\/\/www.la-maison-naturelle.com\/blog\/#\/schema\/person\/cad2a9ed80410189f0688441d546d43f"},"headline":"L&rsquo;habitat participatif prend de l&rsquo;ampleur en France","datePublished":"2017-05-24T14:50:44+00:00","dateModified":"2023-07-29T07:50:12+00:00","mainEntityOfPage":{"@id":"https:\/\/www.la-maison-naturelle.com\/blog\/l-habitat-participatif-prend-de-l-ampleur-en-france\/"},"wordCount":678,"commentCount":0,"publisher":{"@id":"https:\/\/www.la-maison-naturelle.com\/blog\/#organization"},"articleSection":["Les dossiers"],"inLanguage":"fr-FR","potentialAction":[{"@type":"CommentAction","name":"Comment","target":["https:\/\/www.la-maison-naturelle.com\/blog\/l-habitat-participatif-prend-de-l-ampleur-en-france\/#respond"]}]},{"@type":"WebPage","@id":"https:\/\/www.la-maison-naturelle.com\/blog\/l-habitat-participatif-prend-de-l-ampleur-en-france\/","url":"https:\/\/www.la-maison-naturelle.com\/blog\/l-habitat-participatif-prend-de-l-ampleur-en-france\/","name":"L'habitat participatif prend de l'ampleur en France - La Maison naturelle | Blog","isPartOf":{"@id":"https:\/\/www.la-maison-naturelle.com\/blog\/#website"},"datePublished":"2017-05-24T14:50:44+00:00","dateModified":"2023-07-29T07:50:12+00:00","breadcrumb":{"@id":"https:\/\/www.la-maison-naturelle.com\/blog\/l-habitat-participatif-prend-de-l-ampleur-en-france\/#breadcrumb"},"inLanguage":"fr-FR","potentialAction":[{"@type":"ReadAction","target":["https:\/\/www.la-maison-naturelle.com\/blog\/l-habitat-participatif-prend-de-l-ampleur-en-france\/"]}]},{"@type":"BreadcrumbList","@id":"https:\/\/www.la-maison-naturelle.com\/blog\/l-habitat-participatif-prend-de-l-ampleur-en-france\/#breadcrumb","itemListElement":[{"@type":"ListItem","position":1,"name":"Accueil","item":"https:\/\/www.la-maison-naturelle.com\/blog\/"},{"@type":"ListItem","position":2,"name":"L&rsquo;habitat participatif prend de l&rsquo;ampleur en France"}]},{"@type":"WebSite","@id":"https:\/\/www.la-maison-naturelle.com\/blog\/#website","url":"https:\/\/www.la-maison-naturelle.com\/blog\/","name":"La Maison naturelle | Blog","description":"Blog de la Maison naturelle","publisher":{"@id":"https:\/\/www.la-maison-naturelle.com\/blog\/#organization"},"potentialAction":[{"@type":"SearchAction","target":{"@type":"EntryPoint","urlTemplate":"https:\/\/www.la-maison-naturelle.com\/blog\/?s={search_term_string}"},"query-input":{"@type":"PropertyValueSpecification","valueRequired":true,"valueName":"search_term_string"}}],"inLanguage":"fr-FR"},{"@type":"Organization","@id":"https:\/\/www.la-maison-naturelle.com\/blog\/#organization","name":"La Maison naturelle | Blog","url":"https:\/\/www.la-maison-naturelle.com\/blog\/","logo":{"@type":"ImageObject","inLanguage":"fr-FR","@id":"https:\/\/www.la-maison-naturelle.com\/blog\/#\/schema\/logo\/image\/","url":"https:\/\/www.la-maison-naturelle.com\/blog\/wp-content\/uploads\/2021\/07\/maison-naturelle-logo.svg","contentUrl":"https:\/\/www.la-maison-naturelle.com\/blog\/wp-content\/uploads\/2021\/07\/maison-naturelle-logo.svg","width":156,"height":64,"caption":"La Maison naturelle | Blog"},"image":{"@id":"https:\/\/www.la-maison-naturelle.com\/blog\/#\/schema\/logo\/image\/"}},{"@type":"Person","@id":"https:\/\/www.la-maison-naturelle.com\/blog\/#\/schema\/person\/cad2a9ed80410189f0688441d546d43f","name":"Eloise","image":{"@type":"ImageObject","inLanguage":"fr-FR","@id":"https:\/\/www.la-maison-naturelle.com\/blog\/#\/schema\/person\/image\/","url":"https:\/\/secure.gravatar.com\/avatar\/344186806f5e8613d4a2109f3b0228a847a7c0858a8023778c44bdcfc1111df9?s=96&d=mm&r=g","contentUrl":"https:\/\/secure.gravatar.com\/avatar\/344186806f5e8613d4a2109f3b0228a847a7c0858a8023778c44bdcfc1111df9?s=96&d=mm&r=g","caption":"Eloise"},"sameAs":["https:\/\/www.la-maison-naturelle.com\/"],"url":"https:\/\/www.la-maison-naturelle.com\/blog\/author\/idries\/"}]}},"_links":{"self":[{"href":"https:\/\/www.la-maison-naturelle.com\/blog\/wp-json\/wp\/v2\/posts\/2456","targetHints":{"allow":["GET"]}}],"collection":[{"href":"https:\/\/www.la-maison-naturelle.com\/blog\/wp-json\/wp\/v2\/posts"}],"about":[{"href":"https:\/\/www.la-maison-naturelle.com\/blog\/wp-json\/wp\/v2\/types\/post"}],"author":[{"embeddable":true,"href":"https:\/\/www.la-maison-naturelle.com\/blog\/wp-json\/wp\/v2\/users\/5"}],"replies":[{"embeddable":true,"href":"https:\/\/www.la-maison-naturelle.com\/blog\/wp-json\/wp\/v2\/comments?post=2456"}],"version-history":[{"count":2,"href":"https:\/\/www.la-maison-naturelle.com\/blog\/wp-json\/wp\/v2\/posts\/2456\/revisions"}],"predecessor-version":[{"id":4950,"href":"https:\/\/www.la-maison-naturelle.com\/blog\/wp-json\/wp\/v2\/posts\/2456\/revisions\/4950"}],"wp:attachment":[{"href":"https:\/\/www.la-maison-naturelle.com\/blog\/wp-json\/wp\/v2\/media?parent=2456"}],"wp:term":[{"taxonomy":"category","embeddable":true,"href":"https:\/\/www.la-maison-naturelle.com\/blog\/wp-json\/wp\/v2\/categories?post=2456"},{"taxonomy":"post_tag","embeddable":true,"href":"https:\/\/www.la-maison-naturelle.com\/blog\/wp-json\/wp\/v2\/tags?post=2456"}],"curies":[{"name":"wp","href":"https:\/\/api.w.org\/{rel}","templated":true}]}}