{"id":2430,"date":"2016-08-26T15:23:26","date_gmt":"2016-08-26T13:23:26","guid":{"rendered":"https:\/\/www.la-maison-naturelle.com\/blog\/?p=2430"},"modified":"2023-08-04T19:07:57","modified_gmt":"2023-08-04T17:07:57","slug":"pavatex-diffutherm-l-isolant-fibre-de-bois-pour-ite","status":"publish","type":"post","link":"https:\/\/www.la-maison-naturelle.com\/blog\/pavatex-diffutherm-l-isolant-fibre-de-bois-pour-ite\/","title":{"rendered":"Pavatex : l&rsquo;isolant fibre de bois pour ITE"},"content":{"rendered":"<table style=\" width=\"100%\",max-width=\"839\">\n<tbody>\n<tr>\n<td colspan=\"3\"><a href=\"https:\/\/www.la-maison-naturelle.com\/\"><img decoding=\"async\" class=\"wp-image-5568 aligncenter\" src=\"https:\/\/www.la-maison-naturelle.com\/blog\/wp-content\/uploads\/2012\/05\/Dark-Green-and-Gray-Professional-and-Clean-E-Commerce-Email-Header-300x35.png\" alt=\"\" width=\"839\" srcset=\"https:\/\/www.la-maison-naturelle.com\/blog\/wp-content\/uploads\/2012\/05\/Dark-Green-and-Gray-Professional-and-Clean-E-Commerce-Email-Header-300x35.png 300w, https:\/\/www.la-maison-naturelle.com\/blog\/wp-content\/uploads\/2012\/05\/Dark-Green-and-Gray-Professional-and-Clean-E-Commerce-Email-Header-1024x119.png 1024w, https:\/\/www.la-maison-naturelle.com\/blog\/wp-content\/uploads\/2012\/05\/Dark-Green-and-Gray-Professional-and-Clean-E-Commerce-Email-Header-768x89.png 768w, https:\/\/www.la-maison-naturelle.com\/blog\/wp-content\/uploads\/2012\/05\/Dark-Green-and-Gray-Professional-and-Clean-E-Commerce-Email-Header-1536x178.png 1536w, https:\/\/www.la-maison-naturelle.com\/blog\/wp-content\/uploads\/2012\/05\/Dark-Green-and-Gray-Professional-and-Clean-E-Commerce-Email-Header.png 1578w\" sizes=\"(max-width: 300px) 100vw, 300px\" \/><\/a><\/td>\n<\/tr>\n<tr>\n<td><a href=\"https:\/\/www.la-maison-naturelle.com\/5260-materiaux-et-bricolage\"><img loading=\"lazy\" decoding=\"async\" class=\"alignright size-medium wp-image-5565\" src=\"https:\/\/www.la-maison-naturelle.com\/blog\/wp-content\/uploads\/2012\/05\/73a5f09c-2ef6-46dd-90d1-9cf73599e16b-1-249x300.png\" alt=\"Mat\u00e9riaux et bricolage\" width=\"249\" height=\"300\" srcset=\"https:\/\/www.la-maison-naturelle.com\/blog\/wp-content\/uploads\/2012\/05\/73a5f09c-2ef6-46dd-90d1-9cf73599e16b-1-249x300.png 249w, https:\/\/www.la-maison-naturelle.com\/blog\/wp-content\/uploads\/2012\/05\/73a5f09c-2ef6-46dd-90d1-9cf73599e16b-1.png 397w\" sizes=\"auto, (max-width: 249px) 100vw, 249px\" \/><\/a><\/td>\n<td><a href=\"https:\/\/www.la-maison-naturelle.com\/5266-amenagement-du-jardin\"><img loading=\"lazy\" decoding=\"async\" class=\"alignright size-medium wp-image-5564\" src=\"https:\/\/www.la-maison-naturelle.com\/blog\/wp-content\/uploads\/2012\/05\/9224811f-6da5-4d4d-8634-e9a2517a9565-1-249x300.png\" alt=\"Jardin et ext\u00e9rieur\" width=\"249\" height=\"300\" srcset=\"https:\/\/www.la-maison-naturelle.com\/blog\/wp-content\/uploads\/2012\/05\/9224811f-6da5-4d4d-8634-e9a2517a9565-1-249x300.png 249w, https:\/\/www.la-maison-naturelle.com\/blog\/wp-content\/uploads\/2012\/05\/9224811f-6da5-4d4d-8634-e9a2517a9565-1.png 397w\" sizes=\"auto, (max-width: 249px) 100vw, 249px\" \/><\/a><\/td>\n<td><a href=\"https:\/\/www.la-maison-naturelle.com\/5267-interieur-et-decoration\"><img loading=\"lazy\" decoding=\"async\" class=\"alignright size-medium wp-image-5563\" src=\"https:\/\/www.la-maison-naturelle.com\/blog\/wp-content\/uploads\/2012\/05\/b9400ea8-440a-4a4a-8db6-682fde3f9652-1-249x300.png\" alt=\"Int\u00e9rieur et d\u00e9coration\" width=\"249\" height=\"300\" srcset=\"https:\/\/www.la-maison-naturelle.com\/blog\/wp-content\/uploads\/2012\/05\/b9400ea8-440a-4a4a-8db6-682fde3f9652-1-249x300.png 249w, https:\/\/www.la-maison-naturelle.com\/blog\/wp-content\/uploads\/2012\/05\/b9400ea8-440a-4a4a-8db6-682fde3f9652-1.png 397w\" sizes=\"auto, (max-width: 249px) 100vw, 249px\" \/><\/a><\/td>\n<\/tr>\n<\/tbody>\n<\/table>\n<h2>Une isolation performante avec PAVATEX DIFFUTHERM<\/h2>\n<p>Le panneau DIFFUTHERM PAVATEX est un syst\u00e8me d&rsquo;isolation thermique par l&rsquo;ext\u00e9rieur novateur en fibres de bois pour les murs ext\u00e9rieurs cr\u00e9pis.<\/p>\n<p>Pavatex Diffutherm a fait ces preuves notamment pour les b\u00e2timents de construction mixte. Le syst\u00e8me se compose de plusieurs couches de fibres de bois de diff\u00e9rentes densit\u00e9s qui sont r\u00e9unis par un proc\u00e9d\u00e9 sandwich pour former un panneau extr\u00eamement isolant et ouvert \u00e0 la diffusion. Le syst\u00e8me composite d&rsquo;isolation thermique se caract\u00e9rise par une faible conductivit\u00e9 thermique et une importante capacit\u00e9 d&rsquo;accumulation thermique.<br \/>\nLe panneau PAVATEX DIFFUTHERM offre ainsi une protection compl\u00e8te contre le froid la chaleur, le bruit et l&rsquo;incendie.<\/p>\n<h2>Fabrication du panneau Pavatex<\/h2>\n<p>Les <a href=\"https:\/\/www.la-maison-naturelle.com\/3003-fibre-et-laine-de-bois\">panneaux en fibre de bois<\/a> PAVATEX sont fabriqu\u00e9s \u00e0 l&rsquo;aide d&rsquo;un proc\u00e9d\u00e9 humide \u00e9cologique. Les dosses, d\u00e9lignures et plaquettes sont d\u00e9fibr\u00e9es par un processus thermo-m\u00e9canique et m\u00e9lang\u00e9 avec de l&rsquo;eau. Le g\u00e2teau fibreux ainsi obtenu subit une op\u00e9ration de pressage et de s\u00e9chage pour former les panneaux isolants en fibre de bois. Les forces de liaison du bois par exemple la lignine assure la coh\u00e9sion du mat\u00e9riau.<\/p>\n<p>L&rsquo;adjonction de colle de pesticide ou d&rsquo;agent ignifuge est ainsi superflue.<\/p>\n<h2>Pavatex pour isoler les fa\u00e7ades ext\u00e9rieures<\/h2>\n<p>Pavatex Diffutherm a parfaitement fait ses preuves dans de nombreux ouvrages. Gr\u00e2ce \u00e0 sa conception sp\u00e9ciale, il constitue une base id\u00e9ale pour un cr\u00e9pis min\u00e9ral ouvert \u00e0 la diffusion. Ce syst\u00e8me composite d&rsquo;isolation thermique a \u00e9t\u00e9 valid\u00e9 et garanti par de nombreux producteurs de cr\u00e9pis de renom. Une gamme d&rsquo;enduits pour ITE est vendue en complement des panneaux Diffutherm.<\/p>\n<p>Le panneau Pavatex Diffutherm dot\u00e9 d&rsquo;une structure respirante et ouverte \u00e0 la diffusion, assure un excellent transport de l&rsquo;humidit\u00e9 et donc une stabilisation du taux hygrom\u00e9trique global. Cela permet d &lsquo;obtenir un climat int\u00e9rieur sain dans toute l&rsquo;habitation et d&#8217;emp\u00eacher la formation de moisissures et de d\u00e9t\u00e9rioration due \u00e0 l&rsquo;humidit\u00e9.<\/p>\n<h2>Pavatex Diffutherm : L&rsquo;avis de l&rsquo;architecte<\/h2>\n<p>Utilis\u00e9 en tant que panneaux de fa\u00e7ade le panneau Pavatex peut \u00e9galement assurer une fonction statique du fait de sa <a href=\"https:\/\/www.la-maison-naturelle.com\/blog\/la-densite-dun-isolant\/\" data-internallinksmanager029f6b8e52c=\"124\" title=\"Qu'est-ce que la densit\u00e9 d'un isolant ?\">densit\u00e9<\/a> \u00e9lev\u00e9 et de sa forme tr\u00e8s stable. Et comme il sert \u00e9galement de coffrage \u00e0 cr\u00e9pis, la cr\u00e9ation d&rsquo;un coffrage suppl\u00e9mentaire est superflue. Cela repr\u00e9sente donc un important gain de temps et de co\u00fbt et permet une construction rapide.<\/p>\n<p>La pr\u00e9fabrication des \u00e9l\u00e9ments de fa\u00e7ade peut \u00e9galement contribuer \u00e0 la rapidit\u00e9 du chantier. Les \u00e9l\u00e9ments de structure pr\u00e9fabriqu\u00e9s qui int\u00e8grent des panneaux Pavatex peuvent \u00eatre mis en \u0153uvre rapidement et \u00e9conomiquement sur la structure du b\u00e2timent (qu&rsquo;elle soit ossature bois ou \u00e0 <a href=\"https:\/\/www.la-maison-naturelle.com\/blog\/une-ossature-metallique\/\" data-internallinksmanager029f6b8e52c=\"116\" title=\"Qu'est-ce qu'une ossature m\u00e9tallique?\">ossature m\u00e9tallique<\/a>) \u00e0 l&rsquo;aide d&rsquo;une grue.<\/p>\n<h2>Finition du cr\u00e9pis sur les panneaux Pavatex Diffutherm<\/h2>\n<p>Ensuite la derni\u00e8re tranche des travaux a d\u00e9but\u00e9 par le cr\u00e9pissage et la peinture. Le syst\u00e8me Pavatex Diffutherm est\u00a0 adapt\u00e9 aux constructions d&rsquo;immeubles de conception moderne. Gr\u00e2ce \u00e0 ses excellentes caract\u00e9ristiques physiques de construction, il r\u00e9duit parfaitement les tensions m\u00eame en cas de variations de temp\u00e9ratures importantes et rapides dans la zone de cr\u00e9pis.<\/p>\n<p>Pavatex pour construire isoler et bien vivre \u2026.<\/p>\n<h5><\/h5>\n","protected":false},"excerpt":{"rendered":"","protected":false},"author":5,"featured_media":3812,"comment_status":"open","ping_status":"open","sticky":false,"template":"","format":"standard","meta":{"footnotes":""},"categories":[4],"tags":[],"class_list":["post-2430","post","type-post","status-publish","format-standard","has-post-thumbnail","hentry","category-actualites-produits"],"_wp_attached_file":null,"_wp_attachment_metadata":null,"_wp_attachment_context":null,"_wp_attachment_image_alt":null,"_hf_settings":null,"hf_message_success":null,"hf_message_invalid_email":null,"hf_message_required_field_missing":null,"hf_message_error":null,"_menu_item_type":null,"_menu_item_menu_item_parent":null,"_menu_item_object_id":null,"_menu_item_object":null,"_menu_item_target":null,"_menu_item_classes":null,"_menu_item_xfn":null,"_menu_item_url":null,"_yoast_wpseo_primary_category":"4","_thumbnail_id":"3812","_oembed_26d84b2c06432105b0a19987ae029a71":null,"_oembed_43e9e2dfde1b9b4ed91c9711026b7ef9":null,"_oembed_1fe1564764edbddc3b61e81acf52be88":null,"_oembed_df60f474cd845141e7ce6596d101e4a0":null,"_oembed_825e674795e2435c0bc66eb08e5d2c8b":null,"_oembed_time_825e674795e2435c0bc66eb08e5d2c8b":null,"_oembed_e917352ff4cc21ea91383201eeaa08cf":null,"_oembed_2363c16c972791c33e283320dc564fce":null,"_oembed_cc9ad5b5073a84776f6a62e33e6c7498":null,"_oembed_time_cc9ad5b5073a84776f6a62e33e6c7498":null,"_oembed_305147fcf4b856de518466e695c209cd":null,"_oembed_8517a877084ae01a5296813ee1d16a2b":null,"_oembed_2741f1556b243e68379198f98ba7f864":null,"_oembed_c3ffa24981451396c950ece2129da0f6":null,"_oembed_6f9091ebe2f3f5fcb5698ba6f4b41477":null,"_wp_old_slug":null,"_oembed_e4fb0f68ba12b85e9e231afe151ba12a":null,"_oembed_3c60e98bd703e617e67f5bbb3b97424d":null,"_oembed_bb060374498dcf40cb6068efe4be87e1":null,"_oembed_d0403e1e71c3a29020bd546b159480f1":null,"_oembed_b030ff17fbbbf8661c59c2ab8ff289eb":null,"_oembed_5cec699ba0631c6c0e4ba4f6af5f228e":null,"_oembed_b06a67f278b90cf4e8dd17cb12fe67b0":null,"_oembed_8e190e4fea2256f17420434651556236":null,"_oembed_b5ded119f1337916a0fc64d2ad85c95f":null,"_oembed_d9364a7a81be31c01415da2c50a48932":null,"_oembed_738cafa36d51a58e5ae3e458aa8f7584":null,"_oembed_ebcab5184b6b321b28efbcbec079859b":null,"_oembed_3dd9e35c2b7b268070e74da5b89cf937":null,"_oembed_e14b167b493e311a1c4e2aab38a463e8":null,"_oembed_dc8f7d108b38f3f0c2e0785b8bc46cae":null,"_oembed_55cf1c5142884afed312c2666bf27520":null,"_oembed_2292333bf03a956b4b61afafeff6bca0":null,"_oembed_82a986a6b900856fec23169de03a0038":null,"_oembed_4048ded025352b83569104210074165a":null,"_oembed_033b42b1af757abc39e4487233cee7f5":null,"_oembed_aec1d50f2b159366be8e37e94b201be1":null,"_oembed_0adc8480b2fcadf9a1733f572ce3d3f8":null,"_yoast_wpseo_title":null,"_yoast_wpseo_focuskw":null,"_yoast_wpseo_linkdex":null,"_yoast_wpseo_metadesc":null,"_yoast_wpseo_wordproof_timestamp":"","_tpl_archive_meta_key":null,"_form":null,"_mail":null,"_mail_2":null,"_messages":null,"_additional_settings":null,"_locale":null,"_wp_old_date":null,"_edit_last":"5","_wpb_vc_js_status":"false","_yoast_wpseo_estimated-reading-time-minutes":"4","_edit_lock":"1691168822:5","_yoast_wpseo_content_score":"60","yoast_head":"<!-- This site is optimized with the Yoast SEO plugin v24.3 - https:\/\/yoast.com\/wordpress\/plugins\/seo\/ -->\n<title>Pavatex : l&#039;isolant fibre de bois pour ITE - La Maison naturelle | Blog<\/title>\n<meta name=\"robots\" content=\"index, follow, max-snippet:-1, max-image-preview:large, max-video-preview:-1\" \/>\n<link rel=\"canonical\" href=\"https:\/\/www.la-maison-naturelle.com\/blog\/pavatex-diffutherm-l-isolant-fibre-de-bois-pour-ite\/\" \/>\n<meta property=\"og:locale\" content=\"fr_FR\" \/>\n<meta property=\"og:type\" content=\"article\" \/>\n<meta property=\"og:title\" content=\"Pavatex : l&#039;isolant fibre de bois pour ITE - La Maison naturelle | Blog\" \/>\n<meta property=\"og:url\" content=\"https:\/\/www.la-maison-naturelle.com\/blog\/pavatex-diffutherm-l-isolant-fibre-de-bois-pour-ite\/\" \/>\n<meta property=\"og:site_name\" content=\"La Maison naturelle | Blog\" \/>\n<meta property=\"article:published_time\" content=\"2016-08-26T13:23:26+00:00\" \/>\n<meta property=\"article:modified_time\" content=\"2023-08-04T17:07:57+00:00\" \/>\n<meta property=\"og:image\" content=\"https:\/\/www.la-maison-naturelle.com\/blog\/wp-content\/uploads\/2022\/08\/pavatex-1024x511.png\" \/>\n\t<meta property=\"og:image:width\" content=\"1024\" \/>\n\t<meta property=\"og:image:height\" content=\"511\" \/>\n\t<meta property=\"og:image:type\" content=\"image\/png\" \/>\n<meta name=\"author\" content=\"Eloise\" \/>\n<meta name=\"twitter:card\" content=\"summary_large_image\" \/>\n<meta name=\"twitter:label1\" content=\"\u00c9crit par\" \/>\n\t<meta name=\"twitter:data1\" content=\"Eloise\" \/>\n\t<meta name=\"twitter:label2\" content=\"Dur\u00e9e de lecture estim\u00e9e\" \/>\n\t<meta name=\"twitter:data2\" content=\"4 minutes\" \/>\n<script type=\"application\/ld+json\" class=\"yoast-schema-graph\">{\"@context\":\"https:\/\/schema.org\",\"@graph\":[{\"@type\":\"Article\",\"@id\":\"https:\/\/www.la-maison-naturelle.com\/blog\/pavatex-diffutherm-l-isolant-fibre-de-bois-pour-ite\/#article\",\"isPartOf\":{\"@id\":\"https:\/\/www.la-maison-naturelle.com\/blog\/pavatex-diffutherm-l-isolant-fibre-de-bois-pour-ite\/\"},\"author\":{\"name\":\"Eloise\",\"@id\":\"https:\/\/www.la-maison-naturelle.com\/blog\/#\/schema\/person\/cad2a9ed80410189f0688441d546d43f\"},\"headline\":\"Pavatex : l&rsquo;isolant fibre de bois pour ITE\",\"datePublished\":\"2016-08-26T13:23:26+00:00\",\"dateModified\":\"2023-08-04T17:07:57+00:00\",\"mainEntityOfPage\":{\"@id\":\"https:\/\/www.la-maison-naturelle.com\/blog\/pavatex-diffutherm-l-isolant-fibre-de-bois-pour-ite\/\"},\"wordCount\":7,\"commentCount\":0,\"publisher\":{\"@id\":\"https:\/\/www.la-maison-naturelle.com\/blog\/#organization\"},\"image\":{\"@id\":\"https:\/\/www.la-maison-naturelle.com\/blog\/pavatex-diffutherm-l-isolant-fibre-de-bois-pour-ite\/#primaryimage\"},\"thumbnailUrl\":\"https:\/\/www.la-maison-naturelle.com\/blog\/wp-content\/uploads\/2022\/08\/pavatex.png\",\"articleSection\":[\"Actualit\u00e9s produits\"],\"inLanguage\":\"fr-FR\",\"potentialAction\":[{\"@type\":\"CommentAction\",\"name\":\"Comment\",\"target\":[\"https:\/\/www.la-maison-naturelle.com\/blog\/pavatex-diffutherm-l-isolant-fibre-de-bois-pour-ite\/#respond\"]}]},{\"@type\":\"WebPage\",\"@id\":\"https:\/\/www.la-maison-naturelle.com\/blog\/pavatex-diffutherm-l-isolant-fibre-de-bois-pour-ite\/\",\"url\":\"https:\/\/www.la-maison-naturelle.com\/blog\/pavatex-diffutherm-l-isolant-fibre-de-bois-pour-ite\/\",\"name\":\"Pavatex : l'isolant fibre de bois pour ITE - La Maison naturelle | Blog\",\"isPartOf\":{\"@id\":\"https:\/\/www.la-maison-naturelle.com\/blog\/#website\"},\"primaryImageOfPage\":{\"@id\":\"https:\/\/www.la-maison-naturelle.com\/blog\/pavatex-diffutherm-l-isolant-fibre-de-bois-pour-ite\/#primaryimage\"},\"image\":{\"@id\":\"https:\/\/www.la-maison-naturelle.com\/blog\/pavatex-diffutherm-l-isolant-fibre-de-bois-pour-ite\/#primaryimage\"},\"thumbnailUrl\":\"https:\/\/www.la-maison-naturelle.com\/blog\/wp-content\/uploads\/2022\/08\/pavatex.png\",\"datePublished\":\"2016-08-26T13:23:26+00:00\",\"dateModified\":\"2023-08-04T17:07:57+00:00\",\"breadcrumb\":{\"@id\":\"https:\/\/www.la-maison-naturelle.com\/blog\/pavatex-diffutherm-l-isolant-fibre-de-bois-pour-ite\/#breadcrumb\"},\"inLanguage\":\"fr-FR\",\"potentialAction\":[{\"@type\":\"ReadAction\",\"target\":[\"https:\/\/www.la-maison-naturelle.com\/blog\/pavatex-diffutherm-l-isolant-fibre-de-bois-pour-ite\/\"]}]},{\"@type\":\"ImageObject\",\"inLanguage\":\"fr-FR\",\"@id\":\"https:\/\/www.la-maison-naturelle.com\/blog\/pavatex-diffutherm-l-isolant-fibre-de-bois-pour-ite\/#primaryimage\",\"url\":\"https:\/\/www.la-maison-naturelle.com\/blog\/wp-content\/uploads\/2022\/08\/pavatex.png\",\"contentUrl\":\"https:\/\/www.la-maison-naturelle.com\/blog\/wp-content\/uploads\/2022\/08\/pavatex.png\",\"width\":1850,\"height\":924},{\"@type\":\"BreadcrumbList\",\"@id\":\"https:\/\/www.la-maison-naturelle.com\/blog\/pavatex-diffutherm-l-isolant-fibre-de-bois-pour-ite\/#breadcrumb\",\"itemListElement\":[{\"@type\":\"ListItem\",\"position\":1,\"name\":\"Accueil\",\"item\":\"https:\/\/www.la-maison-naturelle.com\/blog\/\"},{\"@type\":\"ListItem\",\"position\":2,\"name\":\"Pavatex : l&rsquo;isolant fibre de bois pour ITE\"}]},{\"@type\":\"WebSite\",\"@id\":\"https:\/\/www.la-maison-naturelle.com\/blog\/#website\",\"url\":\"https:\/\/www.la-maison-naturelle.com\/blog\/\",\"name\":\"La Maison naturelle | Blog\",\"description\":\"Blog de la Maison naturelle\",\"publisher\":{\"@id\":\"https:\/\/www.la-maison-naturelle.com\/blog\/#organization\"},\"potentialAction\":[{\"@type\":\"SearchAction\",\"target\":{\"@type\":\"EntryPoint\",\"urlTemplate\":\"https:\/\/www.la-maison-naturelle.com\/blog\/?s={search_term_string}\"},\"query-input\":{\"@type\":\"PropertyValueSpecification\",\"valueRequired\":true,\"valueName\":\"search_term_string\"}}],\"inLanguage\":\"fr-FR\"},{\"@type\":\"Organization\",\"@id\":\"https:\/\/www.la-maison-naturelle.com\/blog\/#organization\",\"name\":\"La Maison naturelle | Blog\",\"url\":\"https:\/\/www.la-maison-naturelle.com\/blog\/\",\"logo\":{\"@type\":\"ImageObject\",\"inLanguage\":\"fr-FR\",\"@id\":\"https:\/\/www.la-maison-naturelle.com\/blog\/#\/schema\/logo\/image\/\",\"url\":\"https:\/\/www.la-maison-naturelle.com\/blog\/wp-content\/uploads\/2021\/07\/maison-naturelle-logo.svg\",\"contentUrl\":\"https:\/\/www.la-maison-naturelle.com\/blog\/wp-content\/uploads\/2021\/07\/maison-naturelle-logo.svg\",\"width\":156,\"height\":64,\"caption\":\"La Maison naturelle | Blog\"},\"image\":{\"@id\":\"https:\/\/www.la-maison-naturelle.com\/blog\/#\/schema\/logo\/image\/\"}},{\"@type\":\"Person\",\"@id\":\"https:\/\/www.la-maison-naturelle.com\/blog\/#\/schema\/person\/cad2a9ed80410189f0688441d546d43f\",\"name\":\"Eloise\",\"image\":{\"@type\":\"ImageObject\",\"inLanguage\":\"fr-FR\",\"@id\":\"https:\/\/www.la-maison-naturelle.com\/blog\/#\/schema\/person\/image\/\",\"url\":\"https:\/\/secure.gravatar.com\/avatar\/344186806f5e8613d4a2109f3b0228a847a7c0858a8023778c44bdcfc1111df9?s=96&d=mm&r=g\",\"contentUrl\":\"https:\/\/secure.gravatar.com\/avatar\/344186806f5e8613d4a2109f3b0228a847a7c0858a8023778c44bdcfc1111df9?s=96&d=mm&r=g\",\"caption\":\"Eloise\"},\"sameAs\":[\"https:\/\/www.la-maison-naturelle.com\/\"],\"url\":\"https:\/\/www.la-maison-naturelle.com\/blog\/author\/idries\/\"}]}<\/script>\n<!-- \/ Yoast SEO plugin. -->","yoast_head_json":{"title":"Pavatex : l'isolant fibre de bois pour ITE - La Maison naturelle | Blog","robots":{"index":"index","follow":"follow","max-snippet":"max-snippet:-1","max-image-preview":"max-image-preview:large","max-video-preview":"max-video-preview:-1"},"canonical":"https:\/\/www.la-maison-naturelle.com\/blog\/pavatex-diffutherm-l-isolant-fibre-de-bois-pour-ite\/","og_locale":"fr_FR","og_type":"article","og_title":"Pavatex : l'isolant fibre de bois pour ITE - La Maison naturelle | Blog","og_url":"https:\/\/www.la-maison-naturelle.com\/blog\/pavatex-diffutherm-l-isolant-fibre-de-bois-pour-ite\/","og_site_name":"La Maison naturelle | Blog","article_published_time":"2016-08-26T13:23:26+00:00","article_modified_time":"2023-08-04T17:07:57+00:00","og_image":[{"width":1024,"height":511,"url":"https:\/\/www.la-maison-naturelle.com\/blog\/wp-content\/uploads\/2022\/08\/pavatex-1024x511.png","type":"image\/png"}],"author":"Eloise","twitter_card":"summary_large_image","twitter_misc":{"\u00c9crit par":"Eloise","Dur\u00e9e de lecture estim\u00e9e":"4 minutes"},"schema":{"@context":"https:\/\/schema.org","@graph":[{"@type":"Article","@id":"https:\/\/www.la-maison-naturelle.com\/blog\/pavatex-diffutherm-l-isolant-fibre-de-bois-pour-ite\/#article","isPartOf":{"@id":"https:\/\/www.la-maison-naturelle.com\/blog\/pavatex-diffutherm-l-isolant-fibre-de-bois-pour-ite\/"},"author":{"name":"Eloise","@id":"https:\/\/www.la-maison-naturelle.com\/blog\/#\/schema\/person\/cad2a9ed80410189f0688441d546d43f"},"headline":"Pavatex : l&rsquo;isolant fibre de bois pour ITE","datePublished":"2016-08-26T13:23:26+00:00","dateModified":"2023-08-04T17:07:57+00:00","mainEntityOfPage":{"@id":"https:\/\/www.la-maison-naturelle.com\/blog\/pavatex-diffutherm-l-isolant-fibre-de-bois-pour-ite\/"},"wordCount":7,"commentCount":0,"publisher":{"@id":"https:\/\/www.la-maison-naturelle.com\/blog\/#organization"},"image":{"@id":"https:\/\/www.la-maison-naturelle.com\/blog\/pavatex-diffutherm-l-isolant-fibre-de-bois-pour-ite\/#primaryimage"},"thumbnailUrl":"https:\/\/www.la-maison-naturelle.com\/blog\/wp-content\/uploads\/2022\/08\/pavatex.png","articleSection":["Actualit\u00e9s produits"],"inLanguage":"fr-FR","potentialAction":[{"@type":"CommentAction","name":"Comment","target":["https:\/\/www.la-maison-naturelle.com\/blog\/pavatex-diffutherm-l-isolant-fibre-de-bois-pour-ite\/#respond"]}]},{"@type":"WebPage","@id":"https:\/\/www.la-maison-naturelle.com\/blog\/pavatex-diffutherm-l-isolant-fibre-de-bois-pour-ite\/","url":"https:\/\/www.la-maison-naturelle.com\/blog\/pavatex-diffutherm-l-isolant-fibre-de-bois-pour-ite\/","name":"Pavatex : l'isolant fibre de bois pour ITE - La Maison naturelle | Blog","isPartOf":{"@id":"https:\/\/www.la-maison-naturelle.com\/blog\/#website"},"primaryImageOfPage":{"@id":"https:\/\/www.la-maison-naturelle.com\/blog\/pavatex-diffutherm-l-isolant-fibre-de-bois-pour-ite\/#primaryimage"},"image":{"@id":"https:\/\/www.la-maison-naturelle.com\/blog\/pavatex-diffutherm-l-isolant-fibre-de-bois-pour-ite\/#primaryimage"},"thumbnailUrl":"https:\/\/www.la-maison-naturelle.com\/blog\/wp-content\/uploads\/2022\/08\/pavatex.png","datePublished":"2016-08-26T13:23:26+00:00","dateModified":"2023-08-04T17:07:57+00:00","breadcrumb":{"@id":"https:\/\/www.la-maison-naturelle.com\/blog\/pavatex-diffutherm-l-isolant-fibre-de-bois-pour-ite\/#breadcrumb"},"inLanguage":"fr-FR","potentialAction":[{"@type":"ReadAction","target":["https:\/\/www.la-maison-naturelle.com\/blog\/pavatex-diffutherm-l-isolant-fibre-de-bois-pour-ite\/"]}]},{"@type":"ImageObject","inLanguage":"fr-FR","@id":"https:\/\/www.la-maison-naturelle.com\/blog\/pavatex-diffutherm-l-isolant-fibre-de-bois-pour-ite\/#primaryimage","url":"https:\/\/www.la-maison-naturelle.com\/blog\/wp-content\/uploads\/2022\/08\/pavatex.png","contentUrl":"https:\/\/www.la-maison-naturelle.com\/blog\/wp-content\/uploads\/2022\/08\/pavatex.png","width":1850,"height":924},{"@type":"BreadcrumbList","@id":"https:\/\/www.la-maison-naturelle.com\/blog\/pavatex-diffutherm-l-isolant-fibre-de-bois-pour-ite\/#breadcrumb","itemListElement":[{"@type":"ListItem","position":1,"name":"Accueil","item":"https:\/\/www.la-maison-naturelle.com\/blog\/"},{"@type":"ListItem","position":2,"name":"Pavatex : l&rsquo;isolant fibre de bois pour ITE"}]},{"@type":"WebSite","@id":"https:\/\/www.la-maison-naturelle.com\/blog\/#website","url":"https:\/\/www.la-maison-naturelle.com\/blog\/","name":"La Maison naturelle | Blog","description":"Blog de la Maison naturelle","publisher":{"@id":"https:\/\/www.la-maison-naturelle.com\/blog\/#organization"},"potentialAction":[{"@type":"SearchAction","target":{"@type":"EntryPoint","urlTemplate":"https:\/\/www.la-maison-naturelle.com\/blog\/?s={search_term_string}"},"query-input":{"@type":"PropertyValueSpecification","valueRequired":true,"valueName":"search_term_string"}}],"inLanguage":"fr-FR"},{"@type":"Organization","@id":"https:\/\/www.la-maison-naturelle.com\/blog\/#organization","name":"La Maison naturelle | Blog","url":"https:\/\/www.la-maison-naturelle.com\/blog\/","logo":{"@type":"ImageObject","inLanguage":"fr-FR","@id":"https:\/\/www.la-maison-naturelle.com\/blog\/#\/schema\/logo\/image\/","url":"https:\/\/www.la-maison-naturelle.com\/blog\/wp-content\/uploads\/2021\/07\/maison-naturelle-logo.svg","contentUrl":"https:\/\/www.la-maison-naturelle.com\/blog\/wp-content\/uploads\/2021\/07\/maison-naturelle-logo.svg","width":156,"height":64,"caption":"La Maison naturelle | Blog"},"image":{"@id":"https:\/\/www.la-maison-naturelle.com\/blog\/#\/schema\/logo\/image\/"}},{"@type":"Person","@id":"https:\/\/www.la-maison-naturelle.com\/blog\/#\/schema\/person\/cad2a9ed80410189f0688441d546d43f","name":"Eloise","image":{"@type":"ImageObject","inLanguage":"fr-FR","@id":"https:\/\/www.la-maison-naturelle.com\/blog\/#\/schema\/person\/image\/","url":"https:\/\/secure.gravatar.com\/avatar\/344186806f5e8613d4a2109f3b0228a847a7c0858a8023778c44bdcfc1111df9?s=96&d=mm&r=g","contentUrl":"https:\/\/secure.gravatar.com\/avatar\/344186806f5e8613d4a2109f3b0228a847a7c0858a8023778c44bdcfc1111df9?s=96&d=mm&r=g","caption":"Eloise"},"sameAs":["https:\/\/www.la-maison-naturelle.com\/"],"url":"https:\/\/www.la-maison-naturelle.com\/blog\/author\/idries\/"}]}},"_links":{"self":[{"href":"https:\/\/www.la-maison-naturelle.com\/blog\/wp-json\/wp\/v2\/posts\/2430","targetHints":{"allow":["GET"]}}],"collection":[{"href":"https:\/\/www.la-maison-naturelle.com\/blog\/wp-json\/wp\/v2\/posts"}],"about":[{"href":"https:\/\/www.la-maison-naturelle.com\/blog\/wp-json\/wp\/v2\/types\/post"}],"author":[{"embeddable":true,"href":"https:\/\/www.la-maison-naturelle.com\/blog\/wp-json\/wp\/v2\/users\/5"}],"replies":[{"embeddable":true,"href":"https:\/\/www.la-maison-naturelle.com\/blog\/wp-json\/wp\/v2\/comments?post=2430"}],"version-history":[{"count":5,"href":"https:\/\/www.la-maison-naturelle.com\/blog\/wp-json\/wp\/v2\/posts\/2430\/revisions"}],"predecessor-version":[{"id":5789,"href":"https:\/\/www.la-maison-naturelle.com\/blog\/wp-json\/wp\/v2\/posts\/2430\/revisions\/5789"}],"wp:featuredmedia":[{"embeddable":true,"href":"https:\/\/www.la-maison-naturelle.com\/blog\/wp-json\/wp\/v2\/media\/3812"}],"wp:attachment":[{"href":"https:\/\/www.la-maison-naturelle.com\/blog\/wp-json\/wp\/v2\/media?parent=2430"}],"wp:term":[{"taxonomy":"category","embeddable":true,"href":"https:\/\/www.la-maison-naturelle.com\/blog\/wp-json\/wp\/v2\/categories?post=2430"},{"taxonomy":"post_tag","embeddable":true,"href":"https:\/\/www.la-maison-naturelle.com\/blog\/wp-json\/wp\/v2\/tags?post=2430"}],"curies":[{"name":"wp","href":"https:\/\/api.w.org\/{rel}","templated":true}]}}