{"id":2408,"date":"2015-08-26T15:27:35","date_gmt":"2015-08-26T13:27:35","guid":{"rendered":"https:\/\/www.la-maison-naturelle.com\/blog\/?p=2408"},"modified":"2022-09-14T11:44:44","modified_gmt":"2022-09-14T09:44:44","slug":"comment-renover-sa-maison-thermiquement-par-l-exterieur","status":"publish","type":"post","link":"https:\/\/www.la-maison-naturelle.com\/blog\/comment-renover-sa-maison-thermiquement-par-l-exterieur\/","title":{"rendered":"Comment r\u00e9nover sa maison thermiquement par l&rsquo;ext\u00e9rieur ?"},"content":{"rendered":"<h2>Exemple de pose en r\u00e9novation (ITE) Isolation Thermique Ext\u00e9rieure avec les produits Parexlanko<\/h2>\n<p>La maison date des ann\u00e9es 70, elle r\u00e9clame une isolation thermique compl\u00e8te. Chacun s&rsquo;accorde sur l&rsquo;id\u00e9e qu&rsquo;une isolation ext\u00e9rieure est la plus performante. Dans notre exemple, le mat\u00e9riau de base est la fibre de bois. Un mat\u00e9riau naturel \u00e9cologique bio-sourc\u00e9, en vogue depuis que le d\u00e9veloppement durable est pris en compte par les instances de l&rsquo;\u00e9cologie et de l&rsquo;environnement en France.<\/p>\n<h2>Le syst\u00e8me PAREXLANKO est compos\u00e9 de plusieurs \u00e9l\u00e9ments\u00a0 :<\/h2>\n<p>Les panneaux en fibre de bois sont rigides et d&rsquo;une <a href=\"https:\/\/www.la-maison-naturelle.com\/blog\/la-densite-dun-isolant\/\" data-internallinksmanager029f6b8e52c=\"124\" title=\"Qu'est-ce que la densit\u00e9 d'un isolant ?\">densit\u00e9<\/a> minimum de 180 kg m3 couvrant les besoins thermiques contre le froid et aussi les effets ind\u00e9sirables li\u00e9s \u00e0 la chaleur d&rsquo;\u00e9t\u00e9. \u00a0Les panneaux choisis sont de marque Pavatex Diffutherm. Ceux-ci disposent d&rsquo;un <a href=\"https:\/\/www.la-maison-naturelle.com\/blog\/avis-technique-du-cstb\/\" data-internallinksmanager029f6b8e52c=\"153\" title=\"C'est quoi un Avis technique du CSTB?\">avis technique<\/a> favorable valid\u00e9 par le CSTB. Les panneaux DIFFUTHERM sont feuillur\u00e9s sur les 4 faces afin d&rsquo;am\u00e9liorer leurs performances thermiques. Ils sont de petites dimensions pour une manutention ais\u00e9e sur le chantier. Ils sont r\u00e9sistants \u00e0 la manipulation. Les panneaux sont plac\u00e9s fix\u00e9s m\u00e9caniquement gr\u00e2ce aux accessoires propos\u00e9s sur la fa\u00e7ade ext\u00e9rieure de la maison.<\/p>\n<p>On applique ensuite, un grillage en acier galvanis\u00e9 de type \u00ab\u00a0Nergalto\u00a0\u00bb puis on applique une couche d&rsquo;enduit \u00e0 la chaux qui va ensuite recouvrir tout le syst\u00e8me : les grillages, les agrafes, les t\u00eates de chevilles et \u00e9galement les joints des panneaux en fibre de bois. Apr\u00e8s un temps de s\u00e9chage on applique une seconde couche d&rsquo;enduit de finition \u00e0 la chaux.<\/p>\n<h2>Comment pr\u00e9parer un chantier d&rsquo;isolation thermique ext\u00e9rieure ITE selon PAREXLANKO<\/h2>\n<p>Pour <a href=\"https:\/\/www.la-maison-naturelle.com\/3007-isolation-par-lexterieur\">isoler une fa\u00e7ade par l&rsquo;ext\u00e9rieur<\/a>, il faut s&rsquo;assurer que le support existant soit en bon \u00e9tat : le cr\u00e9pis ancien ou le mur nu doit \u00eatre inspect\u00e9 avec soin. Quelques travaux de ma\u00e7onnerie peuvent \u00eatre n\u00e9cessaire afin de le stabiliser.<br \/>\nLa premi\u00e8re \u00e9tape est de prot\u00e9ger le chantier de mani\u00e8re \u00e0 ne pas faire de d\u00e9g\u00e2ts sur l&rsquo;environnement proche de la maison qui va consister \u00e0 poser des b\u00e2ches sur le sol et sur les d\u00e9bords de toiture pour \u00e9viter les projections. En effet, l&rsquo;objectif d&rsquo;une r\u00e9novation thermique avec isolation est de conserver les espaces de vie de la maison :\u00a0 la propret\u00e9 du chantier est donc une priorit\u00e9.<br \/>\nEnsuite on installe l&rsquo;\u00e9chafaudage autour de la maison.<br \/>\nAvant de commencer une isolation par l&rsquo;ext\u00e9rieur, si cela s&rsquo;av\u00e8re n\u00e9cessaire, il est pr\u00e9f\u00e9rable d&rsquo;avoir proc\u00e9d\u00e9 au changement des huisseries : fen\u00eatres et portes-fen\u00eatres. La meilleure solution d&rsquo;un point de vue thermique est de placer les nouvelles fen\u00eatres au nu ext\u00e9rieur ainsi le tableau n&rsquo;a pas besoin d&rsquo;\u00eatre trait\u00e9.<br \/>\nSi sur les fa\u00e7ades il y a des volets battants et qu&rsquo;on veuille les conserver, on devra d\u00e9porter les gonds de la m\u00eame \u00e9paisseur que l&rsquo;isolant qui va \u00eatre pos\u00e9. On parle alors du traitement des points singuliers s&rsquo;agissant de descente d&rsquo;eau pluviale, des supports de store etc&#8230;..<br \/>\nCes points doivent \u00eatre abord\u00e9s avec la plus grande attention.\u00a0 La m\u00e9thode pr\u00e9conis\u00e9e par <a href=\"https:\/\/www.la-maison-naturelle.com\/brand\/17-parexlanko\" data-internallinksmanager029f6b8e52c=\"140\" title=\"parexlanko\">PAREXLANKO<\/a> est la suivante : On conserve les anciens gonds sur lesquelles on va fixer une <a href=\"https:\/\/www.la-maison-naturelle.com\/blog\/une-tige-filete\/\" data-internallinksmanager029f6b8e52c=\"92\" title=\"Qu'est-ce qu'une tige filet\u00e9e ?\">tige filet\u00e9e<\/a> qui va permettre de consolider et de r\u00e9gler le nouveau gond qui est accroch\u00e9 par trois points sur le murs. Il faut savoir que plus l&rsquo;isolant est \u00e9pais et plus le bras du gond est long et plus la tenue en fa\u00e7ade doit \u00eatre solide.<\/p>\n<h2>La pose des supports d&rsquo;isolant ITE :<\/h2>\n<p>Avant de commencer \u00e0 poser l&rsquo;isolant\u00a0 il faut d&rsquo;avoir fixer m\u00e9caniquement dans le bas des fa\u00e7ades un <a href=\"https:\/\/www.la-maison-naturelle.com\/blog\/un-rail-48-ossature-metallique\/\" data-internallinksmanager029f6b8e52c=\"80\" title=\"Qu'est-ce qu'un rail 48 ?\">rail<\/a> de soubassement \u00e0 10 cm du niveau du sol. Il est important de laisser cet espace pour \u00e9viter les remont\u00e9es capillaires caus\u00e9es par la pluie ou la neige et \u00e9galement pour \u00e9viter que les rongeurs ne s&rsquo;attaquent \u00e0 l&rsquo;isolant.<\/p>\n<h2>La pose de l&rsquo;isolant ITE :<\/h2>\n<p>Une fois que ce rail est fix\u00e9, on pose les panneaux isolants Diffutherm en partant du bas vers le haut : la premi\u00e8re rang\u00e9e \u00e9tant pos\u00e9e dans le rail. On place les panneaux directement sur la fa\u00e7ade \u00e0 l&rsquo;aide de chevilles \u00e0 expansion dans les ma\u00e7onneries b\u00e9ton ou agglo pleins, briques creuses ou pierres. Le choix de chevilles adapt\u00e9es est fonction de chaque type de support. Gr\u00e2ce \u00e0 leurs feuillures et languettes, les panneaux s&#8217;emboitent facilement puis on monte ainsi jusqu&rsquo;en haut de la fa\u00e7ade.<br \/>\nUne fois que les panneaux Diffutherm sont pos\u00e9s, on vient combler les vides \u00e0 l&rsquo;aide d&rsquo;une mousse de remplissage (exemple polyur\u00e9thane) qui joue le r\u00f4le d&rsquo;isolant.<\/p>\n<h2>Pose d&rsquo;une trame de verre ou d&rsquo;un grillage galvanis\u00e9<\/h2>\n<p>Ensuite on recouvre les panneaux de fibres de bois \u00e0 l&rsquo;aide d&rsquo;un grillage galvanis\u00e9 ou d&rsquo;une toile de verre adapt\u00e9s\u00a0 qui se pr\u00e9sente sous la forme de rouleau ou plaques qui se posent en partant du haut vers le bas.<br \/>\nLe grillage est fix\u00e9 \u00e0 l&rsquo;aide d&rsquo;agrafes galvanis\u00e9es avec une agrafeuse manuelle ordinaire puis on renforce tous les angles d&rsquo;ouverture des portes et des fen\u00eatres avec une bande de grillage ou trame de verre coup\u00e9e \u00e0 45 degr\u00e9s pour pallier les \u00e9ventuelles fissures qui pourraient se produire. Ensuite le tout est refix\u00e9 \u00e0 l&rsquo;aide de 6 \u00e0 8 chevilles : cela permet de tendre en m\u00eame temps le grillage sur l&rsquo;isolant afin d&rsquo;obtenir une surface parfaitement plane.<br \/>\nAvant de mettre la premi\u00e8re couche d&rsquo;enduit, il faut consolider tous les angles des murs ainsi que ceux des portes et fen\u00eatres \u00e0 l&rsquo;aide de baguettes pour les rigidifier et \u00e9viter les fissurations d&rsquo;efforts.<\/p>\n<h2>Application de l&rsquo;enduit de chaux ITE<\/h2>\n<p>Maintenant on peut commencer la projection de l&rsquo;enduit \u00e0 la chaux.<\/p>\n<p>On applique une premi\u00e8re couche de haut en bas puis tout de suite apr\u00e8s une seconde couche pour bien couvrir tout le syst\u00e8me et remplir les rainures : en \u00e9paisseur finale on a plus d&rsquo;un centim\u00e8tre : on a donc un syst\u00e8me m\u00e9canique qui puisse retenir le poids de l&rsquo;enduit qui fait \u00e0 peu pr\u00e8s 25 kg au m\u00b2.<\/p>\n<p>Apr\u00e8s l&rsquo;application de cette couche en deux\u00a0 \u00e9paisseurs nous obtenons une surface taloch\u00e9e presque lisse. Apr\u00e8s un temps de s\u00e9chage de deux \u00e0 trois jours selon la m\u00e9t\u00e9o, on applique enfin la finition qui existe en plusieurs versions : gratt\u00e9e, \u00e9cras\u00e9e, ou rustique.<\/p>\n<p>Selon la r\u00e9gion et les gouts du client il pourra\u00a0 choisir dans une gamme de 48 coloris divers et vari\u00e9s.<\/p>\n","protected":false},"excerpt":{"rendered":"<p>Exemple de pose en r\u00e9novation (ITE) Isolation Thermique Ext\u00e9rieure avec les produits Parexlanko La maison date des ann\u00e9es 70, elle r\u00e9clame une isolation thermique compl\u00e8te. Chacun s&rsquo;accorde sur l&rsquo;id\u00e9e qu&rsquo;une isolation ext\u00e9rieure est la plus performante. Dans notre exemple, le mat\u00e9riau de base est la fibre de bois. Un mat\u00e9riau naturel \u00e9cologique bio-sourc\u00e9, en vogue [&hellip;]<\/p>\n","protected":false},"author":5,"featured_media":3822,"comment_status":"open","ping_status":"open","sticky":false,"template":"","format":"standard","meta":{"footnotes":""},"categories":[7],"tags":[],"class_list":["post-2408","post","type-post","status-publish","format-standard","has-post-thumbnail","hentry","category-les-fiches-pratiques"],"_wp_attached_file":null,"_wp_attachment_metadata":null,"_wp_attachment_context":null,"_wp_attachment_image_alt":null,"_hf_settings":null,"hf_message_success":null,"hf_message_invalid_email":null,"hf_message_required_field_missing":null,"hf_message_error":null,"_menu_item_type":null,"_menu_item_menu_item_parent":null,"_menu_item_object_id":null,"_menu_item_object":null,"_menu_item_target":null,"_menu_item_classes":null,"_menu_item_xfn":null,"_menu_item_url":null,"_yoast_wpseo_primary_category":"7","_thumbnail_id":"3822","_oembed_26d84b2c06432105b0a19987ae029a71":null,"_oembed_43e9e2dfde1b9b4ed91c9711026b7ef9":null,"_oembed_1fe1564764edbddc3b61e81acf52be88":null,"_oembed_df60f474cd845141e7ce6596d101e4a0":null,"_oembed_825e674795e2435c0bc66eb08e5d2c8b":null,"_oembed_time_825e674795e2435c0bc66eb08e5d2c8b":null,"_oembed_e917352ff4cc21ea91383201eeaa08cf":null,"_oembed_2363c16c972791c33e283320dc564fce":null,"_oembed_cc9ad5b5073a84776f6a62e33e6c7498":null,"_oembed_time_cc9ad5b5073a84776f6a62e33e6c7498":null,"_oembed_305147fcf4b856de518466e695c209cd":null,"_oembed_8517a877084ae01a5296813ee1d16a2b":null,"_oembed_2741f1556b243e68379198f98ba7f864":null,"_oembed_c3ffa24981451396c950ece2129da0f6":null,"_oembed_6f9091ebe2f3f5fcb5698ba6f4b41477":null,"_wp_old_slug":null,"_oembed_e4fb0f68ba12b85e9e231afe151ba12a":null,"_oembed_3c60e98bd703e617e67f5bbb3b97424d":null,"_oembed_bb060374498dcf40cb6068efe4be87e1":null,"_oembed_d0403e1e71c3a29020bd546b159480f1":null,"_oembed_b030ff17fbbbf8661c59c2ab8ff289eb":null,"_oembed_5cec699ba0631c6c0e4ba4f6af5f228e":null,"_oembed_b06a67f278b90cf4e8dd17cb12fe67b0":null,"_oembed_8e190e4fea2256f17420434651556236":null,"_oembed_b5ded119f1337916a0fc64d2ad85c95f":null,"_oembed_d9364a7a81be31c01415da2c50a48932":null,"_oembed_738cafa36d51a58e5ae3e458aa8f7584":null,"_oembed_ebcab5184b6b321b28efbcbec079859b":null,"_oembed_3dd9e35c2b7b268070e74da5b89cf937":null,"_oembed_e14b167b493e311a1c4e2aab38a463e8":null,"_oembed_dc8f7d108b38f3f0c2e0785b8bc46cae":null,"_oembed_55cf1c5142884afed312c2666bf27520":null,"_oembed_2292333bf03a956b4b61afafeff6bca0":null,"_oembed_82a986a6b900856fec23169de03a0038":null,"_oembed_4048ded025352b83569104210074165a":null,"_oembed_033b42b1af757abc39e4487233cee7f5":null,"_oembed_aec1d50f2b159366be8e37e94b201be1":null,"_oembed_0adc8480b2fcadf9a1733f572ce3d3f8":null,"_yoast_wpseo_title":null,"_yoast_wpseo_focuskw":null,"_yoast_wpseo_linkdex":null,"_yoast_wpseo_metadesc":null,"_yoast_wpseo_wordproof_timestamp":null,"_tpl_archive_meta_key":null,"_form":null,"_mail":null,"_mail_2":null,"_messages":null,"_additional_settings":null,"_locale":null,"_wp_old_date":null,"_edit_last":"5","_wpb_vc_js_status":"false","_yoast_wpseo_estimated-reading-time-minutes":"5","_edit_lock":"1661861768:5","_yoast_wpseo_content_score":"30","yoast_head":"<!-- This site is optimized with the Yoast SEO plugin v24.3 - https:\/\/yoast.com\/wordpress\/plugins\/seo\/ -->\n<title>Comment r\u00e9nover sa maison thermiquement par l&#039;ext\u00e9rieur ? - La Maison naturelle | Blog<\/title>\n<meta name=\"robots\" content=\"index, follow, max-snippet:-1, max-image-preview:large, max-video-preview:-1\" \/>\n<link rel=\"canonical\" href=\"https:\/\/www.la-maison-naturelle.com\/blog\/comment-renover-sa-maison-thermiquement-par-l-exterieur\/\" \/>\n<meta property=\"og:locale\" content=\"fr_FR\" \/>\n<meta property=\"og:type\" content=\"article\" \/>\n<meta property=\"og:title\" content=\"Comment r\u00e9nover sa maison thermiquement par l&#039;ext\u00e9rieur ? - La Maison naturelle | Blog\" \/>\n<meta property=\"og:description\" content=\"Exemple de pose en r\u00e9novation (ITE) Isolation Thermique Ext\u00e9rieure avec les produits Parexlanko La maison date des ann\u00e9es 70, elle r\u00e9clame une isolation thermique compl\u00e8te. Chacun s&rsquo;accorde sur l&rsquo;id\u00e9e qu&rsquo;une isolation ext\u00e9rieure est la plus performante. Dans notre exemple, le mat\u00e9riau de base est la fibre de bois. Un mat\u00e9riau naturel \u00e9cologique bio-sourc\u00e9, en vogue [&hellip;]\" \/>\n<meta property=\"og:url\" content=\"https:\/\/www.la-maison-naturelle.com\/blog\/comment-renover-sa-maison-thermiquement-par-l-exterieur\/\" \/>\n<meta property=\"og:site_name\" content=\"La Maison naturelle | Blog\" \/>\n<meta property=\"article:published_time\" content=\"2015-08-26T13:27:35+00:00\" \/>\n<meta property=\"article:modified_time\" content=\"2022-09-14T09:44:44+00:00\" \/>\n<meta property=\"og:image\" content=\"https:\/\/www.la-maison-naturelle.com\/blog\/wp-content\/uploads\/2015\/08\/dossier_74.webp\" \/>\n\t<meta property=\"og:image:width\" content=\"280\" \/>\n\t<meta property=\"og:image:height\" content=\"146\" \/>\n\t<meta property=\"og:image:type\" content=\"image\/webp\" \/>\n<meta name=\"author\" content=\"Eloise\" \/>\n<meta name=\"twitter:card\" content=\"summary_large_image\" \/>\n<meta name=\"twitter:label1\" content=\"\u00c9crit par\" \/>\n\t<meta name=\"twitter:data1\" content=\"Eloise\" \/>\n\t<meta name=\"twitter:label2\" content=\"Dur\u00e9e de lecture estim\u00e9e\" \/>\n\t<meta name=\"twitter:data2\" content=\"5 minutes\" \/>\n<script type=\"application\/ld+json\" class=\"yoast-schema-graph\">{\"@context\":\"https:\/\/schema.org\",\"@graph\":[{\"@type\":\"Article\",\"@id\":\"https:\/\/www.la-maison-naturelle.com\/blog\/comment-renover-sa-maison-thermiquement-par-l-exterieur\/#article\",\"isPartOf\":{\"@id\":\"https:\/\/www.la-maison-naturelle.com\/blog\/comment-renover-sa-maison-thermiquement-par-l-exterieur\/\"},\"author\":{\"name\":\"Eloise\",\"@id\":\"https:\/\/www.la-maison-naturelle.com\/blog\/#\/schema\/person\/cad2a9ed80410189f0688441d546d43f\"},\"headline\":\"Comment r\u00e9nover sa maison thermiquement par l&rsquo;ext\u00e9rieur ?\",\"datePublished\":\"2015-08-26T13:27:35+00:00\",\"dateModified\":\"2022-09-14T09:44:44+00:00\",\"mainEntityOfPage\":{\"@id\":\"https:\/\/www.la-maison-naturelle.com\/blog\/comment-renover-sa-maison-thermiquement-par-l-exterieur\/\"},\"wordCount\":1102,\"commentCount\":0,\"publisher\":{\"@id\":\"https:\/\/www.la-maison-naturelle.com\/blog\/#organization\"},\"image\":{\"@id\":\"https:\/\/www.la-maison-naturelle.com\/blog\/comment-renover-sa-maison-thermiquement-par-l-exterieur\/#primaryimage\"},\"thumbnailUrl\":\"https:\/\/www.la-maison-naturelle.com\/blog\/wp-content\/uploads\/2015\/08\/dossier_74.webp\",\"articleSection\":[\"Les fiches pratiques\"],\"inLanguage\":\"fr-FR\",\"potentialAction\":[{\"@type\":\"CommentAction\",\"name\":\"Comment\",\"target\":[\"https:\/\/www.la-maison-naturelle.com\/blog\/comment-renover-sa-maison-thermiquement-par-l-exterieur\/#respond\"]}]},{\"@type\":\"WebPage\",\"@id\":\"https:\/\/www.la-maison-naturelle.com\/blog\/comment-renover-sa-maison-thermiquement-par-l-exterieur\/\",\"url\":\"https:\/\/www.la-maison-naturelle.com\/blog\/comment-renover-sa-maison-thermiquement-par-l-exterieur\/\",\"name\":\"Comment r\u00e9nover sa maison thermiquement par l'ext\u00e9rieur ? - La Maison naturelle | Blog\",\"isPartOf\":{\"@id\":\"https:\/\/www.la-maison-naturelle.com\/blog\/#website\"},\"primaryImageOfPage\":{\"@id\":\"https:\/\/www.la-maison-naturelle.com\/blog\/comment-renover-sa-maison-thermiquement-par-l-exterieur\/#primaryimage\"},\"image\":{\"@id\":\"https:\/\/www.la-maison-naturelle.com\/blog\/comment-renover-sa-maison-thermiquement-par-l-exterieur\/#primaryimage\"},\"thumbnailUrl\":\"https:\/\/www.la-maison-naturelle.com\/blog\/wp-content\/uploads\/2015\/08\/dossier_74.webp\",\"datePublished\":\"2015-08-26T13:27:35+00:00\",\"dateModified\":\"2022-09-14T09:44:44+00:00\",\"breadcrumb\":{\"@id\":\"https:\/\/www.la-maison-naturelle.com\/blog\/comment-renover-sa-maison-thermiquement-par-l-exterieur\/#breadcrumb\"},\"inLanguage\":\"fr-FR\",\"potentialAction\":[{\"@type\":\"ReadAction\",\"target\":[\"https:\/\/www.la-maison-naturelle.com\/blog\/comment-renover-sa-maison-thermiquement-par-l-exterieur\/\"]}]},{\"@type\":\"ImageObject\",\"inLanguage\":\"fr-FR\",\"@id\":\"https:\/\/www.la-maison-naturelle.com\/blog\/comment-renover-sa-maison-thermiquement-par-l-exterieur\/#primaryimage\",\"url\":\"https:\/\/www.la-maison-naturelle.com\/blog\/wp-content\/uploads\/2015\/08\/dossier_74.webp\",\"contentUrl\":\"https:\/\/www.la-maison-naturelle.com\/blog\/wp-content\/uploads\/2015\/08\/dossier_74.webp\",\"width\":280,\"height\":146},{\"@type\":\"BreadcrumbList\",\"@id\":\"https:\/\/www.la-maison-naturelle.com\/blog\/comment-renover-sa-maison-thermiquement-par-l-exterieur\/#breadcrumb\",\"itemListElement\":[{\"@type\":\"ListItem\",\"position\":1,\"name\":\"Accueil\",\"item\":\"https:\/\/www.la-maison-naturelle.com\/blog\/\"},{\"@type\":\"ListItem\",\"position\":2,\"name\":\"Comment r\u00e9nover sa maison thermiquement par l&rsquo;ext\u00e9rieur ?\"}]},{\"@type\":\"WebSite\",\"@id\":\"https:\/\/www.la-maison-naturelle.com\/blog\/#website\",\"url\":\"https:\/\/www.la-maison-naturelle.com\/blog\/\",\"name\":\"La Maison naturelle | Blog\",\"description\":\"Blog de la Maison naturelle\",\"publisher\":{\"@id\":\"https:\/\/www.la-maison-naturelle.com\/blog\/#organization\"},\"potentialAction\":[{\"@type\":\"SearchAction\",\"target\":{\"@type\":\"EntryPoint\",\"urlTemplate\":\"https:\/\/www.la-maison-naturelle.com\/blog\/?s={search_term_string}\"},\"query-input\":{\"@type\":\"PropertyValueSpecification\",\"valueRequired\":true,\"valueName\":\"search_term_string\"}}],\"inLanguage\":\"fr-FR\"},{\"@type\":\"Organization\",\"@id\":\"https:\/\/www.la-maison-naturelle.com\/blog\/#organization\",\"name\":\"La Maison naturelle | Blog\",\"url\":\"https:\/\/www.la-maison-naturelle.com\/blog\/\",\"logo\":{\"@type\":\"ImageObject\",\"inLanguage\":\"fr-FR\",\"@id\":\"https:\/\/www.la-maison-naturelle.com\/blog\/#\/schema\/logo\/image\/\",\"url\":\"https:\/\/www.la-maison-naturelle.com\/blog\/wp-content\/uploads\/2021\/07\/maison-naturelle-logo.svg\",\"contentUrl\":\"https:\/\/www.la-maison-naturelle.com\/blog\/wp-content\/uploads\/2021\/07\/maison-naturelle-logo.svg\",\"width\":156,\"height\":64,\"caption\":\"La Maison naturelle | Blog\"},\"image\":{\"@id\":\"https:\/\/www.la-maison-naturelle.com\/blog\/#\/schema\/logo\/image\/\"}},{\"@type\":\"Person\",\"@id\":\"https:\/\/www.la-maison-naturelle.com\/blog\/#\/schema\/person\/cad2a9ed80410189f0688441d546d43f\",\"name\":\"Eloise\",\"image\":{\"@type\":\"ImageObject\",\"inLanguage\":\"fr-FR\",\"@id\":\"https:\/\/www.la-maison-naturelle.com\/blog\/#\/schema\/person\/image\/\",\"url\":\"https:\/\/secure.gravatar.com\/avatar\/344186806f5e8613d4a2109f3b0228a847a7c0858a8023778c44bdcfc1111df9?s=96&d=mm&r=g\",\"contentUrl\":\"https:\/\/secure.gravatar.com\/avatar\/344186806f5e8613d4a2109f3b0228a847a7c0858a8023778c44bdcfc1111df9?s=96&d=mm&r=g\",\"caption\":\"Eloise\"},\"sameAs\":[\"https:\/\/www.la-maison-naturelle.com\/\"],\"url\":\"https:\/\/www.la-maison-naturelle.com\/blog\/author\/idries\/\"}]}<\/script>\n<!-- \/ Yoast SEO plugin. -->","yoast_head_json":{"title":"Comment r\u00e9nover sa maison thermiquement par l'ext\u00e9rieur ? - La Maison naturelle | Blog","robots":{"index":"index","follow":"follow","max-snippet":"max-snippet:-1","max-image-preview":"max-image-preview:large","max-video-preview":"max-video-preview:-1"},"canonical":"https:\/\/www.la-maison-naturelle.com\/blog\/comment-renover-sa-maison-thermiquement-par-l-exterieur\/","og_locale":"fr_FR","og_type":"article","og_title":"Comment r\u00e9nover sa maison thermiquement par l'ext\u00e9rieur ? - La Maison naturelle | Blog","og_description":"Exemple de pose en r\u00e9novation (ITE) Isolation Thermique Ext\u00e9rieure avec les produits Parexlanko La maison date des ann\u00e9es 70, elle r\u00e9clame une isolation thermique compl\u00e8te. Chacun s&rsquo;accorde sur l&rsquo;id\u00e9e qu&rsquo;une isolation ext\u00e9rieure est la plus performante. Dans notre exemple, le mat\u00e9riau de base est la fibre de bois. Un mat\u00e9riau naturel \u00e9cologique bio-sourc\u00e9, en vogue [&hellip;]","og_url":"https:\/\/www.la-maison-naturelle.com\/blog\/comment-renover-sa-maison-thermiquement-par-l-exterieur\/","og_site_name":"La Maison naturelle | Blog","article_published_time":"2015-08-26T13:27:35+00:00","article_modified_time":"2022-09-14T09:44:44+00:00","og_image":[{"width":280,"height":146,"url":"https:\/\/www.la-maison-naturelle.com\/blog\/wp-content\/uploads\/2015\/08\/dossier_74.webp","type":"image\/webp"}],"author":"Eloise","twitter_card":"summary_large_image","twitter_misc":{"\u00c9crit par":"Eloise","Dur\u00e9e de lecture estim\u00e9e":"5 minutes"},"schema":{"@context":"https:\/\/schema.org","@graph":[{"@type":"Article","@id":"https:\/\/www.la-maison-naturelle.com\/blog\/comment-renover-sa-maison-thermiquement-par-l-exterieur\/#article","isPartOf":{"@id":"https:\/\/www.la-maison-naturelle.com\/blog\/comment-renover-sa-maison-thermiquement-par-l-exterieur\/"},"author":{"name":"Eloise","@id":"https:\/\/www.la-maison-naturelle.com\/blog\/#\/schema\/person\/cad2a9ed80410189f0688441d546d43f"},"headline":"Comment r\u00e9nover sa maison thermiquement par l&rsquo;ext\u00e9rieur ?","datePublished":"2015-08-26T13:27:35+00:00","dateModified":"2022-09-14T09:44:44+00:00","mainEntityOfPage":{"@id":"https:\/\/www.la-maison-naturelle.com\/blog\/comment-renover-sa-maison-thermiquement-par-l-exterieur\/"},"wordCount":1102,"commentCount":0,"publisher":{"@id":"https:\/\/www.la-maison-naturelle.com\/blog\/#organization"},"image":{"@id":"https:\/\/www.la-maison-naturelle.com\/blog\/comment-renover-sa-maison-thermiquement-par-l-exterieur\/#primaryimage"},"thumbnailUrl":"https:\/\/www.la-maison-naturelle.com\/blog\/wp-content\/uploads\/2015\/08\/dossier_74.webp","articleSection":["Les fiches pratiques"],"inLanguage":"fr-FR","potentialAction":[{"@type":"CommentAction","name":"Comment","target":["https:\/\/www.la-maison-naturelle.com\/blog\/comment-renover-sa-maison-thermiquement-par-l-exterieur\/#respond"]}]},{"@type":"WebPage","@id":"https:\/\/www.la-maison-naturelle.com\/blog\/comment-renover-sa-maison-thermiquement-par-l-exterieur\/","url":"https:\/\/www.la-maison-naturelle.com\/blog\/comment-renover-sa-maison-thermiquement-par-l-exterieur\/","name":"Comment r\u00e9nover sa maison thermiquement par l'ext\u00e9rieur ? - La Maison naturelle | Blog","isPartOf":{"@id":"https:\/\/www.la-maison-naturelle.com\/blog\/#website"},"primaryImageOfPage":{"@id":"https:\/\/www.la-maison-naturelle.com\/blog\/comment-renover-sa-maison-thermiquement-par-l-exterieur\/#primaryimage"},"image":{"@id":"https:\/\/www.la-maison-naturelle.com\/blog\/comment-renover-sa-maison-thermiquement-par-l-exterieur\/#primaryimage"},"thumbnailUrl":"https:\/\/www.la-maison-naturelle.com\/blog\/wp-content\/uploads\/2015\/08\/dossier_74.webp","datePublished":"2015-08-26T13:27:35+00:00","dateModified":"2022-09-14T09:44:44+00:00","breadcrumb":{"@id":"https:\/\/www.la-maison-naturelle.com\/blog\/comment-renover-sa-maison-thermiquement-par-l-exterieur\/#breadcrumb"},"inLanguage":"fr-FR","potentialAction":[{"@type":"ReadAction","target":["https:\/\/www.la-maison-naturelle.com\/blog\/comment-renover-sa-maison-thermiquement-par-l-exterieur\/"]}]},{"@type":"ImageObject","inLanguage":"fr-FR","@id":"https:\/\/www.la-maison-naturelle.com\/blog\/comment-renover-sa-maison-thermiquement-par-l-exterieur\/#primaryimage","url":"https:\/\/www.la-maison-naturelle.com\/blog\/wp-content\/uploads\/2015\/08\/dossier_74.webp","contentUrl":"https:\/\/www.la-maison-naturelle.com\/blog\/wp-content\/uploads\/2015\/08\/dossier_74.webp","width":280,"height":146},{"@type":"BreadcrumbList","@id":"https:\/\/www.la-maison-naturelle.com\/blog\/comment-renover-sa-maison-thermiquement-par-l-exterieur\/#breadcrumb","itemListElement":[{"@type":"ListItem","position":1,"name":"Accueil","item":"https:\/\/www.la-maison-naturelle.com\/blog\/"},{"@type":"ListItem","position":2,"name":"Comment r\u00e9nover sa maison thermiquement par l&rsquo;ext\u00e9rieur ?"}]},{"@type":"WebSite","@id":"https:\/\/www.la-maison-naturelle.com\/blog\/#website","url":"https:\/\/www.la-maison-naturelle.com\/blog\/","name":"La Maison naturelle | Blog","description":"Blog de la Maison naturelle","publisher":{"@id":"https:\/\/www.la-maison-naturelle.com\/blog\/#organization"},"potentialAction":[{"@type":"SearchAction","target":{"@type":"EntryPoint","urlTemplate":"https:\/\/www.la-maison-naturelle.com\/blog\/?s={search_term_string}"},"query-input":{"@type":"PropertyValueSpecification","valueRequired":true,"valueName":"search_term_string"}}],"inLanguage":"fr-FR"},{"@type":"Organization","@id":"https:\/\/www.la-maison-naturelle.com\/blog\/#organization","name":"La Maison naturelle | Blog","url":"https:\/\/www.la-maison-naturelle.com\/blog\/","logo":{"@type":"ImageObject","inLanguage":"fr-FR","@id":"https:\/\/www.la-maison-naturelle.com\/blog\/#\/schema\/logo\/image\/","url":"https:\/\/www.la-maison-naturelle.com\/blog\/wp-content\/uploads\/2021\/07\/maison-naturelle-logo.svg","contentUrl":"https:\/\/www.la-maison-naturelle.com\/blog\/wp-content\/uploads\/2021\/07\/maison-naturelle-logo.svg","width":156,"height":64,"caption":"La Maison naturelle | Blog"},"image":{"@id":"https:\/\/www.la-maison-naturelle.com\/blog\/#\/schema\/logo\/image\/"}},{"@type":"Person","@id":"https:\/\/www.la-maison-naturelle.com\/blog\/#\/schema\/person\/cad2a9ed80410189f0688441d546d43f","name":"Eloise","image":{"@type":"ImageObject","inLanguage":"fr-FR","@id":"https:\/\/www.la-maison-naturelle.com\/blog\/#\/schema\/person\/image\/","url":"https:\/\/secure.gravatar.com\/avatar\/344186806f5e8613d4a2109f3b0228a847a7c0858a8023778c44bdcfc1111df9?s=96&d=mm&r=g","contentUrl":"https:\/\/secure.gravatar.com\/avatar\/344186806f5e8613d4a2109f3b0228a847a7c0858a8023778c44bdcfc1111df9?s=96&d=mm&r=g","caption":"Eloise"},"sameAs":["https:\/\/www.la-maison-naturelle.com\/"],"url":"https:\/\/www.la-maison-naturelle.com\/blog\/author\/idries\/"}]}},"_links":{"self":[{"href":"https:\/\/www.la-maison-naturelle.com\/blog\/wp-json\/wp\/v2\/posts\/2408","targetHints":{"allow":["GET"]}}],"collection":[{"href":"https:\/\/www.la-maison-naturelle.com\/blog\/wp-json\/wp\/v2\/posts"}],"about":[{"href":"https:\/\/www.la-maison-naturelle.com\/blog\/wp-json\/wp\/v2\/types\/post"}],"author":[{"embeddable":true,"href":"https:\/\/www.la-maison-naturelle.com\/blog\/wp-json\/wp\/v2\/users\/5"}],"replies":[{"embeddable":true,"href":"https:\/\/www.la-maison-naturelle.com\/blog\/wp-json\/wp\/v2\/comments?post=2408"}],"version-history":[{"count":2,"href":"https:\/\/www.la-maison-naturelle.com\/blog\/wp-json\/wp\/v2\/posts\/2408\/revisions"}],"predecessor-version":[{"id":3819,"href":"https:\/\/www.la-maison-naturelle.com\/blog\/wp-json\/wp\/v2\/posts\/2408\/revisions\/3819"}],"wp:featuredmedia":[{"embeddable":true,"href":"https:\/\/www.la-maison-naturelle.com\/blog\/wp-json\/wp\/v2\/media\/3822"}],"wp:attachment":[{"href":"https:\/\/www.la-maison-naturelle.com\/blog\/wp-json\/wp\/v2\/media?parent=2408"}],"wp:term":[{"taxonomy":"category","embeddable":true,"href":"https:\/\/www.la-maison-naturelle.com\/blog\/wp-json\/wp\/v2\/categories?post=2408"},{"taxonomy":"post_tag","embeddable":true,"href":"https:\/\/www.la-maison-naturelle.com\/blog\/wp-json\/wp\/v2\/tags?post=2408"}],"curies":[{"name":"wp","href":"https:\/\/api.w.org\/{rel}","templated":true}]}}