{"id":2398,"date":"2018-05-24T16:17:03","date_gmt":"2018-05-24T14:17:03","guid":{"rendered":"https:\/\/www.la-maison-naturelle.com\/blog\/?p=2398"},"modified":"2023-08-04T19:18:44","modified_gmt":"2023-08-04T17:18:44","slug":"diffutherm-pavatex-parexlanko-face-a-isonat-cover-fema","status":"publish","type":"post","link":"https:\/\/www.la-maison-naturelle.com\/blog\/diffutherm-pavatex-parexlanko-face-a-isonat-cover-fema\/","title":{"rendered":"Isolation Thermique Ext\u00e9rieure ITE DIFFUTHERM PAVATEX \/ PAREXLANKO face \u00e0 ISONAT COVER \/ FEMA"},"content":{"rendered":"<table style=\" width=\"100%\",max-width=\"839\">\n<tbody>\n<tr>\n<td colspan=\"3\"><a href=\"https:\/\/www.la-maison-naturelle.com\/\"><img decoding=\"async\" class=\"wp-image-5568 aligncenter\" src=\"https:\/\/www.la-maison-naturelle.com\/blog\/wp-content\/uploads\/2012\/05\/Dark-Green-and-Gray-Professional-and-Clean-E-Commerce-Email-Header-300x35.png\" alt=\"\" width=\"839\" srcset=\"https:\/\/www.la-maison-naturelle.com\/blog\/wp-content\/uploads\/2012\/05\/Dark-Green-and-Gray-Professional-and-Clean-E-Commerce-Email-Header-300x35.png 300w, https:\/\/www.la-maison-naturelle.com\/blog\/wp-content\/uploads\/2012\/05\/Dark-Green-and-Gray-Professional-and-Clean-E-Commerce-Email-Header-1024x119.png 1024w, https:\/\/www.la-maison-naturelle.com\/blog\/wp-content\/uploads\/2012\/05\/Dark-Green-and-Gray-Professional-and-Clean-E-Commerce-Email-Header-768x89.png 768w, https:\/\/www.la-maison-naturelle.com\/blog\/wp-content\/uploads\/2012\/05\/Dark-Green-and-Gray-Professional-and-Clean-E-Commerce-Email-Header-1536x178.png 1536w, https:\/\/www.la-maison-naturelle.com\/blog\/wp-content\/uploads\/2012\/05\/Dark-Green-and-Gray-Professional-and-Clean-E-Commerce-Email-Header.png 1578w\" sizes=\"(max-width: 300px) 100vw, 300px\" \/><\/a><\/td>\n<\/tr>\n<tr>\n<td><a href=\"https:\/\/www.la-maison-naturelle.com\/5260-materiaux-et-bricolage\"><img loading=\"lazy\" decoding=\"async\" class=\"alignright size-medium wp-image-5565\" src=\"https:\/\/www.la-maison-naturelle.com\/blog\/wp-content\/uploads\/2012\/05\/73a5f09c-2ef6-46dd-90d1-9cf73599e16b-1-249x300.png\" alt=\"Mat\u00e9riaux et bricolage\" width=\"249\" height=\"300\" srcset=\"https:\/\/www.la-maison-naturelle.com\/blog\/wp-content\/uploads\/2012\/05\/73a5f09c-2ef6-46dd-90d1-9cf73599e16b-1-249x300.png 249w, https:\/\/www.la-maison-naturelle.com\/blog\/wp-content\/uploads\/2012\/05\/73a5f09c-2ef6-46dd-90d1-9cf73599e16b-1.png 397w\" sizes=\"auto, (max-width: 249px) 100vw, 249px\" \/><\/a><\/td>\n<td><a href=\"https:\/\/www.la-maison-naturelle.com\/5266-amenagement-du-jardin\"><img loading=\"lazy\" decoding=\"async\" class=\"alignright size-medium wp-image-5564\" src=\"https:\/\/www.la-maison-naturelle.com\/blog\/wp-content\/uploads\/2012\/05\/9224811f-6da5-4d4d-8634-e9a2517a9565-1-249x300.png\" alt=\"Jardin et ext\u00e9rieur\" width=\"249\" height=\"300\" srcset=\"https:\/\/www.la-maison-naturelle.com\/blog\/wp-content\/uploads\/2012\/05\/9224811f-6da5-4d4d-8634-e9a2517a9565-1-249x300.png 249w, https:\/\/www.la-maison-naturelle.com\/blog\/wp-content\/uploads\/2012\/05\/9224811f-6da5-4d4d-8634-e9a2517a9565-1.png 397w\" sizes=\"auto, (max-width: 249px) 100vw, 249px\" \/><\/a><\/td>\n<td><a href=\"https:\/\/www.la-maison-naturelle.com\/5267-interieur-et-decoration\"><img loading=\"lazy\" decoding=\"async\" class=\"alignright size-medium wp-image-5563\" src=\"https:\/\/www.la-maison-naturelle.com\/blog\/wp-content\/uploads\/2012\/05\/b9400ea8-440a-4a4a-8db6-682fde3f9652-1-249x300.png\" alt=\"Int\u00e9rieur et d\u00e9coration\" width=\"249\" height=\"300\" srcset=\"https:\/\/www.la-maison-naturelle.com\/blog\/wp-content\/uploads\/2012\/05\/b9400ea8-440a-4a4a-8db6-682fde3f9652-1-249x300.png 249w, https:\/\/www.la-maison-naturelle.com\/blog\/wp-content\/uploads\/2012\/05\/b9400ea8-440a-4a4a-8db6-682fde3f9652-1.png 397w\" sizes=\"auto, (max-width: 249px) 100vw, 249px\" \/><\/a><\/td>\n<\/tr>\n<\/tbody>\n<\/table>\n<h2>Isolation Thermique Ext\u00e9rieure ITE<\/h2>\n<p>ITE : Une \u00e9tude comparative de prix nous est parvenue d&rsquo;un de nos clients professionnels qui met en concurrence les Isolants en Fibres de bois rigide Cover de <a href=\"https:\/\/www.la-maison-naturelle.com\/brand\/4-isonat\" data-internallinksmanager029f6b8e52c=\"75\" title=\"ISONAT\">ISONAT<\/a> combin\u00e9s aux enduits de fa\u00e7ade FEMA\u00a0 contre le panneau fibre de bois support d&rsquo;enduit Diffutherm fabriqu\u00e9 par PAVATEX associ\u00e9 aux en duits <a href=\"https:\/\/www.la-maison-naturelle.com\/brand\/17-parexlanko\" data-internallinksmanager029f6b8e52c=\"140\" title=\"parexlanko\">PAREXLANKO<\/a>.<\/p>\n<p>Les acteurs de l&rsquo;Isolation Thermique Ext\u00e9rieure font jouer \u00e0 juste titre la concurrence entre les fabricants.<\/p>\n<h2>Chiffrage de mat\u00e9riaux ITE pour un projet de maison \u00e0 isoler par l&rsquo;ext\u00e9rieur de 150 m\u00b2 (sans difficult\u00e9 particuli\u00e8re).<\/h2>\n<p>Devis type pour une isolation par l&rsquo;ext\u00e9rieur en <a href=\"https:\/\/www.la-maison-naturelle.com\/3205-fibre-de-bois-rigide\" data-internallinksmanager029f6b8e52c=\"60\" title=\"panneau fibre de bois rigide\">fibre de bois rigide<\/a> + enduit<br \/>\nLa surface des murs est d&rsquo;environ 150 m2<br \/>\nDimension de la maison : 11 m x 7 m , de forme simple, rectangulaire<br \/>\nLa toiture est compos\u00e9e de 2 pentes (4.75 m au <a href=\"https:\/\/www.la-maison-naturelle.com\/blog\/une-faitiere\/\" data-internallinksmanager029f6b8e52c=\"81\" title=\"Qu'est-ce qu'une fa\u00eeti\u00e8re ?\">faitage<\/a>), avec 2 niveaux sur une partie de la maison<br \/>\nLes ouvertures sont compos\u00e9es de 9 fen\u00eatres et 4 portes\u00a0 fen\u00eatres.<\/p>\n<h2>Isolant fibre de bois support d&rsquo;enduit et fixations<\/h2>\n<h3>ISOLANT ITE + FIXATIONS NECESSAIRES<\/h3>\n<ul>\n<li>150 m\u00b2 de fibre de bois rigide en 60 mm d&rsquo;\u00e9paisseur<\/li>\n<li>Chevilles bois 100 mm (10 boites de 100)<\/li>\n<li>24 x 5 ml rails de d\u00e9part<\/li>\n<\/ul>\n<h3>ENSEMBLE ENDUITS + FINITIONS et ACCESSOIRES ITE<\/h3>\n<ul>\n<li>pour 150 m\u00b2 d&rsquo;enduits finis<\/li>\n<\/ul>\n<p>27 sacs de 30 kgs Monocomposant<\/p>\n<p>3 rouleaux de 55 m\u00b2 d&rsquo;armature en fibre de verre pour ITE<\/p>\n<p>1 pot de 25 l d&rsquo;impression de fond au silicate<\/p>\n<p>9 pots de 25\u00a0 kg d&rsquo;enduit \u00e0 taloch\u00e9 silicane<\/p>\n<p>1 boite de profil\u00e9 de jonction en PVC<\/p>\n<p>12 lots de profil\u00e9 d&rsquo;angle entoil\u00e9 en PVC<\/p>\n<p>10 m de profil\u00e9 goute d&rsquo;eau toil\u00e9<\/p>\n<p>3 boites de clips<br \/>\nPRIX DE VENTE ITE livr\u00e9 direct sur un chantier \u00e0 Toulouse<\/p>\n<table border=\"0\" width=\"406\" frame=\"VOID\" rules=\"NONE\" cellspacing=\"0\">\n<colgroup>\n<col width=\"349\" \/>\n<col width=\"399\" \/>\n<col width=\"389\" \/><\/colgroup>\n<tbody>\n<tr>\n<td width=\"349\" height=\"20\"><\/td>\n<td width=\"399\">ISONAT COVER<\/p>\n<p>+Enduits FEMA<\/td>\n<td width=\"389\">PAVATEX PAREX finition enduit silicate taloche<\/td>\n<\/tr>\n<tr>\n<td height=\"20\">fibre de bois 60mm<\/td>\n<td align=\"CENTER\">2190,00 \u20ac<\/td>\n<td align=\"CENTER\">2 492,00 \u20ac<\/td>\n<\/tr>\n<tr>\n<td height=\"20\">chevilles<\/td>\n<td align=\"CENTER\">652,00 \u20ac<\/td>\n<td align=\"CENTER\">571,00 \u20ac<\/td>\n<\/tr>\n<tr>\n<td height=\"20\">=\u00a0\u00bbcolor: rgb(0, 0, 0);\u00a0\u00bb&gt;rails d\u00e9part<\/td>\n<td align=\"CENTER\">195,00 \u20ac<\/td>\n<td align=\"CENTER\">220,00 \u20ac<\/td>\n<\/tr>\n<tr>\n<td height=\"20\">Isolant + fixatio =\u00a0\u00bbcolor: rgb(0, 0, 0);\u00a0\u00bb&gt;ns<\/td>\n<td align=\"CENTER\">3 037,00 \u20ac<\/td>\n<td align=\"CENTER\">3 283,00 \u20ac<\/td>\n<\/tr>\n<tr>\n<td height=\"20\">par m2 pour 150 m2<\/td>\n<td>20,24 \u20ac<\/td>\n<td>21,87 \u20ac<\/td>\n<\/tr>\n<tr>\n<td height=\"20\">Ensemble enduit + finition + accesso =\u00a0\u00bbcolor: rgb(0, 0, 0);\u00a0\u00bb&gt;ires<\/td>\n<td align=\"CENTER\">3\u00a0280,00 \u20ac<\/td>\n<td align=\"CENTER\">2\u00a0737,00 \u20ac<\/td>\n<\/tr>\n<tr>\n<td height=\"20\">par m2 pour 150 m2<\/td>\n<td>21,87 \u20ac<\/td>\n<td>18,25 \u20ac<\/td>\n<\/tr>\n<tr>\n<td height=\"20\">TOTAL \/ m2<\/td>\n<td>42,11 \u20ac<\/td>\n<td>40,12 \u20ac<\/td>\n<\/tr>\n<\/tbody>\n<\/table>\n<p>Auquel s&rsquo;ajoute la main d&rsquo;oeuvre si on confie le chantier \u00e0 un artisan pour b\u00e9n\u00e9ficier d&rsquo;un cr\u00e9dit d&rsquo;imp\u00f4t<\/p>\n<p>Cette information permet \u00e0 un auto-constructeur de mesurer l&rsquo;\u00e9conomie qu&rsquo;il peut r\u00e9aliser en posant le syst\u00e8me d&rsquo;isolation par l&rsquo;ext\u00e9rieur.<\/p>\n<h2>Le co\u00fbt de pose ITE<\/h2>\n<p>La pose d&rsquo; un m\u00b2 ITE\u00a0 tout compris est estim\u00e9e\u00a0 par les professionnels \u00e0 environ 1heure 30 mm\u00a0 ( soit 90mn)<\/p>\n<ul>\n<li>Le cout de l&rsquo;heure se calcule ainsi :<\/li>\n<\/ul>\n<p>salaire horaire moyen : 12 \u20ac<\/p>\n<p>prime diverse obligatoire 1,6 \u20ac<\/p>\n<p>charges sociales (85%) 10,2 \u20ac<\/p>\n<p>temps perdus non facturable 5% 1,2 \u20ac<\/p>\n<p>soit un co\u00fbt total pour une heure de travail de 25 \u20ac<\/p>\n<p>&nbsp;<\/p>\n<ul>\n<li>Le co\u00fbt de pose du m\u00b2 ITE par une entreprise<\/li>\n<\/ul>\n<p>Comme on vient de le voir : il faut 90 mm pour poser 1 m\u00b2 ITE soit environ 37 \u20ac 50 de co\u00fbt de main d&rsquo;oeuvre par m\u00b2 auquel l&rsquo;entreprise devra ajouter la fourniture selon le tableau ci-dessus (moyenne entre les deux propositions)\u00a0 36,98 \u20ac + les frais g\u00e9n\u00e9raux de l&rsquo;entreprise estim\u00e9s \u00e0 30 % = 22,34 \u20ac et enfin le b\u00e9n\u00e9fice de l&rsquo;entreprise estim\u00e9 \u00e0 10 %.<\/p>\n<p>soit un total de 106,51\u00a0 \u20ac HT du m\u00b2\u00a0 (fourniture + finition + main d&rsquo;oeuvre)<\/p>\n<p>Tableau r\u00e9capitulatif : cout m\u00b2 ITE fibre de bois ITE \u00e9paisseur 60 mm, hors capotages, hors \u00e9chafaudages, hors ma\u00e7onneries et hors suggestions :<\/p>\n<p>&nbsp;<\/p>\n<ul>\n<li>Co\u00fbt de location d&rsquo;un \u00e9chafaudage<\/li>\n<\/ul>\n<p>Compter +\/- 10 \u20ac ht\/m\u00b2 d&rsquo;\u00e9chafaudage pour la dur\u00e9e du chantier + de 10 \u00e0 15 % de plus-value pour les fa\u00e7ades pr\u00e9sentant de nombreuses difficult\u00e9s.<\/p>\n<h2><\/h2>\n<h2>Co\u00fbt total d&rsquo;un projet ITE Fibre de bois pos\u00e9 par une entreprise avec garantie d\u00e9cennale et permettant une d\u00e9duction fiscale: &#8211; de\u00a0140\u20ac HT\/m\u00b2<\/h2>\n<p>LE CONSEIL MIE:<\/p>\n<p>Attention aux devis r\u00e9alis\u00e9s par les pros non sp\u00e9cialis\u00e9s car la d\u00e9duction fiscale est plafonn\u00e9e \u00e0 150\u20ac\u00a0 TTC\u00a0 de main d&rsquo;oeuvre pour l&rsquo;ite depuis le 01\/01\/2011 (voir tableau suivant), ils ne sont pas tous inform\u00e9s et vous devez \u00eatre vigilants.<\/p>\n<p>&nbsp;<\/p>\n","protected":false},"excerpt":{"rendered":"","protected":false},"author":5,"featured_media":0,"comment_status":"open","ping_status":"open","sticky":false,"template":"","format":"standard","meta":{"footnotes":""},"categories":[5],"tags":[],"class_list":["post-2398","post","type-post","status-publish","format-standard","hentry","category-espace-pro"],"_wp_attached_file":null,"_wp_attachment_metadata":null,"_wp_attachment_context":null,"_wp_attachment_image_alt":null,"_hf_settings":null,"hf_message_success":null,"hf_message_invalid_email":null,"hf_message_required_field_missing":null,"hf_message_error":null,"_menu_item_type":null,"_menu_item_menu_item_parent":null,"_menu_item_object_id":null,"_menu_item_object":null,"_menu_item_target":null,"_menu_item_classes":null,"_menu_item_xfn":null,"_menu_item_url":null,"_yoast_wpseo_primary_category":"5","_thumbnail_id":null,"_oembed_26d84b2c06432105b0a19987ae029a71":null,"_oembed_43e9e2dfde1b9b4ed91c9711026b7ef9":null,"_oembed_1fe1564764edbddc3b61e81acf52be88":null,"_oembed_df60f474cd845141e7ce6596d101e4a0":null,"_oembed_825e674795e2435c0bc66eb08e5d2c8b":null,"_oembed_time_825e674795e2435c0bc66eb08e5d2c8b":null,"_oembed_e917352ff4cc21ea91383201eeaa08cf":null,"_oembed_2363c16c972791c33e283320dc564fce":null,"_oembed_cc9ad5b5073a84776f6a62e33e6c7498":null,"_oembed_time_cc9ad5b5073a84776f6a62e33e6c7498":null,"_oembed_305147fcf4b856de518466e695c209cd":null,"_oembed_8517a877084ae01a5296813ee1d16a2b":null,"_oembed_2741f1556b243e68379198f98ba7f864":null,"_oembed_c3ffa24981451396c950ece2129da0f6":null,"_oembed_6f9091ebe2f3f5fcb5698ba6f4b41477":null,"_wp_old_slug":null,"_oembed_e4fb0f68ba12b85e9e231afe151ba12a":null,"_oembed_3c60e98bd703e617e67f5bbb3b97424d":null,"_oembed_bb060374498dcf40cb6068efe4be87e1":null,"_oembed_d0403e1e71c3a29020bd546b159480f1":null,"_oembed_b030ff17fbbbf8661c59c2ab8ff289eb":null,"_oembed_5cec699ba0631c6c0e4ba4f6af5f228e":null,"_oembed_b06a67f278b90cf4e8dd17cb12fe67b0":null,"_oembed_8e190e4fea2256f17420434651556236":null,"_oembed_b5ded119f1337916a0fc64d2ad85c95f":null,"_oembed_d9364a7a81be31c01415da2c50a48932":null,"_oembed_738cafa36d51a58e5ae3e458aa8f7584":null,"_oembed_ebcab5184b6b321b28efbcbec079859b":null,"_oembed_3dd9e35c2b7b268070e74da5b89cf937":null,"_oembed_e14b167b493e311a1c4e2aab38a463e8":null,"_oembed_dc8f7d108b38f3f0c2e0785b8bc46cae":null,"_oembed_55cf1c5142884afed312c2666bf27520":null,"_oembed_2292333bf03a956b4b61afafeff6bca0":null,"_oembed_82a986a6b900856fec23169de03a0038":null,"_oembed_4048ded025352b83569104210074165a":null,"_oembed_033b42b1af757abc39e4487233cee7f5":null,"_oembed_aec1d50f2b159366be8e37e94b201be1":null,"_oembed_0adc8480b2fcadf9a1733f572ce3d3f8":null,"_yoast_wpseo_title":null,"_yoast_wpseo_focuskw":null,"_yoast_wpseo_linkdex":null,"_yoast_wpseo_metadesc":null,"_yoast_wpseo_wordproof_timestamp":"","_tpl_archive_meta_key":null,"_form":null,"_mail":null,"_mail_2":null,"_messages":null,"_additional_settings":null,"_locale":null,"_wp_old_date":null,"_edit_last":"5","_wpb_vc_js_status":"false","_yoast_wpseo_estimated-reading-time-minutes":"5","_edit_lock":"1691169419:5","_yoast_wpseo_content_score":"90","yoast_head":"<!-- This site is optimized with the Yoast SEO plugin v24.3 - https:\/\/yoast.com\/wordpress\/plugins\/seo\/ -->\n<title>Isolation Thermique Ext\u00e9rieure ITE DIFFUTHERM PAVATEX \/ PAREXLANKO face \u00e0 ISONAT COVER \/ FEMA - La Maison naturelle | Blog<\/title>\n<meta name=\"robots\" content=\"index, follow, max-snippet:-1, max-image-preview:large, max-video-preview:-1\" \/>\n<link rel=\"canonical\" href=\"https:\/\/www.la-maison-naturelle.com\/blog\/diffutherm-pavatex-parexlanko-face-a-isonat-cover-fema\/\" \/>\n<meta property=\"og:locale\" content=\"fr_FR\" \/>\n<meta property=\"og:type\" content=\"article\" \/>\n<meta property=\"og:title\" content=\"Isolation Thermique Ext\u00e9rieure ITE DIFFUTHERM PAVATEX \/ PAREXLANKO face \u00e0 ISONAT COVER \/ FEMA - La Maison naturelle | Blog\" \/>\n<meta property=\"og:url\" content=\"https:\/\/www.la-maison-naturelle.com\/blog\/diffutherm-pavatex-parexlanko-face-a-isonat-cover-fema\/\" \/>\n<meta property=\"og:site_name\" content=\"La Maison naturelle | Blog\" \/>\n<meta property=\"article:published_time\" content=\"2018-05-24T14:17:03+00:00\" \/>\n<meta property=\"article:modified_time\" content=\"2023-08-04T17:18:44+00:00\" \/>\n<meta property=\"og:image\" content=\"https:\/\/www.la-maison-naturelle.com\/blog\/wp-content\/uploads\/2012\/05\/Dark-Green-and-Gray-Professional-and-Clean-E-Commerce-Email-Header-300x35.png\" \/>\n<meta name=\"author\" content=\"Eloise\" \/>\n<meta name=\"twitter:card\" content=\"summary_large_image\" \/>\n<meta name=\"twitter:label1\" content=\"\u00c9crit par\" \/>\n\t<meta name=\"twitter:data1\" content=\"Eloise\" \/>\n\t<meta name=\"twitter:label2\" content=\"Dur\u00e9e de lecture estim\u00e9e\" \/>\n\t<meta name=\"twitter:data2\" content=\"5 minutes\" \/>\n<script type=\"application\/ld+json\" class=\"yoast-schema-graph\">{\"@context\":\"https:\/\/schema.org\",\"@graph\":[{\"@type\":\"Article\",\"@id\":\"https:\/\/www.la-maison-naturelle.com\/blog\/diffutherm-pavatex-parexlanko-face-a-isonat-cover-fema\/#article\",\"isPartOf\":{\"@id\":\"https:\/\/www.la-maison-naturelle.com\/blog\/diffutherm-pavatex-parexlanko-face-a-isonat-cover-fema\/\"},\"author\":{\"name\":\"Eloise\",\"@id\":\"https:\/\/www.la-maison-naturelle.com\/blog\/#\/schema\/person\/cad2a9ed80410189f0688441d546d43f\"},\"headline\":\"Isolation Thermique Ext\u00e9rieure ITE DIFFUTHERM PAVATEX \/ PAREXLANKO face \u00e0 ISONAT COVER \/ FEMA\",\"datePublished\":\"2018-05-24T14:17:03+00:00\",\"dateModified\":\"2023-08-04T17:18:44+00:00\",\"mainEntityOfPage\":{\"@id\":\"https:\/\/www.la-maison-naturelle.com\/blog\/diffutherm-pavatex-parexlanko-face-a-isonat-cover-fema\/\"},\"wordCount\":12,\"commentCount\":0,\"publisher\":{\"@id\":\"https:\/\/www.la-maison-naturelle.com\/blog\/#organization\"},\"image\":{\"@id\":\"https:\/\/www.la-maison-naturelle.com\/blog\/diffutherm-pavatex-parexlanko-face-a-isonat-cover-fema\/#primaryimage\"},\"thumbnailUrl\":\"https:\/\/www.la-maison-naturelle.com\/blog\/wp-content\/uploads\/2012\/05\/Dark-Green-and-Gray-Professional-and-Clean-E-Commerce-Email-Header-300x35.png\",\"articleSection\":[\"Espace pro\"],\"inLanguage\":\"fr-FR\",\"potentialAction\":[{\"@type\":\"CommentAction\",\"name\":\"Comment\",\"target\":[\"https:\/\/www.la-maison-naturelle.com\/blog\/diffutherm-pavatex-parexlanko-face-a-isonat-cover-fema\/#respond\"]}]},{\"@type\":\"WebPage\",\"@id\":\"https:\/\/www.la-maison-naturelle.com\/blog\/diffutherm-pavatex-parexlanko-face-a-isonat-cover-fema\/\",\"url\":\"https:\/\/www.la-maison-naturelle.com\/blog\/diffutherm-pavatex-parexlanko-face-a-isonat-cover-fema\/\",\"name\":\"Isolation Thermique Ext\u00e9rieure ITE DIFFUTHERM PAVATEX \/ PAREXLANKO face \u00e0 ISONAT COVER \/ FEMA - La Maison naturelle | Blog\",\"isPartOf\":{\"@id\":\"https:\/\/www.la-maison-naturelle.com\/blog\/#website\"},\"primaryImageOfPage\":{\"@id\":\"https:\/\/www.la-maison-naturelle.com\/blog\/diffutherm-pavatex-parexlanko-face-a-isonat-cover-fema\/#primaryimage\"},\"image\":{\"@id\":\"https:\/\/www.la-maison-naturelle.com\/blog\/diffutherm-pavatex-parexlanko-face-a-isonat-cover-fema\/#primaryimage\"},\"thumbnailUrl\":\"https:\/\/www.la-maison-naturelle.com\/blog\/wp-content\/uploads\/2012\/05\/Dark-Green-and-Gray-Professional-and-Clean-E-Commerce-Email-Header-300x35.png\",\"datePublished\":\"2018-05-24T14:17:03+00:00\",\"dateModified\":\"2023-08-04T17:18:44+00:00\",\"breadcrumb\":{\"@id\":\"https:\/\/www.la-maison-naturelle.com\/blog\/diffutherm-pavatex-parexlanko-face-a-isonat-cover-fema\/#breadcrumb\"},\"inLanguage\":\"fr-FR\",\"potentialAction\":[{\"@type\":\"ReadAction\",\"target\":[\"https:\/\/www.la-maison-naturelle.com\/blog\/diffutherm-pavatex-parexlanko-face-a-isonat-cover-fema\/\"]}]},{\"@type\":\"ImageObject\",\"inLanguage\":\"fr-FR\",\"@id\":\"https:\/\/www.la-maison-naturelle.com\/blog\/diffutherm-pavatex-parexlanko-face-a-isonat-cover-fema\/#primaryimage\",\"url\":\"https:\/\/www.la-maison-naturelle.com\/blog\/wp-content\/uploads\/2012\/05\/Dark-Green-and-Gray-Professional-and-Clean-E-Commerce-Email-Header.png\",\"contentUrl\":\"https:\/\/www.la-maison-naturelle.com\/blog\/wp-content\/uploads\/2012\/05\/Dark-Green-and-Gray-Professional-and-Clean-E-Commerce-Email-Header.png\",\"width\":1578,\"height\":183},{\"@type\":\"BreadcrumbList\",\"@id\":\"https:\/\/www.la-maison-naturelle.com\/blog\/diffutherm-pavatex-parexlanko-face-a-isonat-cover-fema\/#breadcrumb\",\"itemListElement\":[{\"@type\":\"ListItem\",\"position\":1,\"name\":\"Accueil\",\"item\":\"https:\/\/www.la-maison-naturelle.com\/blog\/\"},{\"@type\":\"ListItem\",\"position\":2,\"name\":\"Isolation Thermique Ext\u00e9rieure ITE DIFFUTHERM PAVATEX \/ PAREXLANKO face \u00e0 ISONAT COVER \/ FEMA\"}]},{\"@type\":\"WebSite\",\"@id\":\"https:\/\/www.la-maison-naturelle.com\/blog\/#website\",\"url\":\"https:\/\/www.la-maison-naturelle.com\/blog\/\",\"name\":\"La Maison naturelle | Blog\",\"description\":\"Blog de la Maison naturelle\",\"publisher\":{\"@id\":\"https:\/\/www.la-maison-naturelle.com\/blog\/#organization\"},\"potentialAction\":[{\"@type\":\"SearchAction\",\"target\":{\"@type\":\"EntryPoint\",\"urlTemplate\":\"https:\/\/www.la-maison-naturelle.com\/blog\/?s={search_term_string}\"},\"query-input\":{\"@type\":\"PropertyValueSpecification\",\"valueRequired\":true,\"valueName\":\"search_term_string\"}}],\"inLanguage\":\"fr-FR\"},{\"@type\":\"Organization\",\"@id\":\"https:\/\/www.la-maison-naturelle.com\/blog\/#organization\",\"name\":\"La Maison naturelle | Blog\",\"url\":\"https:\/\/www.la-maison-naturelle.com\/blog\/\",\"logo\":{\"@type\":\"ImageObject\",\"inLanguage\":\"fr-FR\",\"@id\":\"https:\/\/www.la-maison-naturelle.com\/blog\/#\/schema\/logo\/image\/\",\"url\":\"https:\/\/www.la-maison-naturelle.com\/blog\/wp-content\/uploads\/2021\/07\/maison-naturelle-logo.svg\",\"contentUrl\":\"https:\/\/www.la-maison-naturelle.com\/blog\/wp-content\/uploads\/2021\/07\/maison-naturelle-logo.svg\",\"width\":156,\"height\":64,\"caption\":\"La Maison naturelle | Blog\"},\"image\":{\"@id\":\"https:\/\/www.la-maison-naturelle.com\/blog\/#\/schema\/logo\/image\/\"}},{\"@type\":\"Person\",\"@id\":\"https:\/\/www.la-maison-naturelle.com\/blog\/#\/schema\/person\/cad2a9ed80410189f0688441d546d43f\",\"name\":\"Eloise\",\"image\":{\"@type\":\"ImageObject\",\"inLanguage\":\"fr-FR\",\"@id\":\"https:\/\/www.la-maison-naturelle.com\/blog\/#\/schema\/person\/image\/\",\"url\":\"https:\/\/secure.gravatar.com\/avatar\/344186806f5e8613d4a2109f3b0228a847a7c0858a8023778c44bdcfc1111df9?s=96&d=mm&r=g\",\"contentUrl\":\"https:\/\/secure.gravatar.com\/avatar\/344186806f5e8613d4a2109f3b0228a847a7c0858a8023778c44bdcfc1111df9?s=96&d=mm&r=g\",\"caption\":\"Eloise\"},\"sameAs\":[\"https:\/\/www.la-maison-naturelle.com\/\"],\"url\":\"https:\/\/www.la-maison-naturelle.com\/blog\/author\/idries\/\"}]}<\/script>\n<!-- \/ Yoast SEO plugin. -->","yoast_head_json":{"title":"Isolation Thermique Ext\u00e9rieure ITE DIFFUTHERM PAVATEX \/ PAREXLANKO face \u00e0 ISONAT COVER \/ FEMA - La Maison naturelle | Blog","robots":{"index":"index","follow":"follow","max-snippet":"max-snippet:-1","max-image-preview":"max-image-preview:large","max-video-preview":"max-video-preview:-1"},"canonical":"https:\/\/www.la-maison-naturelle.com\/blog\/diffutherm-pavatex-parexlanko-face-a-isonat-cover-fema\/","og_locale":"fr_FR","og_type":"article","og_title":"Isolation Thermique Ext\u00e9rieure ITE DIFFUTHERM PAVATEX \/ PAREXLANKO face \u00e0 ISONAT COVER \/ FEMA - La Maison naturelle | Blog","og_url":"https:\/\/www.la-maison-naturelle.com\/blog\/diffutherm-pavatex-parexlanko-face-a-isonat-cover-fema\/","og_site_name":"La Maison naturelle | Blog","article_published_time":"2018-05-24T14:17:03+00:00","article_modified_time":"2023-08-04T17:18:44+00:00","og_image":[{"url":"https:\/\/www.la-maison-naturelle.com\/blog\/wp-content\/uploads\/2012\/05\/Dark-Green-and-Gray-Professional-and-Clean-E-Commerce-Email-Header-300x35.png","type":"","width":"","height":""}],"author":"Eloise","twitter_card":"summary_large_image","twitter_misc":{"\u00c9crit par":"Eloise","Dur\u00e9e de lecture estim\u00e9e":"5 minutes"},"schema":{"@context":"https:\/\/schema.org","@graph":[{"@type":"Article","@id":"https:\/\/www.la-maison-naturelle.com\/blog\/diffutherm-pavatex-parexlanko-face-a-isonat-cover-fema\/#article","isPartOf":{"@id":"https:\/\/www.la-maison-naturelle.com\/blog\/diffutherm-pavatex-parexlanko-face-a-isonat-cover-fema\/"},"author":{"name":"Eloise","@id":"https:\/\/www.la-maison-naturelle.com\/blog\/#\/schema\/person\/cad2a9ed80410189f0688441d546d43f"},"headline":"Isolation Thermique Ext\u00e9rieure ITE DIFFUTHERM PAVATEX \/ PAREXLANKO face \u00e0 ISONAT COVER \/ FEMA","datePublished":"2018-05-24T14:17:03+00:00","dateModified":"2023-08-04T17:18:44+00:00","mainEntityOfPage":{"@id":"https:\/\/www.la-maison-naturelle.com\/blog\/diffutherm-pavatex-parexlanko-face-a-isonat-cover-fema\/"},"wordCount":12,"commentCount":0,"publisher":{"@id":"https:\/\/www.la-maison-naturelle.com\/blog\/#organization"},"image":{"@id":"https:\/\/www.la-maison-naturelle.com\/blog\/diffutherm-pavatex-parexlanko-face-a-isonat-cover-fema\/#primaryimage"},"thumbnailUrl":"https:\/\/www.la-maison-naturelle.com\/blog\/wp-content\/uploads\/2012\/05\/Dark-Green-and-Gray-Professional-and-Clean-E-Commerce-Email-Header-300x35.png","articleSection":["Espace pro"],"inLanguage":"fr-FR","potentialAction":[{"@type":"CommentAction","name":"Comment","target":["https:\/\/www.la-maison-naturelle.com\/blog\/diffutherm-pavatex-parexlanko-face-a-isonat-cover-fema\/#respond"]}]},{"@type":"WebPage","@id":"https:\/\/www.la-maison-naturelle.com\/blog\/diffutherm-pavatex-parexlanko-face-a-isonat-cover-fema\/","url":"https:\/\/www.la-maison-naturelle.com\/blog\/diffutherm-pavatex-parexlanko-face-a-isonat-cover-fema\/","name":"Isolation Thermique Ext\u00e9rieure ITE DIFFUTHERM PAVATEX \/ PAREXLANKO face \u00e0 ISONAT COVER \/ FEMA - La Maison naturelle | Blog","isPartOf":{"@id":"https:\/\/www.la-maison-naturelle.com\/blog\/#website"},"primaryImageOfPage":{"@id":"https:\/\/www.la-maison-naturelle.com\/blog\/diffutherm-pavatex-parexlanko-face-a-isonat-cover-fema\/#primaryimage"},"image":{"@id":"https:\/\/www.la-maison-naturelle.com\/blog\/diffutherm-pavatex-parexlanko-face-a-isonat-cover-fema\/#primaryimage"},"thumbnailUrl":"https:\/\/www.la-maison-naturelle.com\/blog\/wp-content\/uploads\/2012\/05\/Dark-Green-and-Gray-Professional-and-Clean-E-Commerce-Email-Header-300x35.png","datePublished":"2018-05-24T14:17:03+00:00","dateModified":"2023-08-04T17:18:44+00:00","breadcrumb":{"@id":"https:\/\/www.la-maison-naturelle.com\/blog\/diffutherm-pavatex-parexlanko-face-a-isonat-cover-fema\/#breadcrumb"},"inLanguage":"fr-FR","potentialAction":[{"@type":"ReadAction","target":["https:\/\/www.la-maison-naturelle.com\/blog\/diffutherm-pavatex-parexlanko-face-a-isonat-cover-fema\/"]}]},{"@type":"ImageObject","inLanguage":"fr-FR","@id":"https:\/\/www.la-maison-naturelle.com\/blog\/diffutherm-pavatex-parexlanko-face-a-isonat-cover-fema\/#primaryimage","url":"https:\/\/www.la-maison-naturelle.com\/blog\/wp-content\/uploads\/2012\/05\/Dark-Green-and-Gray-Professional-and-Clean-E-Commerce-Email-Header.png","contentUrl":"https:\/\/www.la-maison-naturelle.com\/blog\/wp-content\/uploads\/2012\/05\/Dark-Green-and-Gray-Professional-and-Clean-E-Commerce-Email-Header.png","width":1578,"height":183},{"@type":"BreadcrumbList","@id":"https:\/\/www.la-maison-naturelle.com\/blog\/diffutherm-pavatex-parexlanko-face-a-isonat-cover-fema\/#breadcrumb","itemListElement":[{"@type":"ListItem","position":1,"name":"Accueil","item":"https:\/\/www.la-maison-naturelle.com\/blog\/"},{"@type":"ListItem","position":2,"name":"Isolation Thermique Ext\u00e9rieure ITE DIFFUTHERM PAVATEX \/ PAREXLANKO face \u00e0 ISONAT COVER \/ FEMA"}]},{"@type":"WebSite","@id":"https:\/\/www.la-maison-naturelle.com\/blog\/#website","url":"https:\/\/www.la-maison-naturelle.com\/blog\/","name":"La Maison naturelle | Blog","description":"Blog de la Maison naturelle","publisher":{"@id":"https:\/\/www.la-maison-naturelle.com\/blog\/#organization"},"potentialAction":[{"@type":"SearchAction","target":{"@type":"EntryPoint","urlTemplate":"https:\/\/www.la-maison-naturelle.com\/blog\/?s={search_term_string}"},"query-input":{"@type":"PropertyValueSpecification","valueRequired":true,"valueName":"search_term_string"}}],"inLanguage":"fr-FR"},{"@type":"Organization","@id":"https:\/\/www.la-maison-naturelle.com\/blog\/#organization","name":"La Maison naturelle | Blog","url":"https:\/\/www.la-maison-naturelle.com\/blog\/","logo":{"@type":"ImageObject","inLanguage":"fr-FR","@id":"https:\/\/www.la-maison-naturelle.com\/blog\/#\/schema\/logo\/image\/","url":"https:\/\/www.la-maison-naturelle.com\/blog\/wp-content\/uploads\/2021\/07\/maison-naturelle-logo.svg","contentUrl":"https:\/\/www.la-maison-naturelle.com\/blog\/wp-content\/uploads\/2021\/07\/maison-naturelle-logo.svg","width":156,"height":64,"caption":"La Maison naturelle | Blog"},"image":{"@id":"https:\/\/www.la-maison-naturelle.com\/blog\/#\/schema\/logo\/image\/"}},{"@type":"Person","@id":"https:\/\/www.la-maison-naturelle.com\/blog\/#\/schema\/person\/cad2a9ed80410189f0688441d546d43f","name":"Eloise","image":{"@type":"ImageObject","inLanguage":"fr-FR","@id":"https:\/\/www.la-maison-naturelle.com\/blog\/#\/schema\/person\/image\/","url":"https:\/\/secure.gravatar.com\/avatar\/344186806f5e8613d4a2109f3b0228a847a7c0858a8023778c44bdcfc1111df9?s=96&d=mm&r=g","contentUrl":"https:\/\/secure.gravatar.com\/avatar\/344186806f5e8613d4a2109f3b0228a847a7c0858a8023778c44bdcfc1111df9?s=96&d=mm&r=g","caption":"Eloise"},"sameAs":["https:\/\/www.la-maison-naturelle.com\/"],"url":"https:\/\/www.la-maison-naturelle.com\/blog\/author\/idries\/"}]}},"_links":{"self":[{"href":"https:\/\/www.la-maison-naturelle.com\/blog\/wp-json\/wp\/v2\/posts\/2398","targetHints":{"allow":["GET"]}}],"collection":[{"href":"https:\/\/www.la-maison-naturelle.com\/blog\/wp-json\/wp\/v2\/posts"}],"about":[{"href":"https:\/\/www.la-maison-naturelle.com\/blog\/wp-json\/wp\/v2\/types\/post"}],"author":[{"embeddable":true,"href":"https:\/\/www.la-maison-naturelle.com\/blog\/wp-json\/wp\/v2\/users\/5"}],"replies":[{"embeddable":true,"href":"https:\/\/www.la-maison-naturelle.com\/blog\/wp-json\/wp\/v2\/comments?post=2398"}],"version-history":[{"count":3,"href":"https:\/\/www.la-maison-naturelle.com\/blog\/wp-json\/wp\/v2\/posts\/2398\/revisions"}],"predecessor-version":[{"id":5819,"href":"https:\/\/www.la-maison-naturelle.com\/blog\/wp-json\/wp\/v2\/posts\/2398\/revisions\/5819"}],"wp:attachment":[{"href":"https:\/\/www.la-maison-naturelle.com\/blog\/wp-json\/wp\/v2\/media?parent=2398"}],"wp:term":[{"taxonomy":"category","embeddable":true,"href":"https:\/\/www.la-maison-naturelle.com\/blog\/wp-json\/wp\/v2\/categories?post=2398"},{"taxonomy":"post_tag","embeddable":true,"href":"https:\/\/www.la-maison-naturelle.com\/blog\/wp-json\/wp\/v2\/tags?post=2398"}],"curies":[{"name":"wp","href":"https:\/\/api.w.org\/{rel}","templated":true}]}}