{"id":2368,"date":"2018-05-24T16:03:35","date_gmt":"2018-05-24T14:03:35","guid":{"rendered":"https:\/\/www.la-maison-naturelle.com\/blog\/?p=2368"},"modified":"2022-09-14T11:45:33","modified_gmt":"2022-09-14T09:45:33","slug":"liege-expanse-pour-l-exterieur-exemple-de-pose-ite","status":"publish","type":"post","link":"https:\/\/www.la-maison-naturelle.com\/blog\/liege-expanse-pour-l-exterieur-exemple-de-pose-ite\/","title":{"rendered":"Li\u00e8ge expans\u00e9 pour l&rsquo;ext\u00e9rieur : exemple de pose ITE"},"content":{"rendered":"<h2>Mise en oeuvre d&rsquo;un isolant ITE en quelques images<\/h2>\n<h3>Le li\u00e8ge agglom\u00e9r\u00e9 imprutrescible pour la pose en ITE<\/h3>\n<p><a href=\"https:\/\/www.la-maison-naturelle.com\/5273-isolation\" data-internallinksmanager029f6b8e52c=\"149\" title=\"isolation ecologique\">Isolant naturel<\/a> imputr\u00e9scible, le li\u00e8ge agglom\u00e9r\u00e9 expans\u00e9 noir trouve toute sa l\u00e9gitimit\u00e9 dans les syst\u00e8mes d&rsquo;isolation Thermique par l&rsquo;ext\u00e9rieur, pron\u00e9e par les pouvoirs publics.<\/p>\n<p>Certains auto-constructeurs se sont lanc\u00e9 dans l&rsquo;aventure depuis quelques ann\u00e9es et les professionnnels de l&rsquo;isolation \u00e9cologique leur ont pris le pas. L&rsquo;am\u00e9lioration des produits d&rsquo;enduisage de plus en plus souvent adapt\u00e9s \u00e0 la pose sur diff\u00e9rents supports a fait le reste.<\/p>\n<h2>Un chantier li\u00e8ge en auto-construction<\/h2>\n<p>Les images de chantier pr\u00e9sent\u00e9es ici parlent d&rsquo;elle m\u00eame : une pose \u00e0 la port\u00e9e des auto-constructeurs soigneux et avertis.<\/p>\n<p>Pose sur le profil de d\u00e9marrage<\/p>\n<p>&nbsp;<\/p>\n<p>Pose des premiers panneaux de li\u00e8ge<\/p>\n<p>&nbsp;<\/p>\n<p>Deux\u00a0 journ\u00e9es de travail sur ce mur&#8230;&#8230;<\/p>\n<h3><\/h3>\n<h3>Pose de la trame de verre et enduisage avec des enduits adapt\u00e9s :<\/h3>\n<p>Premi\u00e8re passe sur les panneaux de li\u00e8ge<\/p>\n<p>&nbsp;<\/p>\n<p>exemple :\u00a0Parilien\u00a0et\u00a0Parlumi\u00e8reClair\u00a0de <a href=\"https:\/\/www.la-maison-naturelle.com\/brand\/17-parexlanko\" data-internallinksmanager029f6b8e52c=\"140\" title=\"parexlanko\">Parexlanko<\/a><\/p>\n<p>&nbsp;<\/p>\n<h3>Exemple final ITE li\u00e8ge sur maison contemporaine<\/h3>\n<p>&nbsp;<\/p>\n<p>Lire aussi : Avis d&rsquo;un pro de l&rsquo;ITE \u00e9cologique qui travaille en d\u00e9cennale : Le <a href=\"https:\/\/www.la-maison-naturelle.com\/4365-liege-expanse-en-panneau\" data-internallinksmanager029f6b8e52c=\"3\" title=\"plaque de li\u00e8ge\">li\u00e8ge expans\u00e9<\/a> avec les produits d&rsquo;enduisage classique<\/p>\n<h2>Li\u00e8ge noir : Caract\u00e9ristiques techniques<\/h2>\n<h5><\/h5>\n<h2>Les accessoires ITE pour le li\u00e8ge expans\u00e9<\/h2>\n<h5><\/h5>\n","protected":false},"excerpt":{"rendered":"<p>Mise en oeuvre d&rsquo;un isolant ITE en quelques images Le li\u00e8ge agglom\u00e9r\u00e9 imprutrescible pour la pose en ITE Isolant naturel imputr\u00e9scible, le li\u00e8ge agglom\u00e9r\u00e9 expans\u00e9 noir trouve toute sa l\u00e9gitimit\u00e9 dans les syst\u00e8mes d&rsquo;isolation Thermique par l&rsquo;ext\u00e9rieur, pron\u00e9e par les pouvoirs publics. Certains auto-constructeurs se sont lanc\u00e9 dans l&rsquo;aventure depuis quelques ann\u00e9es et les professionnnels [&hellip;]<\/p>\n","protected":false},"author":5,"featured_media":4062,"comment_status":"open","ping_status":"open","sticky":false,"template":"","format":"standard","meta":{"footnotes":""},"categories":[5],"tags":[],"class_list":["post-2368","post","type-post","status-publish","format-standard","has-post-thumbnail","hentry","category-espace-pro"],"_wp_attached_file":null,"_wp_attachment_metadata":null,"_wp_attachment_context":null,"_wp_attachment_image_alt":null,"_hf_settings":null,"hf_message_success":null,"hf_message_invalid_email":null,"hf_message_required_field_missing":null,"hf_message_error":null,"_menu_item_type":null,"_menu_item_menu_item_parent":null,"_menu_item_object_id":null,"_menu_item_object":null,"_menu_item_target":null,"_menu_item_classes":null,"_menu_item_xfn":null,"_menu_item_url":null,"_yoast_wpseo_primary_category":"5","_thumbnail_id":"4062","_oembed_26d84b2c06432105b0a19987ae029a71":null,"_oembed_43e9e2dfde1b9b4ed91c9711026b7ef9":null,"_oembed_1fe1564764edbddc3b61e81acf52be88":null,"_oembed_df60f474cd845141e7ce6596d101e4a0":null,"_oembed_825e674795e2435c0bc66eb08e5d2c8b":null,"_oembed_time_825e674795e2435c0bc66eb08e5d2c8b":null,"_oembed_e917352ff4cc21ea91383201eeaa08cf":null,"_oembed_2363c16c972791c33e283320dc564fce":null,"_oembed_cc9ad5b5073a84776f6a62e33e6c7498":null,"_oembed_time_cc9ad5b5073a84776f6a62e33e6c7498":null,"_oembed_305147fcf4b856de518466e695c209cd":null,"_oembed_8517a877084ae01a5296813ee1d16a2b":null,"_oembed_2741f1556b243e68379198f98ba7f864":null,"_oembed_c3ffa24981451396c950ece2129da0f6":null,"_oembed_6f9091ebe2f3f5fcb5698ba6f4b41477":null,"_wp_old_slug":null,"_oembed_e4fb0f68ba12b85e9e231afe151ba12a":null,"_oembed_3c60e98bd703e617e67f5bbb3b97424d":null,"_oembed_bb060374498dcf40cb6068efe4be87e1":null,"_oembed_d0403e1e71c3a29020bd546b159480f1":null,"_oembed_b030ff17fbbbf8661c59c2ab8ff289eb":null,"_oembed_5cec699ba0631c6c0e4ba4f6af5f228e":null,"_oembed_b06a67f278b90cf4e8dd17cb12fe67b0":null,"_oembed_8e190e4fea2256f17420434651556236":null,"_oembed_b5ded119f1337916a0fc64d2ad85c95f":null,"_oembed_d9364a7a81be31c01415da2c50a48932":null,"_oembed_738cafa36d51a58e5ae3e458aa8f7584":null,"_oembed_ebcab5184b6b321b28efbcbec079859b":null,"_oembed_3dd9e35c2b7b268070e74da5b89cf937":null,"_oembed_e14b167b493e311a1c4e2aab38a463e8":null,"_oembed_dc8f7d108b38f3f0c2e0785b8bc46cae":null,"_oembed_55cf1c5142884afed312c2666bf27520":null,"_oembed_2292333bf03a956b4b61afafeff6bca0":null,"_oembed_82a986a6b900856fec23169de03a0038":null,"_oembed_4048ded025352b83569104210074165a":null,"_oembed_033b42b1af757abc39e4487233cee7f5":null,"_oembed_aec1d50f2b159366be8e37e94b201be1":null,"_oembed_0adc8480b2fcadf9a1733f572ce3d3f8":null,"_yoast_wpseo_title":null,"_yoast_wpseo_focuskw":null,"_yoast_wpseo_linkdex":null,"_yoast_wpseo_metadesc":null,"_yoast_wpseo_wordproof_timestamp":null,"_tpl_archive_meta_key":null,"_form":null,"_mail":null,"_mail_2":null,"_messages":null,"_additional_settings":null,"_locale":null,"_wp_old_date":null,"_edit_last":"5","_wpb_vc_js_status":"false","_yoast_wpseo_estimated-reading-time-minutes":"1","_edit_lock":"1661850626:5","_yoast_wpseo_content_score":"90","yoast_head":"<!-- This site is optimized with the Yoast SEO plugin v24.3 - https:\/\/yoast.com\/wordpress\/plugins\/seo\/ -->\n<title>Li\u00e8ge expans\u00e9 pour l&#039;ext\u00e9rieur : exemple de pose ITE - La Maison naturelle | Blog<\/title>\n<meta name=\"robots\" content=\"index, follow, max-snippet:-1, max-image-preview:large, max-video-preview:-1\" \/>\n<link rel=\"canonical\" href=\"https:\/\/www.la-maison-naturelle.com\/blog\/liege-expanse-pour-l-exterieur-exemple-de-pose-ite\/\" \/>\n<meta property=\"og:locale\" content=\"fr_FR\" \/>\n<meta property=\"og:type\" content=\"article\" \/>\n<meta property=\"og:title\" content=\"Li\u00e8ge expans\u00e9 pour l&#039;ext\u00e9rieur : exemple de pose ITE - La Maison naturelle | Blog\" \/>\n<meta property=\"og:description\" content=\"Mise en oeuvre d&rsquo;un isolant ITE en quelques images Le li\u00e8ge agglom\u00e9r\u00e9 imprutrescible pour la pose en ITE Isolant naturel imputr\u00e9scible, le li\u00e8ge agglom\u00e9r\u00e9 expans\u00e9 noir trouve toute sa l\u00e9gitimit\u00e9 dans les syst\u00e8mes d&rsquo;isolation Thermique par l&rsquo;ext\u00e9rieur, pron\u00e9e par les pouvoirs publics. Certains auto-constructeurs se sont lanc\u00e9 dans l&rsquo;aventure depuis quelques ann\u00e9es et les professionnnels [&hellip;]\" \/>\n<meta property=\"og:url\" content=\"https:\/\/www.la-maison-naturelle.com\/blog\/liege-expanse-pour-l-exterieur-exemple-de-pose-ite\/\" \/>\n<meta property=\"og:site_name\" content=\"La Maison naturelle | Blog\" \/>\n<meta property=\"article:published_time\" content=\"2018-05-24T14:03:35+00:00\" \/>\n<meta property=\"article:modified_time\" content=\"2022-09-14T09:45:33+00:00\" \/>\n<meta property=\"og:image\" content=\"https:\/\/www.la-maison-naturelle.com\/blog\/wp-content\/uploads\/2018\/05\/bda748b4a7e49934271d079472f9cf20.jpg\" \/>\n\t<meta property=\"og:image:width\" content=\"528\" \/>\n\t<meta property=\"og:image:height\" content=\"445\" \/>\n\t<meta property=\"og:image:type\" content=\"image\/jpeg\" \/>\n<meta name=\"author\" content=\"Eloise\" \/>\n<meta name=\"twitter:card\" content=\"summary_large_image\" \/>\n<meta name=\"twitter:label1\" content=\"\u00c9crit par\" \/>\n\t<meta name=\"twitter:data1\" content=\"Eloise\" \/>\n\t<meta name=\"twitter:label2\" content=\"Dur\u00e9e de lecture estim\u00e9e\" \/>\n\t<meta name=\"twitter:data2\" content=\"1 minute\" \/>\n<script type=\"application\/ld+json\" class=\"yoast-schema-graph\">{\"@context\":\"https:\/\/schema.org\",\"@graph\":[{\"@type\":\"Article\",\"@id\":\"https:\/\/www.la-maison-naturelle.com\/blog\/liege-expanse-pour-l-exterieur-exemple-de-pose-ite\/#article\",\"isPartOf\":{\"@id\":\"https:\/\/www.la-maison-naturelle.com\/blog\/liege-expanse-pour-l-exterieur-exemple-de-pose-ite\/\"},\"author\":{\"name\":\"Eloise\",\"@id\":\"https:\/\/www.la-maison-naturelle.com\/blog\/#\/schema\/person\/cad2a9ed80410189f0688441d546d43f\"},\"headline\":\"Li\u00e8ge expans\u00e9 pour l&rsquo;ext\u00e9rieur : exemple de pose ITE\",\"datePublished\":\"2018-05-24T14:03:35+00:00\",\"dateModified\":\"2022-09-14T09:45:33+00:00\",\"mainEntityOfPage\":{\"@id\":\"https:\/\/www.la-maison-naturelle.com\/blog\/liege-expanse-pour-l-exterieur-exemple-de-pose-ite\/\"},\"wordCount\":233,\"commentCount\":0,\"publisher\":{\"@id\":\"https:\/\/www.la-maison-naturelle.com\/blog\/#organization\"},\"image\":{\"@id\":\"https:\/\/www.la-maison-naturelle.com\/blog\/liege-expanse-pour-l-exterieur-exemple-de-pose-ite\/#primaryimage\"},\"thumbnailUrl\":\"https:\/\/www.la-maison-naturelle.com\/blog\/wp-content\/uploads\/2018\/05\/bda748b4a7e49934271d079472f9cf20.jpg\",\"articleSection\":[\"Espace pro\"],\"inLanguage\":\"fr-FR\",\"potentialAction\":[{\"@type\":\"CommentAction\",\"name\":\"Comment\",\"target\":[\"https:\/\/www.la-maison-naturelle.com\/blog\/liege-expanse-pour-l-exterieur-exemple-de-pose-ite\/#respond\"]}]},{\"@type\":\"WebPage\",\"@id\":\"https:\/\/www.la-maison-naturelle.com\/blog\/liege-expanse-pour-l-exterieur-exemple-de-pose-ite\/\",\"url\":\"https:\/\/www.la-maison-naturelle.com\/blog\/liege-expanse-pour-l-exterieur-exemple-de-pose-ite\/\",\"name\":\"Li\u00e8ge expans\u00e9 pour l'ext\u00e9rieur : exemple de pose ITE - La Maison naturelle | Blog\",\"isPartOf\":{\"@id\":\"https:\/\/www.la-maison-naturelle.com\/blog\/#website\"},\"primaryImageOfPage\":{\"@id\":\"https:\/\/www.la-maison-naturelle.com\/blog\/liege-expanse-pour-l-exterieur-exemple-de-pose-ite\/#primaryimage\"},\"image\":{\"@id\":\"https:\/\/www.la-maison-naturelle.com\/blog\/liege-expanse-pour-l-exterieur-exemple-de-pose-ite\/#primaryimage\"},\"thumbnailUrl\":\"https:\/\/www.la-maison-naturelle.com\/blog\/wp-content\/uploads\/2018\/05\/bda748b4a7e49934271d079472f9cf20.jpg\",\"datePublished\":\"2018-05-24T14:03:35+00:00\",\"dateModified\":\"2022-09-14T09:45:33+00:00\",\"breadcrumb\":{\"@id\":\"https:\/\/www.la-maison-naturelle.com\/blog\/liege-expanse-pour-l-exterieur-exemple-de-pose-ite\/#breadcrumb\"},\"inLanguage\":\"fr-FR\",\"potentialAction\":[{\"@type\":\"ReadAction\",\"target\":[\"https:\/\/www.la-maison-naturelle.com\/blog\/liege-expanse-pour-l-exterieur-exemple-de-pose-ite\/\"]}]},{\"@type\":\"ImageObject\",\"inLanguage\":\"fr-FR\",\"@id\":\"https:\/\/www.la-maison-naturelle.com\/blog\/liege-expanse-pour-l-exterieur-exemple-de-pose-ite\/#primaryimage\",\"url\":\"https:\/\/www.la-maison-naturelle.com\/blog\/wp-content\/uploads\/2018\/05\/bda748b4a7e49934271d079472f9cf20.jpg\",\"contentUrl\":\"https:\/\/www.la-maison-naturelle.com\/blog\/wp-content\/uploads\/2018\/05\/bda748b4a7e49934271d079472f9cf20.jpg\",\"width\":528,\"height\":445},{\"@type\":\"BreadcrumbList\",\"@id\":\"https:\/\/www.la-maison-naturelle.com\/blog\/liege-expanse-pour-l-exterieur-exemple-de-pose-ite\/#breadcrumb\",\"itemListElement\":[{\"@type\":\"ListItem\",\"position\":1,\"name\":\"Accueil\",\"item\":\"https:\/\/www.la-maison-naturelle.com\/blog\/\"},{\"@type\":\"ListItem\",\"position\":2,\"name\":\"Li\u00e8ge expans\u00e9 pour l&rsquo;ext\u00e9rieur : exemple de pose ITE\"}]},{\"@type\":\"WebSite\",\"@id\":\"https:\/\/www.la-maison-naturelle.com\/blog\/#website\",\"url\":\"https:\/\/www.la-maison-naturelle.com\/blog\/\",\"name\":\"La Maison naturelle | Blog\",\"description\":\"Blog de la Maison naturelle\",\"publisher\":{\"@id\":\"https:\/\/www.la-maison-naturelle.com\/blog\/#organization\"},\"potentialAction\":[{\"@type\":\"SearchAction\",\"target\":{\"@type\":\"EntryPoint\",\"urlTemplate\":\"https:\/\/www.la-maison-naturelle.com\/blog\/?s={search_term_string}\"},\"query-input\":{\"@type\":\"PropertyValueSpecification\",\"valueRequired\":true,\"valueName\":\"search_term_string\"}}],\"inLanguage\":\"fr-FR\"},{\"@type\":\"Organization\",\"@id\":\"https:\/\/www.la-maison-naturelle.com\/blog\/#organization\",\"name\":\"La Maison naturelle | Blog\",\"url\":\"https:\/\/www.la-maison-naturelle.com\/blog\/\",\"logo\":{\"@type\":\"ImageObject\",\"inLanguage\":\"fr-FR\",\"@id\":\"https:\/\/www.la-maison-naturelle.com\/blog\/#\/schema\/logo\/image\/\",\"url\":\"https:\/\/www.la-maison-naturelle.com\/blog\/wp-content\/uploads\/2021\/07\/maison-naturelle-logo.svg\",\"contentUrl\":\"https:\/\/www.la-maison-naturelle.com\/blog\/wp-content\/uploads\/2021\/07\/maison-naturelle-logo.svg\",\"width\":156,\"height\":64,\"caption\":\"La Maison naturelle | Blog\"},\"image\":{\"@id\":\"https:\/\/www.la-maison-naturelle.com\/blog\/#\/schema\/logo\/image\/\"}},{\"@type\":\"Person\",\"@id\":\"https:\/\/www.la-maison-naturelle.com\/blog\/#\/schema\/person\/cad2a9ed80410189f0688441d546d43f\",\"name\":\"Eloise\",\"image\":{\"@type\":\"ImageObject\",\"inLanguage\":\"fr-FR\",\"@id\":\"https:\/\/www.la-maison-naturelle.com\/blog\/#\/schema\/person\/image\/\",\"url\":\"https:\/\/secure.gravatar.com\/avatar\/344186806f5e8613d4a2109f3b0228a847a7c0858a8023778c44bdcfc1111df9?s=96&d=mm&r=g\",\"contentUrl\":\"https:\/\/secure.gravatar.com\/avatar\/344186806f5e8613d4a2109f3b0228a847a7c0858a8023778c44bdcfc1111df9?s=96&d=mm&r=g\",\"caption\":\"Eloise\"},\"sameAs\":[\"https:\/\/www.la-maison-naturelle.com\/\"],\"url\":\"https:\/\/www.la-maison-naturelle.com\/blog\/author\/idries\/\"}]}<\/script>\n<!-- \/ Yoast SEO plugin. -->","yoast_head_json":{"title":"Li\u00e8ge expans\u00e9 pour l'ext\u00e9rieur : exemple de pose ITE - La Maison naturelle | Blog","robots":{"index":"index","follow":"follow","max-snippet":"max-snippet:-1","max-image-preview":"max-image-preview:large","max-video-preview":"max-video-preview:-1"},"canonical":"https:\/\/www.la-maison-naturelle.com\/blog\/liege-expanse-pour-l-exterieur-exemple-de-pose-ite\/","og_locale":"fr_FR","og_type":"article","og_title":"Li\u00e8ge expans\u00e9 pour l'ext\u00e9rieur : exemple de pose ITE - La Maison naturelle | Blog","og_description":"Mise en oeuvre d&rsquo;un isolant ITE en quelques images Le li\u00e8ge agglom\u00e9r\u00e9 imprutrescible pour la pose en ITE Isolant naturel imputr\u00e9scible, le li\u00e8ge agglom\u00e9r\u00e9 expans\u00e9 noir trouve toute sa l\u00e9gitimit\u00e9 dans les syst\u00e8mes d&rsquo;isolation Thermique par l&rsquo;ext\u00e9rieur, pron\u00e9e par les pouvoirs publics. Certains auto-constructeurs se sont lanc\u00e9 dans l&rsquo;aventure depuis quelques ann\u00e9es et les professionnnels [&hellip;]","og_url":"https:\/\/www.la-maison-naturelle.com\/blog\/liege-expanse-pour-l-exterieur-exemple-de-pose-ite\/","og_site_name":"La Maison naturelle | Blog","article_published_time":"2018-05-24T14:03:35+00:00","article_modified_time":"2022-09-14T09:45:33+00:00","og_image":[{"width":528,"height":445,"url":"https:\/\/www.la-maison-naturelle.com\/blog\/wp-content\/uploads\/2018\/05\/bda748b4a7e49934271d079472f9cf20.jpg","type":"image\/jpeg"}],"author":"Eloise","twitter_card":"summary_large_image","twitter_misc":{"\u00c9crit par":"Eloise","Dur\u00e9e de lecture estim\u00e9e":"1 minute"},"schema":{"@context":"https:\/\/schema.org","@graph":[{"@type":"Article","@id":"https:\/\/www.la-maison-naturelle.com\/blog\/liege-expanse-pour-l-exterieur-exemple-de-pose-ite\/#article","isPartOf":{"@id":"https:\/\/www.la-maison-naturelle.com\/blog\/liege-expanse-pour-l-exterieur-exemple-de-pose-ite\/"},"author":{"name":"Eloise","@id":"https:\/\/www.la-maison-naturelle.com\/blog\/#\/schema\/person\/cad2a9ed80410189f0688441d546d43f"},"headline":"Li\u00e8ge expans\u00e9 pour l&rsquo;ext\u00e9rieur : exemple de pose ITE","datePublished":"2018-05-24T14:03:35+00:00","dateModified":"2022-09-14T09:45:33+00:00","mainEntityOfPage":{"@id":"https:\/\/www.la-maison-naturelle.com\/blog\/liege-expanse-pour-l-exterieur-exemple-de-pose-ite\/"},"wordCount":233,"commentCount":0,"publisher":{"@id":"https:\/\/www.la-maison-naturelle.com\/blog\/#organization"},"image":{"@id":"https:\/\/www.la-maison-naturelle.com\/blog\/liege-expanse-pour-l-exterieur-exemple-de-pose-ite\/#primaryimage"},"thumbnailUrl":"https:\/\/www.la-maison-naturelle.com\/blog\/wp-content\/uploads\/2018\/05\/bda748b4a7e49934271d079472f9cf20.jpg","articleSection":["Espace pro"],"inLanguage":"fr-FR","potentialAction":[{"@type":"CommentAction","name":"Comment","target":["https:\/\/www.la-maison-naturelle.com\/blog\/liege-expanse-pour-l-exterieur-exemple-de-pose-ite\/#respond"]}]},{"@type":"WebPage","@id":"https:\/\/www.la-maison-naturelle.com\/blog\/liege-expanse-pour-l-exterieur-exemple-de-pose-ite\/","url":"https:\/\/www.la-maison-naturelle.com\/blog\/liege-expanse-pour-l-exterieur-exemple-de-pose-ite\/","name":"Li\u00e8ge expans\u00e9 pour l'ext\u00e9rieur : exemple de pose ITE - La Maison naturelle | Blog","isPartOf":{"@id":"https:\/\/www.la-maison-naturelle.com\/blog\/#website"},"primaryImageOfPage":{"@id":"https:\/\/www.la-maison-naturelle.com\/blog\/liege-expanse-pour-l-exterieur-exemple-de-pose-ite\/#primaryimage"},"image":{"@id":"https:\/\/www.la-maison-naturelle.com\/blog\/liege-expanse-pour-l-exterieur-exemple-de-pose-ite\/#primaryimage"},"thumbnailUrl":"https:\/\/www.la-maison-naturelle.com\/blog\/wp-content\/uploads\/2018\/05\/bda748b4a7e49934271d079472f9cf20.jpg","datePublished":"2018-05-24T14:03:35+00:00","dateModified":"2022-09-14T09:45:33+00:00","breadcrumb":{"@id":"https:\/\/www.la-maison-naturelle.com\/blog\/liege-expanse-pour-l-exterieur-exemple-de-pose-ite\/#breadcrumb"},"inLanguage":"fr-FR","potentialAction":[{"@type":"ReadAction","target":["https:\/\/www.la-maison-naturelle.com\/blog\/liege-expanse-pour-l-exterieur-exemple-de-pose-ite\/"]}]},{"@type":"ImageObject","inLanguage":"fr-FR","@id":"https:\/\/www.la-maison-naturelle.com\/blog\/liege-expanse-pour-l-exterieur-exemple-de-pose-ite\/#primaryimage","url":"https:\/\/www.la-maison-naturelle.com\/blog\/wp-content\/uploads\/2018\/05\/bda748b4a7e49934271d079472f9cf20.jpg","contentUrl":"https:\/\/www.la-maison-naturelle.com\/blog\/wp-content\/uploads\/2018\/05\/bda748b4a7e49934271d079472f9cf20.jpg","width":528,"height":445},{"@type":"BreadcrumbList","@id":"https:\/\/www.la-maison-naturelle.com\/blog\/liege-expanse-pour-l-exterieur-exemple-de-pose-ite\/#breadcrumb","itemListElement":[{"@type":"ListItem","position":1,"name":"Accueil","item":"https:\/\/www.la-maison-naturelle.com\/blog\/"},{"@type":"ListItem","position":2,"name":"Li\u00e8ge expans\u00e9 pour l&rsquo;ext\u00e9rieur : exemple de pose ITE"}]},{"@type":"WebSite","@id":"https:\/\/www.la-maison-naturelle.com\/blog\/#website","url":"https:\/\/www.la-maison-naturelle.com\/blog\/","name":"La Maison naturelle | Blog","description":"Blog de la Maison naturelle","publisher":{"@id":"https:\/\/www.la-maison-naturelle.com\/blog\/#organization"},"potentialAction":[{"@type":"SearchAction","target":{"@type":"EntryPoint","urlTemplate":"https:\/\/www.la-maison-naturelle.com\/blog\/?s={search_term_string}"},"query-input":{"@type":"PropertyValueSpecification","valueRequired":true,"valueName":"search_term_string"}}],"inLanguage":"fr-FR"},{"@type":"Organization","@id":"https:\/\/www.la-maison-naturelle.com\/blog\/#organization","name":"La Maison naturelle | Blog","url":"https:\/\/www.la-maison-naturelle.com\/blog\/","logo":{"@type":"ImageObject","inLanguage":"fr-FR","@id":"https:\/\/www.la-maison-naturelle.com\/blog\/#\/schema\/logo\/image\/","url":"https:\/\/www.la-maison-naturelle.com\/blog\/wp-content\/uploads\/2021\/07\/maison-naturelle-logo.svg","contentUrl":"https:\/\/www.la-maison-naturelle.com\/blog\/wp-content\/uploads\/2021\/07\/maison-naturelle-logo.svg","width":156,"height":64,"caption":"La Maison naturelle | Blog"},"image":{"@id":"https:\/\/www.la-maison-naturelle.com\/blog\/#\/schema\/logo\/image\/"}},{"@type":"Person","@id":"https:\/\/www.la-maison-naturelle.com\/blog\/#\/schema\/person\/cad2a9ed80410189f0688441d546d43f","name":"Eloise","image":{"@type":"ImageObject","inLanguage":"fr-FR","@id":"https:\/\/www.la-maison-naturelle.com\/blog\/#\/schema\/person\/image\/","url":"https:\/\/secure.gravatar.com\/avatar\/344186806f5e8613d4a2109f3b0228a847a7c0858a8023778c44bdcfc1111df9?s=96&d=mm&r=g","contentUrl":"https:\/\/secure.gravatar.com\/avatar\/344186806f5e8613d4a2109f3b0228a847a7c0858a8023778c44bdcfc1111df9?s=96&d=mm&r=g","caption":"Eloise"},"sameAs":["https:\/\/www.la-maison-naturelle.com\/"],"url":"https:\/\/www.la-maison-naturelle.com\/blog\/author\/idries\/"}]}},"_links":{"self":[{"href":"https:\/\/www.la-maison-naturelle.com\/blog\/wp-json\/wp\/v2\/posts\/2368","targetHints":{"allow":["GET"]}}],"collection":[{"href":"https:\/\/www.la-maison-naturelle.com\/blog\/wp-json\/wp\/v2\/posts"}],"about":[{"href":"https:\/\/www.la-maison-naturelle.com\/blog\/wp-json\/wp\/v2\/types\/post"}],"author":[{"embeddable":true,"href":"https:\/\/www.la-maison-naturelle.com\/blog\/wp-json\/wp\/v2\/users\/5"}],"replies":[{"embeddable":true,"href":"https:\/\/www.la-maison-naturelle.com\/blog\/wp-json\/wp\/v2\/comments?post=2368"}],"version-history":[{"count":2,"href":"https:\/\/www.la-maison-naturelle.com\/blog\/wp-json\/wp\/v2\/posts\/2368\/revisions"}],"predecessor-version":[{"id":4061,"href":"https:\/\/www.la-maison-naturelle.com\/blog\/wp-json\/wp\/v2\/posts\/2368\/revisions\/4061"}],"wp:featuredmedia":[{"embeddable":true,"href":"https:\/\/www.la-maison-naturelle.com\/blog\/wp-json\/wp\/v2\/media\/4062"}],"wp:attachment":[{"href":"https:\/\/www.la-maison-naturelle.com\/blog\/wp-json\/wp\/v2\/media?parent=2368"}],"wp:term":[{"taxonomy":"category","embeddable":true,"href":"https:\/\/www.la-maison-naturelle.com\/blog\/wp-json\/wp\/v2\/categories?post=2368"},{"taxonomy":"post_tag","embeddable":true,"href":"https:\/\/www.la-maison-naturelle.com\/blog\/wp-json\/wp\/v2\/tags?post=2368"}],"curies":[{"name":"wp","href":"https:\/\/api.w.org\/{rel}","templated":true}]}}