{"id":2307,"date":"2018-05-24T15:32:09","date_gmt":"2018-05-24T13:32:09","guid":{"rendered":"https:\/\/www.la-maison-naturelle.com\/blog\/?p=2307"},"modified":"2023-08-03T22:43:24","modified_gmt":"2023-08-03T20:43:24","slug":"mie-la-toiture-et-lisolation-ecologique","status":"publish","type":"post","link":"https:\/\/www.la-maison-naturelle.com\/blog\/mie-la-toiture-et-lisolation-ecologique\/","title":{"rendered":"La toiture et l\u2019isolation \u00e9cologique"},"content":{"rendered":"<p>Depuis peu, l\u2019isolation thermique des b\u00e2timents est une affaire d\u2019experts. Celle-ci est encore plus compliqu\u00e9e en r\u00e9novation o\u00f9 l\u2019on distingue plusieurs configurations sp\u00e9cifiques. Les recommandations et l\u2019inspection d\u2019un professionnel s\u2019av\u00e8rent dans la plupart des cas n\u00e9cessaires. Toutefois, il est possible de pr\u00e9senter bri\u00e8vement deux cas o\u00f9 les isolants \u00e9cologiques sont mis en \u0153uvre.<\/p>\n<h2>L\u2019isolation des toitures : pour un respect de la nature et des habitants<\/h2>\n<h3>L\u2019isolation des plafonds au lieu de celle des toitures.<\/h3>\n<p>Autorisant l\u2019habitation des combles, l\u2019isolation des rampants de la toiture est une op\u00e9ration urbaine assez r\u00e9cente en mati\u00e8re de r\u00e9novation, la premi\u00e8re toiture \u00e0 en avoir b\u00e9n\u00e9ficier fut la toiture zinc. Si le grenier n\u2019est pas utilis\u00e9 pour l\u2019habitat, il est plus simple et plus \u00e9conomique d\u2019opter pour l\u2019isolation des plafonds. Les isolants en vrac, tels que le <a href=\"https:\/\/www.la-maison-naturelle.com\/3055-laine-de-chanvre\" data-internallinksmanager029f6b8e52c=\"4\" title=\"isolation chanvre\">chanvre<\/a> ou la <a href=\"https:\/\/www.la-maison-naturelle.com\/3004-ouate-de-cellulose\" data-internallinksmanager029f6b8e52c=\"72\" title=\"ouate de cellulose\">cellulose<\/a> co\u00fbtent largement moins chers que les isolants en plaques ou en rouleaux, et la capacit\u00e9 d\u2019isolation thermique est meilleure. Ensuite, dans le cas o\u00f9 le grenier sera habit\u00e9, il est toujours possible de recycler cet isolant au sein des rampants au moment o\u00f9 la toiture sera refaite.<\/p>\n<h3>L\u2019isolation par l\u2019int\u00e9rieur<\/h3>\n<p>L\u2019isolant en <a href=\"https:\/\/www.la-maison-naturelle.com\/3205-fibre-de-bois-rigide\" data-internallinksmanager029f6b8e52c=\"130\" title=\"panneaux rigides\">panneaux rigides<\/a> ou en rouleaux est appliqu\u00e9 en dessous de la couverture pr\u00e9sente. Le point fort, c\u2019est que les intemp\u00e9ries ne changent en rien le chantier, il peut en effet \u00eatre \u00e9tal\u00e9 sur une longue p\u00e9riode, et ex\u00e9cut\u00e9 en auto-construction. Le point n\u00e9gatif est le prix on\u00e9reux de ces isolants mais aussi leur pose qui s\u2019av\u00e8re assez complexe. En effet, il faut non seulement organiser soigneusement l\u2019am\u00e9nagement de la couverture, dans le cas o\u00f9 elle est \u00e0 cr\u00e9er , mais aussi \u00e9viter les ponts thermiques. Demander \u00e0 un couvreur comp\u00e9tent, il vous r\u00e9pondra avec plus de pr\u00e9cision.<\/p>\n","protected":false},"excerpt":{"rendered":"<p>Depuis peu, l\u2019isolation thermique des b\u00e2timents est une affaire d\u2019experts. Celle-ci est encore plus compliqu\u00e9e en r\u00e9novation o\u00f9 l\u2019on distingue plusieurs configurations sp\u00e9cifiques. Les recommandations et l\u2019inspection d\u2019un professionnel s\u2019av\u00e8rent dans la plupart des cas n\u00e9cessaires. Toutefois, il est possible de pr\u00e9senter bri\u00e8vement deux cas o\u00f9 les isolants \u00e9cologiques sont mis en \u0153uvre. L\u2019isolation des [&hellip;]<\/p>\n","protected":false},"author":5,"featured_media":0,"comment_status":"open","ping_status":"open","sticky":false,"template":"","format":"standard","meta":{"footnotes":""},"categories":[5],"tags":[],"class_list":["post-2307","post","type-post","status-publish","format-standard","hentry","category-espace-pro"],"_wp_attached_file":null,"_wp_attachment_metadata":null,"_wp_attachment_context":null,"_wp_attachment_image_alt":null,"_hf_settings":null,"hf_message_success":null,"hf_message_invalid_email":null,"hf_message_required_field_missing":null,"hf_message_error":null,"_menu_item_type":null,"_menu_item_menu_item_parent":null,"_menu_item_object_id":null,"_menu_item_object":null,"_menu_item_target":null,"_menu_item_classes":null,"_menu_item_xfn":null,"_menu_item_url":null,"_yoast_wpseo_primary_category":null,"_thumbnail_id":null,"_oembed_26d84b2c06432105b0a19987ae029a71":null,"_oembed_43e9e2dfde1b9b4ed91c9711026b7ef9":null,"_oembed_1fe1564764edbddc3b61e81acf52be88":null,"_oembed_df60f474cd845141e7ce6596d101e4a0":null,"_oembed_825e674795e2435c0bc66eb08e5d2c8b":null,"_oembed_time_825e674795e2435c0bc66eb08e5d2c8b":null,"_oembed_e917352ff4cc21ea91383201eeaa08cf":null,"_oembed_2363c16c972791c33e283320dc564fce":null,"_oembed_cc9ad5b5073a84776f6a62e33e6c7498":null,"_oembed_time_cc9ad5b5073a84776f6a62e33e6c7498":null,"_oembed_305147fcf4b856de518466e695c209cd":null,"_oembed_8517a877084ae01a5296813ee1d16a2b":null,"_oembed_2741f1556b243e68379198f98ba7f864":null,"_oembed_c3ffa24981451396c950ece2129da0f6":null,"_oembed_6f9091ebe2f3f5fcb5698ba6f4b41477":null,"_wp_old_slug":null,"_oembed_e4fb0f68ba12b85e9e231afe151ba12a":null,"_oembed_3c60e98bd703e617e67f5bbb3b97424d":null,"_oembed_bb060374498dcf40cb6068efe4be87e1":null,"_oembed_d0403e1e71c3a29020bd546b159480f1":null,"_oembed_b030ff17fbbbf8661c59c2ab8ff289eb":null,"_oembed_5cec699ba0631c6c0e4ba4f6af5f228e":null,"_oembed_b06a67f278b90cf4e8dd17cb12fe67b0":null,"_oembed_8e190e4fea2256f17420434651556236":null,"_oembed_b5ded119f1337916a0fc64d2ad85c95f":null,"_oembed_d9364a7a81be31c01415da2c50a48932":null,"_oembed_738cafa36d51a58e5ae3e458aa8f7584":null,"_oembed_ebcab5184b6b321b28efbcbec079859b":null,"_oembed_3dd9e35c2b7b268070e74da5b89cf937":null,"_oembed_e14b167b493e311a1c4e2aab38a463e8":null,"_oembed_dc8f7d108b38f3f0c2e0785b8bc46cae":null,"_oembed_55cf1c5142884afed312c2666bf27520":null,"_oembed_2292333bf03a956b4b61afafeff6bca0":null,"_oembed_82a986a6b900856fec23169de03a0038":null,"_oembed_4048ded025352b83569104210074165a":null,"_oembed_033b42b1af757abc39e4487233cee7f5":null,"_oembed_aec1d50f2b159366be8e37e94b201be1":null,"_oembed_0adc8480b2fcadf9a1733f572ce3d3f8":null,"_yoast_wpseo_title":null,"_yoast_wpseo_focuskw":null,"_yoast_wpseo_linkdex":null,"_yoast_wpseo_metadesc":null,"_yoast_wpseo_wordproof_timestamp":null,"_tpl_archive_meta_key":null,"_form":null,"_mail":null,"_mail_2":null,"_messages":null,"_additional_settings":null,"_locale":null,"_wp_old_date":null,"_edit_last":"5","_wpb_vc_js_status":null,"_yoast_wpseo_estimated-reading-time-minutes":null,"_edit_lock":"1691095405:5","_yoast_wpseo_content_score":null,"yoast_head":"<!-- This site is optimized with the Yoast SEO plugin v24.3 - https:\/\/yoast.com\/wordpress\/plugins\/seo\/ -->\n<title>La toiture et l\u2019isolation \u00e9cologique - La Maison naturelle | Blog<\/title>\n<meta name=\"robots\" content=\"index, follow, max-snippet:-1, max-image-preview:large, max-video-preview:-1\" \/>\n<link rel=\"canonical\" href=\"https:\/\/www.la-maison-naturelle.com\/blog\/mie-la-toiture-et-lisolation-ecologique\/\" \/>\n<meta property=\"og:locale\" content=\"fr_FR\" \/>\n<meta property=\"og:type\" content=\"article\" \/>\n<meta property=\"og:title\" content=\"La toiture et l\u2019isolation \u00e9cologique - La Maison naturelle | Blog\" \/>\n<meta property=\"og:description\" content=\"Depuis peu, l\u2019isolation thermique des b\u00e2timents est une affaire d\u2019experts. Celle-ci est encore plus compliqu\u00e9e en r\u00e9novation o\u00f9 l\u2019on distingue plusieurs configurations sp\u00e9cifiques. Les recommandations et l\u2019inspection d\u2019un professionnel s\u2019av\u00e8rent dans la plupart des cas n\u00e9cessaires. Toutefois, il est possible de pr\u00e9senter bri\u00e8vement deux cas o\u00f9 les isolants \u00e9cologiques sont mis en \u0153uvre. L\u2019isolation des [&hellip;]\" \/>\n<meta property=\"og:url\" content=\"https:\/\/www.la-maison-naturelle.com\/blog\/mie-la-toiture-et-lisolation-ecologique\/\" \/>\n<meta property=\"og:site_name\" content=\"La Maison naturelle | Blog\" \/>\n<meta property=\"article:published_time\" content=\"2018-05-24T13:32:09+00:00\" \/>\n<meta property=\"article:modified_time\" content=\"2023-08-03T20:43:24+00:00\" \/>\n<meta name=\"author\" content=\"Eloise\" \/>\n<meta name=\"twitter:card\" content=\"summary_large_image\" \/>\n<meta name=\"twitter:label1\" content=\"\u00c9crit par\" \/>\n\t<meta name=\"twitter:data1\" content=\"Eloise\" \/>\n\t<meta name=\"twitter:label2\" content=\"Dur\u00e9e de lecture estim\u00e9e\" \/>\n\t<meta name=\"twitter:data2\" content=\"2 minutes\" \/>\n<script type=\"application\/ld+json\" class=\"yoast-schema-graph\">{\"@context\":\"https:\/\/schema.org\",\"@graph\":[{\"@type\":\"Article\",\"@id\":\"https:\/\/www.la-maison-naturelle.com\/blog\/mie-la-toiture-et-lisolation-ecologique\/#article\",\"isPartOf\":{\"@id\":\"https:\/\/www.la-maison-naturelle.com\/blog\/mie-la-toiture-et-lisolation-ecologique\/\"},\"author\":{\"name\":\"Eloise\",\"@id\":\"https:\/\/www.la-maison-naturelle.com\/blog\/#\/schema\/person\/cad2a9ed80410189f0688441d546d43f\"},\"headline\":\"La toiture et l\u2019isolation \u00e9cologique\",\"datePublished\":\"2018-05-24T13:32:09+00:00\",\"dateModified\":\"2023-08-03T20:43:24+00:00\",\"mainEntityOfPage\":{\"@id\":\"https:\/\/www.la-maison-naturelle.com\/blog\/mie-la-toiture-et-lisolation-ecologique\/\"},\"wordCount\":337,\"commentCount\":0,\"publisher\":{\"@id\":\"https:\/\/www.la-maison-naturelle.com\/blog\/#organization\"},\"articleSection\":[\"Espace pro\"],\"inLanguage\":\"fr-FR\",\"potentialAction\":[{\"@type\":\"CommentAction\",\"name\":\"Comment\",\"target\":[\"https:\/\/www.la-maison-naturelle.com\/blog\/mie-la-toiture-et-lisolation-ecologique\/#respond\"]}]},{\"@type\":\"WebPage\",\"@id\":\"https:\/\/www.la-maison-naturelle.com\/blog\/mie-la-toiture-et-lisolation-ecologique\/\",\"url\":\"https:\/\/www.la-maison-naturelle.com\/blog\/mie-la-toiture-et-lisolation-ecologique\/\",\"name\":\"La toiture et l\u2019isolation \u00e9cologique - La Maison naturelle | Blog\",\"isPartOf\":{\"@id\":\"https:\/\/www.la-maison-naturelle.com\/blog\/#website\"},\"datePublished\":\"2018-05-24T13:32:09+00:00\",\"dateModified\":\"2023-08-03T20:43:24+00:00\",\"breadcrumb\":{\"@id\":\"https:\/\/www.la-maison-naturelle.com\/blog\/mie-la-toiture-et-lisolation-ecologique\/#breadcrumb\"},\"inLanguage\":\"fr-FR\",\"potentialAction\":[{\"@type\":\"ReadAction\",\"target\":[\"https:\/\/www.la-maison-naturelle.com\/blog\/mie-la-toiture-et-lisolation-ecologique\/\"]}]},{\"@type\":\"BreadcrumbList\",\"@id\":\"https:\/\/www.la-maison-naturelle.com\/blog\/mie-la-toiture-et-lisolation-ecologique\/#breadcrumb\",\"itemListElement\":[{\"@type\":\"ListItem\",\"position\":1,\"name\":\"Accueil\",\"item\":\"https:\/\/www.la-maison-naturelle.com\/blog\/\"},{\"@type\":\"ListItem\",\"position\":2,\"name\":\"La toiture et l\u2019isolation \u00e9cologique\"}]},{\"@type\":\"WebSite\",\"@id\":\"https:\/\/www.la-maison-naturelle.com\/blog\/#website\",\"url\":\"https:\/\/www.la-maison-naturelle.com\/blog\/\",\"name\":\"La Maison naturelle | Blog\",\"description\":\"Blog de la Maison naturelle\",\"publisher\":{\"@id\":\"https:\/\/www.la-maison-naturelle.com\/blog\/#organization\"},\"potentialAction\":[{\"@type\":\"SearchAction\",\"target\":{\"@type\":\"EntryPoint\",\"urlTemplate\":\"https:\/\/www.la-maison-naturelle.com\/blog\/?s={search_term_string}\"},\"query-input\":{\"@type\":\"PropertyValueSpecification\",\"valueRequired\":true,\"valueName\":\"search_term_string\"}}],\"inLanguage\":\"fr-FR\"},{\"@type\":\"Organization\",\"@id\":\"https:\/\/www.la-maison-naturelle.com\/blog\/#organization\",\"name\":\"La Maison naturelle | Blog\",\"url\":\"https:\/\/www.la-maison-naturelle.com\/blog\/\",\"logo\":{\"@type\":\"ImageObject\",\"inLanguage\":\"fr-FR\",\"@id\":\"https:\/\/www.la-maison-naturelle.com\/blog\/#\/schema\/logo\/image\/\",\"url\":\"https:\/\/www.la-maison-naturelle.com\/blog\/wp-content\/uploads\/2021\/07\/maison-naturelle-logo.svg\",\"contentUrl\":\"https:\/\/www.la-maison-naturelle.com\/blog\/wp-content\/uploads\/2021\/07\/maison-naturelle-logo.svg\",\"width\":156,\"height\":64,\"caption\":\"La Maison naturelle | Blog\"},\"image\":{\"@id\":\"https:\/\/www.la-maison-naturelle.com\/blog\/#\/schema\/logo\/image\/\"}},{\"@type\":\"Person\",\"@id\":\"https:\/\/www.la-maison-naturelle.com\/blog\/#\/schema\/person\/cad2a9ed80410189f0688441d546d43f\",\"name\":\"Eloise\",\"image\":{\"@type\":\"ImageObject\",\"inLanguage\":\"fr-FR\",\"@id\":\"https:\/\/www.la-maison-naturelle.com\/blog\/#\/schema\/person\/image\/\",\"url\":\"https:\/\/secure.gravatar.com\/avatar\/344186806f5e8613d4a2109f3b0228a847a7c0858a8023778c44bdcfc1111df9?s=96&d=mm&r=g\",\"contentUrl\":\"https:\/\/secure.gravatar.com\/avatar\/344186806f5e8613d4a2109f3b0228a847a7c0858a8023778c44bdcfc1111df9?s=96&d=mm&r=g\",\"caption\":\"Eloise\"},\"sameAs\":[\"https:\/\/www.la-maison-naturelle.com\/\"],\"url\":\"https:\/\/www.la-maison-naturelle.com\/blog\/author\/idries\/\"}]}<\/script>\n<!-- \/ Yoast SEO plugin. -->","yoast_head_json":{"title":"La toiture et l\u2019isolation \u00e9cologique - La Maison naturelle | Blog","robots":{"index":"index","follow":"follow","max-snippet":"max-snippet:-1","max-image-preview":"max-image-preview:large","max-video-preview":"max-video-preview:-1"},"canonical":"https:\/\/www.la-maison-naturelle.com\/blog\/mie-la-toiture-et-lisolation-ecologique\/","og_locale":"fr_FR","og_type":"article","og_title":"La toiture et l\u2019isolation \u00e9cologique - La Maison naturelle | Blog","og_description":"Depuis peu, l\u2019isolation thermique des b\u00e2timents est une affaire d\u2019experts. Celle-ci est encore plus compliqu\u00e9e en r\u00e9novation o\u00f9 l\u2019on distingue plusieurs configurations sp\u00e9cifiques. Les recommandations et l\u2019inspection d\u2019un professionnel s\u2019av\u00e8rent dans la plupart des cas n\u00e9cessaires. Toutefois, il est possible de pr\u00e9senter bri\u00e8vement deux cas o\u00f9 les isolants \u00e9cologiques sont mis en \u0153uvre. L\u2019isolation des [&hellip;]","og_url":"https:\/\/www.la-maison-naturelle.com\/blog\/mie-la-toiture-et-lisolation-ecologique\/","og_site_name":"La Maison naturelle | Blog","article_published_time":"2018-05-24T13:32:09+00:00","article_modified_time":"2023-08-03T20:43:24+00:00","author":"Eloise","twitter_card":"summary_large_image","twitter_misc":{"\u00c9crit par":"Eloise","Dur\u00e9e de lecture estim\u00e9e":"2 minutes"},"schema":{"@context":"https:\/\/schema.org","@graph":[{"@type":"Article","@id":"https:\/\/www.la-maison-naturelle.com\/blog\/mie-la-toiture-et-lisolation-ecologique\/#article","isPartOf":{"@id":"https:\/\/www.la-maison-naturelle.com\/blog\/mie-la-toiture-et-lisolation-ecologique\/"},"author":{"name":"Eloise","@id":"https:\/\/www.la-maison-naturelle.com\/blog\/#\/schema\/person\/cad2a9ed80410189f0688441d546d43f"},"headline":"La toiture et l\u2019isolation \u00e9cologique","datePublished":"2018-05-24T13:32:09+00:00","dateModified":"2023-08-03T20:43:24+00:00","mainEntityOfPage":{"@id":"https:\/\/www.la-maison-naturelle.com\/blog\/mie-la-toiture-et-lisolation-ecologique\/"},"wordCount":337,"commentCount":0,"publisher":{"@id":"https:\/\/www.la-maison-naturelle.com\/blog\/#organization"},"articleSection":["Espace pro"],"inLanguage":"fr-FR","potentialAction":[{"@type":"CommentAction","name":"Comment","target":["https:\/\/www.la-maison-naturelle.com\/blog\/mie-la-toiture-et-lisolation-ecologique\/#respond"]}]},{"@type":"WebPage","@id":"https:\/\/www.la-maison-naturelle.com\/blog\/mie-la-toiture-et-lisolation-ecologique\/","url":"https:\/\/www.la-maison-naturelle.com\/blog\/mie-la-toiture-et-lisolation-ecologique\/","name":"La toiture et l\u2019isolation \u00e9cologique - La Maison naturelle | Blog","isPartOf":{"@id":"https:\/\/www.la-maison-naturelle.com\/blog\/#website"},"datePublished":"2018-05-24T13:32:09+00:00","dateModified":"2023-08-03T20:43:24+00:00","breadcrumb":{"@id":"https:\/\/www.la-maison-naturelle.com\/blog\/mie-la-toiture-et-lisolation-ecologique\/#breadcrumb"},"inLanguage":"fr-FR","potentialAction":[{"@type":"ReadAction","target":["https:\/\/www.la-maison-naturelle.com\/blog\/mie-la-toiture-et-lisolation-ecologique\/"]}]},{"@type":"BreadcrumbList","@id":"https:\/\/www.la-maison-naturelle.com\/blog\/mie-la-toiture-et-lisolation-ecologique\/#breadcrumb","itemListElement":[{"@type":"ListItem","position":1,"name":"Accueil","item":"https:\/\/www.la-maison-naturelle.com\/blog\/"},{"@type":"ListItem","position":2,"name":"La toiture et l\u2019isolation \u00e9cologique"}]},{"@type":"WebSite","@id":"https:\/\/www.la-maison-naturelle.com\/blog\/#website","url":"https:\/\/www.la-maison-naturelle.com\/blog\/","name":"La Maison naturelle | Blog","description":"Blog de la Maison naturelle","publisher":{"@id":"https:\/\/www.la-maison-naturelle.com\/blog\/#organization"},"potentialAction":[{"@type":"SearchAction","target":{"@type":"EntryPoint","urlTemplate":"https:\/\/www.la-maison-naturelle.com\/blog\/?s={search_term_string}"},"query-input":{"@type":"PropertyValueSpecification","valueRequired":true,"valueName":"search_term_string"}}],"inLanguage":"fr-FR"},{"@type":"Organization","@id":"https:\/\/www.la-maison-naturelle.com\/blog\/#organization","name":"La Maison naturelle | Blog","url":"https:\/\/www.la-maison-naturelle.com\/blog\/","logo":{"@type":"ImageObject","inLanguage":"fr-FR","@id":"https:\/\/www.la-maison-naturelle.com\/blog\/#\/schema\/logo\/image\/","url":"https:\/\/www.la-maison-naturelle.com\/blog\/wp-content\/uploads\/2021\/07\/maison-naturelle-logo.svg","contentUrl":"https:\/\/www.la-maison-naturelle.com\/blog\/wp-content\/uploads\/2021\/07\/maison-naturelle-logo.svg","width":156,"height":64,"caption":"La Maison naturelle | Blog"},"image":{"@id":"https:\/\/www.la-maison-naturelle.com\/blog\/#\/schema\/logo\/image\/"}},{"@type":"Person","@id":"https:\/\/www.la-maison-naturelle.com\/blog\/#\/schema\/person\/cad2a9ed80410189f0688441d546d43f","name":"Eloise","image":{"@type":"ImageObject","inLanguage":"fr-FR","@id":"https:\/\/www.la-maison-naturelle.com\/blog\/#\/schema\/person\/image\/","url":"https:\/\/secure.gravatar.com\/avatar\/344186806f5e8613d4a2109f3b0228a847a7c0858a8023778c44bdcfc1111df9?s=96&d=mm&r=g","contentUrl":"https:\/\/secure.gravatar.com\/avatar\/344186806f5e8613d4a2109f3b0228a847a7c0858a8023778c44bdcfc1111df9?s=96&d=mm&r=g","caption":"Eloise"},"sameAs":["https:\/\/www.la-maison-naturelle.com\/"],"url":"https:\/\/www.la-maison-naturelle.com\/blog\/author\/idries\/"}]}},"_links":{"self":[{"href":"https:\/\/www.la-maison-naturelle.com\/blog\/wp-json\/wp\/v2\/posts\/2307","targetHints":{"allow":["GET"]}}],"collection":[{"href":"https:\/\/www.la-maison-naturelle.com\/blog\/wp-json\/wp\/v2\/posts"}],"about":[{"href":"https:\/\/www.la-maison-naturelle.com\/blog\/wp-json\/wp\/v2\/types\/post"}],"author":[{"embeddable":true,"href":"https:\/\/www.la-maison-naturelle.com\/blog\/wp-json\/wp\/v2\/users\/5"}],"replies":[{"embeddable":true,"href":"https:\/\/www.la-maison-naturelle.com\/blog\/wp-json\/wp\/v2\/comments?post=2307"}],"version-history":[{"count":2,"href":"https:\/\/www.la-maison-naturelle.com\/blog\/wp-json\/wp\/v2\/posts\/2307\/revisions"}],"predecessor-version":[{"id":5452,"href":"https:\/\/www.la-maison-naturelle.com\/blog\/wp-json\/wp\/v2\/posts\/2307\/revisions\/5452"}],"wp:attachment":[{"href":"https:\/\/www.la-maison-naturelle.com\/blog\/wp-json\/wp\/v2\/media?parent=2307"}],"wp:term":[{"taxonomy":"category","embeddable":true,"href":"https:\/\/www.la-maison-naturelle.com\/blog\/wp-json\/wp\/v2\/categories?post=2307"},{"taxonomy":"post_tag","embeddable":true,"href":"https:\/\/www.la-maison-naturelle.com\/blog\/wp-json\/wp\/v2\/tags?post=2307"}],"curies":[{"name":"wp","href":"https:\/\/api.w.org\/{rel}","templated":true}]}}