{"id":2299,"date":"2018-05-24T15:08:12","date_gmt":"2018-05-24T13:08:12","guid":{"rendered":"https:\/\/www.la-maison-naturelle.com\/blog\/?p=2299"},"modified":"2023-08-03T22:43:14","modified_gmt":"2023-08-03T20:43:14","slug":"optimisez-votre-isolation-en-changeant-vos-doubles-vitrages","status":"publish","type":"post","link":"https:\/\/www.la-maison-naturelle.com\/blog\/optimisez-votre-isolation-en-changeant-vos-doubles-vitrages\/","title":{"rendered":"Optimisez votre isolation en changeant vos doubles vitrages\u00a0!"},"content":{"rendered":"<p><em>Il est important de changer un double vitrage apr\u00e8s quelques ann\u00e9es d\u2019utilisation, car l&rsquo;isolation n\u2019est plus performante. Vous gagnerez facilement quelques degr\u00e9s suppl\u00e9mentaires dans votre habitation. De quoi diminuer sensiblement votre facture \u00e9nerg\u00e9tique\u2026 <\/em><\/p>\n<p>La technologie en mati\u00e8re de double vitrage est en continuelle progression. Il est n\u00e9cessaire de le changer tous les 15 ans pour que l&rsquo;isolation de la maison soit optimale. M\u00eame si vos fen\u00eatres ne sont pas ab\u00eem\u00e9es, le vitrage, lui, accuse le coup. En effet, la saturation du dessiccatif engendre des bu\u00e9es entre les deux glaces.<\/p>\n<p>Pour pallier ce probl\u00e8me, inutile de changer les fen\u00eatres. Il est tr\u00e8s facile de changer uniquement le vitrage si la menuiserie est en alu ou en PVC. Les encadrements en bois sont la plupart du temps difficilement d\u00e9montables et requi\u00e8rent l\u2019intervention d\u2019un sp\u00e9cialiste.<\/p>\n<h2>Comment savoir si son double vitrage est \u00e0 remplacer\u00a0?<\/h2>\n<p>Avant de commencer les travaux , il faut vous assurer que la menuiserie est en bon \u00e9tat et v\u00e9rifier que les vitres actuelles ne sont pas facilement \u00e9missives. Pour le savoir, il vous suffit de prendre un briquet ou une bougie et d\u2019approcher la flamme devant la vitre. Vous obtiendrez alors 4 reflets de flamme. Les reflets ont la m\u00eame couleur, le double vitrage est \u00e0 remplacer. Les reflets n\u2019ont pas la m\u00eame teinte, votre vitrage est en bon \u00e9tat.<\/p>\n<p>Il faut aussi que les fen\u00eatres soient assez \u00e9paisses pour que les vitres soient parfaitement isolantes. C&rsquo;est le cas des vitres\u00a0 =\u00a0\u00bbfont-family: Arial, serif;\u00a0\u00bb&gt;&gt;4\/12\/4 qui permettent d\u2019ailleurs de b\u00e9n\u00e9ficier d&rsquo;un cr\u00e9dit d&rsquo;imp\u00f4t.<\/p>\n<p>Il faut aussi que le cadre soit dot\u00e9 d&rsquo;une excellente capacit\u00e9 d&rsquo;isolation ; celui en alu sans rupture de pont thermique laisse passer beaucoup d&rsquo;\u00e9nergie. Si vous \u00eates dans ce cas-l\u00e0, nous vous conseillons de changer l\u2019int\u00e9gralit\u00e9 de la fen\u00eatre.<\/p>\n<h2>3 \u00e9tapes cl\u00e9s pour poser vos doubles vitrages<\/h2>\n<h4>1<sup>\u00e8re<\/sup> \u00e9tape<\/h4>\n<p>Posez le nouveau double vitrage. Pour cela, il est n\u00e9cessaire d&rsquo;utiliser des joints d&rsquo;\u00e9tanch\u00e9it\u00e9. Il est \u00e9galement important de conna\u00eetre le sens de pose des doubles vitrages. Toutefois, un autocollant indique l&rsquo;ext\u00e9rieur.<\/p>\n<h4>2<sup>\u00e8me<\/sup> \u00e9tape<\/h4>\n<p>Fixez le double vitrage. Vous devez \u00eatre tr\u00e8s pr\u00e9cis lorsque vous remplacez les cales. Vous devez alors clipser les parcloses en commen\u00e7ant sur les c\u00f4t\u00e9s et les placer dans l&rsquo;ordre invers\u00e9.<\/p>\n<h4>3<sup>\u00e8me<\/sup> \u00e9tape<\/h4>\n<p>Tapez doucement de mani\u00e8re continue sur le double vitrage. Pour les cadres d&rsquo;une taille assez cons\u00e9quente, il est n\u00e9cessaire de mettre des cales provisoires entre l&rsquo;ouvrant et le dormant pour qu&rsquo;il n&rsquo;y ait pas de d\u00e9formation. G\u00e9n\u00e9ralement, les principales cales sont plac\u00e9es du c\u00f4t\u00e9 de la charni\u00e8re en partie basse \u00e0 l&rsquo;oppos\u00e9 de la charni\u00e8re en partie haute pour qu&rsquo;il n&rsquo;y ait pas d&rsquo;affaissement du cadre. En effet, il est possible que celui-ci entra\u00eene des frottements sur le dormant pendant son ouverture et sa fermeture.<\/p>\n<p>Vous souhaitez remplacer vos doubles vitrages mais vous n\u2019avez pas l\u2019\u00e2me d\u2019un bricoleur ? N\u2019h\u00e9sitez pas \u00e0 faire appel \u00e0 des professionnels. Eux seuls sont \u00e0 m\u00eame de vous conseiller et d\u2019apporter les solutions les plus adapt\u00e9es \u00e0 vos projets.<\/p>\n","protected":false},"excerpt":{"rendered":"<p>Il est important de changer un double vitrage apr\u00e8s quelques ann\u00e9es d\u2019utilisation, car l&rsquo;isolation n\u2019est plus performante. Vous gagnerez facilement quelques degr\u00e9s suppl\u00e9mentaires dans votre habitation. De quoi diminuer sensiblement votre facture \u00e9nerg\u00e9tique\u2026 La technologie en mati\u00e8re de double vitrage est en continuelle progression. Il est n\u00e9cessaire de le changer tous les 15 ans pour [&hellip;]<\/p>\n","protected":false},"author":5,"featured_media":0,"comment_status":"open","ping_status":"open","sticky":false,"template":"","format":"standard","meta":{"footnotes":""},"categories":[6],"tags":[],"class_list":["post-2299","post","type-post","status-publish","format-standard","hentry","category-les-dossiers"],"_wp_attached_file":null,"_wp_attachment_metadata":null,"_wp_attachment_context":null,"_wp_attachment_image_alt":null,"_hf_settings":null,"hf_message_success":null,"hf_message_invalid_email":null,"hf_message_required_field_missing":null,"hf_message_error":null,"_menu_item_type":null,"_menu_item_menu_item_parent":null,"_menu_item_object_id":null,"_menu_item_object":null,"_menu_item_target":null,"_menu_item_classes":null,"_menu_item_xfn":null,"_menu_item_url":null,"_yoast_wpseo_primary_category":"6","_thumbnail_id":null,"_oembed_26d84b2c06432105b0a19987ae029a71":null,"_oembed_43e9e2dfde1b9b4ed91c9711026b7ef9":null,"_oembed_1fe1564764edbddc3b61e81acf52be88":null,"_oembed_df60f474cd845141e7ce6596d101e4a0":null,"_oembed_825e674795e2435c0bc66eb08e5d2c8b":null,"_oembed_time_825e674795e2435c0bc66eb08e5d2c8b":null,"_oembed_e917352ff4cc21ea91383201eeaa08cf":null,"_oembed_2363c16c972791c33e283320dc564fce":null,"_oembed_cc9ad5b5073a84776f6a62e33e6c7498":null,"_oembed_time_cc9ad5b5073a84776f6a62e33e6c7498":null,"_oembed_305147fcf4b856de518466e695c209cd":null,"_oembed_8517a877084ae01a5296813ee1d16a2b":null,"_oembed_2741f1556b243e68379198f98ba7f864":null,"_oembed_c3ffa24981451396c950ece2129da0f6":null,"_oembed_6f9091ebe2f3f5fcb5698ba6f4b41477":null,"_wp_old_slug":null,"_oembed_e4fb0f68ba12b85e9e231afe151ba12a":null,"_oembed_3c60e98bd703e617e67f5bbb3b97424d":null,"_oembed_bb060374498dcf40cb6068efe4be87e1":null,"_oembed_d0403e1e71c3a29020bd546b159480f1":null,"_oembed_b030ff17fbbbf8661c59c2ab8ff289eb":null,"_oembed_5cec699ba0631c6c0e4ba4f6af5f228e":null,"_oembed_b06a67f278b90cf4e8dd17cb12fe67b0":null,"_oembed_8e190e4fea2256f17420434651556236":null,"_oembed_b5ded119f1337916a0fc64d2ad85c95f":null,"_oembed_d9364a7a81be31c01415da2c50a48932":null,"_oembed_738cafa36d51a58e5ae3e458aa8f7584":null,"_oembed_ebcab5184b6b321b28efbcbec079859b":null,"_oembed_3dd9e35c2b7b268070e74da5b89cf937":null,"_oembed_e14b167b493e311a1c4e2aab38a463e8":null,"_oembed_dc8f7d108b38f3f0c2e0785b8bc46cae":null,"_oembed_55cf1c5142884afed312c2666bf27520":null,"_oembed_2292333bf03a956b4b61afafeff6bca0":null,"_oembed_82a986a6b900856fec23169de03a0038":null,"_oembed_4048ded025352b83569104210074165a":null,"_oembed_033b42b1af757abc39e4487233cee7f5":null,"_oembed_aec1d50f2b159366be8e37e94b201be1":null,"_oembed_0adc8480b2fcadf9a1733f572ce3d3f8":null,"_yoast_wpseo_title":null,"_yoast_wpseo_focuskw":null,"_yoast_wpseo_linkdex":null,"_yoast_wpseo_metadesc":null,"_yoast_wpseo_wordproof_timestamp":null,"_tpl_archive_meta_key":null,"_form":null,"_mail":null,"_mail_2":null,"_messages":null,"_additional_settings":null,"_locale":null,"_wp_old_date":null,"_edit_last":"5","_wpb_vc_js_status":"false","_yoast_wpseo_estimated-reading-time-minutes":"3","_edit_lock":"1691095396:5","_yoast_wpseo_content_score":"90","yoast_head":"<!-- This site is optimized with the Yoast SEO plugin v24.3 - https:\/\/yoast.com\/wordpress\/plugins\/seo\/ -->\n<title>Optimisez votre isolation en changeant vos doubles vitrages\u00a0! - La Maison naturelle | Blog<\/title>\n<meta name=\"robots\" content=\"index, follow, max-snippet:-1, max-image-preview:large, max-video-preview:-1\" \/>\n<link rel=\"canonical\" href=\"https:\/\/www.la-maison-naturelle.com\/blog\/optimisez-votre-isolation-en-changeant-vos-doubles-vitrages\/\" \/>\n<meta property=\"og:locale\" content=\"fr_FR\" \/>\n<meta property=\"og:type\" content=\"article\" \/>\n<meta property=\"og:title\" content=\"Optimisez votre isolation en changeant vos doubles vitrages\u00a0! - La Maison naturelle | Blog\" \/>\n<meta property=\"og:description\" content=\"Il est important de changer un double vitrage apr\u00e8s quelques ann\u00e9es d\u2019utilisation, car l&rsquo;isolation n\u2019est plus performante. Vous gagnerez facilement quelques degr\u00e9s suppl\u00e9mentaires dans votre habitation. De quoi diminuer sensiblement votre facture \u00e9nerg\u00e9tique\u2026 La technologie en mati\u00e8re de double vitrage est en continuelle progression. Il est n\u00e9cessaire de le changer tous les 15 ans pour [&hellip;]\" \/>\n<meta property=\"og:url\" content=\"https:\/\/www.la-maison-naturelle.com\/blog\/optimisez-votre-isolation-en-changeant-vos-doubles-vitrages\/\" \/>\n<meta property=\"og:site_name\" content=\"La Maison naturelle | Blog\" \/>\n<meta property=\"article:published_time\" content=\"2018-05-24T13:08:12+00:00\" \/>\n<meta property=\"article:modified_time\" content=\"2023-08-03T20:43:14+00:00\" \/>\n<meta name=\"author\" content=\"Eloise\" \/>\n<meta name=\"twitter:card\" content=\"summary_large_image\" \/>\n<meta name=\"twitter:label1\" content=\"\u00c9crit par\" \/>\n\t<meta name=\"twitter:data1\" content=\"Eloise\" \/>\n\t<meta name=\"twitter:label2\" content=\"Dur\u00e9e de lecture estim\u00e9e\" \/>\n\t<meta name=\"twitter:data2\" content=\"3 minutes\" \/>\n<script type=\"application\/ld+json\" class=\"yoast-schema-graph\">{\"@context\":\"https:\/\/schema.org\",\"@graph\":[{\"@type\":\"Article\",\"@id\":\"https:\/\/www.la-maison-naturelle.com\/blog\/optimisez-votre-isolation-en-changeant-vos-doubles-vitrages\/#article\",\"isPartOf\":{\"@id\":\"https:\/\/www.la-maison-naturelle.com\/blog\/optimisez-votre-isolation-en-changeant-vos-doubles-vitrages\/\"},\"author\":{\"name\":\"Eloise\",\"@id\":\"https:\/\/www.la-maison-naturelle.com\/blog\/#\/schema\/person\/cad2a9ed80410189f0688441d546d43f\"},\"headline\":\"Optimisez votre isolation en changeant vos doubles vitrages\u00a0!\",\"datePublished\":\"2018-05-24T13:08:12+00:00\",\"dateModified\":\"2023-08-03T20:43:14+00:00\",\"mainEntityOfPage\":{\"@id\":\"https:\/\/www.la-maison-naturelle.com\/blog\/optimisez-votre-isolation-en-changeant-vos-doubles-vitrages\/\"},\"wordCount\":559,\"commentCount\":0,\"publisher\":{\"@id\":\"https:\/\/www.la-maison-naturelle.com\/blog\/#organization\"},\"articleSection\":[\"Les dossiers\"],\"inLanguage\":\"fr-FR\",\"potentialAction\":[{\"@type\":\"CommentAction\",\"name\":\"Comment\",\"target\":[\"https:\/\/www.la-maison-naturelle.com\/blog\/optimisez-votre-isolation-en-changeant-vos-doubles-vitrages\/#respond\"]}]},{\"@type\":\"WebPage\",\"@id\":\"https:\/\/www.la-maison-naturelle.com\/blog\/optimisez-votre-isolation-en-changeant-vos-doubles-vitrages\/\",\"url\":\"https:\/\/www.la-maison-naturelle.com\/blog\/optimisez-votre-isolation-en-changeant-vos-doubles-vitrages\/\",\"name\":\"Optimisez votre isolation en changeant vos doubles vitrages\u00a0! - La Maison naturelle | Blog\",\"isPartOf\":{\"@id\":\"https:\/\/www.la-maison-naturelle.com\/blog\/#website\"},\"datePublished\":\"2018-05-24T13:08:12+00:00\",\"dateModified\":\"2023-08-03T20:43:14+00:00\",\"breadcrumb\":{\"@id\":\"https:\/\/www.la-maison-naturelle.com\/blog\/optimisez-votre-isolation-en-changeant-vos-doubles-vitrages\/#breadcrumb\"},\"inLanguage\":\"fr-FR\",\"potentialAction\":[{\"@type\":\"ReadAction\",\"target\":[\"https:\/\/www.la-maison-naturelle.com\/blog\/optimisez-votre-isolation-en-changeant-vos-doubles-vitrages\/\"]}]},{\"@type\":\"BreadcrumbList\",\"@id\":\"https:\/\/www.la-maison-naturelle.com\/blog\/optimisez-votre-isolation-en-changeant-vos-doubles-vitrages\/#breadcrumb\",\"itemListElement\":[{\"@type\":\"ListItem\",\"position\":1,\"name\":\"Accueil\",\"item\":\"https:\/\/www.la-maison-naturelle.com\/blog\/\"},{\"@type\":\"ListItem\",\"position\":2,\"name\":\"Optimisez votre isolation en changeant vos doubles vitrages\u00a0!\"}]},{\"@type\":\"WebSite\",\"@id\":\"https:\/\/www.la-maison-naturelle.com\/blog\/#website\",\"url\":\"https:\/\/www.la-maison-naturelle.com\/blog\/\",\"name\":\"La Maison naturelle | Blog\",\"description\":\"Blog de la Maison naturelle\",\"publisher\":{\"@id\":\"https:\/\/www.la-maison-naturelle.com\/blog\/#organization\"},\"potentialAction\":[{\"@type\":\"SearchAction\",\"target\":{\"@type\":\"EntryPoint\",\"urlTemplate\":\"https:\/\/www.la-maison-naturelle.com\/blog\/?s={search_term_string}\"},\"query-input\":{\"@type\":\"PropertyValueSpecification\",\"valueRequired\":true,\"valueName\":\"search_term_string\"}}],\"inLanguage\":\"fr-FR\"},{\"@type\":\"Organization\",\"@id\":\"https:\/\/www.la-maison-naturelle.com\/blog\/#organization\",\"name\":\"La Maison naturelle | Blog\",\"url\":\"https:\/\/www.la-maison-naturelle.com\/blog\/\",\"logo\":{\"@type\":\"ImageObject\",\"inLanguage\":\"fr-FR\",\"@id\":\"https:\/\/www.la-maison-naturelle.com\/blog\/#\/schema\/logo\/image\/\",\"url\":\"https:\/\/www.la-maison-naturelle.com\/blog\/wp-content\/uploads\/2021\/07\/maison-naturelle-logo.svg\",\"contentUrl\":\"https:\/\/www.la-maison-naturelle.com\/blog\/wp-content\/uploads\/2021\/07\/maison-naturelle-logo.svg\",\"width\":156,\"height\":64,\"caption\":\"La Maison naturelle | Blog\"},\"image\":{\"@id\":\"https:\/\/www.la-maison-naturelle.com\/blog\/#\/schema\/logo\/image\/\"}},{\"@type\":\"Person\",\"@id\":\"https:\/\/www.la-maison-naturelle.com\/blog\/#\/schema\/person\/cad2a9ed80410189f0688441d546d43f\",\"name\":\"Eloise\",\"image\":{\"@type\":\"ImageObject\",\"inLanguage\":\"fr-FR\",\"@id\":\"https:\/\/www.la-maison-naturelle.com\/blog\/#\/schema\/person\/image\/\",\"url\":\"https:\/\/secure.gravatar.com\/avatar\/344186806f5e8613d4a2109f3b0228a847a7c0858a8023778c44bdcfc1111df9?s=96&d=mm&r=g\",\"contentUrl\":\"https:\/\/secure.gravatar.com\/avatar\/344186806f5e8613d4a2109f3b0228a847a7c0858a8023778c44bdcfc1111df9?s=96&d=mm&r=g\",\"caption\":\"Eloise\"},\"sameAs\":[\"https:\/\/www.la-maison-naturelle.com\/\"],\"url\":\"https:\/\/www.la-maison-naturelle.com\/blog\/author\/idries\/\"}]}<\/script>\n<!-- \/ Yoast SEO plugin. -->","yoast_head_json":{"title":"Optimisez votre isolation en changeant vos doubles vitrages\u00a0! - La Maison naturelle | Blog","robots":{"index":"index","follow":"follow","max-snippet":"max-snippet:-1","max-image-preview":"max-image-preview:large","max-video-preview":"max-video-preview:-1"},"canonical":"https:\/\/www.la-maison-naturelle.com\/blog\/optimisez-votre-isolation-en-changeant-vos-doubles-vitrages\/","og_locale":"fr_FR","og_type":"article","og_title":"Optimisez votre isolation en changeant vos doubles vitrages\u00a0! - La Maison naturelle | Blog","og_description":"Il est important de changer un double vitrage apr\u00e8s quelques ann\u00e9es d\u2019utilisation, car l&rsquo;isolation n\u2019est plus performante. Vous gagnerez facilement quelques degr\u00e9s suppl\u00e9mentaires dans votre habitation. De quoi diminuer sensiblement votre facture \u00e9nerg\u00e9tique\u2026 La technologie en mati\u00e8re de double vitrage est en continuelle progression. Il est n\u00e9cessaire de le changer tous les 15 ans pour [&hellip;]","og_url":"https:\/\/www.la-maison-naturelle.com\/blog\/optimisez-votre-isolation-en-changeant-vos-doubles-vitrages\/","og_site_name":"La Maison naturelle | Blog","article_published_time":"2018-05-24T13:08:12+00:00","article_modified_time":"2023-08-03T20:43:14+00:00","author":"Eloise","twitter_card":"summary_large_image","twitter_misc":{"\u00c9crit par":"Eloise","Dur\u00e9e de lecture estim\u00e9e":"3 minutes"},"schema":{"@context":"https:\/\/schema.org","@graph":[{"@type":"Article","@id":"https:\/\/www.la-maison-naturelle.com\/blog\/optimisez-votre-isolation-en-changeant-vos-doubles-vitrages\/#article","isPartOf":{"@id":"https:\/\/www.la-maison-naturelle.com\/blog\/optimisez-votre-isolation-en-changeant-vos-doubles-vitrages\/"},"author":{"name":"Eloise","@id":"https:\/\/www.la-maison-naturelle.com\/blog\/#\/schema\/person\/cad2a9ed80410189f0688441d546d43f"},"headline":"Optimisez votre isolation en changeant vos doubles vitrages\u00a0!","datePublished":"2018-05-24T13:08:12+00:00","dateModified":"2023-08-03T20:43:14+00:00","mainEntityOfPage":{"@id":"https:\/\/www.la-maison-naturelle.com\/blog\/optimisez-votre-isolation-en-changeant-vos-doubles-vitrages\/"},"wordCount":559,"commentCount":0,"publisher":{"@id":"https:\/\/www.la-maison-naturelle.com\/blog\/#organization"},"articleSection":["Les dossiers"],"inLanguage":"fr-FR","potentialAction":[{"@type":"CommentAction","name":"Comment","target":["https:\/\/www.la-maison-naturelle.com\/blog\/optimisez-votre-isolation-en-changeant-vos-doubles-vitrages\/#respond"]}]},{"@type":"WebPage","@id":"https:\/\/www.la-maison-naturelle.com\/blog\/optimisez-votre-isolation-en-changeant-vos-doubles-vitrages\/","url":"https:\/\/www.la-maison-naturelle.com\/blog\/optimisez-votre-isolation-en-changeant-vos-doubles-vitrages\/","name":"Optimisez votre isolation en changeant vos doubles vitrages\u00a0! - La Maison naturelle | Blog","isPartOf":{"@id":"https:\/\/www.la-maison-naturelle.com\/blog\/#website"},"datePublished":"2018-05-24T13:08:12+00:00","dateModified":"2023-08-03T20:43:14+00:00","breadcrumb":{"@id":"https:\/\/www.la-maison-naturelle.com\/blog\/optimisez-votre-isolation-en-changeant-vos-doubles-vitrages\/#breadcrumb"},"inLanguage":"fr-FR","potentialAction":[{"@type":"ReadAction","target":["https:\/\/www.la-maison-naturelle.com\/blog\/optimisez-votre-isolation-en-changeant-vos-doubles-vitrages\/"]}]},{"@type":"BreadcrumbList","@id":"https:\/\/www.la-maison-naturelle.com\/blog\/optimisez-votre-isolation-en-changeant-vos-doubles-vitrages\/#breadcrumb","itemListElement":[{"@type":"ListItem","position":1,"name":"Accueil","item":"https:\/\/www.la-maison-naturelle.com\/blog\/"},{"@type":"ListItem","position":2,"name":"Optimisez votre isolation en changeant vos doubles vitrages\u00a0!"}]},{"@type":"WebSite","@id":"https:\/\/www.la-maison-naturelle.com\/blog\/#website","url":"https:\/\/www.la-maison-naturelle.com\/blog\/","name":"La Maison naturelle | Blog","description":"Blog de la Maison naturelle","publisher":{"@id":"https:\/\/www.la-maison-naturelle.com\/blog\/#organization"},"potentialAction":[{"@type":"SearchAction","target":{"@type":"EntryPoint","urlTemplate":"https:\/\/www.la-maison-naturelle.com\/blog\/?s={search_term_string}"},"query-input":{"@type":"PropertyValueSpecification","valueRequired":true,"valueName":"search_term_string"}}],"inLanguage":"fr-FR"},{"@type":"Organization","@id":"https:\/\/www.la-maison-naturelle.com\/blog\/#organization","name":"La Maison naturelle | Blog","url":"https:\/\/www.la-maison-naturelle.com\/blog\/","logo":{"@type":"ImageObject","inLanguage":"fr-FR","@id":"https:\/\/www.la-maison-naturelle.com\/blog\/#\/schema\/logo\/image\/","url":"https:\/\/www.la-maison-naturelle.com\/blog\/wp-content\/uploads\/2021\/07\/maison-naturelle-logo.svg","contentUrl":"https:\/\/www.la-maison-naturelle.com\/blog\/wp-content\/uploads\/2021\/07\/maison-naturelle-logo.svg","width":156,"height":64,"caption":"La Maison naturelle | Blog"},"image":{"@id":"https:\/\/www.la-maison-naturelle.com\/blog\/#\/schema\/logo\/image\/"}},{"@type":"Person","@id":"https:\/\/www.la-maison-naturelle.com\/blog\/#\/schema\/person\/cad2a9ed80410189f0688441d546d43f","name":"Eloise","image":{"@type":"ImageObject","inLanguage":"fr-FR","@id":"https:\/\/www.la-maison-naturelle.com\/blog\/#\/schema\/person\/image\/","url":"https:\/\/secure.gravatar.com\/avatar\/344186806f5e8613d4a2109f3b0228a847a7c0858a8023778c44bdcfc1111df9?s=96&d=mm&r=g","contentUrl":"https:\/\/secure.gravatar.com\/avatar\/344186806f5e8613d4a2109f3b0228a847a7c0858a8023778c44bdcfc1111df9?s=96&d=mm&r=g","caption":"Eloise"},"sameAs":["https:\/\/www.la-maison-naturelle.com\/"],"url":"https:\/\/www.la-maison-naturelle.com\/blog\/author\/idries\/"}]}},"_links":{"self":[{"href":"https:\/\/www.la-maison-naturelle.com\/blog\/wp-json\/wp\/v2\/posts\/2299","targetHints":{"allow":["GET"]}}],"collection":[{"href":"https:\/\/www.la-maison-naturelle.com\/blog\/wp-json\/wp\/v2\/posts"}],"about":[{"href":"https:\/\/www.la-maison-naturelle.com\/blog\/wp-json\/wp\/v2\/types\/post"}],"author":[{"embeddable":true,"href":"https:\/\/www.la-maison-naturelle.com\/blog\/wp-json\/wp\/v2\/users\/5"}],"replies":[{"embeddable":true,"href":"https:\/\/www.la-maison-naturelle.com\/blog\/wp-json\/wp\/v2\/comments?post=2299"}],"version-history":[{"count":2,"href":"https:\/\/www.la-maison-naturelle.com\/blog\/wp-json\/wp\/v2\/posts\/2299\/revisions"}],"predecessor-version":[{"id":5451,"href":"https:\/\/www.la-maison-naturelle.com\/blog\/wp-json\/wp\/v2\/posts\/2299\/revisions\/5451"}],"wp:attachment":[{"href":"https:\/\/www.la-maison-naturelle.com\/blog\/wp-json\/wp\/v2\/media?parent=2299"}],"wp:term":[{"taxonomy":"category","embeddable":true,"href":"https:\/\/www.la-maison-naturelle.com\/blog\/wp-json\/wp\/v2\/categories?post=2299"},{"taxonomy":"post_tag","embeddable":true,"href":"https:\/\/www.la-maison-naturelle.com\/blog\/wp-json\/wp\/v2\/tags?post=2299"}],"curies":[{"name":"wp","href":"https:\/\/api.w.org\/{rel}","templated":true}]}}