{"id":2254,"date":"2012-05-24T14:53:31","date_gmt":"2012-05-24T12:53:31","guid":{"rendered":"https:\/\/www.la-maison-naturelle.com\/blog\/?p=2254"},"modified":"2023-08-04T19:28:29","modified_gmt":"2023-08-04T17:28:29","slug":"application-de-fibre-bois-ou-liege-dans-un-systeme-ite-etics","status":"publish","type":"post","link":"https:\/\/www.la-maison-naturelle.com\/blog\/application-de-fibre-bois-ou-liege-dans-un-systeme-ite-etics\/","title":{"rendered":"Application de fibre bois ou li\u00e8ge dans un Syst\u00e8me ITE (ETICS)"},"content":{"rendered":"<table style=\" width=\"100%\",max-width=\"839\">\n<tbody>\n<tr>\n<td colspan=\"3\"><a href=\"https:\/\/www.la-maison-naturelle.com\/\"><img decoding=\"async\" class=\"wp-image-5568 aligncenter\" src=\"https:\/\/www.la-maison-naturelle.com\/blog\/wp-content\/uploads\/2012\/05\/Dark-Green-and-Gray-Professional-and-Clean-E-Commerce-Email-Header-300x35.png\" alt=\"\" width=\"839\" srcset=\"https:\/\/www.la-maison-naturelle.com\/blog\/wp-content\/uploads\/2012\/05\/Dark-Green-and-Gray-Professional-and-Clean-E-Commerce-Email-Header-300x35.png 300w, https:\/\/www.la-maison-naturelle.com\/blog\/wp-content\/uploads\/2012\/05\/Dark-Green-and-Gray-Professional-and-Clean-E-Commerce-Email-Header-1024x119.png 1024w, https:\/\/www.la-maison-naturelle.com\/blog\/wp-content\/uploads\/2012\/05\/Dark-Green-and-Gray-Professional-and-Clean-E-Commerce-Email-Header-768x89.png 768w, https:\/\/www.la-maison-naturelle.com\/blog\/wp-content\/uploads\/2012\/05\/Dark-Green-and-Gray-Professional-and-Clean-E-Commerce-Email-Header-1536x178.png 1536w, https:\/\/www.la-maison-naturelle.com\/blog\/wp-content\/uploads\/2012\/05\/Dark-Green-and-Gray-Professional-and-Clean-E-Commerce-Email-Header.png 1578w\" sizes=\"(max-width: 300px) 100vw, 300px\" \/><\/a><\/td>\n<\/tr>\n<tr>\n<td><a href=\"https:\/\/www.la-maison-naturelle.com\/5260-materiaux-et-bricolage\"><img loading=\"lazy\" decoding=\"async\" class=\"alignright size-medium wp-image-5565\" src=\"https:\/\/www.la-maison-naturelle.com\/blog\/wp-content\/uploads\/2012\/05\/73a5f09c-2ef6-46dd-90d1-9cf73599e16b-1-249x300.png\" alt=\"Mat\u00e9riaux et bricolage\" width=\"249\" height=\"300\" srcset=\"https:\/\/www.la-maison-naturelle.com\/blog\/wp-content\/uploads\/2012\/05\/73a5f09c-2ef6-46dd-90d1-9cf73599e16b-1-249x300.png 249w, https:\/\/www.la-maison-naturelle.com\/blog\/wp-content\/uploads\/2012\/05\/73a5f09c-2ef6-46dd-90d1-9cf73599e16b-1.png 397w\" sizes=\"auto, (max-width: 249px) 100vw, 249px\" \/><\/a><\/td>\n<td><a href=\"https:\/\/www.la-maison-naturelle.com\/5266-amenagement-du-jardin\"><img loading=\"lazy\" decoding=\"async\" class=\"alignright size-medium wp-image-5564\" src=\"https:\/\/www.la-maison-naturelle.com\/blog\/wp-content\/uploads\/2012\/05\/9224811f-6da5-4d4d-8634-e9a2517a9565-1-249x300.png\" alt=\"Jardin et ext\u00e9rieur\" width=\"249\" height=\"300\" srcset=\"https:\/\/www.la-maison-naturelle.com\/blog\/wp-content\/uploads\/2012\/05\/9224811f-6da5-4d4d-8634-e9a2517a9565-1-249x300.png 249w, https:\/\/www.la-maison-naturelle.com\/blog\/wp-content\/uploads\/2012\/05\/9224811f-6da5-4d4d-8634-e9a2517a9565-1.png 397w\" sizes=\"auto, (max-width: 249px) 100vw, 249px\" \/><\/a><\/td>\n<td><a href=\"https:\/\/www.la-maison-naturelle.com\/5267-interieur-et-decoration\"><img loading=\"lazy\" decoding=\"async\" class=\"alignright size-medium wp-image-5563\" src=\"https:\/\/www.la-maison-naturelle.com\/blog\/wp-content\/uploads\/2012\/05\/b9400ea8-440a-4a4a-8db6-682fde3f9652-1-249x300.png\" alt=\"Int\u00e9rieur et d\u00e9coration\" width=\"249\" height=\"300\" srcset=\"https:\/\/www.la-maison-naturelle.com\/blog\/wp-content\/uploads\/2012\/05\/b9400ea8-440a-4a4a-8db6-682fde3f9652-1-249x300.png 249w, https:\/\/www.la-maison-naturelle.com\/blog\/wp-content\/uploads\/2012\/05\/b9400ea8-440a-4a4a-8db6-682fde3f9652-1.png 397w\" sizes=\"auto, (max-width: 249px) 100vw, 249px\" \/><\/a><\/td>\n<\/tr>\n<\/tbody>\n<\/table>\n<p>ETICS pour External Thermal Insulation Composite system c&rsquo;est \u00e0 dire en fran\u00e7ais : syst\u00e8me d\u2019isolation thermique ext\u00e9rieure, est un nouveau sigle qui fait son apparition en isolation \u00e9cologique. Le guide d&rsquo;Agr\u00e9ment Technique Europ\u00e9en, charg\u00e9 d&rsquo;harmoniser la r\u00e9glementation europ\u00e9enne d\u00e9signe sous le terme ETICS, un type g\u00e9n\u00e9rique et une utilisation pr\u00e9vue des produits de construction.<\/p>\n<h2>ETICS : Syst\u00e8me d\u2019isolation thermique ext\u00e9rieure par enduit, destin\u00e9 \u00e0 l\u2019isolation ext\u00e9rieure des murs de b\u00e2timents<\/h2>\n<p>Les syst\u00e8mes d\u2019isolation thermique ext\u00e9rieure, appel\u00e9 ETICS, sont con\u00e7us et mis en \u0153uvre conform\u00e9ment aux r\u00e8gles donn\u00e9es par les titulaires d&rsquo;ATE et comprennent les composants fabriqu\u00e9s par lui-m\u00eame ou un fournisseur d\u00e9sign\u00e9 comme tel.<\/p>\n<h3>Les ETICS sont des kits constitu\u00e9s de divers \u00e9l\u00e9ments :<\/h3>\n<p>A) Des produits isolants avec leur mode de fixation associ\u00e9<\/p>\n<ul>\n<li>Le produit isolants lui m\u00eame qui peut \u00eatre un panneau en <a href=\"https:\/\/www.la-maison-naturelle.com\/3057-polystyrene-pse-xps\" data-internallinksmanager029f6b8e52c=\"132\" title=\"polystyrene\">polystyr\u00e8ne expans\u00e9<\/a>, en <a href=\"https:\/\/www.la-maison-naturelle.com\/4365-liege-expanse-en-panneau\" data-internallinksmanager029f6b8e52c=\"3\" title=\"plaque de li\u00e8ge\">li\u00e8ge expans\u00e9<\/a> ou en fibre de bois.<\/li>\n<li>Le produit de collage, le plus souvent une p\u00e2te min\u00e9rale \u00e0 base de ciment de sable et d&rsquo;adjuvants.<\/li>\n<li>Des fixations de type chevilles plastiques pour la fixation des syst\u00e8mes d\u2019isolation thermique ext\u00e9rieure par enduit.<\/li>\n<\/ul>\n<p>B) Une couche de base : sous forme de poudre min\u00e9rale \u00e0 base de ciment et de sable<\/p>\n<p>C) Un treillis en fibre de verre standard<br \/>\nD) Une couche interm\u00e9diaire : le plus souvent sous forme liquide pr\u00e9 pigment\u00e9 et pr\u00eat \u00e0 l&#8217;emploi<\/p>\n<p>E) Un rev\u00eatement de finition et\/ou peintures d\u00e9coratives, sous forme de p\u00e2tes pr\u00eates \u00e0 l&#8217;emploi de diff\u00e9rentes granulom\u00e9tries et \u00e0 base de silicate ou de liants organiques et parfois de briquettes de \u00a0\u00a0 \u00a0parements.<\/p>\n<h3>Caract\u00e9ristiques et donn\u00e9es techniques des\u00a0 ETICS :<\/h3>\n<p>Les\u00a0 ETICS destin\u00e9s \u00e0 l\u2019isolation ext\u00e9rieure des murs de b\u00e2timents sont estim\u00e9es pour une dur\u00e9e de vie pr\u00e9sum\u00e9es d&rsquo;au moins 25 ans.\u00a0 Les murs sont construits en briques, en\u00a0 pierres, ou en b\u00e9ton banch\u00e9 ou en panneaux\u00a0 b\u00e9ton pr\u00e9fabriqu\u00e9s. Les ETICS sont des structures isolantes constitu\u00e9es d\u2019\u00e9l\u00e9ments non porteurs. Ils ne contribuent pas \u00e0 la stabilit\u00e9 des murs en tant que tels mais sont con\u00e7us pour assurer la durabilit\u00e9 des fa\u00e7ades contre les intemp\u00e9ries. Certains types d&rsquo;ETICS sont con\u00e7us pour une utilisation en murs verticaux neufs ou en r\u00e9habilitation.<\/p>\n<h3>\u00c9valuation de la r\u00e9action au feu des fa\u00e7ades construites avec des ETICS:<\/h3>\n<p>Il n&rsquo;existe pas de r\u00e8gles communes europ\u00e9ennes concernant le feu pour les fa\u00e7ades. La classification de l\u2019ETICS selon la norme ISO de 2002 pourrait \u00eatre suffisante pour l\u2019utilisation en fa\u00e7ades, jusqu\u2019\u00e0 la mise en place d&rsquo;un syst\u00e8me europ\u00e9en. Celle-ci pr\u00e9voit une \u00e9valuation de la r\u00e9action au feu pour une \u00e9paisseur minimale d\u2019isolant de 160 mm et une <a href=\"https:\/\/www.la-maison-naturelle.com\/blog\/la-masse-volumique-dun-isolant\/\" data-internallinksmanager029f6b8e52c=\"125\" title=\"Qu'est-ce que la masse volumique d'un isolant ?\">masse volumique<\/a> minimale du produit isolant de 210 kg\/m3, ainsi qu\u2019un syst\u00e8me d\u2019enduit d&rsquo;une \u00e9paisseur maximale (10 mm).<\/p>\n<h3>Essai de capillarit\u00e9 des ETICS<\/h3>\n<p>Les ETICS doivent \u00eatre\u00a0 r\u00e9sistants aux cycles hygrothermiques. Aucun d\u00e9faut ne doit appara\u00eetre pendant les essais de cycles hygrothermiques\u00a0 : pas de d\u00e9collement des peintures et des enduits , pas d\u00e9caillage des couches de finition, aucune fissure \u00e0 hauteur des joints entre les panneaux isolants ou entre les profil\u00e9s et les panneaux;<\/p>\n<h3>Autres qualit\u00e9s et r\u00e9sistances qui doivent \u00eatre \u00e9valu\u00e9es pour les ETICS<\/h3>\n<p>Les configurations des\u00a0 ETICS doivent \u00eatre r\u00e9sistantes au gel et au d\u00e9gel, aux chocs physiques, et aux vents. Ils sont le plus souvent perm\u00e9ables \u00e0 la vapeur d\u2019eau.<br \/>\nLes aspects relatifs \u00e0 la durabilit\u00e9 et \u00e0 l\u2019aptitude \u00e0 l\u2019usage et en\u00a0 particulier la <a href=\"https:\/\/www.la-maison-naturelle.com\/blog\/la-resistance-thermique\/\" data-internallinksmanager029f6b8e52c=\"78\" title=\"Qu'est-ce que la r\u00e9sistance thermique ?\">r\u00e9sistance thermique<\/a> sont \u00e0 la base des syst\u00e8mes d&rsquo;Isolation Thermique par l&rsquo;Ext\u00e9rieur. Voici par exemple les caract\u00e9ristiques qu&rsquo;on doit attendre d&rsquo;un isolant thermique sp\u00e9cifique \u00e0 l&rsquo;isolation ITE : L&rsquo;exemple concerne le panneau en fibre de bois de la marque \u00ab\u00a0StoWeichfaserplatte\u00a0\u00bb : R\u00e9action au feu selon\u00a0 EN 13501-1 . Euroclasse E &#8211; \u00c9paisseur allant de 60 mm \u00e0 300 mm &#8211; Masse volumique : 160 kg\/m3 \u00e0 210 kg\/m3 &#8211; R\u00e9sistance thermique en r\u00e9f\u00e9rence \u00e0 la norme EN 13171 concernant les produits isolants thermiques en fibres de bois, pr\u00e9sent\u00e9e dans l&rsquo;ATE\u00a0 n\u00b0 08\/0303. et 09\/0304.<\/p>\n<h2>L&rsquo;isolation Thermique par l&rsquo;Ext\u00e9rieure est source de croissance<\/h2>\n<p>Nous avons choisi de valoriser deux gammes de produits ITE \u00e0 base de fibre de bois\u00a0 et une gamme ITE \u00e0 base de li\u00e8ge noir expans\u00e9 :<\/p>\n<h3>Le Syst\u00e8me ITE \u00e0 base de li\u00e8ge expans\u00e9 noir Corkisol by Amorim<\/h3>\n<p>Par tradition, le li\u00e8ge expans\u00e9 et pour ses qualit\u00e9s imputrescibles de sa durabilit\u00e9 \u00e9prouv\u00e9e hors du commun. Une gamme compl\u00e8te de toutes \u00e9paisseurs est disponible \u00e0 la vente valid\u00e9e par un certificat <a href=\"https:\/\/www.la-maison-naturelle.com\/blog\/un-acermi\/\" data-internallinksmanager029f6b8e52c=\"77\" title=\"ACERMI\">ACERMI<\/a> depuis des d\u00e9cennies. Les panneaux de li\u00e8ge expans\u00e9 se pr\u00e9sente dans toutes les \u00e9paisseurs en version \u00e0 bords droits\u00a0 ou \u00e0 mi-bois (Cette finition \u00e0 mi-bois remplace le rainure et languette dans certaines \u00e9paisseurs pour des questions d&rsquo;efficacit\u00e9 \u00e9nerg\u00e9tique). Le li\u00e8ge en panneaux expans\u00e9 de la marque <a href=\"https:\/\/www.la-maison-naturelle.com\/brand\/30-amorim\" data-internallinksmanager029f6b8e52c=\"150\" title=\"amorim\">Corkisol<\/a> by Amorim, ou Thermoli\u00e8ge par Domus est un produit particuli\u00e8rement appr\u00e9ci\u00e9 des architectes pour isoler leur propre construction neuve contemporaine et par les auto-constructeurs qui trouvent dans le li\u00e8ge expans\u00e9 noir, la s\u00e9curit\u00e9 de la tradition.<\/p>\n<h3>Le Syst\u00e8me ITE \u00e0 base de fibres de bois rigides Cover by Buitex<\/h3>\n<p>Pour soutenir le dynamisme de la fili\u00e8re fran\u00e7aise en pleine ascension : la fibre de bois hydrofuge fabriqu\u00e9es par la soci\u00e9t\u00e9 Buitex, est retenue.<\/p>\n<p>Le plus ancien industriel fran\u00e7ais du secteur ouvre au d\u00e9but 2013 une nouvelle ligne de production de produits rigides en fibre de bois \u00e9tudi\u00e9s pour les syst\u00e8mes d&rsquo;isolation ETICS sous la marque <a href=\"https:\/\/www.la-maison-naturelle.com\/brand\/4-isonat\" data-internallinksmanager029f6b8e52c=\"75\" title=\"ISONAT\">Isonat<\/a> Fiberwood Cover en association avec des entreprises de pose qui proposent les enduits de fa\u00e7ade adapt\u00e9s et apportent toutes les\u00a0 garanties d&rsquo;assurances n\u00e9cessaire.\u00a0 Les Avis Techniques et certification ACERMI sont en cours de validation et seront valid\u00e9s dans les prochaines premi\u00e8res semaines de l&rsquo;ann\u00e9e.<\/p>\n<h3>Le Syst\u00e8me ITE \u00e0 base de fibres de bois rigides Sylvactis 140 SD by Actis<\/h3>\n<p>Le cahier des prescritions de pose pour l&rsquo;ITE sur murs ma\u00e7onn\u00e9s et ITE sur maison \u00e0 ossature bois est en ligne sur notre site.<\/p>\n<p>La collaboration fructueuse entre le sp\u00e9cialiste des enduits ext\u00e9rieurs <a href=\"https:\/\/www.la-maison-naturelle.com\/brand\/17-parexlanko\" data-internallinksmanager029f6b8e52c=\"140\" title=\"parexlanko\">Parexlanko<\/a> et le fabricant de fibre de bois Actis a permis la r\u00e9alisation du premier syst\u00e8me ITE sur fibre de bois.<\/p>\n<p>Le syst\u00e8me est pr\u00e9sent\u00e9 sous le nom\u00a0 PARISO MOB. Le\u00a0 syst\u00e8me ETICS Pariso Mob, s&rsquo;appuie le <a href=\"https:\/\/www.la-maison-naturelle.com\/blog\/ventes-promotionnelles-sylvactis-55-fx\/\" data-internallinksmanager029f6b8e52c=\"151\" title=\"Ventes Promotionnelles SYLVACTIS 55 FX : Ne manquez pas cette occasion de poss\u00e9der un bateau exceptionnel\">SYLVACTIS<\/a> 140 <a href=\"https:\/\/www.la-maison-naturelle.com\/blog\/cest-quoi-la-valeur-sd-dun-pare-vapeur\/\" data-internallinksmanager029f6b8e52c=\"76\" title=\"valeur SD\">SD<\/a> un panneau de fibre de bois sp\u00e9cialement con\u00e7u pour les enduits Parexlanko. Le sous enduit min\u00e9ral MAITE de chez Parexlanko est utilis\u00e9 en accroche sur les panneaux de fibres.<\/p>\n<p>Les enduits de finition min\u00e9raux ou organiques de PAREXLANKO offrent une large gamme de couleurs et d&rsquo;aspect, selon le choix du ma\u00eetre d&rsquo;ouvrage, le tout encadr\u00e9 par les directives r\u00e9gionales concernant l&rsquo;esth\u00e9tique des fa\u00e7ades.<a href=\"\/nos-produits\/24377-sylvactis-sd140\"><br \/>\n<\/a><\/p>\n<h3>Diffutherm de Pavatex et le Syst\u00e8me ITE PARISO MOB FB-M, des professionnels<\/h3>\n<p>Diffutherm compl\u00e8te notre choix. L&rsquo;<a href=\"https:\/\/www.la-maison-naturelle.com\/blog\/avis-technique-du-cstb\/\" data-internallinksmanager029f6b8e52c=\"153\" title=\"C'est quoi un Avis technique du CSTB?\">avis technique du CSTB<\/a> Pariso Mob FB-M et la certification\u00a0 ACERMI DIFFUTHEM (<a href=\"https:\/\/www.la-maison-naturelle.com\/blog\/le-lamba-dun-isolant\/\" data-internallinksmanager029f6b8e52c=\"87\" title=\"Qu'est-ce que le lambda d'un isolant ?\">lambda<\/a> certifi\u00e9 0,046) valident les choix des entreprises de pose ITE. Certains auto-constructeurs pour s&rsquo;assurer des garanties suppl\u00e9mentaires ont choisi le syst\u00e8me PARISO MOB FB-M de Parexelanko en association avec Diffutherm de Pavatex.<\/p>\n<p>Le syst\u00e8me ITE Pariso Mob FB-M, r\u00e9pond \u00e0 toutes les situations de chantier qui en fait la technicit\u00e9 la plus aboutie du moment gr\u00e2ce aux sp\u00e9cifications du panneau \u00e0 cr\u00e9pir en fibre de bois Diffutherm qui est compos\u00e9 d\u2019une structure form\u00e9e de plusieurs couches de panneaux pr\u00e9sentant une <a href=\"https:\/\/www.la-maison-naturelle.com\/blog\/la-densite-dun-isolant\/\" data-internallinksmanager029f6b8e52c=\"124\" title=\"Qu'est-ce que la densit\u00e9 d'un isolant ?\">densit\u00e9<\/a> diff\u00e9rente.<\/p>\n<p>Le guide des composants ITE de Parexlanko pr\u00e9sente chaque accessoire conforme aux avis techniques sous forme de fiche technique qui pr\u00e9cisent les syst\u00e8mes auxquels ils sont destin\u00e9s. La lisibilit\u00e9 des documents permet \u00e0 tous les auto-constructeurs attentifs de suivre les prescriptions des deux fabricants et leurs garantit les meilleurs r\u00e9sultats.<\/p>\n","protected":false},"excerpt":{"rendered":"","protected":false},"author":5,"featured_media":0,"comment_status":"open","ping_status":"open","sticky":false,"template":"","format":"standard","meta":{"footnotes":""},"categories":[7],"tags":[],"class_list":["post-2254","post","type-post","status-publish","format-standard","hentry","category-les-fiches-pratiques"],"_wp_attached_file":null,"_wp_attachment_metadata":null,"_wp_attachment_context":null,"_wp_attachment_image_alt":null,"_hf_settings":null,"hf_message_success":null,"hf_message_invalid_email":null,"hf_message_required_field_missing":null,"hf_message_error":null,"_menu_item_type":null,"_menu_item_menu_item_parent":null,"_menu_item_object_id":null,"_menu_item_object":null,"_menu_item_target":null,"_menu_item_classes":null,"_menu_item_xfn":null,"_menu_item_url":null,"_yoast_wpseo_primary_category":"7","_thumbnail_id":null,"_oembed_26d84b2c06432105b0a19987ae029a71":null,"_oembed_43e9e2dfde1b9b4ed91c9711026b7ef9":null,"_oembed_1fe1564764edbddc3b61e81acf52be88":null,"_oembed_df60f474cd845141e7ce6596d101e4a0":null,"_oembed_825e674795e2435c0bc66eb08e5d2c8b":null,"_oembed_time_825e674795e2435c0bc66eb08e5d2c8b":null,"_oembed_e917352ff4cc21ea91383201eeaa08cf":null,"_oembed_2363c16c972791c33e283320dc564fce":null,"_oembed_cc9ad5b5073a84776f6a62e33e6c7498":null,"_oembed_time_cc9ad5b5073a84776f6a62e33e6c7498":null,"_oembed_305147fcf4b856de518466e695c209cd":null,"_oembed_8517a877084ae01a5296813ee1d16a2b":null,"_oembed_2741f1556b243e68379198f98ba7f864":null,"_oembed_c3ffa24981451396c950ece2129da0f6":null,"_oembed_6f9091ebe2f3f5fcb5698ba6f4b41477":null,"_wp_old_slug":null,"_oembed_e4fb0f68ba12b85e9e231afe151ba12a":null,"_oembed_3c60e98bd703e617e67f5bbb3b97424d":null,"_oembed_bb060374498dcf40cb6068efe4be87e1":null,"_oembed_d0403e1e71c3a29020bd546b159480f1":null,"_oembed_b030ff17fbbbf8661c59c2ab8ff289eb":null,"_oembed_5cec699ba0631c6c0e4ba4f6af5f228e":null,"_oembed_b06a67f278b90cf4e8dd17cb12fe67b0":null,"_oembed_8e190e4fea2256f17420434651556236":null,"_oembed_b5ded119f1337916a0fc64d2ad85c95f":null,"_oembed_d9364a7a81be31c01415da2c50a48932":null,"_oembed_738cafa36d51a58e5ae3e458aa8f7584":null,"_oembed_ebcab5184b6b321b28efbcbec079859b":null,"_oembed_3dd9e35c2b7b268070e74da5b89cf937":null,"_oembed_e14b167b493e311a1c4e2aab38a463e8":null,"_oembed_dc8f7d108b38f3f0c2e0785b8bc46cae":null,"_oembed_55cf1c5142884afed312c2666bf27520":null,"_oembed_2292333bf03a956b4b61afafeff6bca0":null,"_oembed_82a986a6b900856fec23169de03a0038":null,"_oembed_4048ded025352b83569104210074165a":null,"_oembed_033b42b1af757abc39e4487233cee7f5":null,"_oembed_aec1d50f2b159366be8e37e94b201be1":null,"_oembed_0adc8480b2fcadf9a1733f572ce3d3f8":null,"_yoast_wpseo_title":null,"_yoast_wpseo_focuskw":null,"_yoast_wpseo_linkdex":null,"_yoast_wpseo_metadesc":null,"_yoast_wpseo_wordproof_timestamp":"","_tpl_archive_meta_key":null,"_form":null,"_mail":null,"_mail_2":null,"_messages":null,"_additional_settings":null,"_locale":null,"_wp_old_date":null,"_edit_last":"5","_wpb_vc_js_status":"false","_yoast_wpseo_estimated-reading-time-minutes":"7","_edit_lock":"1691169983:5","_yoast_wpseo_content_score":"30","yoast_head":"<!-- This site is optimized with the Yoast SEO plugin v24.3 - https:\/\/yoast.com\/wordpress\/plugins\/seo\/ -->\n<title>Application de fibre bois ou li\u00e8ge dans un Syst\u00e8me ITE (ETICS) - La Maison naturelle | Blog<\/title>\n<meta name=\"robots\" content=\"index, follow, max-snippet:-1, max-image-preview:large, max-video-preview:-1\" \/>\n<link rel=\"canonical\" href=\"https:\/\/www.la-maison-naturelle.com\/blog\/application-de-fibre-bois-ou-liege-dans-un-systeme-ite-etics\/\" \/>\n<meta property=\"og:locale\" content=\"fr_FR\" \/>\n<meta property=\"og:type\" content=\"article\" \/>\n<meta property=\"og:title\" content=\"Application de fibre bois ou li\u00e8ge dans un Syst\u00e8me ITE (ETICS) - La Maison naturelle | Blog\" \/>\n<meta property=\"og:url\" content=\"https:\/\/www.la-maison-naturelle.com\/blog\/application-de-fibre-bois-ou-liege-dans-un-systeme-ite-etics\/\" \/>\n<meta property=\"og:site_name\" content=\"La Maison naturelle | Blog\" \/>\n<meta property=\"article:published_time\" content=\"2012-05-24T12:53:31+00:00\" \/>\n<meta property=\"article:modified_time\" content=\"2023-08-04T17:28:29+00:00\" \/>\n<meta property=\"og:image\" content=\"https:\/\/www.la-maison-naturelle.com\/blog\/wp-content\/uploads\/2012\/05\/Dark-Green-and-Gray-Professional-and-Clean-E-Commerce-Email-Header-300x35.png\" \/>\n<meta name=\"author\" content=\"Eloise\" \/>\n<meta name=\"twitter:card\" content=\"summary_large_image\" \/>\n<meta name=\"twitter:label1\" content=\"\u00c9crit par\" \/>\n\t<meta name=\"twitter:data1\" content=\"Eloise\" \/>\n\t<meta name=\"twitter:label2\" content=\"Dur\u00e9e de lecture estim\u00e9e\" \/>\n\t<meta name=\"twitter:data2\" content=\"7 minutes\" \/>\n<script type=\"application\/ld+json\" class=\"yoast-schema-graph\">{\"@context\":\"https:\/\/schema.org\",\"@graph\":[{\"@type\":\"Article\",\"@id\":\"https:\/\/www.la-maison-naturelle.com\/blog\/application-de-fibre-bois-ou-liege-dans-un-systeme-ite-etics\/#article\",\"isPartOf\":{\"@id\":\"https:\/\/www.la-maison-naturelle.com\/blog\/application-de-fibre-bois-ou-liege-dans-un-systeme-ite-etics\/\"},\"author\":{\"name\":\"Eloise\",\"@id\":\"https:\/\/www.la-maison-naturelle.com\/blog\/#\/schema\/person\/cad2a9ed80410189f0688441d546d43f\"},\"headline\":\"Application de fibre bois ou li\u00e8ge dans un Syst\u00e8me ITE (ETICS)\",\"datePublished\":\"2012-05-24T12:53:31+00:00\",\"dateModified\":\"2023-08-04T17:28:29+00:00\",\"mainEntityOfPage\":{\"@id\":\"https:\/\/www.la-maison-naturelle.com\/blog\/application-de-fibre-bois-ou-liege-dans-un-systeme-ite-etics\/\"},\"wordCount\":13,\"commentCount\":0,\"publisher\":{\"@id\":\"https:\/\/www.la-maison-naturelle.com\/blog\/#organization\"},\"image\":{\"@id\":\"https:\/\/www.la-maison-naturelle.com\/blog\/application-de-fibre-bois-ou-liege-dans-un-systeme-ite-etics\/#primaryimage\"},\"thumbnailUrl\":\"https:\/\/www.la-maison-naturelle.com\/blog\/wp-content\/uploads\/2012\/05\/Dark-Green-and-Gray-Professional-and-Clean-E-Commerce-Email-Header-300x35.png\",\"articleSection\":[\"Les fiches pratiques\"],\"inLanguage\":\"fr-FR\",\"potentialAction\":[{\"@type\":\"CommentAction\",\"name\":\"Comment\",\"target\":[\"https:\/\/www.la-maison-naturelle.com\/blog\/application-de-fibre-bois-ou-liege-dans-un-systeme-ite-etics\/#respond\"]}]},{\"@type\":\"WebPage\",\"@id\":\"https:\/\/www.la-maison-naturelle.com\/blog\/application-de-fibre-bois-ou-liege-dans-un-systeme-ite-etics\/\",\"url\":\"https:\/\/www.la-maison-naturelle.com\/blog\/application-de-fibre-bois-ou-liege-dans-un-systeme-ite-etics\/\",\"name\":\"Application de fibre bois ou li\u00e8ge dans un Syst\u00e8me ITE (ETICS) - La Maison naturelle | Blog\",\"isPartOf\":{\"@id\":\"https:\/\/www.la-maison-naturelle.com\/blog\/#website\"},\"primaryImageOfPage\":{\"@id\":\"https:\/\/www.la-maison-naturelle.com\/blog\/application-de-fibre-bois-ou-liege-dans-un-systeme-ite-etics\/#primaryimage\"},\"image\":{\"@id\":\"https:\/\/www.la-maison-naturelle.com\/blog\/application-de-fibre-bois-ou-liege-dans-un-systeme-ite-etics\/#primaryimage\"},\"thumbnailUrl\":\"https:\/\/www.la-maison-naturelle.com\/blog\/wp-content\/uploads\/2012\/05\/Dark-Green-and-Gray-Professional-and-Clean-E-Commerce-Email-Header-300x35.png\",\"datePublished\":\"2012-05-24T12:53:31+00:00\",\"dateModified\":\"2023-08-04T17:28:29+00:00\",\"breadcrumb\":{\"@id\":\"https:\/\/www.la-maison-naturelle.com\/blog\/application-de-fibre-bois-ou-liege-dans-un-systeme-ite-etics\/#breadcrumb\"},\"inLanguage\":\"fr-FR\",\"potentialAction\":[{\"@type\":\"ReadAction\",\"target\":[\"https:\/\/www.la-maison-naturelle.com\/blog\/application-de-fibre-bois-ou-liege-dans-un-systeme-ite-etics\/\"]}]},{\"@type\":\"ImageObject\",\"inLanguage\":\"fr-FR\",\"@id\":\"https:\/\/www.la-maison-naturelle.com\/blog\/application-de-fibre-bois-ou-liege-dans-un-systeme-ite-etics\/#primaryimage\",\"url\":\"https:\/\/www.la-maison-naturelle.com\/blog\/wp-content\/uploads\/2012\/05\/Dark-Green-and-Gray-Professional-and-Clean-E-Commerce-Email-Header.png\",\"contentUrl\":\"https:\/\/www.la-maison-naturelle.com\/blog\/wp-content\/uploads\/2012\/05\/Dark-Green-and-Gray-Professional-and-Clean-E-Commerce-Email-Header.png\",\"width\":1578,\"height\":183},{\"@type\":\"BreadcrumbList\",\"@id\":\"https:\/\/www.la-maison-naturelle.com\/blog\/application-de-fibre-bois-ou-liege-dans-un-systeme-ite-etics\/#breadcrumb\",\"itemListElement\":[{\"@type\":\"ListItem\",\"position\":1,\"name\":\"Accueil\",\"item\":\"https:\/\/www.la-maison-naturelle.com\/blog\/\"},{\"@type\":\"ListItem\",\"position\":2,\"name\":\"Application de fibre bois ou li\u00e8ge dans un Syst\u00e8me ITE (ETICS)\"}]},{\"@type\":\"WebSite\",\"@id\":\"https:\/\/www.la-maison-naturelle.com\/blog\/#website\",\"url\":\"https:\/\/www.la-maison-naturelle.com\/blog\/\",\"name\":\"La Maison naturelle | Blog\",\"description\":\"Blog de la Maison naturelle\",\"publisher\":{\"@id\":\"https:\/\/www.la-maison-naturelle.com\/blog\/#organization\"},\"potentialAction\":[{\"@type\":\"SearchAction\",\"target\":{\"@type\":\"EntryPoint\",\"urlTemplate\":\"https:\/\/www.la-maison-naturelle.com\/blog\/?s={search_term_string}\"},\"query-input\":{\"@type\":\"PropertyValueSpecification\",\"valueRequired\":true,\"valueName\":\"search_term_string\"}}],\"inLanguage\":\"fr-FR\"},{\"@type\":\"Organization\",\"@id\":\"https:\/\/www.la-maison-naturelle.com\/blog\/#organization\",\"name\":\"La Maison naturelle | Blog\",\"url\":\"https:\/\/www.la-maison-naturelle.com\/blog\/\",\"logo\":{\"@type\":\"ImageObject\",\"inLanguage\":\"fr-FR\",\"@id\":\"https:\/\/www.la-maison-naturelle.com\/blog\/#\/schema\/logo\/image\/\",\"url\":\"https:\/\/www.la-maison-naturelle.com\/blog\/wp-content\/uploads\/2021\/07\/maison-naturelle-logo.svg\",\"contentUrl\":\"https:\/\/www.la-maison-naturelle.com\/blog\/wp-content\/uploads\/2021\/07\/maison-naturelle-logo.svg\",\"width\":156,\"height\":64,\"caption\":\"La Maison naturelle | Blog\"},\"image\":{\"@id\":\"https:\/\/www.la-maison-naturelle.com\/blog\/#\/schema\/logo\/image\/\"}},{\"@type\":\"Person\",\"@id\":\"https:\/\/www.la-maison-naturelle.com\/blog\/#\/schema\/person\/cad2a9ed80410189f0688441d546d43f\",\"name\":\"Eloise\",\"image\":{\"@type\":\"ImageObject\",\"inLanguage\":\"fr-FR\",\"@id\":\"https:\/\/www.la-maison-naturelle.com\/blog\/#\/schema\/person\/image\/\",\"url\":\"https:\/\/secure.gravatar.com\/avatar\/344186806f5e8613d4a2109f3b0228a847a7c0858a8023778c44bdcfc1111df9?s=96&d=mm&r=g\",\"contentUrl\":\"https:\/\/secure.gravatar.com\/avatar\/344186806f5e8613d4a2109f3b0228a847a7c0858a8023778c44bdcfc1111df9?s=96&d=mm&r=g\",\"caption\":\"Eloise\"},\"sameAs\":[\"https:\/\/www.la-maison-naturelle.com\/\"],\"url\":\"https:\/\/www.la-maison-naturelle.com\/blog\/author\/idries\/\"}]}<\/script>\n<!-- \/ Yoast SEO plugin. -->","yoast_head_json":{"title":"Application de fibre bois ou li\u00e8ge dans un Syst\u00e8me ITE (ETICS) - La Maison naturelle | Blog","robots":{"index":"index","follow":"follow","max-snippet":"max-snippet:-1","max-image-preview":"max-image-preview:large","max-video-preview":"max-video-preview:-1"},"canonical":"https:\/\/www.la-maison-naturelle.com\/blog\/application-de-fibre-bois-ou-liege-dans-un-systeme-ite-etics\/","og_locale":"fr_FR","og_type":"article","og_title":"Application de fibre bois ou li\u00e8ge dans un Syst\u00e8me ITE (ETICS) - La Maison naturelle | Blog","og_url":"https:\/\/www.la-maison-naturelle.com\/blog\/application-de-fibre-bois-ou-liege-dans-un-systeme-ite-etics\/","og_site_name":"La Maison naturelle | Blog","article_published_time":"2012-05-24T12:53:31+00:00","article_modified_time":"2023-08-04T17:28:29+00:00","og_image":[{"url":"https:\/\/www.la-maison-naturelle.com\/blog\/wp-content\/uploads\/2012\/05\/Dark-Green-and-Gray-Professional-and-Clean-E-Commerce-Email-Header-300x35.png","type":"","width":"","height":""}],"author":"Eloise","twitter_card":"summary_large_image","twitter_misc":{"\u00c9crit par":"Eloise","Dur\u00e9e de lecture estim\u00e9e":"7 minutes"},"schema":{"@context":"https:\/\/schema.org","@graph":[{"@type":"Article","@id":"https:\/\/www.la-maison-naturelle.com\/blog\/application-de-fibre-bois-ou-liege-dans-un-systeme-ite-etics\/#article","isPartOf":{"@id":"https:\/\/www.la-maison-naturelle.com\/blog\/application-de-fibre-bois-ou-liege-dans-un-systeme-ite-etics\/"},"author":{"name":"Eloise","@id":"https:\/\/www.la-maison-naturelle.com\/blog\/#\/schema\/person\/cad2a9ed80410189f0688441d546d43f"},"headline":"Application de fibre bois ou li\u00e8ge dans un Syst\u00e8me ITE (ETICS)","datePublished":"2012-05-24T12:53:31+00:00","dateModified":"2023-08-04T17:28:29+00:00","mainEntityOfPage":{"@id":"https:\/\/www.la-maison-naturelle.com\/blog\/application-de-fibre-bois-ou-liege-dans-un-systeme-ite-etics\/"},"wordCount":13,"commentCount":0,"publisher":{"@id":"https:\/\/www.la-maison-naturelle.com\/blog\/#organization"},"image":{"@id":"https:\/\/www.la-maison-naturelle.com\/blog\/application-de-fibre-bois-ou-liege-dans-un-systeme-ite-etics\/#primaryimage"},"thumbnailUrl":"https:\/\/www.la-maison-naturelle.com\/blog\/wp-content\/uploads\/2012\/05\/Dark-Green-and-Gray-Professional-and-Clean-E-Commerce-Email-Header-300x35.png","articleSection":["Les fiches pratiques"],"inLanguage":"fr-FR","potentialAction":[{"@type":"CommentAction","name":"Comment","target":["https:\/\/www.la-maison-naturelle.com\/blog\/application-de-fibre-bois-ou-liege-dans-un-systeme-ite-etics\/#respond"]}]},{"@type":"WebPage","@id":"https:\/\/www.la-maison-naturelle.com\/blog\/application-de-fibre-bois-ou-liege-dans-un-systeme-ite-etics\/","url":"https:\/\/www.la-maison-naturelle.com\/blog\/application-de-fibre-bois-ou-liege-dans-un-systeme-ite-etics\/","name":"Application de fibre bois ou li\u00e8ge dans un Syst\u00e8me ITE (ETICS) - La Maison naturelle | Blog","isPartOf":{"@id":"https:\/\/www.la-maison-naturelle.com\/blog\/#website"},"primaryImageOfPage":{"@id":"https:\/\/www.la-maison-naturelle.com\/blog\/application-de-fibre-bois-ou-liege-dans-un-systeme-ite-etics\/#primaryimage"},"image":{"@id":"https:\/\/www.la-maison-naturelle.com\/blog\/application-de-fibre-bois-ou-liege-dans-un-systeme-ite-etics\/#primaryimage"},"thumbnailUrl":"https:\/\/www.la-maison-naturelle.com\/blog\/wp-content\/uploads\/2012\/05\/Dark-Green-and-Gray-Professional-and-Clean-E-Commerce-Email-Header-300x35.png","datePublished":"2012-05-24T12:53:31+00:00","dateModified":"2023-08-04T17:28:29+00:00","breadcrumb":{"@id":"https:\/\/www.la-maison-naturelle.com\/blog\/application-de-fibre-bois-ou-liege-dans-un-systeme-ite-etics\/#breadcrumb"},"inLanguage":"fr-FR","potentialAction":[{"@type":"ReadAction","target":["https:\/\/www.la-maison-naturelle.com\/blog\/application-de-fibre-bois-ou-liege-dans-un-systeme-ite-etics\/"]}]},{"@type":"ImageObject","inLanguage":"fr-FR","@id":"https:\/\/www.la-maison-naturelle.com\/blog\/application-de-fibre-bois-ou-liege-dans-un-systeme-ite-etics\/#primaryimage","url":"https:\/\/www.la-maison-naturelle.com\/blog\/wp-content\/uploads\/2012\/05\/Dark-Green-and-Gray-Professional-and-Clean-E-Commerce-Email-Header.png","contentUrl":"https:\/\/www.la-maison-naturelle.com\/blog\/wp-content\/uploads\/2012\/05\/Dark-Green-and-Gray-Professional-and-Clean-E-Commerce-Email-Header.png","width":1578,"height":183},{"@type":"BreadcrumbList","@id":"https:\/\/www.la-maison-naturelle.com\/blog\/application-de-fibre-bois-ou-liege-dans-un-systeme-ite-etics\/#breadcrumb","itemListElement":[{"@type":"ListItem","position":1,"name":"Accueil","item":"https:\/\/www.la-maison-naturelle.com\/blog\/"},{"@type":"ListItem","position":2,"name":"Application de fibre bois ou li\u00e8ge dans un Syst\u00e8me ITE (ETICS)"}]},{"@type":"WebSite","@id":"https:\/\/www.la-maison-naturelle.com\/blog\/#website","url":"https:\/\/www.la-maison-naturelle.com\/blog\/","name":"La Maison naturelle | Blog","description":"Blog de la Maison naturelle","publisher":{"@id":"https:\/\/www.la-maison-naturelle.com\/blog\/#organization"},"potentialAction":[{"@type":"SearchAction","target":{"@type":"EntryPoint","urlTemplate":"https:\/\/www.la-maison-naturelle.com\/blog\/?s={search_term_string}"},"query-input":{"@type":"PropertyValueSpecification","valueRequired":true,"valueName":"search_term_string"}}],"inLanguage":"fr-FR"},{"@type":"Organization","@id":"https:\/\/www.la-maison-naturelle.com\/blog\/#organization","name":"La Maison naturelle | Blog","url":"https:\/\/www.la-maison-naturelle.com\/blog\/","logo":{"@type":"ImageObject","inLanguage":"fr-FR","@id":"https:\/\/www.la-maison-naturelle.com\/blog\/#\/schema\/logo\/image\/","url":"https:\/\/www.la-maison-naturelle.com\/blog\/wp-content\/uploads\/2021\/07\/maison-naturelle-logo.svg","contentUrl":"https:\/\/www.la-maison-naturelle.com\/blog\/wp-content\/uploads\/2021\/07\/maison-naturelle-logo.svg","width":156,"height":64,"caption":"La Maison naturelle | Blog"},"image":{"@id":"https:\/\/www.la-maison-naturelle.com\/blog\/#\/schema\/logo\/image\/"}},{"@type":"Person","@id":"https:\/\/www.la-maison-naturelle.com\/blog\/#\/schema\/person\/cad2a9ed80410189f0688441d546d43f","name":"Eloise","image":{"@type":"ImageObject","inLanguage":"fr-FR","@id":"https:\/\/www.la-maison-naturelle.com\/blog\/#\/schema\/person\/image\/","url":"https:\/\/secure.gravatar.com\/avatar\/344186806f5e8613d4a2109f3b0228a847a7c0858a8023778c44bdcfc1111df9?s=96&d=mm&r=g","contentUrl":"https:\/\/secure.gravatar.com\/avatar\/344186806f5e8613d4a2109f3b0228a847a7c0858a8023778c44bdcfc1111df9?s=96&d=mm&r=g","caption":"Eloise"},"sameAs":["https:\/\/www.la-maison-naturelle.com\/"],"url":"https:\/\/www.la-maison-naturelle.com\/blog\/author\/idries\/"}]}},"_links":{"self":[{"href":"https:\/\/www.la-maison-naturelle.com\/blog\/wp-json\/wp\/v2\/posts\/2254","targetHints":{"allow":["GET"]}}],"collection":[{"href":"https:\/\/www.la-maison-naturelle.com\/blog\/wp-json\/wp\/v2\/posts"}],"about":[{"href":"https:\/\/www.la-maison-naturelle.com\/blog\/wp-json\/wp\/v2\/types\/post"}],"author":[{"embeddable":true,"href":"https:\/\/www.la-maison-naturelle.com\/blog\/wp-json\/wp\/v2\/users\/5"}],"replies":[{"embeddable":true,"href":"https:\/\/www.la-maison-naturelle.com\/blog\/wp-json\/wp\/v2\/comments?post=2254"}],"version-history":[{"count":4,"href":"https:\/\/www.la-maison-naturelle.com\/blog\/wp-json\/wp\/v2\/posts\/2254\/revisions"}],"predecessor-version":[{"id":5851,"href":"https:\/\/www.la-maison-naturelle.com\/blog\/wp-json\/wp\/v2\/posts\/2254\/revisions\/5851"}],"wp:attachment":[{"href":"https:\/\/www.la-maison-naturelle.com\/blog\/wp-json\/wp\/v2\/media?parent=2254"}],"wp:term":[{"taxonomy":"category","embeddable":true,"href":"https:\/\/www.la-maison-naturelle.com\/blog\/wp-json\/wp\/v2\/categories?post=2254"},{"taxonomy":"post_tag","embeddable":true,"href":"https:\/\/www.la-maison-naturelle.com\/blog\/wp-json\/wp\/v2\/tags?post=2254"}],"curies":[{"name":"wp","href":"https:\/\/api.w.org\/{rel}","templated":true}]}}