{"id":2228,"date":"2013-05-24T14:38:49","date_gmt":"2013-05-24T12:38:49","guid":{"rendered":"https:\/\/www.la-maison-naturelle.com\/blog\/?p=2228"},"modified":"2023-08-04T19:14:57","modified_gmt":"2023-08-04T17:14:57","slug":"kronospan-kronolux","status":"publish","type":"post","link":"https:\/\/www.la-maison-naturelle.com\/blog\/kronospan-kronolux\/","title":{"rendered":"Kronospan Luxembourg : usine du futur"},"content":{"rendered":"<table style=\" width=\"100%\",max-width=\"839\">\n<tbody>\n<tr>\n<td colspan=\"3\"><a href=\"https:\/\/www.la-maison-naturelle.com\/\"><img decoding=\"async\" class=\"wp-image-5568 aligncenter\" src=\"https:\/\/www.la-maison-naturelle.com\/blog\/wp-content\/uploads\/2012\/05\/Dark-Green-and-Gray-Professional-and-Clean-E-Commerce-Email-Header-300x35.png\" alt=\"\" width=\"839\" srcset=\"https:\/\/www.la-maison-naturelle.com\/blog\/wp-content\/uploads\/2012\/05\/Dark-Green-and-Gray-Professional-and-Clean-E-Commerce-Email-Header-300x35.png 300w, https:\/\/www.la-maison-naturelle.com\/blog\/wp-content\/uploads\/2012\/05\/Dark-Green-and-Gray-Professional-and-Clean-E-Commerce-Email-Header-1024x119.png 1024w, https:\/\/www.la-maison-naturelle.com\/blog\/wp-content\/uploads\/2012\/05\/Dark-Green-and-Gray-Professional-and-Clean-E-Commerce-Email-Header-768x89.png 768w, https:\/\/www.la-maison-naturelle.com\/blog\/wp-content\/uploads\/2012\/05\/Dark-Green-and-Gray-Professional-and-Clean-E-Commerce-Email-Header-1536x178.png 1536w, https:\/\/www.la-maison-naturelle.com\/blog\/wp-content\/uploads\/2012\/05\/Dark-Green-and-Gray-Professional-and-Clean-E-Commerce-Email-Header.png 1578w\" sizes=\"(max-width: 300px) 100vw, 300px\" \/><\/a><\/td>\n<\/tr>\n<tr>\n<td><a href=\"https:\/\/www.la-maison-naturelle.com\/5260-materiaux-et-bricolage\"><img loading=\"lazy\" decoding=\"async\" class=\"alignright size-medium wp-image-5565\" src=\"https:\/\/www.la-maison-naturelle.com\/blog\/wp-content\/uploads\/2012\/05\/73a5f09c-2ef6-46dd-90d1-9cf73599e16b-1-249x300.png\" alt=\"Mat\u00e9riaux et bricolage\" width=\"249\" height=\"300\" srcset=\"https:\/\/www.la-maison-naturelle.com\/blog\/wp-content\/uploads\/2012\/05\/73a5f09c-2ef6-46dd-90d1-9cf73599e16b-1-249x300.png 249w, https:\/\/www.la-maison-naturelle.com\/blog\/wp-content\/uploads\/2012\/05\/73a5f09c-2ef6-46dd-90d1-9cf73599e16b-1.png 397w\" sizes=\"auto, (max-width: 249px) 100vw, 249px\" \/><\/a><\/td>\n<td><a href=\"https:\/\/www.la-maison-naturelle.com\/5266-amenagement-du-jardin\"><img loading=\"lazy\" decoding=\"async\" class=\"alignright size-medium wp-image-5564\" src=\"https:\/\/www.la-maison-naturelle.com\/blog\/wp-content\/uploads\/2012\/05\/9224811f-6da5-4d4d-8634-e9a2517a9565-1-249x300.png\" alt=\"Jardin et ext\u00e9rieur\" width=\"249\" height=\"300\" srcset=\"https:\/\/www.la-maison-naturelle.com\/blog\/wp-content\/uploads\/2012\/05\/9224811f-6da5-4d4d-8634-e9a2517a9565-1-249x300.png 249w, https:\/\/www.la-maison-naturelle.com\/blog\/wp-content\/uploads\/2012\/05\/9224811f-6da5-4d4d-8634-e9a2517a9565-1.png 397w\" sizes=\"auto, (max-width: 249px) 100vw, 249px\" \/><\/a><\/td>\n<td><a href=\"https:\/\/www.la-maison-naturelle.com\/5267-interieur-et-decoration\"><img loading=\"lazy\" decoding=\"async\" class=\"alignright size-medium wp-image-5563\" src=\"https:\/\/www.la-maison-naturelle.com\/blog\/wp-content\/uploads\/2012\/05\/b9400ea8-440a-4a4a-8db6-682fde3f9652-1-249x300.png\" alt=\"Int\u00e9rieur et d\u00e9coration\" width=\"249\" height=\"300\" srcset=\"https:\/\/www.la-maison-naturelle.com\/blog\/wp-content\/uploads\/2012\/05\/b9400ea8-440a-4a4a-8db6-682fde3f9652-1-249x300.png 249w, https:\/\/www.la-maison-naturelle.com\/blog\/wp-content\/uploads\/2012\/05\/b9400ea8-440a-4a4a-8db6-682fde3f9652-1.png 397w\" sizes=\"auto, (max-width: 249px) 100vw, 249px\" \/><\/a><\/td>\n<\/tr>\n<\/tbody>\n<\/table>\n<h2>Kronospan notre fabricant de panneaux OSB et DPF, participe au projet \u00ab\u00a0Life plus\u00a0\u00bb cofinanc\u00e9 par l&rsquo; Union Europ\u00e9enne.<\/h2>\n<p>Notre partenaire, la soci\u00e9t\u00e9 Kronospan est une entreprise en prise directe avec le d\u00e9veloppement durable et l\u2019innovation de l\u2019industrie du bois et des mat\u00e9riaux d\u00e9riv\u00e9s du bois sous les marques Kronospan <a href=\"https:\/\/www.la-maison-naturelle.com\/blog\/comparatif-des-panneaux-bois-osb-mdf-hdf-dfp\/\" data-internallinksmanager029f6b8e52c=\"58\" title=\"osb vs mdf\">OSB<\/a> et Kronolux DFP. Les produits s\u00e9lectionn\u00e9s par nos soins sont certifi\u00e9s par <a href=\"https:\/\/www.la-maison-naturelle.com\/blog\/avis-technique-du-cstb\/\" data-internallinksmanager029f6b8e52c=\"153\" title=\"C'est quoi un Avis technique du CSTB?\">avis technique<\/a> : pour <a href=\"https:\/\/www.la-maison-naturelle.com\/blog\/bien-choisir-son-panneau-bois-osb2-osb3-et-osb4\/\" data-internallinksmanager029f6b8e52c=\"9\" title=\"OSB\">OSB4<\/a>\u00a0 n\u00b0 : Z-9.1-387, et pour le DFP : n\u00b0 2\/11-1460.<\/p>\n<h2>Kronostruct : Gamme de panneaux d\u00e9riv\u00e9s du bois OSB, DFP pour une utilisation dans le secteur de la construction.<\/h2>\n<ul>\n<li>\n<h4>Kronolux osb<\/h4>\n<\/li>\n<\/ul>\n<p>Kronolux osb est un panneau issu des d\u00e9riv\u00e9s du bois utilis\u00e9 dans toutes les applications en construction bois exigeant une bonne stabilit\u00e9 dimensionnelle et une forte capacit\u00e9 de charge.<\/p>\n<ul>\n<li>\n<h4>Kronolux dfp<\/h4>\n<\/li>\n<\/ul>\n<p>DFP est le panneau bois d\u00e9riv\u00e9s de fibres pour les structures de constructions r\u00e9clamant une tr\u00e8s forte capacit\u00e9 de diffusion de la vapeur d&rsquo;eau.<\/p>\n<p>L&rsquo;objectif de Kronospan est de fabriquer des panneaux innovants \u00e0 tr\u00e8s haute valeur ajout\u00e9e tourn\u00e9 vers l&rsquo;\u00e9cologie et l&rsquo;environnement. Les mati\u00e8res renouvelables sont \u00e0 la base de ces produits. L\u2019exploitation des ressources naturelles du bois et l\u2018exploitation des mati\u00e8res premi\u00e8res \u00e9nerg\u00e9tiques renouvelables telles que les r\u00e9sidus de bois ainsi que l\u2019am\u00e9lioration constante des processus de fabrication est la contribution affich\u00e9e de Kronospan envers un environnement sain.<\/p>\n<h4>L&rsquo;usine Kronospan \u00e0 Sanem pour une production durable<\/h4>\n<p>Un autre signe de la production durable de l&rsquo;usine de Kronospan Sanem\u00a0 est le projet: \u00abUsine du Futur dont le but est de faire la d\u00e9monstration de la fabrication de panneaux de bois avec pr\u00e8s de z\u00e9ro empreinte environnementale\u00bb. Cette initiative est co-financ\u00e9e par la Commission europ\u00e9enne.<\/p>\n<p>Depuis juin 2012 Kronospan a lanc\u00e9 les activit\u00e9s li\u00e9es au projet \u00abUsine du Futur vers z\u00e9ro empreinte \u00e9cologique\u00bb du programme, Depuis plus de 6 mois, l&rsquo;usine Kronospan situ\u00e9 \u00e0 Sanem au Luxembourg, a mis en place un plan de d\u00e9veloppement pour limiter de fa\u00e7on drastique l&rsquo;impact environnemental de ses process de production. L&rsquo;objectif final est de parvenir \u00e0 une pleine autosuffisance sans impact sur l&rsquo;environnement. L&rsquo;intention de ce projet est de faire un grand pas vers cet objectif, en d\u00e9montrant que, en combinant les meilleures pratiques et process de fabrication , il est possible de r\u00e9aliser une installation de production avec une tr\u00e8s faible empreinte \u00e9cologique. Cela comprend une tr\u00e8s faible consommation d&rsquo;\u00e9nergie et d&rsquo;eau \u00e0 partir de sources non renouvelables et tr\u00e8s peu d&rsquo;\u00e9missions de gaz \u00e0 effet de serres.<\/p>\n<p>Concr\u00e8tement, l&rsquo;objectif est :<\/p>\n<ul>\n<li>En finir avec l&rsquo;utilisation actuelle de combustibles fossiles pour l&rsquo;\u00e9nergie thermique de 90% (137 GWh \/ an).<\/li>\n<\/ul>\n<ul>\n<li>Diminuer de plus de 80% des \u00e9missions actuelles de CO2 provenant des combustibles fossiles (au moins 24 608 tonnes \/ an);<\/li>\n<li>Diminuer de 70 \u00e075% l&rsquo;eau consomm\u00e9e actuellement.<\/li>\n<\/ul>\n<p>Enfin, Kronospan Luxembourg int\u00e9grera \u00e9galement des unit\u00e9s de r\u00e9cup\u00e9ration d&rsquo;eau de pluie pour les lignes de production et produira de l&rsquo;\u00e9lectricit\u00e9 en utilisant une biomasse aliment\u00e9 par une centrale de cog\u00e9n\u00e9ration afin de fournir cette \u00e9lectricit\u00e9 au r\u00e9seau \u00e9lectrique. Une grande quantit\u00e9 de chaleur sera r\u00e9cup\u00e9r\u00e9e et utilis\u00e9e dans les proc\u00e9d\u00e9s de production. Le partenaire de Kronospan dans ce projet est le Centre de Recherche Public Henri Tudor, qui se penchera sur le processus de production actuelle et souhaite effectuer une analyse du cycle de vie (ACV) de la firme de produits OSB et DFP.<\/p>\n<h2>Le projet LIFE + 2013 appel \u00e0 propositions<\/h2>\n<h3>qu&rsquo;est ce que le projet Life + 2013 auquel participe notre partenaire Kronospan ?<\/h3>\n<p>LIFE+ est un instrument financier sous l&rsquo;\u00e9gide de l&rsquo;Union Europ\u00e9enne qui dispose entre 2007 et 2013 d&rsquo;une enveloppe financi\u00e8re de de 2.1 milliards d&rsquo;euros. Il s\u2019agit de soutenir des projets qui contribuent \u00e0 la mise en \u0153uvre des objectifs du d\u00e9veloppement durable dans le cadre du droit communautaire en mati\u00e8re d\u2019environnement.<\/p>\n<h3>Le programme Life PLus 2013<\/h3>\n<p>L\u2019appel \u00e0 propositions 2013 du programme LIFE+ est d\u00e9j\u00e0 programm\u00e9 avec un lancement le 14 f\u00e9vrier 2013 :<\/p>\n<p>Le calendrier provisoire\u00a0 de LIFE + 2013 . la proc\u00e9dure de s\u00e9lection est la suivante :<\/p>\n<ul>\n<li>14\/02\/2013\u00a0\u00a0 \u00a0 Publication de l&rsquo;appel dans le Journal officiel<\/li>\n<li>25\/06\/2013 \u00a0\u00a0\u00a0 \u00a0Date limite pour les candidats \u00e0 envoyer leurs propositions aux autorit\u00e9s des \u00e9tats membres<\/li>\n<li>07\/05\/2013\u00a0\u00a0 \u00a0Date limite pour les \u00e9tats membres de transmettre des propositions \u00e0 la Commission europ\u00e9enne<\/li>\n<li>06\/01\/2014 \u00a0\u00a0\u00a0 \u00a0Premi\u00e8re date de d\u00e9but du projet<\/li>\n<\/ul>\n<p>Life + : site Internet<\/p>\n<p>article r\u00e9dig\u00e9 par mon isolation \u00e9cologique.com,\u00a0 Le site de vente en ligne des produits Kronospan OSB et Kronolux DFP partout en France.<\/p>\n","protected":false},"excerpt":{"rendered":"","protected":false},"author":5,"featured_media":0,"comment_status":"open","ping_status":"open","sticky":false,"template":"","format":"standard","meta":{"footnotes":""},"categories":[4],"tags":[],"class_list":["post-2228","post","type-post","status-publish","format-standard","hentry","category-actualites-produits"],"_wp_attached_file":null,"_wp_attachment_metadata":null,"_wp_attachment_context":null,"_wp_attachment_image_alt":null,"_hf_settings":null,"hf_message_success":null,"hf_message_invalid_email":null,"hf_message_required_field_missing":null,"hf_message_error":null,"_menu_item_type":null,"_menu_item_menu_item_parent":null,"_menu_item_object_id":null,"_menu_item_object":null,"_menu_item_target":null,"_menu_item_classes":null,"_menu_item_xfn":null,"_menu_item_url":null,"_yoast_wpseo_primary_category":"4","_thumbnail_id":null,"_oembed_26d84b2c06432105b0a19987ae029a71":null,"_oembed_43e9e2dfde1b9b4ed91c9711026b7ef9":null,"_oembed_1fe1564764edbddc3b61e81acf52be88":null,"_oembed_df60f474cd845141e7ce6596d101e4a0":null,"_oembed_825e674795e2435c0bc66eb08e5d2c8b":null,"_oembed_time_825e674795e2435c0bc66eb08e5d2c8b":null,"_oembed_e917352ff4cc21ea91383201eeaa08cf":null,"_oembed_2363c16c972791c33e283320dc564fce":null,"_oembed_cc9ad5b5073a84776f6a62e33e6c7498":null,"_oembed_time_cc9ad5b5073a84776f6a62e33e6c7498":null,"_oembed_305147fcf4b856de518466e695c209cd":null,"_oembed_8517a877084ae01a5296813ee1d16a2b":null,"_oembed_2741f1556b243e68379198f98ba7f864":null,"_oembed_c3ffa24981451396c950ece2129da0f6":null,"_oembed_6f9091ebe2f3f5fcb5698ba6f4b41477":null,"_wp_old_slug":null,"_oembed_e4fb0f68ba12b85e9e231afe151ba12a":null,"_oembed_3c60e98bd703e617e67f5bbb3b97424d":null,"_oembed_bb060374498dcf40cb6068efe4be87e1":null,"_oembed_d0403e1e71c3a29020bd546b159480f1":null,"_oembed_b030ff17fbbbf8661c59c2ab8ff289eb":null,"_oembed_5cec699ba0631c6c0e4ba4f6af5f228e":null,"_oembed_b06a67f278b90cf4e8dd17cb12fe67b0":null,"_oembed_8e190e4fea2256f17420434651556236":null,"_oembed_b5ded119f1337916a0fc64d2ad85c95f":null,"_oembed_d9364a7a81be31c01415da2c50a48932":null,"_oembed_738cafa36d51a58e5ae3e458aa8f7584":null,"_oembed_ebcab5184b6b321b28efbcbec079859b":null,"_oembed_3dd9e35c2b7b268070e74da5b89cf937":null,"_oembed_e14b167b493e311a1c4e2aab38a463e8":null,"_oembed_dc8f7d108b38f3f0c2e0785b8bc46cae":null,"_oembed_55cf1c5142884afed312c2666bf27520":null,"_oembed_2292333bf03a956b4b61afafeff6bca0":null,"_oembed_82a986a6b900856fec23169de03a0038":null,"_oembed_4048ded025352b83569104210074165a":null,"_oembed_033b42b1af757abc39e4487233cee7f5":null,"_oembed_aec1d50f2b159366be8e37e94b201be1":null,"_oembed_0adc8480b2fcadf9a1733f572ce3d3f8":null,"_yoast_wpseo_title":null,"_yoast_wpseo_focuskw":null,"_yoast_wpseo_linkdex":null,"_yoast_wpseo_metadesc":null,"_yoast_wpseo_wordproof_timestamp":"","_tpl_archive_meta_key":null,"_form":null,"_mail":null,"_mail_2":null,"_messages":null,"_additional_settings":null,"_locale":null,"_wp_old_date":null,"_edit_last":"5","_wpb_vc_js_status":"false","_yoast_wpseo_estimated-reading-time-minutes":"5","_edit_lock":"1691169248:5","_yoast_wpseo_content_score":"30","yoast_head":"<!-- This site is optimized with the Yoast SEO plugin v24.3 - https:\/\/yoast.com\/wordpress\/plugins\/seo\/ -->\n<title>Kronospan Luxembourg : usine du futur - La Maison naturelle | Blog<\/title>\n<meta name=\"robots\" content=\"index, follow, max-snippet:-1, max-image-preview:large, max-video-preview:-1\" \/>\n<link rel=\"canonical\" href=\"https:\/\/www.la-maison-naturelle.com\/blog\/kronospan-kronolux\/\" \/>\n<meta property=\"og:locale\" content=\"fr_FR\" \/>\n<meta property=\"og:type\" content=\"article\" \/>\n<meta property=\"og:title\" content=\"Kronospan Luxembourg : usine du futur - La Maison naturelle | Blog\" \/>\n<meta property=\"og:url\" content=\"https:\/\/www.la-maison-naturelle.com\/blog\/kronospan-kronolux\/\" \/>\n<meta property=\"og:site_name\" content=\"La Maison naturelle | Blog\" \/>\n<meta property=\"article:published_time\" content=\"2013-05-24T12:38:49+00:00\" \/>\n<meta property=\"article:modified_time\" content=\"2023-08-04T17:14:57+00:00\" \/>\n<meta property=\"og:image\" content=\"https:\/\/www.la-maison-naturelle.com\/blog\/wp-content\/uploads\/2012\/05\/Dark-Green-and-Gray-Professional-and-Clean-E-Commerce-Email-Header-300x35.png\" \/>\n<meta name=\"author\" content=\"Eloise\" \/>\n<meta name=\"twitter:card\" content=\"summary_large_image\" \/>\n<meta name=\"twitter:label1\" content=\"\u00c9crit par\" \/>\n\t<meta name=\"twitter:data1\" content=\"Eloise\" \/>\n\t<meta name=\"twitter:label2\" content=\"Dur\u00e9e de lecture estim\u00e9e\" \/>\n\t<meta name=\"twitter:data2\" content=\"5 minutes\" \/>\n<script type=\"application\/ld+json\" class=\"yoast-schema-graph\">{\"@context\":\"https:\/\/schema.org\",\"@graph\":[{\"@type\":\"Article\",\"@id\":\"https:\/\/www.la-maison-naturelle.com\/blog\/kronospan-kronolux\/#article\",\"isPartOf\":{\"@id\":\"https:\/\/www.la-maison-naturelle.com\/blog\/kronospan-kronolux\/\"},\"author\":{\"name\":\"Eloise\",\"@id\":\"https:\/\/www.la-maison-naturelle.com\/blog\/#\/schema\/person\/cad2a9ed80410189f0688441d546d43f\"},\"headline\":\"Kronospan Luxembourg : usine du futur\",\"datePublished\":\"2013-05-24T12:38:49+00:00\",\"dateModified\":\"2023-08-04T17:14:57+00:00\",\"mainEntityOfPage\":{\"@id\":\"https:\/\/www.la-maison-naturelle.com\/blog\/kronospan-kronolux\/\"},\"wordCount\":5,\"commentCount\":0,\"publisher\":{\"@id\":\"https:\/\/www.la-maison-naturelle.com\/blog\/#organization\"},\"image\":{\"@id\":\"https:\/\/www.la-maison-naturelle.com\/blog\/kronospan-kronolux\/#primaryimage\"},\"thumbnailUrl\":\"https:\/\/www.la-maison-naturelle.com\/blog\/wp-content\/uploads\/2012\/05\/Dark-Green-and-Gray-Professional-and-Clean-E-Commerce-Email-Header-300x35.png\",\"articleSection\":[\"Actualit\u00e9s produits\"],\"inLanguage\":\"fr-FR\",\"potentialAction\":[{\"@type\":\"CommentAction\",\"name\":\"Comment\",\"target\":[\"https:\/\/www.la-maison-naturelle.com\/blog\/kronospan-kronolux\/#respond\"]}]},{\"@type\":\"WebPage\",\"@id\":\"https:\/\/www.la-maison-naturelle.com\/blog\/kronospan-kronolux\/\",\"url\":\"https:\/\/www.la-maison-naturelle.com\/blog\/kronospan-kronolux\/\",\"name\":\"Kronospan Luxembourg : usine du futur - La Maison naturelle | Blog\",\"isPartOf\":{\"@id\":\"https:\/\/www.la-maison-naturelle.com\/blog\/#website\"},\"primaryImageOfPage\":{\"@id\":\"https:\/\/www.la-maison-naturelle.com\/blog\/kronospan-kronolux\/#primaryimage\"},\"image\":{\"@id\":\"https:\/\/www.la-maison-naturelle.com\/blog\/kronospan-kronolux\/#primaryimage\"},\"thumbnailUrl\":\"https:\/\/www.la-maison-naturelle.com\/blog\/wp-content\/uploads\/2012\/05\/Dark-Green-and-Gray-Professional-and-Clean-E-Commerce-Email-Header-300x35.png\",\"datePublished\":\"2013-05-24T12:38:49+00:00\",\"dateModified\":\"2023-08-04T17:14:57+00:00\",\"breadcrumb\":{\"@id\":\"https:\/\/www.la-maison-naturelle.com\/blog\/kronospan-kronolux\/#breadcrumb\"},\"inLanguage\":\"fr-FR\",\"potentialAction\":[{\"@type\":\"ReadAction\",\"target\":[\"https:\/\/www.la-maison-naturelle.com\/blog\/kronospan-kronolux\/\"]}]},{\"@type\":\"ImageObject\",\"inLanguage\":\"fr-FR\",\"@id\":\"https:\/\/www.la-maison-naturelle.com\/blog\/kronospan-kronolux\/#primaryimage\",\"url\":\"https:\/\/www.la-maison-naturelle.com\/blog\/wp-content\/uploads\/2012\/05\/Dark-Green-and-Gray-Professional-and-Clean-E-Commerce-Email-Header.png\",\"contentUrl\":\"https:\/\/www.la-maison-naturelle.com\/blog\/wp-content\/uploads\/2012\/05\/Dark-Green-and-Gray-Professional-and-Clean-E-Commerce-Email-Header.png\",\"width\":1578,\"height\":183},{\"@type\":\"BreadcrumbList\",\"@id\":\"https:\/\/www.la-maison-naturelle.com\/blog\/kronospan-kronolux\/#breadcrumb\",\"itemListElement\":[{\"@type\":\"ListItem\",\"position\":1,\"name\":\"Accueil\",\"item\":\"https:\/\/www.la-maison-naturelle.com\/blog\/\"},{\"@type\":\"ListItem\",\"position\":2,\"name\":\"Kronospan Luxembourg : usine du futur\"}]},{\"@type\":\"WebSite\",\"@id\":\"https:\/\/www.la-maison-naturelle.com\/blog\/#website\",\"url\":\"https:\/\/www.la-maison-naturelle.com\/blog\/\",\"name\":\"La Maison naturelle | Blog\",\"description\":\"Blog de la Maison naturelle\",\"publisher\":{\"@id\":\"https:\/\/www.la-maison-naturelle.com\/blog\/#organization\"},\"potentialAction\":[{\"@type\":\"SearchAction\",\"target\":{\"@type\":\"EntryPoint\",\"urlTemplate\":\"https:\/\/www.la-maison-naturelle.com\/blog\/?s={search_term_string}\"},\"query-input\":{\"@type\":\"PropertyValueSpecification\",\"valueRequired\":true,\"valueName\":\"search_term_string\"}}],\"inLanguage\":\"fr-FR\"},{\"@type\":\"Organization\",\"@id\":\"https:\/\/www.la-maison-naturelle.com\/blog\/#organization\",\"name\":\"La Maison naturelle | Blog\",\"url\":\"https:\/\/www.la-maison-naturelle.com\/blog\/\",\"logo\":{\"@type\":\"ImageObject\",\"inLanguage\":\"fr-FR\",\"@id\":\"https:\/\/www.la-maison-naturelle.com\/blog\/#\/schema\/logo\/image\/\",\"url\":\"https:\/\/www.la-maison-naturelle.com\/blog\/wp-content\/uploads\/2021\/07\/maison-naturelle-logo.svg\",\"contentUrl\":\"https:\/\/www.la-maison-naturelle.com\/blog\/wp-content\/uploads\/2021\/07\/maison-naturelle-logo.svg\",\"width\":156,\"height\":64,\"caption\":\"La Maison naturelle | Blog\"},\"image\":{\"@id\":\"https:\/\/www.la-maison-naturelle.com\/blog\/#\/schema\/logo\/image\/\"}},{\"@type\":\"Person\",\"@id\":\"https:\/\/www.la-maison-naturelle.com\/blog\/#\/schema\/person\/cad2a9ed80410189f0688441d546d43f\",\"name\":\"Eloise\",\"image\":{\"@type\":\"ImageObject\",\"inLanguage\":\"fr-FR\",\"@id\":\"https:\/\/www.la-maison-naturelle.com\/blog\/#\/schema\/person\/image\/\",\"url\":\"https:\/\/secure.gravatar.com\/avatar\/344186806f5e8613d4a2109f3b0228a847a7c0858a8023778c44bdcfc1111df9?s=96&d=mm&r=g\",\"contentUrl\":\"https:\/\/secure.gravatar.com\/avatar\/344186806f5e8613d4a2109f3b0228a847a7c0858a8023778c44bdcfc1111df9?s=96&d=mm&r=g\",\"caption\":\"Eloise\"},\"sameAs\":[\"https:\/\/www.la-maison-naturelle.com\/\"],\"url\":\"https:\/\/www.la-maison-naturelle.com\/blog\/author\/idries\/\"}]}<\/script>\n<!-- \/ Yoast SEO plugin. -->","yoast_head_json":{"title":"Kronospan Luxembourg : usine du futur - La Maison naturelle | Blog","robots":{"index":"index","follow":"follow","max-snippet":"max-snippet:-1","max-image-preview":"max-image-preview:large","max-video-preview":"max-video-preview:-1"},"canonical":"https:\/\/www.la-maison-naturelle.com\/blog\/kronospan-kronolux\/","og_locale":"fr_FR","og_type":"article","og_title":"Kronospan Luxembourg : usine du futur - La Maison naturelle | Blog","og_url":"https:\/\/www.la-maison-naturelle.com\/blog\/kronospan-kronolux\/","og_site_name":"La Maison naturelle | Blog","article_published_time":"2013-05-24T12:38:49+00:00","article_modified_time":"2023-08-04T17:14:57+00:00","og_image":[{"url":"https:\/\/www.la-maison-naturelle.com\/blog\/wp-content\/uploads\/2012\/05\/Dark-Green-and-Gray-Professional-and-Clean-E-Commerce-Email-Header-300x35.png","type":"","width":"","height":""}],"author":"Eloise","twitter_card":"summary_large_image","twitter_misc":{"\u00c9crit par":"Eloise","Dur\u00e9e de lecture estim\u00e9e":"5 minutes"},"schema":{"@context":"https:\/\/schema.org","@graph":[{"@type":"Article","@id":"https:\/\/www.la-maison-naturelle.com\/blog\/kronospan-kronolux\/#article","isPartOf":{"@id":"https:\/\/www.la-maison-naturelle.com\/blog\/kronospan-kronolux\/"},"author":{"name":"Eloise","@id":"https:\/\/www.la-maison-naturelle.com\/blog\/#\/schema\/person\/cad2a9ed80410189f0688441d546d43f"},"headline":"Kronospan Luxembourg : usine du futur","datePublished":"2013-05-24T12:38:49+00:00","dateModified":"2023-08-04T17:14:57+00:00","mainEntityOfPage":{"@id":"https:\/\/www.la-maison-naturelle.com\/blog\/kronospan-kronolux\/"},"wordCount":5,"commentCount":0,"publisher":{"@id":"https:\/\/www.la-maison-naturelle.com\/blog\/#organization"},"image":{"@id":"https:\/\/www.la-maison-naturelle.com\/blog\/kronospan-kronolux\/#primaryimage"},"thumbnailUrl":"https:\/\/www.la-maison-naturelle.com\/blog\/wp-content\/uploads\/2012\/05\/Dark-Green-and-Gray-Professional-and-Clean-E-Commerce-Email-Header-300x35.png","articleSection":["Actualit\u00e9s produits"],"inLanguage":"fr-FR","potentialAction":[{"@type":"CommentAction","name":"Comment","target":["https:\/\/www.la-maison-naturelle.com\/blog\/kronospan-kronolux\/#respond"]}]},{"@type":"WebPage","@id":"https:\/\/www.la-maison-naturelle.com\/blog\/kronospan-kronolux\/","url":"https:\/\/www.la-maison-naturelle.com\/blog\/kronospan-kronolux\/","name":"Kronospan Luxembourg : usine du futur - La Maison naturelle | Blog","isPartOf":{"@id":"https:\/\/www.la-maison-naturelle.com\/blog\/#website"},"primaryImageOfPage":{"@id":"https:\/\/www.la-maison-naturelle.com\/blog\/kronospan-kronolux\/#primaryimage"},"image":{"@id":"https:\/\/www.la-maison-naturelle.com\/blog\/kronospan-kronolux\/#primaryimage"},"thumbnailUrl":"https:\/\/www.la-maison-naturelle.com\/blog\/wp-content\/uploads\/2012\/05\/Dark-Green-and-Gray-Professional-and-Clean-E-Commerce-Email-Header-300x35.png","datePublished":"2013-05-24T12:38:49+00:00","dateModified":"2023-08-04T17:14:57+00:00","breadcrumb":{"@id":"https:\/\/www.la-maison-naturelle.com\/blog\/kronospan-kronolux\/#breadcrumb"},"inLanguage":"fr-FR","potentialAction":[{"@type":"ReadAction","target":["https:\/\/www.la-maison-naturelle.com\/blog\/kronospan-kronolux\/"]}]},{"@type":"ImageObject","inLanguage":"fr-FR","@id":"https:\/\/www.la-maison-naturelle.com\/blog\/kronospan-kronolux\/#primaryimage","url":"https:\/\/www.la-maison-naturelle.com\/blog\/wp-content\/uploads\/2012\/05\/Dark-Green-and-Gray-Professional-and-Clean-E-Commerce-Email-Header.png","contentUrl":"https:\/\/www.la-maison-naturelle.com\/blog\/wp-content\/uploads\/2012\/05\/Dark-Green-and-Gray-Professional-and-Clean-E-Commerce-Email-Header.png","width":1578,"height":183},{"@type":"BreadcrumbList","@id":"https:\/\/www.la-maison-naturelle.com\/blog\/kronospan-kronolux\/#breadcrumb","itemListElement":[{"@type":"ListItem","position":1,"name":"Accueil","item":"https:\/\/www.la-maison-naturelle.com\/blog\/"},{"@type":"ListItem","position":2,"name":"Kronospan Luxembourg : usine du futur"}]},{"@type":"WebSite","@id":"https:\/\/www.la-maison-naturelle.com\/blog\/#website","url":"https:\/\/www.la-maison-naturelle.com\/blog\/","name":"La Maison naturelle | Blog","description":"Blog de la Maison naturelle","publisher":{"@id":"https:\/\/www.la-maison-naturelle.com\/blog\/#organization"},"potentialAction":[{"@type":"SearchAction","target":{"@type":"EntryPoint","urlTemplate":"https:\/\/www.la-maison-naturelle.com\/blog\/?s={search_term_string}"},"query-input":{"@type":"PropertyValueSpecification","valueRequired":true,"valueName":"search_term_string"}}],"inLanguage":"fr-FR"},{"@type":"Organization","@id":"https:\/\/www.la-maison-naturelle.com\/blog\/#organization","name":"La Maison naturelle | Blog","url":"https:\/\/www.la-maison-naturelle.com\/blog\/","logo":{"@type":"ImageObject","inLanguage":"fr-FR","@id":"https:\/\/www.la-maison-naturelle.com\/blog\/#\/schema\/logo\/image\/","url":"https:\/\/www.la-maison-naturelle.com\/blog\/wp-content\/uploads\/2021\/07\/maison-naturelle-logo.svg","contentUrl":"https:\/\/www.la-maison-naturelle.com\/blog\/wp-content\/uploads\/2021\/07\/maison-naturelle-logo.svg","width":156,"height":64,"caption":"La Maison naturelle | Blog"},"image":{"@id":"https:\/\/www.la-maison-naturelle.com\/blog\/#\/schema\/logo\/image\/"}},{"@type":"Person","@id":"https:\/\/www.la-maison-naturelle.com\/blog\/#\/schema\/person\/cad2a9ed80410189f0688441d546d43f","name":"Eloise","image":{"@type":"ImageObject","inLanguage":"fr-FR","@id":"https:\/\/www.la-maison-naturelle.com\/blog\/#\/schema\/person\/image\/","url":"https:\/\/secure.gravatar.com\/avatar\/344186806f5e8613d4a2109f3b0228a847a7c0858a8023778c44bdcfc1111df9?s=96&d=mm&r=g","contentUrl":"https:\/\/secure.gravatar.com\/avatar\/344186806f5e8613d4a2109f3b0228a847a7c0858a8023778c44bdcfc1111df9?s=96&d=mm&r=g","caption":"Eloise"},"sameAs":["https:\/\/www.la-maison-naturelle.com\/"],"url":"https:\/\/www.la-maison-naturelle.com\/blog\/author\/idries\/"}]}},"_links":{"self":[{"href":"https:\/\/www.la-maison-naturelle.com\/blog\/wp-json\/wp\/v2\/posts\/2228","targetHints":{"allow":["GET"]}}],"collection":[{"href":"https:\/\/www.la-maison-naturelle.com\/blog\/wp-json\/wp\/v2\/posts"}],"about":[{"href":"https:\/\/www.la-maison-naturelle.com\/blog\/wp-json\/wp\/v2\/types\/post"}],"author":[{"embeddable":true,"href":"https:\/\/www.la-maison-naturelle.com\/blog\/wp-json\/wp\/v2\/users\/5"}],"replies":[{"embeddable":true,"href":"https:\/\/www.la-maison-naturelle.com\/blog\/wp-json\/wp\/v2\/comments?post=2228"}],"version-history":[{"count":4,"href":"https:\/\/www.la-maison-naturelle.com\/blog\/wp-json\/wp\/v2\/posts\/2228\/revisions"}],"predecessor-version":[{"id":5804,"href":"https:\/\/www.la-maison-naturelle.com\/blog\/wp-json\/wp\/v2\/posts\/2228\/revisions\/5804"}],"wp:attachment":[{"href":"https:\/\/www.la-maison-naturelle.com\/blog\/wp-json\/wp\/v2\/media?parent=2228"}],"wp:term":[{"taxonomy":"category","embeddable":true,"href":"https:\/\/www.la-maison-naturelle.com\/blog\/wp-json\/wp\/v2\/categories?post=2228"},{"taxonomy":"post_tag","embeddable":true,"href":"https:\/\/www.la-maison-naturelle.com\/blog\/wp-json\/wp\/v2\/tags?post=2228"}],"curies":[{"name":"wp","href":"https:\/\/api.w.org\/{rel}","templated":true}]}}