{"id":2200,"date":"2013-05-24T14:17:59","date_gmt":"2013-05-24T12:17:59","guid":{"rendered":"https:\/\/www.la-maison-naturelle.com\/blog\/?p=2200"},"modified":"2023-08-25T13:26:33","modified_gmt":"2023-08-25T11:26:33","slug":"liege-et-fibre-de-bois-vendus-et-livres-dans-la-somme-80","status":"publish","type":"post","link":"https:\/\/www.la-maison-naturelle.com\/blog\/liege-et-fibre-de-bois-vendus-et-livres-dans-la-somme-80\/","title":{"rendered":"\u00ab\u00a0Li\u00e8ge et fibre de bois dans la Somme 80 : La construction durable \u00e0 son apog\u00e9e\u00a0\u00bb"},"content":{"rendered":"<table style=\" width=\"100%\",max-width=\"839\">\n<tbody>\n<tr>\n<td colspan=\"3\"><a href=\"https:\/\/www.la-maison-naturelle.com\/\"><img decoding=\"async\" class=\"wp-image-5568 aligncenter\" src=\"https:\/\/www.la-maison-naturelle.com\/blog\/wp-content\/uploads\/2012\/05\/Dark-Green-and-Gray-Professional-and-Clean-E-Commerce-Email-Header-300x35.png\" alt=\"\" width=\"839\" srcset=\"https:\/\/www.la-maison-naturelle.com\/blog\/wp-content\/uploads\/2012\/05\/Dark-Green-and-Gray-Professional-and-Clean-E-Commerce-Email-Header-300x35.png 300w, https:\/\/www.la-maison-naturelle.com\/blog\/wp-content\/uploads\/2012\/05\/Dark-Green-and-Gray-Professional-and-Clean-E-Commerce-Email-Header-1024x119.png 1024w, https:\/\/www.la-maison-naturelle.com\/blog\/wp-content\/uploads\/2012\/05\/Dark-Green-and-Gray-Professional-and-Clean-E-Commerce-Email-Header-768x89.png 768w, https:\/\/www.la-maison-naturelle.com\/blog\/wp-content\/uploads\/2012\/05\/Dark-Green-and-Gray-Professional-and-Clean-E-Commerce-Email-Header-1536x178.png 1536w, https:\/\/www.la-maison-naturelle.com\/blog\/wp-content\/uploads\/2012\/05\/Dark-Green-and-Gray-Professional-and-Clean-E-Commerce-Email-Header.png 1578w\" sizes=\"(max-width: 300px) 100vw, 300px\" \/><\/a><\/td>\n<\/tr>\n<tr>\n<td><a href=\"https:\/\/www.la-maison-naturelle.com\/5260-materiaux-et-bricolage\"><img loading=\"lazy\" decoding=\"async\" class=\"alignright size-medium wp-image-5565\" src=\"https:\/\/www.la-maison-naturelle.com\/blog\/wp-content\/uploads\/2012\/05\/73a5f09c-2ef6-46dd-90d1-9cf73599e16b-1-249x300.png\" alt=\"Mat\u00e9riaux et bricolage\" width=\"249\" height=\"300\" srcset=\"https:\/\/www.la-maison-naturelle.com\/blog\/wp-content\/uploads\/2012\/05\/73a5f09c-2ef6-46dd-90d1-9cf73599e16b-1-249x300.png 249w, https:\/\/www.la-maison-naturelle.com\/blog\/wp-content\/uploads\/2012\/05\/73a5f09c-2ef6-46dd-90d1-9cf73599e16b-1.png 397w\" sizes=\"auto, (max-width: 249px) 100vw, 249px\" \/><\/a><\/td>\n<td><a href=\"https:\/\/www.la-maison-naturelle.com\/5266-amenagement-du-jardin\"><img loading=\"lazy\" decoding=\"async\" class=\"alignright size-medium wp-image-5564\" src=\"https:\/\/www.la-maison-naturelle.com\/blog\/wp-content\/uploads\/2012\/05\/9224811f-6da5-4d4d-8634-e9a2517a9565-1-249x300.png\" alt=\"Jardin et ext\u00e9rieur\" width=\"249\" height=\"300\" srcset=\"https:\/\/www.la-maison-naturelle.com\/blog\/wp-content\/uploads\/2012\/05\/9224811f-6da5-4d4d-8634-e9a2517a9565-1-249x300.png 249w, https:\/\/www.la-maison-naturelle.com\/blog\/wp-content\/uploads\/2012\/05\/9224811f-6da5-4d4d-8634-e9a2517a9565-1.png 397w\" sizes=\"auto, (max-width: 249px) 100vw, 249px\" \/><\/a><\/td>\n<td><a href=\"https:\/\/www.la-maison-naturelle.com\/5267-interieur-et-decoration\"><img loading=\"lazy\" decoding=\"async\" class=\"alignright size-medium wp-image-5563\" src=\"https:\/\/www.la-maison-naturelle.com\/blog\/wp-content\/uploads\/2012\/05\/b9400ea8-440a-4a4a-8db6-682fde3f9652-1-249x300.png\" alt=\"Int\u00e9rieur et d\u00e9coration\" width=\"249\" height=\"300\" srcset=\"https:\/\/www.la-maison-naturelle.com\/blog\/wp-content\/uploads\/2012\/05\/b9400ea8-440a-4a4a-8db6-682fde3f9652-1-249x300.png 249w, https:\/\/www.la-maison-naturelle.com\/blog\/wp-content\/uploads\/2012\/05\/b9400ea8-440a-4a4a-8db6-682fde3f9652-1.png 397w\" sizes=\"auto, (max-width: 249px) 100vw, 249px\" \/><\/a><\/td>\n<\/tr>\n<\/tbody>\n<\/table>\n<p>Introduction<\/p>\n<p>Li\u00e8ge et fibre de bois dans la Somme 80 : La construction durable \u00e0 son apog\u00e9e<\/p>\n<p>La construction durable est devenue une pr\u00e9occupation de plus en plus importante dans le secteur du b\u00e2timent. Les mat\u00e9riaux utilis\u00e9s jouent un r\u00f4le cl\u00e9 dans cette probl\u00e9matique, car ils doivent \u00eatre non seulement performants, mais aussi respectueux de l&rsquo;environnement. Dans cet article, nous nous pencherons sur l&rsquo;utilisation de la li\u00e8ge et de la fibre de bois dans la construction, en particulier dans le d\u00e9partement de la Somme (80).<\/p>\n<p>La fibre de bois et le li\u00e8ge sont deux mat\u00e9riaux naturels qui poss\u00e8dent des propri\u00e9t\u00e9s isolantes remarquables. Le li\u00e8ge, obtenu \u00e0 partir de l&rsquo;\u00e9corce du ch\u00eane-li\u00e8ge, est un mat\u00e9riau polyvalent utilis\u00e9 notamment dans l&rsquo;industrie de la construction pour son excellente <a href=\"https:\/\/www.la-maison-naturelle.com\/blog\/la-resistance-thermique\/\" data-internallinksmanager029f6b8e52c=\"78\" title=\"Qu'est-ce que la r\u00e9sistance thermique ?\">r\u00e9sistance thermique<\/a> et son efficacit\u00e9 en mati\u00e8re d&rsquo;insonorisation. De son c\u00f4t\u00e9, la fibre de bois, fabriqu\u00e9e \u00e0 partir de d\u00e9chets de bois, pr\u00e9sente elle aussi des avantages en termes de respect de l&rsquo;environnement et de performances thermiques et acoustiques.<\/p>\n<p>Dans la Somme, de nombreux acteurs proposent ces mat\u00e9riaux \u00e9cologiques, que ce soit des entreprises sp\u00e9cialis\u00e9es ou des magasins de bricolage. De nombreux projets de construction ou de r\u00e9novation utilisent \u00e9galement ces mat\u00e9riaux dans le d\u00e9partement. Que ce soit pour la construction de maisons en bois ou la r\u00e9novation \u00e9nerg\u00e9tique de b\u00e2timents anciens, la li\u00e8ge et la fibre de bois sont largement mises \u00e0 l&rsquo;honneur dans la Somme.<\/p>\n<p>En conclusion, la li\u00e8ge et la fibre de bois sont des mat\u00e9riaux de choix pour tous ceux qui souhaitent construire ou r\u00e9nover de mani\u00e8re durable dans la Somme. Leur utilisation pr\u00e9sente de nombreux avantages, tant sur le plan environnemental que sur le plan des performances thermiques et acoustiques. Il est donc essentiel de consid\u00e9rer ces mat\u00e9riaux lors de tout projet de construction durable.<\/p>\n<p style=\"text-align: center;\"><span style=\"text-align: center;\"><a href=\"https:\/\/www.la-maison-naturelle.com\/\"><button>Achetez nos produits sur :<br \/>\n<img loading=\"lazy\" decoding=\"async\" class=\"aligncenter wp-image-376 size-thumbnail\" role=\"img\" src=\"https:\/\/www.la-maison-naturelle.com\/blog\/wp-content\/uploads\/2021\/07\/maison-naturelle-logo.svg\" alt=\"\" width=\"150\" height=\"150\" srcset=\"https:\/\/www.la-maison-naturelle.com\/blog\/wp-content\/uploads\/\/2021\/07\/maison-naturelle-logo.svg 150w, https:\/\/www.la-maison-naturelle.com\/blog\/wp-content\/uploads\/\/2021\/07\/maison-naturelle-logo.svg 300w, https:\/\/www.la-maison-naturelle.com\/blog\/wp-content\/uploads\/\/2021\/07\/maison-naturelle-logo.svg 1024w, https:\/\/www.la-maison-naturelle.com\/blog\/wp-content\/uploads\/\/2021\/07\/maison-naturelle-logo.svg 1536w, https:\/\/www.la-maison-naturelle.com\/blog\/wp-content\/uploads\/\/2021\/07\/maison-naturelle-logo.svg 2048w\" sizes=\"auto, (max-width: 150px) 100vw, 150px\" \/><\/button><\/a><\/span><\/p>\n<h2>I. Introduction<\/h2>\n<p>Dans cet article, nous allons aborder le th\u00e8me de la li\u00e8ge et de la fibre de bois dans la Somme (80). Nous discuterons de l&rsquo;importance de ces mat\u00e9riaux dans la construction durable et de leurs avantages \u00e9cologiques.<\/p>\n<h2>II. Li\u00e8ge : un mat\u00e9riau \u00e9cologique et polyvalent<\/h2>\n<p>Le li\u00e8ge est un mat\u00e9riau naturellement isolant et polyvalent, id\u00e9al pour une utilisation dans la construction. Il pr\u00e9sente plusieurs propri\u00e9t\u00e9s isolantes qui en font un choix populaire.<\/p>\n<h3>1. R\u00e9sistance thermique \u00e9lev\u00e9e<\/h3>\n<p>Le li\u00e8ge poss\u00e8de une r\u00e9sistance thermique \u00e9lev\u00e9e, ce qui en fait un excellent isolant pour les maisons et les b\u00e2timents. Il permet de r\u00e9duire les pertes de chaleur en hiver et de garder la fra\u00eecheur en \u00e9t\u00e9.<\/p>\n<h3>2. Insonorisation efficace<\/h3>\n<p>En plus de ses propri\u00e9t\u00e9s thermiques, le li\u00e8ge offre \u00e9galement une excellente insonorisation. Il absorbe les bruits et r\u00e9duit la transmission du son, ce qui en fait un choix id\u00e9al pour les sols et les murs.<\/p>\n<h2>III. La fibre de bois : un isolant naturel performant<\/h2>\n<p>La fibre de bois est un autre mat\u00e9riau naturel performant en termes d&rsquo;isolation. Elle pr\u00e9sente plusieurs avantages qui en font un choix durable et \u00e9cologique.<\/p>\n<h3>1. Respect de l&rsquo;environnement<\/h3>\n<p>La fibre de bois est obtenue \u00e0 partir de bois issu de for\u00eats g\u00e9r\u00e9es de mani\u00e8re durable. Son utilisation contribue donc \u00e0 la pr\u00e9servation de l&rsquo;environnement et \u00e0 la r\u00e9duction des \u00e9missions de CO2.<\/p>\n<h3>2. Performance thermique et acoustique<\/h3>\n<p>La fibre de bois offre une excellente performance thermique en isolant les murs et les combles. Elle permet \u00e9galement de r\u00e9duire les nuisances sonores, offrant ainsi un confort acoustique optimal.<\/p>\n<h2>IV. Utilisation de la li\u00e8ge et de la fibre de bois dans la Somme 80<\/h2>\n<p>Dans la Somme (80), plusieurs acteurs locaux proposent l&rsquo;utilisation de la li\u00e8ge et de la fibre de bois dans la construction durable.<\/p>\n<h3>1. Entreprises sp\u00e9cialis\u00e9es<\/h3>\n<p>Des entreprises sp\u00e9cialis\u00e9es dans la construction \u00e9cologique proposent des solutions \u00e0 base de li\u00e8ge et de fibre de bois. Elles peuvent conseiller sur les diff\u00e9rents produits disponibles et les meilleures utilisations.<\/p>\n<h3>2. Magasins de bricolage<\/h3>\n<p>Certains magasins de bricolage de la Somme (80) proposent \u00e9galement des mat\u00e9riaux \u00e0 base de li\u00e8ge et de fibre de bois. Les particuliers peuvent donc s&rsquo;approvisionner localement pour leurs projets de construction.<\/p>\n<h2>V. Conclusion<\/h2>\n<p>En conclusion, la li\u00e8ge et la fibre de bois sont des mat\u00e9riaux \u00e9cologiques et performants pour la construction durable. Leur utilisation pr\u00e9sente de nombreux avantages pour l&rsquo;isolation thermique et acoustique. Dans la Somme (80), il existe des acteurs locaux proposant ces mat\u00e9riaux, facilitant ainsi leur disponibilit\u00e9. Il est donc encourageant d&rsquo;utiliser ces mat\u00e9riaux dans la construction pour pr\u00e9server l&rsquo;environnement et am\u00e9liorer le confort des b\u00e2timents.<\/p>\n<p style=\"text-align: center;\"><span style=\"text-align: center;\"><a href=\"https:\/\/www.la-maison-naturelle.com\/\"><button>Achetez nos produits sur :<br \/>\n<img loading=\"lazy\" decoding=\"async\" class=\"aligncenter wp-image-376 size-thumbnail\" role=\"img\" src=\"https:\/\/www.la-maison-naturelle.com\/blog\/wp-content\/uploads\/2021\/07\/maison-naturelle-logo.svg\" alt=\"\" width=\"150\" height=\"150\" srcset=\"https:\/\/www.la-maison-naturelle.com\/blog\/wp-content\/uploads\/\/2021\/07\/maison-naturelle-logo.svg 150w, https:\/\/www.la-maison-naturelle.com\/blog\/wp-content\/uploads\/\/2021\/07\/maison-naturelle-logo.svg 300w, https:\/\/www.la-maison-naturelle.com\/blog\/wp-content\/uploads\/\/2021\/07\/maison-naturelle-logo.svg 1024w, https:\/\/www.la-maison-naturelle.com\/blog\/wp-content\/uploads\/\/2021\/07\/maison-naturelle-logo.svg 1536w, https:\/\/www.la-maison-naturelle.com\/blog\/wp-content\/uploads\/\/2021\/07\/maison-naturelle-logo.svg 2048w\" sizes=\"auto, (max-width: 150px) 100vw, 150px\" \/><\/button><\/a><\/span><\/p>\n","protected":false},"excerpt":{"rendered":"","protected":false},"author":6,"featured_media":0,"comment_status":"open","ping_status":"open","sticky":false,"template":"","format":"standard","meta":{"footnotes":""},"categories":[14],"tags":[],"class_list":["post-2200","post","type-post","status-publish","format-standard","hentry","category-une-petite-pause"],"_wp_attached_file":null,"_wp_attachment_metadata":null,"_wp_attachment_context":null,"_wp_attachment_image_alt":null,"_hf_settings":null,"hf_message_success":null,"hf_message_invalid_email":null,"hf_message_required_field_missing":null,"hf_message_error":null,"_menu_item_type":null,"_menu_item_menu_item_parent":null,"_menu_item_object_id":null,"_menu_item_object":null,"_menu_item_target":null,"_menu_item_classes":null,"_menu_item_xfn":null,"_menu_item_url":null,"_yoast_wpseo_primary_category":"5","_thumbnail_id":null,"_oembed_26d84b2c06432105b0a19987ae029a71":null,"_oembed_43e9e2dfde1b9b4ed91c9711026b7ef9":null,"_oembed_1fe1564764edbddc3b61e81acf52be88":null,"_oembed_df60f474cd845141e7ce6596d101e4a0":null,"_oembed_825e674795e2435c0bc66eb08e5d2c8b":null,"_oembed_time_825e674795e2435c0bc66eb08e5d2c8b":null,"_oembed_e917352ff4cc21ea91383201eeaa08cf":null,"_oembed_2363c16c972791c33e283320dc564fce":null,"_oembed_cc9ad5b5073a84776f6a62e33e6c7498":null,"_oembed_time_cc9ad5b5073a84776f6a62e33e6c7498":null,"_oembed_305147fcf4b856de518466e695c209cd":null,"_oembed_8517a877084ae01a5296813ee1d16a2b":null,"_oembed_2741f1556b243e68379198f98ba7f864":null,"_oembed_c3ffa24981451396c950ece2129da0f6":null,"_oembed_6f9091ebe2f3f5fcb5698ba6f4b41477":null,"_wp_old_slug":null,"_oembed_e4fb0f68ba12b85e9e231afe151ba12a":null,"_oembed_3c60e98bd703e617e67f5bbb3b97424d":null,"_oembed_bb060374498dcf40cb6068efe4be87e1":null,"_oembed_d0403e1e71c3a29020bd546b159480f1":null,"_oembed_b030ff17fbbbf8661c59c2ab8ff289eb":null,"_oembed_5cec699ba0631c6c0e4ba4f6af5f228e":null,"_oembed_b06a67f278b90cf4e8dd17cb12fe67b0":null,"_oembed_8e190e4fea2256f17420434651556236":null,"_oembed_b5ded119f1337916a0fc64d2ad85c95f":null,"_oembed_d9364a7a81be31c01415da2c50a48932":null,"_oembed_738cafa36d51a58e5ae3e458aa8f7584":null,"_oembed_ebcab5184b6b321b28efbcbec079859b":null,"_oembed_3dd9e35c2b7b268070e74da5b89cf937":null,"_oembed_e14b167b493e311a1c4e2aab38a463e8":null,"_oembed_dc8f7d108b38f3f0c2e0785b8bc46cae":null,"_oembed_55cf1c5142884afed312c2666bf27520":null,"_oembed_2292333bf03a956b4b61afafeff6bca0":null,"_oembed_82a986a6b900856fec23169de03a0038":null,"_oembed_4048ded025352b83569104210074165a":null,"_oembed_033b42b1af757abc39e4487233cee7f5":null,"_oembed_aec1d50f2b159366be8e37e94b201be1":null,"_oembed_0adc8480b2fcadf9a1733f572ce3d3f8":null,"_yoast_wpseo_title":null,"_yoast_wpseo_focuskw":null,"_yoast_wpseo_linkdex":null,"_yoast_wpseo_metadesc":null,"_yoast_wpseo_wordproof_timestamp":null,"_tpl_archive_meta_key":null,"_form":null,"_mail":null,"_mail_2":null,"_messages":null,"_additional_settings":null,"_locale":null,"_wp_old_date":null,"_edit_last":"5","_wpb_vc_js_status":"false","_yoast_wpseo_estimated-reading-time-minutes":"2","_edit_lock":"1692955180:5","_yoast_wpseo_content_score":"30","yoast_head":"<!-- This site is optimized with the Yoast SEO plugin v24.3 - https:\/\/yoast.com\/wordpress\/plugins\/seo\/ -->\n<title>&quot;Li\u00e8ge et fibre de bois dans la Somme 80 : La construction durable \u00e0 son apog\u00e9e&quot; - La Maison naturelle | Blog<\/title>\n<meta name=\"robots\" content=\"index, follow, max-snippet:-1, max-image-preview:large, max-video-preview:-1\" \/>\n<link rel=\"canonical\" href=\"https:\/\/www.la-maison-naturelle.com\/blog\/liege-et-fibre-de-bois-vendus-et-livres-dans-la-somme-80\/\" \/>\n<meta property=\"og:locale\" content=\"fr_FR\" \/>\n<meta property=\"og:type\" content=\"article\" \/>\n<meta property=\"og:title\" content=\"&quot;Li\u00e8ge et fibre de bois dans la Somme 80 : La construction durable \u00e0 son apog\u00e9e&quot; - La Maison naturelle | Blog\" \/>\n<meta property=\"og:url\" content=\"https:\/\/www.la-maison-naturelle.com\/blog\/liege-et-fibre-de-bois-vendus-et-livres-dans-la-somme-80\/\" \/>\n<meta property=\"og:site_name\" content=\"La Maison naturelle | Blog\" \/>\n<meta property=\"article:published_time\" content=\"2013-05-24T12:17:59+00:00\" \/>\n<meta property=\"article:modified_time\" content=\"2023-08-25T11:26:33+00:00\" \/>\n<meta property=\"og:image\" content=\"https:\/\/www.la-maison-naturelle.com\/blog\/wp-content\/uploads\/2012\/05\/Dark-Green-and-Gray-Professional-and-Clean-E-Commerce-Email-Header-300x35.png\" \/>\n<meta name=\"author\" content=\"Thierry Lailavoix\" \/>\n<meta name=\"twitter:card\" content=\"summary_large_image\" \/>\n<meta name=\"twitter:label1\" content=\"\u00c9crit par\" \/>\n\t<meta name=\"twitter:data1\" content=\"Thierry Lailavoix\" \/>\n\t<meta name=\"twitter:label2\" content=\"Dur\u00e9e de lecture estim\u00e9e\" \/>\n\t<meta name=\"twitter:data2\" content=\"2 minutes\" \/>\n<script type=\"application\/ld+json\" class=\"yoast-schema-graph\">{\"@context\":\"https:\/\/schema.org\",\"@graph\":[{\"@type\":\"Article\",\"@id\":\"https:\/\/www.la-maison-naturelle.com\/blog\/liege-et-fibre-de-bois-vendus-et-livres-dans-la-somme-80\/#article\",\"isPartOf\":{\"@id\":\"https:\/\/www.la-maison-naturelle.com\/blog\/liege-et-fibre-de-bois-vendus-et-livres-dans-la-somme-80\/\"},\"author\":{\"name\":\"Thierry Lailavoix\",\"@id\":\"https:\/\/www.la-maison-naturelle.com\/blog\/#\/schema\/person\/17f32dccfc90d210e981fac7c831f73c\"},\"headline\":\"\u00ab\u00a0Li\u00e8ge et fibre de bois dans la Somme 80 : La construction durable \u00e0 son apog\u00e9e\u00a0\u00bb\",\"datePublished\":\"2013-05-24T12:17:59+00:00\",\"dateModified\":\"2023-08-25T11:26:33+00:00\",\"mainEntityOfPage\":{\"@id\":\"https:\/\/www.la-maison-naturelle.com\/blog\/liege-et-fibre-de-bois-vendus-et-livres-dans-la-somme-80\/\"},\"wordCount\":15,\"commentCount\":0,\"publisher\":{\"@id\":\"https:\/\/www.la-maison-naturelle.com\/blog\/#organization\"},\"image\":{\"@id\":\"https:\/\/www.la-maison-naturelle.com\/blog\/liege-et-fibre-de-bois-vendus-et-livres-dans-la-somme-80\/#primaryimage\"},\"thumbnailUrl\":\"https:\/\/www.la-maison-naturelle.com\/blog\/wp-content\/uploads\/2012\/05\/Dark-Green-and-Gray-Professional-and-Clean-E-Commerce-Email-Header-300x35.png\",\"articleSection\":[\"Une petite Pause\"],\"inLanguage\":\"fr-FR\",\"potentialAction\":[{\"@type\":\"CommentAction\",\"name\":\"Comment\",\"target\":[\"https:\/\/www.la-maison-naturelle.com\/blog\/liege-et-fibre-de-bois-vendus-et-livres-dans-la-somme-80\/#respond\"]}]},{\"@type\":\"WebPage\",\"@id\":\"https:\/\/www.la-maison-naturelle.com\/blog\/liege-et-fibre-de-bois-vendus-et-livres-dans-la-somme-80\/\",\"url\":\"https:\/\/www.la-maison-naturelle.com\/blog\/liege-et-fibre-de-bois-vendus-et-livres-dans-la-somme-80\/\",\"name\":\"\\\"Li\u00e8ge et fibre de bois dans la Somme 80 : La construction durable \u00e0 son apog\u00e9e\\\" - La Maison naturelle | Blog\",\"isPartOf\":{\"@id\":\"https:\/\/www.la-maison-naturelle.com\/blog\/#website\"},\"primaryImageOfPage\":{\"@id\":\"https:\/\/www.la-maison-naturelle.com\/blog\/liege-et-fibre-de-bois-vendus-et-livres-dans-la-somme-80\/#primaryimage\"},\"image\":{\"@id\":\"https:\/\/www.la-maison-naturelle.com\/blog\/liege-et-fibre-de-bois-vendus-et-livres-dans-la-somme-80\/#primaryimage\"},\"thumbnailUrl\":\"https:\/\/www.la-maison-naturelle.com\/blog\/wp-content\/uploads\/2012\/05\/Dark-Green-and-Gray-Professional-and-Clean-E-Commerce-Email-Header-300x35.png\",\"datePublished\":\"2013-05-24T12:17:59+00:00\",\"dateModified\":\"2023-08-25T11:26:33+00:00\",\"breadcrumb\":{\"@id\":\"https:\/\/www.la-maison-naturelle.com\/blog\/liege-et-fibre-de-bois-vendus-et-livres-dans-la-somme-80\/#breadcrumb\"},\"inLanguage\":\"fr-FR\",\"potentialAction\":[{\"@type\":\"ReadAction\",\"target\":[\"https:\/\/www.la-maison-naturelle.com\/blog\/liege-et-fibre-de-bois-vendus-et-livres-dans-la-somme-80\/\"]}]},{\"@type\":\"ImageObject\",\"inLanguage\":\"fr-FR\",\"@id\":\"https:\/\/www.la-maison-naturelle.com\/blog\/liege-et-fibre-de-bois-vendus-et-livres-dans-la-somme-80\/#primaryimage\",\"url\":\"https:\/\/www.la-maison-naturelle.com\/blog\/wp-content\/uploads\/2012\/05\/Dark-Green-and-Gray-Professional-and-Clean-E-Commerce-Email-Header.png\",\"contentUrl\":\"https:\/\/www.la-maison-naturelle.com\/blog\/wp-content\/uploads\/2012\/05\/Dark-Green-and-Gray-Professional-and-Clean-E-Commerce-Email-Header.png\",\"width\":1578,\"height\":183},{\"@type\":\"BreadcrumbList\",\"@id\":\"https:\/\/www.la-maison-naturelle.com\/blog\/liege-et-fibre-de-bois-vendus-et-livres-dans-la-somme-80\/#breadcrumb\",\"itemListElement\":[{\"@type\":\"ListItem\",\"position\":1,\"name\":\"Accueil\",\"item\":\"https:\/\/www.la-maison-naturelle.com\/blog\/\"},{\"@type\":\"ListItem\",\"position\":2,\"name\":\"\u00ab\u00a0Li\u00e8ge et fibre de bois dans la Somme 80 : La construction durable \u00e0 son apog\u00e9e\u00a0\u00bb\"}]},{\"@type\":\"WebSite\",\"@id\":\"https:\/\/www.la-maison-naturelle.com\/blog\/#website\",\"url\":\"https:\/\/www.la-maison-naturelle.com\/blog\/\",\"name\":\"La Maison naturelle | Blog\",\"description\":\"Blog de la Maison naturelle\",\"publisher\":{\"@id\":\"https:\/\/www.la-maison-naturelle.com\/blog\/#organization\"},\"potentialAction\":[{\"@type\":\"SearchAction\",\"target\":{\"@type\":\"EntryPoint\",\"urlTemplate\":\"https:\/\/www.la-maison-naturelle.com\/blog\/?s={search_term_string}\"},\"query-input\":{\"@type\":\"PropertyValueSpecification\",\"valueRequired\":true,\"valueName\":\"search_term_string\"}}],\"inLanguage\":\"fr-FR\"},{\"@type\":\"Organization\",\"@id\":\"https:\/\/www.la-maison-naturelle.com\/blog\/#organization\",\"name\":\"La Maison naturelle | Blog\",\"url\":\"https:\/\/www.la-maison-naturelle.com\/blog\/\",\"logo\":{\"@type\":\"ImageObject\",\"inLanguage\":\"fr-FR\",\"@id\":\"https:\/\/www.la-maison-naturelle.com\/blog\/#\/schema\/logo\/image\/\",\"url\":\"https:\/\/www.la-maison-naturelle.com\/blog\/wp-content\/uploads\/2021\/07\/maison-naturelle-logo.svg\",\"contentUrl\":\"https:\/\/www.la-maison-naturelle.com\/blog\/wp-content\/uploads\/2021\/07\/maison-naturelle-logo.svg\",\"width\":156,\"height\":64,\"caption\":\"La Maison naturelle | Blog\"},\"image\":{\"@id\":\"https:\/\/www.la-maison-naturelle.com\/blog\/#\/schema\/logo\/image\/\"}},{\"@type\":\"Person\",\"@id\":\"https:\/\/www.la-maison-naturelle.com\/blog\/#\/schema\/person\/17f32dccfc90d210e981fac7c831f73c\",\"name\":\"Thierry Lailavoix\",\"image\":{\"@type\":\"ImageObject\",\"inLanguage\":\"fr-FR\",\"@id\":\"https:\/\/www.la-maison-naturelle.com\/blog\/#\/schema\/person\/image\/\",\"url\":\"https:\/\/secure.gravatar.com\/avatar\/13e5241036ff85f04898947108b791b16bbd9e4f629e40d355f8ec0a8e57a22c?s=96&d=mm&r=g\",\"contentUrl\":\"https:\/\/secure.gravatar.com\/avatar\/13e5241036ff85f04898947108b791b16bbd9e4f629e40d355f8ec0a8e57a22c?s=96&d=mm&r=g\",\"caption\":\"Thierry Lailavoix\"},\"sameAs\":[\"https:\/\/www.la-maison-naturelle.com\/\"],\"url\":\"https:\/\/www.la-maison-naturelle.com\/blog\/author\/thierry\/\"}]}<\/script>\n<!-- \/ Yoast SEO plugin. -->","yoast_head_json":{"title":"\"Li\u00e8ge et fibre de bois dans la Somme 80 : La construction durable \u00e0 son apog\u00e9e\" - La Maison naturelle | Blog","robots":{"index":"index","follow":"follow","max-snippet":"max-snippet:-1","max-image-preview":"max-image-preview:large","max-video-preview":"max-video-preview:-1"},"canonical":"https:\/\/www.la-maison-naturelle.com\/blog\/liege-et-fibre-de-bois-vendus-et-livres-dans-la-somme-80\/","og_locale":"fr_FR","og_type":"article","og_title":"\"Li\u00e8ge et fibre de bois dans la Somme 80 : La construction durable \u00e0 son apog\u00e9e\" - La Maison naturelle | Blog","og_url":"https:\/\/www.la-maison-naturelle.com\/blog\/liege-et-fibre-de-bois-vendus-et-livres-dans-la-somme-80\/","og_site_name":"La Maison naturelle | Blog","article_published_time":"2013-05-24T12:17:59+00:00","article_modified_time":"2023-08-25T11:26:33+00:00","og_image":[{"url":"https:\/\/www.la-maison-naturelle.com\/blog\/wp-content\/uploads\/2012\/05\/Dark-Green-and-Gray-Professional-and-Clean-E-Commerce-Email-Header-300x35.png","type":"","width":"","height":""}],"author":"Thierry Lailavoix","twitter_card":"summary_large_image","twitter_misc":{"\u00c9crit par":"Thierry Lailavoix","Dur\u00e9e de lecture estim\u00e9e":"2 minutes"},"schema":{"@context":"https:\/\/schema.org","@graph":[{"@type":"Article","@id":"https:\/\/www.la-maison-naturelle.com\/blog\/liege-et-fibre-de-bois-vendus-et-livres-dans-la-somme-80\/#article","isPartOf":{"@id":"https:\/\/www.la-maison-naturelle.com\/blog\/liege-et-fibre-de-bois-vendus-et-livres-dans-la-somme-80\/"},"author":{"name":"Thierry Lailavoix","@id":"https:\/\/www.la-maison-naturelle.com\/blog\/#\/schema\/person\/17f32dccfc90d210e981fac7c831f73c"},"headline":"\u00ab\u00a0Li\u00e8ge et fibre de bois dans la Somme 80 : La construction durable \u00e0 son apog\u00e9e\u00a0\u00bb","datePublished":"2013-05-24T12:17:59+00:00","dateModified":"2023-08-25T11:26:33+00:00","mainEntityOfPage":{"@id":"https:\/\/www.la-maison-naturelle.com\/blog\/liege-et-fibre-de-bois-vendus-et-livres-dans-la-somme-80\/"},"wordCount":15,"commentCount":0,"publisher":{"@id":"https:\/\/www.la-maison-naturelle.com\/blog\/#organization"},"image":{"@id":"https:\/\/www.la-maison-naturelle.com\/blog\/liege-et-fibre-de-bois-vendus-et-livres-dans-la-somme-80\/#primaryimage"},"thumbnailUrl":"https:\/\/www.la-maison-naturelle.com\/blog\/wp-content\/uploads\/2012\/05\/Dark-Green-and-Gray-Professional-and-Clean-E-Commerce-Email-Header-300x35.png","articleSection":["Une petite Pause"],"inLanguage":"fr-FR","potentialAction":[{"@type":"CommentAction","name":"Comment","target":["https:\/\/www.la-maison-naturelle.com\/blog\/liege-et-fibre-de-bois-vendus-et-livres-dans-la-somme-80\/#respond"]}]},{"@type":"WebPage","@id":"https:\/\/www.la-maison-naturelle.com\/blog\/liege-et-fibre-de-bois-vendus-et-livres-dans-la-somme-80\/","url":"https:\/\/www.la-maison-naturelle.com\/blog\/liege-et-fibre-de-bois-vendus-et-livres-dans-la-somme-80\/","name":"\"Li\u00e8ge et fibre de bois dans la Somme 80 : La construction durable \u00e0 son apog\u00e9e\" - La Maison naturelle | Blog","isPartOf":{"@id":"https:\/\/www.la-maison-naturelle.com\/blog\/#website"},"primaryImageOfPage":{"@id":"https:\/\/www.la-maison-naturelle.com\/blog\/liege-et-fibre-de-bois-vendus-et-livres-dans-la-somme-80\/#primaryimage"},"image":{"@id":"https:\/\/www.la-maison-naturelle.com\/blog\/liege-et-fibre-de-bois-vendus-et-livres-dans-la-somme-80\/#primaryimage"},"thumbnailUrl":"https:\/\/www.la-maison-naturelle.com\/blog\/wp-content\/uploads\/2012\/05\/Dark-Green-and-Gray-Professional-and-Clean-E-Commerce-Email-Header-300x35.png","datePublished":"2013-05-24T12:17:59+00:00","dateModified":"2023-08-25T11:26:33+00:00","breadcrumb":{"@id":"https:\/\/www.la-maison-naturelle.com\/blog\/liege-et-fibre-de-bois-vendus-et-livres-dans-la-somme-80\/#breadcrumb"},"inLanguage":"fr-FR","potentialAction":[{"@type":"ReadAction","target":["https:\/\/www.la-maison-naturelle.com\/blog\/liege-et-fibre-de-bois-vendus-et-livres-dans-la-somme-80\/"]}]},{"@type":"ImageObject","inLanguage":"fr-FR","@id":"https:\/\/www.la-maison-naturelle.com\/blog\/liege-et-fibre-de-bois-vendus-et-livres-dans-la-somme-80\/#primaryimage","url":"https:\/\/www.la-maison-naturelle.com\/blog\/wp-content\/uploads\/2012\/05\/Dark-Green-and-Gray-Professional-and-Clean-E-Commerce-Email-Header.png","contentUrl":"https:\/\/www.la-maison-naturelle.com\/blog\/wp-content\/uploads\/2012\/05\/Dark-Green-and-Gray-Professional-and-Clean-E-Commerce-Email-Header.png","width":1578,"height":183},{"@type":"BreadcrumbList","@id":"https:\/\/www.la-maison-naturelle.com\/blog\/liege-et-fibre-de-bois-vendus-et-livres-dans-la-somme-80\/#breadcrumb","itemListElement":[{"@type":"ListItem","position":1,"name":"Accueil","item":"https:\/\/www.la-maison-naturelle.com\/blog\/"},{"@type":"ListItem","position":2,"name":"\u00ab\u00a0Li\u00e8ge et fibre de bois dans la Somme 80 : La construction durable \u00e0 son apog\u00e9e\u00a0\u00bb"}]},{"@type":"WebSite","@id":"https:\/\/www.la-maison-naturelle.com\/blog\/#website","url":"https:\/\/www.la-maison-naturelle.com\/blog\/","name":"La Maison naturelle | Blog","description":"Blog de la Maison naturelle","publisher":{"@id":"https:\/\/www.la-maison-naturelle.com\/blog\/#organization"},"potentialAction":[{"@type":"SearchAction","target":{"@type":"EntryPoint","urlTemplate":"https:\/\/www.la-maison-naturelle.com\/blog\/?s={search_term_string}"},"query-input":{"@type":"PropertyValueSpecification","valueRequired":true,"valueName":"search_term_string"}}],"inLanguage":"fr-FR"},{"@type":"Organization","@id":"https:\/\/www.la-maison-naturelle.com\/blog\/#organization","name":"La Maison naturelle | Blog","url":"https:\/\/www.la-maison-naturelle.com\/blog\/","logo":{"@type":"ImageObject","inLanguage":"fr-FR","@id":"https:\/\/www.la-maison-naturelle.com\/blog\/#\/schema\/logo\/image\/","url":"https:\/\/www.la-maison-naturelle.com\/blog\/wp-content\/uploads\/2021\/07\/maison-naturelle-logo.svg","contentUrl":"https:\/\/www.la-maison-naturelle.com\/blog\/wp-content\/uploads\/2021\/07\/maison-naturelle-logo.svg","width":156,"height":64,"caption":"La Maison naturelle | Blog"},"image":{"@id":"https:\/\/www.la-maison-naturelle.com\/blog\/#\/schema\/logo\/image\/"}},{"@type":"Person","@id":"https:\/\/www.la-maison-naturelle.com\/blog\/#\/schema\/person\/17f32dccfc90d210e981fac7c831f73c","name":"Thierry Lailavoix","image":{"@type":"ImageObject","inLanguage":"fr-FR","@id":"https:\/\/www.la-maison-naturelle.com\/blog\/#\/schema\/person\/image\/","url":"https:\/\/secure.gravatar.com\/avatar\/13e5241036ff85f04898947108b791b16bbd9e4f629e40d355f8ec0a8e57a22c?s=96&d=mm&r=g","contentUrl":"https:\/\/secure.gravatar.com\/avatar\/13e5241036ff85f04898947108b791b16bbd9e4f629e40d355f8ec0a8e57a22c?s=96&d=mm&r=g","caption":"Thierry Lailavoix"},"sameAs":["https:\/\/www.la-maison-naturelle.com\/"],"url":"https:\/\/www.la-maison-naturelle.com\/blog\/author\/thierry\/"}]}},"_links":{"self":[{"href":"https:\/\/www.la-maison-naturelle.com\/blog\/wp-json\/wp\/v2\/posts\/2200","targetHints":{"allow":["GET"]}}],"collection":[{"href":"https:\/\/www.la-maison-naturelle.com\/blog\/wp-json\/wp\/v2\/posts"}],"about":[{"href":"https:\/\/www.la-maison-naturelle.com\/blog\/wp-json\/wp\/v2\/types\/post"}],"author":[{"embeddable":true,"href":"https:\/\/www.la-maison-naturelle.com\/blog\/wp-json\/wp\/v2\/users\/6"}],"replies":[{"embeddable":true,"href":"https:\/\/www.la-maison-naturelle.com\/blog\/wp-json\/wp\/v2\/comments?post=2200"}],"version-history":[{"count":3,"href":"https:\/\/www.la-maison-naturelle.com\/blog\/wp-json\/wp\/v2\/posts\/2200\/revisions"}],"predecessor-version":[{"id":6491,"href":"https:\/\/www.la-maison-naturelle.com\/blog\/wp-json\/wp\/v2\/posts\/2200\/revisions\/6491"}],"wp:attachment":[{"href":"https:\/\/www.la-maison-naturelle.com\/blog\/wp-json\/wp\/v2\/media?parent=2200"}],"wp:term":[{"taxonomy":"category","embeddable":true,"href":"https:\/\/www.la-maison-naturelle.com\/blog\/wp-json\/wp\/v2\/categories?post=2200"},{"taxonomy":"post_tag","embeddable":true,"href":"https:\/\/www.la-maison-naturelle.com\/blog\/wp-json\/wp\/v2\/tags?post=2200"}],"curies":[{"name":"wp","href":"https:\/\/api.w.org\/{rel}","templated":true}]}}