{"id":2194,"date":"2013-05-24T14:12:28","date_gmt":"2013-05-24T12:12:28","guid":{"rendered":"https:\/\/www.la-maison-naturelle.com\/blog\/?p=2194"},"modified":"2023-08-25T13:28:50","modified_gmt":"2023-08-25T11:28:50","slug":"liege-ouate-fibre-de-bois-comment-isoler-facon-bbc-dans-le-93","status":"publish","type":"post","link":"https:\/\/www.la-maison-naturelle.com\/blog\/liege-ouate-fibre-de-bois-comment-isoler-facon-bbc-dans-le-93\/","title":{"rendered":"Isolation \u00ab\u00a0fa\u00e7on\u00a0\u00bb BBC dans le 93 : Li\u00e8ge ouate et fibre de bois, des mat\u00e9riaux \u00e9cologiques et performants."},"content":{"rendered":"<table style=\" width=\"100%\",max-width=\"839\">\n<tbody>\n<tr>\n<td colspan=\"3\"><a href=\"https:\/\/www.la-maison-naturelle.com\/\"><img decoding=\"async\" class=\"wp-image-5568 aligncenter\" src=\"https:\/\/www.la-maison-naturelle.com\/blog\/wp-content\/uploads\/2012\/05\/Dark-Green-and-Gray-Professional-and-Clean-E-Commerce-Email-Header-300x35.png\" alt=\"\" width=\"839\" srcset=\"https:\/\/www.la-maison-naturelle.com\/blog\/wp-content\/uploads\/2012\/05\/Dark-Green-and-Gray-Professional-and-Clean-E-Commerce-Email-Header-300x35.png 300w, https:\/\/www.la-maison-naturelle.com\/blog\/wp-content\/uploads\/2012\/05\/Dark-Green-and-Gray-Professional-and-Clean-E-Commerce-Email-Header-1024x119.png 1024w, https:\/\/www.la-maison-naturelle.com\/blog\/wp-content\/uploads\/2012\/05\/Dark-Green-and-Gray-Professional-and-Clean-E-Commerce-Email-Header-768x89.png 768w, https:\/\/www.la-maison-naturelle.com\/blog\/wp-content\/uploads\/2012\/05\/Dark-Green-and-Gray-Professional-and-Clean-E-Commerce-Email-Header-1536x178.png 1536w, https:\/\/www.la-maison-naturelle.com\/blog\/wp-content\/uploads\/2012\/05\/Dark-Green-and-Gray-Professional-and-Clean-E-Commerce-Email-Header.png 1578w\" sizes=\"(max-width: 300px) 100vw, 300px\" \/><\/a><\/td>\n<\/tr>\n<tr>\n<td><a href=\"https:\/\/www.la-maison-naturelle.com\/5260-materiaux-et-bricolage\"><img loading=\"lazy\" decoding=\"async\" class=\"alignright size-medium wp-image-5565\" src=\"https:\/\/www.la-maison-naturelle.com\/blog\/wp-content\/uploads\/2012\/05\/73a5f09c-2ef6-46dd-90d1-9cf73599e16b-1-249x300.png\" alt=\"Mat\u00e9riaux et bricolage\" width=\"249\" height=\"300\" srcset=\"https:\/\/www.la-maison-naturelle.com\/blog\/wp-content\/uploads\/2012\/05\/73a5f09c-2ef6-46dd-90d1-9cf73599e16b-1-249x300.png 249w, https:\/\/www.la-maison-naturelle.com\/blog\/wp-content\/uploads\/2012\/05\/73a5f09c-2ef6-46dd-90d1-9cf73599e16b-1.png 397w\" sizes=\"auto, (max-width: 249px) 100vw, 249px\" \/><\/a><\/td>\n<td><a href=\"https:\/\/www.la-maison-naturelle.com\/5266-amenagement-du-jardin\"><img loading=\"lazy\" decoding=\"async\" class=\"alignright size-medium wp-image-5564\" src=\"https:\/\/www.la-maison-naturelle.com\/blog\/wp-content\/uploads\/2012\/05\/9224811f-6da5-4d4d-8634-e9a2517a9565-1-249x300.png\" alt=\"Jardin et ext\u00e9rieur\" width=\"249\" height=\"300\" srcset=\"https:\/\/www.la-maison-naturelle.com\/blog\/wp-content\/uploads\/2012\/05\/9224811f-6da5-4d4d-8634-e9a2517a9565-1-249x300.png 249w, https:\/\/www.la-maison-naturelle.com\/blog\/wp-content\/uploads\/2012\/05\/9224811f-6da5-4d4d-8634-e9a2517a9565-1.png 397w\" sizes=\"auto, (max-width: 249px) 100vw, 249px\" \/><\/a><\/td>\n<td><a href=\"https:\/\/www.la-maison-naturelle.com\/5267-interieur-et-decoration\"><img loading=\"lazy\" decoding=\"async\" class=\"alignright size-medium wp-image-5563\" src=\"https:\/\/www.la-maison-naturelle.com\/blog\/wp-content\/uploads\/2012\/05\/b9400ea8-440a-4a4a-8db6-682fde3f9652-1-249x300.png\" alt=\"Int\u00e9rieur et d\u00e9coration\" width=\"249\" height=\"300\" srcset=\"https:\/\/www.la-maison-naturelle.com\/blog\/wp-content\/uploads\/2012\/05\/b9400ea8-440a-4a4a-8db6-682fde3f9652-1-249x300.png 249w, https:\/\/www.la-maison-naturelle.com\/blog\/wp-content\/uploads\/2012\/05\/b9400ea8-440a-4a4a-8db6-682fde3f9652-1.png 397w\" sizes=\"auto, (max-width: 249px) 100vw, 249px\" \/><\/a><\/td>\n<\/tr>\n<\/tbody>\n<\/table>\n<p>L&rsquo;isolation \u00ab\u00a0fa\u00e7on\u00a0\u00bb BBC est devenue un enjeu majeur dans le d\u00e9partement du 93, en raison de sa <a href=\"https:\/\/www.la-maison-naturelle.com\/blog\/la-densite-dun-isolant\/\" data-internallinksmanager029f6b8e52c=\"124\" title=\"Qu'est-ce que la densit\u00e9 d'un isolant ?\">densit\u00e9<\/a> urbaine et de la n\u00e9cessit\u00e9 de pr\u00e9server l&rsquo;environnement tout en r\u00e9duisant les co\u00fbts \u00e9nerg\u00e9tiques. Pour r\u00e9pondre \u00e0 ces exigences, il est essentiel de choisir des mat\u00e9riaux \u00e0 la fois \u00e9cologiques et performants. Parmi ceux-ci, la li\u00e8ge <a href=\"https:\/\/www.la-maison-naturelle.com\/3004-ouate-de-cellulose\" data-internallinksmanager029f6b8e52c=\"72\" title=\"ouate de cellulose\">ouate<\/a> et la fibre de bois se d\u00e9marquent particuli\u00e8rement.<\/p>\n<p>Qu&rsquo;est-ce que l&rsquo;isolation \u00ab\u00a0fa\u00e7on\u00a0\u00bb BBC ? Il s&rsquo;agit d&rsquo;un concept qui vise \u00e0 construire ou r\u00e9nover des b\u00e2timents en respectant les normes du B\u00e2timent Basse Consommation, ce qui implique une excellente isolation thermique et une consommation d&rsquo;\u00e9nergie r\u00e9duite. L&rsquo;isolation joue un r\u00f4le primordial dans la r\u00e9alisation de ces objectifs.<\/p>\n<p>La li\u00e8ge ouate est un mat\u00e9riau naturel et durable, issu de l&rsquo;\u00e9corce de ch\u00eane-li\u00e8ge. Elle offre de nombreux avantages en tant que mat\u00e9riau isolant, tels que son excellente <a href=\"https:\/\/www.la-maison-naturelle.com\/blog\/la-resistance-thermique\/\" data-internallinksmanager029f6b8e52c=\"78\" title=\"Qu'est-ce que la r\u00e9sistance thermique ?\">r\u00e9sistance thermique<\/a> et acoustique, sa durabilit\u00e9 et son impact environnemental r\u00e9duit. De plus, la li\u00e8ge ouate peut \u00eatre utilis\u00e9e de diff\u00e9rentes mani\u00e8res dans l&rsquo;isolation \u00ab\u00a0fa\u00e7on\u00a0\u00bb BBC, que ce soit pour l&rsquo;isolation des murs, des sols ou des combles.<\/p>\n<p>La fibre de bois est \u00e9galement un mat\u00e9riau \u00e9cologique tr\u00e8s pris\u00e9 dans la construction \u00ab\u00a0fa\u00e7on\u00a0\u00bb BBC. Elle poss\u00e8de de nombreux atouts, tels que ses propri\u00e9t\u00e9s isolantes, sa capacit\u00e9 \u00e0 r\u00e9guler l&rsquo;humidit\u00e9 et son impact environnemental r\u00e9duit. La fibre de bois peut \u00eatre utilis\u00e9e dans diverses applications, comme l&rsquo;isolation des murs, des toits ou encore des planchers.<\/p>\n<p>Pour isoler \u00ab\u00a0fa\u00e7on\u00a0\u00bb BBC dans le 93 avec de la li\u00e8ge ouate ou de la fibre de bois, il est essentiel de suivre les \u00e9tapes de choix et d&rsquo;installation des mat\u00e9riaux, en accordant une attention particuli\u00e8re \u00e0 l&rsquo;\u00e9tanch\u00e9it\u00e9 et \u00e0 la ventilation. Il est \u00e9galement recommand\u00e9 de faire appel \u00e0 des prestataires sp\u00e9cialis\u00e9s dans ce type d&rsquo;isolation, afin de garantir un r\u00e9sultat efficace et durable.<\/p>\n<p>En conclusion, l&rsquo;utilisation de la li\u00e8ge ouate et de la fibre de bois dans l&rsquo;isolation \u00ab\u00a0fa\u00e7on\u00a0\u00bb BBC pr\u00e9sente de nombreux avantages, tant sur le plan \u00e9cologique que sur le plan des performances \u00e9nerg\u00e9tiques. En optant pour ces mat\u00e9riaux, nous contribuons \u00e0 la pr\u00e9servation de l&rsquo;environnement tout en am\u00e9liorant le confort de notre habitat.<\/p>\n<p style=\"text-align: center;\"><span style=\"text-align: center;\"><a href=\"https:\/\/www.la-maison-naturelle.com\/\"><button>Achetez nos produits sur :<br \/>\n<img loading=\"lazy\" decoding=\"async\" class=\"aligncenter wp-image-376 size-thumbnail\" role=\"img\" src=\"https:\/\/www.la-maison-naturelle.com\/blog\/wp-content\/uploads\/2021\/07\/maison-naturelle-logo.svg\" alt=\"\" width=\"150\" height=\"150\" srcset=\"https:\/\/www.la-maison-naturelle.com\/blog\/wp-content\/uploads\/\/2021\/07\/maison-naturelle-logo.svg 150w, https:\/\/www.la-maison-naturelle.com\/blog\/wp-content\/uploads\/\/2021\/07\/maison-naturelle-logo.svg 300w, https:\/\/www.la-maison-naturelle.com\/blog\/wp-content\/uploads\/\/2021\/07\/maison-naturelle-logo.svg 1024w, https:\/\/www.la-maison-naturelle.com\/blog\/wp-content\/uploads\/\/2021\/07\/maison-naturelle-logo.svg 1536w, https:\/\/www.la-maison-naturelle.com\/blog\/wp-content\/uploads\/\/2021\/07\/maison-naturelle-logo.svg 2048w\" sizes=\"auto, (max-width: 150px) 100vw, 150px\" \/><\/button><\/a><\/span><\/p>\n<h2>Comment isoler \u00ab\u00a0fa\u00e7on\u00a0\u00bb BBC dans le 93 : Focus sur la li\u00e8ge ouate et la fibre de bois<\/h2>\n<p><strong>Introduction:<\/strong><\/p>\n<p>Dans le d\u00e9partement du 93, il est essentiel d&rsquo;isoler les b\u00e2timents selon les normes \u00ab\u00a0fa\u00e7on\u00a0\u00bb BBC (B\u00e2timent Basse Consommation) afin de garantir des performances \u00e9nerg\u00e9tiques optimales tout en pr\u00e9servant l&rsquo;environnement. Pour atteindre ces objectifs, il est important de choisir des mat\u00e9riaux d&rsquo;isolation \u00e9cologiques et performants. Parmi ces options, la li\u00e8ge ouate et la fibre de bois se d\u00e9marquent comme des choix id\u00e9aux pour une isolation \u00ab\u00a0fa\u00e7on\u00a0\u00bb BBC efficace.<\/p>\n<h3>I. Qu&rsquo;est-ce que l&rsquo;isolation \u00ab\u00a0fa\u00e7on\u00a0\u00bb BBC ?<\/h3>\n<p>L&rsquo;isolation \u00ab\u00a0fa\u00e7on\u00a0\u00bb BBC fait r\u00e9f\u00e9rence \u00e0 une approche de construction visant \u00e0 obtenir des b\u00e2timents \u00e0 tr\u00e8s faible consommation d&rsquo;\u00e9nergie, conform\u00e9ment aux normes du B\u00e2timent Basse Consommation. Ces normes incluent des crit\u00e8res tels que la perm\u00e9abilit\u00e9 \u00e0 l&rsquo;air, l&rsquo;\u00e9tanch\u00e9it\u00e9 \u00e0 l&rsquo;eau, et l&rsquo;isolation thermique. Les b\u00e2timents construits \u00ab\u00a0fa\u00e7on\u00a0\u00bb BBC permettent de r\u00e9duire consid\u00e9rablement les d\u00e9penses \u00e9nerg\u00e9tiques et de limiter l&rsquo;impact environnemental.<\/p>\n<h3>II. Les mat\u00e9riaux \u00e9cologiques pour une isolation \u00ab\u00a0fa\u00e7on\u00a0\u00bb BBC<\/h3>\n<p><strong>A. La li\u00e8ge ouate<\/strong><\/p>\n<p>La li\u00e8ge ouate est un mat\u00e9riau d&rsquo;isolation \u00e9cologique performant. Il est biod\u00e9gradable et recyclable, et offre une excellente isolation thermique gr\u00e2ce \u00e0 sa structure cellulaire unique. De plus, la li\u00e8ge ouate pr\u00e9sente de bonnes propri\u00e9t\u00e9s acoustiques, ce qui en fait un choix id\u00e9al pour r\u00e9duire les nuisances sonores. Elle peut \u00eatre utilis\u00e9e dans diff\u00e9rentes applications d&rsquo;isolation \u00ab\u00a0fa\u00e7on\u00a0\u00bb BBC, comme l&rsquo;isolation des murs, des combles et des planchers.<\/p>\n<p><strong>B. La fibre de bois<\/strong><\/p>\n<p>La fibre de bois est un mat\u00e9riau d&rsquo;isolation naturel et renouvelable. Elle offre une excellente r\u00e9sistance thermique, ce qui permet de maintenir une temp\u00e9rature ambiante constante et agr\u00e9able tout en r\u00e9duisant la consommation d&rsquo;\u00e9nergie. De plus, la fibre de bois est perm\u00e9able \u00e0 la vapeur d&rsquo;eau, ce qui permet de r\u00e9guler naturellement l&rsquo;humidit\u00e9 dans les b\u00e2timents. Elle peut \u00eatre utilis\u00e9e dans la construction \u00ab\u00a0fa\u00e7on\u00a0\u00bb BBC, notamment pour l&rsquo;isolation des murs, des toits et des planchers.<\/p>\n<h3>III. Comment isoler \u00ab\u00a0fa\u00e7on\u00a0\u00bb BBC dans le 93 avec la li\u00e8ge ouate et la fibre de bois ?<\/h3>\n<p><strong>A. Choix et installation des mat\u00e9riaux<\/strong><\/p>\n<p>Il est important de s\u00e9lectionner des mat\u00e9riaux r\u00e9pondant aux normes d&rsquo;isolation \u00ab\u00a0fa\u00e7on\u00a0\u00bb BBC et adapt\u00e9s aux besoins sp\u00e9cifiques du projet. Pour une installation optimale, il est recommand\u00e9 de faire appel \u00e0 des professionnels sp\u00e9cialis\u00e9s dans l&rsquo;isolation \u00ab\u00a0fa\u00e7on\u00a0\u00bb BBC.<\/p>\n<p><strong>B. Recommandations pour une isolation efficace et durable<\/strong><\/p>\n<p>Pour assurer une isolation efficace et durable, il est essentiel de v\u00e9rifier l&rsquo;<a href=\"https:\/\/www.la-maison-naturelle.com\/3042-etancheite-a-l-air\" data-internallinksmanager029f6b8e52c=\"138\" title=\"\u00e9tanch\u00e9it\u00e9 \u00e0 l\u2019air\">\u00e9tanch\u00e9it\u00e9 \u00e0 l&rsquo;air<\/a>, de traiter les ponts thermiques, d&rsquo;optimiser l&rsquo;isolation des murs, des toits et des planchers, etc. Il est \u00e9galement recommand\u00e9 d&rsquo;utiliser des mat\u00e9riaux certifi\u00e9s et de suivre les recommandations des fabricants pour une installation conforme.<\/p>\n<p><strong>C. Prestataires sp\u00e9cialis\u00e9s dans l&rsquo;isolation \u00ab\u00a0fa\u00e7on\u00a0\u00bb BBC dans le 93<\/strong><\/p>\n<p>Il existe de nombreux prestataires sp\u00e9cialis\u00e9s dans l&rsquo;isolation \u00ab\u00a0fa\u00e7on\u00a0\u00bb BBC dans le d\u00e9partement du 93. Il est conseill\u00e9 de faire appel \u00e0 des professionnels exp\u00e9riment\u00e9s et qualifi\u00e9s, capables de r\u00e9aliser une isolation conforme aux normes et aux exigences sp\u00e9cifiques du projet.<\/p>\n<p><strong>Conclusion:<\/strong><\/p>\n<p>La li\u00e8ge ouate et la fibre de bois sont des mat\u00e9riaux d&rsquo;isolation \u00e9cologiques et performants, id\u00e9aux pour une isolation \u00ab\u00a0fa\u00e7on\u00a0\u00bb BBC dans le d\u00e9partement du 93. En choisissant ces mat\u00e9riaux, vous contribuez \u00e0 la pr\u00e9servation de l&rsquo;environnement tout en b\u00e9n\u00e9ficiant de performances \u00e9nerg\u00e9tiques optimales. Il est essentiel de s\u00e9lectionner des mat\u00e9riaux de qualit\u00e9, de les installer correctement et de faire appel \u00e0 des professionnels sp\u00e9cialis\u00e9s pour garantir une isolation efficace et durable. Ensemble, nous pouvons construire des b\u00e2timents respectueux de l&rsquo;environnement et \u00e9conomes en \u00e9nergie.<\/p>\n<p style=\"text-align: center;\"><span style=\"text-align: center;\"><a href=\"https:\/\/www.la-maison-naturelle.com\/\"><button>Achetez nos produits sur :<br \/>\n<img loading=\"lazy\" decoding=\"async\" class=\"aligncenter wp-image-376 size-thumbnail\" role=\"img\" src=\"https:\/\/www.la-maison-naturelle.com\/blog\/wp-content\/uploads\/2021\/07\/maison-naturelle-logo.svg\" alt=\"\" width=\"150\" height=\"150\" srcset=\"https:\/\/www.la-maison-naturelle.com\/blog\/wp-content\/uploads\/\/2021\/07\/maison-naturelle-logo.svg 150w, https:\/\/www.la-maison-naturelle.com\/blog\/wp-content\/uploads\/\/2021\/07\/maison-naturelle-logo.svg 300w, https:\/\/www.la-maison-naturelle.com\/blog\/wp-content\/uploads\/\/2021\/07\/maison-naturelle-logo.svg 1024w, https:\/\/www.la-maison-naturelle.com\/blog\/wp-content\/uploads\/\/2021\/07\/maison-naturelle-logo.svg 1536w, https:\/\/www.la-maison-naturelle.com\/blog\/wp-content\/uploads\/\/2021\/07\/maison-naturelle-logo.svg 2048w\" sizes=\"auto, (max-width: 150px) 100vw, 150px\" \/><\/button><\/a><\/span><\/p>\n","protected":false},"excerpt":{"rendered":"","protected":false},"author":6,"featured_media":0,"comment_status":"open","ping_status":"open","sticky":false,"template":"","format":"standard","meta":{"footnotes":""},"categories":[14],"tags":[],"class_list":["post-2194","post","type-post","status-publish","format-standard","hentry","category-une-petite-pause"],"_wp_attached_file":null,"_wp_attachment_metadata":null,"_wp_attachment_context":null,"_wp_attachment_image_alt":null,"_hf_settings":null,"hf_message_success":null,"hf_message_invalid_email":null,"hf_message_required_field_missing":null,"hf_message_error":null,"_menu_item_type":null,"_menu_item_menu_item_parent":null,"_menu_item_object_id":null,"_menu_item_object":null,"_menu_item_target":null,"_menu_item_classes":null,"_menu_item_xfn":null,"_menu_item_url":null,"_yoast_wpseo_primary_category":"5","_thumbnail_id":null,"_oembed_26d84b2c06432105b0a19987ae029a71":null,"_oembed_43e9e2dfde1b9b4ed91c9711026b7ef9":null,"_oembed_1fe1564764edbddc3b61e81acf52be88":null,"_oembed_df60f474cd845141e7ce6596d101e4a0":null,"_oembed_825e674795e2435c0bc66eb08e5d2c8b":null,"_oembed_time_825e674795e2435c0bc66eb08e5d2c8b":null,"_oembed_e917352ff4cc21ea91383201eeaa08cf":null,"_oembed_2363c16c972791c33e283320dc564fce":null,"_oembed_cc9ad5b5073a84776f6a62e33e6c7498":null,"_oembed_time_cc9ad5b5073a84776f6a62e33e6c7498":null,"_oembed_305147fcf4b856de518466e695c209cd":null,"_oembed_8517a877084ae01a5296813ee1d16a2b":null,"_oembed_2741f1556b243e68379198f98ba7f864":null,"_oembed_c3ffa24981451396c950ece2129da0f6":null,"_oembed_6f9091ebe2f3f5fcb5698ba6f4b41477":null,"_wp_old_slug":null,"_oembed_e4fb0f68ba12b85e9e231afe151ba12a":null,"_oembed_3c60e98bd703e617e67f5bbb3b97424d":null,"_oembed_bb060374498dcf40cb6068efe4be87e1":null,"_oembed_d0403e1e71c3a29020bd546b159480f1":null,"_oembed_b030ff17fbbbf8661c59c2ab8ff289eb":null,"_oembed_5cec699ba0631c6c0e4ba4f6af5f228e":null,"_oembed_b06a67f278b90cf4e8dd17cb12fe67b0":null,"_oembed_8e190e4fea2256f17420434651556236":null,"_oembed_b5ded119f1337916a0fc64d2ad85c95f":null,"_oembed_d9364a7a81be31c01415da2c50a48932":null,"_oembed_738cafa36d51a58e5ae3e458aa8f7584":null,"_oembed_ebcab5184b6b321b28efbcbec079859b":null,"_oembed_3dd9e35c2b7b268070e74da5b89cf937":null,"_oembed_e14b167b493e311a1c4e2aab38a463e8":null,"_oembed_dc8f7d108b38f3f0c2e0785b8bc46cae":null,"_oembed_55cf1c5142884afed312c2666bf27520":null,"_oembed_2292333bf03a956b4b61afafeff6bca0":null,"_oembed_82a986a6b900856fec23169de03a0038":null,"_oembed_4048ded025352b83569104210074165a":null,"_oembed_033b42b1af757abc39e4487233cee7f5":null,"_oembed_aec1d50f2b159366be8e37e94b201be1":null,"_oembed_0adc8480b2fcadf9a1733f572ce3d3f8":null,"_yoast_wpseo_title":null,"_yoast_wpseo_focuskw":null,"_yoast_wpseo_linkdex":null,"_yoast_wpseo_metadesc":null,"_yoast_wpseo_wordproof_timestamp":null,"_tpl_archive_meta_key":null,"_form":null,"_mail":null,"_mail_2":null,"_messages":null,"_additional_settings":null,"_locale":null,"_wp_old_date":null,"_edit_last":"5","_wpb_vc_js_status":"false","_yoast_wpseo_estimated-reading-time-minutes":"3","_edit_lock":"1692955191:5","_yoast_wpseo_content_score":"60","yoast_head":"<!-- This site is optimized with the Yoast SEO plugin v24.3 - https:\/\/yoast.com\/wordpress\/plugins\/seo\/ -->\n<title>Isolation &quot;fa\u00e7on&quot; BBC dans le 93 : Li\u00e8ge ouate et fibre de bois, des mat\u00e9riaux \u00e9cologiques et performants. - La Maison naturelle | Blog<\/title>\n<meta name=\"robots\" content=\"index, follow, max-snippet:-1, max-image-preview:large, max-video-preview:-1\" \/>\n<link rel=\"canonical\" href=\"https:\/\/www.la-maison-naturelle.com\/blog\/liege-ouate-fibre-de-bois-comment-isoler-facon-bbc-dans-le-93\/\" \/>\n<meta property=\"og:locale\" content=\"fr_FR\" \/>\n<meta property=\"og:type\" content=\"article\" \/>\n<meta property=\"og:title\" content=\"Isolation &quot;fa\u00e7on&quot; BBC dans le 93 : Li\u00e8ge ouate et fibre de bois, des mat\u00e9riaux \u00e9cologiques et performants. - La Maison naturelle | Blog\" \/>\n<meta property=\"og:url\" content=\"https:\/\/www.la-maison-naturelle.com\/blog\/liege-ouate-fibre-de-bois-comment-isoler-facon-bbc-dans-le-93\/\" \/>\n<meta property=\"og:site_name\" content=\"La Maison naturelle | Blog\" \/>\n<meta property=\"article:published_time\" content=\"2013-05-24T12:12:28+00:00\" \/>\n<meta property=\"article:modified_time\" content=\"2023-08-25T11:28:50+00:00\" \/>\n<meta property=\"og:image\" content=\"https:\/\/www.la-maison-naturelle.com\/blog\/wp-content\/uploads\/2012\/05\/Dark-Green-and-Gray-Professional-and-Clean-E-Commerce-Email-Header-300x35.png\" \/>\n<meta name=\"author\" content=\"Thierry Lailavoix\" \/>\n<meta name=\"twitter:card\" content=\"summary_large_image\" \/>\n<meta name=\"twitter:label1\" content=\"\u00c9crit par\" \/>\n\t<meta name=\"twitter:data1\" content=\"Thierry Lailavoix\" \/>\n\t<meta name=\"twitter:label2\" content=\"Dur\u00e9e de lecture estim\u00e9e\" \/>\n\t<meta name=\"twitter:data2\" content=\"3 minutes\" \/>\n<script type=\"application\/ld+json\" class=\"yoast-schema-graph\">{\"@context\":\"https:\/\/schema.org\",\"@graph\":[{\"@type\":\"Article\",\"@id\":\"https:\/\/www.la-maison-naturelle.com\/blog\/liege-ouate-fibre-de-bois-comment-isoler-facon-bbc-dans-le-93\/#article\",\"isPartOf\":{\"@id\":\"https:\/\/www.la-maison-naturelle.com\/blog\/liege-ouate-fibre-de-bois-comment-isoler-facon-bbc-dans-le-93\/\"},\"author\":{\"name\":\"Thierry Lailavoix\",\"@id\":\"https:\/\/www.la-maison-naturelle.com\/blog\/#\/schema\/person\/17f32dccfc90d210e981fac7c831f73c\"},\"headline\":\"Isolation \u00ab\u00a0fa\u00e7on\u00a0\u00bb BBC dans le 93 : Li\u00e8ge ouate et fibre de bois, des mat\u00e9riaux \u00e9cologiques et performants.\",\"datePublished\":\"2013-05-24T12:12:28+00:00\",\"dateModified\":\"2023-08-25T11:28:50+00:00\",\"mainEntityOfPage\":{\"@id\":\"https:\/\/www.la-maison-naturelle.com\/blog\/liege-ouate-fibre-de-bois-comment-isoler-facon-bbc-dans-le-93\/\"},\"wordCount\":19,\"commentCount\":0,\"publisher\":{\"@id\":\"https:\/\/www.la-maison-naturelle.com\/blog\/#organization\"},\"image\":{\"@id\":\"https:\/\/www.la-maison-naturelle.com\/blog\/liege-ouate-fibre-de-bois-comment-isoler-facon-bbc-dans-le-93\/#primaryimage\"},\"thumbnailUrl\":\"https:\/\/www.la-maison-naturelle.com\/blog\/wp-content\/uploads\/2012\/05\/Dark-Green-and-Gray-Professional-and-Clean-E-Commerce-Email-Header-300x35.png\",\"articleSection\":[\"Une petite Pause\"],\"inLanguage\":\"fr-FR\",\"potentialAction\":[{\"@type\":\"CommentAction\",\"name\":\"Comment\",\"target\":[\"https:\/\/www.la-maison-naturelle.com\/blog\/liege-ouate-fibre-de-bois-comment-isoler-facon-bbc-dans-le-93\/#respond\"]}]},{\"@type\":\"WebPage\",\"@id\":\"https:\/\/www.la-maison-naturelle.com\/blog\/liege-ouate-fibre-de-bois-comment-isoler-facon-bbc-dans-le-93\/\",\"url\":\"https:\/\/www.la-maison-naturelle.com\/blog\/liege-ouate-fibre-de-bois-comment-isoler-facon-bbc-dans-le-93\/\",\"name\":\"Isolation \\\"fa\u00e7on\\\" BBC dans le 93 : Li\u00e8ge ouate et fibre de bois, des mat\u00e9riaux \u00e9cologiques et performants. - La Maison naturelle | Blog\",\"isPartOf\":{\"@id\":\"https:\/\/www.la-maison-naturelle.com\/blog\/#website\"},\"primaryImageOfPage\":{\"@id\":\"https:\/\/www.la-maison-naturelle.com\/blog\/liege-ouate-fibre-de-bois-comment-isoler-facon-bbc-dans-le-93\/#primaryimage\"},\"image\":{\"@id\":\"https:\/\/www.la-maison-naturelle.com\/blog\/liege-ouate-fibre-de-bois-comment-isoler-facon-bbc-dans-le-93\/#primaryimage\"},\"thumbnailUrl\":\"https:\/\/www.la-maison-naturelle.com\/blog\/wp-content\/uploads\/2012\/05\/Dark-Green-and-Gray-Professional-and-Clean-E-Commerce-Email-Header-300x35.png\",\"datePublished\":\"2013-05-24T12:12:28+00:00\",\"dateModified\":\"2023-08-25T11:28:50+00:00\",\"breadcrumb\":{\"@id\":\"https:\/\/www.la-maison-naturelle.com\/blog\/liege-ouate-fibre-de-bois-comment-isoler-facon-bbc-dans-le-93\/#breadcrumb\"},\"inLanguage\":\"fr-FR\",\"potentialAction\":[{\"@type\":\"ReadAction\",\"target\":[\"https:\/\/www.la-maison-naturelle.com\/blog\/liege-ouate-fibre-de-bois-comment-isoler-facon-bbc-dans-le-93\/\"]}]},{\"@type\":\"ImageObject\",\"inLanguage\":\"fr-FR\",\"@id\":\"https:\/\/www.la-maison-naturelle.com\/blog\/liege-ouate-fibre-de-bois-comment-isoler-facon-bbc-dans-le-93\/#primaryimage\",\"url\":\"https:\/\/www.la-maison-naturelle.com\/blog\/wp-content\/uploads\/2012\/05\/Dark-Green-and-Gray-Professional-and-Clean-E-Commerce-Email-Header.png\",\"contentUrl\":\"https:\/\/www.la-maison-naturelle.com\/blog\/wp-content\/uploads\/2012\/05\/Dark-Green-and-Gray-Professional-and-Clean-E-Commerce-Email-Header.png\",\"width\":1578,\"height\":183},{\"@type\":\"BreadcrumbList\",\"@id\":\"https:\/\/www.la-maison-naturelle.com\/blog\/liege-ouate-fibre-de-bois-comment-isoler-facon-bbc-dans-le-93\/#breadcrumb\",\"itemListElement\":[{\"@type\":\"ListItem\",\"position\":1,\"name\":\"Accueil\",\"item\":\"https:\/\/www.la-maison-naturelle.com\/blog\/\"},{\"@type\":\"ListItem\",\"position\":2,\"name\":\"Isolation \u00ab\u00a0fa\u00e7on\u00a0\u00bb BBC dans le 93 : Li\u00e8ge ouate et fibre de bois, des mat\u00e9riaux \u00e9cologiques et performants.\"}]},{\"@type\":\"WebSite\",\"@id\":\"https:\/\/www.la-maison-naturelle.com\/blog\/#website\",\"url\":\"https:\/\/www.la-maison-naturelle.com\/blog\/\",\"name\":\"La Maison naturelle | Blog\",\"description\":\"Blog de la Maison naturelle\",\"publisher\":{\"@id\":\"https:\/\/www.la-maison-naturelle.com\/blog\/#organization\"},\"potentialAction\":[{\"@type\":\"SearchAction\",\"target\":{\"@type\":\"EntryPoint\",\"urlTemplate\":\"https:\/\/www.la-maison-naturelle.com\/blog\/?s={search_term_string}\"},\"query-input\":{\"@type\":\"PropertyValueSpecification\",\"valueRequired\":true,\"valueName\":\"search_term_string\"}}],\"inLanguage\":\"fr-FR\"},{\"@type\":\"Organization\",\"@id\":\"https:\/\/www.la-maison-naturelle.com\/blog\/#organization\",\"name\":\"La Maison naturelle | Blog\",\"url\":\"https:\/\/www.la-maison-naturelle.com\/blog\/\",\"logo\":{\"@type\":\"ImageObject\",\"inLanguage\":\"fr-FR\",\"@id\":\"https:\/\/www.la-maison-naturelle.com\/blog\/#\/schema\/logo\/image\/\",\"url\":\"https:\/\/www.la-maison-naturelle.com\/blog\/wp-content\/uploads\/2021\/07\/maison-naturelle-logo.svg\",\"contentUrl\":\"https:\/\/www.la-maison-naturelle.com\/blog\/wp-content\/uploads\/2021\/07\/maison-naturelle-logo.svg\",\"width\":156,\"height\":64,\"caption\":\"La Maison naturelle | Blog\"},\"image\":{\"@id\":\"https:\/\/www.la-maison-naturelle.com\/blog\/#\/schema\/logo\/image\/\"}},{\"@type\":\"Person\",\"@id\":\"https:\/\/www.la-maison-naturelle.com\/blog\/#\/schema\/person\/17f32dccfc90d210e981fac7c831f73c\",\"name\":\"Thierry Lailavoix\",\"image\":{\"@type\":\"ImageObject\",\"inLanguage\":\"fr-FR\",\"@id\":\"https:\/\/www.la-maison-naturelle.com\/blog\/#\/schema\/person\/image\/\",\"url\":\"https:\/\/secure.gravatar.com\/avatar\/13e5241036ff85f04898947108b791b16bbd9e4f629e40d355f8ec0a8e57a22c?s=96&d=mm&r=g\",\"contentUrl\":\"https:\/\/secure.gravatar.com\/avatar\/13e5241036ff85f04898947108b791b16bbd9e4f629e40d355f8ec0a8e57a22c?s=96&d=mm&r=g\",\"caption\":\"Thierry Lailavoix\"},\"sameAs\":[\"https:\/\/www.la-maison-naturelle.com\/\"],\"url\":\"https:\/\/www.la-maison-naturelle.com\/blog\/author\/thierry\/\"}]}<\/script>\n<!-- \/ Yoast SEO plugin. -->","yoast_head_json":{"title":"Isolation \"fa\u00e7on\" BBC dans le 93 : Li\u00e8ge ouate et fibre de bois, des mat\u00e9riaux \u00e9cologiques et performants. - La Maison naturelle | Blog","robots":{"index":"index","follow":"follow","max-snippet":"max-snippet:-1","max-image-preview":"max-image-preview:large","max-video-preview":"max-video-preview:-1"},"canonical":"https:\/\/www.la-maison-naturelle.com\/blog\/liege-ouate-fibre-de-bois-comment-isoler-facon-bbc-dans-le-93\/","og_locale":"fr_FR","og_type":"article","og_title":"Isolation \"fa\u00e7on\" BBC dans le 93 : Li\u00e8ge ouate et fibre de bois, des mat\u00e9riaux \u00e9cologiques et performants. - La Maison naturelle | Blog","og_url":"https:\/\/www.la-maison-naturelle.com\/blog\/liege-ouate-fibre-de-bois-comment-isoler-facon-bbc-dans-le-93\/","og_site_name":"La Maison naturelle | Blog","article_published_time":"2013-05-24T12:12:28+00:00","article_modified_time":"2023-08-25T11:28:50+00:00","og_image":[{"url":"https:\/\/www.la-maison-naturelle.com\/blog\/wp-content\/uploads\/2012\/05\/Dark-Green-and-Gray-Professional-and-Clean-E-Commerce-Email-Header-300x35.png","type":"","width":"","height":""}],"author":"Thierry Lailavoix","twitter_card":"summary_large_image","twitter_misc":{"\u00c9crit par":"Thierry Lailavoix","Dur\u00e9e de lecture estim\u00e9e":"3 minutes"},"schema":{"@context":"https:\/\/schema.org","@graph":[{"@type":"Article","@id":"https:\/\/www.la-maison-naturelle.com\/blog\/liege-ouate-fibre-de-bois-comment-isoler-facon-bbc-dans-le-93\/#article","isPartOf":{"@id":"https:\/\/www.la-maison-naturelle.com\/blog\/liege-ouate-fibre-de-bois-comment-isoler-facon-bbc-dans-le-93\/"},"author":{"name":"Thierry Lailavoix","@id":"https:\/\/www.la-maison-naturelle.com\/blog\/#\/schema\/person\/17f32dccfc90d210e981fac7c831f73c"},"headline":"Isolation \u00ab\u00a0fa\u00e7on\u00a0\u00bb BBC dans le 93 : Li\u00e8ge ouate et fibre de bois, des mat\u00e9riaux \u00e9cologiques et performants.","datePublished":"2013-05-24T12:12:28+00:00","dateModified":"2023-08-25T11:28:50+00:00","mainEntityOfPage":{"@id":"https:\/\/www.la-maison-naturelle.com\/blog\/liege-ouate-fibre-de-bois-comment-isoler-facon-bbc-dans-le-93\/"},"wordCount":19,"commentCount":0,"publisher":{"@id":"https:\/\/www.la-maison-naturelle.com\/blog\/#organization"},"image":{"@id":"https:\/\/www.la-maison-naturelle.com\/blog\/liege-ouate-fibre-de-bois-comment-isoler-facon-bbc-dans-le-93\/#primaryimage"},"thumbnailUrl":"https:\/\/www.la-maison-naturelle.com\/blog\/wp-content\/uploads\/2012\/05\/Dark-Green-and-Gray-Professional-and-Clean-E-Commerce-Email-Header-300x35.png","articleSection":["Une petite Pause"],"inLanguage":"fr-FR","potentialAction":[{"@type":"CommentAction","name":"Comment","target":["https:\/\/www.la-maison-naturelle.com\/blog\/liege-ouate-fibre-de-bois-comment-isoler-facon-bbc-dans-le-93\/#respond"]}]},{"@type":"WebPage","@id":"https:\/\/www.la-maison-naturelle.com\/blog\/liege-ouate-fibre-de-bois-comment-isoler-facon-bbc-dans-le-93\/","url":"https:\/\/www.la-maison-naturelle.com\/blog\/liege-ouate-fibre-de-bois-comment-isoler-facon-bbc-dans-le-93\/","name":"Isolation \"fa\u00e7on\" BBC dans le 93 : Li\u00e8ge ouate et fibre de bois, des mat\u00e9riaux \u00e9cologiques et performants. - La Maison naturelle | Blog","isPartOf":{"@id":"https:\/\/www.la-maison-naturelle.com\/blog\/#website"},"primaryImageOfPage":{"@id":"https:\/\/www.la-maison-naturelle.com\/blog\/liege-ouate-fibre-de-bois-comment-isoler-facon-bbc-dans-le-93\/#primaryimage"},"image":{"@id":"https:\/\/www.la-maison-naturelle.com\/blog\/liege-ouate-fibre-de-bois-comment-isoler-facon-bbc-dans-le-93\/#primaryimage"},"thumbnailUrl":"https:\/\/www.la-maison-naturelle.com\/blog\/wp-content\/uploads\/2012\/05\/Dark-Green-and-Gray-Professional-and-Clean-E-Commerce-Email-Header-300x35.png","datePublished":"2013-05-24T12:12:28+00:00","dateModified":"2023-08-25T11:28:50+00:00","breadcrumb":{"@id":"https:\/\/www.la-maison-naturelle.com\/blog\/liege-ouate-fibre-de-bois-comment-isoler-facon-bbc-dans-le-93\/#breadcrumb"},"inLanguage":"fr-FR","potentialAction":[{"@type":"ReadAction","target":["https:\/\/www.la-maison-naturelle.com\/blog\/liege-ouate-fibre-de-bois-comment-isoler-facon-bbc-dans-le-93\/"]}]},{"@type":"ImageObject","inLanguage":"fr-FR","@id":"https:\/\/www.la-maison-naturelle.com\/blog\/liege-ouate-fibre-de-bois-comment-isoler-facon-bbc-dans-le-93\/#primaryimage","url":"https:\/\/www.la-maison-naturelle.com\/blog\/wp-content\/uploads\/2012\/05\/Dark-Green-and-Gray-Professional-and-Clean-E-Commerce-Email-Header.png","contentUrl":"https:\/\/www.la-maison-naturelle.com\/blog\/wp-content\/uploads\/2012\/05\/Dark-Green-and-Gray-Professional-and-Clean-E-Commerce-Email-Header.png","width":1578,"height":183},{"@type":"BreadcrumbList","@id":"https:\/\/www.la-maison-naturelle.com\/blog\/liege-ouate-fibre-de-bois-comment-isoler-facon-bbc-dans-le-93\/#breadcrumb","itemListElement":[{"@type":"ListItem","position":1,"name":"Accueil","item":"https:\/\/www.la-maison-naturelle.com\/blog\/"},{"@type":"ListItem","position":2,"name":"Isolation \u00ab\u00a0fa\u00e7on\u00a0\u00bb BBC dans le 93 : Li\u00e8ge ouate et fibre de bois, des mat\u00e9riaux \u00e9cologiques et performants."}]},{"@type":"WebSite","@id":"https:\/\/www.la-maison-naturelle.com\/blog\/#website","url":"https:\/\/www.la-maison-naturelle.com\/blog\/","name":"La Maison naturelle | Blog","description":"Blog de la Maison naturelle","publisher":{"@id":"https:\/\/www.la-maison-naturelle.com\/blog\/#organization"},"potentialAction":[{"@type":"SearchAction","target":{"@type":"EntryPoint","urlTemplate":"https:\/\/www.la-maison-naturelle.com\/blog\/?s={search_term_string}"},"query-input":{"@type":"PropertyValueSpecification","valueRequired":true,"valueName":"search_term_string"}}],"inLanguage":"fr-FR"},{"@type":"Organization","@id":"https:\/\/www.la-maison-naturelle.com\/blog\/#organization","name":"La Maison naturelle | Blog","url":"https:\/\/www.la-maison-naturelle.com\/blog\/","logo":{"@type":"ImageObject","inLanguage":"fr-FR","@id":"https:\/\/www.la-maison-naturelle.com\/blog\/#\/schema\/logo\/image\/","url":"https:\/\/www.la-maison-naturelle.com\/blog\/wp-content\/uploads\/2021\/07\/maison-naturelle-logo.svg","contentUrl":"https:\/\/www.la-maison-naturelle.com\/blog\/wp-content\/uploads\/2021\/07\/maison-naturelle-logo.svg","width":156,"height":64,"caption":"La Maison naturelle | Blog"},"image":{"@id":"https:\/\/www.la-maison-naturelle.com\/blog\/#\/schema\/logo\/image\/"}},{"@type":"Person","@id":"https:\/\/www.la-maison-naturelle.com\/blog\/#\/schema\/person\/17f32dccfc90d210e981fac7c831f73c","name":"Thierry Lailavoix","image":{"@type":"ImageObject","inLanguage":"fr-FR","@id":"https:\/\/www.la-maison-naturelle.com\/blog\/#\/schema\/person\/image\/","url":"https:\/\/secure.gravatar.com\/avatar\/13e5241036ff85f04898947108b791b16bbd9e4f629e40d355f8ec0a8e57a22c?s=96&d=mm&r=g","contentUrl":"https:\/\/secure.gravatar.com\/avatar\/13e5241036ff85f04898947108b791b16bbd9e4f629e40d355f8ec0a8e57a22c?s=96&d=mm&r=g","caption":"Thierry Lailavoix"},"sameAs":["https:\/\/www.la-maison-naturelle.com\/"],"url":"https:\/\/www.la-maison-naturelle.com\/blog\/author\/thierry\/"}]}},"_links":{"self":[{"href":"https:\/\/www.la-maison-naturelle.com\/blog\/wp-json\/wp\/v2\/posts\/2194","targetHints":{"allow":["GET"]}}],"collection":[{"href":"https:\/\/www.la-maison-naturelle.com\/blog\/wp-json\/wp\/v2\/posts"}],"about":[{"href":"https:\/\/www.la-maison-naturelle.com\/blog\/wp-json\/wp\/v2\/types\/post"}],"author":[{"embeddable":true,"href":"https:\/\/www.la-maison-naturelle.com\/blog\/wp-json\/wp\/v2\/users\/6"}],"replies":[{"embeddable":true,"href":"https:\/\/www.la-maison-naturelle.com\/blog\/wp-json\/wp\/v2\/comments?post=2194"}],"version-history":[{"count":3,"href":"https:\/\/www.la-maison-naturelle.com\/blog\/wp-json\/wp\/v2\/posts\/2194\/revisions"}],"predecessor-version":[{"id":6492,"href":"https:\/\/www.la-maison-naturelle.com\/blog\/wp-json\/wp\/v2\/posts\/2194\/revisions\/6492"}],"wp:attachment":[{"href":"https:\/\/www.la-maison-naturelle.com\/blog\/wp-json\/wp\/v2\/media?parent=2194"}],"wp:term":[{"taxonomy":"category","embeddable":true,"href":"https:\/\/www.la-maison-naturelle.com\/blog\/wp-json\/wp\/v2\/categories?post=2194"},{"taxonomy":"post_tag","embeddable":true,"href":"https:\/\/www.la-maison-naturelle.com\/blog\/wp-json\/wp\/v2\/tags?post=2194"}],"curies":[{"name":"wp","href":"https:\/\/api.w.org\/{rel}","templated":true}]}}