{"id":2182,"date":"2013-05-24T14:06:28","date_gmt":"2013-05-24T12:06:28","guid":{"rendered":"https:\/\/www.la-maison-naturelle.com\/blog\/?p=2182"},"modified":"2023-08-25T13:33:13","modified_gmt":"2023-08-25T11:33:13","slug":"fibre-de-bois-en-stock-sur-la-correze-a-tulle-19","status":"publish","type":"post","link":"https:\/\/www.la-maison-naturelle.com\/blog\/fibre-de-bois-en-stock-sur-la-correze-a-tulle-19\/","title":{"rendered":"La disponibilit\u00e9 de la fibre de bois en stock \u00e0 Tulle (19) et ses avantages pour la construction et l&rsquo;isolation"},"content":{"rendered":"<table style=\" width=\"100%\",max-width=\"839\">\n<tbody>\n<tr>\n<td colspan=\"3\"><a href=\"https:\/\/www.la-maison-naturelle.com\/\"><img decoding=\"async\" class=\"wp-image-5568 aligncenter\" src=\"https:\/\/www.la-maison-naturelle.com\/blog\/wp-content\/uploads\/2012\/05\/Dark-Green-and-Gray-Professional-and-Clean-E-Commerce-Email-Header-300x35.png\" alt=\"\" width=\"839\" srcset=\"https:\/\/www.la-maison-naturelle.com\/blog\/wp-content\/uploads\/2012\/05\/Dark-Green-and-Gray-Professional-and-Clean-E-Commerce-Email-Header-300x35.png 300w, https:\/\/www.la-maison-naturelle.com\/blog\/wp-content\/uploads\/2012\/05\/Dark-Green-and-Gray-Professional-and-Clean-E-Commerce-Email-Header-1024x119.png 1024w, https:\/\/www.la-maison-naturelle.com\/blog\/wp-content\/uploads\/2012\/05\/Dark-Green-and-Gray-Professional-and-Clean-E-Commerce-Email-Header-768x89.png 768w, https:\/\/www.la-maison-naturelle.com\/blog\/wp-content\/uploads\/2012\/05\/Dark-Green-and-Gray-Professional-and-Clean-E-Commerce-Email-Header-1536x178.png 1536w, https:\/\/www.la-maison-naturelle.com\/blog\/wp-content\/uploads\/2012\/05\/Dark-Green-and-Gray-Professional-and-Clean-E-Commerce-Email-Header.png 1578w\" sizes=\"(max-width: 300px) 100vw, 300px\" \/><\/a><\/td>\n<\/tr>\n<tr>\n<td><a href=\"https:\/\/www.la-maison-naturelle.com\/5260-materiaux-et-bricolage\"><img loading=\"lazy\" decoding=\"async\" class=\"alignright size-medium wp-image-5565\" src=\"https:\/\/www.la-maison-naturelle.com\/blog\/wp-content\/uploads\/2012\/05\/73a5f09c-2ef6-46dd-90d1-9cf73599e16b-1-249x300.png\" alt=\"Mat\u00e9riaux et bricolage\" width=\"249\" height=\"300\" srcset=\"https:\/\/www.la-maison-naturelle.com\/blog\/wp-content\/uploads\/2012\/05\/73a5f09c-2ef6-46dd-90d1-9cf73599e16b-1-249x300.png 249w, https:\/\/www.la-maison-naturelle.com\/blog\/wp-content\/uploads\/2012\/05\/73a5f09c-2ef6-46dd-90d1-9cf73599e16b-1.png 397w\" sizes=\"auto, (max-width: 249px) 100vw, 249px\" \/><\/a><\/td>\n<td><a href=\"https:\/\/www.la-maison-naturelle.com\/5266-amenagement-du-jardin\"><img loading=\"lazy\" decoding=\"async\" class=\"alignright size-medium wp-image-5564\" src=\"https:\/\/www.la-maison-naturelle.com\/blog\/wp-content\/uploads\/2012\/05\/9224811f-6da5-4d4d-8634-e9a2517a9565-1-249x300.png\" alt=\"Jardin et ext\u00e9rieur\" width=\"249\" height=\"300\" srcset=\"https:\/\/www.la-maison-naturelle.com\/blog\/wp-content\/uploads\/2012\/05\/9224811f-6da5-4d4d-8634-e9a2517a9565-1-249x300.png 249w, https:\/\/www.la-maison-naturelle.com\/blog\/wp-content\/uploads\/2012\/05\/9224811f-6da5-4d4d-8634-e9a2517a9565-1.png 397w\" sizes=\"auto, (max-width: 249px) 100vw, 249px\" \/><\/a><\/td>\n<td><a href=\"https:\/\/www.la-maison-naturelle.com\/5267-interieur-et-decoration\"><img loading=\"lazy\" decoding=\"async\" class=\"alignright size-medium wp-image-5563\" src=\"https:\/\/www.la-maison-naturelle.com\/blog\/wp-content\/uploads\/2012\/05\/b9400ea8-440a-4a4a-8db6-682fde3f9652-1-249x300.png\" alt=\"Int\u00e9rieur et d\u00e9coration\" width=\"249\" height=\"300\" srcset=\"https:\/\/www.la-maison-naturelle.com\/blog\/wp-content\/uploads\/2012\/05\/b9400ea8-440a-4a4a-8db6-682fde3f9652-1-249x300.png 249w, https:\/\/www.la-maison-naturelle.com\/blog\/wp-content\/uploads\/2012\/05\/b9400ea8-440a-4a4a-8db6-682fde3f9652-1.png 397w\" sizes=\"auto, (max-width: 249px) 100vw, 249px\" \/><\/a><\/td>\n<\/tr>\n<\/tbody>\n<\/table>\n<p>Bien que moins populaire que d&rsquo;autres mat\u00e9riaux de construction traditionnels comme le b\u00e9ton ou l&rsquo;acier, la fibre de bois est de plus en plus utilis\u00e9e dans le domaine de la construction en raison de ses nombreux avantages. Elle est notamment appr\u00e9ci\u00e9e pour sa durabilit\u00e9, son isolation thermique et acoustique, ainsi que sa r\u00e9gulation de l&rsquo;humidit\u00e9. Cependant, la disponibilit\u00e9 de la fibre de bois en stock est un facteur cl\u00e9 pour les professionnels du secteur de la construction et de l&rsquo;isolation.<\/p>\n<p>Situ\u00e9e en Corr\u00e8ze, dans le d\u00e9partement 19, Tulle est une ville qui b\u00e9n\u00e9ficie de la disponibilit\u00e9 de la fibre de bois en stock. Cela permet aux professionnels et aux particuliers de trouver ce mat\u00e9riau facilement et rapidement pour leurs projets de construction ou d&rsquo;isolation. De plus, choisir une entreprise locale \u00e0 Tulle peut pr\u00e9senter de nombreux avantages.<\/p>\n<p>La fibre de bois offre de nombreux avantages pour la construction et l&rsquo;isolation. Elle est un excellent isolant thermique et acoustique, garantissant une meilleure efficacit\u00e9 \u00e9nerg\u00e9tique et une r\u00e9duction des bruits ext\u00e9rieurs. De plus, elle r\u00e9gule naturellement l&rsquo;humidit\u00e9, ce qui permet de maintenir un environnement int\u00e9rieur sain et confortable. Enfin, la fibre de bois est \u00e9galement durable et r\u00e9sistante au feu, offrant une protection suppl\u00e9mentaire en cas d&rsquo;incendie.<\/p>\n<p>La fibre de bois peut \u00eatre utilis\u00e9e dans plusieurs domaines de la construction et de l&rsquo;isolation. Elle est souvent utilis\u00e9e pour isoler les murs et les combles, permettant de r\u00e9duire les pertes de chaleur et d&rsquo;am\u00e9liorer le confort int\u00e9rieur. De plus, la fibre de bois est \u00e9galement utilis\u00e9e dans la construction de maisons \u00e9cologiques, car elle est issue d&rsquo;une ressource renouvelable. Enfin, la fibre de bois est utilis\u00e9e dans le secteur du meuble pour ses propri\u00e9t\u00e9s esth\u00e9tiques et son caract\u00e8re \u00e9cologique.<\/p>\n<p>La disponibilit\u00e9 de la fibre de bois en stock \u00e0 Tulle (19) offre de nombreux avantages pour les professionnels et les particuliers. En choisissant une entreprise locale, les clients b\u00e9n\u00e9ficient d&rsquo;un contact direct, de conseils personnalis\u00e9s et d&rsquo;une meilleure compr\u00e9hension de leurs besoins. De plus, la disponibilit\u00e9 en stock permet une livraison rapide et r\u00e9duit les co\u00fbts de transport. En conclusion, la fibre de bois est un mat\u00e9riau de construction et d&rsquo;isolation \u00e0 privil\u00e9gier, et sa disponibilit\u00e9 en stock \u00e0 Tulle (19) en fait une option encore plus attrayante pour les projets de construction ou d&rsquo;isolation.<\/p>\n<p style=\"text-align: center;\"><span style=\"text-align: center;\"><a href=\"https:\/\/www.la-maison-naturelle.com\/\"><button>Achetez nos produits sur :<br \/>\n<img loading=\"lazy\" decoding=\"async\" class=\"aligncenter wp-image-376 size-thumbnail\" role=\"img\" src=\"https:\/\/www.la-maison-naturelle.com\/blog\/wp-content\/uploads\/2021\/07\/maison-naturelle-logo.svg\" alt=\"\" width=\"150\" height=\"150\" srcset=\"https:\/\/www.la-maison-naturelle.com\/blog\/wp-content\/uploads\/\/2021\/07\/maison-naturelle-logo.svg 150w, https:\/\/www.la-maison-naturelle.com\/blog\/wp-content\/uploads\/\/2021\/07\/maison-naturelle-logo.svg 300w, https:\/\/www.la-maison-naturelle.com\/blog\/wp-content\/uploads\/\/2021\/07\/maison-naturelle-logo.svg 1024w, https:\/\/www.la-maison-naturelle.com\/blog\/wp-content\/uploads\/\/2021\/07\/maison-naturelle-logo.svg 1536w, https:\/\/www.la-maison-naturelle.com\/blog\/wp-content\/uploads\/\/2021\/07\/maison-naturelle-logo.svg 2048w\" sizes=\"auto, (max-width: 150px) 100vw, 150px\" \/><\/button><\/a><\/span><\/p>\n<h2>Introduction<\/h2>\n<p>La fibre de bois, une ressource naturelle et \u00e9cologique, est devenue un mat\u00e9riau de plus en plus populaire dans l&rsquo;industrie de la construction et de l&rsquo;isolation. Dans cet article, nous allons explorer les avantages de la fibre de bois ainsi que sa disponibilit\u00e9 en stock \u00e0 Tulle, en Corr\u00e8ze.<\/p>\n<h2>Les avantages de la fibre de bois<\/h2>\n<p>La fibre de bois pr\u00e9sente de nombreux avantages qui en font un choix id\u00e9al pour l&rsquo;isolation thermique et acoustique. Gr\u00e2ce \u00e0 ses propri\u00e9t\u00e9s naturelles, elle permet d&rsquo;am\u00e9liorer le confort int\u00e9rieur en maintenant une temp\u00e9rature agr\u00e9able et en r\u00e9duisant les bruits ext\u00e9rieurs. De plus, la fibre de bois r\u00e9gule naturellement l&rsquo;humidit\u00e9 dans les pi\u00e8ces, contribuant ainsi \u00e0 cr\u00e9er un environnement sain et confortable. Enfin, la fibre de bois est \u00e9galement durable et r\u00e9sistante au feu, offrant une protection suppl\u00e9mentaire en cas d&rsquo;incendie.<\/p>\n<h2>Les utilisations de la fibre de bois<\/h2>\n<p>La fibre de bois peut \u00eatre utilis\u00e9e de diff\u00e9rentes fa\u00e7ons dans le domaine de la construction et de l&rsquo;isolation. Elle est couramment utilis\u00e9e pour isoler les murs et les combles, offrant une excellente performance thermique et acoustique. De plus, la fibre de bois est un mat\u00e9riau privil\u00e9gi\u00e9 dans la construction de maisons \u00e9cologiques, r\u00e9pondant aux normes de durabilit\u00e9 et de respect de l&rsquo;environnement. Enfin, la fibre de bois trouve \u00e9galement sa place dans le secteur du meuble, o\u00f9 elle est utilis\u00e9e pour fabriquer des pi\u00e8ces solides et durables.<\/p>\n<h2>La disponibilit\u00e9 de la fibre de bois en stock \u00e0 Tulle (19) et ses avantages<\/h2>\n<p>\u00c0 Tulle, en Corr\u00e8ze, plusieurs fournisseurs proposent de la fibre de bois en stock, ce qui pr\u00e9sente de nombreux avantages pour les professionnels et les particuliers. En choisissant une entreprise locale, vous b\u00e9n\u00e9ficiez d&rsquo;un approvisionnement rapide et d&rsquo;une r\u00e9duction des co\u00fbts de transport. De plus, travailler avec des fournisseurs locaux permet de renforcer l&rsquo;\u00e9conomie locale et de contribuer au d\u00e9veloppement de la r\u00e9gion.<\/p>\n<h2>Conclusion<\/h2>\n<p>En r\u00e9sum\u00e9, la fibre de bois est un mat\u00e9riau polyvalent et \u00e9cologique, offrant de nombreux avantages en termes d&rsquo;isolation thermique et acoustique, de r\u00e9gulation de l&rsquo;humidit\u00e9, de durabilit\u00e9 et de r\u00e9sistance au feu. \u00c0 Tulle, en Corr\u00e8ze, il est possible de trouver de la fibre de bois en stock, gr\u00e2ce \u00e0 la pr\u00e9sence de fournisseurs locaux. Si vous envisagez un projet de construction ou d&rsquo;isolation, nous vous encourageons \u00e0 choisir la fibre de bois pour ses nombreux avantages et \u00e0 profiter de sa disponibilit\u00e9 en stock \u00e0 Tulle.<\/p>\n<p style=\"text-align: center;\"><span style=\"text-align: center;\"><a href=\"https:\/\/www.la-maison-naturelle.com\/\"><button>Achetez nos produits sur :<br \/>\n<img loading=\"lazy\" decoding=\"async\" class=\"aligncenter wp-image-376 size-thumbnail\" role=\"img\" src=\"https:\/\/www.la-maison-naturelle.com\/blog\/wp-content\/uploads\/2021\/07\/maison-naturelle-logo.svg\" alt=\"\" width=\"150\" height=\"150\" srcset=\"https:\/\/www.la-maison-naturelle.com\/blog\/wp-content\/uploads\/\/2021\/07\/maison-naturelle-logo.svg 150w, https:\/\/www.la-maison-naturelle.com\/blog\/wp-content\/uploads\/\/2021\/07\/maison-naturelle-logo.svg 300w, https:\/\/www.la-maison-naturelle.com\/blog\/wp-content\/uploads\/\/2021\/07\/maison-naturelle-logo.svg 1024w, https:\/\/www.la-maison-naturelle.com\/blog\/wp-content\/uploads\/\/2021\/07\/maison-naturelle-logo.svg 1536w, https:\/\/www.la-maison-naturelle.com\/blog\/wp-content\/uploads\/\/2021\/07\/maison-naturelle-logo.svg 2048w\" sizes=\"auto, (max-width: 150px) 100vw, 150px\" \/><\/button><\/a><\/span><\/p>\n","protected":false},"excerpt":{"rendered":"","protected":false},"author":6,"featured_media":0,"comment_status":"open","ping_status":"open","sticky":false,"template":"","format":"standard","meta":{"footnotes":""},"categories":[14],"tags":[],"class_list":["post-2182","post","type-post","status-publish","format-standard","hentry","category-une-petite-pause"],"_wp_attached_file":null,"_wp_attachment_metadata":null,"_wp_attachment_context":null,"_wp_attachment_image_alt":null,"_hf_settings":null,"hf_message_success":null,"hf_message_invalid_email":null,"hf_message_required_field_missing":null,"hf_message_error":null,"_menu_item_type":null,"_menu_item_menu_item_parent":null,"_menu_item_object_id":null,"_menu_item_object":null,"_menu_item_target":null,"_menu_item_classes":null,"_menu_item_xfn":null,"_menu_item_url":null,"_yoast_wpseo_primary_category":"5","_thumbnail_id":null,"_oembed_26d84b2c06432105b0a19987ae029a71":null,"_oembed_43e9e2dfde1b9b4ed91c9711026b7ef9":null,"_oembed_1fe1564764edbddc3b61e81acf52be88":null,"_oembed_df60f474cd845141e7ce6596d101e4a0":null,"_oembed_825e674795e2435c0bc66eb08e5d2c8b":null,"_oembed_time_825e674795e2435c0bc66eb08e5d2c8b":null,"_oembed_e917352ff4cc21ea91383201eeaa08cf":null,"_oembed_2363c16c972791c33e283320dc564fce":null,"_oembed_cc9ad5b5073a84776f6a62e33e6c7498":null,"_oembed_time_cc9ad5b5073a84776f6a62e33e6c7498":null,"_oembed_305147fcf4b856de518466e695c209cd":null,"_oembed_8517a877084ae01a5296813ee1d16a2b":null,"_oembed_2741f1556b243e68379198f98ba7f864":null,"_oembed_c3ffa24981451396c950ece2129da0f6":null,"_oembed_6f9091ebe2f3f5fcb5698ba6f4b41477":null,"_wp_old_slug":null,"_oembed_e4fb0f68ba12b85e9e231afe151ba12a":null,"_oembed_3c60e98bd703e617e67f5bbb3b97424d":null,"_oembed_bb060374498dcf40cb6068efe4be87e1":null,"_oembed_d0403e1e71c3a29020bd546b159480f1":null,"_oembed_b030ff17fbbbf8661c59c2ab8ff289eb":null,"_oembed_5cec699ba0631c6c0e4ba4f6af5f228e":null,"_oembed_b06a67f278b90cf4e8dd17cb12fe67b0":null,"_oembed_8e190e4fea2256f17420434651556236":null,"_oembed_b5ded119f1337916a0fc64d2ad85c95f":null,"_oembed_d9364a7a81be31c01415da2c50a48932":null,"_oembed_738cafa36d51a58e5ae3e458aa8f7584":null,"_oembed_ebcab5184b6b321b28efbcbec079859b":null,"_oembed_3dd9e35c2b7b268070e74da5b89cf937":null,"_oembed_e14b167b493e311a1c4e2aab38a463e8":null,"_oembed_dc8f7d108b38f3f0c2e0785b8bc46cae":null,"_oembed_55cf1c5142884afed312c2666bf27520":null,"_oembed_2292333bf03a956b4b61afafeff6bca0":null,"_oembed_82a986a6b900856fec23169de03a0038":null,"_oembed_4048ded025352b83569104210074165a":null,"_oembed_033b42b1af757abc39e4487233cee7f5":null,"_oembed_aec1d50f2b159366be8e37e94b201be1":null,"_oembed_0adc8480b2fcadf9a1733f572ce3d3f8":null,"_yoast_wpseo_title":null,"_yoast_wpseo_focuskw":null,"_yoast_wpseo_linkdex":null,"_yoast_wpseo_metadesc":null,"_yoast_wpseo_wordproof_timestamp":null,"_tpl_archive_meta_key":null,"_form":null,"_mail":null,"_mail_2":null,"_messages":null,"_additional_settings":null,"_locale":null,"_wp_old_date":null,"_edit_last":"5","_wpb_vc_js_status":"false","_yoast_wpseo_estimated-reading-time-minutes":"2","_edit_lock":"1692955331:5","_yoast_wpseo_content_score":"60","yoast_head":"<!-- This site is optimized with the Yoast SEO plugin v24.3 - https:\/\/yoast.com\/wordpress\/plugins\/seo\/ -->\n<title>La disponibilit\u00e9 de la fibre de bois en stock \u00e0 Tulle (19) et ses avantages pour la construction et l&#039;isolation - La Maison naturelle | Blog<\/title>\n<meta name=\"robots\" content=\"index, follow, max-snippet:-1, max-image-preview:large, max-video-preview:-1\" \/>\n<link rel=\"canonical\" href=\"https:\/\/www.la-maison-naturelle.com\/blog\/fibre-de-bois-en-stock-sur-la-correze-a-tulle-19\/\" \/>\n<meta property=\"og:locale\" content=\"fr_FR\" \/>\n<meta property=\"og:type\" content=\"article\" \/>\n<meta property=\"og:title\" content=\"La disponibilit\u00e9 de la fibre de bois en stock \u00e0 Tulle (19) et ses avantages pour la construction et l&#039;isolation - La Maison naturelle | Blog\" \/>\n<meta property=\"og:url\" content=\"https:\/\/www.la-maison-naturelle.com\/blog\/fibre-de-bois-en-stock-sur-la-correze-a-tulle-19\/\" \/>\n<meta property=\"og:site_name\" content=\"La Maison naturelle | Blog\" \/>\n<meta property=\"article:published_time\" content=\"2013-05-24T12:06:28+00:00\" \/>\n<meta property=\"article:modified_time\" content=\"2023-08-25T11:33:13+00:00\" \/>\n<meta property=\"og:image\" content=\"https:\/\/www.la-maison-naturelle.com\/blog\/wp-content\/uploads\/2012\/05\/Dark-Green-and-Gray-Professional-and-Clean-E-Commerce-Email-Header-300x35.png\" \/>\n<meta name=\"author\" content=\"Thierry Lailavoix\" \/>\n<meta name=\"twitter:card\" content=\"summary_large_image\" \/>\n<meta name=\"twitter:label1\" content=\"\u00c9crit par\" \/>\n\t<meta name=\"twitter:data1\" content=\"Thierry Lailavoix\" \/>\n\t<meta name=\"twitter:label2\" content=\"Dur\u00e9e de lecture estim\u00e9e\" \/>\n\t<meta name=\"twitter:data2\" content=\"2 minutes\" \/>\n<script type=\"application\/ld+json\" class=\"yoast-schema-graph\">{\"@context\":\"https:\/\/schema.org\",\"@graph\":[{\"@type\":\"Article\",\"@id\":\"https:\/\/www.la-maison-naturelle.com\/blog\/fibre-de-bois-en-stock-sur-la-correze-a-tulle-19\/#article\",\"isPartOf\":{\"@id\":\"https:\/\/www.la-maison-naturelle.com\/blog\/fibre-de-bois-en-stock-sur-la-correze-a-tulle-19\/\"},\"author\":{\"name\":\"Thierry Lailavoix\",\"@id\":\"https:\/\/www.la-maison-naturelle.com\/blog\/#\/schema\/person\/17f32dccfc90d210e981fac7c831f73c\"},\"headline\":\"La disponibilit\u00e9 de la fibre de bois en stock \u00e0 Tulle (19) et ses avantages pour la construction et l&rsquo;isolation\",\"datePublished\":\"2013-05-24T12:06:28+00:00\",\"dateModified\":\"2023-08-25T11:33:13+00:00\",\"mainEntityOfPage\":{\"@id\":\"https:\/\/www.la-maison-naturelle.com\/blog\/fibre-de-bois-en-stock-sur-la-correze-a-tulle-19\/\"},\"wordCount\":18,\"commentCount\":0,\"publisher\":{\"@id\":\"https:\/\/www.la-maison-naturelle.com\/blog\/#organization\"},\"image\":{\"@id\":\"https:\/\/www.la-maison-naturelle.com\/blog\/fibre-de-bois-en-stock-sur-la-correze-a-tulle-19\/#primaryimage\"},\"thumbnailUrl\":\"https:\/\/www.la-maison-naturelle.com\/blog\/wp-content\/uploads\/2012\/05\/Dark-Green-and-Gray-Professional-and-Clean-E-Commerce-Email-Header-300x35.png\",\"articleSection\":[\"Une petite Pause\"],\"inLanguage\":\"fr-FR\",\"potentialAction\":[{\"@type\":\"CommentAction\",\"name\":\"Comment\",\"target\":[\"https:\/\/www.la-maison-naturelle.com\/blog\/fibre-de-bois-en-stock-sur-la-correze-a-tulle-19\/#respond\"]}]},{\"@type\":\"WebPage\",\"@id\":\"https:\/\/www.la-maison-naturelle.com\/blog\/fibre-de-bois-en-stock-sur-la-correze-a-tulle-19\/\",\"url\":\"https:\/\/www.la-maison-naturelle.com\/blog\/fibre-de-bois-en-stock-sur-la-correze-a-tulle-19\/\",\"name\":\"La disponibilit\u00e9 de la fibre de bois en stock \u00e0 Tulle (19) et ses avantages pour la construction et l'isolation - La Maison naturelle | Blog\",\"isPartOf\":{\"@id\":\"https:\/\/www.la-maison-naturelle.com\/blog\/#website\"},\"primaryImageOfPage\":{\"@id\":\"https:\/\/www.la-maison-naturelle.com\/blog\/fibre-de-bois-en-stock-sur-la-correze-a-tulle-19\/#primaryimage\"},\"image\":{\"@id\":\"https:\/\/www.la-maison-naturelle.com\/blog\/fibre-de-bois-en-stock-sur-la-correze-a-tulle-19\/#primaryimage\"},\"thumbnailUrl\":\"https:\/\/www.la-maison-naturelle.com\/blog\/wp-content\/uploads\/2012\/05\/Dark-Green-and-Gray-Professional-and-Clean-E-Commerce-Email-Header-300x35.png\",\"datePublished\":\"2013-05-24T12:06:28+00:00\",\"dateModified\":\"2023-08-25T11:33:13+00:00\",\"breadcrumb\":{\"@id\":\"https:\/\/www.la-maison-naturelle.com\/blog\/fibre-de-bois-en-stock-sur-la-correze-a-tulle-19\/#breadcrumb\"},\"inLanguage\":\"fr-FR\",\"potentialAction\":[{\"@type\":\"ReadAction\",\"target\":[\"https:\/\/www.la-maison-naturelle.com\/blog\/fibre-de-bois-en-stock-sur-la-correze-a-tulle-19\/\"]}]},{\"@type\":\"ImageObject\",\"inLanguage\":\"fr-FR\",\"@id\":\"https:\/\/www.la-maison-naturelle.com\/blog\/fibre-de-bois-en-stock-sur-la-correze-a-tulle-19\/#primaryimage\",\"url\":\"https:\/\/www.la-maison-naturelle.com\/blog\/wp-content\/uploads\/2012\/05\/Dark-Green-and-Gray-Professional-and-Clean-E-Commerce-Email-Header.png\",\"contentUrl\":\"https:\/\/www.la-maison-naturelle.com\/blog\/wp-content\/uploads\/2012\/05\/Dark-Green-and-Gray-Professional-and-Clean-E-Commerce-Email-Header.png\",\"width\":1578,\"height\":183},{\"@type\":\"BreadcrumbList\",\"@id\":\"https:\/\/www.la-maison-naturelle.com\/blog\/fibre-de-bois-en-stock-sur-la-correze-a-tulle-19\/#breadcrumb\",\"itemListElement\":[{\"@type\":\"ListItem\",\"position\":1,\"name\":\"Accueil\",\"item\":\"https:\/\/www.la-maison-naturelle.com\/blog\/\"},{\"@type\":\"ListItem\",\"position\":2,\"name\":\"La disponibilit\u00e9 de la fibre de bois en stock \u00e0 Tulle (19) et ses avantages pour la construction et l&rsquo;isolation\"}]},{\"@type\":\"WebSite\",\"@id\":\"https:\/\/www.la-maison-naturelle.com\/blog\/#website\",\"url\":\"https:\/\/www.la-maison-naturelle.com\/blog\/\",\"name\":\"La Maison naturelle | Blog\",\"description\":\"Blog de la Maison naturelle\",\"publisher\":{\"@id\":\"https:\/\/www.la-maison-naturelle.com\/blog\/#organization\"},\"potentialAction\":[{\"@type\":\"SearchAction\",\"target\":{\"@type\":\"EntryPoint\",\"urlTemplate\":\"https:\/\/www.la-maison-naturelle.com\/blog\/?s={search_term_string}\"},\"query-input\":{\"@type\":\"PropertyValueSpecification\",\"valueRequired\":true,\"valueName\":\"search_term_string\"}}],\"inLanguage\":\"fr-FR\"},{\"@type\":\"Organization\",\"@id\":\"https:\/\/www.la-maison-naturelle.com\/blog\/#organization\",\"name\":\"La Maison naturelle | Blog\",\"url\":\"https:\/\/www.la-maison-naturelle.com\/blog\/\",\"logo\":{\"@type\":\"ImageObject\",\"inLanguage\":\"fr-FR\",\"@id\":\"https:\/\/www.la-maison-naturelle.com\/blog\/#\/schema\/logo\/image\/\",\"url\":\"https:\/\/www.la-maison-naturelle.com\/blog\/wp-content\/uploads\/2021\/07\/maison-naturelle-logo.svg\",\"contentUrl\":\"https:\/\/www.la-maison-naturelle.com\/blog\/wp-content\/uploads\/2021\/07\/maison-naturelle-logo.svg\",\"width\":156,\"height\":64,\"caption\":\"La Maison naturelle | Blog\"},\"image\":{\"@id\":\"https:\/\/www.la-maison-naturelle.com\/blog\/#\/schema\/logo\/image\/\"}},{\"@type\":\"Person\",\"@id\":\"https:\/\/www.la-maison-naturelle.com\/blog\/#\/schema\/person\/17f32dccfc90d210e981fac7c831f73c\",\"name\":\"Thierry Lailavoix\",\"image\":{\"@type\":\"ImageObject\",\"inLanguage\":\"fr-FR\",\"@id\":\"https:\/\/www.la-maison-naturelle.com\/blog\/#\/schema\/person\/image\/\",\"url\":\"https:\/\/secure.gravatar.com\/avatar\/13e5241036ff85f04898947108b791b16bbd9e4f629e40d355f8ec0a8e57a22c?s=96&d=mm&r=g\",\"contentUrl\":\"https:\/\/secure.gravatar.com\/avatar\/13e5241036ff85f04898947108b791b16bbd9e4f629e40d355f8ec0a8e57a22c?s=96&d=mm&r=g\",\"caption\":\"Thierry Lailavoix\"},\"sameAs\":[\"https:\/\/www.la-maison-naturelle.com\/\"],\"url\":\"https:\/\/www.la-maison-naturelle.com\/blog\/author\/thierry\/\"}]}<\/script>\n<!-- \/ Yoast SEO plugin. -->","yoast_head_json":{"title":"La disponibilit\u00e9 de la fibre de bois en stock \u00e0 Tulle (19) et ses avantages pour la construction et l'isolation - La Maison naturelle | Blog","robots":{"index":"index","follow":"follow","max-snippet":"max-snippet:-1","max-image-preview":"max-image-preview:large","max-video-preview":"max-video-preview:-1"},"canonical":"https:\/\/www.la-maison-naturelle.com\/blog\/fibre-de-bois-en-stock-sur-la-correze-a-tulle-19\/","og_locale":"fr_FR","og_type":"article","og_title":"La disponibilit\u00e9 de la fibre de bois en stock \u00e0 Tulle (19) et ses avantages pour la construction et l'isolation - La Maison naturelle | Blog","og_url":"https:\/\/www.la-maison-naturelle.com\/blog\/fibre-de-bois-en-stock-sur-la-correze-a-tulle-19\/","og_site_name":"La Maison naturelle | Blog","article_published_time":"2013-05-24T12:06:28+00:00","article_modified_time":"2023-08-25T11:33:13+00:00","og_image":[{"url":"https:\/\/www.la-maison-naturelle.com\/blog\/wp-content\/uploads\/2012\/05\/Dark-Green-and-Gray-Professional-and-Clean-E-Commerce-Email-Header-300x35.png","type":"","width":"","height":""}],"author":"Thierry Lailavoix","twitter_card":"summary_large_image","twitter_misc":{"\u00c9crit par":"Thierry Lailavoix","Dur\u00e9e de lecture estim\u00e9e":"2 minutes"},"schema":{"@context":"https:\/\/schema.org","@graph":[{"@type":"Article","@id":"https:\/\/www.la-maison-naturelle.com\/blog\/fibre-de-bois-en-stock-sur-la-correze-a-tulle-19\/#article","isPartOf":{"@id":"https:\/\/www.la-maison-naturelle.com\/blog\/fibre-de-bois-en-stock-sur-la-correze-a-tulle-19\/"},"author":{"name":"Thierry Lailavoix","@id":"https:\/\/www.la-maison-naturelle.com\/blog\/#\/schema\/person\/17f32dccfc90d210e981fac7c831f73c"},"headline":"La disponibilit\u00e9 de la fibre de bois en stock \u00e0 Tulle (19) et ses avantages pour la construction et l&rsquo;isolation","datePublished":"2013-05-24T12:06:28+00:00","dateModified":"2023-08-25T11:33:13+00:00","mainEntityOfPage":{"@id":"https:\/\/www.la-maison-naturelle.com\/blog\/fibre-de-bois-en-stock-sur-la-correze-a-tulle-19\/"},"wordCount":18,"commentCount":0,"publisher":{"@id":"https:\/\/www.la-maison-naturelle.com\/blog\/#organization"},"image":{"@id":"https:\/\/www.la-maison-naturelle.com\/blog\/fibre-de-bois-en-stock-sur-la-correze-a-tulle-19\/#primaryimage"},"thumbnailUrl":"https:\/\/www.la-maison-naturelle.com\/blog\/wp-content\/uploads\/2012\/05\/Dark-Green-and-Gray-Professional-and-Clean-E-Commerce-Email-Header-300x35.png","articleSection":["Une petite Pause"],"inLanguage":"fr-FR","potentialAction":[{"@type":"CommentAction","name":"Comment","target":["https:\/\/www.la-maison-naturelle.com\/blog\/fibre-de-bois-en-stock-sur-la-correze-a-tulle-19\/#respond"]}]},{"@type":"WebPage","@id":"https:\/\/www.la-maison-naturelle.com\/blog\/fibre-de-bois-en-stock-sur-la-correze-a-tulle-19\/","url":"https:\/\/www.la-maison-naturelle.com\/blog\/fibre-de-bois-en-stock-sur-la-correze-a-tulle-19\/","name":"La disponibilit\u00e9 de la fibre de bois en stock \u00e0 Tulle (19) et ses avantages pour la construction et l'isolation - La Maison naturelle | Blog","isPartOf":{"@id":"https:\/\/www.la-maison-naturelle.com\/blog\/#website"},"primaryImageOfPage":{"@id":"https:\/\/www.la-maison-naturelle.com\/blog\/fibre-de-bois-en-stock-sur-la-correze-a-tulle-19\/#primaryimage"},"image":{"@id":"https:\/\/www.la-maison-naturelle.com\/blog\/fibre-de-bois-en-stock-sur-la-correze-a-tulle-19\/#primaryimage"},"thumbnailUrl":"https:\/\/www.la-maison-naturelle.com\/blog\/wp-content\/uploads\/2012\/05\/Dark-Green-and-Gray-Professional-and-Clean-E-Commerce-Email-Header-300x35.png","datePublished":"2013-05-24T12:06:28+00:00","dateModified":"2023-08-25T11:33:13+00:00","breadcrumb":{"@id":"https:\/\/www.la-maison-naturelle.com\/blog\/fibre-de-bois-en-stock-sur-la-correze-a-tulle-19\/#breadcrumb"},"inLanguage":"fr-FR","potentialAction":[{"@type":"ReadAction","target":["https:\/\/www.la-maison-naturelle.com\/blog\/fibre-de-bois-en-stock-sur-la-correze-a-tulle-19\/"]}]},{"@type":"ImageObject","inLanguage":"fr-FR","@id":"https:\/\/www.la-maison-naturelle.com\/blog\/fibre-de-bois-en-stock-sur-la-correze-a-tulle-19\/#primaryimage","url":"https:\/\/www.la-maison-naturelle.com\/blog\/wp-content\/uploads\/2012\/05\/Dark-Green-and-Gray-Professional-and-Clean-E-Commerce-Email-Header.png","contentUrl":"https:\/\/www.la-maison-naturelle.com\/blog\/wp-content\/uploads\/2012\/05\/Dark-Green-and-Gray-Professional-and-Clean-E-Commerce-Email-Header.png","width":1578,"height":183},{"@type":"BreadcrumbList","@id":"https:\/\/www.la-maison-naturelle.com\/blog\/fibre-de-bois-en-stock-sur-la-correze-a-tulle-19\/#breadcrumb","itemListElement":[{"@type":"ListItem","position":1,"name":"Accueil","item":"https:\/\/www.la-maison-naturelle.com\/blog\/"},{"@type":"ListItem","position":2,"name":"La disponibilit\u00e9 de la fibre de bois en stock \u00e0 Tulle (19) et ses avantages pour la construction et l&rsquo;isolation"}]},{"@type":"WebSite","@id":"https:\/\/www.la-maison-naturelle.com\/blog\/#website","url":"https:\/\/www.la-maison-naturelle.com\/blog\/","name":"La Maison naturelle | Blog","description":"Blog de la Maison naturelle","publisher":{"@id":"https:\/\/www.la-maison-naturelle.com\/blog\/#organization"},"potentialAction":[{"@type":"SearchAction","target":{"@type":"EntryPoint","urlTemplate":"https:\/\/www.la-maison-naturelle.com\/blog\/?s={search_term_string}"},"query-input":{"@type":"PropertyValueSpecification","valueRequired":true,"valueName":"search_term_string"}}],"inLanguage":"fr-FR"},{"@type":"Organization","@id":"https:\/\/www.la-maison-naturelle.com\/blog\/#organization","name":"La Maison naturelle | Blog","url":"https:\/\/www.la-maison-naturelle.com\/blog\/","logo":{"@type":"ImageObject","inLanguage":"fr-FR","@id":"https:\/\/www.la-maison-naturelle.com\/blog\/#\/schema\/logo\/image\/","url":"https:\/\/www.la-maison-naturelle.com\/blog\/wp-content\/uploads\/2021\/07\/maison-naturelle-logo.svg","contentUrl":"https:\/\/www.la-maison-naturelle.com\/blog\/wp-content\/uploads\/2021\/07\/maison-naturelle-logo.svg","width":156,"height":64,"caption":"La Maison naturelle | Blog"},"image":{"@id":"https:\/\/www.la-maison-naturelle.com\/blog\/#\/schema\/logo\/image\/"}},{"@type":"Person","@id":"https:\/\/www.la-maison-naturelle.com\/blog\/#\/schema\/person\/17f32dccfc90d210e981fac7c831f73c","name":"Thierry Lailavoix","image":{"@type":"ImageObject","inLanguage":"fr-FR","@id":"https:\/\/www.la-maison-naturelle.com\/blog\/#\/schema\/person\/image\/","url":"https:\/\/secure.gravatar.com\/avatar\/13e5241036ff85f04898947108b791b16bbd9e4f629e40d355f8ec0a8e57a22c?s=96&d=mm&r=g","contentUrl":"https:\/\/secure.gravatar.com\/avatar\/13e5241036ff85f04898947108b791b16bbd9e4f629e40d355f8ec0a8e57a22c?s=96&d=mm&r=g","caption":"Thierry Lailavoix"},"sameAs":["https:\/\/www.la-maison-naturelle.com\/"],"url":"https:\/\/www.la-maison-naturelle.com\/blog\/author\/thierry\/"}]}},"_links":{"self":[{"href":"https:\/\/www.la-maison-naturelle.com\/blog\/wp-json\/wp\/v2\/posts\/2182","targetHints":{"allow":["GET"]}}],"collection":[{"href":"https:\/\/www.la-maison-naturelle.com\/blog\/wp-json\/wp\/v2\/posts"}],"about":[{"href":"https:\/\/www.la-maison-naturelle.com\/blog\/wp-json\/wp\/v2\/types\/post"}],"author":[{"embeddable":true,"href":"https:\/\/www.la-maison-naturelle.com\/blog\/wp-json\/wp\/v2\/users\/6"}],"replies":[{"embeddable":true,"href":"https:\/\/www.la-maison-naturelle.com\/blog\/wp-json\/wp\/v2\/comments?post=2182"}],"version-history":[{"count":3,"href":"https:\/\/www.la-maison-naturelle.com\/blog\/wp-json\/wp\/v2\/posts\/2182\/revisions"}],"predecessor-version":[{"id":6494,"href":"https:\/\/www.la-maison-naturelle.com\/blog\/wp-json\/wp\/v2\/posts\/2182\/revisions\/6494"}],"wp:attachment":[{"href":"https:\/\/www.la-maison-naturelle.com\/blog\/wp-json\/wp\/v2\/media?parent=2182"}],"wp:term":[{"taxonomy":"category","embeddable":true,"href":"https:\/\/www.la-maison-naturelle.com\/blog\/wp-json\/wp\/v2\/categories?post=2182"},{"taxonomy":"post_tag","embeddable":true,"href":"https:\/\/www.la-maison-naturelle.com\/blog\/wp-json\/wp\/v2\/tags?post=2182"}],"curies":[{"name":"wp","href":"https:\/\/api.w.org\/{rel}","templated":true}]}}