{"id":2180,"date":"2013-05-24T14:05:41","date_gmt":"2013-05-24T12:05:41","guid":{"rendered":"https:\/\/www.la-maison-naturelle.com\/blog\/?p=2180"},"modified":"2023-08-04T21:56:50","modified_gmt":"2023-08-04T19:56:50","slug":"vente-fibre-de-bois-sylvactis-dans-l-arriere-pays-de-nice-06","status":"publish","type":"post","link":"https:\/\/www.la-maison-naturelle.com\/blog\/vente-fibre-de-bois-sylvactis-dans-l-arriere-pays-de-nice-06\/","title":{"rendered":"La fibre de bois STEICO : l&rsquo;alternative \u00e9cologique pour l&rsquo;isolation dans l&rsquo;arri\u00e8re-pays de Nice"},"content":{"rendered":"<table style=\" width=\"100%\",max-width=\"839\">\n<tbody>\n<tr>\n<td colspan=\"3\"><a href=\"https:\/\/www.la-maison-naturelle.com\/\"><img decoding=\"async\" class=\"wp-image-5568 aligncenter\" src=\"https:\/\/www.la-maison-naturelle.com\/blog\/wp-content\/uploads\/2012\/05\/Dark-Green-and-Gray-Professional-and-Clean-E-Commerce-Email-Header-300x35.png\" alt=\"\" width=\"839\" srcset=\"https:\/\/www.la-maison-naturelle.com\/blog\/wp-content\/uploads\/2012\/05\/Dark-Green-and-Gray-Professional-and-Clean-E-Commerce-Email-Header-300x35.png 300w, https:\/\/www.la-maison-naturelle.com\/blog\/wp-content\/uploads\/2012\/05\/Dark-Green-and-Gray-Professional-and-Clean-E-Commerce-Email-Header-1024x119.png 1024w, https:\/\/www.la-maison-naturelle.com\/blog\/wp-content\/uploads\/2012\/05\/Dark-Green-and-Gray-Professional-and-Clean-E-Commerce-Email-Header-768x89.png 768w, https:\/\/www.la-maison-naturelle.com\/blog\/wp-content\/uploads\/2012\/05\/Dark-Green-and-Gray-Professional-and-Clean-E-Commerce-Email-Header-1536x178.png 1536w, https:\/\/www.la-maison-naturelle.com\/blog\/wp-content\/uploads\/2012\/05\/Dark-Green-and-Gray-Professional-and-Clean-E-Commerce-Email-Header.png 1578w\" sizes=\"(max-width: 300px) 100vw, 300px\" \/><\/a><\/td>\n<\/tr>\n<tr>\n<td><a href=\"https:\/\/www.la-maison-naturelle.com\/5260-materiaux-et-bricolage\"><img loading=\"lazy\" decoding=\"async\" class=\"alignright size-medium wp-image-5565\" src=\"https:\/\/www.la-maison-naturelle.com\/blog\/wp-content\/uploads\/2012\/05\/73a5f09c-2ef6-46dd-90d1-9cf73599e16b-1-249x300.png\" alt=\"Mat\u00e9riaux et bricolage\" width=\"249\" height=\"300\" srcset=\"https:\/\/www.la-maison-naturelle.com\/blog\/wp-content\/uploads\/2012\/05\/73a5f09c-2ef6-46dd-90d1-9cf73599e16b-1-249x300.png 249w, https:\/\/www.la-maison-naturelle.com\/blog\/wp-content\/uploads\/2012\/05\/73a5f09c-2ef6-46dd-90d1-9cf73599e16b-1.png 397w\" sizes=\"auto, (max-width: 249px) 100vw, 249px\" \/><\/a><\/td>\n<td><a href=\"https:\/\/www.la-maison-naturelle.com\/5266-amenagement-du-jardin\"><img loading=\"lazy\" decoding=\"async\" class=\"alignright size-medium wp-image-5564\" src=\"https:\/\/www.la-maison-naturelle.com\/blog\/wp-content\/uploads\/2012\/05\/9224811f-6da5-4d4d-8634-e9a2517a9565-1-249x300.png\" alt=\"Jardin et ext\u00e9rieur\" width=\"249\" height=\"300\" srcset=\"https:\/\/www.la-maison-naturelle.com\/blog\/wp-content\/uploads\/2012\/05\/9224811f-6da5-4d4d-8634-e9a2517a9565-1-249x300.png 249w, https:\/\/www.la-maison-naturelle.com\/blog\/wp-content\/uploads\/2012\/05\/9224811f-6da5-4d4d-8634-e9a2517a9565-1.png 397w\" sizes=\"auto, (max-width: 249px) 100vw, 249px\" \/><\/a><\/td>\n<td><a href=\"https:\/\/www.la-maison-naturelle.com\/5267-interieur-et-decoration\"><img loading=\"lazy\" decoding=\"async\" class=\"alignright size-medium wp-image-5563\" src=\"https:\/\/www.la-maison-naturelle.com\/blog\/wp-content\/uploads\/2012\/05\/b9400ea8-440a-4a4a-8db6-682fde3f9652-1-249x300.png\" alt=\"Int\u00e9rieur et d\u00e9coration\" width=\"249\" height=\"300\" srcset=\"https:\/\/www.la-maison-naturelle.com\/blog\/wp-content\/uploads\/2012\/05\/b9400ea8-440a-4a4a-8db6-682fde3f9652-1-249x300.png 249w, https:\/\/www.la-maison-naturelle.com\/blog\/wp-content\/uploads\/2012\/05\/b9400ea8-440a-4a4a-8db6-682fde3f9652-1.png 397w\" sizes=\"auto, (max-width: 249px) 100vw, 249px\" \/><\/a><\/td>\n<\/tr>\n<\/tbody>\n<\/table>\n<p>L&rsquo;arri\u00e8re-pays de Nice est une r\u00e9gion magnifique, caract\u00e9ris\u00e9e par ses paysages montagneux et sa v\u00e9g\u00e9tation luxuriante. Cependant, cette beaut\u00e9 naturelle peut parfois poser des probl\u00e8mes en termes d&rsquo;isolation thermique. En effet, les maisons situ\u00e9es dans cette r\u00e9gion ont souvent des besoins sp\u00e9cifiques en mati\u00e8re d&rsquo;isolation afin de faire face aux variations de temp\u00e9rature et d&rsquo;humidit\u00e9. C&rsquo;est l\u00e0 que la fibre de bois <a href=\"https:\/\/www.la-maison-naturelle.com\/brand\/1-steico\" data-internallinksmanager029f6b8e52c=\"71\" title=\"STEICO\">STEICO<\/a> entre en jeu.<\/p>\n<p>La fibre de bois STEICO est un mat\u00e9riau isolant innovant, fabriqu\u00e9 \u00e0 partir de fibres de bois issues de for\u00eats g\u00e9r\u00e9es de mani\u00e8re durable. Contrairement \u00e0 d&rsquo;autres mat\u00e9riaux isolants tels que la laine de verre ou la mousse de polyur\u00e9thane, la fibre de bois STEICO est enti\u00e8rement naturelle et sans danger pour l&rsquo;environnement.<\/p>\n<p>De plus, la fibre de bois poss\u00e8de d&rsquo;excellentes propri\u00e9t\u00e9s isolantes. Elle agit comme un isolant thermique, permettant de pr\u00e9server la chaleur \u00e0 l&rsquo;int\u00e9rieur des b\u00e2timents pendant l&rsquo;hiver, tout en \u00e9vitant les surchauffes en \u00e9t\u00e9. Elle est \u00e9galement un excellent isolant acoustique, r\u00e9duisant les nuisances sonores provenant de l&rsquo;ext\u00e9rieur.<\/p>\n<p>En choisissant la fibre de bois STEICO pour l&rsquo;isolation de leurs maisons, les habitants de l&rsquo;arri\u00e8re-pays de Nice contribuent \u00e0 la pr\u00e9servation de l&rsquo;environnement en r\u00e9duisant leur empreinte carbone. En effet, la production de la fibre de bois ne n\u00e9cessite que tr\u00e8s peu d&rsquo;\u00e9nergie et n&rsquo;\u00e9met pas de gaz \u00e0 effet de serre. De plus, elle est enti\u00e8rement recyclable et biod\u00e9gradable, ce qui en fait une solution \u00e9cologique \u00e0 long terme.<\/p>\n<p>La fibre de bois STEICO peut \u00eatre utilis\u00e9e dans de nombreux domaines de la construction. Elle est id\u00e9ale pour l&rsquo;isolation des murs, des toitures et des sols. Gr\u00e2ce \u00e0 sa grande flexibilit\u00e9, elle s&rsquo;adapte facilement \u00e0 toutes les formes et dimensions, ce qui la rend particuli\u00e8rement adapt\u00e9e aux maisons de l&rsquo;arri\u00e8re-pays de Nice, souvent con\u00e7ues de mani\u00e8re traditionnelle.<\/p>\n<p>De plus, la fibre de bois STEICO peut \u00eatre utilis\u00e9e en combinaison avec d&rsquo;autres mat\u00e9riaux isolants pour am\u00e9liorer encore ses performances. Par exemple, elle peut \u00eatre associ\u00e9e \u00e0 des panneaux de laine min\u00e9rale pour une isolation optimale dans les r\u00e9gions o\u00f9 les temp\u00e9ratures sont particuli\u00e8rement basses.<\/p>\n<p>Enfin, la fibre de bois STEICO offre \u00e9galement une excellente protection contre l&rsquo;humidit\u00e9. Elle est capable d&rsquo;absorber et de lib\u00e9rer l&rsquo;humidit\u00e9 de l&rsquo;air, ce qui permet de r\u00e9guler le taux d&rsquo;humidit\u00e9 \u00e0 l&rsquo;int\u00e9rieur des b\u00e2timents. Cela est particuli\u00e8rement b\u00e9n\u00e9fique dans l&rsquo;arri\u00e8re-pays de Nice, o\u00f9 les taux d&rsquo;humidit\u00e9 peuvent varier consid\u00e9rablement.<\/p>\n<p>En conclusion, la fibre de bois STEICO est une solution d&rsquo;<a href=\"https:\/\/www.la-maison-naturelle.com\/5273-isolation\" data-internallinksmanager029f6b8e52c=\"149\" title=\"isolation ecologique\">isolation naturelle<\/a> et \u00e9cologique, parfaitement adapt\u00e9e aux maisons de l&rsquo;arri\u00e8re-pays de Nice. Elle offre des performances thermiques et acoustiques exceptionnelles, tout en pr\u00e9servant l&rsquo;environnement. Gr\u00e2ce \u00e0 sa polyvalence, elle peut \u00eatre utilis\u00e9e dans plusieurs applications de construction. Alors, si vous souhaitez am\u00e9liorer l&rsquo;isolation de votre maison tout en contribuant \u00e0 la pr\u00e9servation de l&rsquo;environnement, la fibre de bois STEICO est la solution id\u00e9ale.<\/p>\n<p style=\"text-align: center;\"><span style=\"text-align: center;\"><a href=\"https:\/\/www.la-maison-naturelle.com\/\"><button>Achetez nos produits sur :<br \/>\n<img loading=\"lazy\" decoding=\"async\" class=\"aligncenter wp-image-376 size-thumbnail\" role=\"img\" src=\"https:\/\/www.la-maison-naturelle.com\/blog\/wp-content\/uploads\/2021\/07\/maison-naturelle-logo.svg\" alt=\"\" width=\"150\" height=\"150\" srcset=\"https:\/\/www.la-maison-naturelle.com\/blog\/wp-content\/uploads\/\/2021\/07\/maison-naturelle-logo.svg 150w, https:\/\/www.la-maison-naturelle.com\/blog\/wp-content\/uploads\/\/2021\/07\/maison-naturelle-logo.svg 300w, https:\/\/www.la-maison-naturelle.com\/blog\/wp-content\/uploads\/\/2021\/07\/maison-naturelle-logo.svg 1024w, https:\/\/www.la-maison-naturelle.com\/blog\/wp-content\/uploads\/\/2021\/07\/maison-naturelle-logo.svg 1536w, https:\/\/www.la-maison-naturelle.com\/blog\/wp-content\/uploads\/\/2021\/07\/maison-naturelle-logo.svg 2048w\" sizes=\"auto, (max-width: 150px) 100vw, 150px\" \/><\/button><\/a><\/span><\/p>\n<h2>La fibre de bois STEICO : une alternative \u00e9cologique pour l&rsquo;isolation dans l&rsquo;arri\u00e8re-pays de Nice<\/h2>\n<p>L&rsquo;arri\u00e8re-pays de Nice est une r\u00e9gion magnifique, caract\u00e9ris\u00e9e par ses paysages montagneux et sa v\u00e9g\u00e9tation luxuriante. Cependant, cette beaut\u00e9 naturelle peut parfois poser des probl\u00e8mes en termes d&rsquo;isolation thermique. En effet, les maisons situ\u00e9es dans cette r\u00e9gion ont souvent des besoins sp\u00e9cifiques en mati\u00e8re d&rsquo;isolation afin de faire face aux variations de temp\u00e9rature et d&rsquo;humidit\u00e9. C&rsquo;est l\u00e0 que la fibre de bois STEICO entre en jeu.<\/p>\n<h2>Une solution naturelle et \u00e9cologique<\/h2>\n<p>La fibre de bois STEICO est un mat\u00e9riau isolant innovant, fabriqu\u00e9 \u00e0 partir de fibres de bois issues de for\u00eats g\u00e9r\u00e9es de mani\u00e8re durable. Contrairement \u00e0 d&rsquo;autres mat\u00e9riaux isolants tels que la laine de verre ou la mousse de polyur\u00e9thane, la fibre de bois STEICO est enti\u00e8rement naturelle et sans danger pour l&rsquo;environnement.<\/p>\n<p>De plus, la fibre de bois poss\u00e8de d&rsquo;excellentes propri\u00e9t\u00e9s isolantes. Elle agit comme un isolant thermique, permettant de pr\u00e9server la chaleur \u00e0 l&rsquo;int\u00e9rieur des b\u00e2timents pendant l&rsquo;hiver, tout en \u00e9vitant les surchauffes en \u00e9t\u00e9. Elle est \u00e9galement un excellent isolant acoustique, r\u00e9duisant les nuisances sonores provenant de l&rsquo;ext\u00e9rieur.<\/p>\n<p>En choisissant la fibre de bois STEICO pour l&rsquo;isolation de leurs maisons, les habitants de l&rsquo;arri\u00e8re-pays de Nice contribuent \u00e0 la pr\u00e9servation de l&rsquo;environnement en r\u00e9duisant leur empreinte carbone. En effet, la production de la fibre de bois ne n\u00e9cessite que tr\u00e8s peu d&rsquo;\u00e9nergie et n&rsquo;\u00e9met pas de gaz \u00e0 effet de serre. De plus, elle est enti\u00e8rement recyclable et biod\u00e9gradable, ce qui en fait une solution \u00e9cologique \u00e0 long terme.<\/p>\n<h2>Une application polyvalente dans la construction<\/h2>\n<p>La fibre de bois STEICO peut \u00eatre utilis\u00e9e dans de nombreux domaines de la construction. Elle est id\u00e9ale pour l&rsquo;isolation des murs, des toitures et des sols. Gr\u00e2ce \u00e0 sa grande flexibilit\u00e9, elle s&rsquo;adapte facilement \u00e0 toutes les formes et dimensions, ce qui la rend particuli\u00e8rement adapt\u00e9e aux maisons de l&rsquo;arri\u00e8re-pays de Nice, souvent con\u00e7ues de mani\u00e8re traditionnelle.<\/p>\n<p>De plus, la fibre de bois STEICO peut \u00eatre utilis\u00e9e en combinaison avec d&rsquo;autres mat\u00e9riaux isolants pour am\u00e9liorer encore ses performances. Par exemple, elle peut \u00eatre associ\u00e9e \u00e0 des panneaux de laine min\u00e9rale pour une isolation optimale dans les r\u00e9gions o\u00f9 les temp\u00e9ratures sont particuli\u00e8rement basses.<\/p>\n<p>Enfin, la fibre de bois STEICO offre \u00e9galement une excellente protection contre l&rsquo;humidit\u00e9. Elle est capable d&rsquo;absorber et de lib\u00e9rer l&rsquo;humidit\u00e9 de l&rsquo;air, ce qui permet de r\u00e9guler le taux d&rsquo;humidit\u00e9 \u00e0 l&rsquo;int\u00e9rieur des b\u00e2timents. Cela est particuli\u00e8rement b\u00e9n\u00e9fique dans l&rsquo;arri\u00e8re-pays de Nice, o\u00f9 les taux d&rsquo;humidit\u00e9 peuvent varier consid\u00e9rablement.<\/p>\n<p>En conclusion, la fibre de bois STEICO est une solution d&rsquo;isolation naturelle et \u00e9cologique, parfaitement adapt\u00e9e aux maisons de l&rsquo;arri\u00e8re-pays de Nice. Elle offre des performances thermiques et acoustiques exceptionnelles, tout en pr\u00e9servant l&rsquo;environnement. Gr\u00e2ce \u00e0 sa polyvalence, elle peut \u00eatre utilis\u00e9e dans plusieurs applications de construction. Alors, si vous souhaitez am\u00e9liorer l&rsquo;isolation de votre maison tout en contribuant \u00e0 la pr\u00e9servation de l&rsquo;environnement, la fibre de bois STEICO est la solution id\u00e9ale.<\/p>\n","protected":false},"excerpt":{"rendered":"","protected":false},"author":6,"featured_media":0,"comment_status":"open","ping_status":"open","sticky":false,"template":"","format":"standard","meta":{"footnotes":""},"categories":[14],"tags":[],"class_list":["post-2180","post","type-post","status-publish","format-standard","hentry","category-une-petite-pause"],"_wp_attached_file":null,"_wp_attachment_metadata":null,"_wp_attachment_context":null,"_wp_attachment_image_alt":null,"_hf_settings":null,"hf_message_success":null,"hf_message_invalid_email":null,"hf_message_required_field_missing":null,"hf_message_error":null,"_menu_item_type":null,"_menu_item_menu_item_parent":null,"_menu_item_object_id":null,"_menu_item_object":null,"_menu_item_target":null,"_menu_item_classes":null,"_menu_item_xfn":null,"_menu_item_url":null,"_yoast_wpseo_primary_category":"5","_thumbnail_id":null,"_oembed_26d84b2c06432105b0a19987ae029a71":null,"_oembed_43e9e2dfde1b9b4ed91c9711026b7ef9":null,"_oembed_1fe1564764edbddc3b61e81acf52be88":null,"_oembed_df60f474cd845141e7ce6596d101e4a0":null,"_oembed_825e674795e2435c0bc66eb08e5d2c8b":null,"_oembed_time_825e674795e2435c0bc66eb08e5d2c8b":null,"_oembed_e917352ff4cc21ea91383201eeaa08cf":null,"_oembed_2363c16c972791c33e283320dc564fce":null,"_oembed_cc9ad5b5073a84776f6a62e33e6c7498":null,"_oembed_time_cc9ad5b5073a84776f6a62e33e6c7498":null,"_oembed_305147fcf4b856de518466e695c209cd":null,"_oembed_8517a877084ae01a5296813ee1d16a2b":null,"_oembed_2741f1556b243e68379198f98ba7f864":null,"_oembed_c3ffa24981451396c950ece2129da0f6":null,"_oembed_6f9091ebe2f3f5fcb5698ba6f4b41477":null,"_wp_old_slug":null,"_oembed_e4fb0f68ba12b85e9e231afe151ba12a":null,"_oembed_3c60e98bd703e617e67f5bbb3b97424d":null,"_oembed_bb060374498dcf40cb6068efe4be87e1":null,"_oembed_d0403e1e71c3a29020bd546b159480f1":null,"_oembed_b030ff17fbbbf8661c59c2ab8ff289eb":null,"_oembed_5cec699ba0631c6c0e4ba4f6af5f228e":null,"_oembed_b06a67f278b90cf4e8dd17cb12fe67b0":null,"_oembed_8e190e4fea2256f17420434651556236":null,"_oembed_b5ded119f1337916a0fc64d2ad85c95f":null,"_oembed_d9364a7a81be31c01415da2c50a48932":null,"_oembed_738cafa36d51a58e5ae3e458aa8f7584":null,"_oembed_ebcab5184b6b321b28efbcbec079859b":null,"_oembed_3dd9e35c2b7b268070e74da5b89cf937":null,"_oembed_e14b167b493e311a1c4e2aab38a463e8":null,"_oembed_dc8f7d108b38f3f0c2e0785b8bc46cae":null,"_oembed_55cf1c5142884afed312c2666bf27520":null,"_oembed_2292333bf03a956b4b61afafeff6bca0":null,"_oembed_82a986a6b900856fec23169de03a0038":null,"_oembed_4048ded025352b83569104210074165a":null,"_oembed_033b42b1af757abc39e4487233cee7f5":null,"_oembed_aec1d50f2b159366be8e37e94b201be1":null,"_oembed_0adc8480b2fcadf9a1733f572ce3d3f8":null,"_yoast_wpseo_title":null,"_yoast_wpseo_focuskw":null,"_yoast_wpseo_linkdex":null,"_yoast_wpseo_metadesc":null,"_yoast_wpseo_wordproof_timestamp":"","_tpl_archive_meta_key":null,"_form":null,"_mail":null,"_mail_2":null,"_messages":null,"_additional_settings":null,"_locale":null,"_wp_old_date":null,"_edit_last":"5","_wpb_vc_js_status":"false","_yoast_wpseo_estimated-reading-time-minutes":"2","_edit_lock":"1691171108:5","_yoast_wpseo_content_score":"30","yoast_head":"<!-- This site is optimized with the Yoast SEO plugin v24.3 - https:\/\/yoast.com\/wordpress\/plugins\/seo\/ -->\n<title>La fibre de bois STEICO : l&#039;alternative \u00e9cologique pour l&#039;isolation dans l&#039;arri\u00e8re-pays de Nice - La Maison naturelle | Blog<\/title>\n<meta name=\"robots\" content=\"index, follow, max-snippet:-1, max-image-preview:large, max-video-preview:-1\" \/>\n<link rel=\"canonical\" href=\"https:\/\/www.la-maison-naturelle.com\/blog\/vente-fibre-de-bois-sylvactis-dans-l-arriere-pays-de-nice-06\/\" \/>\n<meta property=\"og:locale\" content=\"fr_FR\" \/>\n<meta property=\"og:type\" content=\"article\" \/>\n<meta property=\"og:title\" content=\"La fibre de bois STEICO : l&#039;alternative \u00e9cologique pour l&#039;isolation dans l&#039;arri\u00e8re-pays de Nice - La Maison naturelle | Blog\" \/>\n<meta property=\"og:url\" content=\"https:\/\/www.la-maison-naturelle.com\/blog\/vente-fibre-de-bois-sylvactis-dans-l-arriere-pays-de-nice-06\/\" \/>\n<meta property=\"og:site_name\" content=\"La Maison naturelle | Blog\" \/>\n<meta property=\"article:published_time\" content=\"2013-05-24T12:05:41+00:00\" \/>\n<meta property=\"article:modified_time\" content=\"2023-08-04T19:56:50+00:00\" \/>\n<meta property=\"og:image\" content=\"https:\/\/www.la-maison-naturelle.com\/blog\/wp-content\/uploads\/2012\/05\/Dark-Green-and-Gray-Professional-and-Clean-E-Commerce-Email-Header-300x35.png\" \/>\n<meta name=\"author\" content=\"Thierry Lailavoix\" \/>\n<meta name=\"twitter:card\" content=\"summary_large_image\" \/>\n<meta name=\"twitter:label1\" content=\"\u00c9crit par\" \/>\n\t<meta name=\"twitter:data1\" content=\"Thierry Lailavoix\" \/>\n\t<meta name=\"twitter:label2\" content=\"Dur\u00e9e de lecture estim\u00e9e\" \/>\n\t<meta name=\"twitter:data2\" content=\"2 minutes\" \/>\n<script type=\"application\/ld+json\" class=\"yoast-schema-graph\">{\"@context\":\"https:\/\/schema.org\",\"@graph\":[{\"@type\":\"Article\",\"@id\":\"https:\/\/www.la-maison-naturelle.com\/blog\/vente-fibre-de-bois-sylvactis-dans-l-arriere-pays-de-nice-06\/#article\",\"isPartOf\":{\"@id\":\"https:\/\/www.la-maison-naturelle.com\/blog\/vente-fibre-de-bois-sylvactis-dans-l-arriere-pays-de-nice-06\/\"},\"author\":{\"name\":\"Thierry Lailavoix\",\"@id\":\"https:\/\/www.la-maison-naturelle.com\/blog\/#\/schema\/person\/17f32dccfc90d210e981fac7c831f73c\"},\"headline\":\"La fibre de bois STEICO : l&rsquo;alternative \u00e9cologique pour l&rsquo;isolation dans l&rsquo;arri\u00e8re-pays de Nice\",\"datePublished\":\"2013-05-24T12:05:41+00:00\",\"dateModified\":\"2023-08-04T19:56:50+00:00\",\"mainEntityOfPage\":{\"@id\":\"https:\/\/www.la-maison-naturelle.com\/blog\/vente-fibre-de-bois-sylvactis-dans-l-arriere-pays-de-nice-06\/\"},\"wordCount\":14,\"commentCount\":0,\"publisher\":{\"@id\":\"https:\/\/www.la-maison-naturelle.com\/blog\/#organization\"},\"image\":{\"@id\":\"https:\/\/www.la-maison-naturelle.com\/blog\/vente-fibre-de-bois-sylvactis-dans-l-arriere-pays-de-nice-06\/#primaryimage\"},\"thumbnailUrl\":\"https:\/\/www.la-maison-naturelle.com\/blog\/wp-content\/uploads\/2012\/05\/Dark-Green-and-Gray-Professional-and-Clean-E-Commerce-Email-Header-300x35.png\",\"articleSection\":[\"Une petite Pause\"],\"inLanguage\":\"fr-FR\",\"potentialAction\":[{\"@type\":\"CommentAction\",\"name\":\"Comment\",\"target\":[\"https:\/\/www.la-maison-naturelle.com\/blog\/vente-fibre-de-bois-sylvactis-dans-l-arriere-pays-de-nice-06\/#respond\"]}]},{\"@type\":\"WebPage\",\"@id\":\"https:\/\/www.la-maison-naturelle.com\/blog\/vente-fibre-de-bois-sylvactis-dans-l-arriere-pays-de-nice-06\/\",\"url\":\"https:\/\/www.la-maison-naturelle.com\/blog\/vente-fibre-de-bois-sylvactis-dans-l-arriere-pays-de-nice-06\/\",\"name\":\"La fibre de bois STEICO : l'alternative \u00e9cologique pour l'isolation dans l'arri\u00e8re-pays de Nice - La Maison naturelle | Blog\",\"isPartOf\":{\"@id\":\"https:\/\/www.la-maison-naturelle.com\/blog\/#website\"},\"primaryImageOfPage\":{\"@id\":\"https:\/\/www.la-maison-naturelle.com\/blog\/vente-fibre-de-bois-sylvactis-dans-l-arriere-pays-de-nice-06\/#primaryimage\"},\"image\":{\"@id\":\"https:\/\/www.la-maison-naturelle.com\/blog\/vente-fibre-de-bois-sylvactis-dans-l-arriere-pays-de-nice-06\/#primaryimage\"},\"thumbnailUrl\":\"https:\/\/www.la-maison-naturelle.com\/blog\/wp-content\/uploads\/2012\/05\/Dark-Green-and-Gray-Professional-and-Clean-E-Commerce-Email-Header-300x35.png\",\"datePublished\":\"2013-05-24T12:05:41+00:00\",\"dateModified\":\"2023-08-04T19:56:50+00:00\",\"breadcrumb\":{\"@id\":\"https:\/\/www.la-maison-naturelle.com\/blog\/vente-fibre-de-bois-sylvactis-dans-l-arriere-pays-de-nice-06\/#breadcrumb\"},\"inLanguage\":\"fr-FR\",\"potentialAction\":[{\"@type\":\"ReadAction\",\"target\":[\"https:\/\/www.la-maison-naturelle.com\/blog\/vente-fibre-de-bois-sylvactis-dans-l-arriere-pays-de-nice-06\/\"]}]},{\"@type\":\"ImageObject\",\"inLanguage\":\"fr-FR\",\"@id\":\"https:\/\/www.la-maison-naturelle.com\/blog\/vente-fibre-de-bois-sylvactis-dans-l-arriere-pays-de-nice-06\/#primaryimage\",\"url\":\"https:\/\/www.la-maison-naturelle.com\/blog\/wp-content\/uploads\/2012\/05\/Dark-Green-and-Gray-Professional-and-Clean-E-Commerce-Email-Header.png\",\"contentUrl\":\"https:\/\/www.la-maison-naturelle.com\/blog\/wp-content\/uploads\/2012\/05\/Dark-Green-and-Gray-Professional-and-Clean-E-Commerce-Email-Header.png\",\"width\":1578,\"height\":183},{\"@type\":\"BreadcrumbList\",\"@id\":\"https:\/\/www.la-maison-naturelle.com\/blog\/vente-fibre-de-bois-sylvactis-dans-l-arriere-pays-de-nice-06\/#breadcrumb\",\"itemListElement\":[{\"@type\":\"ListItem\",\"position\":1,\"name\":\"Accueil\",\"item\":\"https:\/\/www.la-maison-naturelle.com\/blog\/\"},{\"@type\":\"ListItem\",\"position\":2,\"name\":\"La fibre de bois STEICO : l&rsquo;alternative \u00e9cologique pour l&rsquo;isolation dans l&rsquo;arri\u00e8re-pays de Nice\"}]},{\"@type\":\"WebSite\",\"@id\":\"https:\/\/www.la-maison-naturelle.com\/blog\/#website\",\"url\":\"https:\/\/www.la-maison-naturelle.com\/blog\/\",\"name\":\"La Maison naturelle | Blog\",\"description\":\"Blog de la Maison naturelle\",\"publisher\":{\"@id\":\"https:\/\/www.la-maison-naturelle.com\/blog\/#organization\"},\"potentialAction\":[{\"@type\":\"SearchAction\",\"target\":{\"@type\":\"EntryPoint\",\"urlTemplate\":\"https:\/\/www.la-maison-naturelle.com\/blog\/?s={search_term_string}\"},\"query-input\":{\"@type\":\"PropertyValueSpecification\",\"valueRequired\":true,\"valueName\":\"search_term_string\"}}],\"inLanguage\":\"fr-FR\"},{\"@type\":\"Organization\",\"@id\":\"https:\/\/www.la-maison-naturelle.com\/blog\/#organization\",\"name\":\"La Maison naturelle | Blog\",\"url\":\"https:\/\/www.la-maison-naturelle.com\/blog\/\",\"logo\":{\"@type\":\"ImageObject\",\"inLanguage\":\"fr-FR\",\"@id\":\"https:\/\/www.la-maison-naturelle.com\/blog\/#\/schema\/logo\/image\/\",\"url\":\"https:\/\/www.la-maison-naturelle.com\/blog\/wp-content\/uploads\/2021\/07\/maison-naturelle-logo.svg\",\"contentUrl\":\"https:\/\/www.la-maison-naturelle.com\/blog\/wp-content\/uploads\/2021\/07\/maison-naturelle-logo.svg\",\"width\":156,\"height\":64,\"caption\":\"La Maison naturelle | Blog\"},\"image\":{\"@id\":\"https:\/\/www.la-maison-naturelle.com\/blog\/#\/schema\/logo\/image\/\"}},{\"@type\":\"Person\",\"@id\":\"https:\/\/www.la-maison-naturelle.com\/blog\/#\/schema\/person\/17f32dccfc90d210e981fac7c831f73c\",\"name\":\"Thierry Lailavoix\",\"image\":{\"@type\":\"ImageObject\",\"inLanguage\":\"fr-FR\",\"@id\":\"https:\/\/www.la-maison-naturelle.com\/blog\/#\/schema\/person\/image\/\",\"url\":\"https:\/\/secure.gravatar.com\/avatar\/13e5241036ff85f04898947108b791b16bbd9e4f629e40d355f8ec0a8e57a22c?s=96&d=mm&r=g\",\"contentUrl\":\"https:\/\/secure.gravatar.com\/avatar\/13e5241036ff85f04898947108b791b16bbd9e4f629e40d355f8ec0a8e57a22c?s=96&d=mm&r=g\",\"caption\":\"Thierry Lailavoix\"},\"sameAs\":[\"https:\/\/www.la-maison-naturelle.com\/\"],\"url\":\"https:\/\/www.la-maison-naturelle.com\/blog\/author\/thierry\/\"}]}<\/script>\n<!-- \/ Yoast SEO plugin. -->","yoast_head_json":{"title":"La fibre de bois STEICO : l'alternative \u00e9cologique pour l'isolation dans l'arri\u00e8re-pays de Nice - La Maison naturelle | Blog","robots":{"index":"index","follow":"follow","max-snippet":"max-snippet:-1","max-image-preview":"max-image-preview:large","max-video-preview":"max-video-preview:-1"},"canonical":"https:\/\/www.la-maison-naturelle.com\/blog\/vente-fibre-de-bois-sylvactis-dans-l-arriere-pays-de-nice-06\/","og_locale":"fr_FR","og_type":"article","og_title":"La fibre de bois STEICO : l'alternative \u00e9cologique pour l'isolation dans l'arri\u00e8re-pays de Nice - La Maison naturelle | Blog","og_url":"https:\/\/www.la-maison-naturelle.com\/blog\/vente-fibre-de-bois-sylvactis-dans-l-arriere-pays-de-nice-06\/","og_site_name":"La Maison naturelle | Blog","article_published_time":"2013-05-24T12:05:41+00:00","article_modified_time":"2023-08-04T19:56:50+00:00","og_image":[{"url":"https:\/\/www.la-maison-naturelle.com\/blog\/wp-content\/uploads\/2012\/05\/Dark-Green-and-Gray-Professional-and-Clean-E-Commerce-Email-Header-300x35.png","type":"","width":"","height":""}],"author":"Thierry Lailavoix","twitter_card":"summary_large_image","twitter_misc":{"\u00c9crit par":"Thierry Lailavoix","Dur\u00e9e de lecture estim\u00e9e":"2 minutes"},"schema":{"@context":"https:\/\/schema.org","@graph":[{"@type":"Article","@id":"https:\/\/www.la-maison-naturelle.com\/blog\/vente-fibre-de-bois-sylvactis-dans-l-arriere-pays-de-nice-06\/#article","isPartOf":{"@id":"https:\/\/www.la-maison-naturelle.com\/blog\/vente-fibre-de-bois-sylvactis-dans-l-arriere-pays-de-nice-06\/"},"author":{"name":"Thierry Lailavoix","@id":"https:\/\/www.la-maison-naturelle.com\/blog\/#\/schema\/person\/17f32dccfc90d210e981fac7c831f73c"},"headline":"La fibre de bois STEICO : l&rsquo;alternative \u00e9cologique pour l&rsquo;isolation dans l&rsquo;arri\u00e8re-pays de Nice","datePublished":"2013-05-24T12:05:41+00:00","dateModified":"2023-08-04T19:56:50+00:00","mainEntityOfPage":{"@id":"https:\/\/www.la-maison-naturelle.com\/blog\/vente-fibre-de-bois-sylvactis-dans-l-arriere-pays-de-nice-06\/"},"wordCount":14,"commentCount":0,"publisher":{"@id":"https:\/\/www.la-maison-naturelle.com\/blog\/#organization"},"image":{"@id":"https:\/\/www.la-maison-naturelle.com\/blog\/vente-fibre-de-bois-sylvactis-dans-l-arriere-pays-de-nice-06\/#primaryimage"},"thumbnailUrl":"https:\/\/www.la-maison-naturelle.com\/blog\/wp-content\/uploads\/2012\/05\/Dark-Green-and-Gray-Professional-and-Clean-E-Commerce-Email-Header-300x35.png","articleSection":["Une petite Pause"],"inLanguage":"fr-FR","potentialAction":[{"@type":"CommentAction","name":"Comment","target":["https:\/\/www.la-maison-naturelle.com\/blog\/vente-fibre-de-bois-sylvactis-dans-l-arriere-pays-de-nice-06\/#respond"]}]},{"@type":"WebPage","@id":"https:\/\/www.la-maison-naturelle.com\/blog\/vente-fibre-de-bois-sylvactis-dans-l-arriere-pays-de-nice-06\/","url":"https:\/\/www.la-maison-naturelle.com\/blog\/vente-fibre-de-bois-sylvactis-dans-l-arriere-pays-de-nice-06\/","name":"La fibre de bois STEICO : l'alternative \u00e9cologique pour l'isolation dans l'arri\u00e8re-pays de Nice - La Maison naturelle | Blog","isPartOf":{"@id":"https:\/\/www.la-maison-naturelle.com\/blog\/#website"},"primaryImageOfPage":{"@id":"https:\/\/www.la-maison-naturelle.com\/blog\/vente-fibre-de-bois-sylvactis-dans-l-arriere-pays-de-nice-06\/#primaryimage"},"image":{"@id":"https:\/\/www.la-maison-naturelle.com\/blog\/vente-fibre-de-bois-sylvactis-dans-l-arriere-pays-de-nice-06\/#primaryimage"},"thumbnailUrl":"https:\/\/www.la-maison-naturelle.com\/blog\/wp-content\/uploads\/2012\/05\/Dark-Green-and-Gray-Professional-and-Clean-E-Commerce-Email-Header-300x35.png","datePublished":"2013-05-24T12:05:41+00:00","dateModified":"2023-08-04T19:56:50+00:00","breadcrumb":{"@id":"https:\/\/www.la-maison-naturelle.com\/blog\/vente-fibre-de-bois-sylvactis-dans-l-arriere-pays-de-nice-06\/#breadcrumb"},"inLanguage":"fr-FR","potentialAction":[{"@type":"ReadAction","target":["https:\/\/www.la-maison-naturelle.com\/blog\/vente-fibre-de-bois-sylvactis-dans-l-arriere-pays-de-nice-06\/"]}]},{"@type":"ImageObject","inLanguage":"fr-FR","@id":"https:\/\/www.la-maison-naturelle.com\/blog\/vente-fibre-de-bois-sylvactis-dans-l-arriere-pays-de-nice-06\/#primaryimage","url":"https:\/\/www.la-maison-naturelle.com\/blog\/wp-content\/uploads\/2012\/05\/Dark-Green-and-Gray-Professional-and-Clean-E-Commerce-Email-Header.png","contentUrl":"https:\/\/www.la-maison-naturelle.com\/blog\/wp-content\/uploads\/2012\/05\/Dark-Green-and-Gray-Professional-and-Clean-E-Commerce-Email-Header.png","width":1578,"height":183},{"@type":"BreadcrumbList","@id":"https:\/\/www.la-maison-naturelle.com\/blog\/vente-fibre-de-bois-sylvactis-dans-l-arriere-pays-de-nice-06\/#breadcrumb","itemListElement":[{"@type":"ListItem","position":1,"name":"Accueil","item":"https:\/\/www.la-maison-naturelle.com\/blog\/"},{"@type":"ListItem","position":2,"name":"La fibre de bois STEICO : l&rsquo;alternative \u00e9cologique pour l&rsquo;isolation dans l&rsquo;arri\u00e8re-pays de Nice"}]},{"@type":"WebSite","@id":"https:\/\/www.la-maison-naturelle.com\/blog\/#website","url":"https:\/\/www.la-maison-naturelle.com\/blog\/","name":"La Maison naturelle | Blog","description":"Blog de la Maison naturelle","publisher":{"@id":"https:\/\/www.la-maison-naturelle.com\/blog\/#organization"},"potentialAction":[{"@type":"SearchAction","target":{"@type":"EntryPoint","urlTemplate":"https:\/\/www.la-maison-naturelle.com\/blog\/?s={search_term_string}"},"query-input":{"@type":"PropertyValueSpecification","valueRequired":true,"valueName":"search_term_string"}}],"inLanguage":"fr-FR"},{"@type":"Organization","@id":"https:\/\/www.la-maison-naturelle.com\/blog\/#organization","name":"La Maison naturelle | Blog","url":"https:\/\/www.la-maison-naturelle.com\/blog\/","logo":{"@type":"ImageObject","inLanguage":"fr-FR","@id":"https:\/\/www.la-maison-naturelle.com\/blog\/#\/schema\/logo\/image\/","url":"https:\/\/www.la-maison-naturelle.com\/blog\/wp-content\/uploads\/2021\/07\/maison-naturelle-logo.svg","contentUrl":"https:\/\/www.la-maison-naturelle.com\/blog\/wp-content\/uploads\/2021\/07\/maison-naturelle-logo.svg","width":156,"height":64,"caption":"La Maison naturelle | Blog"},"image":{"@id":"https:\/\/www.la-maison-naturelle.com\/blog\/#\/schema\/logo\/image\/"}},{"@type":"Person","@id":"https:\/\/www.la-maison-naturelle.com\/blog\/#\/schema\/person\/17f32dccfc90d210e981fac7c831f73c","name":"Thierry Lailavoix","image":{"@type":"ImageObject","inLanguage":"fr-FR","@id":"https:\/\/www.la-maison-naturelle.com\/blog\/#\/schema\/person\/image\/","url":"https:\/\/secure.gravatar.com\/avatar\/13e5241036ff85f04898947108b791b16bbd9e4f629e40d355f8ec0a8e57a22c?s=96&d=mm&r=g","contentUrl":"https:\/\/secure.gravatar.com\/avatar\/13e5241036ff85f04898947108b791b16bbd9e4f629e40d355f8ec0a8e57a22c?s=96&d=mm&r=g","caption":"Thierry Lailavoix"},"sameAs":["https:\/\/www.la-maison-naturelle.com\/"],"url":"https:\/\/www.la-maison-naturelle.com\/blog\/author\/thierry\/"}]}},"_links":{"self":[{"href":"https:\/\/www.la-maison-naturelle.com\/blog\/wp-json\/wp\/v2\/posts\/2180","targetHints":{"allow":["GET"]}}],"collection":[{"href":"https:\/\/www.la-maison-naturelle.com\/blog\/wp-json\/wp\/v2\/posts"}],"about":[{"href":"https:\/\/www.la-maison-naturelle.com\/blog\/wp-json\/wp\/v2\/types\/post"}],"author":[{"embeddable":true,"href":"https:\/\/www.la-maison-naturelle.com\/blog\/wp-json\/wp\/v2\/users\/6"}],"replies":[{"embeddable":true,"href":"https:\/\/www.la-maison-naturelle.com\/blog\/wp-json\/wp\/v2\/comments?post=2180"}],"version-history":[{"count":3,"href":"https:\/\/www.la-maison-naturelle.com\/blog\/wp-json\/wp\/v2\/posts\/2180\/revisions"}],"predecessor-version":[{"id":6046,"href":"https:\/\/www.la-maison-naturelle.com\/blog\/wp-json\/wp\/v2\/posts\/2180\/revisions\/6046"}],"wp:attachment":[{"href":"https:\/\/www.la-maison-naturelle.com\/blog\/wp-json\/wp\/v2\/media?parent=2180"}],"wp:term":[{"taxonomy":"category","embeddable":true,"href":"https:\/\/www.la-maison-naturelle.com\/blog\/wp-json\/wp\/v2\/categories?post=2180"},{"taxonomy":"post_tag","embeddable":true,"href":"https:\/\/www.la-maison-naturelle.com\/blog\/wp-json\/wp\/v2\/tags?post=2180"}],"curies":[{"name":"wp","href":"https:\/\/api.w.org\/{rel}","templated":true}]}}