{"id":2098,"date":"2013-05-24T13:40:01","date_gmt":"2013-05-24T11:40:01","guid":{"rendered":"https:\/\/www.la-maison-naturelle.com\/blog\/?p=2098"},"modified":"2023-08-03T21:52:29","modified_gmt":"2023-08-03T19:52:29","slug":"la-fibre-de-bois-isobag-de-actis-a-alencon-dans-l-orne-61","status":"publish","type":"post","link":"https:\/\/www.la-maison-naturelle.com\/blog\/la-fibre-de-bois-isobag-de-actis-a-alencon-dans-l-orne-61\/","title":{"rendered":"[MIE] La fibre de bois Isobag de ACTIS \u00e0 Alen\u00e7on dans l&rsquo;Orne 61"},"content":{"rendered":"<h2>L&rsquo;isolant en vrac \u00e0 base fibres de bois Sylvatis est vendue en sacs de 15 kg sur palette dans l&rsquo;Orne 61<\/h2>\n<p>La fibre de bois Isobag fabriqu\u00e9e par Actis arrive \u00e0 Alen\u00e7on dans l&rsquo;Orne. Livraison sur un chantier de soufflage de fibres de bois en vrac <a href=\"https:\/\/www.la-maison-naturelle.com\/blog\/ventes-promotionnelles-sylvactis-55-fx\/\" data-internallinksmanager029f6b8e52c=\"151\" title=\"Ventes Promotionnelles SYLVACTIS 55 FX : Ne manquez pas cette occasion de poss\u00e9der un bateau exceptionnel\">Sylvactis<\/a> \u00ab\u00a0Isobag\u00a0\u00bb. Isobag est la nouvelle fibre de bois certifi\u00e9e de la gamme Sylvactis.<\/p>\n<p>Fibre de bois : achetez par lots livr\u00e9s en direct sur vos chantiers dans l&rsquo;Orne \u00e0 Laigle, Mortagne, Bell\u00eame, Flers ou Domfront<\/p>\n<h5>Boutique en ligne<\/h5>\n<h2>Avec Isobag du nouveau chez ACTIS :<\/h2>\n<p>La fibre de bois Isobag b\u00e9n\u00e9ficie d&rsquo;un Agr\u00e9ment Technique Europ\u00e9en ATE n\u00b011\/0342. Isobag est \u00e9ligible au cr\u00e9dit d&rsquo;imp\u00f4t durable. Le <a href=\"https:\/\/www.la-maison-naturelle.com\/blog\/le-lamba-dun-isolant\/\" data-internallinksmanager029f6b8e52c=\"87\" title=\"Qu'est-ce que le lambda d'un isolant ?\">lambda<\/a> de Isobag est de 0,043 W\/m.K. Classement au feu Euroclasse B-s2, d0. La machine X floc M95 Zellofant est pr\u00e9conis\u00e9e par Actis<\/p>\n<h3>Isobag, la fibre bois pour le soufflage<\/h3>\n<p>Isobag est une fibre de bois livr\u00e9e en vrac qu&rsquo;on applique par soufflage dans les combles perdues au m\u00eame titre que la <a href=\"https:\/\/www.la-maison-naturelle.com\/3004-ouate-de-cellulose\" data-internallinksmanager029f6b8e52c=\"72\" title=\"ouate de cellulose\">ouate de cellulose<\/a> en papier recycl\u00e9e. Isobag s&rsquo;utilise aussi pour l&rsquo;insufflation dans les murs des maisons \u00e0 ossature bois.<\/p>\n<h1>Isobag en classement A+<\/h1>\n<p>La fibre de bois Isobag b\u00e9n\u00e9ficie du classement A+ concernant les <a href=\"https:\/\/www.la-maison-naturelle.com\/blog\/les-cov-dans-les-produits\/\" data-internallinksmanager029f6b8e52c=\"94\" title=\"Quels sont les COV et o\u00f9 les trouve-t-on dans les produits ?\">COV<\/a> (compos\u00e9s organiques volatils). Les r\u00e9sidus de scieries sont issues de la r\u00e9cup\u00e9ration locale et sont soumis au protocole PEFC.<\/p>\n<h2>Cliquez ici pour acheter la fibre de bois Sylvactis Isobag fabriqu\u00e9e par Actis !<\/h2>\n<p>O\u00f9 trouver les produits Sylvactis :<\/p>\n<h2>Ventes promotionnelles gamme Sylvactis<\/h2>\n","protected":false},"excerpt":{"rendered":"<p>L&rsquo;isolant en vrac \u00e0 base fibres de bois Sylvatis est vendue en sacs de 15 kg sur palette dans l&rsquo;Orne 61 La fibre de bois Isobag fabriqu\u00e9e par Actis arrive \u00e0 Alen\u00e7on dans l&rsquo;Orne. Livraison sur un chantier de soufflage de fibres de bois en vrac Sylvactis \u00ab\u00a0Isobag\u00a0\u00bb. Isobag est la nouvelle fibre de bois [&hellip;]<\/p>\n","protected":false},"author":5,"featured_media":0,"comment_status":"open","ping_status":"open","sticky":false,"template":"","format":"standard","meta":{"footnotes":""},"categories":[5],"tags":[],"class_list":["post-2098","post","type-post","status-publish","format-standard","hentry","category-espace-pro"],"_wp_attached_file":null,"_wp_attachment_metadata":null,"_wp_attachment_context":null,"_wp_attachment_image_alt":null,"_hf_settings":null,"hf_message_success":null,"hf_message_invalid_email":null,"hf_message_required_field_missing":null,"hf_message_error":null,"_menu_item_type":null,"_menu_item_menu_item_parent":null,"_menu_item_object_id":null,"_menu_item_object":null,"_menu_item_target":null,"_menu_item_classes":null,"_menu_item_xfn":null,"_menu_item_url":null,"_yoast_wpseo_primary_category":"5","_thumbnail_id":null,"_oembed_26d84b2c06432105b0a19987ae029a71":null,"_oembed_43e9e2dfde1b9b4ed91c9711026b7ef9":null,"_oembed_1fe1564764edbddc3b61e81acf52be88":null,"_oembed_df60f474cd845141e7ce6596d101e4a0":null,"_oembed_825e674795e2435c0bc66eb08e5d2c8b":null,"_oembed_time_825e674795e2435c0bc66eb08e5d2c8b":null,"_oembed_e917352ff4cc21ea91383201eeaa08cf":null,"_oembed_2363c16c972791c33e283320dc564fce":null,"_oembed_cc9ad5b5073a84776f6a62e33e6c7498":null,"_oembed_time_cc9ad5b5073a84776f6a62e33e6c7498":null,"_oembed_305147fcf4b856de518466e695c209cd":null,"_oembed_8517a877084ae01a5296813ee1d16a2b":null,"_oembed_2741f1556b243e68379198f98ba7f864":null,"_oembed_c3ffa24981451396c950ece2129da0f6":null,"_oembed_6f9091ebe2f3f5fcb5698ba6f4b41477":null,"_wp_old_slug":null,"_oembed_e4fb0f68ba12b85e9e231afe151ba12a":null,"_oembed_3c60e98bd703e617e67f5bbb3b97424d":null,"_oembed_bb060374498dcf40cb6068efe4be87e1":null,"_oembed_d0403e1e71c3a29020bd546b159480f1":null,"_oembed_b030ff17fbbbf8661c59c2ab8ff289eb":null,"_oembed_5cec699ba0631c6c0e4ba4f6af5f228e":null,"_oembed_b06a67f278b90cf4e8dd17cb12fe67b0":null,"_oembed_8e190e4fea2256f17420434651556236":null,"_oembed_b5ded119f1337916a0fc64d2ad85c95f":null,"_oembed_d9364a7a81be31c01415da2c50a48932":null,"_oembed_738cafa36d51a58e5ae3e458aa8f7584":null,"_oembed_ebcab5184b6b321b28efbcbec079859b":null,"_oembed_3dd9e35c2b7b268070e74da5b89cf937":null,"_oembed_e14b167b493e311a1c4e2aab38a463e8":null,"_oembed_dc8f7d108b38f3f0c2e0785b8bc46cae":null,"_oembed_55cf1c5142884afed312c2666bf27520":null,"_oembed_2292333bf03a956b4b61afafeff6bca0":null,"_oembed_82a986a6b900856fec23169de03a0038":null,"_oembed_4048ded025352b83569104210074165a":null,"_oembed_033b42b1af757abc39e4487233cee7f5":null,"_oembed_aec1d50f2b159366be8e37e94b201be1":null,"_oembed_0adc8480b2fcadf9a1733f572ce3d3f8":null,"_yoast_wpseo_title":null,"_yoast_wpseo_focuskw":null,"_yoast_wpseo_linkdex":null,"_yoast_wpseo_metadesc":null,"_yoast_wpseo_wordproof_timestamp":"","_tpl_archive_meta_key":null,"_form":null,"_mail":null,"_mail_2":null,"_messages":null,"_additional_settings":null,"_locale":null,"_wp_old_date":null,"_edit_last":"5","_wpb_vc_js_status":"false","_yoast_wpseo_estimated-reading-time-minutes":"2","_edit_lock":"1691092176:5","_yoast_wpseo_content_score":"30","yoast_head":"<!-- This site is optimized with the Yoast SEO plugin v24.3 - https:\/\/yoast.com\/wordpress\/plugins\/seo\/ -->\n<title>[MIE] La fibre de bois Isobag de ACTIS \u00e0 Alen\u00e7on dans l&#039;Orne 61 - La Maison naturelle | Blog<\/title>\n<meta name=\"robots\" content=\"index, follow, max-snippet:-1, max-image-preview:large, max-video-preview:-1\" \/>\n<link rel=\"canonical\" href=\"https:\/\/www.la-maison-naturelle.com\/blog\/la-fibre-de-bois-isobag-de-actis-a-alencon-dans-l-orne-61\/\" \/>\n<meta property=\"og:locale\" content=\"fr_FR\" \/>\n<meta property=\"og:type\" content=\"article\" \/>\n<meta property=\"og:title\" content=\"[MIE] La fibre de bois Isobag de ACTIS \u00e0 Alen\u00e7on dans l&#039;Orne 61 - La Maison naturelle | Blog\" \/>\n<meta property=\"og:description\" content=\"L&rsquo;isolant en vrac \u00e0 base fibres de bois Sylvatis est vendue en sacs de 15 kg sur palette dans l&rsquo;Orne 61 La fibre de bois Isobag fabriqu\u00e9e par Actis arrive \u00e0 Alen\u00e7on dans l&rsquo;Orne. Livraison sur un chantier de soufflage de fibres de bois en vrac Sylvactis \u00ab\u00a0Isobag\u00a0\u00bb. Isobag est la nouvelle fibre de bois [&hellip;]\" \/>\n<meta property=\"og:url\" content=\"https:\/\/www.la-maison-naturelle.com\/blog\/la-fibre-de-bois-isobag-de-actis-a-alencon-dans-l-orne-61\/\" \/>\n<meta property=\"og:site_name\" content=\"La Maison naturelle | Blog\" \/>\n<meta property=\"article:published_time\" content=\"2013-05-24T11:40:01+00:00\" \/>\n<meta property=\"article:modified_time\" content=\"2023-08-03T19:52:29+00:00\" \/>\n<meta name=\"author\" content=\"Eloise\" \/>\n<meta name=\"twitter:card\" content=\"summary_large_image\" \/>\n<meta name=\"twitter:label1\" content=\"\u00c9crit par\" \/>\n\t<meta name=\"twitter:data1\" content=\"Eloise\" \/>\n\t<meta name=\"twitter:label2\" content=\"Dur\u00e9e de lecture estim\u00e9e\" \/>\n\t<meta name=\"twitter:data2\" content=\"2 minutes\" \/>\n<script type=\"application\/ld+json\" class=\"yoast-schema-graph\">{\"@context\":\"https:\/\/schema.org\",\"@graph\":[{\"@type\":\"Article\",\"@id\":\"https:\/\/www.la-maison-naturelle.com\/blog\/la-fibre-de-bois-isobag-de-actis-a-alencon-dans-l-orne-61\/#article\",\"isPartOf\":{\"@id\":\"https:\/\/www.la-maison-naturelle.com\/blog\/la-fibre-de-bois-isobag-de-actis-a-alencon-dans-l-orne-61\/\"},\"author\":{\"name\":\"Eloise\",\"@id\":\"https:\/\/www.la-maison-naturelle.com\/blog\/#\/schema\/person\/cad2a9ed80410189f0688441d546d43f\"},\"headline\":\"[MIE] La fibre de bois Isobag de ACTIS \u00e0 Alen\u00e7on dans l&rsquo;Orne 61\",\"datePublished\":\"2013-05-24T11:40:01+00:00\",\"dateModified\":\"2023-08-03T19:52:29+00:00\",\"mainEntityOfPage\":{\"@id\":\"https:\/\/www.la-maison-naturelle.com\/blog\/la-fibre-de-bois-isobag-de-actis-a-alencon-dans-l-orne-61\/\"},\"wordCount\":268,\"commentCount\":0,\"publisher\":{\"@id\":\"https:\/\/www.la-maison-naturelle.com\/blog\/#organization\"},\"articleSection\":[\"Espace pro\"],\"inLanguage\":\"fr-FR\",\"potentialAction\":[{\"@type\":\"CommentAction\",\"name\":\"Comment\",\"target\":[\"https:\/\/www.la-maison-naturelle.com\/blog\/la-fibre-de-bois-isobag-de-actis-a-alencon-dans-l-orne-61\/#respond\"]}]},{\"@type\":\"WebPage\",\"@id\":\"https:\/\/www.la-maison-naturelle.com\/blog\/la-fibre-de-bois-isobag-de-actis-a-alencon-dans-l-orne-61\/\",\"url\":\"https:\/\/www.la-maison-naturelle.com\/blog\/la-fibre-de-bois-isobag-de-actis-a-alencon-dans-l-orne-61\/\",\"name\":\"[MIE] La fibre de bois Isobag de ACTIS \u00e0 Alen\u00e7on dans l'Orne 61 - La Maison naturelle | Blog\",\"isPartOf\":{\"@id\":\"https:\/\/www.la-maison-naturelle.com\/blog\/#website\"},\"datePublished\":\"2013-05-24T11:40:01+00:00\",\"dateModified\":\"2023-08-03T19:52:29+00:00\",\"breadcrumb\":{\"@id\":\"https:\/\/www.la-maison-naturelle.com\/blog\/la-fibre-de-bois-isobag-de-actis-a-alencon-dans-l-orne-61\/#breadcrumb\"},\"inLanguage\":\"fr-FR\",\"potentialAction\":[{\"@type\":\"ReadAction\",\"target\":[\"https:\/\/www.la-maison-naturelle.com\/blog\/la-fibre-de-bois-isobag-de-actis-a-alencon-dans-l-orne-61\/\"]}]},{\"@type\":\"BreadcrumbList\",\"@id\":\"https:\/\/www.la-maison-naturelle.com\/blog\/la-fibre-de-bois-isobag-de-actis-a-alencon-dans-l-orne-61\/#breadcrumb\",\"itemListElement\":[{\"@type\":\"ListItem\",\"position\":1,\"name\":\"Accueil\",\"item\":\"https:\/\/www.la-maison-naturelle.com\/blog\/\"},{\"@type\":\"ListItem\",\"position\":2,\"name\":\"[MIE] La fibre de bois Isobag de ACTIS \u00e0 Alen\u00e7on dans l&rsquo;Orne 61\"}]},{\"@type\":\"WebSite\",\"@id\":\"https:\/\/www.la-maison-naturelle.com\/blog\/#website\",\"url\":\"https:\/\/www.la-maison-naturelle.com\/blog\/\",\"name\":\"La Maison naturelle | Blog\",\"description\":\"Blog de la Maison naturelle\",\"publisher\":{\"@id\":\"https:\/\/www.la-maison-naturelle.com\/blog\/#organization\"},\"potentialAction\":[{\"@type\":\"SearchAction\",\"target\":{\"@type\":\"EntryPoint\",\"urlTemplate\":\"https:\/\/www.la-maison-naturelle.com\/blog\/?s={search_term_string}\"},\"query-input\":{\"@type\":\"PropertyValueSpecification\",\"valueRequired\":true,\"valueName\":\"search_term_string\"}}],\"inLanguage\":\"fr-FR\"},{\"@type\":\"Organization\",\"@id\":\"https:\/\/www.la-maison-naturelle.com\/blog\/#organization\",\"name\":\"La Maison naturelle | Blog\",\"url\":\"https:\/\/www.la-maison-naturelle.com\/blog\/\",\"logo\":{\"@type\":\"ImageObject\",\"inLanguage\":\"fr-FR\",\"@id\":\"https:\/\/www.la-maison-naturelle.com\/blog\/#\/schema\/logo\/image\/\",\"url\":\"https:\/\/www.la-maison-naturelle.com\/blog\/wp-content\/uploads\/2021\/07\/maison-naturelle-logo.svg\",\"contentUrl\":\"https:\/\/www.la-maison-naturelle.com\/blog\/wp-content\/uploads\/2021\/07\/maison-naturelle-logo.svg\",\"width\":156,\"height\":64,\"caption\":\"La Maison naturelle | Blog\"},\"image\":{\"@id\":\"https:\/\/www.la-maison-naturelle.com\/blog\/#\/schema\/logo\/image\/\"}},{\"@type\":\"Person\",\"@id\":\"https:\/\/www.la-maison-naturelle.com\/blog\/#\/schema\/person\/cad2a9ed80410189f0688441d546d43f\",\"name\":\"Eloise\",\"image\":{\"@type\":\"ImageObject\",\"inLanguage\":\"fr-FR\",\"@id\":\"https:\/\/www.la-maison-naturelle.com\/blog\/#\/schema\/person\/image\/\",\"url\":\"https:\/\/secure.gravatar.com\/avatar\/344186806f5e8613d4a2109f3b0228a847a7c0858a8023778c44bdcfc1111df9?s=96&d=mm&r=g\",\"contentUrl\":\"https:\/\/secure.gravatar.com\/avatar\/344186806f5e8613d4a2109f3b0228a847a7c0858a8023778c44bdcfc1111df9?s=96&d=mm&r=g\",\"caption\":\"Eloise\"},\"sameAs\":[\"https:\/\/www.la-maison-naturelle.com\/\"],\"url\":\"https:\/\/www.la-maison-naturelle.com\/blog\/author\/idries\/\"}]}<\/script>\n<!-- \/ Yoast SEO plugin. -->","yoast_head_json":{"title":"[MIE] La fibre de bois Isobag de ACTIS \u00e0 Alen\u00e7on dans l'Orne 61 - La Maison naturelle | Blog","robots":{"index":"index","follow":"follow","max-snippet":"max-snippet:-1","max-image-preview":"max-image-preview:large","max-video-preview":"max-video-preview:-1"},"canonical":"https:\/\/www.la-maison-naturelle.com\/blog\/la-fibre-de-bois-isobag-de-actis-a-alencon-dans-l-orne-61\/","og_locale":"fr_FR","og_type":"article","og_title":"[MIE] La fibre de bois Isobag de ACTIS \u00e0 Alen\u00e7on dans l'Orne 61 - La Maison naturelle | Blog","og_description":"L&rsquo;isolant en vrac \u00e0 base fibres de bois Sylvatis est vendue en sacs de 15 kg sur palette dans l&rsquo;Orne 61 La fibre de bois Isobag fabriqu\u00e9e par Actis arrive \u00e0 Alen\u00e7on dans l&rsquo;Orne. Livraison sur un chantier de soufflage de fibres de bois en vrac Sylvactis \u00ab\u00a0Isobag\u00a0\u00bb. Isobag est la nouvelle fibre de bois [&hellip;]","og_url":"https:\/\/www.la-maison-naturelle.com\/blog\/la-fibre-de-bois-isobag-de-actis-a-alencon-dans-l-orne-61\/","og_site_name":"La Maison naturelle | Blog","article_published_time":"2013-05-24T11:40:01+00:00","article_modified_time":"2023-08-03T19:52:29+00:00","author":"Eloise","twitter_card":"summary_large_image","twitter_misc":{"\u00c9crit par":"Eloise","Dur\u00e9e de lecture estim\u00e9e":"2 minutes"},"schema":{"@context":"https:\/\/schema.org","@graph":[{"@type":"Article","@id":"https:\/\/www.la-maison-naturelle.com\/blog\/la-fibre-de-bois-isobag-de-actis-a-alencon-dans-l-orne-61\/#article","isPartOf":{"@id":"https:\/\/www.la-maison-naturelle.com\/blog\/la-fibre-de-bois-isobag-de-actis-a-alencon-dans-l-orne-61\/"},"author":{"name":"Eloise","@id":"https:\/\/www.la-maison-naturelle.com\/blog\/#\/schema\/person\/cad2a9ed80410189f0688441d546d43f"},"headline":"[MIE] La fibre de bois Isobag de ACTIS \u00e0 Alen\u00e7on dans l&rsquo;Orne 61","datePublished":"2013-05-24T11:40:01+00:00","dateModified":"2023-08-03T19:52:29+00:00","mainEntityOfPage":{"@id":"https:\/\/www.la-maison-naturelle.com\/blog\/la-fibre-de-bois-isobag-de-actis-a-alencon-dans-l-orne-61\/"},"wordCount":268,"commentCount":0,"publisher":{"@id":"https:\/\/www.la-maison-naturelle.com\/blog\/#organization"},"articleSection":["Espace pro"],"inLanguage":"fr-FR","potentialAction":[{"@type":"CommentAction","name":"Comment","target":["https:\/\/www.la-maison-naturelle.com\/blog\/la-fibre-de-bois-isobag-de-actis-a-alencon-dans-l-orne-61\/#respond"]}]},{"@type":"WebPage","@id":"https:\/\/www.la-maison-naturelle.com\/blog\/la-fibre-de-bois-isobag-de-actis-a-alencon-dans-l-orne-61\/","url":"https:\/\/www.la-maison-naturelle.com\/blog\/la-fibre-de-bois-isobag-de-actis-a-alencon-dans-l-orne-61\/","name":"[MIE] La fibre de bois Isobag de ACTIS \u00e0 Alen\u00e7on dans l'Orne 61 - La Maison naturelle | Blog","isPartOf":{"@id":"https:\/\/www.la-maison-naturelle.com\/blog\/#website"},"datePublished":"2013-05-24T11:40:01+00:00","dateModified":"2023-08-03T19:52:29+00:00","breadcrumb":{"@id":"https:\/\/www.la-maison-naturelle.com\/blog\/la-fibre-de-bois-isobag-de-actis-a-alencon-dans-l-orne-61\/#breadcrumb"},"inLanguage":"fr-FR","potentialAction":[{"@type":"ReadAction","target":["https:\/\/www.la-maison-naturelle.com\/blog\/la-fibre-de-bois-isobag-de-actis-a-alencon-dans-l-orne-61\/"]}]},{"@type":"BreadcrumbList","@id":"https:\/\/www.la-maison-naturelle.com\/blog\/la-fibre-de-bois-isobag-de-actis-a-alencon-dans-l-orne-61\/#breadcrumb","itemListElement":[{"@type":"ListItem","position":1,"name":"Accueil","item":"https:\/\/www.la-maison-naturelle.com\/blog\/"},{"@type":"ListItem","position":2,"name":"[MIE] La fibre de bois Isobag de ACTIS \u00e0 Alen\u00e7on dans l&rsquo;Orne 61"}]},{"@type":"WebSite","@id":"https:\/\/www.la-maison-naturelle.com\/blog\/#website","url":"https:\/\/www.la-maison-naturelle.com\/blog\/","name":"La Maison naturelle | Blog","description":"Blog de la Maison naturelle","publisher":{"@id":"https:\/\/www.la-maison-naturelle.com\/blog\/#organization"},"potentialAction":[{"@type":"SearchAction","target":{"@type":"EntryPoint","urlTemplate":"https:\/\/www.la-maison-naturelle.com\/blog\/?s={search_term_string}"},"query-input":{"@type":"PropertyValueSpecification","valueRequired":true,"valueName":"search_term_string"}}],"inLanguage":"fr-FR"},{"@type":"Organization","@id":"https:\/\/www.la-maison-naturelle.com\/blog\/#organization","name":"La Maison naturelle | Blog","url":"https:\/\/www.la-maison-naturelle.com\/blog\/","logo":{"@type":"ImageObject","inLanguage":"fr-FR","@id":"https:\/\/www.la-maison-naturelle.com\/blog\/#\/schema\/logo\/image\/","url":"https:\/\/www.la-maison-naturelle.com\/blog\/wp-content\/uploads\/2021\/07\/maison-naturelle-logo.svg","contentUrl":"https:\/\/www.la-maison-naturelle.com\/blog\/wp-content\/uploads\/2021\/07\/maison-naturelle-logo.svg","width":156,"height":64,"caption":"La Maison naturelle | Blog"},"image":{"@id":"https:\/\/www.la-maison-naturelle.com\/blog\/#\/schema\/logo\/image\/"}},{"@type":"Person","@id":"https:\/\/www.la-maison-naturelle.com\/blog\/#\/schema\/person\/cad2a9ed80410189f0688441d546d43f","name":"Eloise","image":{"@type":"ImageObject","inLanguage":"fr-FR","@id":"https:\/\/www.la-maison-naturelle.com\/blog\/#\/schema\/person\/image\/","url":"https:\/\/secure.gravatar.com\/avatar\/344186806f5e8613d4a2109f3b0228a847a7c0858a8023778c44bdcfc1111df9?s=96&d=mm&r=g","contentUrl":"https:\/\/secure.gravatar.com\/avatar\/344186806f5e8613d4a2109f3b0228a847a7c0858a8023778c44bdcfc1111df9?s=96&d=mm&r=g","caption":"Eloise"},"sameAs":["https:\/\/www.la-maison-naturelle.com\/"],"url":"https:\/\/www.la-maison-naturelle.com\/blog\/author\/idries\/"}]}},"_links":{"self":[{"href":"https:\/\/www.la-maison-naturelle.com\/blog\/wp-json\/wp\/v2\/posts\/2098","targetHints":{"allow":["GET"]}}],"collection":[{"href":"https:\/\/www.la-maison-naturelle.com\/blog\/wp-json\/wp\/v2\/posts"}],"about":[{"href":"https:\/\/www.la-maison-naturelle.com\/blog\/wp-json\/wp\/v2\/types\/post"}],"author":[{"embeddable":true,"href":"https:\/\/www.la-maison-naturelle.com\/blog\/wp-json\/wp\/v2\/users\/5"}],"replies":[{"embeddable":true,"href":"https:\/\/www.la-maison-naturelle.com\/blog\/wp-json\/wp\/v2\/comments?post=2098"}],"version-history":[{"count":2,"href":"https:\/\/www.la-maison-naturelle.com\/blog\/wp-json\/wp\/v2\/posts\/2098\/revisions"}],"predecessor-version":[{"id":5084,"href":"https:\/\/www.la-maison-naturelle.com\/blog\/wp-json\/wp\/v2\/posts\/2098\/revisions\/5084"}],"wp:attachment":[{"href":"https:\/\/www.la-maison-naturelle.com\/blog\/wp-json\/wp\/v2\/media?parent=2098"}],"wp:term":[{"taxonomy":"category","embeddable":true,"href":"https:\/\/www.la-maison-naturelle.com\/blog\/wp-json\/wp\/v2\/categories?post=2098"},{"taxonomy":"post_tag","embeddable":true,"href":"https:\/\/www.la-maison-naturelle.com\/blog\/wp-json\/wp\/v2\/tags?post=2098"}],"curies":[{"name":"wp","href":"https:\/\/api.w.org\/{rel}","templated":true}]}}