{"id":2053,"date":"2013-05-24T13:24:22","date_gmt":"2013-05-24T11:24:22","guid":{"rendered":"https:\/\/www.la-maison-naturelle.com\/blog\/?p=2053"},"modified":"2023-08-04T22:46:51","modified_gmt":"2023-08-04T20:46:51","slug":"liege-en-vrac-commande-en-ligne-pour-le-midi-pyrenees-et-l-aquitaine","status":"publish","type":"post","link":"https:\/\/www.la-maison-naturelle.com\/blog\/liege-en-vrac-commande-en-ligne-pour-le-midi-pyrenees-et-l-aquitaine\/","title":{"rendered":"Le li\u00e8ge en vrac : un mat\u00e9riau id\u00e9al pour les chapes b\u00e9ton all\u00e9g\u00e9es dans le Midi-Pyr\u00e9n\u00e9es et l&rsquo;Aquitaine."},"content":{"rendered":"<table style=\" width=\"100%\",max-width=\"839\">\n<tbody>\n<tr>\n<td colspan=\"3\"><a href=\"https:\/\/www.la-maison-naturelle.com\/\"><img decoding=\"async\" class=\"wp-image-5568 aligncenter\" src=\"https:\/\/www.la-maison-naturelle.com\/blog\/wp-content\/uploads\/2012\/05\/Dark-Green-and-Gray-Professional-and-Clean-E-Commerce-Email-Header-300x35.png\" alt=\"\" width=\"839\" srcset=\"https:\/\/www.la-maison-naturelle.com\/blog\/wp-content\/uploads\/2012\/05\/Dark-Green-and-Gray-Professional-and-Clean-E-Commerce-Email-Header-300x35.png 300w, https:\/\/www.la-maison-naturelle.com\/blog\/wp-content\/uploads\/2012\/05\/Dark-Green-and-Gray-Professional-and-Clean-E-Commerce-Email-Header-1024x119.png 1024w, https:\/\/www.la-maison-naturelle.com\/blog\/wp-content\/uploads\/2012\/05\/Dark-Green-and-Gray-Professional-and-Clean-E-Commerce-Email-Header-768x89.png 768w, https:\/\/www.la-maison-naturelle.com\/blog\/wp-content\/uploads\/2012\/05\/Dark-Green-and-Gray-Professional-and-Clean-E-Commerce-Email-Header-1536x178.png 1536w, https:\/\/www.la-maison-naturelle.com\/blog\/wp-content\/uploads\/2012\/05\/Dark-Green-and-Gray-Professional-and-Clean-E-Commerce-Email-Header.png 1578w\" sizes=\"(max-width: 300px) 100vw, 300px\" \/><\/a><\/td>\n<\/tr>\n<tr>\n<td><a href=\"https:\/\/www.la-maison-naturelle.com\/5260-materiaux-et-bricolage\"><img loading=\"lazy\" decoding=\"async\" class=\"alignright size-medium wp-image-5565\" src=\"https:\/\/www.la-maison-naturelle.com\/blog\/wp-content\/uploads\/2012\/05\/73a5f09c-2ef6-46dd-90d1-9cf73599e16b-1-249x300.png\" alt=\"Mat\u00e9riaux et bricolage\" width=\"249\" height=\"300\" srcset=\"https:\/\/www.la-maison-naturelle.com\/blog\/wp-content\/uploads\/2012\/05\/73a5f09c-2ef6-46dd-90d1-9cf73599e16b-1-249x300.png 249w, https:\/\/www.la-maison-naturelle.com\/blog\/wp-content\/uploads\/2012\/05\/73a5f09c-2ef6-46dd-90d1-9cf73599e16b-1.png 397w\" sizes=\"auto, (max-width: 249px) 100vw, 249px\" \/><\/a><\/td>\n<td><a href=\"https:\/\/www.la-maison-naturelle.com\/5266-amenagement-du-jardin\"><img loading=\"lazy\" decoding=\"async\" class=\"alignright size-medium wp-image-5564\" src=\"https:\/\/www.la-maison-naturelle.com\/blog\/wp-content\/uploads\/2012\/05\/9224811f-6da5-4d4d-8634-e9a2517a9565-1-249x300.png\" alt=\"Jardin et ext\u00e9rieur\" width=\"249\" height=\"300\" srcset=\"https:\/\/www.la-maison-naturelle.com\/blog\/wp-content\/uploads\/2012\/05\/9224811f-6da5-4d4d-8634-e9a2517a9565-1-249x300.png 249w, https:\/\/www.la-maison-naturelle.com\/blog\/wp-content\/uploads\/2012\/05\/9224811f-6da5-4d4d-8634-e9a2517a9565-1.png 397w\" sizes=\"auto, (max-width: 249px) 100vw, 249px\" \/><\/a><\/td>\n<td><a href=\"https:\/\/www.la-maison-naturelle.com\/5267-interieur-et-decoration\"><img loading=\"lazy\" decoding=\"async\" class=\"alignright size-medium wp-image-5563\" src=\"https:\/\/www.la-maison-naturelle.com\/blog\/wp-content\/uploads\/2012\/05\/b9400ea8-440a-4a4a-8db6-682fde3f9652-1-249x300.png\" alt=\"Int\u00e9rieur et d\u00e9coration\" width=\"249\" height=\"300\" srcset=\"https:\/\/www.la-maison-naturelle.com\/blog\/wp-content\/uploads\/2012\/05\/b9400ea8-440a-4a4a-8db6-682fde3f9652-1-249x300.png 249w, https:\/\/www.la-maison-naturelle.com\/blog\/wp-content\/uploads\/2012\/05\/b9400ea8-440a-4a4a-8db6-682fde3f9652-1.png 397w\" sizes=\"auto, (max-width: 249px) 100vw, 249px\" \/><\/a><\/td>\n<\/tr>\n<\/tbody>\n<\/table>\n<p>Le li\u00e8ge en vrac est un mat\u00e9riau utilis\u00e9 pour r\u00e9aliser des chapes b\u00e9ton all\u00e9g\u00e9es. Il est compos\u00e9 de granul\u00e9s de li\u00e8ge de diff\u00e9rentes tailles, qui sont m\u00e9lang\u00e9s \u00e0 un liant pour former une masse compacte. Ce mat\u00e9riau pr\u00e9sente de nombreux avantages : il est l\u00e9ger, isolant, r\u00e9sistant et durable. Il est donc id\u00e9al pour r\u00e9aliser des chapes b\u00e9ton al\u00e9g\u00e9es dans les r\u00e9gions du Midi-Pyr\u00e9n\u00e9es et de l&rsquo;Aquitaine, o\u00f9 les temp\u00e9ratures sont \u00e9lev\u00e9es et les besoins en isolation thermique importants.<\/p>\n<p>Le li\u00e8ge en vrac pr\u00e9sente de nombreux avantages pour la r\u00e9alisation de chapes b\u00e9ton al\u00e9g\u00e9es. Tout d&rsquo;abord, il est extr\u00eamement l\u00e9ger, ce qui facilite la mise en \u0153uvre du mat\u00e9riau et permet de r\u00e9duire le poids total de la construction. Cela permet \u00e9galement de limiter la charge sur la structure du b\u00e2timent, ce qui peut \u00eatre un avantage consid\u00e9rable dans les r\u00e9gions \u00e0 risque sismique.<\/p>\n<p>En plus d&rsquo;\u00eatre l\u00e9ger, le li\u00e8ge en vrac est un excellent isolant thermique et acoustique. Il permet donc de r\u00e9duire les besoins en chauffage et en climatisation dans les b\u00e2timents, ce qui peut entra\u00eener des \u00e9conomies d&rsquo;\u00e9nergie significatives. De plus, il offre une excellente isolation acoustique, ce qui est particuli\u00e8rement int\u00e9ressant dans les r\u00e9gions o\u00f9 le bruit est un probl\u00e8me, comme dans les zones urbaines dense ou le long des axes routiers.<\/p>\n<p>Enfin, le li\u00e8ge en vrac est un mat\u00e9riau durable et r\u00e9sistant. Il est naturellement r\u00e9sistant \u00e0 l&rsquo;humidit\u00e9, aux moisissures et aux insectes, ce qui en fait un mat\u00e9riau id\u00e9al pour les r\u00e9gions o\u00f9 le climat est humide. De plus, il est non toxique et ne d\u00e9gage pas de substances nocives dans l&rsquo;air int\u00e9rieur, ce qui en fait un choix s\u00fbr pour la sant\u00e9 des occupants du b\u00e2timent.<\/p>\n<p>Le li\u00e8ge en vrac peut \u00eatre utilis\u00e9 dans de nombreuses applications dans les r\u00e9gions du Midi-Pyr\u00e9n\u00e9es et de l&rsquo;Aquitaine. Tout d&rsquo;abord, il peut \u00eatre utilis\u00e9 comme isolant pour les chapes b\u00e9ton all\u00e9g\u00e9es. Gr\u00e2ce \u00e0 ses propri\u00e9t\u00e9s isolantes, il permet de r\u00e9duire les pertes de chaleur et de maintenir une temp\u00e9rature agr\u00e9able \u00e0 l&rsquo;int\u00e9rieur des b\u00e2timents, \u00e9t\u00e9 comme hiver.<\/p>\n<p>De plus, le li\u00e8ge en vrac peut \u00eatre utilis\u00e9 comme isolant pour les toitures terrasses. Il peut \u00eatre m\u00e9lang\u00e9 au b\u00e9ton pour former une couche isolante l\u00e9g\u00e8re, qui permet de r\u00e9duire les d\u00e9perditions de chaleur par le toit. Cette application est particuli\u00e8rement int\u00e9ressante dans les r\u00e9gions chaudes du Midi-Pyr\u00e9n\u00e9es et de l&rsquo;Aquitaine, o\u00f9 les besoins en climatisation sont importants.<\/p>\n<p>Enfin, le li\u00e8ge en vrac peut \u00eatre utilis\u00e9 comme isolant pour les planchers interm\u00e9diaires des b\u00e2timents. Il permet de r\u00e9duire les transferts de bruit entre les \u00e9tages, ce qui permet d&rsquo;am\u00e9liorer le confort acoustique des occupants. Cette application est particuli\u00e8rement int\u00e9ressante dans les immeubles r\u00e9sidentiels, o\u00f9 le bruit des voisins peut \u00eatre g\u00eanant.<\/p>\n<p>En conclusion, le li\u00e8ge en vrac est un mat\u00e9riau id\u00e9al pour r\u00e9aliser des chapes b\u00e9ton all\u00e9g\u00e9es dans les r\u00e9gions du Midi-Pyr\u00e9n\u00e9es et de l&rsquo;Aquitaine. Il pr\u00e9sente de nombreux avantages, tels que sa l\u00e9g\u00e8ret\u00e9, son isolation thermique et acoustique, ainsi que sa durabilit\u00e9 et sa r\u00e9sistance. De plus, il peut \u00eatre utilis\u00e9 dans de nombreuses applications, comme l&rsquo;isolation des chapes, des toitures terrasses et des planchers interm\u00e9diaires. C&rsquo;est donc un mat\u00e9riau \u00e0 consid\u00e9rer pour tous les projets de construction dans ces r\u00e9gions.<\/p>\n<p style=\"text-align: center;\"><span style=\"text-align: center;\"><a href=\"https:\/\/www.la-maison-naturelle.com\/\"><button>Achetez nos produits sur :<br \/>\n<img loading=\"lazy\" decoding=\"async\" class=\"aligncenter wp-image-376 size-thumbnail\" role=\"img\" src=\"https:\/\/www.la-maison-naturelle.com\/blog\/wp-content\/uploads\/2021\/07\/maison-naturelle-logo.svg\" alt=\"\" width=\"150\" height=\"150\" srcset=\"https:\/\/www.la-maison-naturelle.com\/blog\/wp-content\/uploads\/\/2021\/07\/maison-naturelle-logo.svg 150w, https:\/\/www.la-maison-naturelle.com\/blog\/wp-content\/uploads\/\/2021\/07\/maison-naturelle-logo.svg 300w, https:\/\/www.la-maison-naturelle.com\/blog\/wp-content\/uploads\/\/2021\/07\/maison-naturelle-logo.svg 1024w, https:\/\/www.la-maison-naturelle.com\/blog\/wp-content\/uploads\/\/2021\/07\/maison-naturelle-logo.svg 1536w, https:\/\/www.la-maison-naturelle.com\/blog\/wp-content\/uploads\/\/2021\/07\/maison-naturelle-logo.svg 2048w\" sizes=\"auto, (max-width: 150px) 100vw, 150px\" \/><\/button><\/a><\/span><\/p>\n<h2>Qu&rsquo;est-ce que le li\u00e8ge en vrac ?<\/h2>\n<p>Le li\u00e8ge en vrac est un mat\u00e9riau utilis\u00e9 pour r\u00e9aliser des chapes b\u00e9ton all\u00e9g\u00e9es. Il est compos\u00e9 de granul\u00e9s de li\u00e8ge de diff\u00e9rentes tailles, qui sont m\u00e9lang\u00e9s \u00e0 un liant pour former une masse compacte. Ce mat\u00e9riau pr\u00e9sente de nombreux avantages : il est l\u00e9ger, isolant, r\u00e9sistant et durable. Il est donc id\u00e9al pour r\u00e9aliser des chapes b\u00e9ton al\u00e9g\u00e9es dans les r\u00e9gions du Midi-Pyr\u00e9n\u00e9es et de l&rsquo;Aquitaine, o\u00f9 les temp\u00e9ratures sont \u00e9lev\u00e9es et les besoins en isolation thermique importants.<\/p>\n<h2>Les avantages du li\u00e8ge en vrac pour les chapes b\u00e9ton al\u00e9g\u00e9es<\/h2>\n<p>Le li\u00e8ge en vrac pr\u00e9sente de nombreux avantages pour la r\u00e9alisation de chapes b\u00e9ton al\u00e9g\u00e9es. Tout d&rsquo;abord, il est extr\u00eamement l\u00e9ger, ce qui facilite la mise en \u0153uvre du mat\u00e9riau et permet de r\u00e9duire le poids total de la construction. Cela permet \u00e9galement de limiter la charge sur la structure du b\u00e2timent, ce qui peut \u00eatre un avantage consid\u00e9rable dans les r\u00e9gions \u00e0 risque sismique.<\/p>\n<p>En plus d&rsquo;\u00eatre l\u00e9ger, le li\u00e8ge en vrac est un excellent isolant thermique et acoustique. Il permet donc de r\u00e9duire les besoins en chauffage et en climatisation dans les b\u00e2timents, ce qui peut entra\u00eener des \u00e9conomies d&rsquo;\u00e9nergie significatives. De plus, il offre une excellente isolation acoustique, ce qui est particuli\u00e8rement int\u00e9ressant dans les r\u00e9gions o\u00f9 le bruit est un probl\u00e8me, comme dans les zones urbaines dense ou le long des axes routiers.<\/p>\n<p>Enfin, le li\u00e8ge en vrac est un mat\u00e9riau durable et r\u00e9sistant. Il est naturellement r\u00e9sistant \u00e0 l&rsquo;humidit\u00e9, aux moisissures et aux insectes, ce qui en fait un mat\u00e9riau id\u00e9al pour les r\u00e9gions o\u00f9 le climat est humide. De plus, il est non toxique et ne d\u00e9gage pas de substances nocives dans l&rsquo;air int\u00e9rieur, ce qui en fait un choix s\u00fbr pour la sant\u00e9 des occupants du b\u00e2timent.<\/p>\n<h2>Les applications du li\u00e8ge en vrac dans le Midi-Pyr\u00e9n\u00e9es et l&rsquo;Aquitaine<\/h2>\n<p>Le li\u00e8ge en vrac peut \u00eatre utilis\u00e9 dans de nombreuses applications dans les r\u00e9gions du Midi-Pyr\u00e9n\u00e9es et de l&rsquo;Aquitaine. Tout d&rsquo;abord, il peut \u00eatre utilis\u00e9 comme isolant pour les chapes b\u00e9ton all\u00e9g\u00e9es. Gr\u00e2ce \u00e0 ses propri\u00e9t\u00e9s isolantes, il permet de r\u00e9duire les pertes de chaleur et de maintenir une temp\u00e9rature agr\u00e9able \u00e0 l&rsquo;int\u00e9rieur des b\u00e2timents, \u00e9t\u00e9 comme hiver.<\/p>\n<p>De plus, le li\u00e8ge en vrac peut \u00eatre utilis\u00e9 comme isolant pour les toitures terrasses. Il peut \u00eatre m\u00e9lang\u00e9 au b\u00e9ton pour former une couche isolante l\u00e9g\u00e8re, qui permet de r\u00e9duire les d\u00e9perditions de chaleur par le toit. Cette application est particuli\u00e8rement int\u00e9ressante dans les r\u00e9gions chaudes du Midi-Pyr\u00e9n\u00e9es et de l&rsquo;Aquitaine, o\u00f9 les besoins en climatisation sont importants.<\/p>\n<p>Enfin, le li\u00e8ge en vrac peut \u00eatre utilis\u00e9 comme isolant pour les planchers interm\u00e9diaires des b\u00e2timents. Il permet de r\u00e9duire les transferts de bruit entre les \u00e9tages, ce qui permet d&rsquo;am\u00e9liorer le confort acoustique des occupants. Cette application est particuli\u00e8rement int\u00e9ressante dans les immeubles r\u00e9sidentiels, o\u00f9 le bruit des voisins peut \u00eatre g\u00eanant.<\/p>\n<p>En conclusion, le li\u00e8ge en vrac est un mat\u00e9riau id\u00e9al pour r\u00e9aliser des chapes b\u00e9ton all\u00e9g\u00e9es dans les r\u00e9gions du Midi-Pyr\u00e9n\u00e9es et de l&rsquo;Aquitaine. Il pr\u00e9sente de nombreux avantages, tels que sa l\u00e9g\u00e8ret\u00e9, son isolation thermique et acoustique, ainsi que sa durabilit\u00e9 et sa r\u00e9sistance. De plus, il peut \u00eatre utilis\u00e9 dans de nombreuses applications, comme l&rsquo;isolation des chapes, des toitures terrasses et des planchers interm\u00e9diaires. C&rsquo;est donc un mat\u00e9riau \u00e0 consid\u00e9rer pour tous les projets de construction dans ces r\u00e9gions.<\/p>\n","protected":false},"excerpt":{"rendered":"","protected":false},"author":6,"featured_media":0,"comment_status":"open","ping_status":"open","sticky":false,"template":"","format":"standard","meta":{"footnotes":""},"categories":[14],"tags":[],"class_list":["post-2053","post","type-post","status-publish","format-standard","hentry","category-une-petite-pause"],"_wp_attached_file":null,"_wp_attachment_metadata":null,"_wp_attachment_context":null,"_wp_attachment_image_alt":null,"_hf_settings":null,"hf_message_success":null,"hf_message_invalid_email":null,"hf_message_required_field_missing":null,"hf_message_error":null,"_menu_item_type":null,"_menu_item_menu_item_parent":null,"_menu_item_object_id":null,"_menu_item_object":null,"_menu_item_target":null,"_menu_item_classes":null,"_menu_item_xfn":null,"_menu_item_url":null,"_yoast_wpseo_primary_category":"5","_thumbnail_id":null,"_oembed_26d84b2c06432105b0a19987ae029a71":null,"_oembed_43e9e2dfde1b9b4ed91c9711026b7ef9":null,"_oembed_1fe1564764edbddc3b61e81acf52be88":null,"_oembed_df60f474cd845141e7ce6596d101e4a0":null,"_oembed_825e674795e2435c0bc66eb08e5d2c8b":null,"_oembed_time_825e674795e2435c0bc66eb08e5d2c8b":null,"_oembed_e917352ff4cc21ea91383201eeaa08cf":null,"_oembed_2363c16c972791c33e283320dc564fce":null,"_oembed_cc9ad5b5073a84776f6a62e33e6c7498":null,"_oembed_time_cc9ad5b5073a84776f6a62e33e6c7498":null,"_oembed_305147fcf4b856de518466e695c209cd":null,"_oembed_8517a877084ae01a5296813ee1d16a2b":null,"_oembed_2741f1556b243e68379198f98ba7f864":null,"_oembed_c3ffa24981451396c950ece2129da0f6":null,"_oembed_6f9091ebe2f3f5fcb5698ba6f4b41477":null,"_wp_old_slug":null,"_oembed_e4fb0f68ba12b85e9e231afe151ba12a":null,"_oembed_3c60e98bd703e617e67f5bbb3b97424d":null,"_oembed_bb060374498dcf40cb6068efe4be87e1":null,"_oembed_d0403e1e71c3a29020bd546b159480f1":null,"_oembed_b030ff17fbbbf8661c59c2ab8ff289eb":null,"_oembed_5cec699ba0631c6c0e4ba4f6af5f228e":null,"_oembed_b06a67f278b90cf4e8dd17cb12fe67b0":null,"_oembed_8e190e4fea2256f17420434651556236":null,"_oembed_b5ded119f1337916a0fc64d2ad85c95f":null,"_oembed_d9364a7a81be31c01415da2c50a48932":null,"_oembed_738cafa36d51a58e5ae3e458aa8f7584":null,"_oembed_ebcab5184b6b321b28efbcbec079859b":null,"_oembed_3dd9e35c2b7b268070e74da5b89cf937":null,"_oembed_e14b167b493e311a1c4e2aab38a463e8":null,"_oembed_dc8f7d108b38f3f0c2e0785b8bc46cae":null,"_oembed_55cf1c5142884afed312c2666bf27520":null,"_oembed_2292333bf03a956b4b61afafeff6bca0":null,"_oembed_82a986a6b900856fec23169de03a0038":null,"_oembed_4048ded025352b83569104210074165a":null,"_oembed_033b42b1af757abc39e4487233cee7f5":null,"_oembed_aec1d50f2b159366be8e37e94b201be1":null,"_oembed_0adc8480b2fcadf9a1733f572ce3d3f8":null,"_yoast_wpseo_title":null,"_yoast_wpseo_focuskw":null,"_yoast_wpseo_linkdex":null,"_yoast_wpseo_metadesc":null,"_yoast_wpseo_wordproof_timestamp":"","_tpl_archive_meta_key":null,"_form":null,"_mail":null,"_mail_2":null,"_messages":null,"_additional_settings":null,"_locale":null,"_wp_old_date":null,"_edit_last":"5","_wpb_vc_js_status":"false","_yoast_wpseo_estimated-reading-time-minutes":"2","_edit_lock":"1691171894:5","_yoast_wpseo_content_score":"90","yoast_head":"<!-- This site is optimized with the Yoast SEO plugin v24.3 - https:\/\/yoast.com\/wordpress\/plugins\/seo\/ -->\n<title>Le li\u00e8ge en vrac : un mat\u00e9riau id\u00e9al pour les chapes b\u00e9ton all\u00e9g\u00e9es dans le Midi-Pyr\u00e9n\u00e9es et l&#039;Aquitaine. - La Maison naturelle | Blog<\/title>\n<meta name=\"robots\" content=\"index, follow, max-snippet:-1, max-image-preview:large, max-video-preview:-1\" \/>\n<link rel=\"canonical\" href=\"https:\/\/www.la-maison-naturelle.com\/blog\/liege-en-vrac-commande-en-ligne-pour-le-midi-pyrenees-et-l-aquitaine\/\" \/>\n<meta property=\"og:locale\" content=\"fr_FR\" \/>\n<meta property=\"og:type\" content=\"article\" \/>\n<meta property=\"og:title\" content=\"Le li\u00e8ge en vrac : un mat\u00e9riau id\u00e9al pour les chapes b\u00e9ton all\u00e9g\u00e9es dans le Midi-Pyr\u00e9n\u00e9es et l&#039;Aquitaine. - La Maison naturelle | Blog\" \/>\n<meta property=\"og:url\" content=\"https:\/\/www.la-maison-naturelle.com\/blog\/liege-en-vrac-commande-en-ligne-pour-le-midi-pyrenees-et-l-aquitaine\/\" \/>\n<meta property=\"og:site_name\" content=\"La Maison naturelle | Blog\" \/>\n<meta property=\"article:published_time\" content=\"2013-05-24T11:24:22+00:00\" \/>\n<meta property=\"article:modified_time\" content=\"2023-08-04T20:46:51+00:00\" \/>\n<meta property=\"og:image\" content=\"https:\/\/www.la-maison-naturelle.com\/blog\/wp-content\/uploads\/2012\/05\/Dark-Green-and-Gray-Professional-and-Clean-E-Commerce-Email-Header-300x35.png\" \/>\n<meta name=\"author\" content=\"Thierry Lailavoix\" \/>\n<meta name=\"twitter:card\" content=\"summary_large_image\" \/>\n<meta name=\"twitter:label1\" content=\"\u00c9crit par\" \/>\n\t<meta name=\"twitter:data1\" content=\"Thierry Lailavoix\" \/>\n\t<meta name=\"twitter:label2\" content=\"Dur\u00e9e de lecture estim\u00e9e\" \/>\n\t<meta name=\"twitter:data2\" content=\"2 minutes\" \/>\n<script type=\"application\/ld+json\" class=\"yoast-schema-graph\">{\"@context\":\"https:\/\/schema.org\",\"@graph\":[{\"@type\":\"Article\",\"@id\":\"https:\/\/www.la-maison-naturelle.com\/blog\/liege-en-vrac-commande-en-ligne-pour-le-midi-pyrenees-et-l-aquitaine\/#article\",\"isPartOf\":{\"@id\":\"https:\/\/www.la-maison-naturelle.com\/blog\/liege-en-vrac-commande-en-ligne-pour-le-midi-pyrenees-et-l-aquitaine\/\"},\"author\":{\"name\":\"Thierry Lailavoix\",\"@id\":\"https:\/\/www.la-maison-naturelle.com\/blog\/#\/schema\/person\/17f32dccfc90d210e981fac7c831f73c\"},\"headline\":\"Le li\u00e8ge en vrac : un mat\u00e9riau id\u00e9al pour les chapes b\u00e9ton all\u00e9g\u00e9es dans le Midi-Pyr\u00e9n\u00e9es et l&rsquo;Aquitaine.\",\"datePublished\":\"2013-05-24T11:24:22+00:00\",\"dateModified\":\"2023-08-04T20:46:51+00:00\",\"mainEntityOfPage\":{\"@id\":\"https:\/\/www.la-maison-naturelle.com\/blog\/liege-en-vrac-commande-en-ligne-pour-le-midi-pyrenees-et-l-aquitaine\/\"},\"wordCount\":25,\"commentCount\":0,\"publisher\":{\"@id\":\"https:\/\/www.la-maison-naturelle.com\/blog\/#organization\"},\"image\":{\"@id\":\"https:\/\/www.la-maison-naturelle.com\/blog\/liege-en-vrac-commande-en-ligne-pour-le-midi-pyrenees-et-l-aquitaine\/#primaryimage\"},\"thumbnailUrl\":\"https:\/\/www.la-maison-naturelle.com\/blog\/wp-content\/uploads\/2012\/05\/Dark-Green-and-Gray-Professional-and-Clean-E-Commerce-Email-Header-300x35.png\",\"articleSection\":[\"Une petite Pause\"],\"inLanguage\":\"fr-FR\",\"potentialAction\":[{\"@type\":\"CommentAction\",\"name\":\"Comment\",\"target\":[\"https:\/\/www.la-maison-naturelle.com\/blog\/liege-en-vrac-commande-en-ligne-pour-le-midi-pyrenees-et-l-aquitaine\/#respond\"]}]},{\"@type\":\"WebPage\",\"@id\":\"https:\/\/www.la-maison-naturelle.com\/blog\/liege-en-vrac-commande-en-ligne-pour-le-midi-pyrenees-et-l-aquitaine\/\",\"url\":\"https:\/\/www.la-maison-naturelle.com\/blog\/liege-en-vrac-commande-en-ligne-pour-le-midi-pyrenees-et-l-aquitaine\/\",\"name\":\"Le li\u00e8ge en vrac : un mat\u00e9riau id\u00e9al pour les chapes b\u00e9ton all\u00e9g\u00e9es dans le Midi-Pyr\u00e9n\u00e9es et l'Aquitaine. - La Maison naturelle | Blog\",\"isPartOf\":{\"@id\":\"https:\/\/www.la-maison-naturelle.com\/blog\/#website\"},\"primaryImageOfPage\":{\"@id\":\"https:\/\/www.la-maison-naturelle.com\/blog\/liege-en-vrac-commande-en-ligne-pour-le-midi-pyrenees-et-l-aquitaine\/#primaryimage\"},\"image\":{\"@id\":\"https:\/\/www.la-maison-naturelle.com\/blog\/liege-en-vrac-commande-en-ligne-pour-le-midi-pyrenees-et-l-aquitaine\/#primaryimage\"},\"thumbnailUrl\":\"https:\/\/www.la-maison-naturelle.com\/blog\/wp-content\/uploads\/2012\/05\/Dark-Green-and-Gray-Professional-and-Clean-E-Commerce-Email-Header-300x35.png\",\"datePublished\":\"2013-05-24T11:24:22+00:00\",\"dateModified\":\"2023-08-04T20:46:51+00:00\",\"breadcrumb\":{\"@id\":\"https:\/\/www.la-maison-naturelle.com\/blog\/liege-en-vrac-commande-en-ligne-pour-le-midi-pyrenees-et-l-aquitaine\/#breadcrumb\"},\"inLanguage\":\"fr-FR\",\"potentialAction\":[{\"@type\":\"ReadAction\",\"target\":[\"https:\/\/www.la-maison-naturelle.com\/blog\/liege-en-vrac-commande-en-ligne-pour-le-midi-pyrenees-et-l-aquitaine\/\"]}]},{\"@type\":\"ImageObject\",\"inLanguage\":\"fr-FR\",\"@id\":\"https:\/\/www.la-maison-naturelle.com\/blog\/liege-en-vrac-commande-en-ligne-pour-le-midi-pyrenees-et-l-aquitaine\/#primaryimage\",\"url\":\"https:\/\/www.la-maison-naturelle.com\/blog\/wp-content\/uploads\/2012\/05\/Dark-Green-and-Gray-Professional-and-Clean-E-Commerce-Email-Header.png\",\"contentUrl\":\"https:\/\/www.la-maison-naturelle.com\/blog\/wp-content\/uploads\/2012\/05\/Dark-Green-and-Gray-Professional-and-Clean-E-Commerce-Email-Header.png\",\"width\":1578,\"height\":183},{\"@type\":\"BreadcrumbList\",\"@id\":\"https:\/\/www.la-maison-naturelle.com\/blog\/liege-en-vrac-commande-en-ligne-pour-le-midi-pyrenees-et-l-aquitaine\/#breadcrumb\",\"itemListElement\":[{\"@type\":\"ListItem\",\"position\":1,\"name\":\"Accueil\",\"item\":\"https:\/\/www.la-maison-naturelle.com\/blog\/\"},{\"@type\":\"ListItem\",\"position\":2,\"name\":\"Le li\u00e8ge en vrac : un mat\u00e9riau id\u00e9al pour les chapes b\u00e9ton all\u00e9g\u00e9es dans le Midi-Pyr\u00e9n\u00e9es et l&rsquo;Aquitaine.\"}]},{\"@type\":\"WebSite\",\"@id\":\"https:\/\/www.la-maison-naturelle.com\/blog\/#website\",\"url\":\"https:\/\/www.la-maison-naturelle.com\/blog\/\",\"name\":\"La Maison naturelle | Blog\",\"description\":\"Blog de la Maison naturelle\",\"publisher\":{\"@id\":\"https:\/\/www.la-maison-naturelle.com\/blog\/#organization\"},\"potentialAction\":[{\"@type\":\"SearchAction\",\"target\":{\"@type\":\"EntryPoint\",\"urlTemplate\":\"https:\/\/www.la-maison-naturelle.com\/blog\/?s={search_term_string}\"},\"query-input\":{\"@type\":\"PropertyValueSpecification\",\"valueRequired\":true,\"valueName\":\"search_term_string\"}}],\"inLanguage\":\"fr-FR\"},{\"@type\":\"Organization\",\"@id\":\"https:\/\/www.la-maison-naturelle.com\/blog\/#organization\",\"name\":\"La Maison naturelle | Blog\",\"url\":\"https:\/\/www.la-maison-naturelle.com\/blog\/\",\"logo\":{\"@type\":\"ImageObject\",\"inLanguage\":\"fr-FR\",\"@id\":\"https:\/\/www.la-maison-naturelle.com\/blog\/#\/schema\/logo\/image\/\",\"url\":\"https:\/\/www.la-maison-naturelle.com\/blog\/wp-content\/uploads\/2021\/07\/maison-naturelle-logo.svg\",\"contentUrl\":\"https:\/\/www.la-maison-naturelle.com\/blog\/wp-content\/uploads\/2021\/07\/maison-naturelle-logo.svg\",\"width\":156,\"height\":64,\"caption\":\"La Maison naturelle | Blog\"},\"image\":{\"@id\":\"https:\/\/www.la-maison-naturelle.com\/blog\/#\/schema\/logo\/image\/\"}},{\"@type\":\"Person\",\"@id\":\"https:\/\/www.la-maison-naturelle.com\/blog\/#\/schema\/person\/17f32dccfc90d210e981fac7c831f73c\",\"name\":\"Thierry Lailavoix\",\"image\":{\"@type\":\"ImageObject\",\"inLanguage\":\"fr-FR\",\"@id\":\"https:\/\/www.la-maison-naturelle.com\/blog\/#\/schema\/person\/image\/\",\"url\":\"https:\/\/secure.gravatar.com\/avatar\/13e5241036ff85f04898947108b791b16bbd9e4f629e40d355f8ec0a8e57a22c?s=96&d=mm&r=g\",\"contentUrl\":\"https:\/\/secure.gravatar.com\/avatar\/13e5241036ff85f04898947108b791b16bbd9e4f629e40d355f8ec0a8e57a22c?s=96&d=mm&r=g\",\"caption\":\"Thierry Lailavoix\"},\"sameAs\":[\"https:\/\/www.la-maison-naturelle.com\/\"],\"url\":\"https:\/\/www.la-maison-naturelle.com\/blog\/author\/thierry\/\"}]}<\/script>\n<!-- \/ Yoast SEO plugin. -->","yoast_head_json":{"title":"Le li\u00e8ge en vrac : un mat\u00e9riau id\u00e9al pour les chapes b\u00e9ton all\u00e9g\u00e9es dans le Midi-Pyr\u00e9n\u00e9es et l'Aquitaine. - La Maison naturelle | Blog","robots":{"index":"index","follow":"follow","max-snippet":"max-snippet:-1","max-image-preview":"max-image-preview:large","max-video-preview":"max-video-preview:-1"},"canonical":"https:\/\/www.la-maison-naturelle.com\/blog\/liege-en-vrac-commande-en-ligne-pour-le-midi-pyrenees-et-l-aquitaine\/","og_locale":"fr_FR","og_type":"article","og_title":"Le li\u00e8ge en vrac : un mat\u00e9riau id\u00e9al pour les chapes b\u00e9ton all\u00e9g\u00e9es dans le Midi-Pyr\u00e9n\u00e9es et l'Aquitaine. - La Maison naturelle | Blog","og_url":"https:\/\/www.la-maison-naturelle.com\/blog\/liege-en-vrac-commande-en-ligne-pour-le-midi-pyrenees-et-l-aquitaine\/","og_site_name":"La Maison naturelle | Blog","article_published_time":"2013-05-24T11:24:22+00:00","article_modified_time":"2023-08-04T20:46:51+00:00","og_image":[{"url":"https:\/\/www.la-maison-naturelle.com\/blog\/wp-content\/uploads\/2012\/05\/Dark-Green-and-Gray-Professional-and-Clean-E-Commerce-Email-Header-300x35.png","type":"","width":"","height":""}],"author":"Thierry Lailavoix","twitter_card":"summary_large_image","twitter_misc":{"\u00c9crit par":"Thierry Lailavoix","Dur\u00e9e de lecture estim\u00e9e":"2 minutes"},"schema":{"@context":"https:\/\/schema.org","@graph":[{"@type":"Article","@id":"https:\/\/www.la-maison-naturelle.com\/blog\/liege-en-vrac-commande-en-ligne-pour-le-midi-pyrenees-et-l-aquitaine\/#article","isPartOf":{"@id":"https:\/\/www.la-maison-naturelle.com\/blog\/liege-en-vrac-commande-en-ligne-pour-le-midi-pyrenees-et-l-aquitaine\/"},"author":{"name":"Thierry Lailavoix","@id":"https:\/\/www.la-maison-naturelle.com\/blog\/#\/schema\/person\/17f32dccfc90d210e981fac7c831f73c"},"headline":"Le li\u00e8ge en vrac : un mat\u00e9riau id\u00e9al pour les chapes b\u00e9ton all\u00e9g\u00e9es dans le Midi-Pyr\u00e9n\u00e9es et l&rsquo;Aquitaine.","datePublished":"2013-05-24T11:24:22+00:00","dateModified":"2023-08-04T20:46:51+00:00","mainEntityOfPage":{"@id":"https:\/\/www.la-maison-naturelle.com\/blog\/liege-en-vrac-commande-en-ligne-pour-le-midi-pyrenees-et-l-aquitaine\/"},"wordCount":25,"commentCount":0,"publisher":{"@id":"https:\/\/www.la-maison-naturelle.com\/blog\/#organization"},"image":{"@id":"https:\/\/www.la-maison-naturelle.com\/blog\/liege-en-vrac-commande-en-ligne-pour-le-midi-pyrenees-et-l-aquitaine\/#primaryimage"},"thumbnailUrl":"https:\/\/www.la-maison-naturelle.com\/blog\/wp-content\/uploads\/2012\/05\/Dark-Green-and-Gray-Professional-and-Clean-E-Commerce-Email-Header-300x35.png","articleSection":["Une petite Pause"],"inLanguage":"fr-FR","potentialAction":[{"@type":"CommentAction","name":"Comment","target":["https:\/\/www.la-maison-naturelle.com\/blog\/liege-en-vrac-commande-en-ligne-pour-le-midi-pyrenees-et-l-aquitaine\/#respond"]}]},{"@type":"WebPage","@id":"https:\/\/www.la-maison-naturelle.com\/blog\/liege-en-vrac-commande-en-ligne-pour-le-midi-pyrenees-et-l-aquitaine\/","url":"https:\/\/www.la-maison-naturelle.com\/blog\/liege-en-vrac-commande-en-ligne-pour-le-midi-pyrenees-et-l-aquitaine\/","name":"Le li\u00e8ge en vrac : un mat\u00e9riau id\u00e9al pour les chapes b\u00e9ton all\u00e9g\u00e9es dans le Midi-Pyr\u00e9n\u00e9es et l'Aquitaine. - La Maison naturelle | Blog","isPartOf":{"@id":"https:\/\/www.la-maison-naturelle.com\/blog\/#website"},"primaryImageOfPage":{"@id":"https:\/\/www.la-maison-naturelle.com\/blog\/liege-en-vrac-commande-en-ligne-pour-le-midi-pyrenees-et-l-aquitaine\/#primaryimage"},"image":{"@id":"https:\/\/www.la-maison-naturelle.com\/blog\/liege-en-vrac-commande-en-ligne-pour-le-midi-pyrenees-et-l-aquitaine\/#primaryimage"},"thumbnailUrl":"https:\/\/www.la-maison-naturelle.com\/blog\/wp-content\/uploads\/2012\/05\/Dark-Green-and-Gray-Professional-and-Clean-E-Commerce-Email-Header-300x35.png","datePublished":"2013-05-24T11:24:22+00:00","dateModified":"2023-08-04T20:46:51+00:00","breadcrumb":{"@id":"https:\/\/www.la-maison-naturelle.com\/blog\/liege-en-vrac-commande-en-ligne-pour-le-midi-pyrenees-et-l-aquitaine\/#breadcrumb"},"inLanguage":"fr-FR","potentialAction":[{"@type":"ReadAction","target":["https:\/\/www.la-maison-naturelle.com\/blog\/liege-en-vrac-commande-en-ligne-pour-le-midi-pyrenees-et-l-aquitaine\/"]}]},{"@type":"ImageObject","inLanguage":"fr-FR","@id":"https:\/\/www.la-maison-naturelle.com\/blog\/liege-en-vrac-commande-en-ligne-pour-le-midi-pyrenees-et-l-aquitaine\/#primaryimage","url":"https:\/\/www.la-maison-naturelle.com\/blog\/wp-content\/uploads\/2012\/05\/Dark-Green-and-Gray-Professional-and-Clean-E-Commerce-Email-Header.png","contentUrl":"https:\/\/www.la-maison-naturelle.com\/blog\/wp-content\/uploads\/2012\/05\/Dark-Green-and-Gray-Professional-and-Clean-E-Commerce-Email-Header.png","width":1578,"height":183},{"@type":"BreadcrumbList","@id":"https:\/\/www.la-maison-naturelle.com\/blog\/liege-en-vrac-commande-en-ligne-pour-le-midi-pyrenees-et-l-aquitaine\/#breadcrumb","itemListElement":[{"@type":"ListItem","position":1,"name":"Accueil","item":"https:\/\/www.la-maison-naturelle.com\/blog\/"},{"@type":"ListItem","position":2,"name":"Le li\u00e8ge en vrac : un mat\u00e9riau id\u00e9al pour les chapes b\u00e9ton all\u00e9g\u00e9es dans le Midi-Pyr\u00e9n\u00e9es et l&rsquo;Aquitaine."}]},{"@type":"WebSite","@id":"https:\/\/www.la-maison-naturelle.com\/blog\/#website","url":"https:\/\/www.la-maison-naturelle.com\/blog\/","name":"La Maison naturelle | Blog","description":"Blog de la Maison naturelle","publisher":{"@id":"https:\/\/www.la-maison-naturelle.com\/blog\/#organization"},"potentialAction":[{"@type":"SearchAction","target":{"@type":"EntryPoint","urlTemplate":"https:\/\/www.la-maison-naturelle.com\/blog\/?s={search_term_string}"},"query-input":{"@type":"PropertyValueSpecification","valueRequired":true,"valueName":"search_term_string"}}],"inLanguage":"fr-FR"},{"@type":"Organization","@id":"https:\/\/www.la-maison-naturelle.com\/blog\/#organization","name":"La Maison naturelle | Blog","url":"https:\/\/www.la-maison-naturelle.com\/blog\/","logo":{"@type":"ImageObject","inLanguage":"fr-FR","@id":"https:\/\/www.la-maison-naturelle.com\/blog\/#\/schema\/logo\/image\/","url":"https:\/\/www.la-maison-naturelle.com\/blog\/wp-content\/uploads\/2021\/07\/maison-naturelle-logo.svg","contentUrl":"https:\/\/www.la-maison-naturelle.com\/blog\/wp-content\/uploads\/2021\/07\/maison-naturelle-logo.svg","width":156,"height":64,"caption":"La Maison naturelle | Blog"},"image":{"@id":"https:\/\/www.la-maison-naturelle.com\/blog\/#\/schema\/logo\/image\/"}},{"@type":"Person","@id":"https:\/\/www.la-maison-naturelle.com\/blog\/#\/schema\/person\/17f32dccfc90d210e981fac7c831f73c","name":"Thierry Lailavoix","image":{"@type":"ImageObject","inLanguage":"fr-FR","@id":"https:\/\/www.la-maison-naturelle.com\/blog\/#\/schema\/person\/image\/","url":"https:\/\/secure.gravatar.com\/avatar\/13e5241036ff85f04898947108b791b16bbd9e4f629e40d355f8ec0a8e57a22c?s=96&d=mm&r=g","contentUrl":"https:\/\/secure.gravatar.com\/avatar\/13e5241036ff85f04898947108b791b16bbd9e4f629e40d355f8ec0a8e57a22c?s=96&d=mm&r=g","caption":"Thierry Lailavoix"},"sameAs":["https:\/\/www.la-maison-naturelle.com\/"],"url":"https:\/\/www.la-maison-naturelle.com\/blog\/author\/thierry\/"}]}},"_links":{"self":[{"href":"https:\/\/www.la-maison-naturelle.com\/blog\/wp-json\/wp\/v2\/posts\/2053","targetHints":{"allow":["GET"]}}],"collection":[{"href":"https:\/\/www.la-maison-naturelle.com\/blog\/wp-json\/wp\/v2\/posts"}],"about":[{"href":"https:\/\/www.la-maison-naturelle.com\/blog\/wp-json\/wp\/v2\/types\/post"}],"author":[{"embeddable":true,"href":"https:\/\/www.la-maison-naturelle.com\/blog\/wp-json\/wp\/v2\/users\/6"}],"replies":[{"embeddable":true,"href":"https:\/\/www.la-maison-naturelle.com\/blog\/wp-json\/wp\/v2\/comments?post=2053"}],"version-history":[{"count":4,"href":"https:\/\/www.la-maison-naturelle.com\/blog\/wp-json\/wp\/v2\/posts\/2053\/revisions"}],"predecessor-version":[{"id":6056,"href":"https:\/\/www.la-maison-naturelle.com\/blog\/wp-json\/wp\/v2\/posts\/2053\/revisions\/6056"}],"wp:attachment":[{"href":"https:\/\/www.la-maison-naturelle.com\/blog\/wp-json\/wp\/v2\/media?parent=2053"}],"wp:term":[{"taxonomy":"category","embeddable":true,"href":"https:\/\/www.la-maison-naturelle.com\/blog\/wp-json\/wp\/v2\/categories?post=2053"},{"taxonomy":"post_tag","embeddable":true,"href":"https:\/\/www.la-maison-naturelle.com\/blog\/wp-json\/wp\/v2\/tags?post=2053"}],"curies":[{"name":"wp","href":"https:\/\/api.w.org\/{rel}","templated":true}]}}